{"id":76405,"date":"2024-03-09T16:25:05","date_gmt":"2024-03-09T23:25:05","guid":{"rendered":"https:\/\/fuentesfidedignas.com.mx\/?p=76405"},"modified":"2024-03-09T16:25:06","modified_gmt":"2024-03-09T23:25:06","slug":"el-pas-fue-el-primer-partido-en-establecer-un-comite-directivo-en-juan-jose-rios-cuen-ojeda","status":"publish","type":"post","link":"https:\/\/fuentesfidedignas.com.mx\/index.php\/2024\/03\/09\/el-pas-fue-el-primer-partido-en-establecer-un-comite-directivo-en-juan-jose-rios-cuen-ojeda\/","title":{"rendered":"El PAS fue el primer partido en establecer un Comit\u00e9 Directivo en Juan Jos\u00e9 R\u00edos: Cu\u00e9n Ojeda"},"content":{"rendered":"\n<p>En Juan Jos\u00e9 R\u00edos, el Partido Sinaloense contin\u00faa con el programa de capacitaci\u00f3n y planificaci\u00f3n para fortalecer la estructura pasista y mejorar el desempe\u00f1o de los representantes de casilla el d\u00eda de la elecci\u00f3n.<\/p>\n\n\n\n<p>El Dr. V\u00edctor Antonio Corrales Burgue\u00f1o, presidente estatal del Partido Sinaloense, inform\u00f3 que se est\u00e1 dando continuidad a un programa de planificaci\u00f3n que inici\u00f3 con fuerza en Escuinapa y que hoy llega al nuevo municipio de Juan Jos\u00e9 R\u00edos.<\/p>\n\n\n\n<p>&#8220;Juan Jos\u00e9 R\u00edos tiene 14 subcomit\u00e9s y 12 rutas generales. Estas son las que vamos a pulir y capacitar para garantizar la protecci\u00f3n y el conteo del voto pasista en los 20 municipios del estado&#8221;.<\/p>\n\n\n\n<p>Por su parte, el maestro H\u00e9ctor Melesio Cu\u00e9n Ojeda, invitado especial, se\u00f1al\u00f3 que en una elecci\u00f3n, la casilla juega un papel muy importante, es donde se gana o se pierde. Por lo tanto, el 2 de junio se tiene la gran oportunidad de mejorar las cosas en Sinaloa.<\/p>\n\n\n\n<p>Al terminar su participaci\u00f3n, el l\u00edder pol\u00edtico indic\u00f3 que el PAS fue el primer partido en establecer un Comit\u00e9 Directivo en Juan Jos\u00e9 R\u00edos, mucho antes de que fuera municipio.<\/p>\n\n\n\n<p>Rogelio Navarro, presidente del CDM del PAS en Juan Jos\u00e9 R\u00edos, expres\u00f3: &#8220;Tenemos un gobierno muy golpeador y autoritario, pero con el maestro Cu\u00e9n como diputado federal en San L\u00e1zaro, le va ir bien a Sinaloa&#8221;.<\/p>\n","protected":false},"excerpt":{"rendered":"<p>En Juan Jos\u00e9 R\u00edos, el Partido Sinaloense contin\u00faa con el programa de capacitaci\u00f3n y planificaci\u00f3n para fortalecer la estructura pasista y mejorar el desempe\u00f1o de los representantes de casilla el d\u00eda de la elecci\u00f3n. El Dr. V\u00edctor Antonio Corrales Burgue\u00f1o, presidente estatal del Partido Sinaloense, inform\u00f3 que se est\u00e1 dando continuidad a un programa de [&hellip;]<\/p>\n","protected":false},"author":4,"featured_media":76404,"comment_status":"open","ping_status":"open","sticky":false,"template":"","format":"standard","meta":{"tdm_status":"","tdm_grid_status":"","footnotes":""},"categories":[1],"tags":[],"class_list":{"0":"post-76405","1":"post","2":"type-post","3":"status-publish","4":"format-standard","5":"has-post-thumbnail","7":"category-sin-categoria"},"yoast_head":"<!-- This site is optimized with the Yoast SEO plugin v27.5 - https:\/\/yoast.com\/product\/yoast-seo-wordpress\/ -->\n<title>El PAS fue el primer partido en establecer un Comit\u00e9 Directivo en Juan Jos\u00e9 R\u00edos: Cu\u00e9n Ojeda - Fuentes Fidedignas<\/title>\n<meta name=\"robots\" content=\"index, follow, max-snippet:-1, max-image-preview:large, max-video-preview:-1\" \/>\n<link rel=\"canonical\" href=\"https:\/\/fuentesfidedignas.com.mx\/index.php\/2024\/03\/09\/el-pas-fue-el-primer-partido-en-establecer-un-comite-directivo-en-juan-jose-rios-cuen-ojeda\/\" \/>\n<meta property=\"og:locale\" content=\"es_MX\" \/>\n<meta property=\"og:type\" content=\"article\" \/>\n<meta property=\"og:title\" content=\"El PAS fue el primer partido en establecer un Comit\u00e9 Directivo en Juan Jos\u00e9 R\u00edos: Cu\u00e9n Ojeda - Fuentes Fidedignas\" \/>\n<meta property=\"og:description\" content=\"En Juan Jos\u00e9 R\u00edos, el Partido Sinaloense contin\u00faa con el programa de capacitaci\u00f3n y planificaci\u00f3n para fortalecer la estructura pasista y mejorar el desempe\u00f1o de los representantes de casilla el d\u00eda de la elecci\u00f3n. El Dr. V\u00edctor Antonio Corrales Burgue\u00f1o, presidente estatal del Partido Sinaloense, inform\u00f3 que se est\u00e1 dando continuidad a un programa de [&hellip;]\" \/>\n<meta property=\"og:url\" content=\"https:\/\/fuentesfidedignas.com.mx\/index.php\/2024\/03\/09\/el-pas-fue-el-primer-partido-en-establecer-un-comite-directivo-en-juan-jose-rios-cuen-ojeda\/\" \/>\n<meta property=\"og:site_name\" content=\"Fuentes Fidedignas\" \/>\n<meta property=\"article:publisher\" content=\"https:\/\/www.facebook.com\/Fuentes-Fidedignas-368234489921644\" \/>\n<meta property=\"article:published_time\" content=\"2024-03-09T23:25:05+00:00\" \/>\n<meta property=\"article:modified_time\" content=\"2024-03-09T23:25:06+00:00\" \/>\n<meta property=\"og:image\" content=\"https:\/\/fuentesfidedignas.com.mx\/wp-content\/uploads\/2024\/03\/b1223737-1e62-4dbe-9bad-ef6eed165bde-1.jpg\" \/>\n\t<meta property=\"og:image:width\" content=\"1280\" \/>\n\t<meta property=\"og:image:height\" content=\"960\" \/>\n\t<meta property=\"og:image:type\" content=\"image\/jpeg\" \/>\n<meta name=\"author\" content=\"Redacci\u00f3n\" \/>\n<meta name=\"twitter:card\" content=\"summary_large_image\" \/>\n<meta name=\"twitter:creator\" content=\"@fidedignas\" \/>\n<meta name=\"twitter:site\" content=\"@fidedignas\" \/>\n<meta name=\"twitter:label1\" content=\"Escrito por\" \/>\n\t<meta name=\"twitter:data1\" content=\"Redacci\u00f3n\" \/>\n\t<meta name=\"twitter:label2\" content=\"Tiempo de lectura\" \/>\n\t<meta name=\"twitter:data2\" content=\"1 minuto\" \/>\n<script type=\"application\/ld+json\" class=\"yoast-schema-graph\">{\"@context\":\"https:\\\/\\\/schema.org\",\"@graph\":[{\"@type\":\"Article\",\"@id\":\"https:\\\/\\\/fuentesfidedignas.com.mx\\\/index.php\\\/2024\\\/03\\\/09\\\/el-pas-fue-el-primer-partido-en-establecer-un-comite-directivo-en-juan-jose-rios-cuen-ojeda\\\/#article\",\"isPartOf\":{\"@id\":\"https:\\\/\\\/fuentesfidedignas.com.mx\\\/index.php\\\/2024\\\/03\\\/09\\\/el-pas-fue-el-primer-partido-en-establecer-un-comite-directivo-en-juan-jose-rios-cuen-ojeda\\\/\"},\"author\":{\"name\":\"Redacci\u00f3n\",\"@id\":\"https:\\\/\\\/fuentesfidedignas.com.mx\\\/#\\\/schema\\\/person\\\/331be9283d37198e2acd5750279085b0\"},\"headline\":\"El PAS fue el primer partido en establecer un Comit\u00e9 Directivo en Juan Jos\u00e9 R\u00edos: Cu\u00e9n Ojeda\",\"datePublished\":\"2024-03-09T23:25:05+00:00\",\"dateModified\":\"2024-03-09T23:25:06+00:00\",\"mainEntityOfPage\":{\"@id\":\"https:\\\/\\\/fuentesfidedignas.com.mx\\\/index.php\\\/2024\\\/03\\\/09\\\/el-pas-fue-el-primer-partido-en-establecer-un-comite-directivo-en-juan-jose-rios-cuen-ojeda\\\/\"},\"wordCount\":262,\"commentCount\":0,\"publisher\":{\"@id\":\"https:\\\/\\\/fuentesfidedignas.com.mx\\\/#organization\"},\"image\":{\"@id\":\"https:\\\/\\\/fuentesfidedignas.com.mx\\\/index.php\\\/2024\\\/03\\\/09\\\/el-pas-fue-el-primer-partido-en-establecer-un-comite-directivo-en-juan-jose-rios-cuen-ojeda\\\/#primaryimage\"},\"thumbnailUrl\":\"https:\\\/\\\/fuentesfidedignas.com.mx\\\/wp-content\\\/uploads\\\/2024\\\/03\\\/b1223737-1e62-4dbe-9bad-ef6eed165bde-1.jpg\",\"inLanguage\":\"es\",\"potentialAction\":[{\"@type\":\"CommentAction\",\"name\":\"Comment\",\"target\":[\"https:\\\/\\\/fuentesfidedignas.com.mx\\\/index.php\\\/2024\\\/03\\\/09\\\/el-pas-fue-el-primer-partido-en-establecer-un-comite-directivo-en-juan-jose-rios-cuen-ojeda\\\/#respond\"]}]},{\"@type\":\"WebPage\",\"@id\":\"https:\\\/\\\/fuentesfidedignas.com.mx\\\/index.php\\\/2024\\\/03\\\/09\\\/el-pas-fue-el-primer-partido-en-establecer-un-comite-directivo-en-juan-jose-rios-cuen-ojeda\\\/\",\"url\":\"https:\\\/\\\/fuentesfidedignas.com.mx\\\/index.php\\\/2024\\\/03\\\/09\\\/el-pas-fue-el-primer-partido-en-establecer-un-comite-directivo-en-juan-jose-rios-cuen-ojeda\\\/\",\"name\":\"El PAS fue el primer partido en establecer un Comit\u00e9 Directivo en Juan Jos\u00e9 R\u00edos: Cu\u00e9n Ojeda - Fuentes Fidedignas\",\"isPartOf\":{\"@id\":\"https:\\\/\\\/fuentesfidedignas.com.mx\\\/#website\"},\"primaryImageOfPage\":{\"@id\":\"https:\\\/\\\/fuentesfidedignas.com.mx\\\/index.php\\\/2024\\\/03\\\/09\\\/el-pas-fue-el-primer-partido-en-establecer-un-comite-directivo-en-juan-jose-rios-cuen-ojeda\\\/#primaryimage\"},\"image\":{\"@id\":\"https:\\\/\\\/fuentesfidedignas.com.mx\\\/index.php\\\/2024\\\/03\\\/09\\\/el-pas-fue-el-primer-partido-en-establecer-un-comite-directivo-en-juan-jose-rios-cuen-ojeda\\\/#primaryimage\"},\"thumbnailUrl\":\"https:\\\/\\\/fuentesfidedignas.com.mx\\\/wp-content\\\/uploads\\\/2024\\\/03\\\/b1223737-1e62-4dbe-9bad-ef6eed165bde-1.jpg\",\"datePublished\":\"2024-03-09T23:25:05+00:00\",\"dateModified\":\"2024-03-09T23:25:06+00:00\",\"breadcrumb\":{\"@id\":\"https:\\\/\\\/fuentesfidedignas.com.mx\\\/index.php\\\/2024\\\/03\\\/09\\\/el-pas-fue-el-primer-partido-en-establecer-un-comite-directivo-en-juan-jose-rios-cuen-ojeda\\\/#breadcrumb\"},\"inLanguage\":\"es\",\"potentialAction\":[{\"@type\":\"ReadAction\",\"target\":[\"https:\\\/\\\/fuentesfidedignas.com.mx\\\/index.php\\\/2024\\\/03\\\/09\\\/el-pas-fue-el-primer-partido-en-establecer-un-comite-directivo-en-juan-jose-rios-cuen-ojeda\\\/\"]}]},{\"@type\":\"ImageObject\",\"inLanguage\":\"es\",\"@id\":\"https:\\\/\\\/fuentesfidedignas.com.mx\\\/index.php\\\/2024\\\/03\\\/09\\\/el-pas-fue-el-primer-partido-en-establecer-un-comite-directivo-en-juan-jose-rios-cuen-ojeda\\\/#primaryimage\",\"url\":\"https:\\\/\\\/fuentesfidedignas.com.mx\\\/wp-content\\\/uploads\\\/2024\\\/03\\\/b1223737-1e62-4dbe-9bad-ef6eed165bde-1.jpg\",\"contentUrl\":\"https:\\\/\\\/fuentesfidedignas.com.mx\\\/wp-content\\\/uploads\\\/2024\\\/03\\\/b1223737-1e62-4dbe-9bad-ef6eed165bde-1.jpg\",\"width\":1280,\"height\":960},{\"@type\":\"BreadcrumbList\",\"@id\":\"https:\\\/\\\/fuentesfidedignas.com.mx\\\/index.php\\\/2024\\\/03\\\/09\\\/el-pas-fue-el-primer-partido-en-establecer-un-comite-directivo-en-juan-jose-rios-cuen-ojeda\\\/#breadcrumb\",\"itemListElement\":[{\"@type\":\"ListItem\",\"position\":1,\"name\":\"Inicio\",\"item\":\"https:\\\/\\\/fuentesfidedignas.com.mx\\\/\"},{\"@type\":\"ListItem\",\"position\":2,\"name\":\"El PAS fue el primer partido en establecer un Comit\u00e9 Directivo en Juan Jos\u00e9 R\u00edos: Cu\u00e9n Ojeda\"}]},{\"@type\":\"WebSite\",\"@id\":\"https:\\\/\\\/fuentesfidedignas.com.mx\\\/#website\",\"url\":\"https:\\\/\\\/fuentesfidedignas.com.mx\\\/\",\"name\":\"Fuentes Fidedignas\",\"description\":\"Otro sitio realizado con WordPress\",\"publisher\":{\"@id\":\"https:\\\/\\\/fuentesfidedignas.com.mx\\\/#organization\"},\"potentialAction\":[{\"@type\":\"SearchAction\",\"target\":{\"@type\":\"EntryPoint\",\"urlTemplate\":\"https:\\\/\\\/fuentesfidedignas.com.mx\\\/?s={search_term_string}\"},\"query-input\":{\"@type\":\"PropertyValueSpecification\",\"valueRequired\":true,\"valueName\":\"search_term_string\"}}],\"inLanguage\":\"es\"},{\"@type\":\"Organization\",\"@id\":\"https:\\\/\\\/fuentesfidedignas.com.mx\\\/#organization\",\"name\":\"Fuentes Fidedignas\",\"url\":\"https:\\\/\\\/fuentesfidedignas.com.mx\\\/\",\"logo\":{\"@type\":\"ImageObject\",\"inLanguage\":\"es\",\"@id\":\"https:\\\/\\\/fuentesfidedignas.com.mx\\\/#\\\/schema\\\/logo\\\/image\\\/\",\"url\":\"https:\\\/\\\/fuentesfidedignas.com.mx\\\/wp-content\\\/uploads\\\/2021\\\/04\\\/logo-retina.png\",\"contentUrl\":\"https:\\\/\\\/fuentesfidedignas.com.mx\\\/wp-content\\\/uploads\\\/2021\\\/04\\\/logo-retina.png\",\"width\":280,\"height\":51,\"caption\":\"Fuentes Fidedignas\"},\"image\":{\"@id\":\"https:\\\/\\\/fuentesfidedignas.com.mx\\\/#\\\/schema\\\/logo\\\/image\\\/\"},\"sameAs\":[\"https:\\\/\\\/www.facebook.com\\\/Fuentes-Fidedignas-368234489921644\",\"https:\\\/\\\/x.com\\\/fidedignas\"]},{\"@type\":\"Person\",\"@id\":\"https:\\\/\\\/fuentesfidedignas.com.mx\\\/#\\\/schema\\\/person\\\/331be9283d37198e2acd5750279085b0\",\"name\":\"Redacci\u00f3n\",\"image\":{\"@type\":\"ImageObject\",\"inLanguage\":\"es\",\"@id\":\"https:\\\/\\\/secure.gravatar.com\\\/avatar\\\/f6d8782c11d12b2d4ad3fbb6931aeab5309937a4d6cd2fc9cfaa28a6396a5aec?s=96&d=mm&r=g\",\"url\":\"https:\\\/\\\/secure.gravatar.com\\\/avatar\\\/f6d8782c11d12b2d4ad3fbb6931aeab5309937a4d6cd2fc9cfaa28a6396a5aec?s=96&d=mm&r=g\",\"contentUrl\":\"https:\\\/\\\/secure.gravatar.com\\\/avatar\\\/f6d8782c11d12b2d4ad3fbb6931aeab5309937a4d6cd2fc9cfaa28a6396a5aec?s=96&d=mm&r=g\",\"caption\":\"Redacci\u00f3n\"},\"url\":\"https:\\\/\\\/fuentesfidedignas.com.mx\\\/index.php\\\/author\\\/redaccion\\\/\"}]}<\/script>\n<!-- \/ Yoast SEO plugin. -->","yoast_head_json":{"title":"El PAS fue el primer partido en establecer un Comit\u00e9 Directivo en Juan Jos\u00e9 R\u00edos: Cu\u00e9n Ojeda - Fuentes Fidedignas","robots":{"index":"index","follow":"follow","max-snippet":"max-snippet:-1","max-image-preview":"max-image-preview:large","max-video-preview":"max-video-preview:-1"},"canonical":"https:\/\/fuentesfidedignas.com.mx\/index.php\/2024\/03\/09\/el-pas-fue-el-primer-partido-en-establecer-un-comite-directivo-en-juan-jose-rios-cuen-ojeda\/","og_locale":"es_MX","og_type":"article","og_title":"El PAS fue el primer partido en establecer un Comit\u00e9 Directivo en Juan Jos\u00e9 R\u00edos: Cu\u00e9n Ojeda - Fuentes Fidedignas","og_description":"En Juan Jos\u00e9 R\u00edos, el Partido Sinaloense contin\u00faa con el programa de capacitaci\u00f3n y planificaci\u00f3n para fortalecer la estructura pasista y mejorar el desempe\u00f1o de los representantes de casilla el d\u00eda de la elecci\u00f3n. El Dr. V\u00edctor Antonio Corrales Burgue\u00f1o, presidente estatal del Partido Sinaloense, inform\u00f3 que se est\u00e1 dando continuidad a un programa de [&hellip;]","og_url":"https:\/\/fuentesfidedignas.com.mx\/index.php\/2024\/03\/09\/el-pas-fue-el-primer-partido-en-establecer-un-comite-directivo-en-juan-jose-rios-cuen-ojeda\/","og_site_name":"Fuentes Fidedignas","article_publisher":"https:\/\/www.facebook.com\/Fuentes-Fidedignas-368234489921644","article_published_time":"2024-03-09T23:25:05+00:00","article_modified_time":"2024-03-09T23:25:06+00:00","og_image":[{"width":1280,"height":960,"url":"https:\/\/fuentesfidedignas.com.mx\/wp-content\/uploads\/2024\/03\/b1223737-1e62-4dbe-9bad-ef6eed165bde-1.jpg","type":"image\/jpeg"}],"author":"Redacci\u00f3n","twitter_card":"summary_large_image","twitter_creator":"@fidedignas","twitter_site":"@fidedignas","twitter_misc":{"Escrito por":"Redacci\u00f3n","Tiempo de lectura":"1 minuto"},"schema":{"@context":"https:\/\/schema.org","@graph":[{"@type":"Article","@id":"https:\/\/fuentesfidedignas.com.mx\/index.php\/2024\/03\/09\/el-pas-fue-el-primer-partido-en-establecer-un-comite-directivo-en-juan-jose-rios-cuen-ojeda\/#article","isPartOf":{"@id":"https:\/\/fuentesfidedignas.com.mx\/index.php\/2024\/03\/09\/el-pas-fue-el-primer-partido-en-establecer-un-comite-directivo-en-juan-jose-rios-cuen-ojeda\/"},"author":{"name":"Redacci\u00f3n","@id":"https:\/\/fuentesfidedignas.com.mx\/#\/schema\/person\/331be9283d37198e2acd5750279085b0"},"headline":"El PAS fue el primer partido en establecer un Comit\u00e9 Directivo en Juan Jos\u00e9 R\u00edos: Cu\u00e9n Ojeda","datePublished":"2024-03-09T23:25:05+00:00","dateModified":"2024-03-09T23:25:06+00:00","mainEntityOfPage":{"@id":"https:\/\/fuentesfidedignas.com.mx\/index.php\/2024\/03\/09\/el-pas-fue-el-primer-partido-en-establecer-un-comite-directivo-en-juan-jose-rios-cuen-ojeda\/"},"wordCount":262,"commentCount":0,"publisher":{"@id":"https:\/\/fuentesfidedignas.com.mx\/#organization"},"image":{"@id":"https:\/\/fuentesfidedignas.com.mx\/index.php\/2024\/03\/09\/el-pas-fue-el-primer-partido-en-establecer-un-comite-directivo-en-juan-jose-rios-cuen-ojeda\/#primaryimage"},"thumbnailUrl":"https:\/\/fuentesfidedignas.com.mx\/wp-content\/uploads\/2024\/03\/b1223737-1e62-4dbe-9bad-ef6eed165bde-1.jpg","inLanguage":"es","potentialAction":[{"@type":"CommentAction","name":"Comment","target":["https:\/\/fuentesfidedignas.com.mx\/index.php\/2024\/03\/09\/el-pas-fue-el-primer-partido-en-establecer-un-comite-directivo-en-juan-jose-rios-cuen-ojeda\/#respond"]}]},{"@type":"WebPage","@id":"https:\/\/fuentesfidedignas.com.mx\/index.php\/2024\/03\/09\/el-pas-fue-el-primer-partido-en-establecer-un-comite-directivo-en-juan-jose-rios-cuen-ojeda\/","url":"https:\/\/fuentesfidedignas.com.mx\/index.php\/2024\/03\/09\/el-pas-fue-el-primer-partido-en-establecer-un-comite-directivo-en-juan-jose-rios-cuen-ojeda\/","name":"El PAS fue el primer partido en establecer un Comit\u00e9 Directivo en Juan Jos\u00e9 R\u00edos: Cu\u00e9n Ojeda - Fuentes Fidedignas","isPartOf":{"@id":"https:\/\/fuentesfidedignas.com.mx\/#website"},"primaryImageOfPage":{"@id":"https:\/\/fuentesfidedignas.com.mx\/index.php\/2024\/03\/09\/el-pas-fue-el-primer-partido-en-establecer-un-comite-directivo-en-juan-jose-rios-cuen-ojeda\/#primaryimage"},"image":{"@id":"https:\/\/fuentesfidedignas.com.mx\/index.php\/2024\/03\/09\/el-pas-fue-el-primer-partido-en-establecer-un-comite-directivo-en-juan-jose-rios-cuen-ojeda\/#primaryimage"},"thumbnailUrl":"https:\/\/fuentesfidedignas.com.mx\/wp-content\/uploads\/2024\/03\/b1223737-1e62-4dbe-9bad-ef6eed165bde-1.jpg","datePublished":"2024-03-09T23:25:05+00:00","dateModified":"2024-03-09T23:25:06+00:00","breadcrumb":{"@id":"https:\/\/fuentesfidedignas.com.mx\/index.php\/2024\/03\/09\/el-pas-fue-el-primer-partido-en-establecer-un-comite-directivo-en-juan-jose-rios-cuen-ojeda\/#breadcrumb"},"inLanguage":"es","potentialAction":[{"@type":"ReadAction","target":["https:\/\/fuentesfidedignas.com.mx\/index.php\/2024\/03\/09\/el-pas-fue-el-primer-partido-en-establecer-un-comite-directivo-en-juan-jose-rios-cuen-ojeda\/"]}]},{"@type":"ImageObject","inLanguage":"es","@id":"https:\/\/fuentesfidedignas.com.mx\/index.php\/2024\/03\/09\/el-pas-fue-el-primer-partido-en-establecer-un-comite-directivo-en-juan-jose-rios-cuen-ojeda\/#primaryimage","url":"https:\/\/fuentesfidedignas.com.mx\/wp-content\/uploads\/2024\/03\/b1223737-1e62-4dbe-9bad-ef6eed165bde-1.jpg","contentUrl":"https:\/\/fuentesfidedignas.com.mx\/wp-content\/uploads\/2024\/03\/b1223737-1e62-4dbe-9bad-ef6eed165bde-1.jpg","width":1280,"height":960},{"@type":"BreadcrumbList","@id":"https:\/\/fuentesfidedignas.com.mx\/index.php\/2024\/03\/09\/el-pas-fue-el-primer-partido-en-establecer-un-comite-directivo-en-juan-jose-rios-cuen-ojeda\/#breadcrumb","itemListElement":[{"@type":"ListItem","position":1,"name":"Inicio","item":"https:\/\/fuentesfidedignas.com.mx\/"},{"@type":"ListItem","position":2,"name":"El PAS fue el primer partido en establecer un Comit\u00e9 Directivo en Juan Jos\u00e9 R\u00edos: Cu\u00e9n Ojeda"}]},{"@type":"WebSite","@id":"https:\/\/fuentesfidedignas.com.mx\/#website","url":"https:\/\/fuentesfidedignas.com.mx\/","name":"Fuentes Fidedignas","description":"Otro sitio realizado con WordPress","publisher":{"@id":"https:\/\/fuentesfidedignas.com.mx\/#organization"},"potentialAction":[{"@type":"SearchAction","target":{"@type":"EntryPoint","urlTemplate":"https:\/\/fuentesfidedignas.com.mx\/?s={search_term_string}"},"query-input":{"@type":"PropertyValueSpecification","valueRequired":true,"valueName":"search_term_string"}}],"inLanguage":"es"},{"@type":"Organization","@id":"https:\/\/fuentesfidedignas.com.mx\/#organization","name":"Fuentes Fidedignas","url":"https:\/\/fuentesfidedignas.com.mx\/","logo":{"@type":"ImageObject","inLanguage":"es","@id":"https:\/\/fuentesfidedignas.com.mx\/#\/schema\/logo\/image\/","url":"https:\/\/fuentesfidedignas.com.mx\/wp-content\/uploads\/2021\/04\/logo-retina.png","contentUrl":"https:\/\/fuentesfidedignas.com.mx\/wp-content\/uploads\/2021\/04\/logo-retina.png","width":280,"height":51,"caption":"Fuentes Fidedignas"},"image":{"@id":"https:\/\/fuentesfidedignas.com.mx\/#\/schema\/logo\/image\/"},"sameAs":["https:\/\/www.facebook.com\/Fuentes-Fidedignas-368234489921644","https:\/\/x.com\/fidedignas"]},{"@type":"Person","@id":"https:\/\/fuentesfidedignas.com.mx\/#\/schema\/person\/331be9283d37198e2acd5750279085b0","name":"Redacci\u00f3n","image":{"@type":"ImageObject","inLanguage":"es","@id":"https:\/\/secure.gravatar.com\/avatar\/f6d8782c11d12b2d4ad3fbb6931aeab5309937a4d6cd2fc9cfaa28a6396a5aec?s=96&d=mm&r=g","url":"https:\/\/secure.gravatar.com\/avatar\/f6d8782c11d12b2d4ad3fbb6931aeab5309937a4d6cd2fc9cfaa28a6396a5aec?s=96&d=mm&r=g","contentUrl":"https:\/\/secure.gravatar.com\/avatar\/f6d8782c11d12b2d4ad3fbb6931aeab5309937a4d6cd2fc9cfaa28a6396a5aec?s=96&d=mm&r=g","caption":"Redacci\u00f3n"},"url":"https:\/\/fuentesfidedignas.com.mx\/index.php\/author\/redaccion\/"}]}},"_links":{"self":[{"href":"https:\/\/fuentesfidedignas.com.mx\/index.php\/wp-json\/wp\/v2\/posts\/76405","targetHints":{"allow":["GET"]}}],"collection":[{"href":"https:\/\/fuentesfidedignas.com.mx\/index.php\/wp-json\/wp\/v2\/posts"}],"about":[{"href":"https:\/\/fuentesfidedignas.com.mx\/index.php\/wp-json\/wp\/v2\/types\/post"}],"author":[{"embeddable":true,"href":"https:\/\/fuentesfidedignas.com.mx\/index.php\/wp-json\/wp\/v2\/users\/4"}],"replies":[{"embeddable":true,"href":"https:\/\/fuentesfidedignas.com.mx\/index.php\/wp-json\/wp\/v2\/comments?post=76405"}],"version-history":[{"count":1,"href":"https:\/\/fuentesfidedignas.com.mx\/index.php\/wp-json\/wp\/v2\/posts\/76405\/revisions"}],"predecessor-version":[{"id":76406,"href":"https:\/\/fuentesfidedignas.com.mx\/index.php\/wp-json\/wp\/v2\/posts\/76405\/revisions\/76406"}],"wp:featuredmedia":[{"embeddable":true,"href":"https:\/\/fuentesfidedignas.com.mx\/index.php\/wp-json\/wp\/v2\/media\/76404"}],"wp:attachment":[{"href":"https:\/\/fuentesfidedignas.com.mx\/index.php\/wp-json\/wp\/v2\/media?parent=76405"}],"wp:term":[{"taxonomy":"category","embeddable":true,"href":"https:\/\/fuentesfidedignas.com.mx\/index.php\/wp-json\/wp\/v2\/categories?post=76405"},{"taxonomy":"post_tag","embeddable":true,"href":"https:\/\/fuentesfidedignas.com.mx\/index.php\/wp-json\/wp\/v2\/tags?post=76405"}],"curies":[{"name":"wp","href":"https:\/\/api.w.org\/{rel}","templated":true}]}}