{"id":76204,"date":"2024-03-07T18:15:50","date_gmt":"2024-03-08T01:15:50","guid":{"rendered":"https:\/\/fuentesfidedignas.com.mx\/?p=76204"},"modified":"2024-03-07T18:36:30","modified_gmt":"2024-03-08T01:36:30","slug":"hablar-de-la-cultura-del-esfuerzo-es-hablar-de-xochitl-galvez-cuen-ojeda","status":"publish","type":"post","link":"https:\/\/fuentesfidedignas.com.mx\/index.php\/2024\/03\/07\/hablar-de-la-cultura-del-esfuerzo-es-hablar-de-xochitl-galvez-cuen-ojeda\/","title":{"rendered":"Hablar de la cultura del esfuerzo es hablar de X\u00f3chitl G\u00e1lvez: Cu\u00e9n Ojeda"},"content":{"rendered":"\n<p><strong><em>El puerto de Mazatl\u00e1n recibe el Primer Foro Proyecto de la candidata m\u00e1s chingona a la Presidencia de la Rep\u00fablica &#8220;Cultura: Retos y Perspectivas&#8221;.<\/em><\/strong><\/p>\n\n\n\n<p>Mazatl\u00e1n, Sin.- En la clausura del primer foro de Cultura Retos y Perspectivas, H\u00e9ctor Melesio Cu\u00e9n Ojeda indic\u00f3 que hablar de la cultura del esfuerzo es hablar de X\u00f3chitl G\u00e1lvez, quien es un gran ejemplo para la coalici\u00f3n Fuerza y Coraz\u00f3n por M\u00e9xico y Sinaloa, ya que viene de una familia humilde y muchos dicen que vend\u00eda gelatinas, pero ahora construye edificios inteligentes. Ella nos ha demostrado que s\u00ed se puede.<\/p>\n\n\n\n<p>El candidato a diputado federal, como invitado especial, se\u00f1al\u00f3 que conoce muy bien el problema de la educaci\u00f3n en M\u00e9xico, especialmente despu\u00e9s de la pandemia, donde se gener\u00f3 un mill\u00f3n y medio de deserciones escolares. Sin embargo, cuestion\u00f3 la falta de medidas por parte de los diferentes \u00f3rganos de gobierno para contrarrestar las muchas lagunas en el conocimiento. Sumado a ello, el gobierno federal elimin\u00f3 las escuelas de tiempo completo y las instancias infantiles que beneficiaban tanto a las madres de familia.<\/p>\n\n\n\n<p>Inform\u00f3 que el presupuesto destinado para el \u00e1rea de la cultura en 2023 es menor al aprobado en 2018, cuando asumi\u00f3 el cargo el actual presidente de M\u00e9xico. Esto demuestra que al gobierno federal no le interesa la cultura, la educaci\u00f3n ni la salud. Por eso, hoy m\u00e1s que nunca, estoy convencido de que X\u00f3chitl G\u00e1lvez ser\u00e1 la pr\u00f3xima presidenta de la Rep\u00fablica.<\/p>\n\n\n\n<p><\/p>\n","protected":false},"excerpt":{"rendered":"<p>El puerto de Mazatl\u00e1n recibe el Primer Foro Proyecto de la candidata m\u00e1s chingona a la Presidencia de la Rep\u00fablica &#8220;Cultura: Retos y Perspectivas&#8221;. Mazatl\u00e1n, Sin.- En la clausura del primer foro de Cultura Retos y Perspectivas, H\u00e9ctor Melesio Cu\u00e9n Ojeda indic\u00f3 que hablar de la cultura del esfuerzo es hablar de X\u00f3chitl G\u00e1lvez, quien [&hellip;]<\/p>\n","protected":false},"author":4,"featured_media":76205,"comment_status":"open","ping_status":"open","sticky":false,"template":"","format":"standard","meta":{"tdm_status":"","tdm_grid_status":"","footnotes":""},"categories":[1],"tags":[],"class_list":{"0":"post-76204","1":"post","2":"type-post","3":"status-publish","4":"format-standard","5":"has-post-thumbnail","7":"category-sin-categoria"},"yoast_head":"<!-- This site is optimized with the Yoast SEO plugin v27.5 - https:\/\/yoast.com\/product\/yoast-seo-wordpress\/ -->\n<title>Hablar de la cultura del esfuerzo es hablar de X\u00f3chitl G\u00e1lvez: Cu\u00e9n Ojeda - Fuentes Fidedignas<\/title>\n<meta name=\"robots\" content=\"index, follow, max-snippet:-1, max-image-preview:large, max-video-preview:-1\" \/>\n<link rel=\"canonical\" href=\"https:\/\/fuentesfidedignas.com.mx\/index.php\/2024\/03\/07\/hablar-de-la-cultura-del-esfuerzo-es-hablar-de-xochitl-galvez-cuen-ojeda\/\" \/>\n<meta property=\"og:locale\" content=\"es_MX\" \/>\n<meta property=\"og:type\" content=\"article\" \/>\n<meta property=\"og:title\" content=\"Hablar de la cultura del esfuerzo es hablar de X\u00f3chitl G\u00e1lvez: Cu\u00e9n Ojeda - Fuentes Fidedignas\" \/>\n<meta property=\"og:description\" content=\"El puerto de Mazatl\u00e1n recibe el Primer Foro Proyecto de la candidata m\u00e1s chingona a la Presidencia de la Rep\u00fablica &#8220;Cultura: Retos y Perspectivas&#8221;. Mazatl\u00e1n, Sin.- En la clausura del primer foro de Cultura Retos y Perspectivas, H\u00e9ctor Melesio Cu\u00e9n Ojeda indic\u00f3 que hablar de la cultura del esfuerzo es hablar de X\u00f3chitl G\u00e1lvez, quien [&hellip;]\" \/>\n<meta property=\"og:url\" content=\"https:\/\/fuentesfidedignas.com.mx\/index.php\/2024\/03\/07\/hablar-de-la-cultura-del-esfuerzo-es-hablar-de-xochitl-galvez-cuen-ojeda\/\" \/>\n<meta property=\"og:site_name\" content=\"Fuentes Fidedignas\" \/>\n<meta property=\"article:publisher\" content=\"https:\/\/www.facebook.com\/Fuentes-Fidedignas-368234489921644\" \/>\n<meta property=\"article:published_time\" content=\"2024-03-08T01:15:50+00:00\" \/>\n<meta property=\"article:modified_time\" content=\"2024-03-08T01:36:30+00:00\" \/>\n<meta property=\"og:image\" content=\"https:\/\/fuentesfidedignas.com.mx\/wp-content\/uploads\/2024\/03\/WhatsApp-Image-2024-03-07-at-6.03.08-PM.jpeg\" \/>\n\t<meta property=\"og:image:width\" content=\"1280\" \/>\n\t<meta property=\"og:image:height\" content=\"853\" \/>\n\t<meta property=\"og:image:type\" content=\"image\/jpeg\" \/>\n<meta name=\"author\" content=\"Redacci\u00f3n\" \/>\n<meta name=\"twitter:card\" content=\"summary_large_image\" \/>\n<meta name=\"twitter:creator\" content=\"@fidedignas\" \/>\n<meta name=\"twitter:site\" content=\"@fidedignas\" \/>\n<meta name=\"twitter:label1\" content=\"Escrito por\" \/>\n\t<meta name=\"twitter:data1\" content=\"Redacci\u00f3n\" \/>\n\t<meta name=\"twitter:label2\" content=\"Tiempo de lectura\" \/>\n\t<meta name=\"twitter:data2\" content=\"2 minutos\" \/>\n<script type=\"application\/ld+json\" class=\"yoast-schema-graph\">{\"@context\":\"https:\\\/\\\/schema.org\",\"@graph\":[{\"@type\":\"Article\",\"@id\":\"https:\\\/\\\/fuentesfidedignas.com.mx\\\/index.php\\\/2024\\\/03\\\/07\\\/hablar-de-la-cultura-del-esfuerzo-es-hablar-de-xochitl-galvez-cuen-ojeda\\\/#article\",\"isPartOf\":{\"@id\":\"https:\\\/\\\/fuentesfidedignas.com.mx\\\/index.php\\\/2024\\\/03\\\/07\\\/hablar-de-la-cultura-del-esfuerzo-es-hablar-de-xochitl-galvez-cuen-ojeda\\\/\"},\"author\":{\"name\":\"Redacci\u00f3n\",\"@id\":\"https:\\\/\\\/fuentesfidedignas.com.mx\\\/#\\\/schema\\\/person\\\/331be9283d37198e2acd5750279085b0\"},\"headline\":\"Hablar de la cultura del esfuerzo es hablar de X\u00f3chitl G\u00e1lvez: Cu\u00e9n Ojeda\",\"datePublished\":\"2024-03-08T01:15:50+00:00\",\"dateModified\":\"2024-03-08T01:36:30+00:00\",\"mainEntityOfPage\":{\"@id\":\"https:\\\/\\\/fuentesfidedignas.com.mx\\\/index.php\\\/2024\\\/03\\\/07\\\/hablar-de-la-cultura-del-esfuerzo-es-hablar-de-xochitl-galvez-cuen-ojeda\\\/\"},\"wordCount\":279,\"commentCount\":0,\"publisher\":{\"@id\":\"https:\\\/\\\/fuentesfidedignas.com.mx\\\/#organization\"},\"image\":{\"@id\":\"https:\\\/\\\/fuentesfidedignas.com.mx\\\/index.php\\\/2024\\\/03\\\/07\\\/hablar-de-la-cultura-del-esfuerzo-es-hablar-de-xochitl-galvez-cuen-ojeda\\\/#primaryimage\"},\"thumbnailUrl\":\"https:\\\/\\\/fuentesfidedignas.com.mx\\\/wp-content\\\/uploads\\\/2024\\\/03\\\/WhatsApp-Image-2024-03-07-at-6.03.08-PM.jpeg\",\"inLanguage\":\"es\",\"potentialAction\":[{\"@type\":\"CommentAction\",\"name\":\"Comment\",\"target\":[\"https:\\\/\\\/fuentesfidedignas.com.mx\\\/index.php\\\/2024\\\/03\\\/07\\\/hablar-de-la-cultura-del-esfuerzo-es-hablar-de-xochitl-galvez-cuen-ojeda\\\/#respond\"]}]},{\"@type\":\"WebPage\",\"@id\":\"https:\\\/\\\/fuentesfidedignas.com.mx\\\/index.php\\\/2024\\\/03\\\/07\\\/hablar-de-la-cultura-del-esfuerzo-es-hablar-de-xochitl-galvez-cuen-ojeda\\\/\",\"url\":\"https:\\\/\\\/fuentesfidedignas.com.mx\\\/index.php\\\/2024\\\/03\\\/07\\\/hablar-de-la-cultura-del-esfuerzo-es-hablar-de-xochitl-galvez-cuen-ojeda\\\/\",\"name\":\"Hablar de la cultura del esfuerzo es hablar de X\u00f3chitl G\u00e1lvez: Cu\u00e9n Ojeda - Fuentes Fidedignas\",\"isPartOf\":{\"@id\":\"https:\\\/\\\/fuentesfidedignas.com.mx\\\/#website\"},\"primaryImageOfPage\":{\"@id\":\"https:\\\/\\\/fuentesfidedignas.com.mx\\\/index.php\\\/2024\\\/03\\\/07\\\/hablar-de-la-cultura-del-esfuerzo-es-hablar-de-xochitl-galvez-cuen-ojeda\\\/#primaryimage\"},\"image\":{\"@id\":\"https:\\\/\\\/fuentesfidedignas.com.mx\\\/index.php\\\/2024\\\/03\\\/07\\\/hablar-de-la-cultura-del-esfuerzo-es-hablar-de-xochitl-galvez-cuen-ojeda\\\/#primaryimage\"},\"thumbnailUrl\":\"https:\\\/\\\/fuentesfidedignas.com.mx\\\/wp-content\\\/uploads\\\/2024\\\/03\\\/WhatsApp-Image-2024-03-07-at-6.03.08-PM.jpeg\",\"datePublished\":\"2024-03-08T01:15:50+00:00\",\"dateModified\":\"2024-03-08T01:36:30+00:00\",\"breadcrumb\":{\"@id\":\"https:\\\/\\\/fuentesfidedignas.com.mx\\\/index.php\\\/2024\\\/03\\\/07\\\/hablar-de-la-cultura-del-esfuerzo-es-hablar-de-xochitl-galvez-cuen-ojeda\\\/#breadcrumb\"},\"inLanguage\":\"es\",\"potentialAction\":[{\"@type\":\"ReadAction\",\"target\":[\"https:\\\/\\\/fuentesfidedignas.com.mx\\\/index.php\\\/2024\\\/03\\\/07\\\/hablar-de-la-cultura-del-esfuerzo-es-hablar-de-xochitl-galvez-cuen-ojeda\\\/\"]}]},{\"@type\":\"ImageObject\",\"inLanguage\":\"es\",\"@id\":\"https:\\\/\\\/fuentesfidedignas.com.mx\\\/index.php\\\/2024\\\/03\\\/07\\\/hablar-de-la-cultura-del-esfuerzo-es-hablar-de-xochitl-galvez-cuen-ojeda\\\/#primaryimage\",\"url\":\"https:\\\/\\\/fuentesfidedignas.com.mx\\\/wp-content\\\/uploads\\\/2024\\\/03\\\/WhatsApp-Image-2024-03-07-at-6.03.08-PM.jpeg\",\"contentUrl\":\"https:\\\/\\\/fuentesfidedignas.com.mx\\\/wp-content\\\/uploads\\\/2024\\\/03\\\/WhatsApp-Image-2024-03-07-at-6.03.08-PM.jpeg\",\"width\":1280,\"height\":853},{\"@type\":\"BreadcrumbList\",\"@id\":\"https:\\\/\\\/fuentesfidedignas.com.mx\\\/index.php\\\/2024\\\/03\\\/07\\\/hablar-de-la-cultura-del-esfuerzo-es-hablar-de-xochitl-galvez-cuen-ojeda\\\/#breadcrumb\",\"itemListElement\":[{\"@type\":\"ListItem\",\"position\":1,\"name\":\"Inicio\",\"item\":\"https:\\\/\\\/fuentesfidedignas.com.mx\\\/\"},{\"@type\":\"ListItem\",\"position\":2,\"name\":\"Hablar de la cultura del esfuerzo es hablar de X\u00f3chitl G\u00e1lvez: Cu\u00e9n Ojeda\"}]},{\"@type\":\"WebSite\",\"@id\":\"https:\\\/\\\/fuentesfidedignas.com.mx\\\/#website\",\"url\":\"https:\\\/\\\/fuentesfidedignas.com.mx\\\/\",\"name\":\"Fuentes Fidedignas\",\"description\":\"Otro sitio realizado con WordPress\",\"publisher\":{\"@id\":\"https:\\\/\\\/fuentesfidedignas.com.mx\\\/#organization\"},\"potentialAction\":[{\"@type\":\"SearchAction\",\"target\":{\"@type\":\"EntryPoint\",\"urlTemplate\":\"https:\\\/\\\/fuentesfidedignas.com.mx\\\/?s={search_term_string}\"},\"query-input\":{\"@type\":\"PropertyValueSpecification\",\"valueRequired\":true,\"valueName\":\"search_term_string\"}}],\"inLanguage\":\"es\"},{\"@type\":\"Organization\",\"@id\":\"https:\\\/\\\/fuentesfidedignas.com.mx\\\/#organization\",\"name\":\"Fuentes Fidedignas\",\"url\":\"https:\\\/\\\/fuentesfidedignas.com.mx\\\/\",\"logo\":{\"@type\":\"ImageObject\",\"inLanguage\":\"es\",\"@id\":\"https:\\\/\\\/fuentesfidedignas.com.mx\\\/#\\\/schema\\\/logo\\\/image\\\/\",\"url\":\"https:\\\/\\\/fuentesfidedignas.com.mx\\\/wp-content\\\/uploads\\\/2021\\\/04\\\/logo-retina.png\",\"contentUrl\":\"https:\\\/\\\/fuentesfidedignas.com.mx\\\/wp-content\\\/uploads\\\/2021\\\/04\\\/logo-retina.png\",\"width\":280,\"height\":51,\"caption\":\"Fuentes Fidedignas\"},\"image\":{\"@id\":\"https:\\\/\\\/fuentesfidedignas.com.mx\\\/#\\\/schema\\\/logo\\\/image\\\/\"},\"sameAs\":[\"https:\\\/\\\/www.facebook.com\\\/Fuentes-Fidedignas-368234489921644\",\"https:\\\/\\\/x.com\\\/fidedignas\"]},{\"@type\":\"Person\",\"@id\":\"https:\\\/\\\/fuentesfidedignas.com.mx\\\/#\\\/schema\\\/person\\\/331be9283d37198e2acd5750279085b0\",\"name\":\"Redacci\u00f3n\",\"image\":{\"@type\":\"ImageObject\",\"inLanguage\":\"es\",\"@id\":\"https:\\\/\\\/secure.gravatar.com\\\/avatar\\\/f6d8782c11d12b2d4ad3fbb6931aeab5309937a4d6cd2fc9cfaa28a6396a5aec?s=96&d=mm&r=g\",\"url\":\"https:\\\/\\\/secure.gravatar.com\\\/avatar\\\/f6d8782c11d12b2d4ad3fbb6931aeab5309937a4d6cd2fc9cfaa28a6396a5aec?s=96&d=mm&r=g\",\"contentUrl\":\"https:\\\/\\\/secure.gravatar.com\\\/avatar\\\/f6d8782c11d12b2d4ad3fbb6931aeab5309937a4d6cd2fc9cfaa28a6396a5aec?s=96&d=mm&r=g\",\"caption\":\"Redacci\u00f3n\"},\"url\":\"https:\\\/\\\/fuentesfidedignas.com.mx\\\/index.php\\\/author\\\/redaccion\\\/\"}]}<\/script>\n<!-- \/ Yoast SEO plugin. -->","yoast_head_json":{"title":"Hablar de la cultura del esfuerzo es hablar de X\u00f3chitl G\u00e1lvez: Cu\u00e9n Ojeda - Fuentes Fidedignas","robots":{"index":"index","follow":"follow","max-snippet":"max-snippet:-1","max-image-preview":"max-image-preview:large","max-video-preview":"max-video-preview:-1"},"canonical":"https:\/\/fuentesfidedignas.com.mx\/index.php\/2024\/03\/07\/hablar-de-la-cultura-del-esfuerzo-es-hablar-de-xochitl-galvez-cuen-ojeda\/","og_locale":"es_MX","og_type":"article","og_title":"Hablar de la cultura del esfuerzo es hablar de X\u00f3chitl G\u00e1lvez: Cu\u00e9n Ojeda - Fuentes Fidedignas","og_description":"El puerto de Mazatl\u00e1n recibe el Primer Foro Proyecto de la candidata m\u00e1s chingona a la Presidencia de la Rep\u00fablica &#8220;Cultura: Retos y Perspectivas&#8221;. Mazatl\u00e1n, Sin.- En la clausura del primer foro de Cultura Retos y Perspectivas, H\u00e9ctor Melesio Cu\u00e9n Ojeda indic\u00f3 que hablar de la cultura del esfuerzo es hablar de X\u00f3chitl G\u00e1lvez, quien [&hellip;]","og_url":"https:\/\/fuentesfidedignas.com.mx\/index.php\/2024\/03\/07\/hablar-de-la-cultura-del-esfuerzo-es-hablar-de-xochitl-galvez-cuen-ojeda\/","og_site_name":"Fuentes Fidedignas","article_publisher":"https:\/\/www.facebook.com\/Fuentes-Fidedignas-368234489921644","article_published_time":"2024-03-08T01:15:50+00:00","article_modified_time":"2024-03-08T01:36:30+00:00","og_image":[{"width":1280,"height":853,"url":"https:\/\/fuentesfidedignas.com.mx\/wp-content\/uploads\/2024\/03\/WhatsApp-Image-2024-03-07-at-6.03.08-PM.jpeg","type":"image\/jpeg"}],"author":"Redacci\u00f3n","twitter_card":"summary_large_image","twitter_creator":"@fidedignas","twitter_site":"@fidedignas","twitter_misc":{"Escrito por":"Redacci\u00f3n","Tiempo de lectura":"2 minutos"},"schema":{"@context":"https:\/\/schema.org","@graph":[{"@type":"Article","@id":"https:\/\/fuentesfidedignas.com.mx\/index.php\/2024\/03\/07\/hablar-de-la-cultura-del-esfuerzo-es-hablar-de-xochitl-galvez-cuen-ojeda\/#article","isPartOf":{"@id":"https:\/\/fuentesfidedignas.com.mx\/index.php\/2024\/03\/07\/hablar-de-la-cultura-del-esfuerzo-es-hablar-de-xochitl-galvez-cuen-ojeda\/"},"author":{"name":"Redacci\u00f3n","@id":"https:\/\/fuentesfidedignas.com.mx\/#\/schema\/person\/331be9283d37198e2acd5750279085b0"},"headline":"Hablar de la cultura del esfuerzo es hablar de X\u00f3chitl G\u00e1lvez: Cu\u00e9n Ojeda","datePublished":"2024-03-08T01:15:50+00:00","dateModified":"2024-03-08T01:36:30+00:00","mainEntityOfPage":{"@id":"https:\/\/fuentesfidedignas.com.mx\/index.php\/2024\/03\/07\/hablar-de-la-cultura-del-esfuerzo-es-hablar-de-xochitl-galvez-cuen-ojeda\/"},"wordCount":279,"commentCount":0,"publisher":{"@id":"https:\/\/fuentesfidedignas.com.mx\/#organization"},"image":{"@id":"https:\/\/fuentesfidedignas.com.mx\/index.php\/2024\/03\/07\/hablar-de-la-cultura-del-esfuerzo-es-hablar-de-xochitl-galvez-cuen-ojeda\/#primaryimage"},"thumbnailUrl":"https:\/\/fuentesfidedignas.com.mx\/wp-content\/uploads\/2024\/03\/WhatsApp-Image-2024-03-07-at-6.03.08-PM.jpeg","inLanguage":"es","potentialAction":[{"@type":"CommentAction","name":"Comment","target":["https:\/\/fuentesfidedignas.com.mx\/index.php\/2024\/03\/07\/hablar-de-la-cultura-del-esfuerzo-es-hablar-de-xochitl-galvez-cuen-ojeda\/#respond"]}]},{"@type":"WebPage","@id":"https:\/\/fuentesfidedignas.com.mx\/index.php\/2024\/03\/07\/hablar-de-la-cultura-del-esfuerzo-es-hablar-de-xochitl-galvez-cuen-ojeda\/","url":"https:\/\/fuentesfidedignas.com.mx\/index.php\/2024\/03\/07\/hablar-de-la-cultura-del-esfuerzo-es-hablar-de-xochitl-galvez-cuen-ojeda\/","name":"Hablar de la cultura del esfuerzo es hablar de X\u00f3chitl G\u00e1lvez: Cu\u00e9n Ojeda - Fuentes Fidedignas","isPartOf":{"@id":"https:\/\/fuentesfidedignas.com.mx\/#website"},"primaryImageOfPage":{"@id":"https:\/\/fuentesfidedignas.com.mx\/index.php\/2024\/03\/07\/hablar-de-la-cultura-del-esfuerzo-es-hablar-de-xochitl-galvez-cuen-ojeda\/#primaryimage"},"image":{"@id":"https:\/\/fuentesfidedignas.com.mx\/index.php\/2024\/03\/07\/hablar-de-la-cultura-del-esfuerzo-es-hablar-de-xochitl-galvez-cuen-ojeda\/#primaryimage"},"thumbnailUrl":"https:\/\/fuentesfidedignas.com.mx\/wp-content\/uploads\/2024\/03\/WhatsApp-Image-2024-03-07-at-6.03.08-PM.jpeg","datePublished":"2024-03-08T01:15:50+00:00","dateModified":"2024-03-08T01:36:30+00:00","breadcrumb":{"@id":"https:\/\/fuentesfidedignas.com.mx\/index.php\/2024\/03\/07\/hablar-de-la-cultura-del-esfuerzo-es-hablar-de-xochitl-galvez-cuen-ojeda\/#breadcrumb"},"inLanguage":"es","potentialAction":[{"@type":"ReadAction","target":["https:\/\/fuentesfidedignas.com.mx\/index.php\/2024\/03\/07\/hablar-de-la-cultura-del-esfuerzo-es-hablar-de-xochitl-galvez-cuen-ojeda\/"]}]},{"@type":"ImageObject","inLanguage":"es","@id":"https:\/\/fuentesfidedignas.com.mx\/index.php\/2024\/03\/07\/hablar-de-la-cultura-del-esfuerzo-es-hablar-de-xochitl-galvez-cuen-ojeda\/#primaryimage","url":"https:\/\/fuentesfidedignas.com.mx\/wp-content\/uploads\/2024\/03\/WhatsApp-Image-2024-03-07-at-6.03.08-PM.jpeg","contentUrl":"https:\/\/fuentesfidedignas.com.mx\/wp-content\/uploads\/2024\/03\/WhatsApp-Image-2024-03-07-at-6.03.08-PM.jpeg","width":1280,"height":853},{"@type":"BreadcrumbList","@id":"https:\/\/fuentesfidedignas.com.mx\/index.php\/2024\/03\/07\/hablar-de-la-cultura-del-esfuerzo-es-hablar-de-xochitl-galvez-cuen-ojeda\/#breadcrumb","itemListElement":[{"@type":"ListItem","position":1,"name":"Inicio","item":"https:\/\/fuentesfidedignas.com.mx\/"},{"@type":"ListItem","position":2,"name":"Hablar de la cultura del esfuerzo es hablar de X\u00f3chitl G\u00e1lvez: Cu\u00e9n Ojeda"}]},{"@type":"WebSite","@id":"https:\/\/fuentesfidedignas.com.mx\/#website","url":"https:\/\/fuentesfidedignas.com.mx\/","name":"Fuentes Fidedignas","description":"Otro sitio realizado con WordPress","publisher":{"@id":"https:\/\/fuentesfidedignas.com.mx\/#organization"},"potentialAction":[{"@type":"SearchAction","target":{"@type":"EntryPoint","urlTemplate":"https:\/\/fuentesfidedignas.com.mx\/?s={search_term_string}"},"query-input":{"@type":"PropertyValueSpecification","valueRequired":true,"valueName":"search_term_string"}}],"inLanguage":"es"},{"@type":"Organization","@id":"https:\/\/fuentesfidedignas.com.mx\/#organization","name":"Fuentes Fidedignas","url":"https:\/\/fuentesfidedignas.com.mx\/","logo":{"@type":"ImageObject","inLanguage":"es","@id":"https:\/\/fuentesfidedignas.com.mx\/#\/schema\/logo\/image\/","url":"https:\/\/fuentesfidedignas.com.mx\/wp-content\/uploads\/2021\/04\/logo-retina.png","contentUrl":"https:\/\/fuentesfidedignas.com.mx\/wp-content\/uploads\/2021\/04\/logo-retina.png","width":280,"height":51,"caption":"Fuentes Fidedignas"},"image":{"@id":"https:\/\/fuentesfidedignas.com.mx\/#\/schema\/logo\/image\/"},"sameAs":["https:\/\/www.facebook.com\/Fuentes-Fidedignas-368234489921644","https:\/\/x.com\/fidedignas"]},{"@type":"Person","@id":"https:\/\/fuentesfidedignas.com.mx\/#\/schema\/person\/331be9283d37198e2acd5750279085b0","name":"Redacci\u00f3n","image":{"@type":"ImageObject","inLanguage":"es","@id":"https:\/\/secure.gravatar.com\/avatar\/f6d8782c11d12b2d4ad3fbb6931aeab5309937a4d6cd2fc9cfaa28a6396a5aec?s=96&d=mm&r=g","url":"https:\/\/secure.gravatar.com\/avatar\/f6d8782c11d12b2d4ad3fbb6931aeab5309937a4d6cd2fc9cfaa28a6396a5aec?s=96&d=mm&r=g","contentUrl":"https:\/\/secure.gravatar.com\/avatar\/f6d8782c11d12b2d4ad3fbb6931aeab5309937a4d6cd2fc9cfaa28a6396a5aec?s=96&d=mm&r=g","caption":"Redacci\u00f3n"},"url":"https:\/\/fuentesfidedignas.com.mx\/index.php\/author\/redaccion\/"}]}},"_links":{"self":[{"href":"https:\/\/fuentesfidedignas.com.mx\/index.php\/wp-json\/wp\/v2\/posts\/76204","targetHints":{"allow":["GET"]}}],"collection":[{"href":"https:\/\/fuentesfidedignas.com.mx\/index.php\/wp-json\/wp\/v2\/posts"}],"about":[{"href":"https:\/\/fuentesfidedignas.com.mx\/index.php\/wp-json\/wp\/v2\/types\/post"}],"author":[{"embeddable":true,"href":"https:\/\/fuentesfidedignas.com.mx\/index.php\/wp-json\/wp\/v2\/users\/4"}],"replies":[{"embeddable":true,"href":"https:\/\/fuentesfidedignas.com.mx\/index.php\/wp-json\/wp\/v2\/comments?post=76204"}],"version-history":[{"count":1,"href":"https:\/\/fuentesfidedignas.com.mx\/index.php\/wp-json\/wp\/v2\/posts\/76204\/revisions"}],"predecessor-version":[{"id":76206,"href":"https:\/\/fuentesfidedignas.com.mx\/index.php\/wp-json\/wp\/v2\/posts\/76204\/revisions\/76206"}],"wp:featuredmedia":[{"embeddable":true,"href":"https:\/\/fuentesfidedignas.com.mx\/index.php\/wp-json\/wp\/v2\/media\/76205"}],"wp:attachment":[{"href":"https:\/\/fuentesfidedignas.com.mx\/index.php\/wp-json\/wp\/v2\/media?parent=76204"}],"wp:term":[{"taxonomy":"category","embeddable":true,"href":"https:\/\/fuentesfidedignas.com.mx\/index.php\/wp-json\/wp\/v2\/categories?post=76204"},{"taxonomy":"post_tag","embeddable":true,"href":"https:\/\/fuentesfidedignas.com.mx\/index.php\/wp-json\/wp\/v2\/tags?post=76204"}],"curies":[{"name":"wp","href":"https:\/\/api.w.org\/{rel}","templated":true}]}}