{"id":76153,"date":"2024-03-07T10:07:42","date_gmt":"2024-03-07T17:07:42","guid":{"rendered":"https:\/\/fuentesfidedignas.com.mx\/?p=76153"},"modified":"2024-03-07T12:53:01","modified_gmt":"2024-03-07T19:53:01","slug":"se-desploma-helicoptero-de-la-marina-tras-enredarse-en-cableado-fue-entre-culiacan-y-elota","status":"publish","type":"post","link":"https:\/\/fuentesfidedignas.com.mx\/index.php\/2024\/03\/07\/se-desploma-helicoptero-de-la-marina-tras-enredarse-en-cableado-fue-entre-culiacan-y-elota\/","title":{"rendered":"Se desploma helic\u00f3ptero de la Marina tras enredarse en cableado entre Culiac\u00e1n y Elota"},"content":{"rendered":"\n<p><strong><em>El helic\u00f3ptero de la Marina cay\u00f3 y se incendi\u00f3 luego de tocar unos cables de alta tensi\u00f3n de la Comisi\u00f3n Federal de Electricidad<\/em><\/strong><\/p>\n\n\n\n<p>Culiac\u00e1n, Sin. La ma\u00f1ana de este jueves se registr\u00f3 otro desplome de un helic\u00f3ptero de la Secretar\u00eda de la Marina (Semar), de acuerdo con informaci\u00f3n de Radio F\u00f3rmula.<\/p>\n\n\n\n<figure class=\"wp-block-embed is-type-rich is-provider-twitter wp-block-embed-twitter\"><div class=\"wp-block-embed__wrapper\">\n<blockquote class=\"twitter-tweet\" data-width=\"550\" data-dnt=\"true\"><p lang=\"es\" dir=\"ltr\"><a href=\"https:\/\/twitter.com\/hashtag\/%C3%9ALTIMAHORA?src=hash&amp;ref_src=twsrc%5Etfw\">#\u00daLTIMAHORA<\/a> \ud83d\udea8 Cae helic\u00f3ptero de la Marina al sur de Culiac\u00e1n tras enredarse en cableado de la CFE.<br><br>\ud83c\udfa5: Especial <a href=\"https:\/\/t.co\/qO2jHFP1ff\">pic.twitter.com\/qO2jHFP1ff<\/a><\/p>&mdash; Grupo F\u00f3rmula (@Radio_Formula) <a href=\"https:\/\/twitter.com\/Radio_Formula\/status\/1765783030549885008?ref_src=twsrc%5Etfw\">March 7, 2024<\/a><\/blockquote><script async src=\"https:\/\/platform.twitter.com\/widgets.js\" charset=\"utf-8\"><\/script>\n<\/div><\/figure>\n\n\n\n<p>El helic\u00f3ptero cay\u00f3 y se incendi\u00f3 luego de tocar unos cables de alta tensi\u00f3n de la Comisi\u00f3n Federal de Electricidad.<\/p>\n\n\n\n<p>Se estaban realizando recorridos a\u00e9reos entre la comunidad de Baila y el Espinal en el momento del desplome.<\/p>\n\n\n\n<p>En estos momentos los cuerpos de rescate y autoridades policiacas se trasladan al lugar.<\/p>\n\n\n\n<figure class=\"wp-block-image\"><img decoding=\"async\" src=\"https:\/\/www.radioformula.com.mx\/u\/fotografias\/m\/2024\/3\/7\/f768x1-761242_761369_5050.jpeg\" alt=\"\"\/><\/figure>\n\n\n\n<p>Los hechos se habr\u00edan registrado entre Culiac\u00e1n y el municipio de Elota, Sinaloa.<\/p>\n\n\n\n<p>La ca\u00edda de este nuevo helic\u00f3ptero se da luego de que uno m\u00e1s &#8216;explot\u00f3&#8217; la tarde del mi\u00e9rcoles; dicho incidente dej\u00f3 un saldo de &nbsp;tres muertos y dos desaparecidos.<\/p>\n","protected":false},"excerpt":{"rendered":"<p>El helic\u00f3ptero de la Marina cay\u00f3 y se incendi\u00f3 luego de tocar unos cables de alta tensi\u00f3n de la Comisi\u00f3n Federal de Electricidad Culiac\u00e1n, Sin. La ma\u00f1ana de este jueves se registr\u00f3 otro desplome de un helic\u00f3ptero de la Secretar\u00eda de la Marina (Semar), de acuerdo con informaci\u00f3n de Radio F\u00f3rmula. El helic\u00f3ptero cay\u00f3 y [&hellip;]<\/p>\n","protected":false},"author":158,"featured_media":76152,"comment_status":"open","ping_status":"open","sticky":false,"template":"","format":"standard","meta":{"tdm_status":"","tdm_grid_status":"","footnotes":""},"categories":[1],"tags":[],"class_list":{"0":"post-76153","1":"post","2":"type-post","3":"status-publish","4":"format-standard","5":"has-post-thumbnail","7":"category-sin-categoria"},"yoast_head":"<!-- This site is optimized with the Yoast SEO plugin v27.5 - https:\/\/yoast.com\/product\/yoast-seo-wordpress\/ -->\n<title>Se desploma helic\u00f3ptero de la Marina tras enredarse en cableado entre Culiac\u00e1n y Elota - Fuentes Fidedignas<\/title>\n<meta name=\"robots\" content=\"index, follow, max-snippet:-1, max-image-preview:large, max-video-preview:-1\" \/>\n<link rel=\"canonical\" href=\"https:\/\/fuentesfidedignas.com.mx\/index.php\/2024\/03\/07\/se-desploma-helicoptero-de-la-marina-tras-enredarse-en-cableado-fue-entre-culiacan-y-elota\/\" \/>\n<meta property=\"og:locale\" content=\"es_MX\" \/>\n<meta property=\"og:type\" content=\"article\" \/>\n<meta property=\"og:title\" content=\"Se desploma helic\u00f3ptero de la Marina tras enredarse en cableado entre Culiac\u00e1n y Elota - Fuentes Fidedignas\" \/>\n<meta property=\"og:description\" content=\"El helic\u00f3ptero de la Marina cay\u00f3 y se incendi\u00f3 luego de tocar unos cables de alta tensi\u00f3n de la Comisi\u00f3n Federal de Electricidad Culiac\u00e1n, Sin. La ma\u00f1ana de este jueves se registr\u00f3 otro desplome de un helic\u00f3ptero de la Secretar\u00eda de la Marina (Semar), de acuerdo con informaci\u00f3n de Radio F\u00f3rmula. El helic\u00f3ptero cay\u00f3 y [&hellip;]\" \/>\n<meta property=\"og:url\" content=\"https:\/\/fuentesfidedignas.com.mx\/index.php\/2024\/03\/07\/se-desploma-helicoptero-de-la-marina-tras-enredarse-en-cableado-fue-entre-culiacan-y-elota\/\" \/>\n<meta property=\"og:site_name\" content=\"Fuentes Fidedignas\" \/>\n<meta property=\"article:publisher\" content=\"https:\/\/www.facebook.com\/Fuentes-Fidedignas-368234489921644\" \/>\n<meta property=\"article:published_time\" content=\"2024-03-07T17:07:42+00:00\" \/>\n<meta property=\"article:modified_time\" content=\"2024-03-07T19:53:01+00:00\" \/>\n<meta property=\"og:image\" content=\"https:\/\/fuentesfidedignas.com.mx\/wp-content\/uploads\/2024\/03\/img_2971-1.jpg\" \/>\n\t<meta property=\"og:image:width\" content=\"729\" \/>\n\t<meta property=\"og:image:height\" content=\"421\" \/>\n\t<meta property=\"og:image:type\" content=\"image\/jpeg\" \/>\n<meta name=\"author\" content=\"Radio F\u00f3rmula\" \/>\n<meta name=\"twitter:card\" content=\"summary_large_image\" \/>\n<meta name=\"twitter:creator\" content=\"@fidedignas\" \/>\n<meta name=\"twitter:site\" content=\"@fidedignas\" \/>\n<meta name=\"twitter:label1\" content=\"Escrito por\" \/>\n\t<meta name=\"twitter:data1\" content=\"Radio F\u00f3rmula\" \/>\n\t<meta name=\"twitter:label2\" content=\"Tiempo de lectura\" \/>\n\t<meta name=\"twitter:data2\" content=\"2 minutos\" \/>\n<script type=\"application\/ld+json\" class=\"yoast-schema-graph\">{\"@context\":\"https:\\\/\\\/schema.org\",\"@graph\":[{\"@type\":\"Article\",\"@id\":\"https:\\\/\\\/fuentesfidedignas.com.mx\\\/index.php\\\/2024\\\/03\\\/07\\\/se-desploma-helicoptero-de-la-marina-tras-enredarse-en-cableado-fue-entre-culiacan-y-elota\\\/#article\",\"isPartOf\":{\"@id\":\"https:\\\/\\\/fuentesfidedignas.com.mx\\\/index.php\\\/2024\\\/03\\\/07\\\/se-desploma-helicoptero-de-la-marina-tras-enredarse-en-cableado-fue-entre-culiacan-y-elota\\\/\"},\"author\":{\"name\":\"Radio F\u00f3rmula\",\"@id\":\"https:\\\/\\\/fuentesfidedignas.com.mx\\\/#\\\/schema\\\/person\\\/744ae43ded9346b0c08cd80379a26e5a\"},\"headline\":\"Se desploma helic\u00f3ptero de la Marina tras enredarse en cableado entre Culiac\u00e1n y Elota\",\"datePublished\":\"2024-03-07T17:07:42+00:00\",\"dateModified\":\"2024-03-07T19:53:01+00:00\",\"mainEntityOfPage\":{\"@id\":\"https:\\\/\\\/fuentesfidedignas.com.mx\\\/index.php\\\/2024\\\/03\\\/07\\\/se-desploma-helicoptero-de-la-marina-tras-enredarse-en-cableado-fue-entre-culiacan-y-elota\\\/\"},\"wordCount\":188,\"commentCount\":0,\"publisher\":{\"@id\":\"https:\\\/\\\/fuentesfidedignas.com.mx\\\/#organization\"},\"image\":{\"@id\":\"https:\\\/\\\/fuentesfidedignas.com.mx\\\/index.php\\\/2024\\\/03\\\/07\\\/se-desploma-helicoptero-de-la-marina-tras-enredarse-en-cableado-fue-entre-culiacan-y-elota\\\/#primaryimage\"},\"thumbnailUrl\":\"https:\\\/\\\/fuentesfidedignas.com.mx\\\/wp-content\\\/uploads\\\/2024\\\/03\\\/img_2971-1.jpg\",\"inLanguage\":\"es\",\"potentialAction\":[{\"@type\":\"CommentAction\",\"name\":\"Comment\",\"target\":[\"https:\\\/\\\/fuentesfidedignas.com.mx\\\/index.php\\\/2024\\\/03\\\/07\\\/se-desploma-helicoptero-de-la-marina-tras-enredarse-en-cableado-fue-entre-culiacan-y-elota\\\/#respond\"]}]},{\"@type\":\"WebPage\",\"@id\":\"https:\\\/\\\/fuentesfidedignas.com.mx\\\/index.php\\\/2024\\\/03\\\/07\\\/se-desploma-helicoptero-de-la-marina-tras-enredarse-en-cableado-fue-entre-culiacan-y-elota\\\/\",\"url\":\"https:\\\/\\\/fuentesfidedignas.com.mx\\\/index.php\\\/2024\\\/03\\\/07\\\/se-desploma-helicoptero-de-la-marina-tras-enredarse-en-cableado-fue-entre-culiacan-y-elota\\\/\",\"name\":\"Se desploma helic\u00f3ptero de la Marina tras enredarse en cableado entre Culiac\u00e1n y Elota - Fuentes Fidedignas\",\"isPartOf\":{\"@id\":\"https:\\\/\\\/fuentesfidedignas.com.mx\\\/#website\"},\"primaryImageOfPage\":{\"@id\":\"https:\\\/\\\/fuentesfidedignas.com.mx\\\/index.php\\\/2024\\\/03\\\/07\\\/se-desploma-helicoptero-de-la-marina-tras-enredarse-en-cableado-fue-entre-culiacan-y-elota\\\/#primaryimage\"},\"image\":{\"@id\":\"https:\\\/\\\/fuentesfidedignas.com.mx\\\/index.php\\\/2024\\\/03\\\/07\\\/se-desploma-helicoptero-de-la-marina-tras-enredarse-en-cableado-fue-entre-culiacan-y-elota\\\/#primaryimage\"},\"thumbnailUrl\":\"https:\\\/\\\/fuentesfidedignas.com.mx\\\/wp-content\\\/uploads\\\/2024\\\/03\\\/img_2971-1.jpg\",\"datePublished\":\"2024-03-07T17:07:42+00:00\",\"dateModified\":\"2024-03-07T19:53:01+00:00\",\"breadcrumb\":{\"@id\":\"https:\\\/\\\/fuentesfidedignas.com.mx\\\/index.php\\\/2024\\\/03\\\/07\\\/se-desploma-helicoptero-de-la-marina-tras-enredarse-en-cableado-fue-entre-culiacan-y-elota\\\/#breadcrumb\"},\"inLanguage\":\"es\",\"potentialAction\":[{\"@type\":\"ReadAction\",\"target\":[\"https:\\\/\\\/fuentesfidedignas.com.mx\\\/index.php\\\/2024\\\/03\\\/07\\\/se-desploma-helicoptero-de-la-marina-tras-enredarse-en-cableado-fue-entre-culiacan-y-elota\\\/\"]}]},{\"@type\":\"ImageObject\",\"inLanguage\":\"es\",\"@id\":\"https:\\\/\\\/fuentesfidedignas.com.mx\\\/index.php\\\/2024\\\/03\\\/07\\\/se-desploma-helicoptero-de-la-marina-tras-enredarse-en-cableado-fue-entre-culiacan-y-elota\\\/#primaryimage\",\"url\":\"https:\\\/\\\/fuentesfidedignas.com.mx\\\/wp-content\\\/uploads\\\/2024\\\/03\\\/img_2971-1.jpg\",\"contentUrl\":\"https:\\\/\\\/fuentesfidedignas.com.mx\\\/wp-content\\\/uploads\\\/2024\\\/03\\\/img_2971-1.jpg\",\"width\":729,\"height\":421},{\"@type\":\"BreadcrumbList\",\"@id\":\"https:\\\/\\\/fuentesfidedignas.com.mx\\\/index.php\\\/2024\\\/03\\\/07\\\/se-desploma-helicoptero-de-la-marina-tras-enredarse-en-cableado-fue-entre-culiacan-y-elota\\\/#breadcrumb\",\"itemListElement\":[{\"@type\":\"ListItem\",\"position\":1,\"name\":\"Inicio\",\"item\":\"https:\\\/\\\/fuentesfidedignas.com.mx\\\/\"},{\"@type\":\"ListItem\",\"position\":2,\"name\":\"Se desploma helic\u00f3ptero de la Marina tras enredarse en cableado entre Culiac\u00e1n y Elota\"}]},{\"@type\":\"WebSite\",\"@id\":\"https:\\\/\\\/fuentesfidedignas.com.mx\\\/#website\",\"url\":\"https:\\\/\\\/fuentesfidedignas.com.mx\\\/\",\"name\":\"Fuentes Fidedignas\",\"description\":\"Otro sitio realizado con WordPress\",\"publisher\":{\"@id\":\"https:\\\/\\\/fuentesfidedignas.com.mx\\\/#organization\"},\"potentialAction\":[{\"@type\":\"SearchAction\",\"target\":{\"@type\":\"EntryPoint\",\"urlTemplate\":\"https:\\\/\\\/fuentesfidedignas.com.mx\\\/?s={search_term_string}\"},\"query-input\":{\"@type\":\"PropertyValueSpecification\",\"valueRequired\":true,\"valueName\":\"search_term_string\"}}],\"inLanguage\":\"es\"},{\"@type\":\"Organization\",\"@id\":\"https:\\\/\\\/fuentesfidedignas.com.mx\\\/#organization\",\"name\":\"Fuentes Fidedignas\",\"url\":\"https:\\\/\\\/fuentesfidedignas.com.mx\\\/\",\"logo\":{\"@type\":\"ImageObject\",\"inLanguage\":\"es\",\"@id\":\"https:\\\/\\\/fuentesfidedignas.com.mx\\\/#\\\/schema\\\/logo\\\/image\\\/\",\"url\":\"https:\\\/\\\/fuentesfidedignas.com.mx\\\/wp-content\\\/uploads\\\/2021\\\/04\\\/logo-retina.png\",\"contentUrl\":\"https:\\\/\\\/fuentesfidedignas.com.mx\\\/wp-content\\\/uploads\\\/2021\\\/04\\\/logo-retina.png\",\"width\":280,\"height\":51,\"caption\":\"Fuentes Fidedignas\"},\"image\":{\"@id\":\"https:\\\/\\\/fuentesfidedignas.com.mx\\\/#\\\/schema\\\/logo\\\/image\\\/\"},\"sameAs\":[\"https:\\\/\\\/www.facebook.com\\\/Fuentes-Fidedignas-368234489921644\",\"https:\\\/\\\/x.com\\\/fidedignas\"]},{\"@type\":\"Person\",\"@id\":\"https:\\\/\\\/fuentesfidedignas.com.mx\\\/#\\\/schema\\\/person\\\/744ae43ded9346b0c08cd80379a26e5a\",\"name\":\"Radio F\u00f3rmula\",\"image\":{\"@type\":\"ImageObject\",\"inLanguage\":\"es\",\"@id\":\"https:\\\/\\\/secure.gravatar.com\\\/avatar\\\/8b3636bcbe67d5e8288930c40f0de6b652d84ca0c59d2a05dc8bc3fa7e5820a5?s=96&d=mm&r=g\",\"url\":\"https:\\\/\\\/secure.gravatar.com\\\/avatar\\\/8b3636bcbe67d5e8288930c40f0de6b652d84ca0c59d2a05dc8bc3fa7e5820a5?s=96&d=mm&r=g\",\"contentUrl\":\"https:\\\/\\\/secure.gravatar.com\\\/avatar\\\/8b3636bcbe67d5e8288930c40f0de6b652d84ca0c59d2a05dc8bc3fa7e5820a5?s=96&d=mm&r=g\",\"caption\":\"Radio F\u00f3rmula\"},\"url\":\"https:\\\/\\\/fuentesfidedignas.com.mx\\\/index.php\\\/author\\\/radioformula\\\/\"}]}<\/script>\n<!-- \/ Yoast SEO plugin. -->","yoast_head_json":{"title":"Se desploma helic\u00f3ptero de la Marina tras enredarse en cableado entre Culiac\u00e1n y Elota - Fuentes Fidedignas","robots":{"index":"index","follow":"follow","max-snippet":"max-snippet:-1","max-image-preview":"max-image-preview:large","max-video-preview":"max-video-preview:-1"},"canonical":"https:\/\/fuentesfidedignas.com.mx\/index.php\/2024\/03\/07\/se-desploma-helicoptero-de-la-marina-tras-enredarse-en-cableado-fue-entre-culiacan-y-elota\/","og_locale":"es_MX","og_type":"article","og_title":"Se desploma helic\u00f3ptero de la Marina tras enredarse en cableado entre Culiac\u00e1n y Elota - Fuentes Fidedignas","og_description":"El helic\u00f3ptero de la Marina cay\u00f3 y se incendi\u00f3 luego de tocar unos cables de alta tensi\u00f3n de la Comisi\u00f3n Federal de Electricidad Culiac\u00e1n, Sin. La ma\u00f1ana de este jueves se registr\u00f3 otro desplome de un helic\u00f3ptero de la Secretar\u00eda de la Marina (Semar), de acuerdo con informaci\u00f3n de Radio F\u00f3rmula. El helic\u00f3ptero cay\u00f3 y [&hellip;]","og_url":"https:\/\/fuentesfidedignas.com.mx\/index.php\/2024\/03\/07\/se-desploma-helicoptero-de-la-marina-tras-enredarse-en-cableado-fue-entre-culiacan-y-elota\/","og_site_name":"Fuentes Fidedignas","article_publisher":"https:\/\/www.facebook.com\/Fuentes-Fidedignas-368234489921644","article_published_time":"2024-03-07T17:07:42+00:00","article_modified_time":"2024-03-07T19:53:01+00:00","og_image":[{"width":729,"height":421,"url":"https:\/\/fuentesfidedignas.com.mx\/wp-content\/uploads\/2024\/03\/img_2971-1.jpg","type":"image\/jpeg"}],"author":"Radio F\u00f3rmula","twitter_card":"summary_large_image","twitter_creator":"@fidedignas","twitter_site":"@fidedignas","twitter_misc":{"Escrito por":"Radio F\u00f3rmula","Tiempo de lectura":"2 minutos"},"schema":{"@context":"https:\/\/schema.org","@graph":[{"@type":"Article","@id":"https:\/\/fuentesfidedignas.com.mx\/index.php\/2024\/03\/07\/se-desploma-helicoptero-de-la-marina-tras-enredarse-en-cableado-fue-entre-culiacan-y-elota\/#article","isPartOf":{"@id":"https:\/\/fuentesfidedignas.com.mx\/index.php\/2024\/03\/07\/se-desploma-helicoptero-de-la-marina-tras-enredarse-en-cableado-fue-entre-culiacan-y-elota\/"},"author":{"name":"Radio F\u00f3rmula","@id":"https:\/\/fuentesfidedignas.com.mx\/#\/schema\/person\/744ae43ded9346b0c08cd80379a26e5a"},"headline":"Se desploma helic\u00f3ptero de la Marina tras enredarse en cableado entre Culiac\u00e1n y Elota","datePublished":"2024-03-07T17:07:42+00:00","dateModified":"2024-03-07T19:53:01+00:00","mainEntityOfPage":{"@id":"https:\/\/fuentesfidedignas.com.mx\/index.php\/2024\/03\/07\/se-desploma-helicoptero-de-la-marina-tras-enredarse-en-cableado-fue-entre-culiacan-y-elota\/"},"wordCount":188,"commentCount":0,"publisher":{"@id":"https:\/\/fuentesfidedignas.com.mx\/#organization"},"image":{"@id":"https:\/\/fuentesfidedignas.com.mx\/index.php\/2024\/03\/07\/se-desploma-helicoptero-de-la-marina-tras-enredarse-en-cableado-fue-entre-culiacan-y-elota\/#primaryimage"},"thumbnailUrl":"https:\/\/fuentesfidedignas.com.mx\/wp-content\/uploads\/2024\/03\/img_2971-1.jpg","inLanguage":"es","potentialAction":[{"@type":"CommentAction","name":"Comment","target":["https:\/\/fuentesfidedignas.com.mx\/index.php\/2024\/03\/07\/se-desploma-helicoptero-de-la-marina-tras-enredarse-en-cableado-fue-entre-culiacan-y-elota\/#respond"]}]},{"@type":"WebPage","@id":"https:\/\/fuentesfidedignas.com.mx\/index.php\/2024\/03\/07\/se-desploma-helicoptero-de-la-marina-tras-enredarse-en-cableado-fue-entre-culiacan-y-elota\/","url":"https:\/\/fuentesfidedignas.com.mx\/index.php\/2024\/03\/07\/se-desploma-helicoptero-de-la-marina-tras-enredarse-en-cableado-fue-entre-culiacan-y-elota\/","name":"Se desploma helic\u00f3ptero de la Marina tras enredarse en cableado entre Culiac\u00e1n y Elota - Fuentes Fidedignas","isPartOf":{"@id":"https:\/\/fuentesfidedignas.com.mx\/#website"},"primaryImageOfPage":{"@id":"https:\/\/fuentesfidedignas.com.mx\/index.php\/2024\/03\/07\/se-desploma-helicoptero-de-la-marina-tras-enredarse-en-cableado-fue-entre-culiacan-y-elota\/#primaryimage"},"image":{"@id":"https:\/\/fuentesfidedignas.com.mx\/index.php\/2024\/03\/07\/se-desploma-helicoptero-de-la-marina-tras-enredarse-en-cableado-fue-entre-culiacan-y-elota\/#primaryimage"},"thumbnailUrl":"https:\/\/fuentesfidedignas.com.mx\/wp-content\/uploads\/2024\/03\/img_2971-1.jpg","datePublished":"2024-03-07T17:07:42+00:00","dateModified":"2024-03-07T19:53:01+00:00","breadcrumb":{"@id":"https:\/\/fuentesfidedignas.com.mx\/index.php\/2024\/03\/07\/se-desploma-helicoptero-de-la-marina-tras-enredarse-en-cableado-fue-entre-culiacan-y-elota\/#breadcrumb"},"inLanguage":"es","potentialAction":[{"@type":"ReadAction","target":["https:\/\/fuentesfidedignas.com.mx\/index.php\/2024\/03\/07\/se-desploma-helicoptero-de-la-marina-tras-enredarse-en-cableado-fue-entre-culiacan-y-elota\/"]}]},{"@type":"ImageObject","inLanguage":"es","@id":"https:\/\/fuentesfidedignas.com.mx\/index.php\/2024\/03\/07\/se-desploma-helicoptero-de-la-marina-tras-enredarse-en-cableado-fue-entre-culiacan-y-elota\/#primaryimage","url":"https:\/\/fuentesfidedignas.com.mx\/wp-content\/uploads\/2024\/03\/img_2971-1.jpg","contentUrl":"https:\/\/fuentesfidedignas.com.mx\/wp-content\/uploads\/2024\/03\/img_2971-1.jpg","width":729,"height":421},{"@type":"BreadcrumbList","@id":"https:\/\/fuentesfidedignas.com.mx\/index.php\/2024\/03\/07\/se-desploma-helicoptero-de-la-marina-tras-enredarse-en-cableado-fue-entre-culiacan-y-elota\/#breadcrumb","itemListElement":[{"@type":"ListItem","position":1,"name":"Inicio","item":"https:\/\/fuentesfidedignas.com.mx\/"},{"@type":"ListItem","position":2,"name":"Se desploma helic\u00f3ptero de la Marina tras enredarse en cableado entre Culiac\u00e1n y Elota"}]},{"@type":"WebSite","@id":"https:\/\/fuentesfidedignas.com.mx\/#website","url":"https:\/\/fuentesfidedignas.com.mx\/","name":"Fuentes Fidedignas","description":"Otro sitio realizado con WordPress","publisher":{"@id":"https:\/\/fuentesfidedignas.com.mx\/#organization"},"potentialAction":[{"@type":"SearchAction","target":{"@type":"EntryPoint","urlTemplate":"https:\/\/fuentesfidedignas.com.mx\/?s={search_term_string}"},"query-input":{"@type":"PropertyValueSpecification","valueRequired":true,"valueName":"search_term_string"}}],"inLanguage":"es"},{"@type":"Organization","@id":"https:\/\/fuentesfidedignas.com.mx\/#organization","name":"Fuentes Fidedignas","url":"https:\/\/fuentesfidedignas.com.mx\/","logo":{"@type":"ImageObject","inLanguage":"es","@id":"https:\/\/fuentesfidedignas.com.mx\/#\/schema\/logo\/image\/","url":"https:\/\/fuentesfidedignas.com.mx\/wp-content\/uploads\/2021\/04\/logo-retina.png","contentUrl":"https:\/\/fuentesfidedignas.com.mx\/wp-content\/uploads\/2021\/04\/logo-retina.png","width":280,"height":51,"caption":"Fuentes Fidedignas"},"image":{"@id":"https:\/\/fuentesfidedignas.com.mx\/#\/schema\/logo\/image\/"},"sameAs":["https:\/\/www.facebook.com\/Fuentes-Fidedignas-368234489921644","https:\/\/x.com\/fidedignas"]},{"@type":"Person","@id":"https:\/\/fuentesfidedignas.com.mx\/#\/schema\/person\/744ae43ded9346b0c08cd80379a26e5a","name":"Radio F\u00f3rmula","image":{"@type":"ImageObject","inLanguage":"es","@id":"https:\/\/secure.gravatar.com\/avatar\/8b3636bcbe67d5e8288930c40f0de6b652d84ca0c59d2a05dc8bc3fa7e5820a5?s=96&d=mm&r=g","url":"https:\/\/secure.gravatar.com\/avatar\/8b3636bcbe67d5e8288930c40f0de6b652d84ca0c59d2a05dc8bc3fa7e5820a5?s=96&d=mm&r=g","contentUrl":"https:\/\/secure.gravatar.com\/avatar\/8b3636bcbe67d5e8288930c40f0de6b652d84ca0c59d2a05dc8bc3fa7e5820a5?s=96&d=mm&r=g","caption":"Radio F\u00f3rmula"},"url":"https:\/\/fuentesfidedignas.com.mx\/index.php\/author\/radioformula\/"}]}},"_links":{"self":[{"href":"https:\/\/fuentesfidedignas.com.mx\/index.php\/wp-json\/wp\/v2\/posts\/76153","targetHints":{"allow":["GET"]}}],"collection":[{"href":"https:\/\/fuentesfidedignas.com.mx\/index.php\/wp-json\/wp\/v2\/posts"}],"about":[{"href":"https:\/\/fuentesfidedignas.com.mx\/index.php\/wp-json\/wp\/v2\/types\/post"}],"author":[{"embeddable":true,"href":"https:\/\/fuentesfidedignas.com.mx\/index.php\/wp-json\/wp\/v2\/users\/158"}],"replies":[{"embeddable":true,"href":"https:\/\/fuentesfidedignas.com.mx\/index.php\/wp-json\/wp\/v2\/comments?post=76153"}],"version-history":[{"count":2,"href":"https:\/\/fuentesfidedignas.com.mx\/index.php\/wp-json\/wp\/v2\/posts\/76153\/revisions"}],"predecessor-version":[{"id":76155,"href":"https:\/\/fuentesfidedignas.com.mx\/index.php\/wp-json\/wp\/v2\/posts\/76153\/revisions\/76155"}],"wp:featuredmedia":[{"embeddable":true,"href":"https:\/\/fuentesfidedignas.com.mx\/index.php\/wp-json\/wp\/v2\/media\/76152"}],"wp:attachment":[{"href":"https:\/\/fuentesfidedignas.com.mx\/index.php\/wp-json\/wp\/v2\/media?parent=76153"}],"wp:term":[{"taxonomy":"category","embeddable":true,"href":"https:\/\/fuentesfidedignas.com.mx\/index.php\/wp-json\/wp\/v2\/categories?post=76153"},{"taxonomy":"post_tag","embeddable":true,"href":"https:\/\/fuentesfidedignas.com.mx\/index.php\/wp-json\/wp\/v2\/tags?post=76153"}],"curies":[{"name":"wp","href":"https:\/\/api.w.org\/{rel}","templated":true}]}}