{"id":7613,"date":"2021-07-16T10:11:49","date_gmt":"2021-07-16T17:11:49","guid":{"rendered":"https:\/\/fuentesfidedignas.com.mx\/?p=7613"},"modified":"2021-07-16T10:11:51","modified_gmt":"2021-07-16T17:11:51","slug":"sinaloa-coincide-con-amlo-regreso-a-clases-es-por-convencimiento-nada-por-la-fuerza","status":"publish","type":"post","link":"https:\/\/fuentesfidedignas.com.mx\/index.php\/2021\/07\/16\/sinaloa-coincide-con-amlo-regreso-a-clases-es-por-convencimiento-nada-por-la-fuerza\/","title":{"rendered":"Sinaloa coincide con AMLO: regreso a clases es por convencimiento, nada por la fuerza"},"content":{"rendered":"\n<p><strong><em>Asegura SEPyC que en Sinaloa existen elementos para un regreso a clases gradual y focalizad<\/em><\/strong>o<\/p>\n\n\n\n<p>Culiac\u00e1n, Sin.- En Sinaloa, hemos trabajado en la ruta de la apertura gradual, a trav\u00e9s de convencimiento, como bien coment\u00f3 ayer el Presidente Andr\u00e9s Manuel L\u00f3pez Obrador en su conferencia matutina, a las 7:26 am hora de CDMX: \u201cUna cosa es decir \u2018vamos a abrir las escuelas\u2019 y otra es \u2018vamos por la fuerza a abrir las escuelas\u2019, \u00a1no!, por la fuerza nada, es convencimiento\u201d, dijo.<\/p>\n\n\n\n<p>En la ruta del convencimiento el titular de la Secretar\u00eda de Educaci\u00f3n P\u00fablica y Cultura destac\u00f3 que la entidad no ha permanecido a la espera del color del sem\u00e1foro epidemiol\u00f3gico, pues se dise\u00f1aron estrategias que pueden ser consideradas piloto, y que marcar\u00edan la pauta para un posible regreso gradual a las escuelas. A\u00f1adi\u00f3 que es muy importante que exista claridad en c\u00f3mo ser\u00e1 el regreso de las y los alumnos a las aulas, a fin de que exista una ruta a seguir.<\/p>\n\n\n\n<p>En Sinaloa existen elementos para un regreso a clases gradual y focalizado, adem\u00e1s de seguro para las ni\u00f1as, ni\u00f1os y j\u00f3venes, de acuerdo a la instrucci\u00f3n del gobernador Quirino Ordaz Coppel, quien fue reconocido por el presidente de la Rep\u00fablica, Andr\u00e9s Manuel L\u00f3pez Obrador, como el primer mandatario que solicit\u00f3 la vacunaci\u00f3n a las y los maestros del pa\u00eds para un regreso seguro a las escuelas.<\/p>\n\n\n\n<p>Coment\u00f3 que es importante que exista claridad en c\u00f3mo y para qu\u00e9 ser\u00e1 el regreso de las y los alumnos a las aulas, a fin de que exista una ruta a seguir.<\/p>\n\n\n\n<p>En la entidad, dijo, existe evidencia de una ruta clara con la experiencia acumulada en la habilitaci\u00f3n de los Centros Comunitarios de Aprendizaje, adem\u00e1s se despleg\u00f3 un instrumento de valoraci\u00f3n de c\u00f3mo est\u00e1n las y los ni\u00f1os en lo acad\u00e9mico, y se dise\u00f1\u00f3 una nivelaci\u00f3n de acompa\u00f1amiento para el pr\u00f3ximo ciclo escolar.<\/p>\n\n\n\n<p>Mej\u00eda L\u00f3pez se\u00f1al\u00f3 que en la entidad existen elementos para pensar en un regreso gradual, focalizado y socialmente \u00fatil, pues se vacun\u00f3 a m\u00e1s de 76 mil maestras y maestros; se habilitaron 955 CCA, que atendieron a 26 mil 026 ni\u00f1as, ni\u00f1os y j\u00f3venes por parte de 2 mil 450 docentes.<\/p>\n\n\n\n<p>Record\u00f3 que con esta y otras estrategias, en Sinaloa se logr\u00f3 rescatar del abandono escolar a 53 mil 010 ni\u00f1os e indic\u00f3 que en las pr\u00f3ximas semanas se dar\u00e1 a conocer mayor informaci\u00f3n sobre los protocolos a seguir y las particularidades de la estrategia para un regreso a clases que permitan la atenci\u00f3n de 88 mil ni\u00f1os que a\u00fan se encuentran en riesgo de abandono. Estos logros y retos de la educaci\u00f3n en Sinaloa, fue gracias a una estrategia de consenso y convencimiento entre l\u00edderes sindicales, estructura educativa, directores, maestras, maestros, alumnos y personal administrativo.<\/p>\n\n\n\n<p>En el futuro estaremos informando con mayor detenimiento sobre los protocolos necesarios, la organizaci\u00f3n requerida y los ajustes correspondientes con miras a lograr nuestro objetivo: alcanzar un regreso seguro para las y los ni\u00f1os.<\/p>\n","protected":false},"excerpt":{"rendered":"<p>Asegura SEPyC que en Sinaloa existen elementos para un regreso a clases gradual y focalizado Culiac\u00e1n, Sin.- En Sinaloa, hemos trabajado en la ruta de la apertura gradual, a trav\u00e9s de convencimiento, como bien coment\u00f3 ayer el Presidente Andr\u00e9s Manuel L\u00f3pez Obrador en su conferencia matutina, a las 7:26 am hora de CDMX: \u201cUna cosa [&hellip;]<\/p>\n","protected":false},"author":4,"featured_media":7614,"comment_status":"open","ping_status":"open","sticky":false,"template":"","format":"standard","meta":{"tdm_status":"","tdm_grid_status":"","footnotes":""},"categories":[38],"tags":[],"class_list":{"0":"post-7613","1":"post","2":"type-post","3":"status-publish","4":"format-standard","5":"has-post-thumbnail","7":"category-noticias-locales"},"yoast_head":"<!-- This site is optimized with the Yoast SEO plugin v27.5 - https:\/\/yoast.com\/product\/yoast-seo-wordpress\/ -->\n<title>Sinaloa coincide con AMLO: regreso a clases es por convencimiento, nada por la fuerza - Fuentes Fidedignas<\/title>\n<meta name=\"robots\" content=\"index, follow, max-snippet:-1, max-image-preview:large, max-video-preview:-1\" \/>\n<link rel=\"canonical\" href=\"https:\/\/fuentesfidedignas.com.mx\/index.php\/2021\/07\/16\/sinaloa-coincide-con-amlo-regreso-a-clases-es-por-convencimiento-nada-por-la-fuerza\/\" \/>\n<meta property=\"og:locale\" content=\"es_MX\" \/>\n<meta property=\"og:type\" content=\"article\" \/>\n<meta property=\"og:title\" content=\"Sinaloa coincide con AMLO: regreso a clases es por convencimiento, nada por la fuerza - Fuentes Fidedignas\" \/>\n<meta property=\"og:description\" content=\"Asegura SEPyC que en Sinaloa existen elementos para un regreso a clases gradual y focalizado Culiac\u00e1n, Sin.- En Sinaloa, hemos trabajado en la ruta de la apertura gradual, a trav\u00e9s de convencimiento, como bien coment\u00f3 ayer el Presidente Andr\u00e9s Manuel L\u00f3pez Obrador en su conferencia matutina, a las 7:26 am hora de CDMX: \u201cUna cosa [&hellip;]\" \/>\n<meta property=\"og:url\" content=\"https:\/\/fuentesfidedignas.com.mx\/index.php\/2021\/07\/16\/sinaloa-coincide-con-amlo-regreso-a-clases-es-por-convencimiento-nada-por-la-fuerza\/\" \/>\n<meta property=\"og:site_name\" content=\"Fuentes Fidedignas\" \/>\n<meta property=\"article:publisher\" content=\"https:\/\/www.facebook.com\/Fuentes-Fidedignas-368234489921644\" \/>\n<meta property=\"article:published_time\" content=\"2021-07-16T17:11:49+00:00\" \/>\n<meta property=\"article:modified_time\" content=\"2021-07-16T17:11:51+00:00\" \/>\n<meta property=\"og:image\" content=\"https:\/\/fuentesfidedignas.com.mx\/wp-content\/uploads\/2021\/07\/IMG-20210716-WA0005.jpg\" \/>\n\t<meta property=\"og:image:width\" content=\"1280\" \/>\n\t<meta property=\"og:image:height\" content=\"853\" \/>\n\t<meta property=\"og:image:type\" content=\"image\/jpeg\" \/>\n<meta name=\"author\" content=\"Redacci\u00f3n\" \/>\n<meta name=\"twitter:card\" content=\"summary_large_image\" \/>\n<meta name=\"twitter:creator\" content=\"@fidedignas\" \/>\n<meta name=\"twitter:site\" content=\"@fidedignas\" \/>\n<meta name=\"twitter:label1\" content=\"Escrito por\" \/>\n\t<meta name=\"twitter:data1\" content=\"Redacci\u00f3n\" \/>\n\t<meta name=\"twitter:label2\" content=\"Tiempo de lectura\" \/>\n\t<meta name=\"twitter:data2\" content=\"3 minutos\" \/>\n<script type=\"application\/ld+json\" class=\"yoast-schema-graph\">{\"@context\":\"https:\\\/\\\/schema.org\",\"@graph\":[{\"@type\":\"Article\",\"@id\":\"https:\\\/\\\/fuentesfidedignas.com.mx\\\/index.php\\\/2021\\\/07\\\/16\\\/sinaloa-coincide-con-amlo-regreso-a-clases-es-por-convencimiento-nada-por-la-fuerza\\\/#article\",\"isPartOf\":{\"@id\":\"https:\\\/\\\/fuentesfidedignas.com.mx\\\/index.php\\\/2021\\\/07\\\/16\\\/sinaloa-coincide-con-amlo-regreso-a-clases-es-por-convencimiento-nada-por-la-fuerza\\\/\"},\"author\":{\"name\":\"Redacci\u00f3n\",\"@id\":\"https:\\\/\\\/fuentesfidedignas.com.mx\\\/#\\\/schema\\\/person\\\/331be9283d37198e2acd5750279085b0\"},\"headline\":\"Sinaloa coincide con AMLO: regreso a clases es por convencimiento, nada por la fuerza\",\"datePublished\":\"2021-07-16T17:11:49+00:00\",\"dateModified\":\"2021-07-16T17:11:51+00:00\",\"mainEntityOfPage\":{\"@id\":\"https:\\\/\\\/fuentesfidedignas.com.mx\\\/index.php\\\/2021\\\/07\\\/16\\\/sinaloa-coincide-con-amlo-regreso-a-clases-es-por-convencimiento-nada-por-la-fuerza\\\/\"},\"wordCount\":550,\"commentCount\":0,\"publisher\":{\"@id\":\"https:\\\/\\\/fuentesfidedignas.com.mx\\\/#organization\"},\"image\":{\"@id\":\"https:\\\/\\\/fuentesfidedignas.com.mx\\\/index.php\\\/2021\\\/07\\\/16\\\/sinaloa-coincide-con-amlo-regreso-a-clases-es-por-convencimiento-nada-por-la-fuerza\\\/#primaryimage\"},\"thumbnailUrl\":\"https:\\\/\\\/fuentesfidedignas.com.mx\\\/wp-content\\\/uploads\\\/2021\\\/07\\\/IMG-20210716-WA0005.jpg\",\"articleSection\":[\"NOTICIAS LOCALES\"],\"inLanguage\":\"es\",\"potentialAction\":[{\"@type\":\"CommentAction\",\"name\":\"Comment\",\"target\":[\"https:\\\/\\\/fuentesfidedignas.com.mx\\\/index.php\\\/2021\\\/07\\\/16\\\/sinaloa-coincide-con-amlo-regreso-a-clases-es-por-convencimiento-nada-por-la-fuerza\\\/#respond\"]}]},{\"@type\":\"WebPage\",\"@id\":\"https:\\\/\\\/fuentesfidedignas.com.mx\\\/index.php\\\/2021\\\/07\\\/16\\\/sinaloa-coincide-con-amlo-regreso-a-clases-es-por-convencimiento-nada-por-la-fuerza\\\/\",\"url\":\"https:\\\/\\\/fuentesfidedignas.com.mx\\\/index.php\\\/2021\\\/07\\\/16\\\/sinaloa-coincide-con-amlo-regreso-a-clases-es-por-convencimiento-nada-por-la-fuerza\\\/\",\"name\":\"Sinaloa coincide con AMLO: regreso a clases es por convencimiento, nada por la fuerza - Fuentes Fidedignas\",\"isPartOf\":{\"@id\":\"https:\\\/\\\/fuentesfidedignas.com.mx\\\/#website\"},\"primaryImageOfPage\":{\"@id\":\"https:\\\/\\\/fuentesfidedignas.com.mx\\\/index.php\\\/2021\\\/07\\\/16\\\/sinaloa-coincide-con-amlo-regreso-a-clases-es-por-convencimiento-nada-por-la-fuerza\\\/#primaryimage\"},\"image\":{\"@id\":\"https:\\\/\\\/fuentesfidedignas.com.mx\\\/index.php\\\/2021\\\/07\\\/16\\\/sinaloa-coincide-con-amlo-regreso-a-clases-es-por-convencimiento-nada-por-la-fuerza\\\/#primaryimage\"},\"thumbnailUrl\":\"https:\\\/\\\/fuentesfidedignas.com.mx\\\/wp-content\\\/uploads\\\/2021\\\/07\\\/IMG-20210716-WA0005.jpg\",\"datePublished\":\"2021-07-16T17:11:49+00:00\",\"dateModified\":\"2021-07-16T17:11:51+00:00\",\"breadcrumb\":{\"@id\":\"https:\\\/\\\/fuentesfidedignas.com.mx\\\/index.php\\\/2021\\\/07\\\/16\\\/sinaloa-coincide-con-amlo-regreso-a-clases-es-por-convencimiento-nada-por-la-fuerza\\\/#breadcrumb\"},\"inLanguage\":\"es\",\"potentialAction\":[{\"@type\":\"ReadAction\",\"target\":[\"https:\\\/\\\/fuentesfidedignas.com.mx\\\/index.php\\\/2021\\\/07\\\/16\\\/sinaloa-coincide-con-amlo-regreso-a-clases-es-por-convencimiento-nada-por-la-fuerza\\\/\"]}]},{\"@type\":\"ImageObject\",\"inLanguage\":\"es\",\"@id\":\"https:\\\/\\\/fuentesfidedignas.com.mx\\\/index.php\\\/2021\\\/07\\\/16\\\/sinaloa-coincide-con-amlo-regreso-a-clases-es-por-convencimiento-nada-por-la-fuerza\\\/#primaryimage\",\"url\":\"https:\\\/\\\/fuentesfidedignas.com.mx\\\/wp-content\\\/uploads\\\/2021\\\/07\\\/IMG-20210716-WA0005.jpg\",\"contentUrl\":\"https:\\\/\\\/fuentesfidedignas.com.mx\\\/wp-content\\\/uploads\\\/2021\\\/07\\\/IMG-20210716-WA0005.jpg\",\"width\":1280,\"height\":853},{\"@type\":\"BreadcrumbList\",\"@id\":\"https:\\\/\\\/fuentesfidedignas.com.mx\\\/index.php\\\/2021\\\/07\\\/16\\\/sinaloa-coincide-con-amlo-regreso-a-clases-es-por-convencimiento-nada-por-la-fuerza\\\/#breadcrumb\",\"itemListElement\":[{\"@type\":\"ListItem\",\"position\":1,\"name\":\"Inicio\",\"item\":\"https:\\\/\\\/fuentesfidedignas.com.mx\\\/\"},{\"@type\":\"ListItem\",\"position\":2,\"name\":\"Sinaloa coincide con AMLO: regreso a clases es por convencimiento, nada por la fuerza\"}]},{\"@type\":\"WebSite\",\"@id\":\"https:\\\/\\\/fuentesfidedignas.com.mx\\\/#website\",\"url\":\"https:\\\/\\\/fuentesfidedignas.com.mx\\\/\",\"name\":\"Fuentes Fidedignas\",\"description\":\"Otro sitio realizado con WordPress\",\"publisher\":{\"@id\":\"https:\\\/\\\/fuentesfidedignas.com.mx\\\/#organization\"},\"potentialAction\":[{\"@type\":\"SearchAction\",\"target\":{\"@type\":\"EntryPoint\",\"urlTemplate\":\"https:\\\/\\\/fuentesfidedignas.com.mx\\\/?s={search_term_string}\"},\"query-input\":{\"@type\":\"PropertyValueSpecification\",\"valueRequired\":true,\"valueName\":\"search_term_string\"}}],\"inLanguage\":\"es\"},{\"@type\":\"Organization\",\"@id\":\"https:\\\/\\\/fuentesfidedignas.com.mx\\\/#organization\",\"name\":\"Fuentes Fidedignas\",\"url\":\"https:\\\/\\\/fuentesfidedignas.com.mx\\\/\",\"logo\":{\"@type\":\"ImageObject\",\"inLanguage\":\"es\",\"@id\":\"https:\\\/\\\/fuentesfidedignas.com.mx\\\/#\\\/schema\\\/logo\\\/image\\\/\",\"url\":\"https:\\\/\\\/fuentesfidedignas.com.mx\\\/wp-content\\\/uploads\\\/2021\\\/04\\\/logo-retina.png\",\"contentUrl\":\"https:\\\/\\\/fuentesfidedignas.com.mx\\\/wp-content\\\/uploads\\\/2021\\\/04\\\/logo-retina.png\",\"width\":280,\"height\":51,\"caption\":\"Fuentes Fidedignas\"},\"image\":{\"@id\":\"https:\\\/\\\/fuentesfidedignas.com.mx\\\/#\\\/schema\\\/logo\\\/image\\\/\"},\"sameAs\":[\"https:\\\/\\\/www.facebook.com\\\/Fuentes-Fidedignas-368234489921644\",\"https:\\\/\\\/x.com\\\/fidedignas\"]},{\"@type\":\"Person\",\"@id\":\"https:\\\/\\\/fuentesfidedignas.com.mx\\\/#\\\/schema\\\/person\\\/331be9283d37198e2acd5750279085b0\",\"name\":\"Redacci\u00f3n\",\"image\":{\"@type\":\"ImageObject\",\"inLanguage\":\"es\",\"@id\":\"https:\\\/\\\/secure.gravatar.com\\\/avatar\\\/f6d8782c11d12b2d4ad3fbb6931aeab5309937a4d6cd2fc9cfaa28a6396a5aec?s=96&d=mm&r=g\",\"url\":\"https:\\\/\\\/secure.gravatar.com\\\/avatar\\\/f6d8782c11d12b2d4ad3fbb6931aeab5309937a4d6cd2fc9cfaa28a6396a5aec?s=96&d=mm&r=g\",\"contentUrl\":\"https:\\\/\\\/secure.gravatar.com\\\/avatar\\\/f6d8782c11d12b2d4ad3fbb6931aeab5309937a4d6cd2fc9cfaa28a6396a5aec?s=96&d=mm&r=g\",\"caption\":\"Redacci\u00f3n\"},\"url\":\"https:\\\/\\\/fuentesfidedignas.com.mx\\\/index.php\\\/author\\\/redaccion\\\/\"}]}<\/script>\n<!-- \/ Yoast SEO plugin. -->","yoast_head_json":{"title":"Sinaloa coincide con AMLO: regreso a clases es por convencimiento, nada por la fuerza - Fuentes Fidedignas","robots":{"index":"index","follow":"follow","max-snippet":"max-snippet:-1","max-image-preview":"max-image-preview:large","max-video-preview":"max-video-preview:-1"},"canonical":"https:\/\/fuentesfidedignas.com.mx\/index.php\/2021\/07\/16\/sinaloa-coincide-con-amlo-regreso-a-clases-es-por-convencimiento-nada-por-la-fuerza\/","og_locale":"es_MX","og_type":"article","og_title":"Sinaloa coincide con AMLO: regreso a clases es por convencimiento, nada por la fuerza - Fuentes Fidedignas","og_description":"Asegura SEPyC que en Sinaloa existen elementos para un regreso a clases gradual y focalizado Culiac\u00e1n, Sin.- En Sinaloa, hemos trabajado en la ruta de la apertura gradual, a trav\u00e9s de convencimiento, como bien coment\u00f3 ayer el Presidente Andr\u00e9s Manuel L\u00f3pez Obrador en su conferencia matutina, a las 7:26 am hora de CDMX: \u201cUna cosa [&hellip;]","og_url":"https:\/\/fuentesfidedignas.com.mx\/index.php\/2021\/07\/16\/sinaloa-coincide-con-amlo-regreso-a-clases-es-por-convencimiento-nada-por-la-fuerza\/","og_site_name":"Fuentes Fidedignas","article_publisher":"https:\/\/www.facebook.com\/Fuentes-Fidedignas-368234489921644","article_published_time":"2021-07-16T17:11:49+00:00","article_modified_time":"2021-07-16T17:11:51+00:00","og_image":[{"width":1280,"height":853,"url":"https:\/\/fuentesfidedignas.com.mx\/wp-content\/uploads\/2021\/07\/IMG-20210716-WA0005.jpg","type":"image\/jpeg"}],"author":"Redacci\u00f3n","twitter_card":"summary_large_image","twitter_creator":"@fidedignas","twitter_site":"@fidedignas","twitter_misc":{"Escrito por":"Redacci\u00f3n","Tiempo de lectura":"3 minutos"},"schema":{"@context":"https:\/\/schema.org","@graph":[{"@type":"Article","@id":"https:\/\/fuentesfidedignas.com.mx\/index.php\/2021\/07\/16\/sinaloa-coincide-con-amlo-regreso-a-clases-es-por-convencimiento-nada-por-la-fuerza\/#article","isPartOf":{"@id":"https:\/\/fuentesfidedignas.com.mx\/index.php\/2021\/07\/16\/sinaloa-coincide-con-amlo-regreso-a-clases-es-por-convencimiento-nada-por-la-fuerza\/"},"author":{"name":"Redacci\u00f3n","@id":"https:\/\/fuentesfidedignas.com.mx\/#\/schema\/person\/331be9283d37198e2acd5750279085b0"},"headline":"Sinaloa coincide con AMLO: regreso a clases es por convencimiento, nada por la fuerza","datePublished":"2021-07-16T17:11:49+00:00","dateModified":"2021-07-16T17:11:51+00:00","mainEntityOfPage":{"@id":"https:\/\/fuentesfidedignas.com.mx\/index.php\/2021\/07\/16\/sinaloa-coincide-con-amlo-regreso-a-clases-es-por-convencimiento-nada-por-la-fuerza\/"},"wordCount":550,"commentCount":0,"publisher":{"@id":"https:\/\/fuentesfidedignas.com.mx\/#organization"},"image":{"@id":"https:\/\/fuentesfidedignas.com.mx\/index.php\/2021\/07\/16\/sinaloa-coincide-con-amlo-regreso-a-clases-es-por-convencimiento-nada-por-la-fuerza\/#primaryimage"},"thumbnailUrl":"https:\/\/fuentesfidedignas.com.mx\/wp-content\/uploads\/2021\/07\/IMG-20210716-WA0005.jpg","articleSection":["NOTICIAS LOCALES"],"inLanguage":"es","potentialAction":[{"@type":"CommentAction","name":"Comment","target":["https:\/\/fuentesfidedignas.com.mx\/index.php\/2021\/07\/16\/sinaloa-coincide-con-amlo-regreso-a-clases-es-por-convencimiento-nada-por-la-fuerza\/#respond"]}]},{"@type":"WebPage","@id":"https:\/\/fuentesfidedignas.com.mx\/index.php\/2021\/07\/16\/sinaloa-coincide-con-amlo-regreso-a-clases-es-por-convencimiento-nada-por-la-fuerza\/","url":"https:\/\/fuentesfidedignas.com.mx\/index.php\/2021\/07\/16\/sinaloa-coincide-con-amlo-regreso-a-clases-es-por-convencimiento-nada-por-la-fuerza\/","name":"Sinaloa coincide con AMLO: regreso a clases es por convencimiento, nada por la fuerza - Fuentes Fidedignas","isPartOf":{"@id":"https:\/\/fuentesfidedignas.com.mx\/#website"},"primaryImageOfPage":{"@id":"https:\/\/fuentesfidedignas.com.mx\/index.php\/2021\/07\/16\/sinaloa-coincide-con-amlo-regreso-a-clases-es-por-convencimiento-nada-por-la-fuerza\/#primaryimage"},"image":{"@id":"https:\/\/fuentesfidedignas.com.mx\/index.php\/2021\/07\/16\/sinaloa-coincide-con-amlo-regreso-a-clases-es-por-convencimiento-nada-por-la-fuerza\/#primaryimage"},"thumbnailUrl":"https:\/\/fuentesfidedignas.com.mx\/wp-content\/uploads\/2021\/07\/IMG-20210716-WA0005.jpg","datePublished":"2021-07-16T17:11:49+00:00","dateModified":"2021-07-16T17:11:51+00:00","breadcrumb":{"@id":"https:\/\/fuentesfidedignas.com.mx\/index.php\/2021\/07\/16\/sinaloa-coincide-con-amlo-regreso-a-clases-es-por-convencimiento-nada-por-la-fuerza\/#breadcrumb"},"inLanguage":"es","potentialAction":[{"@type":"ReadAction","target":["https:\/\/fuentesfidedignas.com.mx\/index.php\/2021\/07\/16\/sinaloa-coincide-con-amlo-regreso-a-clases-es-por-convencimiento-nada-por-la-fuerza\/"]}]},{"@type":"ImageObject","inLanguage":"es","@id":"https:\/\/fuentesfidedignas.com.mx\/index.php\/2021\/07\/16\/sinaloa-coincide-con-amlo-regreso-a-clases-es-por-convencimiento-nada-por-la-fuerza\/#primaryimage","url":"https:\/\/fuentesfidedignas.com.mx\/wp-content\/uploads\/2021\/07\/IMG-20210716-WA0005.jpg","contentUrl":"https:\/\/fuentesfidedignas.com.mx\/wp-content\/uploads\/2021\/07\/IMG-20210716-WA0005.jpg","width":1280,"height":853},{"@type":"BreadcrumbList","@id":"https:\/\/fuentesfidedignas.com.mx\/index.php\/2021\/07\/16\/sinaloa-coincide-con-amlo-regreso-a-clases-es-por-convencimiento-nada-por-la-fuerza\/#breadcrumb","itemListElement":[{"@type":"ListItem","position":1,"name":"Inicio","item":"https:\/\/fuentesfidedignas.com.mx\/"},{"@type":"ListItem","position":2,"name":"Sinaloa coincide con AMLO: regreso a clases es por convencimiento, nada por la fuerza"}]},{"@type":"WebSite","@id":"https:\/\/fuentesfidedignas.com.mx\/#website","url":"https:\/\/fuentesfidedignas.com.mx\/","name":"Fuentes Fidedignas","description":"Otro sitio realizado con WordPress","publisher":{"@id":"https:\/\/fuentesfidedignas.com.mx\/#organization"},"potentialAction":[{"@type":"SearchAction","target":{"@type":"EntryPoint","urlTemplate":"https:\/\/fuentesfidedignas.com.mx\/?s={search_term_string}"},"query-input":{"@type":"PropertyValueSpecification","valueRequired":true,"valueName":"search_term_string"}}],"inLanguage":"es"},{"@type":"Organization","@id":"https:\/\/fuentesfidedignas.com.mx\/#organization","name":"Fuentes Fidedignas","url":"https:\/\/fuentesfidedignas.com.mx\/","logo":{"@type":"ImageObject","inLanguage":"es","@id":"https:\/\/fuentesfidedignas.com.mx\/#\/schema\/logo\/image\/","url":"https:\/\/fuentesfidedignas.com.mx\/wp-content\/uploads\/2021\/04\/logo-retina.png","contentUrl":"https:\/\/fuentesfidedignas.com.mx\/wp-content\/uploads\/2021\/04\/logo-retina.png","width":280,"height":51,"caption":"Fuentes Fidedignas"},"image":{"@id":"https:\/\/fuentesfidedignas.com.mx\/#\/schema\/logo\/image\/"},"sameAs":["https:\/\/www.facebook.com\/Fuentes-Fidedignas-368234489921644","https:\/\/x.com\/fidedignas"]},{"@type":"Person","@id":"https:\/\/fuentesfidedignas.com.mx\/#\/schema\/person\/331be9283d37198e2acd5750279085b0","name":"Redacci\u00f3n","image":{"@type":"ImageObject","inLanguage":"es","@id":"https:\/\/secure.gravatar.com\/avatar\/f6d8782c11d12b2d4ad3fbb6931aeab5309937a4d6cd2fc9cfaa28a6396a5aec?s=96&d=mm&r=g","url":"https:\/\/secure.gravatar.com\/avatar\/f6d8782c11d12b2d4ad3fbb6931aeab5309937a4d6cd2fc9cfaa28a6396a5aec?s=96&d=mm&r=g","contentUrl":"https:\/\/secure.gravatar.com\/avatar\/f6d8782c11d12b2d4ad3fbb6931aeab5309937a4d6cd2fc9cfaa28a6396a5aec?s=96&d=mm&r=g","caption":"Redacci\u00f3n"},"url":"https:\/\/fuentesfidedignas.com.mx\/index.php\/author\/redaccion\/"}]}},"_links":{"self":[{"href":"https:\/\/fuentesfidedignas.com.mx\/index.php\/wp-json\/wp\/v2\/posts\/7613","targetHints":{"allow":["GET"]}}],"collection":[{"href":"https:\/\/fuentesfidedignas.com.mx\/index.php\/wp-json\/wp\/v2\/posts"}],"about":[{"href":"https:\/\/fuentesfidedignas.com.mx\/index.php\/wp-json\/wp\/v2\/types\/post"}],"author":[{"embeddable":true,"href":"https:\/\/fuentesfidedignas.com.mx\/index.php\/wp-json\/wp\/v2\/users\/4"}],"replies":[{"embeddable":true,"href":"https:\/\/fuentesfidedignas.com.mx\/index.php\/wp-json\/wp\/v2\/comments?post=7613"}],"version-history":[{"count":1,"href":"https:\/\/fuentesfidedignas.com.mx\/index.php\/wp-json\/wp\/v2\/posts\/7613\/revisions"}],"predecessor-version":[{"id":7615,"href":"https:\/\/fuentesfidedignas.com.mx\/index.php\/wp-json\/wp\/v2\/posts\/7613\/revisions\/7615"}],"wp:featuredmedia":[{"embeddable":true,"href":"https:\/\/fuentesfidedignas.com.mx\/index.php\/wp-json\/wp\/v2\/media\/7614"}],"wp:attachment":[{"href":"https:\/\/fuentesfidedignas.com.mx\/index.php\/wp-json\/wp\/v2\/media?parent=7613"}],"wp:term":[{"taxonomy":"category","embeddable":true,"href":"https:\/\/fuentesfidedignas.com.mx\/index.php\/wp-json\/wp\/v2\/categories?post=7613"},{"taxonomy":"post_tag","embeddable":true,"href":"https:\/\/fuentesfidedignas.com.mx\/index.php\/wp-json\/wp\/v2\/tags?post=7613"}],"curies":[{"name":"wp","href":"https:\/\/api.w.org\/{rel}","templated":true}]}}