{"id":76070,"date":"2024-03-06T17:22:24","date_gmt":"2024-03-07T00:22:24","guid":{"rendered":"https:\/\/fuentesfidedignas.com.mx\/?p=76070"},"modified":"2024-03-06T17:22:26","modified_gmt":"2024-03-07T00:22:26","slug":"ine-invita-a-ciudadanos-a-enviar-preguntas-para-el-primer-debate-presidencial","status":"publish","type":"post","link":"https:\/\/fuentesfidedignas.com.mx\/index.php\/2024\/03\/06\/ine-invita-a-ciudadanos-a-enviar-preguntas-para-el-primer-debate-presidencial\/","title":{"rendered":"INE invita a ciudadanos a enviar preguntas para el primer debate presidencial"},"content":{"rendered":"\n<p><br><em><strong>Las personas interesadas podr\u00e1n enviar al INE las preguntas dirigidas a las dos candidatas y al candidato a la Presidencia a trav\u00e9s de un formulario<\/strong><\/em><\/p>\n\n\n\n<p>El&nbsp;<strong>Instituto Nacional Electoral<\/strong>&nbsp;(<strong>INE<\/strong>) invit\u00f3 a mexicanos de 13 a\u00f1os de edad en adelante a formar parte del primer debate presidencial, que se realizar\u00e1 el 7 de abril.<\/p>\n\n\n\n<p>Las personas interesadas podr\u00e1n enviar al INE las preguntas dirigidas a las dos candidatas y al candidato a la Presidencia a trav\u00e9s de un formulario disponible en\u00a0<a href=\"https:\/\/www.ine.mx\/preguntas-para-el-debate-presidencial\/\" target=\"_blank\" rel=\"noreferrer noopener\">este enlace<\/a>. Los temas a tratar en el primer encuentro ser\u00e1n salud, combate a la corrupci\u00f3n, educaci\u00f3n, transparencia, no discriminaci\u00f3n a grupos vulnerables y violencia contra las mujeres.<\/p>\n\n\n\n<figure class=\"wp-block-embed is-type-rich is-provider-twitter wp-block-embed-twitter\"><div class=\"wp-block-embed__wrapper\">\n<blockquote class=\"twitter-tweet\" data-width=\"550\" data-dnt=\"true\"><p lang=\"es\" dir=\"ltr\">\ud83d\udcc3<a href=\"https:\/\/twitter.com\/hashtag\/Bolt%C3%ADnINE?src=hash&amp;ref_src=twsrc%5Etfw\">#Bolt\u00ednINE<\/a> | Invita INE a la ciudadan\u00eda a enviar preguntas para las candidaturas a la Presidencia de la Rep\u00fablica. <a href=\"https:\/\/t.co\/D3QRkh2ecT\">https:\/\/t.co\/D3QRkh2ecT<\/a> <a href=\"https:\/\/t.co\/LgZjbS3U5B\">pic.twitter.com\/LgZjbS3U5B<\/a><\/p>&mdash; @INEMexico (@INEMexico) <a href=\"https:\/\/twitter.com\/INEMexico\/status\/1765477391999328566?ref_src=twsrc%5Etfw\">March 6, 2024<\/a><\/blockquote><script async src=\"https:\/\/platform.twitter.com\/widgets.js\" charset=\"utf-8\"><\/script>\n<\/div><\/figure>\n\n\n\n<p>Los requisitos que deben cumplir las preguntas son:<\/p>\n\n\n\n<ul class=\"wp-block-list\">\n<li>Apegarse a los temas definidos para el debate.<\/li>\n\n\n\n<li>No incluir lenguaje ofensivo, discursos de odio, inclinaci\u00f3n partidista, ideol\u00f3gica, religiosa o cualquier manifestaci\u00f3n de violencia o discriminaci\u00f3n, o referirse a alg\u00fan logro de gobierno y\/o propaganda gubernamental.<\/li>\n\n\n\n<li>Redactarse de forma general y abierta y no estar dirigidas a una candidatura espec\u00edfica.<\/li>\n<\/ul>\n\n\n\n<p>El formulario para el env\u00edo de las preguntas solicita al interesado informaci\u00f3n sobre su&nbsp;<strong>entidad de origen<\/strong>&nbsp;y&nbsp;<strong>edad<\/strong>. Asimismo, de manera opcional, el&nbsp;<strong>g\u00e9nero<\/strong>&nbsp;y si se identifica con alg\u00fan grupo en&nbsp;<strong>situaci\u00f3n de discriminaci\u00f3n<\/strong>&nbsp;(personas con discapacidad, adultas mayores, de la diversidad sexual, ind\u00edgenas, migrantes, afromexicanas y mexicanas residentes en el extranjero).<\/p>\n\n\n\n<p>Posteriormente, la usuaria o el usuario debe indicar el&nbsp;<strong>tema de su pregunta<\/strong>&nbsp;y escribirla en el&nbsp;<strong>espacio designado<\/strong>. Aunque el formulario s\u00f3lo considera una pregunta por campo de m\u00e1ximo 300 caracteres, cuenta con la opci\u00f3n de agregar&nbsp;<strong>m\u00e1s preguntas<\/strong>, por lo que las personas pueden enviar hasta&nbsp;<strong>seis preguntas<\/strong>&nbsp;relacionadas con los temas del debate.<\/p>\n\n\n\n<p>Cabe mencionar que la informaci\u00f3n obligatoria (edad y entidad de residencia) y la informaci\u00f3n opcional (g\u00e9nero y pertenencia a alg\u00fan grupo en situaci\u00f3n de discriminaci\u00f3n) no es posible asociarse a su titular, ni permitir su identificaci\u00f3n, por lo que no ser\u00e1n considerados como datos personales y, por lo tanto, no ser\u00e1 aplicable la normativa en la materia.<\/p>\n\n\n\n<p>La ciudadan\u00eda tambi\u00e9n puede acceder al formulario mediante las redes sociales del INE y tiene hasta el 21 de marzo para enviar sus preguntas, las cuales entrar\u00e1n a un proceso de selecci\u00f3n a cargo del Instituto Tecnol\u00f3gico y de Estudios Superiores de Occidente (ITESO).<\/p>\n","protected":false},"excerpt":{"rendered":"<p>Las personas interesadas podr\u00e1n enviar al INE las preguntas dirigidas a las dos candidatas y al candidato a la Presidencia a trav\u00e9s de un formulario El&nbsp;Instituto Nacional Electoral&nbsp;(INE) invit\u00f3 a mexicanos de 13 a\u00f1os de edad en adelante a formar parte del primer debate presidencial, que se realizar\u00e1 el 7 de abril. Las personas interesadas [&hellip;]<\/p>\n","protected":false},"author":47,"featured_media":76071,"comment_status":"open","ping_status":"open","sticky":false,"template":"","format":"standard","meta":{"tdm_status":"","tdm_grid_status":"","footnotes":""},"categories":[39],"tags":[],"class_list":{"0":"post-76070","1":"post","2":"type-post","3":"status-publish","4":"format-standard","5":"has-post-thumbnail","7":"category-noticias-nacionales"},"yoast_head":"<!-- This site is optimized with the Yoast SEO plugin v27.5 - https:\/\/yoast.com\/product\/yoast-seo-wordpress\/ -->\n<title>INE invita a ciudadanos a enviar preguntas para el primer debate presidencial - Fuentes Fidedignas<\/title>\n<meta name=\"robots\" content=\"index, follow, max-snippet:-1, max-image-preview:large, max-video-preview:-1\" \/>\n<link rel=\"canonical\" href=\"https:\/\/fuentesfidedignas.com.mx\/index.php\/2024\/03\/06\/ine-invita-a-ciudadanos-a-enviar-preguntas-para-el-primer-debate-presidencial\/\" \/>\n<meta property=\"og:locale\" content=\"es_MX\" \/>\n<meta property=\"og:type\" content=\"article\" \/>\n<meta property=\"og:title\" content=\"INE invita a ciudadanos a enviar preguntas para el primer debate presidencial - Fuentes Fidedignas\" \/>\n<meta property=\"og:description\" content=\"Las personas interesadas podr\u00e1n enviar al INE las preguntas dirigidas a las dos candidatas y al candidato a la Presidencia a trav\u00e9s de un formulario El&nbsp;Instituto Nacional Electoral&nbsp;(INE) invit\u00f3 a mexicanos de 13 a\u00f1os de edad en adelante a formar parte del primer debate presidencial, que se realizar\u00e1 el 7 de abril. Las personas interesadas [&hellip;]\" \/>\n<meta property=\"og:url\" content=\"https:\/\/fuentesfidedignas.com.mx\/index.php\/2024\/03\/06\/ine-invita-a-ciudadanos-a-enviar-preguntas-para-el-primer-debate-presidencial\/\" \/>\n<meta property=\"og:site_name\" content=\"Fuentes Fidedignas\" \/>\n<meta property=\"article:publisher\" content=\"https:\/\/www.facebook.com\/Fuentes-Fidedignas-368234489921644\" \/>\n<meta property=\"article:published_time\" content=\"2024-03-07T00:22:24+00:00\" \/>\n<meta property=\"article:modified_time\" content=\"2024-03-07T00:22:26+00:00\" \/>\n<meta property=\"og:image\" content=\"https:\/\/fuentesfidedignas.com.mx\/wp-content\/uploads\/2024\/03\/capture-20240306-171936.png\" \/>\n\t<meta property=\"og:image:width\" content=\"640\" \/>\n\t<meta property=\"og:image:height\" content=\"321\" \/>\n\t<meta property=\"og:image:type\" content=\"image\/png\" \/>\n<meta name=\"author\" content=\"L\u00f3pez D\u00f3riga\" \/>\n<meta name=\"twitter:card\" content=\"summary_large_image\" \/>\n<meta name=\"twitter:creator\" content=\"@fidedignas\" \/>\n<meta name=\"twitter:site\" content=\"@fidedignas\" \/>\n<meta name=\"twitter:label1\" content=\"Escrito por\" \/>\n\t<meta name=\"twitter:data1\" content=\"L\u00f3pez D\u00f3riga\" \/>\n\t<meta name=\"twitter:label2\" content=\"Tiempo de lectura\" \/>\n\t<meta name=\"twitter:data2\" content=\"2 minutos\" \/>\n<script type=\"application\/ld+json\" class=\"yoast-schema-graph\">{\"@context\":\"https:\\\/\\\/schema.org\",\"@graph\":[{\"@type\":\"Article\",\"@id\":\"https:\\\/\\\/fuentesfidedignas.com.mx\\\/index.php\\\/2024\\\/03\\\/06\\\/ine-invita-a-ciudadanos-a-enviar-preguntas-para-el-primer-debate-presidencial\\\/#article\",\"isPartOf\":{\"@id\":\"https:\\\/\\\/fuentesfidedignas.com.mx\\\/index.php\\\/2024\\\/03\\\/06\\\/ine-invita-a-ciudadanos-a-enviar-preguntas-para-el-primer-debate-presidencial\\\/\"},\"author\":{\"name\":\"L\u00f3pez D\u00f3riga\",\"@id\":\"https:\\\/\\\/fuentesfidedignas.com.mx\\\/#\\\/schema\\\/person\\\/67d852f0557c8509146a4b9ddebd543a\"},\"headline\":\"INE invita a ciudadanos a enviar preguntas para el primer debate presidencial\",\"datePublished\":\"2024-03-07T00:22:24+00:00\",\"dateModified\":\"2024-03-07T00:22:26+00:00\",\"mainEntityOfPage\":{\"@id\":\"https:\\\/\\\/fuentesfidedignas.com.mx\\\/index.php\\\/2024\\\/03\\\/06\\\/ine-invita-a-ciudadanos-a-enviar-preguntas-para-el-primer-debate-presidencial\\\/\"},\"wordCount\":447,\"commentCount\":0,\"publisher\":{\"@id\":\"https:\\\/\\\/fuentesfidedignas.com.mx\\\/#organization\"},\"image\":{\"@id\":\"https:\\\/\\\/fuentesfidedignas.com.mx\\\/index.php\\\/2024\\\/03\\\/06\\\/ine-invita-a-ciudadanos-a-enviar-preguntas-para-el-primer-debate-presidencial\\\/#primaryimage\"},\"thumbnailUrl\":\"https:\\\/\\\/fuentesfidedignas.com.mx\\\/wp-content\\\/uploads\\\/2024\\\/03\\\/capture-20240306-171936.png\",\"articleSection\":[\"NOTICIAS NACIONALES\"],\"inLanguage\":\"es\",\"potentialAction\":[{\"@type\":\"CommentAction\",\"name\":\"Comment\",\"target\":[\"https:\\\/\\\/fuentesfidedignas.com.mx\\\/index.php\\\/2024\\\/03\\\/06\\\/ine-invita-a-ciudadanos-a-enviar-preguntas-para-el-primer-debate-presidencial\\\/#respond\"]}]},{\"@type\":\"WebPage\",\"@id\":\"https:\\\/\\\/fuentesfidedignas.com.mx\\\/index.php\\\/2024\\\/03\\\/06\\\/ine-invita-a-ciudadanos-a-enviar-preguntas-para-el-primer-debate-presidencial\\\/\",\"url\":\"https:\\\/\\\/fuentesfidedignas.com.mx\\\/index.php\\\/2024\\\/03\\\/06\\\/ine-invita-a-ciudadanos-a-enviar-preguntas-para-el-primer-debate-presidencial\\\/\",\"name\":\"INE invita a ciudadanos a enviar preguntas para el primer debate presidencial - Fuentes Fidedignas\",\"isPartOf\":{\"@id\":\"https:\\\/\\\/fuentesfidedignas.com.mx\\\/#website\"},\"primaryImageOfPage\":{\"@id\":\"https:\\\/\\\/fuentesfidedignas.com.mx\\\/index.php\\\/2024\\\/03\\\/06\\\/ine-invita-a-ciudadanos-a-enviar-preguntas-para-el-primer-debate-presidencial\\\/#primaryimage\"},\"image\":{\"@id\":\"https:\\\/\\\/fuentesfidedignas.com.mx\\\/index.php\\\/2024\\\/03\\\/06\\\/ine-invita-a-ciudadanos-a-enviar-preguntas-para-el-primer-debate-presidencial\\\/#primaryimage\"},\"thumbnailUrl\":\"https:\\\/\\\/fuentesfidedignas.com.mx\\\/wp-content\\\/uploads\\\/2024\\\/03\\\/capture-20240306-171936.png\",\"datePublished\":\"2024-03-07T00:22:24+00:00\",\"dateModified\":\"2024-03-07T00:22:26+00:00\",\"breadcrumb\":{\"@id\":\"https:\\\/\\\/fuentesfidedignas.com.mx\\\/index.php\\\/2024\\\/03\\\/06\\\/ine-invita-a-ciudadanos-a-enviar-preguntas-para-el-primer-debate-presidencial\\\/#breadcrumb\"},\"inLanguage\":\"es\",\"potentialAction\":[{\"@type\":\"ReadAction\",\"target\":[\"https:\\\/\\\/fuentesfidedignas.com.mx\\\/index.php\\\/2024\\\/03\\\/06\\\/ine-invita-a-ciudadanos-a-enviar-preguntas-para-el-primer-debate-presidencial\\\/\"]}]},{\"@type\":\"ImageObject\",\"inLanguage\":\"es\",\"@id\":\"https:\\\/\\\/fuentesfidedignas.com.mx\\\/index.php\\\/2024\\\/03\\\/06\\\/ine-invita-a-ciudadanos-a-enviar-preguntas-para-el-primer-debate-presidencial\\\/#primaryimage\",\"url\":\"https:\\\/\\\/fuentesfidedignas.com.mx\\\/wp-content\\\/uploads\\\/2024\\\/03\\\/capture-20240306-171936.png\",\"contentUrl\":\"https:\\\/\\\/fuentesfidedignas.com.mx\\\/wp-content\\\/uploads\\\/2024\\\/03\\\/capture-20240306-171936.png\",\"width\":640,\"height\":321},{\"@type\":\"BreadcrumbList\",\"@id\":\"https:\\\/\\\/fuentesfidedignas.com.mx\\\/index.php\\\/2024\\\/03\\\/06\\\/ine-invita-a-ciudadanos-a-enviar-preguntas-para-el-primer-debate-presidencial\\\/#breadcrumb\",\"itemListElement\":[{\"@type\":\"ListItem\",\"position\":1,\"name\":\"Inicio\",\"item\":\"https:\\\/\\\/fuentesfidedignas.com.mx\\\/\"},{\"@type\":\"ListItem\",\"position\":2,\"name\":\"INE invita a ciudadanos a enviar preguntas para el primer debate presidencial\"}]},{\"@type\":\"WebSite\",\"@id\":\"https:\\\/\\\/fuentesfidedignas.com.mx\\\/#website\",\"url\":\"https:\\\/\\\/fuentesfidedignas.com.mx\\\/\",\"name\":\"Fuentes Fidedignas\",\"description\":\"Otro sitio realizado con WordPress\",\"publisher\":{\"@id\":\"https:\\\/\\\/fuentesfidedignas.com.mx\\\/#organization\"},\"potentialAction\":[{\"@type\":\"SearchAction\",\"target\":{\"@type\":\"EntryPoint\",\"urlTemplate\":\"https:\\\/\\\/fuentesfidedignas.com.mx\\\/?s={search_term_string}\"},\"query-input\":{\"@type\":\"PropertyValueSpecification\",\"valueRequired\":true,\"valueName\":\"search_term_string\"}}],\"inLanguage\":\"es\"},{\"@type\":\"Organization\",\"@id\":\"https:\\\/\\\/fuentesfidedignas.com.mx\\\/#organization\",\"name\":\"Fuentes Fidedignas\",\"url\":\"https:\\\/\\\/fuentesfidedignas.com.mx\\\/\",\"logo\":{\"@type\":\"ImageObject\",\"inLanguage\":\"es\",\"@id\":\"https:\\\/\\\/fuentesfidedignas.com.mx\\\/#\\\/schema\\\/logo\\\/image\\\/\",\"url\":\"https:\\\/\\\/fuentesfidedignas.com.mx\\\/wp-content\\\/uploads\\\/2021\\\/04\\\/logo-retina.png\",\"contentUrl\":\"https:\\\/\\\/fuentesfidedignas.com.mx\\\/wp-content\\\/uploads\\\/2021\\\/04\\\/logo-retina.png\",\"width\":280,\"height\":51,\"caption\":\"Fuentes Fidedignas\"},\"image\":{\"@id\":\"https:\\\/\\\/fuentesfidedignas.com.mx\\\/#\\\/schema\\\/logo\\\/image\\\/\"},\"sameAs\":[\"https:\\\/\\\/www.facebook.com\\\/Fuentes-Fidedignas-368234489921644\",\"https:\\\/\\\/x.com\\\/fidedignas\"]},{\"@type\":\"Person\",\"@id\":\"https:\\\/\\\/fuentesfidedignas.com.mx\\\/#\\\/schema\\\/person\\\/67d852f0557c8509146a4b9ddebd543a\",\"name\":\"L\u00f3pez D\u00f3riga\",\"image\":{\"@type\":\"ImageObject\",\"inLanguage\":\"es\",\"@id\":\"https:\\\/\\\/secure.gravatar.com\\\/avatar\\\/e525b06574ca18b33cded59dfe5778d6c823b9513154eff47da551b0551bdd1e?s=96&d=mm&r=g\",\"url\":\"https:\\\/\\\/secure.gravatar.com\\\/avatar\\\/e525b06574ca18b33cded59dfe5778d6c823b9513154eff47da551b0551bdd1e?s=96&d=mm&r=g\",\"contentUrl\":\"https:\\\/\\\/secure.gravatar.com\\\/avatar\\\/e525b06574ca18b33cded59dfe5778d6c823b9513154eff47da551b0551bdd1e?s=96&d=mm&r=g\",\"caption\":\"L\u00f3pez D\u00f3riga\"},\"url\":\"https:\\\/\\\/fuentesfidedignas.com.mx\\\/index.php\\\/author\\\/doriga\\\/\"}]}<\/script>\n<!-- \/ Yoast SEO plugin. -->","yoast_head_json":{"title":"INE invita a ciudadanos a enviar preguntas para el primer debate presidencial - Fuentes Fidedignas","robots":{"index":"index","follow":"follow","max-snippet":"max-snippet:-1","max-image-preview":"max-image-preview:large","max-video-preview":"max-video-preview:-1"},"canonical":"https:\/\/fuentesfidedignas.com.mx\/index.php\/2024\/03\/06\/ine-invita-a-ciudadanos-a-enviar-preguntas-para-el-primer-debate-presidencial\/","og_locale":"es_MX","og_type":"article","og_title":"INE invita a ciudadanos a enviar preguntas para el primer debate presidencial - Fuentes Fidedignas","og_description":"Las personas interesadas podr\u00e1n enviar al INE las preguntas dirigidas a las dos candidatas y al candidato a la Presidencia a trav\u00e9s de un formulario El&nbsp;Instituto Nacional Electoral&nbsp;(INE) invit\u00f3 a mexicanos de 13 a\u00f1os de edad en adelante a formar parte del primer debate presidencial, que se realizar\u00e1 el 7 de abril. Las personas interesadas [&hellip;]","og_url":"https:\/\/fuentesfidedignas.com.mx\/index.php\/2024\/03\/06\/ine-invita-a-ciudadanos-a-enviar-preguntas-para-el-primer-debate-presidencial\/","og_site_name":"Fuentes Fidedignas","article_publisher":"https:\/\/www.facebook.com\/Fuentes-Fidedignas-368234489921644","article_published_time":"2024-03-07T00:22:24+00:00","article_modified_time":"2024-03-07T00:22:26+00:00","og_image":[{"width":640,"height":321,"url":"https:\/\/fuentesfidedignas.com.mx\/wp-content\/uploads\/2024\/03\/capture-20240306-171936.png","type":"image\/png"}],"author":"L\u00f3pez D\u00f3riga","twitter_card":"summary_large_image","twitter_creator":"@fidedignas","twitter_site":"@fidedignas","twitter_misc":{"Escrito por":"L\u00f3pez D\u00f3riga","Tiempo de lectura":"2 minutos"},"schema":{"@context":"https:\/\/schema.org","@graph":[{"@type":"Article","@id":"https:\/\/fuentesfidedignas.com.mx\/index.php\/2024\/03\/06\/ine-invita-a-ciudadanos-a-enviar-preguntas-para-el-primer-debate-presidencial\/#article","isPartOf":{"@id":"https:\/\/fuentesfidedignas.com.mx\/index.php\/2024\/03\/06\/ine-invita-a-ciudadanos-a-enviar-preguntas-para-el-primer-debate-presidencial\/"},"author":{"name":"L\u00f3pez D\u00f3riga","@id":"https:\/\/fuentesfidedignas.com.mx\/#\/schema\/person\/67d852f0557c8509146a4b9ddebd543a"},"headline":"INE invita a ciudadanos a enviar preguntas para el primer debate presidencial","datePublished":"2024-03-07T00:22:24+00:00","dateModified":"2024-03-07T00:22:26+00:00","mainEntityOfPage":{"@id":"https:\/\/fuentesfidedignas.com.mx\/index.php\/2024\/03\/06\/ine-invita-a-ciudadanos-a-enviar-preguntas-para-el-primer-debate-presidencial\/"},"wordCount":447,"commentCount":0,"publisher":{"@id":"https:\/\/fuentesfidedignas.com.mx\/#organization"},"image":{"@id":"https:\/\/fuentesfidedignas.com.mx\/index.php\/2024\/03\/06\/ine-invita-a-ciudadanos-a-enviar-preguntas-para-el-primer-debate-presidencial\/#primaryimage"},"thumbnailUrl":"https:\/\/fuentesfidedignas.com.mx\/wp-content\/uploads\/2024\/03\/capture-20240306-171936.png","articleSection":["NOTICIAS NACIONALES"],"inLanguage":"es","potentialAction":[{"@type":"CommentAction","name":"Comment","target":["https:\/\/fuentesfidedignas.com.mx\/index.php\/2024\/03\/06\/ine-invita-a-ciudadanos-a-enviar-preguntas-para-el-primer-debate-presidencial\/#respond"]}]},{"@type":"WebPage","@id":"https:\/\/fuentesfidedignas.com.mx\/index.php\/2024\/03\/06\/ine-invita-a-ciudadanos-a-enviar-preguntas-para-el-primer-debate-presidencial\/","url":"https:\/\/fuentesfidedignas.com.mx\/index.php\/2024\/03\/06\/ine-invita-a-ciudadanos-a-enviar-preguntas-para-el-primer-debate-presidencial\/","name":"INE invita a ciudadanos a enviar preguntas para el primer debate presidencial - Fuentes Fidedignas","isPartOf":{"@id":"https:\/\/fuentesfidedignas.com.mx\/#website"},"primaryImageOfPage":{"@id":"https:\/\/fuentesfidedignas.com.mx\/index.php\/2024\/03\/06\/ine-invita-a-ciudadanos-a-enviar-preguntas-para-el-primer-debate-presidencial\/#primaryimage"},"image":{"@id":"https:\/\/fuentesfidedignas.com.mx\/index.php\/2024\/03\/06\/ine-invita-a-ciudadanos-a-enviar-preguntas-para-el-primer-debate-presidencial\/#primaryimage"},"thumbnailUrl":"https:\/\/fuentesfidedignas.com.mx\/wp-content\/uploads\/2024\/03\/capture-20240306-171936.png","datePublished":"2024-03-07T00:22:24+00:00","dateModified":"2024-03-07T00:22:26+00:00","breadcrumb":{"@id":"https:\/\/fuentesfidedignas.com.mx\/index.php\/2024\/03\/06\/ine-invita-a-ciudadanos-a-enviar-preguntas-para-el-primer-debate-presidencial\/#breadcrumb"},"inLanguage":"es","potentialAction":[{"@type":"ReadAction","target":["https:\/\/fuentesfidedignas.com.mx\/index.php\/2024\/03\/06\/ine-invita-a-ciudadanos-a-enviar-preguntas-para-el-primer-debate-presidencial\/"]}]},{"@type":"ImageObject","inLanguage":"es","@id":"https:\/\/fuentesfidedignas.com.mx\/index.php\/2024\/03\/06\/ine-invita-a-ciudadanos-a-enviar-preguntas-para-el-primer-debate-presidencial\/#primaryimage","url":"https:\/\/fuentesfidedignas.com.mx\/wp-content\/uploads\/2024\/03\/capture-20240306-171936.png","contentUrl":"https:\/\/fuentesfidedignas.com.mx\/wp-content\/uploads\/2024\/03\/capture-20240306-171936.png","width":640,"height":321},{"@type":"BreadcrumbList","@id":"https:\/\/fuentesfidedignas.com.mx\/index.php\/2024\/03\/06\/ine-invita-a-ciudadanos-a-enviar-preguntas-para-el-primer-debate-presidencial\/#breadcrumb","itemListElement":[{"@type":"ListItem","position":1,"name":"Inicio","item":"https:\/\/fuentesfidedignas.com.mx\/"},{"@type":"ListItem","position":2,"name":"INE invita a ciudadanos a enviar preguntas para el primer debate presidencial"}]},{"@type":"WebSite","@id":"https:\/\/fuentesfidedignas.com.mx\/#website","url":"https:\/\/fuentesfidedignas.com.mx\/","name":"Fuentes Fidedignas","description":"Otro sitio realizado con WordPress","publisher":{"@id":"https:\/\/fuentesfidedignas.com.mx\/#organization"},"potentialAction":[{"@type":"SearchAction","target":{"@type":"EntryPoint","urlTemplate":"https:\/\/fuentesfidedignas.com.mx\/?s={search_term_string}"},"query-input":{"@type":"PropertyValueSpecification","valueRequired":true,"valueName":"search_term_string"}}],"inLanguage":"es"},{"@type":"Organization","@id":"https:\/\/fuentesfidedignas.com.mx\/#organization","name":"Fuentes Fidedignas","url":"https:\/\/fuentesfidedignas.com.mx\/","logo":{"@type":"ImageObject","inLanguage":"es","@id":"https:\/\/fuentesfidedignas.com.mx\/#\/schema\/logo\/image\/","url":"https:\/\/fuentesfidedignas.com.mx\/wp-content\/uploads\/2021\/04\/logo-retina.png","contentUrl":"https:\/\/fuentesfidedignas.com.mx\/wp-content\/uploads\/2021\/04\/logo-retina.png","width":280,"height":51,"caption":"Fuentes Fidedignas"},"image":{"@id":"https:\/\/fuentesfidedignas.com.mx\/#\/schema\/logo\/image\/"},"sameAs":["https:\/\/www.facebook.com\/Fuentes-Fidedignas-368234489921644","https:\/\/x.com\/fidedignas"]},{"@type":"Person","@id":"https:\/\/fuentesfidedignas.com.mx\/#\/schema\/person\/67d852f0557c8509146a4b9ddebd543a","name":"L\u00f3pez D\u00f3riga","image":{"@type":"ImageObject","inLanguage":"es","@id":"https:\/\/secure.gravatar.com\/avatar\/e525b06574ca18b33cded59dfe5778d6c823b9513154eff47da551b0551bdd1e?s=96&d=mm&r=g","url":"https:\/\/secure.gravatar.com\/avatar\/e525b06574ca18b33cded59dfe5778d6c823b9513154eff47da551b0551bdd1e?s=96&d=mm&r=g","contentUrl":"https:\/\/secure.gravatar.com\/avatar\/e525b06574ca18b33cded59dfe5778d6c823b9513154eff47da551b0551bdd1e?s=96&d=mm&r=g","caption":"L\u00f3pez D\u00f3riga"},"url":"https:\/\/fuentesfidedignas.com.mx\/index.php\/author\/doriga\/"}]}},"_links":{"self":[{"href":"https:\/\/fuentesfidedignas.com.mx\/index.php\/wp-json\/wp\/v2\/posts\/76070","targetHints":{"allow":["GET"]}}],"collection":[{"href":"https:\/\/fuentesfidedignas.com.mx\/index.php\/wp-json\/wp\/v2\/posts"}],"about":[{"href":"https:\/\/fuentesfidedignas.com.mx\/index.php\/wp-json\/wp\/v2\/types\/post"}],"author":[{"embeddable":true,"href":"https:\/\/fuentesfidedignas.com.mx\/index.php\/wp-json\/wp\/v2\/users\/47"}],"replies":[{"embeddable":true,"href":"https:\/\/fuentesfidedignas.com.mx\/index.php\/wp-json\/wp\/v2\/comments?post=76070"}],"version-history":[{"count":1,"href":"https:\/\/fuentesfidedignas.com.mx\/index.php\/wp-json\/wp\/v2\/posts\/76070\/revisions"}],"predecessor-version":[{"id":76072,"href":"https:\/\/fuentesfidedignas.com.mx\/index.php\/wp-json\/wp\/v2\/posts\/76070\/revisions\/76072"}],"wp:featuredmedia":[{"embeddable":true,"href":"https:\/\/fuentesfidedignas.com.mx\/index.php\/wp-json\/wp\/v2\/media\/76071"}],"wp:attachment":[{"href":"https:\/\/fuentesfidedignas.com.mx\/index.php\/wp-json\/wp\/v2\/media?parent=76070"}],"wp:term":[{"taxonomy":"category","embeddable":true,"href":"https:\/\/fuentesfidedignas.com.mx\/index.php\/wp-json\/wp\/v2\/categories?post=76070"},{"taxonomy":"post_tag","embeddable":true,"href":"https:\/\/fuentesfidedignas.com.mx\/index.php\/wp-json\/wp\/v2\/tags?post=76070"}],"curies":[{"name":"wp","href":"https:\/\/api.w.org\/{rel}","templated":true}]}}