{"id":76053,"date":"2024-03-06T12:37:47","date_gmt":"2024-03-06T19:37:47","guid":{"rendered":"https:\/\/fuentesfidedignas.com.mx\/?p=76053"},"modified":"2024-03-06T12:37:47","modified_gmt":"2024-03-06T19:37:47","slug":"se-desploma-helicoptero-de-la-marina-en-michoacan-hay-tres-muertos","status":"publish","type":"post","link":"https:\/\/fuentesfidedignas.com.mx\/index.php\/2024\/03\/06\/se-desploma-helicoptero-de-la-marina-en-michoacan-hay-tres-muertos\/","title":{"rendered":"Se desploma helic\u00f3ptero de la Marina en Michoac\u00e1n; hay tres muertos"},"content":{"rendered":"\n<p><strong><em>La Secretar\u00eda de Marina detall\u00f3 que uno de sus helic\u00f3pteros se desplom\u00f3 tras despegar de una plataforma en L\u00e1zaro C\u00e1rdenas, Michoac\u00e1n<\/em><\/strong><\/p>\n\n\n\n<p>La Secretar\u00eda de Marina (Semar) inform\u00f3 del desplome de un helic\u00f3ptero que despeg\u00f3 desde una plataforma en L\u00e1zaro C\u00e1rdenas, Michoac\u00e1n.<\/p>\n\n\n\n<figure class=\"wp-block-embed is-type-rich is-provider-twitter wp-block-embed-twitter\"><div class=\"wp-block-embed__wrapper\">\n<blockquote class=\"twitter-tweet\" data-width=\"550\" data-dnt=\"true\"><p lang=\"es\" dir=\"ltr\">Secretar\u00eda de Marina informa que hoy, durante operaciones, un helic\u00f3ptero tipo Panther, que se encontraba a bordo del buque ARM \u201cJU\u00c1REZ\u201d, sufri\u00f3 un accidente tras despegar de la plataforma, a 370 kil\u00f3metros al suroeste de L\u00e1zaro C\u00e1rdenas, Michoac\u00e1n. <br><br>En breve m\u00e1s informaci\u00f3n <a href=\"https:\/\/t.co\/716x14NVtE\">pic.twitter.com\/716x14NVtE<\/a><\/p>&mdash; Joaqu\u00edn L\u00f3pez-D\u00f3riga (@lopezdoriga) <a href=\"https:\/\/twitter.com\/lopezdoriga\/status\/1765454875201056946?ref_src=twsrc%5Etfw\">March 6, 2024<\/a><\/blockquote><script async src=\"https:\/\/platform.twitter.com\/widgets.js\" charset=\"utf-8\"><\/script>\n<\/div><figcaption class=\"wp-element-caption\">Tras este accidente a\u00e9reo, la Semar apunt\u00f3 en un comunicado que hay tres muertos, tres lesionados y dos desaparecidos, quienes ya reciben atenci\u00f3n m\u00e9dica.<br><br>El incidente ocurri\u00f3 la ma\u00f1ana de este mi\u00e9rcoles cuando una unidad aeronaval (helic\u00f3ptero) tipo Panther, mismo que se encontraba a bordo del buque tipo patrulla oce\u00e1nica de largo alcance ARM \u201cJU\u00c1REZ\u201d, sufri\u00f3 un accidente momentos despu\u00e9s de haber despegado de la plataforma de vuelo de citado buque a 200 millas n\u00e1uticas (370 kil\u00f3metros) al suroeste del puerto michoacano de L\u00e1zaro C\u00e1rdenas.<br><br>La Secretar\u00eda de Marina indic\u00f3 que \u201chasta el momento se desconocen las causas que motivaron dicho accidente\u201d.<\/figcaption><\/figure>\n\n\n\n<p>\u201cEn dicha aeronave se transportaban ocho elementos navales, de los cuales tres fueron rescatados con vida mismos que se encuentran con estado de salud estable y son trasladados a puerto para recibir atenci\u00f3n m\u00e9dica especializada\u201d, expuso.<\/p>\n\n\n\n<p>\u201cLamentablemente tres de ellos perdieron la vida (dos mujeres y un hombre), y dos se encuentran en calidad de desaparecidos por lo que se implementan las acciones de b\u00fasqueda correspondientes\u201d, inform\u00f3.<\/p>\n\n\n\n<p>\u201cEs importante aclarar que hasta el momento esta Instituci\u00f3n se encuentra realizando las investigaciones correspondientes para determinar las causas que pudieron provocar el accidente de dicha aeronave\u201d, recalc\u00f3 la instituci\u00f3n federal.<\/p>\n\n\n\n<p>\u201cLa Secretar\u00eda de Marina-Armada de M\u00e9xico, lamenta el deceso de quienes perdieron la vida en este accidente; personal naval, que en vida dio muestra del servicio y entrega a la naci\u00f3n\u201d, finaliz\u00f3 el comunicado de prensa difundido en redes sociales.<\/p>\n","protected":false},"excerpt":{"rendered":"<p>La Secretar\u00eda de Marina detall\u00f3 que uno de sus helic\u00f3pteros se desplom\u00f3 tras despegar de una plataforma en L\u00e1zaro C\u00e1rdenas, Michoac\u00e1n La Secretar\u00eda de Marina (Semar) inform\u00f3 del desplome de un helic\u00f3ptero que despeg\u00f3 desde una plataforma en L\u00e1zaro C\u00e1rdenas, Michoac\u00e1n. \u201cEn dicha aeronave se transportaban ocho elementos navales, de los cuales tres fueron rescatados [&hellip;]<\/p>\n","protected":false},"author":47,"featured_media":76054,"comment_status":"open","ping_status":"open","sticky":false,"template":"","format":"standard","meta":{"tdm_status":"","tdm_grid_status":"","footnotes":""},"categories":[39],"tags":[],"class_list":{"0":"post-76053","1":"post","2":"type-post","3":"status-publish","4":"format-standard","5":"has-post-thumbnail","7":"category-noticias-nacionales"},"yoast_head":"<!-- This site is optimized with the Yoast SEO plugin v27.5 - https:\/\/yoast.com\/product\/yoast-seo-wordpress\/ -->\n<title>Se desploma helic\u00f3ptero de la Marina en Michoac\u00e1n; hay tres muertos - Fuentes Fidedignas<\/title>\n<meta name=\"robots\" content=\"index, follow, max-snippet:-1, max-image-preview:large, max-video-preview:-1\" \/>\n<link rel=\"canonical\" href=\"https:\/\/fuentesfidedignas.com.mx\/index.php\/2024\/03\/06\/se-desploma-helicoptero-de-la-marina-en-michoacan-hay-tres-muertos\/\" \/>\n<meta property=\"og:locale\" content=\"es_MX\" \/>\n<meta property=\"og:type\" content=\"article\" \/>\n<meta property=\"og:title\" content=\"Se desploma helic\u00f3ptero de la Marina en Michoac\u00e1n; hay tres muertos - Fuentes Fidedignas\" \/>\n<meta property=\"og:description\" content=\"La Secretar\u00eda de Marina detall\u00f3 que uno de sus helic\u00f3pteros se desplom\u00f3 tras despegar de una plataforma en L\u00e1zaro C\u00e1rdenas, Michoac\u00e1n La Secretar\u00eda de Marina (Semar) inform\u00f3 del desplome de un helic\u00f3ptero que despeg\u00f3 desde una plataforma en L\u00e1zaro C\u00e1rdenas, Michoac\u00e1n. \u201cEn dicha aeronave se transportaban ocho elementos navales, de los cuales tres fueron rescatados [&hellip;]\" \/>\n<meta property=\"og:url\" content=\"https:\/\/fuentesfidedignas.com.mx\/index.php\/2024\/03\/06\/se-desploma-helicoptero-de-la-marina-en-michoacan-hay-tres-muertos\/\" \/>\n<meta property=\"og:site_name\" content=\"Fuentes Fidedignas\" \/>\n<meta property=\"article:publisher\" content=\"https:\/\/www.facebook.com\/Fuentes-Fidedignas-368234489921644\" \/>\n<meta property=\"article:published_time\" content=\"2024-03-06T19:37:47+00:00\" \/>\n<meta property=\"og:image\" content=\"https:\/\/fuentesfidedignas.com.mx\/wp-content\/uploads\/2024\/03\/helicoptero-marina-semar-michoacan-desplome.jpg\" \/>\n\t<meta property=\"og:image:width\" content=\"850\" \/>\n\t<meta property=\"og:image:height\" content=\"566\" \/>\n\t<meta property=\"og:image:type\" content=\"image\/jpeg\" \/>\n<meta name=\"author\" content=\"L\u00f3pez D\u00f3riga\" \/>\n<meta name=\"twitter:card\" content=\"summary_large_image\" \/>\n<meta name=\"twitter:creator\" content=\"@fidedignas\" \/>\n<meta name=\"twitter:site\" content=\"@fidedignas\" \/>\n<meta name=\"twitter:label1\" content=\"Escrito por\" \/>\n\t<meta name=\"twitter:data1\" content=\"L\u00f3pez D\u00f3riga\" \/>\n\t<meta name=\"twitter:label2\" content=\"Tiempo de lectura\" \/>\n\t<meta name=\"twitter:data2\" content=\"2 minutos\" \/>\n<script type=\"application\/ld+json\" class=\"yoast-schema-graph\">{\"@context\":\"https:\\\/\\\/schema.org\",\"@graph\":[{\"@type\":\"Article\",\"@id\":\"https:\\\/\\\/fuentesfidedignas.com.mx\\\/index.php\\\/2024\\\/03\\\/06\\\/se-desploma-helicoptero-de-la-marina-en-michoacan-hay-tres-muertos\\\/#article\",\"isPartOf\":{\"@id\":\"https:\\\/\\\/fuentesfidedignas.com.mx\\\/index.php\\\/2024\\\/03\\\/06\\\/se-desploma-helicoptero-de-la-marina-en-michoacan-hay-tres-muertos\\\/\"},\"author\":{\"name\":\"L\u00f3pez D\u00f3riga\",\"@id\":\"https:\\\/\\\/fuentesfidedignas.com.mx\\\/#\\\/schema\\\/person\\\/67d852f0557c8509146a4b9ddebd543a\"},\"headline\":\"Se desploma helic\u00f3ptero de la Marina en Michoac\u00e1n; hay tres muertos\",\"datePublished\":\"2024-03-06T19:37:47+00:00\",\"mainEntityOfPage\":{\"@id\":\"https:\\\/\\\/fuentesfidedignas.com.mx\\\/index.php\\\/2024\\\/03\\\/06\\\/se-desploma-helicoptero-de-la-marina-en-michoacan-hay-tres-muertos\\\/\"},\"wordCount\":329,\"commentCount\":0,\"publisher\":{\"@id\":\"https:\\\/\\\/fuentesfidedignas.com.mx\\\/#organization\"},\"image\":{\"@id\":\"https:\\\/\\\/fuentesfidedignas.com.mx\\\/index.php\\\/2024\\\/03\\\/06\\\/se-desploma-helicoptero-de-la-marina-en-michoacan-hay-tres-muertos\\\/#primaryimage\"},\"thumbnailUrl\":\"https:\\\/\\\/fuentesfidedignas.com.mx\\\/wp-content\\\/uploads\\\/2024\\\/03\\\/helicoptero-marina-semar-michoacan-desplome.jpg\",\"articleSection\":[\"NOTICIAS NACIONALES\"],\"inLanguage\":\"es\",\"potentialAction\":[{\"@type\":\"CommentAction\",\"name\":\"Comment\",\"target\":[\"https:\\\/\\\/fuentesfidedignas.com.mx\\\/index.php\\\/2024\\\/03\\\/06\\\/se-desploma-helicoptero-de-la-marina-en-michoacan-hay-tres-muertos\\\/#respond\"]}]},{\"@type\":\"WebPage\",\"@id\":\"https:\\\/\\\/fuentesfidedignas.com.mx\\\/index.php\\\/2024\\\/03\\\/06\\\/se-desploma-helicoptero-de-la-marina-en-michoacan-hay-tres-muertos\\\/\",\"url\":\"https:\\\/\\\/fuentesfidedignas.com.mx\\\/index.php\\\/2024\\\/03\\\/06\\\/se-desploma-helicoptero-de-la-marina-en-michoacan-hay-tres-muertos\\\/\",\"name\":\"Se desploma helic\u00f3ptero de la Marina en Michoac\u00e1n; hay tres muertos - Fuentes Fidedignas\",\"isPartOf\":{\"@id\":\"https:\\\/\\\/fuentesfidedignas.com.mx\\\/#website\"},\"primaryImageOfPage\":{\"@id\":\"https:\\\/\\\/fuentesfidedignas.com.mx\\\/index.php\\\/2024\\\/03\\\/06\\\/se-desploma-helicoptero-de-la-marina-en-michoacan-hay-tres-muertos\\\/#primaryimage\"},\"image\":{\"@id\":\"https:\\\/\\\/fuentesfidedignas.com.mx\\\/index.php\\\/2024\\\/03\\\/06\\\/se-desploma-helicoptero-de-la-marina-en-michoacan-hay-tres-muertos\\\/#primaryimage\"},\"thumbnailUrl\":\"https:\\\/\\\/fuentesfidedignas.com.mx\\\/wp-content\\\/uploads\\\/2024\\\/03\\\/helicoptero-marina-semar-michoacan-desplome.jpg\",\"datePublished\":\"2024-03-06T19:37:47+00:00\",\"breadcrumb\":{\"@id\":\"https:\\\/\\\/fuentesfidedignas.com.mx\\\/index.php\\\/2024\\\/03\\\/06\\\/se-desploma-helicoptero-de-la-marina-en-michoacan-hay-tres-muertos\\\/#breadcrumb\"},\"inLanguage\":\"es\",\"potentialAction\":[{\"@type\":\"ReadAction\",\"target\":[\"https:\\\/\\\/fuentesfidedignas.com.mx\\\/index.php\\\/2024\\\/03\\\/06\\\/se-desploma-helicoptero-de-la-marina-en-michoacan-hay-tres-muertos\\\/\"]}]},{\"@type\":\"ImageObject\",\"inLanguage\":\"es\",\"@id\":\"https:\\\/\\\/fuentesfidedignas.com.mx\\\/index.php\\\/2024\\\/03\\\/06\\\/se-desploma-helicoptero-de-la-marina-en-michoacan-hay-tres-muertos\\\/#primaryimage\",\"url\":\"https:\\\/\\\/fuentesfidedignas.com.mx\\\/wp-content\\\/uploads\\\/2024\\\/03\\\/helicoptero-marina-semar-michoacan-desplome.jpg\",\"contentUrl\":\"https:\\\/\\\/fuentesfidedignas.com.mx\\\/wp-content\\\/uploads\\\/2024\\\/03\\\/helicoptero-marina-semar-michoacan-desplome.jpg\",\"width\":850,\"height\":566},{\"@type\":\"BreadcrumbList\",\"@id\":\"https:\\\/\\\/fuentesfidedignas.com.mx\\\/index.php\\\/2024\\\/03\\\/06\\\/se-desploma-helicoptero-de-la-marina-en-michoacan-hay-tres-muertos\\\/#breadcrumb\",\"itemListElement\":[{\"@type\":\"ListItem\",\"position\":1,\"name\":\"Inicio\",\"item\":\"https:\\\/\\\/fuentesfidedignas.com.mx\\\/\"},{\"@type\":\"ListItem\",\"position\":2,\"name\":\"Se desploma helic\u00f3ptero de la Marina en Michoac\u00e1n; hay tres muertos\"}]},{\"@type\":\"WebSite\",\"@id\":\"https:\\\/\\\/fuentesfidedignas.com.mx\\\/#website\",\"url\":\"https:\\\/\\\/fuentesfidedignas.com.mx\\\/\",\"name\":\"Fuentes Fidedignas\",\"description\":\"Otro sitio realizado con WordPress\",\"publisher\":{\"@id\":\"https:\\\/\\\/fuentesfidedignas.com.mx\\\/#organization\"},\"potentialAction\":[{\"@type\":\"SearchAction\",\"target\":{\"@type\":\"EntryPoint\",\"urlTemplate\":\"https:\\\/\\\/fuentesfidedignas.com.mx\\\/?s={search_term_string}\"},\"query-input\":{\"@type\":\"PropertyValueSpecification\",\"valueRequired\":true,\"valueName\":\"search_term_string\"}}],\"inLanguage\":\"es\"},{\"@type\":\"Organization\",\"@id\":\"https:\\\/\\\/fuentesfidedignas.com.mx\\\/#organization\",\"name\":\"Fuentes Fidedignas\",\"url\":\"https:\\\/\\\/fuentesfidedignas.com.mx\\\/\",\"logo\":{\"@type\":\"ImageObject\",\"inLanguage\":\"es\",\"@id\":\"https:\\\/\\\/fuentesfidedignas.com.mx\\\/#\\\/schema\\\/logo\\\/image\\\/\",\"url\":\"https:\\\/\\\/fuentesfidedignas.com.mx\\\/wp-content\\\/uploads\\\/2021\\\/04\\\/logo-retina.png\",\"contentUrl\":\"https:\\\/\\\/fuentesfidedignas.com.mx\\\/wp-content\\\/uploads\\\/2021\\\/04\\\/logo-retina.png\",\"width\":280,\"height\":51,\"caption\":\"Fuentes Fidedignas\"},\"image\":{\"@id\":\"https:\\\/\\\/fuentesfidedignas.com.mx\\\/#\\\/schema\\\/logo\\\/image\\\/\"},\"sameAs\":[\"https:\\\/\\\/www.facebook.com\\\/Fuentes-Fidedignas-368234489921644\",\"https:\\\/\\\/x.com\\\/fidedignas\"]},{\"@type\":\"Person\",\"@id\":\"https:\\\/\\\/fuentesfidedignas.com.mx\\\/#\\\/schema\\\/person\\\/67d852f0557c8509146a4b9ddebd543a\",\"name\":\"L\u00f3pez D\u00f3riga\",\"image\":{\"@type\":\"ImageObject\",\"inLanguage\":\"es\",\"@id\":\"https:\\\/\\\/secure.gravatar.com\\\/avatar\\\/e525b06574ca18b33cded59dfe5778d6c823b9513154eff47da551b0551bdd1e?s=96&d=mm&r=g\",\"url\":\"https:\\\/\\\/secure.gravatar.com\\\/avatar\\\/e525b06574ca18b33cded59dfe5778d6c823b9513154eff47da551b0551bdd1e?s=96&d=mm&r=g\",\"contentUrl\":\"https:\\\/\\\/secure.gravatar.com\\\/avatar\\\/e525b06574ca18b33cded59dfe5778d6c823b9513154eff47da551b0551bdd1e?s=96&d=mm&r=g\",\"caption\":\"L\u00f3pez D\u00f3riga\"},\"url\":\"https:\\\/\\\/fuentesfidedignas.com.mx\\\/index.php\\\/author\\\/doriga\\\/\"}]}<\/script>\n<!-- \/ Yoast SEO plugin. -->","yoast_head_json":{"title":"Se desploma helic\u00f3ptero de la Marina en Michoac\u00e1n; hay tres muertos - Fuentes Fidedignas","robots":{"index":"index","follow":"follow","max-snippet":"max-snippet:-1","max-image-preview":"max-image-preview:large","max-video-preview":"max-video-preview:-1"},"canonical":"https:\/\/fuentesfidedignas.com.mx\/index.php\/2024\/03\/06\/se-desploma-helicoptero-de-la-marina-en-michoacan-hay-tres-muertos\/","og_locale":"es_MX","og_type":"article","og_title":"Se desploma helic\u00f3ptero de la Marina en Michoac\u00e1n; hay tres muertos - Fuentes Fidedignas","og_description":"La Secretar\u00eda de Marina detall\u00f3 que uno de sus helic\u00f3pteros se desplom\u00f3 tras despegar de una plataforma en L\u00e1zaro C\u00e1rdenas, Michoac\u00e1n La Secretar\u00eda de Marina (Semar) inform\u00f3 del desplome de un helic\u00f3ptero que despeg\u00f3 desde una plataforma en L\u00e1zaro C\u00e1rdenas, Michoac\u00e1n. \u201cEn dicha aeronave se transportaban ocho elementos navales, de los cuales tres fueron rescatados [&hellip;]","og_url":"https:\/\/fuentesfidedignas.com.mx\/index.php\/2024\/03\/06\/se-desploma-helicoptero-de-la-marina-en-michoacan-hay-tres-muertos\/","og_site_name":"Fuentes Fidedignas","article_publisher":"https:\/\/www.facebook.com\/Fuentes-Fidedignas-368234489921644","article_published_time":"2024-03-06T19:37:47+00:00","og_image":[{"width":850,"height":566,"url":"https:\/\/fuentesfidedignas.com.mx\/wp-content\/uploads\/2024\/03\/helicoptero-marina-semar-michoacan-desplome.jpg","type":"image\/jpeg"}],"author":"L\u00f3pez D\u00f3riga","twitter_card":"summary_large_image","twitter_creator":"@fidedignas","twitter_site":"@fidedignas","twitter_misc":{"Escrito por":"L\u00f3pez D\u00f3riga","Tiempo de lectura":"2 minutos"},"schema":{"@context":"https:\/\/schema.org","@graph":[{"@type":"Article","@id":"https:\/\/fuentesfidedignas.com.mx\/index.php\/2024\/03\/06\/se-desploma-helicoptero-de-la-marina-en-michoacan-hay-tres-muertos\/#article","isPartOf":{"@id":"https:\/\/fuentesfidedignas.com.mx\/index.php\/2024\/03\/06\/se-desploma-helicoptero-de-la-marina-en-michoacan-hay-tres-muertos\/"},"author":{"name":"L\u00f3pez D\u00f3riga","@id":"https:\/\/fuentesfidedignas.com.mx\/#\/schema\/person\/67d852f0557c8509146a4b9ddebd543a"},"headline":"Se desploma helic\u00f3ptero de la Marina en Michoac\u00e1n; hay tres muertos","datePublished":"2024-03-06T19:37:47+00:00","mainEntityOfPage":{"@id":"https:\/\/fuentesfidedignas.com.mx\/index.php\/2024\/03\/06\/se-desploma-helicoptero-de-la-marina-en-michoacan-hay-tres-muertos\/"},"wordCount":329,"commentCount":0,"publisher":{"@id":"https:\/\/fuentesfidedignas.com.mx\/#organization"},"image":{"@id":"https:\/\/fuentesfidedignas.com.mx\/index.php\/2024\/03\/06\/se-desploma-helicoptero-de-la-marina-en-michoacan-hay-tres-muertos\/#primaryimage"},"thumbnailUrl":"https:\/\/fuentesfidedignas.com.mx\/wp-content\/uploads\/2024\/03\/helicoptero-marina-semar-michoacan-desplome.jpg","articleSection":["NOTICIAS NACIONALES"],"inLanguage":"es","potentialAction":[{"@type":"CommentAction","name":"Comment","target":["https:\/\/fuentesfidedignas.com.mx\/index.php\/2024\/03\/06\/se-desploma-helicoptero-de-la-marina-en-michoacan-hay-tres-muertos\/#respond"]}]},{"@type":"WebPage","@id":"https:\/\/fuentesfidedignas.com.mx\/index.php\/2024\/03\/06\/se-desploma-helicoptero-de-la-marina-en-michoacan-hay-tres-muertos\/","url":"https:\/\/fuentesfidedignas.com.mx\/index.php\/2024\/03\/06\/se-desploma-helicoptero-de-la-marina-en-michoacan-hay-tres-muertos\/","name":"Se desploma helic\u00f3ptero de la Marina en Michoac\u00e1n; hay tres muertos - Fuentes Fidedignas","isPartOf":{"@id":"https:\/\/fuentesfidedignas.com.mx\/#website"},"primaryImageOfPage":{"@id":"https:\/\/fuentesfidedignas.com.mx\/index.php\/2024\/03\/06\/se-desploma-helicoptero-de-la-marina-en-michoacan-hay-tres-muertos\/#primaryimage"},"image":{"@id":"https:\/\/fuentesfidedignas.com.mx\/index.php\/2024\/03\/06\/se-desploma-helicoptero-de-la-marina-en-michoacan-hay-tres-muertos\/#primaryimage"},"thumbnailUrl":"https:\/\/fuentesfidedignas.com.mx\/wp-content\/uploads\/2024\/03\/helicoptero-marina-semar-michoacan-desplome.jpg","datePublished":"2024-03-06T19:37:47+00:00","breadcrumb":{"@id":"https:\/\/fuentesfidedignas.com.mx\/index.php\/2024\/03\/06\/se-desploma-helicoptero-de-la-marina-en-michoacan-hay-tres-muertos\/#breadcrumb"},"inLanguage":"es","potentialAction":[{"@type":"ReadAction","target":["https:\/\/fuentesfidedignas.com.mx\/index.php\/2024\/03\/06\/se-desploma-helicoptero-de-la-marina-en-michoacan-hay-tres-muertos\/"]}]},{"@type":"ImageObject","inLanguage":"es","@id":"https:\/\/fuentesfidedignas.com.mx\/index.php\/2024\/03\/06\/se-desploma-helicoptero-de-la-marina-en-michoacan-hay-tres-muertos\/#primaryimage","url":"https:\/\/fuentesfidedignas.com.mx\/wp-content\/uploads\/2024\/03\/helicoptero-marina-semar-michoacan-desplome.jpg","contentUrl":"https:\/\/fuentesfidedignas.com.mx\/wp-content\/uploads\/2024\/03\/helicoptero-marina-semar-michoacan-desplome.jpg","width":850,"height":566},{"@type":"BreadcrumbList","@id":"https:\/\/fuentesfidedignas.com.mx\/index.php\/2024\/03\/06\/se-desploma-helicoptero-de-la-marina-en-michoacan-hay-tres-muertos\/#breadcrumb","itemListElement":[{"@type":"ListItem","position":1,"name":"Inicio","item":"https:\/\/fuentesfidedignas.com.mx\/"},{"@type":"ListItem","position":2,"name":"Se desploma helic\u00f3ptero de la Marina en Michoac\u00e1n; hay tres muertos"}]},{"@type":"WebSite","@id":"https:\/\/fuentesfidedignas.com.mx\/#website","url":"https:\/\/fuentesfidedignas.com.mx\/","name":"Fuentes Fidedignas","description":"Otro sitio realizado con WordPress","publisher":{"@id":"https:\/\/fuentesfidedignas.com.mx\/#organization"},"potentialAction":[{"@type":"SearchAction","target":{"@type":"EntryPoint","urlTemplate":"https:\/\/fuentesfidedignas.com.mx\/?s={search_term_string}"},"query-input":{"@type":"PropertyValueSpecification","valueRequired":true,"valueName":"search_term_string"}}],"inLanguage":"es"},{"@type":"Organization","@id":"https:\/\/fuentesfidedignas.com.mx\/#organization","name":"Fuentes Fidedignas","url":"https:\/\/fuentesfidedignas.com.mx\/","logo":{"@type":"ImageObject","inLanguage":"es","@id":"https:\/\/fuentesfidedignas.com.mx\/#\/schema\/logo\/image\/","url":"https:\/\/fuentesfidedignas.com.mx\/wp-content\/uploads\/2021\/04\/logo-retina.png","contentUrl":"https:\/\/fuentesfidedignas.com.mx\/wp-content\/uploads\/2021\/04\/logo-retina.png","width":280,"height":51,"caption":"Fuentes Fidedignas"},"image":{"@id":"https:\/\/fuentesfidedignas.com.mx\/#\/schema\/logo\/image\/"},"sameAs":["https:\/\/www.facebook.com\/Fuentes-Fidedignas-368234489921644","https:\/\/x.com\/fidedignas"]},{"@type":"Person","@id":"https:\/\/fuentesfidedignas.com.mx\/#\/schema\/person\/67d852f0557c8509146a4b9ddebd543a","name":"L\u00f3pez D\u00f3riga","image":{"@type":"ImageObject","inLanguage":"es","@id":"https:\/\/secure.gravatar.com\/avatar\/e525b06574ca18b33cded59dfe5778d6c823b9513154eff47da551b0551bdd1e?s=96&d=mm&r=g","url":"https:\/\/secure.gravatar.com\/avatar\/e525b06574ca18b33cded59dfe5778d6c823b9513154eff47da551b0551bdd1e?s=96&d=mm&r=g","contentUrl":"https:\/\/secure.gravatar.com\/avatar\/e525b06574ca18b33cded59dfe5778d6c823b9513154eff47da551b0551bdd1e?s=96&d=mm&r=g","caption":"L\u00f3pez D\u00f3riga"},"url":"https:\/\/fuentesfidedignas.com.mx\/index.php\/author\/doriga\/"}]}},"_links":{"self":[{"href":"https:\/\/fuentesfidedignas.com.mx\/index.php\/wp-json\/wp\/v2\/posts\/76053","targetHints":{"allow":["GET"]}}],"collection":[{"href":"https:\/\/fuentesfidedignas.com.mx\/index.php\/wp-json\/wp\/v2\/posts"}],"about":[{"href":"https:\/\/fuentesfidedignas.com.mx\/index.php\/wp-json\/wp\/v2\/types\/post"}],"author":[{"embeddable":true,"href":"https:\/\/fuentesfidedignas.com.mx\/index.php\/wp-json\/wp\/v2\/users\/47"}],"replies":[{"embeddable":true,"href":"https:\/\/fuentesfidedignas.com.mx\/index.php\/wp-json\/wp\/v2\/comments?post=76053"}],"version-history":[{"count":1,"href":"https:\/\/fuentesfidedignas.com.mx\/index.php\/wp-json\/wp\/v2\/posts\/76053\/revisions"}],"predecessor-version":[{"id":76055,"href":"https:\/\/fuentesfidedignas.com.mx\/index.php\/wp-json\/wp\/v2\/posts\/76053\/revisions\/76055"}],"wp:featuredmedia":[{"embeddable":true,"href":"https:\/\/fuentesfidedignas.com.mx\/index.php\/wp-json\/wp\/v2\/media\/76054"}],"wp:attachment":[{"href":"https:\/\/fuentesfidedignas.com.mx\/index.php\/wp-json\/wp\/v2\/media?parent=76053"}],"wp:term":[{"taxonomy":"category","embeddable":true,"href":"https:\/\/fuentesfidedignas.com.mx\/index.php\/wp-json\/wp\/v2\/categories?post=76053"},{"taxonomy":"post_tag","embeddable":true,"href":"https:\/\/fuentesfidedignas.com.mx\/index.php\/wp-json\/wp\/v2\/tags?post=76053"}],"curies":[{"name":"wp","href":"https:\/\/api.w.org\/{rel}","templated":true}]}}