{"id":75975,"date":"2024-03-06T05:40:47","date_gmt":"2024-03-06T12:40:47","guid":{"rendered":"https:\/\/fuentesfidedignas.com.mx\/?p=75975"},"modified":"2024-03-06T06:36:21","modified_gmt":"2024-03-06T13:36:21","slug":"hombre-compra-pastel-por-sus-5-anos-de-divorcio-y-va-a-festejarlo-con-su-ex-es-nuestro-aniversario","status":"publish","type":"post","link":"https:\/\/fuentesfidedignas.com.mx\/index.php\/2024\/03\/06\/hombre-compra-pastel-por-sus-5-anos-de-divorcio-y-va-a-festejarlo-con-su-ex-es-nuestro-aniversario\/","title":{"rendered":"Hombre compra pastel por sus 5 a\u00f1os de divorcio y va a festejarlo con su ex"},"content":{"rendered":"\n<p><strong><em>&#8220;Si no voy a tener un ex as\u00ed no quiero nada&#8221;, expres\u00f3 un internauta.<\/em><\/strong><\/p>\n\n\n\n<p>Un hombre se volvi\u00f3 viral en las rede sociales luego de que se dio a conocer que tras&nbsp;cumplir cinco a\u00f1os de divorcio&nbsp;compr\u00f3 un pastel y decidi\u00f3 celebrarlo a lado de su ex pareja.&nbsp;<\/p>\n\n\n\n<p>Y es que no hay duda de que algunas relaciones pese a la distancia que tienen siguen teniendo un vinculo afectivo, ya sea por los recuerdos que tuvieron en el pasado o por el cari\u00f1o que a\u00fan se tienen.\u00a0<\/p>\n\n\n\n<p><strong>Hombre va a festejar cinco a\u00f1os de divorcio con su ex\u00a0<\/strong><\/p>\n\n\n\n<p>Ahora un hombre fue grabado tras acudir a la casa de su ex esposa; al lugar lleg\u00f3 con la mitad de un pastel de chocolate, ya que quer\u00eda celebrar con ella que estaban cumpliendo cinco a\u00f1os de divorcio.&nbsp;<\/p>\n\n\n\n<p>La mujer al verlo, se qued\u00f3 sorprendida, y cuestion\u00f3: &#8220;Y ahora, \u00bfqu\u00e9 haces aqu\u00ed tan temprano?&#8221;. El hombre, con una sonrisa de oreja a oreja explic\u00f3 que era por sus cinco a\u00f1os de divorcio.&nbsp;<\/p>\n\n\n\n<p><em>&#8220;Te traje tu despensa (\u2026) Que no ves que ya tenemos cinco a\u00f1os de que nos divorciamos&#8221;, comunic\u00f3 el hombre.\u00a0<\/em><\/p>\n\n\n\n<p><em>&#8220;\u00a1Cinco a\u00f1os que nos divorciamos desdichado! \u00bfLos mismo que vienes a tragar?&#8221;, contest\u00f3 la ex esposa.\u00a0<\/em><\/p>\n\n\n\n<p>La mujer no pas\u00f3 desapercibido que su ex esposo lleg\u00f3 a su casa con la mitad de un pastel, pues, aunque le dio acceso a su casa, le grit\u00f3: &#8220;Sigues igual de miserable, \u00bfc\u00f3mo que trajiste la mitad?&#8221;.<\/p>\n\n\n\n<p><strong>Redes reaccionan<\/strong><br>El momento fue compartido y viralizado a trav\u00e9s de un video en la cuenta de TikTok\u00a0@erandi_carolina. Hasta el momento, ya sum\u00f3 284 mil me gusta y m\u00e1s de 4.5 millones de visualizaciones. Los internautas aprovecharon para reaccionar; esto dijeron:\u00a0\u00a0<\/p>\n\n\n\n<ul class=\"wp-block-list\">\n<li>&#8220;\u00bfY por qu\u00e9 mejor no vuelven a estar juntos?&#8221;.\u00a0<\/li>\n\n\n\n<li>&#8220;A veces conectas m\u00e1s con esa persona como amigo que como pareja siempre e dicho que si no hubo tantos rollos si no que solo porque ya no hab\u00eda ese amor si se puede llevar excelente&#8221;.\u00a0<\/li>\n\n\n\n<li>&#8220;\u00bfY que hizo la otra mitad del pastel?&#8221;.\u00a0<\/li>\n\n\n\n<li>&#8220;Por qu\u00e9 la gente no entiende que hay personas que se llevan mejor como amigos que como pareja&#8221;<\/li>\n\n\n\n<li>&#8220;Si no voy a tener un ex as\u00ed no quiero nada&#8221;.\u00a0<\/li>\n\n\n\n<li>&#8220;Llevo tres a\u00f1os separada, volv\u00ed a rehacer mi vida con otra persona y el a\u00fan viene, siempre preocupado de mi pareja. Nos quiere a los dos&#8221;.\u00a0<\/li>\n\n\n\n<li>&#8220;Mis pap\u00e1s se separaron hace 12 a\u00f1os y papi va todos los d\u00edas a la casa y a veces hasta se queda a cuidarla cuando mami se va de viaje y nosotras&#8221;.\u00a0<\/li>\n\n\n\n<li>&#8220;Mi ex invit\u00f3 a nuestros hijos, mi marido y a mi a comer helado&#8221;.\u00a0<\/li>\n\n\n\n<li>&#8220;Mis pap\u00e1s se separaron hace 25 a\u00f1os y el amor de familia se qued\u00f3, \u00a1se llevan mejor separados! No s\u00e9 c\u00f3mo lo hacen pero funciona&#8221;.\u00a0<\/li>\n\n\n\n<li>&#8220;As\u00ed era mi pap\u00e1. Ven\u00eda a casa y preguntaba de primero si estaba mi mam\u00e1 por 20 a\u00f1os&#8221;.\u00a0<\/li>\n\n\n\n<li>&#8220;Oiga, se me hace que ese don aun la ama&#8221;.<\/li>\n\n\n\n<li>&#8220;Yo preferir\u00eda mil veces que mis pap\u00e1s se llevar\u00e1n as\u00ed, desde que se separaron hace cuatro a\u00f1os hemos visto contadas veces a m\u00ed pap\u00e1\u2026 Lo extra\u00f1o mucho&#8221;.<\/li>\n<\/ul>\n\n\n\n<p>Mira el video aqu\u00ed:<\/p>\n\n\n\n<blockquote class=\"tiktok-embed\" cite=\"https:\/\/www.tiktok.com\/@erandi_carolina\/video\/7342230844649573638\" data-video-id=\"7342230844649573638\" style=\"max-width: 605px;min-width: 325px;\" > <section> <a target=\"_blank\" title=\"@erandi_carolina\" href=\"https:\/\/www.tiktok.com\/@erandi_carolina?refer=embed\" rel=\"noopener\">@erandi_carolina<\/a> <a title=\"divorciofeliz\" target=\"_blank\" href=\"https:\/\/www.tiktok.com\/tag\/divorciofeliz?refer=embed\" rel=\"noopener\">#divorciofeliz<\/a> <a title=\"pensionalimenticia\" target=\"_blank\" href=\"https:\/\/www.tiktok.com\/tag\/pensionalimenticia?refer=embed\" rel=\"noopener\">#pensionalimenticia<\/a> <a title=\"aniversario\" target=\"_blank\" href=\"https:\/\/www.tiktok.com\/tag\/aniversario?refer=embed\" rel=\"noopener\">#aniversario<\/a> <a target=\"_blank\" title=\"\u266c sonido original - ERANDI CAROLINA\" href=\"https:\/\/www.tiktok.com\/music\/sonido-original-7342230875779697413?refer=embed\" rel=\"noopener\">\u266c sonido original &#8211; ERANDI CAROLINA<\/a> <\/section> <\/blockquote> <script async src=\"https:\/\/www.tiktok.com\/embed.js\"><\/script>\n","protected":false},"excerpt":{"rendered":"<p>&#8220;Si no voy a tener un ex as\u00ed no quiero nada&#8221;, expres\u00f3 un internauta. Un hombre se volvi\u00f3 viral en las rede sociales luego de que se dio a conocer que tras&nbsp;cumplir cinco a\u00f1os de divorcio&nbsp;compr\u00f3 un pastel y decidi\u00f3 celebrarlo a lado de su ex pareja.&nbsp; Y es que no hay duda de que [&hellip;]<\/p>\n","protected":false},"author":9,"featured_media":75976,"comment_status":"open","ping_status":"open","sticky":false,"template":"","format":"standard","meta":{"tdm_status":"","tdm_grid_status":"","footnotes":""},"categories":[40],"tags":[],"class_list":{"0":"post-75975","1":"post","2":"type-post","3":"status-publish","4":"format-standard","5":"has-post-thumbnail","7":"category-las-asombrosas"},"yoast_head":"<!-- This site is optimized with the Yoast SEO plugin v27.5 - https:\/\/yoast.com\/product\/yoast-seo-wordpress\/ -->\n<title>Hombre compra pastel por sus 5 a\u00f1os de divorcio y va a festejarlo con su ex - Fuentes Fidedignas<\/title>\n<meta name=\"robots\" content=\"index, follow, max-snippet:-1, max-image-preview:large, max-video-preview:-1\" \/>\n<link rel=\"canonical\" href=\"https:\/\/fuentesfidedignas.com.mx\/index.php\/2024\/03\/06\/hombre-compra-pastel-por-sus-5-anos-de-divorcio-y-va-a-festejarlo-con-su-ex-es-nuestro-aniversario\/\" \/>\n<meta property=\"og:locale\" content=\"es_MX\" \/>\n<meta property=\"og:type\" content=\"article\" \/>\n<meta property=\"og:title\" content=\"Hombre compra pastel por sus 5 a\u00f1os de divorcio y va a festejarlo con su ex - Fuentes Fidedignas\" \/>\n<meta property=\"og:description\" content=\"&#8220;Si no voy a tener un ex as\u00ed no quiero nada&#8221;, expres\u00f3 un internauta. Un hombre se volvi\u00f3 viral en las rede sociales luego de que se dio a conocer que tras&nbsp;cumplir cinco a\u00f1os de divorcio&nbsp;compr\u00f3 un pastel y decidi\u00f3 celebrarlo a lado de su ex pareja.&nbsp; Y es que no hay duda de que [&hellip;]\" \/>\n<meta property=\"og:url\" content=\"https:\/\/fuentesfidedignas.com.mx\/index.php\/2024\/03\/06\/hombre-compra-pastel-por-sus-5-anos-de-divorcio-y-va-a-festejarlo-con-su-ex-es-nuestro-aniversario\/\" \/>\n<meta property=\"og:site_name\" content=\"Fuentes Fidedignas\" \/>\n<meta property=\"article:publisher\" content=\"https:\/\/www.facebook.com\/Fuentes-Fidedignas-368234489921644\" \/>\n<meta property=\"article:published_time\" content=\"2024-03-06T12:40:47+00:00\" \/>\n<meta property=\"article:modified_time\" content=\"2024-03-06T13:36:21+00:00\" \/>\n<meta property=\"og:image\" content=\"https:\/\/fuentesfidedignas.com.mx\/wp-content\/uploads\/2024\/03\/DIVORCIADO.jpg\" \/>\n\t<meta property=\"og:image:width\" content=\"872\" \/>\n\t<meta property=\"og:image:height\" content=\"528\" \/>\n\t<meta property=\"og:image:type\" content=\"image\/jpeg\" \/>\n<meta name=\"author\" content=\"Milenio\" \/>\n<meta name=\"twitter:card\" content=\"summary_large_image\" \/>\n<meta name=\"twitter:creator\" content=\"@fidedignas\" \/>\n<meta name=\"twitter:site\" content=\"@fidedignas\" \/>\n<meta name=\"twitter:label1\" content=\"Escrito por\" \/>\n\t<meta name=\"twitter:data1\" content=\"Milenio\" \/>\n\t<meta name=\"twitter:label2\" content=\"Tiempo de lectura\" \/>\n\t<meta name=\"twitter:data2\" content=\"3 minutos\" \/>\n<script type=\"application\/ld+json\" class=\"yoast-schema-graph\">{\"@context\":\"https:\\\/\\\/schema.org\",\"@graph\":[{\"@type\":\"Article\",\"@id\":\"https:\\\/\\\/fuentesfidedignas.com.mx\\\/index.php\\\/2024\\\/03\\\/06\\\/hombre-compra-pastel-por-sus-5-anos-de-divorcio-y-va-a-festejarlo-con-su-ex-es-nuestro-aniversario\\\/#article\",\"isPartOf\":{\"@id\":\"https:\\\/\\\/fuentesfidedignas.com.mx\\\/index.php\\\/2024\\\/03\\\/06\\\/hombre-compra-pastel-por-sus-5-anos-de-divorcio-y-va-a-festejarlo-con-su-ex-es-nuestro-aniversario\\\/\"},\"author\":{\"name\":\"Milenio\",\"@id\":\"https:\\\/\\\/fuentesfidedignas.com.mx\\\/#\\\/schema\\\/person\\\/47ec0135738f4b0c7495f06a77a2c976\"},\"headline\":\"Hombre compra pastel por sus 5 a\u00f1os de divorcio y va a festejarlo con su ex\",\"datePublished\":\"2024-03-06T12:40:47+00:00\",\"dateModified\":\"2024-03-06T13:36:21+00:00\",\"mainEntityOfPage\":{\"@id\":\"https:\\\/\\\/fuentesfidedignas.com.mx\\\/index.php\\\/2024\\\/03\\\/06\\\/hombre-compra-pastel-por-sus-5-anos-de-divorcio-y-va-a-festejarlo-con-su-ex-es-nuestro-aniversario\\\/\"},\"wordCount\":580,\"commentCount\":0,\"publisher\":{\"@id\":\"https:\\\/\\\/fuentesfidedignas.com.mx\\\/#organization\"},\"image\":{\"@id\":\"https:\\\/\\\/fuentesfidedignas.com.mx\\\/index.php\\\/2024\\\/03\\\/06\\\/hombre-compra-pastel-por-sus-5-anos-de-divorcio-y-va-a-festejarlo-con-su-ex-es-nuestro-aniversario\\\/#primaryimage\"},\"thumbnailUrl\":\"https:\\\/\\\/fuentesfidedignas.com.mx\\\/wp-content\\\/uploads\\\/2024\\\/03\\\/DIVORCIADO.jpg\",\"articleSection\":[\"LAS ASOMBROSAS\"],\"inLanguage\":\"es\",\"potentialAction\":[{\"@type\":\"CommentAction\",\"name\":\"Comment\",\"target\":[\"https:\\\/\\\/fuentesfidedignas.com.mx\\\/index.php\\\/2024\\\/03\\\/06\\\/hombre-compra-pastel-por-sus-5-anos-de-divorcio-y-va-a-festejarlo-con-su-ex-es-nuestro-aniversario\\\/#respond\"]}]},{\"@type\":\"WebPage\",\"@id\":\"https:\\\/\\\/fuentesfidedignas.com.mx\\\/index.php\\\/2024\\\/03\\\/06\\\/hombre-compra-pastel-por-sus-5-anos-de-divorcio-y-va-a-festejarlo-con-su-ex-es-nuestro-aniversario\\\/\",\"url\":\"https:\\\/\\\/fuentesfidedignas.com.mx\\\/index.php\\\/2024\\\/03\\\/06\\\/hombre-compra-pastel-por-sus-5-anos-de-divorcio-y-va-a-festejarlo-con-su-ex-es-nuestro-aniversario\\\/\",\"name\":\"Hombre compra pastel por sus 5 a\u00f1os de divorcio y va a festejarlo con su ex - Fuentes Fidedignas\",\"isPartOf\":{\"@id\":\"https:\\\/\\\/fuentesfidedignas.com.mx\\\/#website\"},\"primaryImageOfPage\":{\"@id\":\"https:\\\/\\\/fuentesfidedignas.com.mx\\\/index.php\\\/2024\\\/03\\\/06\\\/hombre-compra-pastel-por-sus-5-anos-de-divorcio-y-va-a-festejarlo-con-su-ex-es-nuestro-aniversario\\\/#primaryimage\"},\"image\":{\"@id\":\"https:\\\/\\\/fuentesfidedignas.com.mx\\\/index.php\\\/2024\\\/03\\\/06\\\/hombre-compra-pastel-por-sus-5-anos-de-divorcio-y-va-a-festejarlo-con-su-ex-es-nuestro-aniversario\\\/#primaryimage\"},\"thumbnailUrl\":\"https:\\\/\\\/fuentesfidedignas.com.mx\\\/wp-content\\\/uploads\\\/2024\\\/03\\\/DIVORCIADO.jpg\",\"datePublished\":\"2024-03-06T12:40:47+00:00\",\"dateModified\":\"2024-03-06T13:36:21+00:00\",\"breadcrumb\":{\"@id\":\"https:\\\/\\\/fuentesfidedignas.com.mx\\\/index.php\\\/2024\\\/03\\\/06\\\/hombre-compra-pastel-por-sus-5-anos-de-divorcio-y-va-a-festejarlo-con-su-ex-es-nuestro-aniversario\\\/#breadcrumb\"},\"inLanguage\":\"es\",\"potentialAction\":[{\"@type\":\"ReadAction\",\"target\":[\"https:\\\/\\\/fuentesfidedignas.com.mx\\\/index.php\\\/2024\\\/03\\\/06\\\/hombre-compra-pastel-por-sus-5-anos-de-divorcio-y-va-a-festejarlo-con-su-ex-es-nuestro-aniversario\\\/\"]}]},{\"@type\":\"ImageObject\",\"inLanguage\":\"es\",\"@id\":\"https:\\\/\\\/fuentesfidedignas.com.mx\\\/index.php\\\/2024\\\/03\\\/06\\\/hombre-compra-pastel-por-sus-5-anos-de-divorcio-y-va-a-festejarlo-con-su-ex-es-nuestro-aniversario\\\/#primaryimage\",\"url\":\"https:\\\/\\\/fuentesfidedignas.com.mx\\\/wp-content\\\/uploads\\\/2024\\\/03\\\/DIVORCIADO.jpg\",\"contentUrl\":\"https:\\\/\\\/fuentesfidedignas.com.mx\\\/wp-content\\\/uploads\\\/2024\\\/03\\\/DIVORCIADO.jpg\",\"width\":872,\"height\":528},{\"@type\":\"BreadcrumbList\",\"@id\":\"https:\\\/\\\/fuentesfidedignas.com.mx\\\/index.php\\\/2024\\\/03\\\/06\\\/hombre-compra-pastel-por-sus-5-anos-de-divorcio-y-va-a-festejarlo-con-su-ex-es-nuestro-aniversario\\\/#breadcrumb\",\"itemListElement\":[{\"@type\":\"ListItem\",\"position\":1,\"name\":\"Inicio\",\"item\":\"https:\\\/\\\/fuentesfidedignas.com.mx\\\/\"},{\"@type\":\"ListItem\",\"position\":2,\"name\":\"Hombre compra pastel por sus 5 a\u00f1os de divorcio y va a festejarlo con su ex\"}]},{\"@type\":\"WebSite\",\"@id\":\"https:\\\/\\\/fuentesfidedignas.com.mx\\\/#website\",\"url\":\"https:\\\/\\\/fuentesfidedignas.com.mx\\\/\",\"name\":\"Fuentes Fidedignas\",\"description\":\"Otro sitio realizado con WordPress\",\"publisher\":{\"@id\":\"https:\\\/\\\/fuentesfidedignas.com.mx\\\/#organization\"},\"potentialAction\":[{\"@type\":\"SearchAction\",\"target\":{\"@type\":\"EntryPoint\",\"urlTemplate\":\"https:\\\/\\\/fuentesfidedignas.com.mx\\\/?s={search_term_string}\"},\"query-input\":{\"@type\":\"PropertyValueSpecification\",\"valueRequired\":true,\"valueName\":\"search_term_string\"}}],\"inLanguage\":\"es\"},{\"@type\":\"Organization\",\"@id\":\"https:\\\/\\\/fuentesfidedignas.com.mx\\\/#organization\",\"name\":\"Fuentes Fidedignas\",\"url\":\"https:\\\/\\\/fuentesfidedignas.com.mx\\\/\",\"logo\":{\"@type\":\"ImageObject\",\"inLanguage\":\"es\",\"@id\":\"https:\\\/\\\/fuentesfidedignas.com.mx\\\/#\\\/schema\\\/logo\\\/image\\\/\",\"url\":\"https:\\\/\\\/fuentesfidedignas.com.mx\\\/wp-content\\\/uploads\\\/2021\\\/04\\\/logo-retina.png\",\"contentUrl\":\"https:\\\/\\\/fuentesfidedignas.com.mx\\\/wp-content\\\/uploads\\\/2021\\\/04\\\/logo-retina.png\",\"width\":280,\"height\":51,\"caption\":\"Fuentes Fidedignas\"},\"image\":{\"@id\":\"https:\\\/\\\/fuentesfidedignas.com.mx\\\/#\\\/schema\\\/logo\\\/image\\\/\"},\"sameAs\":[\"https:\\\/\\\/www.facebook.com\\\/Fuentes-Fidedignas-368234489921644\",\"https:\\\/\\\/x.com\\\/fidedignas\"]},{\"@type\":\"Person\",\"@id\":\"https:\\\/\\\/fuentesfidedignas.com.mx\\\/#\\\/schema\\\/person\\\/47ec0135738f4b0c7495f06a77a2c976\",\"name\":\"Milenio\",\"image\":{\"@type\":\"ImageObject\",\"inLanguage\":\"es\",\"@id\":\"https:\\\/\\\/secure.gravatar.com\\\/avatar\\\/acabf7b54753e51c2c76457954577c236b3b764789b19879565769739d1e4a75?s=96&d=mm&r=g\",\"url\":\"https:\\\/\\\/secure.gravatar.com\\\/avatar\\\/acabf7b54753e51c2c76457954577c236b3b764789b19879565769739d1e4a75?s=96&d=mm&r=g\",\"contentUrl\":\"https:\\\/\\\/secure.gravatar.com\\\/avatar\\\/acabf7b54753e51c2c76457954577c236b3b764789b19879565769739d1e4a75?s=96&d=mm&r=g\",\"caption\":\"Milenio\"},\"url\":\"https:\\\/\\\/fuentesfidedignas.com.mx\\\/index.php\\\/author\\\/milenio\\\/\"}]}<\/script>\n<!-- \/ Yoast SEO plugin. -->","yoast_head_json":{"title":"Hombre compra pastel por sus 5 a\u00f1os de divorcio y va a festejarlo con su ex - Fuentes Fidedignas","robots":{"index":"index","follow":"follow","max-snippet":"max-snippet:-1","max-image-preview":"max-image-preview:large","max-video-preview":"max-video-preview:-1"},"canonical":"https:\/\/fuentesfidedignas.com.mx\/index.php\/2024\/03\/06\/hombre-compra-pastel-por-sus-5-anos-de-divorcio-y-va-a-festejarlo-con-su-ex-es-nuestro-aniversario\/","og_locale":"es_MX","og_type":"article","og_title":"Hombre compra pastel por sus 5 a\u00f1os de divorcio y va a festejarlo con su ex - Fuentes Fidedignas","og_description":"&#8220;Si no voy a tener un ex as\u00ed no quiero nada&#8221;, expres\u00f3 un internauta. Un hombre se volvi\u00f3 viral en las rede sociales luego de que se dio a conocer que tras&nbsp;cumplir cinco a\u00f1os de divorcio&nbsp;compr\u00f3 un pastel y decidi\u00f3 celebrarlo a lado de su ex pareja.&nbsp; Y es que no hay duda de que [&hellip;]","og_url":"https:\/\/fuentesfidedignas.com.mx\/index.php\/2024\/03\/06\/hombre-compra-pastel-por-sus-5-anos-de-divorcio-y-va-a-festejarlo-con-su-ex-es-nuestro-aniversario\/","og_site_name":"Fuentes Fidedignas","article_publisher":"https:\/\/www.facebook.com\/Fuentes-Fidedignas-368234489921644","article_published_time":"2024-03-06T12:40:47+00:00","article_modified_time":"2024-03-06T13:36:21+00:00","og_image":[{"width":872,"height":528,"url":"https:\/\/fuentesfidedignas.com.mx\/wp-content\/uploads\/2024\/03\/DIVORCIADO.jpg","type":"image\/jpeg"}],"author":"Milenio","twitter_card":"summary_large_image","twitter_creator":"@fidedignas","twitter_site":"@fidedignas","twitter_misc":{"Escrito por":"Milenio","Tiempo de lectura":"3 minutos"},"schema":{"@context":"https:\/\/schema.org","@graph":[{"@type":"Article","@id":"https:\/\/fuentesfidedignas.com.mx\/index.php\/2024\/03\/06\/hombre-compra-pastel-por-sus-5-anos-de-divorcio-y-va-a-festejarlo-con-su-ex-es-nuestro-aniversario\/#article","isPartOf":{"@id":"https:\/\/fuentesfidedignas.com.mx\/index.php\/2024\/03\/06\/hombre-compra-pastel-por-sus-5-anos-de-divorcio-y-va-a-festejarlo-con-su-ex-es-nuestro-aniversario\/"},"author":{"name":"Milenio","@id":"https:\/\/fuentesfidedignas.com.mx\/#\/schema\/person\/47ec0135738f4b0c7495f06a77a2c976"},"headline":"Hombre compra pastel por sus 5 a\u00f1os de divorcio y va a festejarlo con su ex","datePublished":"2024-03-06T12:40:47+00:00","dateModified":"2024-03-06T13:36:21+00:00","mainEntityOfPage":{"@id":"https:\/\/fuentesfidedignas.com.mx\/index.php\/2024\/03\/06\/hombre-compra-pastel-por-sus-5-anos-de-divorcio-y-va-a-festejarlo-con-su-ex-es-nuestro-aniversario\/"},"wordCount":580,"commentCount":0,"publisher":{"@id":"https:\/\/fuentesfidedignas.com.mx\/#organization"},"image":{"@id":"https:\/\/fuentesfidedignas.com.mx\/index.php\/2024\/03\/06\/hombre-compra-pastel-por-sus-5-anos-de-divorcio-y-va-a-festejarlo-con-su-ex-es-nuestro-aniversario\/#primaryimage"},"thumbnailUrl":"https:\/\/fuentesfidedignas.com.mx\/wp-content\/uploads\/2024\/03\/DIVORCIADO.jpg","articleSection":["LAS ASOMBROSAS"],"inLanguage":"es","potentialAction":[{"@type":"CommentAction","name":"Comment","target":["https:\/\/fuentesfidedignas.com.mx\/index.php\/2024\/03\/06\/hombre-compra-pastel-por-sus-5-anos-de-divorcio-y-va-a-festejarlo-con-su-ex-es-nuestro-aniversario\/#respond"]}]},{"@type":"WebPage","@id":"https:\/\/fuentesfidedignas.com.mx\/index.php\/2024\/03\/06\/hombre-compra-pastel-por-sus-5-anos-de-divorcio-y-va-a-festejarlo-con-su-ex-es-nuestro-aniversario\/","url":"https:\/\/fuentesfidedignas.com.mx\/index.php\/2024\/03\/06\/hombre-compra-pastel-por-sus-5-anos-de-divorcio-y-va-a-festejarlo-con-su-ex-es-nuestro-aniversario\/","name":"Hombre compra pastel por sus 5 a\u00f1os de divorcio y va a festejarlo con su ex - Fuentes Fidedignas","isPartOf":{"@id":"https:\/\/fuentesfidedignas.com.mx\/#website"},"primaryImageOfPage":{"@id":"https:\/\/fuentesfidedignas.com.mx\/index.php\/2024\/03\/06\/hombre-compra-pastel-por-sus-5-anos-de-divorcio-y-va-a-festejarlo-con-su-ex-es-nuestro-aniversario\/#primaryimage"},"image":{"@id":"https:\/\/fuentesfidedignas.com.mx\/index.php\/2024\/03\/06\/hombre-compra-pastel-por-sus-5-anos-de-divorcio-y-va-a-festejarlo-con-su-ex-es-nuestro-aniversario\/#primaryimage"},"thumbnailUrl":"https:\/\/fuentesfidedignas.com.mx\/wp-content\/uploads\/2024\/03\/DIVORCIADO.jpg","datePublished":"2024-03-06T12:40:47+00:00","dateModified":"2024-03-06T13:36:21+00:00","breadcrumb":{"@id":"https:\/\/fuentesfidedignas.com.mx\/index.php\/2024\/03\/06\/hombre-compra-pastel-por-sus-5-anos-de-divorcio-y-va-a-festejarlo-con-su-ex-es-nuestro-aniversario\/#breadcrumb"},"inLanguage":"es","potentialAction":[{"@type":"ReadAction","target":["https:\/\/fuentesfidedignas.com.mx\/index.php\/2024\/03\/06\/hombre-compra-pastel-por-sus-5-anos-de-divorcio-y-va-a-festejarlo-con-su-ex-es-nuestro-aniversario\/"]}]},{"@type":"ImageObject","inLanguage":"es","@id":"https:\/\/fuentesfidedignas.com.mx\/index.php\/2024\/03\/06\/hombre-compra-pastel-por-sus-5-anos-de-divorcio-y-va-a-festejarlo-con-su-ex-es-nuestro-aniversario\/#primaryimage","url":"https:\/\/fuentesfidedignas.com.mx\/wp-content\/uploads\/2024\/03\/DIVORCIADO.jpg","contentUrl":"https:\/\/fuentesfidedignas.com.mx\/wp-content\/uploads\/2024\/03\/DIVORCIADO.jpg","width":872,"height":528},{"@type":"BreadcrumbList","@id":"https:\/\/fuentesfidedignas.com.mx\/index.php\/2024\/03\/06\/hombre-compra-pastel-por-sus-5-anos-de-divorcio-y-va-a-festejarlo-con-su-ex-es-nuestro-aniversario\/#breadcrumb","itemListElement":[{"@type":"ListItem","position":1,"name":"Inicio","item":"https:\/\/fuentesfidedignas.com.mx\/"},{"@type":"ListItem","position":2,"name":"Hombre compra pastel por sus 5 a\u00f1os de divorcio y va a festejarlo con su ex"}]},{"@type":"WebSite","@id":"https:\/\/fuentesfidedignas.com.mx\/#website","url":"https:\/\/fuentesfidedignas.com.mx\/","name":"Fuentes Fidedignas","description":"Otro sitio realizado con WordPress","publisher":{"@id":"https:\/\/fuentesfidedignas.com.mx\/#organization"},"potentialAction":[{"@type":"SearchAction","target":{"@type":"EntryPoint","urlTemplate":"https:\/\/fuentesfidedignas.com.mx\/?s={search_term_string}"},"query-input":{"@type":"PropertyValueSpecification","valueRequired":true,"valueName":"search_term_string"}}],"inLanguage":"es"},{"@type":"Organization","@id":"https:\/\/fuentesfidedignas.com.mx\/#organization","name":"Fuentes Fidedignas","url":"https:\/\/fuentesfidedignas.com.mx\/","logo":{"@type":"ImageObject","inLanguage":"es","@id":"https:\/\/fuentesfidedignas.com.mx\/#\/schema\/logo\/image\/","url":"https:\/\/fuentesfidedignas.com.mx\/wp-content\/uploads\/2021\/04\/logo-retina.png","contentUrl":"https:\/\/fuentesfidedignas.com.mx\/wp-content\/uploads\/2021\/04\/logo-retina.png","width":280,"height":51,"caption":"Fuentes Fidedignas"},"image":{"@id":"https:\/\/fuentesfidedignas.com.mx\/#\/schema\/logo\/image\/"},"sameAs":["https:\/\/www.facebook.com\/Fuentes-Fidedignas-368234489921644","https:\/\/x.com\/fidedignas"]},{"@type":"Person","@id":"https:\/\/fuentesfidedignas.com.mx\/#\/schema\/person\/47ec0135738f4b0c7495f06a77a2c976","name":"Milenio","image":{"@type":"ImageObject","inLanguage":"es","@id":"https:\/\/secure.gravatar.com\/avatar\/acabf7b54753e51c2c76457954577c236b3b764789b19879565769739d1e4a75?s=96&d=mm&r=g","url":"https:\/\/secure.gravatar.com\/avatar\/acabf7b54753e51c2c76457954577c236b3b764789b19879565769739d1e4a75?s=96&d=mm&r=g","contentUrl":"https:\/\/secure.gravatar.com\/avatar\/acabf7b54753e51c2c76457954577c236b3b764789b19879565769739d1e4a75?s=96&d=mm&r=g","caption":"Milenio"},"url":"https:\/\/fuentesfidedignas.com.mx\/index.php\/author\/milenio\/"}]}},"_links":{"self":[{"href":"https:\/\/fuentesfidedignas.com.mx\/index.php\/wp-json\/wp\/v2\/posts\/75975","targetHints":{"allow":["GET"]}}],"collection":[{"href":"https:\/\/fuentesfidedignas.com.mx\/index.php\/wp-json\/wp\/v2\/posts"}],"about":[{"href":"https:\/\/fuentesfidedignas.com.mx\/index.php\/wp-json\/wp\/v2\/types\/post"}],"author":[{"embeddable":true,"href":"https:\/\/fuentesfidedignas.com.mx\/index.php\/wp-json\/wp\/v2\/users\/9"}],"replies":[{"embeddable":true,"href":"https:\/\/fuentesfidedignas.com.mx\/index.php\/wp-json\/wp\/v2\/comments?post=75975"}],"version-history":[{"count":2,"href":"https:\/\/fuentesfidedignas.com.mx\/index.php\/wp-json\/wp\/v2\/posts\/75975\/revisions"}],"predecessor-version":[{"id":76019,"href":"https:\/\/fuentesfidedignas.com.mx\/index.php\/wp-json\/wp\/v2\/posts\/75975\/revisions\/76019"}],"wp:featuredmedia":[{"embeddable":true,"href":"https:\/\/fuentesfidedignas.com.mx\/index.php\/wp-json\/wp\/v2\/media\/75976"}],"wp:attachment":[{"href":"https:\/\/fuentesfidedignas.com.mx\/index.php\/wp-json\/wp\/v2\/media?parent=75975"}],"wp:term":[{"taxonomy":"category","embeddable":true,"href":"https:\/\/fuentesfidedignas.com.mx\/index.php\/wp-json\/wp\/v2\/categories?post=75975"},{"taxonomy":"post_tag","embeddable":true,"href":"https:\/\/fuentesfidedignas.com.mx\/index.php\/wp-json\/wp\/v2\/tags?post=75975"}],"curies":[{"name":"wp","href":"https:\/\/api.w.org\/{rel}","templated":true}]}}