{"id":75850,"date":"2024-03-04T17:50:13","date_gmt":"2024-03-05T00:50:13","guid":{"rendered":"https:\/\/fuentesfidedignas.com.mx\/?p=75850"},"modified":"2024-03-04T17:50:13","modified_gmt":"2024-03-05T00:50:13","slug":"epigenetica-y-calidad-de-vida","status":"publish","type":"post","link":"https:\/\/fuentesfidedignas.com.mx\/index.php\/2024\/03\/04\/epigenetica-y-calidad-de-vida\/","title":{"rendered":"Epigen\u00e9tica y Calidad de vida"},"content":{"rendered":"\n<p>La epigen\u00e9tica es la fascinante rama de la biolog\u00eda que estudia c\u00f3mo los h\u00e1bitos de vida y condiciones ambientales tienen el poder de modular la expresi\u00f3n de nuestros genes, alterando el funcionamiento interno de cada c\u00e9lula en nuestro cuerpo.<\/p>\n\n\n\n<p>Investigaciones recientes apuntan en una nueva direcci\u00f3n: llevar un estilo de vida f\u00edsicamente activo y una prudente alimentaci\u00f3n desde etapas tan tempranas como la infancia o adolescencia, puede llegar a beneficiar de manera significativa nuestro bienestar futuro como adultos. Esto se debe a la capacidad de inducir importantes cambios epigen\u00e9ticos que repercutir\u00e1n en nuestra fisiolog\u00eda.<\/p>\n\n\n\n<p>Un claro ejemplo son los programas de ejercicio de fuerza, como el entrenamiento con pesas, la calistenia o intensos reg\u00edmenes atl\u00e9ticos como el CrossFit. Practicarlos con regularidad en nuestro per\u00edodo juvenil parece mejorar a un nivel muy profundo los complejos procesos bioqu\u00edmicos que intervienen en el metabolismo de carbohidratos y az\u00facares. De esta manera, podemos llegar a volvernos m\u00e1s resistentes en el futuro a padecer terribles enfermedades como la diabetes mellitus o distintas dolencias cardiacas, a\u00fan si sigui\u00e9ramos en la edad adulta una dieta poco saludable y prudente. El fortalecimiento muscular con pesas se ha relacionado especialmente con una expresi\u00f3n gen\u00e9tica m\u00e1s \u00f3ptima de varias rutas metab\u00f3licas cruciales.<\/p>\n\n\n\n<p>Del mismo modo, incrementar la ingesta diaria de alimentos tan simples como vegetales de hoja verde, frutas frescas y prote\u00ednas provenientes de origen animal como pescados, l\u00e1cteos, huevo o carnes rojas de buena calidad; equilibrada toda la dieta con grasas saludables como las que provienen de aguacates, aceites de oliva o frutos secos; parece tener efectos altamente protectores contra el desarrollo de sobrepeso u obesidad, colesterol alto, inflamaci\u00f3n sist\u00e9mica y decadencia cognitiva prematura cuando alcancemos la temida tercera edad.<\/p>\n\n\n\n<p>Los expertos sostienen que los mecanismos subyacentes tienen que ver con una regulaci\u00f3n epigen\u00e9tica m\u00e1s apropiada de diversos genes profundamente imbricados en nuestras intricadas redes metab\u00f3licas, inflamatorias y neurol\u00f3gicas. En contraste, se ha visto que una ingesta muy frecuente de productos hiperprocesados, comida chatarra, refrescos, dulces y az\u00facares refinados durante periodos sensitivos de nuestra ni\u00f1ez y pubertad, pueden literalmente encender interruptores gen\u00e9ticos que nos predispondr\u00e1n indeseablemente hacia la acumulaci\u00f3n excesiva de grasa corporal, especialmente la peligrosa grasa visceral abdominal, h\u00edgado graso, resistencia a la insulina, as\u00ed como acelerada disfunci\u00f3n cognitiva en nuestras brillantes mentes.<\/p>\n\n\n\n<p>Gracias a los asombrosos descubrimientos en el campo de la epigen\u00e9tica moderna, hoy m\u00e1s que nunca nos damos cuenta con certeza que en realidad estamos en la capacidad de tomar ahora un gran control sobre nuestra expresi\u00f3n gen\u00e9tica, y con ello, sobre el futuro estado de salud y bienestar que vamos a experimentar en las pr\u00f3ximas d\u00e9cadas de nuestra maravillosa aventura como habitantes de este mundo. Es por ello que resulta crucial que toda persona joven tome cuanto antes una profunda conciencia de este enorme poder que tenemos latente; para desde hoy comenzar a cultivar intencionalmente el tipo de entorno interno que realmente anhelamos cosechar en el ma\u00f1ana. Adoptemos pues dietas m\u00e1s limpias y balanceadas, iniciemos disciplinas atl\u00e9ticas m\u00e1s desafiantes y rigurosas, eduqu\u00e9monos asiduamente en las \u00faltimas novedades de la nutrigen\u00f3mica.<\/p>\n\n\n\n<p>Hagamos lo que est\u00e9 a nuestro alcance para blindar nuestras futuras versiones adultas, y cultivemos de este modo nuestra mejor y m\u00e1s radiante encarnaci\u00f3n f\u00edsica para los a\u00f1os por venir. Nuestros genes, \u00f3rganos, tejidos y c\u00e9lulas nos lo van a agradecer profundamente.<\/p>\n","protected":false},"excerpt":{"rendered":"<p>La epigen\u00e9tica es la fascinante rama de la biolog\u00eda que estudia c\u00f3mo los h\u00e1bitos de vida y condiciones ambientales tienen el poder de modular la expresi\u00f3n de nuestros genes, alterando el funcionamiento interno de cada c\u00e9lula en nuestro cuerpo. Investigaciones recientes apuntan en una nueva direcci\u00f3n: llevar un estilo de vida f\u00edsicamente activo y una [&hellip;]<\/p>\n","protected":false},"author":146,"featured_media":75851,"comment_status":"open","ping_status":"open","sticky":false,"template":"","format":"standard","meta":{"tdm_status":"","tdm_grid_status":"","footnotes":""},"categories":[3064,3089],"tags":[],"class_list":{"0":"post-75850","1":"post","2":"type-post","3":"status-publish","4":"format-standard","5":"has-post-thumbnail","7":"category-columnas","8":"category-nutriendo-la-mente"},"yoast_head":"<!-- This site is optimized with the Yoast SEO plugin v27.5 - https:\/\/yoast.com\/product\/yoast-seo-wordpress\/ -->\n<title>Epigen\u00e9tica y Calidad de vida - Fuentes Fidedignas<\/title>\n<meta name=\"robots\" content=\"index, follow, max-snippet:-1, max-image-preview:large, max-video-preview:-1\" \/>\n<link rel=\"canonical\" href=\"https:\/\/fuentesfidedignas.com.mx\/index.php\/2024\/03\/04\/epigenetica-y-calidad-de-vida\/\" \/>\n<meta property=\"og:locale\" content=\"es_MX\" \/>\n<meta property=\"og:type\" content=\"article\" \/>\n<meta property=\"og:title\" content=\"Epigen\u00e9tica y Calidad de vida - Fuentes Fidedignas\" \/>\n<meta property=\"og:description\" content=\"La epigen\u00e9tica es la fascinante rama de la biolog\u00eda que estudia c\u00f3mo los h\u00e1bitos de vida y condiciones ambientales tienen el poder de modular la expresi\u00f3n de nuestros genes, alterando el funcionamiento interno de cada c\u00e9lula en nuestro cuerpo. Investigaciones recientes apuntan en una nueva direcci\u00f3n: llevar un estilo de vida f\u00edsicamente activo y una [&hellip;]\" \/>\n<meta property=\"og:url\" content=\"https:\/\/fuentesfidedignas.com.mx\/index.php\/2024\/03\/04\/epigenetica-y-calidad-de-vida\/\" \/>\n<meta property=\"og:site_name\" content=\"Fuentes Fidedignas\" \/>\n<meta property=\"article:publisher\" content=\"https:\/\/www.facebook.com\/Fuentes-Fidedignas-368234489921644\" \/>\n<meta property=\"article:published_time\" content=\"2024-03-05T00:50:13+00:00\" \/>\n<meta property=\"og:image\" content=\"https:\/\/fuentesfidedignas.com.mx\/wp-content\/uploads\/2024\/03\/WhatsApp-Image-2024-03-04-at-5.46.19-PM.jpeg\" \/>\n\t<meta property=\"og:image:width\" content=\"1600\" \/>\n\t<meta property=\"og:image:height\" content=\"1273\" \/>\n\t<meta property=\"og:image:type\" content=\"image\/jpeg\" \/>\n<meta name=\"author\" content=\"Mtro. Horacio de Jes\u00fas Malcampo Moreno\" \/>\n<meta name=\"twitter:card\" content=\"summary_large_image\" \/>\n<meta name=\"twitter:creator\" content=\"@fidedignas\" \/>\n<meta name=\"twitter:site\" content=\"@fidedignas\" \/>\n<meta name=\"twitter:label1\" content=\"Escrito por\" \/>\n\t<meta name=\"twitter:data1\" content=\"Mtro. Horacio de Jes\u00fas Malcampo Moreno\" \/>\n\t<meta name=\"twitter:label2\" content=\"Tiempo de lectura\" \/>\n\t<meta name=\"twitter:data2\" content=\"3 minutos\" \/>\n<script type=\"application\/ld+json\" class=\"yoast-schema-graph\">{\"@context\":\"https:\\\/\\\/schema.org\",\"@graph\":[{\"@type\":\"Article\",\"@id\":\"https:\\\/\\\/fuentesfidedignas.com.mx\\\/index.php\\\/2024\\\/03\\\/04\\\/epigenetica-y-calidad-de-vida\\\/#article\",\"isPartOf\":{\"@id\":\"https:\\\/\\\/fuentesfidedignas.com.mx\\\/index.php\\\/2024\\\/03\\\/04\\\/epigenetica-y-calidad-de-vida\\\/\"},\"author\":{\"name\":\"Mtro. Horacio de Jes\u00fas Malcampo Moreno\",\"@id\":\"https:\\\/\\\/fuentesfidedignas.com.mx\\\/#\\\/schema\\\/person\\\/3f687c55082c557a647c7836bde45728\"},\"headline\":\"Epigen\u00e9tica y Calidad de vida\",\"datePublished\":\"2024-03-05T00:50:13+00:00\",\"mainEntityOfPage\":{\"@id\":\"https:\\\/\\\/fuentesfidedignas.com.mx\\\/index.php\\\/2024\\\/03\\\/04\\\/epigenetica-y-calidad-de-vida\\\/\"},\"wordCount\":611,\"commentCount\":0,\"publisher\":{\"@id\":\"https:\\\/\\\/fuentesfidedignas.com.mx\\\/#organization\"},\"image\":{\"@id\":\"https:\\\/\\\/fuentesfidedignas.com.mx\\\/index.php\\\/2024\\\/03\\\/04\\\/epigenetica-y-calidad-de-vida\\\/#primaryimage\"},\"thumbnailUrl\":\"https:\\\/\\\/fuentesfidedignas.com.mx\\\/wp-content\\\/uploads\\\/2024\\\/03\\\/WhatsApp-Image-2024-03-04-at-5.46.19-PM.jpeg\",\"articleSection\":[\"COLUMNAS\",\"NUTRIENDO LA MENTE\"],\"inLanguage\":\"es\",\"potentialAction\":[{\"@type\":\"CommentAction\",\"name\":\"Comment\",\"target\":[\"https:\\\/\\\/fuentesfidedignas.com.mx\\\/index.php\\\/2024\\\/03\\\/04\\\/epigenetica-y-calidad-de-vida\\\/#respond\"]}]},{\"@type\":\"WebPage\",\"@id\":\"https:\\\/\\\/fuentesfidedignas.com.mx\\\/index.php\\\/2024\\\/03\\\/04\\\/epigenetica-y-calidad-de-vida\\\/\",\"url\":\"https:\\\/\\\/fuentesfidedignas.com.mx\\\/index.php\\\/2024\\\/03\\\/04\\\/epigenetica-y-calidad-de-vida\\\/\",\"name\":\"Epigen\u00e9tica y Calidad de vida - Fuentes Fidedignas\",\"isPartOf\":{\"@id\":\"https:\\\/\\\/fuentesfidedignas.com.mx\\\/#website\"},\"primaryImageOfPage\":{\"@id\":\"https:\\\/\\\/fuentesfidedignas.com.mx\\\/index.php\\\/2024\\\/03\\\/04\\\/epigenetica-y-calidad-de-vida\\\/#primaryimage\"},\"image\":{\"@id\":\"https:\\\/\\\/fuentesfidedignas.com.mx\\\/index.php\\\/2024\\\/03\\\/04\\\/epigenetica-y-calidad-de-vida\\\/#primaryimage\"},\"thumbnailUrl\":\"https:\\\/\\\/fuentesfidedignas.com.mx\\\/wp-content\\\/uploads\\\/2024\\\/03\\\/WhatsApp-Image-2024-03-04-at-5.46.19-PM.jpeg\",\"datePublished\":\"2024-03-05T00:50:13+00:00\",\"breadcrumb\":{\"@id\":\"https:\\\/\\\/fuentesfidedignas.com.mx\\\/index.php\\\/2024\\\/03\\\/04\\\/epigenetica-y-calidad-de-vida\\\/#breadcrumb\"},\"inLanguage\":\"es\",\"potentialAction\":[{\"@type\":\"ReadAction\",\"target\":[\"https:\\\/\\\/fuentesfidedignas.com.mx\\\/index.php\\\/2024\\\/03\\\/04\\\/epigenetica-y-calidad-de-vida\\\/\"]}]},{\"@type\":\"ImageObject\",\"inLanguage\":\"es\",\"@id\":\"https:\\\/\\\/fuentesfidedignas.com.mx\\\/index.php\\\/2024\\\/03\\\/04\\\/epigenetica-y-calidad-de-vida\\\/#primaryimage\",\"url\":\"https:\\\/\\\/fuentesfidedignas.com.mx\\\/wp-content\\\/uploads\\\/2024\\\/03\\\/WhatsApp-Image-2024-03-04-at-5.46.19-PM.jpeg\",\"contentUrl\":\"https:\\\/\\\/fuentesfidedignas.com.mx\\\/wp-content\\\/uploads\\\/2024\\\/03\\\/WhatsApp-Image-2024-03-04-at-5.46.19-PM.jpeg\",\"width\":1600,\"height\":1273},{\"@type\":\"BreadcrumbList\",\"@id\":\"https:\\\/\\\/fuentesfidedignas.com.mx\\\/index.php\\\/2024\\\/03\\\/04\\\/epigenetica-y-calidad-de-vida\\\/#breadcrumb\",\"itemListElement\":[{\"@type\":\"ListItem\",\"position\":1,\"name\":\"Inicio\",\"item\":\"https:\\\/\\\/fuentesfidedignas.com.mx\\\/\"},{\"@type\":\"ListItem\",\"position\":2,\"name\":\"Epigen\u00e9tica y Calidad de vida\"}]},{\"@type\":\"WebSite\",\"@id\":\"https:\\\/\\\/fuentesfidedignas.com.mx\\\/#website\",\"url\":\"https:\\\/\\\/fuentesfidedignas.com.mx\\\/\",\"name\":\"Fuentes Fidedignas\",\"description\":\"Otro sitio realizado con WordPress\",\"publisher\":{\"@id\":\"https:\\\/\\\/fuentesfidedignas.com.mx\\\/#organization\"},\"potentialAction\":[{\"@type\":\"SearchAction\",\"target\":{\"@type\":\"EntryPoint\",\"urlTemplate\":\"https:\\\/\\\/fuentesfidedignas.com.mx\\\/?s={search_term_string}\"},\"query-input\":{\"@type\":\"PropertyValueSpecification\",\"valueRequired\":true,\"valueName\":\"search_term_string\"}}],\"inLanguage\":\"es\"},{\"@type\":\"Organization\",\"@id\":\"https:\\\/\\\/fuentesfidedignas.com.mx\\\/#organization\",\"name\":\"Fuentes Fidedignas\",\"url\":\"https:\\\/\\\/fuentesfidedignas.com.mx\\\/\",\"logo\":{\"@type\":\"ImageObject\",\"inLanguage\":\"es\",\"@id\":\"https:\\\/\\\/fuentesfidedignas.com.mx\\\/#\\\/schema\\\/logo\\\/image\\\/\",\"url\":\"https:\\\/\\\/fuentesfidedignas.com.mx\\\/wp-content\\\/uploads\\\/2021\\\/04\\\/logo-retina.png\",\"contentUrl\":\"https:\\\/\\\/fuentesfidedignas.com.mx\\\/wp-content\\\/uploads\\\/2021\\\/04\\\/logo-retina.png\",\"width\":280,\"height\":51,\"caption\":\"Fuentes Fidedignas\"},\"image\":{\"@id\":\"https:\\\/\\\/fuentesfidedignas.com.mx\\\/#\\\/schema\\\/logo\\\/image\\\/\"},\"sameAs\":[\"https:\\\/\\\/www.facebook.com\\\/Fuentes-Fidedignas-368234489921644\",\"https:\\\/\\\/x.com\\\/fidedignas\"]},{\"@type\":\"Person\",\"@id\":\"https:\\\/\\\/fuentesfidedignas.com.mx\\\/#\\\/schema\\\/person\\\/3f687c55082c557a647c7836bde45728\",\"name\":\"Mtro. Horacio de Jes\u00fas Malcampo Moreno\",\"image\":{\"@type\":\"ImageObject\",\"inLanguage\":\"es\",\"@id\":\"https:\\\/\\\/secure.gravatar.com\\\/avatar\\\/21fd667a5b9de079d383e44390566d4c728a6ce47b9b5e8419c61f1b793461ac?s=96&d=mm&r=g\",\"url\":\"https:\\\/\\\/secure.gravatar.com\\\/avatar\\\/21fd667a5b9de079d383e44390566d4c728a6ce47b9b5e8419c61f1b793461ac?s=96&d=mm&r=g\",\"contentUrl\":\"https:\\\/\\\/secure.gravatar.com\\\/avatar\\\/21fd667a5b9de079d383e44390566d4c728a6ce47b9b5e8419c61f1b793461ac?s=96&d=mm&r=g\",\"caption\":\"Mtro. Horacio de Jes\u00fas Malcampo Moreno\"},\"url\":\"https:\\\/\\\/fuentesfidedignas.com.mx\\\/index.php\\\/author\\\/horacio\\\/\"}]}<\/script>\n<!-- \/ Yoast SEO plugin. -->","yoast_head_json":{"title":"Epigen\u00e9tica y Calidad de vida - Fuentes Fidedignas","robots":{"index":"index","follow":"follow","max-snippet":"max-snippet:-1","max-image-preview":"max-image-preview:large","max-video-preview":"max-video-preview:-1"},"canonical":"https:\/\/fuentesfidedignas.com.mx\/index.php\/2024\/03\/04\/epigenetica-y-calidad-de-vida\/","og_locale":"es_MX","og_type":"article","og_title":"Epigen\u00e9tica y Calidad de vida - Fuentes Fidedignas","og_description":"La epigen\u00e9tica es la fascinante rama de la biolog\u00eda que estudia c\u00f3mo los h\u00e1bitos de vida y condiciones ambientales tienen el poder de modular la expresi\u00f3n de nuestros genes, alterando el funcionamiento interno de cada c\u00e9lula en nuestro cuerpo. Investigaciones recientes apuntan en una nueva direcci\u00f3n: llevar un estilo de vida f\u00edsicamente activo y una [&hellip;]","og_url":"https:\/\/fuentesfidedignas.com.mx\/index.php\/2024\/03\/04\/epigenetica-y-calidad-de-vida\/","og_site_name":"Fuentes Fidedignas","article_publisher":"https:\/\/www.facebook.com\/Fuentes-Fidedignas-368234489921644","article_published_time":"2024-03-05T00:50:13+00:00","og_image":[{"width":1600,"height":1273,"url":"https:\/\/fuentesfidedignas.com.mx\/wp-content\/uploads\/2024\/03\/WhatsApp-Image-2024-03-04-at-5.46.19-PM.jpeg","type":"image\/jpeg"}],"author":"Mtro. Horacio de Jes\u00fas Malcampo Moreno","twitter_card":"summary_large_image","twitter_creator":"@fidedignas","twitter_site":"@fidedignas","twitter_misc":{"Escrito por":"Mtro. Horacio de Jes\u00fas Malcampo Moreno","Tiempo de lectura":"3 minutos"},"schema":{"@context":"https:\/\/schema.org","@graph":[{"@type":"Article","@id":"https:\/\/fuentesfidedignas.com.mx\/index.php\/2024\/03\/04\/epigenetica-y-calidad-de-vida\/#article","isPartOf":{"@id":"https:\/\/fuentesfidedignas.com.mx\/index.php\/2024\/03\/04\/epigenetica-y-calidad-de-vida\/"},"author":{"name":"Mtro. Horacio de Jes\u00fas Malcampo Moreno","@id":"https:\/\/fuentesfidedignas.com.mx\/#\/schema\/person\/3f687c55082c557a647c7836bde45728"},"headline":"Epigen\u00e9tica y Calidad de vida","datePublished":"2024-03-05T00:50:13+00:00","mainEntityOfPage":{"@id":"https:\/\/fuentesfidedignas.com.mx\/index.php\/2024\/03\/04\/epigenetica-y-calidad-de-vida\/"},"wordCount":611,"commentCount":0,"publisher":{"@id":"https:\/\/fuentesfidedignas.com.mx\/#organization"},"image":{"@id":"https:\/\/fuentesfidedignas.com.mx\/index.php\/2024\/03\/04\/epigenetica-y-calidad-de-vida\/#primaryimage"},"thumbnailUrl":"https:\/\/fuentesfidedignas.com.mx\/wp-content\/uploads\/2024\/03\/WhatsApp-Image-2024-03-04-at-5.46.19-PM.jpeg","articleSection":["COLUMNAS","NUTRIENDO LA MENTE"],"inLanguage":"es","potentialAction":[{"@type":"CommentAction","name":"Comment","target":["https:\/\/fuentesfidedignas.com.mx\/index.php\/2024\/03\/04\/epigenetica-y-calidad-de-vida\/#respond"]}]},{"@type":"WebPage","@id":"https:\/\/fuentesfidedignas.com.mx\/index.php\/2024\/03\/04\/epigenetica-y-calidad-de-vida\/","url":"https:\/\/fuentesfidedignas.com.mx\/index.php\/2024\/03\/04\/epigenetica-y-calidad-de-vida\/","name":"Epigen\u00e9tica y Calidad de vida - Fuentes Fidedignas","isPartOf":{"@id":"https:\/\/fuentesfidedignas.com.mx\/#website"},"primaryImageOfPage":{"@id":"https:\/\/fuentesfidedignas.com.mx\/index.php\/2024\/03\/04\/epigenetica-y-calidad-de-vida\/#primaryimage"},"image":{"@id":"https:\/\/fuentesfidedignas.com.mx\/index.php\/2024\/03\/04\/epigenetica-y-calidad-de-vida\/#primaryimage"},"thumbnailUrl":"https:\/\/fuentesfidedignas.com.mx\/wp-content\/uploads\/2024\/03\/WhatsApp-Image-2024-03-04-at-5.46.19-PM.jpeg","datePublished":"2024-03-05T00:50:13+00:00","breadcrumb":{"@id":"https:\/\/fuentesfidedignas.com.mx\/index.php\/2024\/03\/04\/epigenetica-y-calidad-de-vida\/#breadcrumb"},"inLanguage":"es","potentialAction":[{"@type":"ReadAction","target":["https:\/\/fuentesfidedignas.com.mx\/index.php\/2024\/03\/04\/epigenetica-y-calidad-de-vida\/"]}]},{"@type":"ImageObject","inLanguage":"es","@id":"https:\/\/fuentesfidedignas.com.mx\/index.php\/2024\/03\/04\/epigenetica-y-calidad-de-vida\/#primaryimage","url":"https:\/\/fuentesfidedignas.com.mx\/wp-content\/uploads\/2024\/03\/WhatsApp-Image-2024-03-04-at-5.46.19-PM.jpeg","contentUrl":"https:\/\/fuentesfidedignas.com.mx\/wp-content\/uploads\/2024\/03\/WhatsApp-Image-2024-03-04-at-5.46.19-PM.jpeg","width":1600,"height":1273},{"@type":"BreadcrumbList","@id":"https:\/\/fuentesfidedignas.com.mx\/index.php\/2024\/03\/04\/epigenetica-y-calidad-de-vida\/#breadcrumb","itemListElement":[{"@type":"ListItem","position":1,"name":"Inicio","item":"https:\/\/fuentesfidedignas.com.mx\/"},{"@type":"ListItem","position":2,"name":"Epigen\u00e9tica y Calidad de vida"}]},{"@type":"WebSite","@id":"https:\/\/fuentesfidedignas.com.mx\/#website","url":"https:\/\/fuentesfidedignas.com.mx\/","name":"Fuentes Fidedignas","description":"Otro sitio realizado con WordPress","publisher":{"@id":"https:\/\/fuentesfidedignas.com.mx\/#organization"},"potentialAction":[{"@type":"SearchAction","target":{"@type":"EntryPoint","urlTemplate":"https:\/\/fuentesfidedignas.com.mx\/?s={search_term_string}"},"query-input":{"@type":"PropertyValueSpecification","valueRequired":true,"valueName":"search_term_string"}}],"inLanguage":"es"},{"@type":"Organization","@id":"https:\/\/fuentesfidedignas.com.mx\/#organization","name":"Fuentes Fidedignas","url":"https:\/\/fuentesfidedignas.com.mx\/","logo":{"@type":"ImageObject","inLanguage":"es","@id":"https:\/\/fuentesfidedignas.com.mx\/#\/schema\/logo\/image\/","url":"https:\/\/fuentesfidedignas.com.mx\/wp-content\/uploads\/2021\/04\/logo-retina.png","contentUrl":"https:\/\/fuentesfidedignas.com.mx\/wp-content\/uploads\/2021\/04\/logo-retina.png","width":280,"height":51,"caption":"Fuentes Fidedignas"},"image":{"@id":"https:\/\/fuentesfidedignas.com.mx\/#\/schema\/logo\/image\/"},"sameAs":["https:\/\/www.facebook.com\/Fuentes-Fidedignas-368234489921644","https:\/\/x.com\/fidedignas"]},{"@type":"Person","@id":"https:\/\/fuentesfidedignas.com.mx\/#\/schema\/person\/3f687c55082c557a647c7836bde45728","name":"Mtro. Horacio de Jes\u00fas Malcampo Moreno","image":{"@type":"ImageObject","inLanguage":"es","@id":"https:\/\/secure.gravatar.com\/avatar\/21fd667a5b9de079d383e44390566d4c728a6ce47b9b5e8419c61f1b793461ac?s=96&d=mm&r=g","url":"https:\/\/secure.gravatar.com\/avatar\/21fd667a5b9de079d383e44390566d4c728a6ce47b9b5e8419c61f1b793461ac?s=96&d=mm&r=g","contentUrl":"https:\/\/secure.gravatar.com\/avatar\/21fd667a5b9de079d383e44390566d4c728a6ce47b9b5e8419c61f1b793461ac?s=96&d=mm&r=g","caption":"Mtro. Horacio de Jes\u00fas Malcampo Moreno"},"url":"https:\/\/fuentesfidedignas.com.mx\/index.php\/author\/horacio\/"}]}},"_links":{"self":[{"href":"https:\/\/fuentesfidedignas.com.mx\/index.php\/wp-json\/wp\/v2\/posts\/75850","targetHints":{"allow":["GET"]}}],"collection":[{"href":"https:\/\/fuentesfidedignas.com.mx\/index.php\/wp-json\/wp\/v2\/posts"}],"about":[{"href":"https:\/\/fuentesfidedignas.com.mx\/index.php\/wp-json\/wp\/v2\/types\/post"}],"author":[{"embeddable":true,"href":"https:\/\/fuentesfidedignas.com.mx\/index.php\/wp-json\/wp\/v2\/users\/146"}],"replies":[{"embeddable":true,"href":"https:\/\/fuentesfidedignas.com.mx\/index.php\/wp-json\/wp\/v2\/comments?post=75850"}],"version-history":[{"count":1,"href":"https:\/\/fuentesfidedignas.com.mx\/index.php\/wp-json\/wp\/v2\/posts\/75850\/revisions"}],"predecessor-version":[{"id":75852,"href":"https:\/\/fuentesfidedignas.com.mx\/index.php\/wp-json\/wp\/v2\/posts\/75850\/revisions\/75852"}],"wp:featuredmedia":[{"embeddable":true,"href":"https:\/\/fuentesfidedignas.com.mx\/index.php\/wp-json\/wp\/v2\/media\/75851"}],"wp:attachment":[{"href":"https:\/\/fuentesfidedignas.com.mx\/index.php\/wp-json\/wp\/v2\/media?parent=75850"}],"wp:term":[{"taxonomy":"category","embeddable":true,"href":"https:\/\/fuentesfidedignas.com.mx\/index.php\/wp-json\/wp\/v2\/categories?post=75850"},{"taxonomy":"post_tag","embeddable":true,"href":"https:\/\/fuentesfidedignas.com.mx\/index.php\/wp-json\/wp\/v2\/tags?post=75850"}],"curies":[{"name":"wp","href":"https:\/\/api.w.org\/{rel}","templated":true}]}}