{"id":75764,"date":"2024-03-04T07:16:28","date_gmt":"2024-03-04T14:16:28","guid":{"rendered":"https:\/\/fuentesfidedignas.com.mx\/?p=75764"},"modified":"2024-03-04T07:16:28","modified_gmt":"2024-03-04T14:16:28","slug":"gavilan-que-agarra-y-suelta-no-es-gavilan-imelda-castro-candidata-de-morena-al-senado","status":"publish","type":"post","link":"https:\/\/fuentesfidedignas.com.mx\/index.php\/2024\/03\/04\/gavilan-que-agarra-y-suelta-no-es-gavilan-imelda-castro-candidata-de-morena-al-senado\/","title":{"rendered":"\u00a1Gavil\u00e1n que agarra y suelta no es Gavil\u00e1n!: Imelda Castro, candidata de Morena al Senado"},"content":{"rendered":"\n<p><strong><em>Asegur\u00f3 que con el voto se confirmar\u00e1 el rumbo que inici\u00f3 con el presidente Andr\u00e9s Manuel L\u00f3pez Obrador en el 2018 y que tanto cost\u00f3 a varias generaciones de luchadoras y luchadores.<\/em><\/strong><\/p>\n\n\n\n<p>\u201cVamos por m\u00e1s, porque como ustedes saben \u00a1Gavil\u00e1n que agarra y suelta no es Gavil\u00e1n!\u201d, exclam\u00f3 la candidata de Morena al Senado de la Rep\u00fablica Imelda Castro Castro desde el sur de la entidad, al prometer en su mensaje el rescate del sector primario en Sinaloa y legislar para concretar m\u00e1s beneficios sociales para el pueblo de Sinaloa.<\/p>\n\n\n\n<p>En su discurso decret\u00f3 que el actual proceso electoral es m\u00e1s que una campa\u00f1a, una fiesta por la democracia en Sinaloa en la que las y los candidatos de Morena van al encuentro y reencuentro con el pueblo que ha luchado durante d\u00e9cadas por lograr el sue\u00f1o de cambiar la direcci\u00f3n de M\u00e9xico.<\/p>\n\n\n\n<p>\u201cPor nuestras adultas y nuestros adultos mayores, los j\u00f3venes, las mujeres, por toda la gente del pueblo que ya prob\u00f3 las mieles de esta cuarta transformaci\u00f3n y que hoy empiezan a vivir en la justicia, en la democracia y sobre todo en el bienestar, ya no vamos a dar ni un paso atr\u00e1s\u201d, asegur\u00f3.<\/p>\n\n\n\n<p>Asegur\u00f3 que con el voto se confirmar\u00e1 el rumbo que inici\u00f3 con el presidente Andr\u00e9s Manuel L\u00f3pez Obrador en el 2018 y que tanto cost\u00f3 a varias generaciones de luchadoras y luchadores.<\/p>\n\n\n\n<p>Sostuvo que en ning\u00fan lado se ha encontrado a la oposici\u00f3n porque, dijo, les da verg\u00fcenza pedir el voto.<\/p>\n\n\n\n<p>\u201cNo los encontramos en ning\u00fan lado porque ya perdieron todo el territorio nacional, las c\u00e1maras, los gobiernos y ya perdieron hasta la imaginaci\u00f3n porque dicen puras mentiras. No se aparecen en ning\u00fan lado porque les da verg\u00fcenza ir a pedir el voto despu\u00e9s de que saquearon a nuestro pa\u00eds y a Sinaloa\u201d, afirm\u00f3.<\/p>\n\n\n\n<p>No les vamos a fallar\u201d, subray\u00f3. \u201cQuiero reiterarles que estamos renovando y profundizando nuestro compromiso con la gente de sombrero y huaraches\u201d.<\/p>\n\n\n\n<p>Asever\u00f3 que tienen un compromiso con agricultores, ganaderos y pescadores. \u201cEste segundo piso de la cuarta transformaci\u00f3n tiene como prioridad legislar para tener nuevas herramientas de financiamiento para rescatar de una vez por todas al campo\u201d, dijo.<\/p>\n\n\n\n<p>\u201cSabemos que hay sentimientos encontrados de nuestra gente en el campo porque est\u00e1n contentos porque los adultos mayores tienen la pensi\u00f3n, porque sus hijos tienen una beca para estudiar y por muchas cosas y beneficios de los programas sociales, pero estamos conscientes que en la parte productiva necesitamos avanzar\u201d, expres\u00f3.<\/p>\n\n\n\n<p>\u201cPor eso \u2013agreg\u00f3- hacemos el compromiso de trabajar para un esquema de coberturas de bases para la comercializaci\u00f3n de los productos que nos permitan tener acceso al mercado de la producci\u00f3n y trabajar para que nuestros productores de alimentos sigan contribuyendo en condiciones de mayor dignidad a nuestra soberan\u00eda alimentaria\u201d.<\/p>\n\n\n\n<p>Para culminar su discurso anticip\u00f3 que se reunir\u00e1 con agricultores, ganaderos y pescadores, con toda la gente del sector primario en Sinaloa, para escucharlos y arrastrar el l\u00e1piz, para que sean ellos mismos los constructores de las propuestas de la agenda legislativa.<\/p>\n","protected":false},"excerpt":{"rendered":"<p>Asegur\u00f3 que con el voto se confirmar\u00e1 el rumbo que inici\u00f3 con el presidente Andr\u00e9s Manuel L\u00f3pez Obrador en el 2018 y que tanto cost\u00f3 a varias generaciones de luchadoras y luchadores. \u201cVamos por m\u00e1s, porque como ustedes saben \u00a1Gavil\u00e1n que agarra y suelta no es Gavil\u00e1n!\u201d, exclam\u00f3 la candidata de Morena al Senado de [&hellip;]<\/p>\n","protected":false},"author":4,"featured_media":75717,"comment_status":"open","ping_status":"open","sticky":false,"template":"","format":"standard","meta":{"tdm_status":"","tdm_grid_status":"","footnotes":""},"categories":[1],"tags":[],"class_list":{"0":"post-75764","1":"post","2":"type-post","3":"status-publish","4":"format-standard","5":"has-post-thumbnail","7":"category-sin-categoria"},"yoast_head":"<!-- This site is optimized with the Yoast SEO plugin v27.5 - https:\/\/yoast.com\/product\/yoast-seo-wordpress\/ -->\n<title>\u00a1Gavil\u00e1n que agarra y suelta no es Gavil\u00e1n!: Imelda Castro, candidata de Morena al Senado - Fuentes Fidedignas<\/title>\n<meta name=\"robots\" content=\"index, follow, max-snippet:-1, max-image-preview:large, max-video-preview:-1\" \/>\n<link rel=\"canonical\" href=\"https:\/\/fuentesfidedignas.com.mx\/index.php\/2024\/03\/04\/gavilan-que-agarra-y-suelta-no-es-gavilan-imelda-castro-candidata-de-morena-al-senado\/\" \/>\n<meta property=\"og:locale\" content=\"es_MX\" \/>\n<meta property=\"og:type\" content=\"article\" \/>\n<meta property=\"og:title\" content=\"\u00a1Gavil\u00e1n que agarra y suelta no es Gavil\u00e1n!: Imelda Castro, candidata de Morena al Senado - Fuentes Fidedignas\" \/>\n<meta property=\"og:description\" content=\"Asegur\u00f3 que con el voto se confirmar\u00e1 el rumbo que inici\u00f3 con el presidente Andr\u00e9s Manuel L\u00f3pez Obrador en el 2018 y que tanto cost\u00f3 a varias generaciones de luchadoras y luchadores. \u201cVamos por m\u00e1s, porque como ustedes saben \u00a1Gavil\u00e1n que agarra y suelta no es Gavil\u00e1n!\u201d, exclam\u00f3 la candidata de Morena al Senado de [&hellip;]\" \/>\n<meta property=\"og:url\" content=\"https:\/\/fuentesfidedignas.com.mx\/index.php\/2024\/03\/04\/gavilan-que-agarra-y-suelta-no-es-gavilan-imelda-castro-candidata-de-morena-al-senado\/\" \/>\n<meta property=\"og:site_name\" content=\"Fuentes Fidedignas\" \/>\n<meta property=\"article:publisher\" content=\"https:\/\/www.facebook.com\/Fuentes-Fidedignas-368234489921644\" \/>\n<meta property=\"article:published_time\" content=\"2024-03-04T14:16:28+00:00\" \/>\n<meta property=\"og:image\" content=\"https:\/\/fuentesfidedignas.com.mx\/wp-content\/uploads\/2024\/03\/WhatsApp-Image-2024-03-03-at-2.54.13-PM.jpeg\" \/>\n\t<meta property=\"og:image:width\" content=\"1280\" \/>\n\t<meta property=\"og:image:height\" content=\"854\" \/>\n\t<meta property=\"og:image:type\" content=\"image\/jpeg\" \/>\n<meta name=\"author\" content=\"Redacci\u00f3n\" \/>\n<meta name=\"twitter:card\" content=\"summary_large_image\" \/>\n<meta name=\"twitter:creator\" content=\"@fidedignas\" \/>\n<meta name=\"twitter:site\" content=\"@fidedignas\" \/>\n<meta name=\"twitter:label1\" content=\"Escrito por\" \/>\n\t<meta name=\"twitter:data1\" content=\"Redacci\u00f3n\" \/>\n\t<meta name=\"twitter:label2\" content=\"Tiempo de lectura\" \/>\n\t<meta name=\"twitter:data2\" content=\"3 minutos\" \/>\n<script type=\"application\/ld+json\" class=\"yoast-schema-graph\">{\"@context\":\"https:\\\/\\\/schema.org\",\"@graph\":[{\"@type\":\"Article\",\"@id\":\"https:\\\/\\\/fuentesfidedignas.com.mx\\\/index.php\\\/2024\\\/03\\\/04\\\/gavilan-que-agarra-y-suelta-no-es-gavilan-imelda-castro-candidata-de-morena-al-senado\\\/#article\",\"isPartOf\":{\"@id\":\"https:\\\/\\\/fuentesfidedignas.com.mx\\\/index.php\\\/2024\\\/03\\\/04\\\/gavilan-que-agarra-y-suelta-no-es-gavilan-imelda-castro-candidata-de-morena-al-senado\\\/\"},\"author\":{\"name\":\"Redacci\u00f3n\",\"@id\":\"https:\\\/\\\/fuentesfidedignas.com.mx\\\/#\\\/schema\\\/person\\\/331be9283d37198e2acd5750279085b0\"},\"headline\":\"\u00a1Gavil\u00e1n que agarra y suelta no es Gavil\u00e1n!: Imelda Castro, candidata de Morena al Senado\",\"datePublished\":\"2024-03-04T14:16:28+00:00\",\"mainEntityOfPage\":{\"@id\":\"https:\\\/\\\/fuentesfidedignas.com.mx\\\/index.php\\\/2024\\\/03\\\/04\\\/gavilan-que-agarra-y-suelta-no-es-gavilan-imelda-castro-candidata-de-morena-al-senado\\\/\"},\"wordCount\":553,\"commentCount\":0,\"publisher\":{\"@id\":\"https:\\\/\\\/fuentesfidedignas.com.mx\\\/#organization\"},\"image\":{\"@id\":\"https:\\\/\\\/fuentesfidedignas.com.mx\\\/index.php\\\/2024\\\/03\\\/04\\\/gavilan-que-agarra-y-suelta-no-es-gavilan-imelda-castro-candidata-de-morena-al-senado\\\/#primaryimage\"},\"thumbnailUrl\":\"https:\\\/\\\/fuentesfidedignas.com.mx\\\/wp-content\\\/uploads\\\/2024\\\/03\\\/WhatsApp-Image-2024-03-03-at-2.54.13-PM.jpeg\",\"inLanguage\":\"es\",\"potentialAction\":[{\"@type\":\"CommentAction\",\"name\":\"Comment\",\"target\":[\"https:\\\/\\\/fuentesfidedignas.com.mx\\\/index.php\\\/2024\\\/03\\\/04\\\/gavilan-que-agarra-y-suelta-no-es-gavilan-imelda-castro-candidata-de-morena-al-senado\\\/#respond\"]}]},{\"@type\":\"WebPage\",\"@id\":\"https:\\\/\\\/fuentesfidedignas.com.mx\\\/index.php\\\/2024\\\/03\\\/04\\\/gavilan-que-agarra-y-suelta-no-es-gavilan-imelda-castro-candidata-de-morena-al-senado\\\/\",\"url\":\"https:\\\/\\\/fuentesfidedignas.com.mx\\\/index.php\\\/2024\\\/03\\\/04\\\/gavilan-que-agarra-y-suelta-no-es-gavilan-imelda-castro-candidata-de-morena-al-senado\\\/\",\"name\":\"\u00a1Gavil\u00e1n que agarra y suelta no es Gavil\u00e1n!: Imelda Castro, candidata de Morena al Senado - Fuentes Fidedignas\",\"isPartOf\":{\"@id\":\"https:\\\/\\\/fuentesfidedignas.com.mx\\\/#website\"},\"primaryImageOfPage\":{\"@id\":\"https:\\\/\\\/fuentesfidedignas.com.mx\\\/index.php\\\/2024\\\/03\\\/04\\\/gavilan-que-agarra-y-suelta-no-es-gavilan-imelda-castro-candidata-de-morena-al-senado\\\/#primaryimage\"},\"image\":{\"@id\":\"https:\\\/\\\/fuentesfidedignas.com.mx\\\/index.php\\\/2024\\\/03\\\/04\\\/gavilan-que-agarra-y-suelta-no-es-gavilan-imelda-castro-candidata-de-morena-al-senado\\\/#primaryimage\"},\"thumbnailUrl\":\"https:\\\/\\\/fuentesfidedignas.com.mx\\\/wp-content\\\/uploads\\\/2024\\\/03\\\/WhatsApp-Image-2024-03-03-at-2.54.13-PM.jpeg\",\"datePublished\":\"2024-03-04T14:16:28+00:00\",\"breadcrumb\":{\"@id\":\"https:\\\/\\\/fuentesfidedignas.com.mx\\\/index.php\\\/2024\\\/03\\\/04\\\/gavilan-que-agarra-y-suelta-no-es-gavilan-imelda-castro-candidata-de-morena-al-senado\\\/#breadcrumb\"},\"inLanguage\":\"es\",\"potentialAction\":[{\"@type\":\"ReadAction\",\"target\":[\"https:\\\/\\\/fuentesfidedignas.com.mx\\\/index.php\\\/2024\\\/03\\\/04\\\/gavilan-que-agarra-y-suelta-no-es-gavilan-imelda-castro-candidata-de-morena-al-senado\\\/\"]}]},{\"@type\":\"ImageObject\",\"inLanguage\":\"es\",\"@id\":\"https:\\\/\\\/fuentesfidedignas.com.mx\\\/index.php\\\/2024\\\/03\\\/04\\\/gavilan-que-agarra-y-suelta-no-es-gavilan-imelda-castro-candidata-de-morena-al-senado\\\/#primaryimage\",\"url\":\"https:\\\/\\\/fuentesfidedignas.com.mx\\\/wp-content\\\/uploads\\\/2024\\\/03\\\/WhatsApp-Image-2024-03-03-at-2.54.13-PM.jpeg\",\"contentUrl\":\"https:\\\/\\\/fuentesfidedignas.com.mx\\\/wp-content\\\/uploads\\\/2024\\\/03\\\/WhatsApp-Image-2024-03-03-at-2.54.13-PM.jpeg\",\"width\":1280,\"height\":854},{\"@type\":\"BreadcrumbList\",\"@id\":\"https:\\\/\\\/fuentesfidedignas.com.mx\\\/index.php\\\/2024\\\/03\\\/04\\\/gavilan-que-agarra-y-suelta-no-es-gavilan-imelda-castro-candidata-de-morena-al-senado\\\/#breadcrumb\",\"itemListElement\":[{\"@type\":\"ListItem\",\"position\":1,\"name\":\"Inicio\",\"item\":\"https:\\\/\\\/fuentesfidedignas.com.mx\\\/\"},{\"@type\":\"ListItem\",\"position\":2,\"name\":\"\u00a1Gavil\u00e1n que agarra y suelta no es Gavil\u00e1n!: Imelda Castro, candidata de Morena al Senado\"}]},{\"@type\":\"WebSite\",\"@id\":\"https:\\\/\\\/fuentesfidedignas.com.mx\\\/#website\",\"url\":\"https:\\\/\\\/fuentesfidedignas.com.mx\\\/\",\"name\":\"Fuentes Fidedignas\",\"description\":\"Otro sitio realizado con WordPress\",\"publisher\":{\"@id\":\"https:\\\/\\\/fuentesfidedignas.com.mx\\\/#organization\"},\"potentialAction\":[{\"@type\":\"SearchAction\",\"target\":{\"@type\":\"EntryPoint\",\"urlTemplate\":\"https:\\\/\\\/fuentesfidedignas.com.mx\\\/?s={search_term_string}\"},\"query-input\":{\"@type\":\"PropertyValueSpecification\",\"valueRequired\":true,\"valueName\":\"search_term_string\"}}],\"inLanguage\":\"es\"},{\"@type\":\"Organization\",\"@id\":\"https:\\\/\\\/fuentesfidedignas.com.mx\\\/#organization\",\"name\":\"Fuentes Fidedignas\",\"url\":\"https:\\\/\\\/fuentesfidedignas.com.mx\\\/\",\"logo\":{\"@type\":\"ImageObject\",\"inLanguage\":\"es\",\"@id\":\"https:\\\/\\\/fuentesfidedignas.com.mx\\\/#\\\/schema\\\/logo\\\/image\\\/\",\"url\":\"https:\\\/\\\/fuentesfidedignas.com.mx\\\/wp-content\\\/uploads\\\/2021\\\/04\\\/logo-retina.png\",\"contentUrl\":\"https:\\\/\\\/fuentesfidedignas.com.mx\\\/wp-content\\\/uploads\\\/2021\\\/04\\\/logo-retina.png\",\"width\":280,\"height\":51,\"caption\":\"Fuentes Fidedignas\"},\"image\":{\"@id\":\"https:\\\/\\\/fuentesfidedignas.com.mx\\\/#\\\/schema\\\/logo\\\/image\\\/\"},\"sameAs\":[\"https:\\\/\\\/www.facebook.com\\\/Fuentes-Fidedignas-368234489921644\",\"https:\\\/\\\/x.com\\\/fidedignas\"]},{\"@type\":\"Person\",\"@id\":\"https:\\\/\\\/fuentesfidedignas.com.mx\\\/#\\\/schema\\\/person\\\/331be9283d37198e2acd5750279085b0\",\"name\":\"Redacci\u00f3n\",\"image\":{\"@type\":\"ImageObject\",\"inLanguage\":\"es\",\"@id\":\"https:\\\/\\\/secure.gravatar.com\\\/avatar\\\/f6d8782c11d12b2d4ad3fbb6931aeab5309937a4d6cd2fc9cfaa28a6396a5aec?s=96&d=mm&r=g\",\"url\":\"https:\\\/\\\/secure.gravatar.com\\\/avatar\\\/f6d8782c11d12b2d4ad3fbb6931aeab5309937a4d6cd2fc9cfaa28a6396a5aec?s=96&d=mm&r=g\",\"contentUrl\":\"https:\\\/\\\/secure.gravatar.com\\\/avatar\\\/f6d8782c11d12b2d4ad3fbb6931aeab5309937a4d6cd2fc9cfaa28a6396a5aec?s=96&d=mm&r=g\",\"caption\":\"Redacci\u00f3n\"},\"url\":\"https:\\\/\\\/fuentesfidedignas.com.mx\\\/index.php\\\/author\\\/redaccion\\\/\"}]}<\/script>\n<!-- \/ Yoast SEO plugin. -->","yoast_head_json":{"title":"\u00a1Gavil\u00e1n que agarra y suelta no es Gavil\u00e1n!: Imelda Castro, candidata de Morena al Senado - Fuentes Fidedignas","robots":{"index":"index","follow":"follow","max-snippet":"max-snippet:-1","max-image-preview":"max-image-preview:large","max-video-preview":"max-video-preview:-1"},"canonical":"https:\/\/fuentesfidedignas.com.mx\/index.php\/2024\/03\/04\/gavilan-que-agarra-y-suelta-no-es-gavilan-imelda-castro-candidata-de-morena-al-senado\/","og_locale":"es_MX","og_type":"article","og_title":"\u00a1Gavil\u00e1n que agarra y suelta no es Gavil\u00e1n!: Imelda Castro, candidata de Morena al Senado - Fuentes Fidedignas","og_description":"Asegur\u00f3 que con el voto se confirmar\u00e1 el rumbo que inici\u00f3 con el presidente Andr\u00e9s Manuel L\u00f3pez Obrador en el 2018 y que tanto cost\u00f3 a varias generaciones de luchadoras y luchadores. \u201cVamos por m\u00e1s, porque como ustedes saben \u00a1Gavil\u00e1n que agarra y suelta no es Gavil\u00e1n!\u201d, exclam\u00f3 la candidata de Morena al Senado de [&hellip;]","og_url":"https:\/\/fuentesfidedignas.com.mx\/index.php\/2024\/03\/04\/gavilan-que-agarra-y-suelta-no-es-gavilan-imelda-castro-candidata-de-morena-al-senado\/","og_site_name":"Fuentes Fidedignas","article_publisher":"https:\/\/www.facebook.com\/Fuentes-Fidedignas-368234489921644","article_published_time":"2024-03-04T14:16:28+00:00","og_image":[{"width":1280,"height":854,"url":"https:\/\/fuentesfidedignas.com.mx\/wp-content\/uploads\/2024\/03\/WhatsApp-Image-2024-03-03-at-2.54.13-PM.jpeg","type":"image\/jpeg"}],"author":"Redacci\u00f3n","twitter_card":"summary_large_image","twitter_creator":"@fidedignas","twitter_site":"@fidedignas","twitter_misc":{"Escrito por":"Redacci\u00f3n","Tiempo de lectura":"3 minutos"},"schema":{"@context":"https:\/\/schema.org","@graph":[{"@type":"Article","@id":"https:\/\/fuentesfidedignas.com.mx\/index.php\/2024\/03\/04\/gavilan-que-agarra-y-suelta-no-es-gavilan-imelda-castro-candidata-de-morena-al-senado\/#article","isPartOf":{"@id":"https:\/\/fuentesfidedignas.com.mx\/index.php\/2024\/03\/04\/gavilan-que-agarra-y-suelta-no-es-gavilan-imelda-castro-candidata-de-morena-al-senado\/"},"author":{"name":"Redacci\u00f3n","@id":"https:\/\/fuentesfidedignas.com.mx\/#\/schema\/person\/331be9283d37198e2acd5750279085b0"},"headline":"\u00a1Gavil\u00e1n que agarra y suelta no es Gavil\u00e1n!: Imelda Castro, candidata de Morena al Senado","datePublished":"2024-03-04T14:16:28+00:00","mainEntityOfPage":{"@id":"https:\/\/fuentesfidedignas.com.mx\/index.php\/2024\/03\/04\/gavilan-que-agarra-y-suelta-no-es-gavilan-imelda-castro-candidata-de-morena-al-senado\/"},"wordCount":553,"commentCount":0,"publisher":{"@id":"https:\/\/fuentesfidedignas.com.mx\/#organization"},"image":{"@id":"https:\/\/fuentesfidedignas.com.mx\/index.php\/2024\/03\/04\/gavilan-que-agarra-y-suelta-no-es-gavilan-imelda-castro-candidata-de-morena-al-senado\/#primaryimage"},"thumbnailUrl":"https:\/\/fuentesfidedignas.com.mx\/wp-content\/uploads\/2024\/03\/WhatsApp-Image-2024-03-03-at-2.54.13-PM.jpeg","inLanguage":"es","potentialAction":[{"@type":"CommentAction","name":"Comment","target":["https:\/\/fuentesfidedignas.com.mx\/index.php\/2024\/03\/04\/gavilan-que-agarra-y-suelta-no-es-gavilan-imelda-castro-candidata-de-morena-al-senado\/#respond"]}]},{"@type":"WebPage","@id":"https:\/\/fuentesfidedignas.com.mx\/index.php\/2024\/03\/04\/gavilan-que-agarra-y-suelta-no-es-gavilan-imelda-castro-candidata-de-morena-al-senado\/","url":"https:\/\/fuentesfidedignas.com.mx\/index.php\/2024\/03\/04\/gavilan-que-agarra-y-suelta-no-es-gavilan-imelda-castro-candidata-de-morena-al-senado\/","name":"\u00a1Gavil\u00e1n que agarra y suelta no es Gavil\u00e1n!: Imelda Castro, candidata de Morena al Senado - Fuentes Fidedignas","isPartOf":{"@id":"https:\/\/fuentesfidedignas.com.mx\/#website"},"primaryImageOfPage":{"@id":"https:\/\/fuentesfidedignas.com.mx\/index.php\/2024\/03\/04\/gavilan-que-agarra-y-suelta-no-es-gavilan-imelda-castro-candidata-de-morena-al-senado\/#primaryimage"},"image":{"@id":"https:\/\/fuentesfidedignas.com.mx\/index.php\/2024\/03\/04\/gavilan-que-agarra-y-suelta-no-es-gavilan-imelda-castro-candidata-de-morena-al-senado\/#primaryimage"},"thumbnailUrl":"https:\/\/fuentesfidedignas.com.mx\/wp-content\/uploads\/2024\/03\/WhatsApp-Image-2024-03-03-at-2.54.13-PM.jpeg","datePublished":"2024-03-04T14:16:28+00:00","breadcrumb":{"@id":"https:\/\/fuentesfidedignas.com.mx\/index.php\/2024\/03\/04\/gavilan-que-agarra-y-suelta-no-es-gavilan-imelda-castro-candidata-de-morena-al-senado\/#breadcrumb"},"inLanguage":"es","potentialAction":[{"@type":"ReadAction","target":["https:\/\/fuentesfidedignas.com.mx\/index.php\/2024\/03\/04\/gavilan-que-agarra-y-suelta-no-es-gavilan-imelda-castro-candidata-de-morena-al-senado\/"]}]},{"@type":"ImageObject","inLanguage":"es","@id":"https:\/\/fuentesfidedignas.com.mx\/index.php\/2024\/03\/04\/gavilan-que-agarra-y-suelta-no-es-gavilan-imelda-castro-candidata-de-morena-al-senado\/#primaryimage","url":"https:\/\/fuentesfidedignas.com.mx\/wp-content\/uploads\/2024\/03\/WhatsApp-Image-2024-03-03-at-2.54.13-PM.jpeg","contentUrl":"https:\/\/fuentesfidedignas.com.mx\/wp-content\/uploads\/2024\/03\/WhatsApp-Image-2024-03-03-at-2.54.13-PM.jpeg","width":1280,"height":854},{"@type":"BreadcrumbList","@id":"https:\/\/fuentesfidedignas.com.mx\/index.php\/2024\/03\/04\/gavilan-que-agarra-y-suelta-no-es-gavilan-imelda-castro-candidata-de-morena-al-senado\/#breadcrumb","itemListElement":[{"@type":"ListItem","position":1,"name":"Inicio","item":"https:\/\/fuentesfidedignas.com.mx\/"},{"@type":"ListItem","position":2,"name":"\u00a1Gavil\u00e1n que agarra y suelta no es Gavil\u00e1n!: Imelda Castro, candidata de Morena al Senado"}]},{"@type":"WebSite","@id":"https:\/\/fuentesfidedignas.com.mx\/#website","url":"https:\/\/fuentesfidedignas.com.mx\/","name":"Fuentes Fidedignas","description":"Otro sitio realizado con WordPress","publisher":{"@id":"https:\/\/fuentesfidedignas.com.mx\/#organization"},"potentialAction":[{"@type":"SearchAction","target":{"@type":"EntryPoint","urlTemplate":"https:\/\/fuentesfidedignas.com.mx\/?s={search_term_string}"},"query-input":{"@type":"PropertyValueSpecification","valueRequired":true,"valueName":"search_term_string"}}],"inLanguage":"es"},{"@type":"Organization","@id":"https:\/\/fuentesfidedignas.com.mx\/#organization","name":"Fuentes Fidedignas","url":"https:\/\/fuentesfidedignas.com.mx\/","logo":{"@type":"ImageObject","inLanguage":"es","@id":"https:\/\/fuentesfidedignas.com.mx\/#\/schema\/logo\/image\/","url":"https:\/\/fuentesfidedignas.com.mx\/wp-content\/uploads\/2021\/04\/logo-retina.png","contentUrl":"https:\/\/fuentesfidedignas.com.mx\/wp-content\/uploads\/2021\/04\/logo-retina.png","width":280,"height":51,"caption":"Fuentes Fidedignas"},"image":{"@id":"https:\/\/fuentesfidedignas.com.mx\/#\/schema\/logo\/image\/"},"sameAs":["https:\/\/www.facebook.com\/Fuentes-Fidedignas-368234489921644","https:\/\/x.com\/fidedignas"]},{"@type":"Person","@id":"https:\/\/fuentesfidedignas.com.mx\/#\/schema\/person\/331be9283d37198e2acd5750279085b0","name":"Redacci\u00f3n","image":{"@type":"ImageObject","inLanguage":"es","@id":"https:\/\/secure.gravatar.com\/avatar\/f6d8782c11d12b2d4ad3fbb6931aeab5309937a4d6cd2fc9cfaa28a6396a5aec?s=96&d=mm&r=g","url":"https:\/\/secure.gravatar.com\/avatar\/f6d8782c11d12b2d4ad3fbb6931aeab5309937a4d6cd2fc9cfaa28a6396a5aec?s=96&d=mm&r=g","contentUrl":"https:\/\/secure.gravatar.com\/avatar\/f6d8782c11d12b2d4ad3fbb6931aeab5309937a4d6cd2fc9cfaa28a6396a5aec?s=96&d=mm&r=g","caption":"Redacci\u00f3n"},"url":"https:\/\/fuentesfidedignas.com.mx\/index.php\/author\/redaccion\/"}]}},"_links":{"self":[{"href":"https:\/\/fuentesfidedignas.com.mx\/index.php\/wp-json\/wp\/v2\/posts\/75764","targetHints":{"allow":["GET"]}}],"collection":[{"href":"https:\/\/fuentesfidedignas.com.mx\/index.php\/wp-json\/wp\/v2\/posts"}],"about":[{"href":"https:\/\/fuentesfidedignas.com.mx\/index.php\/wp-json\/wp\/v2\/types\/post"}],"author":[{"embeddable":true,"href":"https:\/\/fuentesfidedignas.com.mx\/index.php\/wp-json\/wp\/v2\/users\/4"}],"replies":[{"embeddable":true,"href":"https:\/\/fuentesfidedignas.com.mx\/index.php\/wp-json\/wp\/v2\/comments?post=75764"}],"version-history":[{"count":2,"href":"https:\/\/fuentesfidedignas.com.mx\/index.php\/wp-json\/wp\/v2\/posts\/75764\/revisions"}],"predecessor-version":[{"id":75766,"href":"https:\/\/fuentesfidedignas.com.mx\/index.php\/wp-json\/wp\/v2\/posts\/75764\/revisions\/75766"}],"wp:featuredmedia":[{"embeddable":true,"href":"https:\/\/fuentesfidedignas.com.mx\/index.php\/wp-json\/wp\/v2\/media\/75717"}],"wp:attachment":[{"href":"https:\/\/fuentesfidedignas.com.mx\/index.php\/wp-json\/wp\/v2\/media?parent=75764"}],"wp:term":[{"taxonomy":"category","embeddable":true,"href":"https:\/\/fuentesfidedignas.com.mx\/index.php\/wp-json\/wp\/v2\/categories?post=75764"},{"taxonomy":"post_tag","embeddable":true,"href":"https:\/\/fuentesfidedignas.com.mx\/index.php\/wp-json\/wp\/v2\/tags?post=75764"}],"curies":[{"name":"wp","href":"https:\/\/api.w.org\/{rel}","templated":true}]}}