{"id":75742,"date":"2024-03-04T07:12:53","date_gmt":"2024-03-04T14:12:53","guid":{"rendered":"https:\/\/fuentesfidedignas.com.mx\/?p=75742"},"modified":"2024-03-04T07:12:53","modified_gmt":"2024-03-04T14:12:53","slug":"inzunza-candidato-al-senado-de-morena-afirmo-que-la-educacion-debe-ser-un-derecho-pleno","status":"publish","type":"post","link":"https:\/\/fuentesfidedignas.com.mx\/index.php\/2024\/03\/04\/inzunza-candidato-al-senado-de-morena-afirmo-que-la-educacion-debe-ser-un-derecho-pleno\/","title":{"rendered":"Inzunza, candidato al Senado de Morena afirm\u00f3 que la educaci\u00f3n debe ser un derecho pleno"},"content":{"rendered":"\n<p><strong><em>Se\u00f1al\u00f3 que propone un crecimiento econ\u00f3mico y un progreso, pero desde abajo a partir de la satisfacci\u00f3n de las demandas y exigencias de todas y todos los mexicanos, especialmente de aquellos que menos tienen. <\/em><\/strong><\/p>\n\n\n\n<p>Enrique Inzunza C\u00e1zares, candidato de Morena al Senado de la Rep\u00fablica, sostuvo que durante 36 a\u00f1os los gobiernos neoliberales del PRIAN desviaron el sentido social de la Constituci\u00f3n y empezaron a privatizar, convirtiendo temas tan b\u00e1sicos como la educaci\u00f3n en un privilegio. \u201cEn Morena queremos que la educaci\u00f3n sea un derecho pleno\u201d, subray\u00f3.<\/p>\n\n\n\n<p>\u201cYo vengo caminando como muchos de ustedes a ras de tierra. Yo nac\u00ed y crec\u00ed en un pueblito: Batequitas, Badiraguato. Ah\u00ed aprend\u00ed mis primeras letras y en el patio de mi escuela escuch\u00e9 por primera vez la palabra Rep\u00fablica\u201d, rememor\u00f3.<\/p>\n\n\n\n<p>Al rendir un homenaje a las maestras y los maestros, asegur\u00f3 que fue la educaci\u00f3n lo que le permiti\u00f3 salir de su pueblo y ahora estar como candidato al Senado.<\/p>\n\n\n\n<p>Afirm\u00f3 que la palabra Rep\u00fablica condensa lo que las y los mexicanos queremos: un pa\u00eds donde los derechos de todas y todos sean atendidos por igual y no solo unos pocos decidan el destino de la naci\u00f3n. Asegur\u00f3 que as\u00ed ha sido desde que asumi\u00f3 en 2018 la Presidencia Andr\u00e9s Manuel L\u00f3pez Obrador.<\/p>\n\n\n\n<p>\u201cQueremos que la Constituci\u00f3n de 1917, la primera que estableci\u00f3 derechos ciudadanos, recobre su esp\u00edritu social e instituciones que sirvan al pueblo y garanticen a plenitud esos derechos\u201d, dijo.<\/p>\n\n\n\n<p>Parafrase\u00f3 al Presidente Andr\u00e9s Manuel L\u00f3pez Obrador cuando sentenci\u00f3: \u201cNo hay progreso ni desarrollo sin justicia, porque se convierte en retroceso\u201d.<\/p>\n\n\n\n<p>Se\u00f1al\u00f3 que propone un crecimiento econ\u00f3mico y un progreso, pero desde abajo a partir de la satisfacci\u00f3n de las demandas y exigencias de todas y todos los mexicanos, especialmente de aquellos que menos tienen. \u201cPor el bien de todos primero los pobres\u201d, dijo el apotegma de Morena.<\/p>\n\n\n\n<p>Subray\u00f3 que propone llevar a la Constituci\u00f3n m\u00e1s programas sociales con qu\u00e9 prop\u00f3sito que se conviertan en derechos humanos y que ning\u00fan gobierno lo pueda revertir. \u201cPara eso queremos el plan C: para lograr que todos esos programas se convierten en derechos irreversibles\u201d, asegur\u00f3.<\/p>\n\n\n\n<p>Expuso que en la \u00e9poca del Prianato, (PRI, PAN y ahora PRD), pusieron las instituciones al servicio de unos cuantos que nombraban diputados, senadores e incluso ministros. <\/p>\n\n\n\n<p>Queremos reformar al Poder Judicial Federal para ponerlo al servicio de los derechos del pueblo y no nada m\u00e1s de los derechos de los ricos que buscan evadir impuestos\u201d, enfatiz\u00f3.<br>\u201cSabiendo que aqu\u00ed se pelea por la libertad, he venido a ver en qu\u00e9 puedo ser \u00fatil\u201d, parafrase\u00f3 Enrique Inzunza a Benito Ju\u00e1rez, cuando se incorpora a la causa liberal, present\u00e1ndose con Juan \u00c1lvarez. \u201cHago esta menci\u00f3n como una apelaci\u00f3n a la humildad con que venimos a caminar junto a todas y todos\u201d, dijo al subrayar que en M\u00e9xico se vive un tiempo de mujeres.<\/p>\n\n\n\n<p>\u201cEl futuro de M\u00e9xico y el futuro de la transformaci\u00f3n ser\u00e1 escrita por las mujeres. Ellas van a llevar a este pa\u00eds a un destino donde todos tengamos plenamente garantizada la igualdad de la justicia\u201d, sostuvo.<\/p>\n","protected":false},"excerpt":{"rendered":"<p>Se\u00f1al\u00f3 que propone un crecimiento econ\u00f3mico y un progreso, pero desde abajo a partir de la satisfacci\u00f3n de las demandas y exigencias de todas y todos los mexicanos, especialmente de aquellos que menos tienen. Enrique Inzunza C\u00e1zares, candidato de Morena al Senado de la Rep\u00fablica, sostuvo que durante 36 a\u00f1os los gobiernos neoliberales del PRIAN [&hellip;]<\/p>\n","protected":false},"author":4,"featured_media":75718,"comment_status":"open","ping_status":"open","sticky":false,"template":"","format":"standard","meta":{"tdm_status":"","tdm_grid_status":"","footnotes":""},"categories":[1],"tags":[],"class_list":{"0":"post-75742","1":"post","2":"type-post","3":"status-publish","4":"format-standard","5":"has-post-thumbnail","7":"category-sin-categoria"},"yoast_head":"<!-- This site is optimized with the Yoast SEO plugin v27.5 - https:\/\/yoast.com\/product\/yoast-seo-wordpress\/ -->\n<title>Inzunza, candidato al Senado de Morena afirm\u00f3 que la educaci\u00f3n debe ser un derecho pleno - Fuentes Fidedignas<\/title>\n<meta name=\"robots\" content=\"index, follow, max-snippet:-1, max-image-preview:large, max-video-preview:-1\" \/>\n<link rel=\"canonical\" href=\"https:\/\/fuentesfidedignas.com.mx\/index.php\/2024\/03\/04\/inzunza-candidato-al-senado-de-morena-afirmo-que-la-educacion-debe-ser-un-derecho-pleno\/\" \/>\n<meta property=\"og:locale\" content=\"es_MX\" \/>\n<meta property=\"og:type\" content=\"article\" \/>\n<meta property=\"og:title\" content=\"Inzunza, candidato al Senado de Morena afirm\u00f3 que la educaci\u00f3n debe ser un derecho pleno - Fuentes Fidedignas\" \/>\n<meta property=\"og:description\" content=\"Se\u00f1al\u00f3 que propone un crecimiento econ\u00f3mico y un progreso, pero desde abajo a partir de la satisfacci\u00f3n de las demandas y exigencias de todas y todos los mexicanos, especialmente de aquellos que menos tienen. Enrique Inzunza C\u00e1zares, candidato de Morena al Senado de la Rep\u00fablica, sostuvo que durante 36 a\u00f1os los gobiernos neoliberales del PRIAN [&hellip;]\" \/>\n<meta property=\"og:url\" content=\"https:\/\/fuentesfidedignas.com.mx\/index.php\/2024\/03\/04\/inzunza-candidato-al-senado-de-morena-afirmo-que-la-educacion-debe-ser-un-derecho-pleno\/\" \/>\n<meta property=\"og:site_name\" content=\"Fuentes Fidedignas\" \/>\n<meta property=\"article:publisher\" content=\"https:\/\/www.facebook.com\/Fuentes-Fidedignas-368234489921644\" \/>\n<meta property=\"article:published_time\" content=\"2024-03-04T14:12:53+00:00\" \/>\n<meta property=\"og:image\" content=\"https:\/\/fuentesfidedignas.com.mx\/wp-content\/uploads\/2024\/03\/WhatsApp-Image-2024-03-03-at-2.54.12-PM-5.jpeg\" \/>\n\t<meta property=\"og:image:width\" content=\"1280\" \/>\n\t<meta property=\"og:image:height\" content=\"854\" \/>\n\t<meta property=\"og:image:type\" content=\"image\/jpeg\" \/>\n<meta name=\"author\" content=\"Redacci\u00f3n\" \/>\n<meta name=\"twitter:card\" content=\"summary_large_image\" \/>\n<meta name=\"twitter:creator\" content=\"@fidedignas\" \/>\n<meta name=\"twitter:site\" content=\"@fidedignas\" \/>\n<meta name=\"twitter:label1\" content=\"Escrito por\" \/>\n\t<meta name=\"twitter:data1\" content=\"Redacci\u00f3n\" \/>\n\t<meta name=\"twitter:label2\" content=\"Tiempo de lectura\" \/>\n\t<meta name=\"twitter:data2\" content=\"3 minutos\" \/>\n<script type=\"application\/ld+json\" class=\"yoast-schema-graph\">{\"@context\":\"https:\\\/\\\/schema.org\",\"@graph\":[{\"@type\":\"Article\",\"@id\":\"https:\\\/\\\/fuentesfidedignas.com.mx\\\/index.php\\\/2024\\\/03\\\/04\\\/inzunza-candidato-al-senado-de-morena-afirmo-que-la-educacion-debe-ser-un-derecho-pleno\\\/#article\",\"isPartOf\":{\"@id\":\"https:\\\/\\\/fuentesfidedignas.com.mx\\\/index.php\\\/2024\\\/03\\\/04\\\/inzunza-candidato-al-senado-de-morena-afirmo-que-la-educacion-debe-ser-un-derecho-pleno\\\/\"},\"author\":{\"name\":\"Redacci\u00f3n\",\"@id\":\"https:\\\/\\\/fuentesfidedignas.com.mx\\\/#\\\/schema\\\/person\\\/331be9283d37198e2acd5750279085b0\"},\"headline\":\"Inzunza, candidato al Senado de Morena afirm\u00f3 que la educaci\u00f3n debe ser un derecho pleno\",\"datePublished\":\"2024-03-04T14:12:53+00:00\",\"mainEntityOfPage\":{\"@id\":\"https:\\\/\\\/fuentesfidedignas.com.mx\\\/index.php\\\/2024\\\/03\\\/04\\\/inzunza-candidato-al-senado-de-morena-afirmo-que-la-educacion-debe-ser-un-derecho-pleno\\\/\"},\"wordCount\":559,\"commentCount\":0,\"publisher\":{\"@id\":\"https:\\\/\\\/fuentesfidedignas.com.mx\\\/#organization\"},\"image\":{\"@id\":\"https:\\\/\\\/fuentesfidedignas.com.mx\\\/index.php\\\/2024\\\/03\\\/04\\\/inzunza-candidato-al-senado-de-morena-afirmo-que-la-educacion-debe-ser-un-derecho-pleno\\\/#primaryimage\"},\"thumbnailUrl\":\"https:\\\/\\\/fuentesfidedignas.com.mx\\\/wp-content\\\/uploads\\\/2024\\\/03\\\/WhatsApp-Image-2024-03-03-at-2.54.12-PM-5.jpeg\",\"inLanguage\":\"es\",\"potentialAction\":[{\"@type\":\"CommentAction\",\"name\":\"Comment\",\"target\":[\"https:\\\/\\\/fuentesfidedignas.com.mx\\\/index.php\\\/2024\\\/03\\\/04\\\/inzunza-candidato-al-senado-de-morena-afirmo-que-la-educacion-debe-ser-un-derecho-pleno\\\/#respond\"]}]},{\"@type\":\"WebPage\",\"@id\":\"https:\\\/\\\/fuentesfidedignas.com.mx\\\/index.php\\\/2024\\\/03\\\/04\\\/inzunza-candidato-al-senado-de-morena-afirmo-que-la-educacion-debe-ser-un-derecho-pleno\\\/\",\"url\":\"https:\\\/\\\/fuentesfidedignas.com.mx\\\/index.php\\\/2024\\\/03\\\/04\\\/inzunza-candidato-al-senado-de-morena-afirmo-que-la-educacion-debe-ser-un-derecho-pleno\\\/\",\"name\":\"Inzunza, candidato al Senado de Morena afirm\u00f3 que la educaci\u00f3n debe ser un derecho pleno - Fuentes Fidedignas\",\"isPartOf\":{\"@id\":\"https:\\\/\\\/fuentesfidedignas.com.mx\\\/#website\"},\"primaryImageOfPage\":{\"@id\":\"https:\\\/\\\/fuentesfidedignas.com.mx\\\/index.php\\\/2024\\\/03\\\/04\\\/inzunza-candidato-al-senado-de-morena-afirmo-que-la-educacion-debe-ser-un-derecho-pleno\\\/#primaryimage\"},\"image\":{\"@id\":\"https:\\\/\\\/fuentesfidedignas.com.mx\\\/index.php\\\/2024\\\/03\\\/04\\\/inzunza-candidato-al-senado-de-morena-afirmo-que-la-educacion-debe-ser-un-derecho-pleno\\\/#primaryimage\"},\"thumbnailUrl\":\"https:\\\/\\\/fuentesfidedignas.com.mx\\\/wp-content\\\/uploads\\\/2024\\\/03\\\/WhatsApp-Image-2024-03-03-at-2.54.12-PM-5.jpeg\",\"datePublished\":\"2024-03-04T14:12:53+00:00\",\"breadcrumb\":{\"@id\":\"https:\\\/\\\/fuentesfidedignas.com.mx\\\/index.php\\\/2024\\\/03\\\/04\\\/inzunza-candidato-al-senado-de-morena-afirmo-que-la-educacion-debe-ser-un-derecho-pleno\\\/#breadcrumb\"},\"inLanguage\":\"es\",\"potentialAction\":[{\"@type\":\"ReadAction\",\"target\":[\"https:\\\/\\\/fuentesfidedignas.com.mx\\\/index.php\\\/2024\\\/03\\\/04\\\/inzunza-candidato-al-senado-de-morena-afirmo-que-la-educacion-debe-ser-un-derecho-pleno\\\/\"]}]},{\"@type\":\"ImageObject\",\"inLanguage\":\"es\",\"@id\":\"https:\\\/\\\/fuentesfidedignas.com.mx\\\/index.php\\\/2024\\\/03\\\/04\\\/inzunza-candidato-al-senado-de-morena-afirmo-que-la-educacion-debe-ser-un-derecho-pleno\\\/#primaryimage\",\"url\":\"https:\\\/\\\/fuentesfidedignas.com.mx\\\/wp-content\\\/uploads\\\/2024\\\/03\\\/WhatsApp-Image-2024-03-03-at-2.54.12-PM-5.jpeg\",\"contentUrl\":\"https:\\\/\\\/fuentesfidedignas.com.mx\\\/wp-content\\\/uploads\\\/2024\\\/03\\\/WhatsApp-Image-2024-03-03-at-2.54.12-PM-5.jpeg\",\"width\":1280,\"height\":854},{\"@type\":\"BreadcrumbList\",\"@id\":\"https:\\\/\\\/fuentesfidedignas.com.mx\\\/index.php\\\/2024\\\/03\\\/04\\\/inzunza-candidato-al-senado-de-morena-afirmo-que-la-educacion-debe-ser-un-derecho-pleno\\\/#breadcrumb\",\"itemListElement\":[{\"@type\":\"ListItem\",\"position\":1,\"name\":\"Inicio\",\"item\":\"https:\\\/\\\/fuentesfidedignas.com.mx\\\/\"},{\"@type\":\"ListItem\",\"position\":2,\"name\":\"Inzunza, candidato al Senado de Morena afirm\u00f3 que la educaci\u00f3n debe ser un derecho pleno\"}]},{\"@type\":\"WebSite\",\"@id\":\"https:\\\/\\\/fuentesfidedignas.com.mx\\\/#website\",\"url\":\"https:\\\/\\\/fuentesfidedignas.com.mx\\\/\",\"name\":\"Fuentes Fidedignas\",\"description\":\"Otro sitio realizado con WordPress\",\"publisher\":{\"@id\":\"https:\\\/\\\/fuentesfidedignas.com.mx\\\/#organization\"},\"potentialAction\":[{\"@type\":\"SearchAction\",\"target\":{\"@type\":\"EntryPoint\",\"urlTemplate\":\"https:\\\/\\\/fuentesfidedignas.com.mx\\\/?s={search_term_string}\"},\"query-input\":{\"@type\":\"PropertyValueSpecification\",\"valueRequired\":true,\"valueName\":\"search_term_string\"}}],\"inLanguage\":\"es\"},{\"@type\":\"Organization\",\"@id\":\"https:\\\/\\\/fuentesfidedignas.com.mx\\\/#organization\",\"name\":\"Fuentes Fidedignas\",\"url\":\"https:\\\/\\\/fuentesfidedignas.com.mx\\\/\",\"logo\":{\"@type\":\"ImageObject\",\"inLanguage\":\"es\",\"@id\":\"https:\\\/\\\/fuentesfidedignas.com.mx\\\/#\\\/schema\\\/logo\\\/image\\\/\",\"url\":\"https:\\\/\\\/fuentesfidedignas.com.mx\\\/wp-content\\\/uploads\\\/2021\\\/04\\\/logo-retina.png\",\"contentUrl\":\"https:\\\/\\\/fuentesfidedignas.com.mx\\\/wp-content\\\/uploads\\\/2021\\\/04\\\/logo-retina.png\",\"width\":280,\"height\":51,\"caption\":\"Fuentes Fidedignas\"},\"image\":{\"@id\":\"https:\\\/\\\/fuentesfidedignas.com.mx\\\/#\\\/schema\\\/logo\\\/image\\\/\"},\"sameAs\":[\"https:\\\/\\\/www.facebook.com\\\/Fuentes-Fidedignas-368234489921644\",\"https:\\\/\\\/x.com\\\/fidedignas\"]},{\"@type\":\"Person\",\"@id\":\"https:\\\/\\\/fuentesfidedignas.com.mx\\\/#\\\/schema\\\/person\\\/331be9283d37198e2acd5750279085b0\",\"name\":\"Redacci\u00f3n\",\"image\":{\"@type\":\"ImageObject\",\"inLanguage\":\"es\",\"@id\":\"https:\\\/\\\/secure.gravatar.com\\\/avatar\\\/f6d8782c11d12b2d4ad3fbb6931aeab5309937a4d6cd2fc9cfaa28a6396a5aec?s=96&d=mm&r=g\",\"url\":\"https:\\\/\\\/secure.gravatar.com\\\/avatar\\\/f6d8782c11d12b2d4ad3fbb6931aeab5309937a4d6cd2fc9cfaa28a6396a5aec?s=96&d=mm&r=g\",\"contentUrl\":\"https:\\\/\\\/secure.gravatar.com\\\/avatar\\\/f6d8782c11d12b2d4ad3fbb6931aeab5309937a4d6cd2fc9cfaa28a6396a5aec?s=96&d=mm&r=g\",\"caption\":\"Redacci\u00f3n\"},\"url\":\"https:\\\/\\\/fuentesfidedignas.com.mx\\\/index.php\\\/author\\\/redaccion\\\/\"}]}<\/script>\n<!-- \/ Yoast SEO plugin. -->","yoast_head_json":{"title":"Inzunza, candidato al Senado de Morena afirm\u00f3 que la educaci\u00f3n debe ser un derecho pleno - Fuentes Fidedignas","robots":{"index":"index","follow":"follow","max-snippet":"max-snippet:-1","max-image-preview":"max-image-preview:large","max-video-preview":"max-video-preview:-1"},"canonical":"https:\/\/fuentesfidedignas.com.mx\/index.php\/2024\/03\/04\/inzunza-candidato-al-senado-de-morena-afirmo-que-la-educacion-debe-ser-un-derecho-pleno\/","og_locale":"es_MX","og_type":"article","og_title":"Inzunza, candidato al Senado de Morena afirm\u00f3 que la educaci\u00f3n debe ser un derecho pleno - Fuentes Fidedignas","og_description":"Se\u00f1al\u00f3 que propone un crecimiento econ\u00f3mico y un progreso, pero desde abajo a partir de la satisfacci\u00f3n de las demandas y exigencias de todas y todos los mexicanos, especialmente de aquellos que menos tienen. Enrique Inzunza C\u00e1zares, candidato de Morena al Senado de la Rep\u00fablica, sostuvo que durante 36 a\u00f1os los gobiernos neoliberales del PRIAN [&hellip;]","og_url":"https:\/\/fuentesfidedignas.com.mx\/index.php\/2024\/03\/04\/inzunza-candidato-al-senado-de-morena-afirmo-que-la-educacion-debe-ser-un-derecho-pleno\/","og_site_name":"Fuentes Fidedignas","article_publisher":"https:\/\/www.facebook.com\/Fuentes-Fidedignas-368234489921644","article_published_time":"2024-03-04T14:12:53+00:00","og_image":[{"width":1280,"height":854,"url":"https:\/\/fuentesfidedignas.com.mx\/wp-content\/uploads\/2024\/03\/WhatsApp-Image-2024-03-03-at-2.54.12-PM-5.jpeg","type":"image\/jpeg"}],"author":"Redacci\u00f3n","twitter_card":"summary_large_image","twitter_creator":"@fidedignas","twitter_site":"@fidedignas","twitter_misc":{"Escrito por":"Redacci\u00f3n","Tiempo de lectura":"3 minutos"},"schema":{"@context":"https:\/\/schema.org","@graph":[{"@type":"Article","@id":"https:\/\/fuentesfidedignas.com.mx\/index.php\/2024\/03\/04\/inzunza-candidato-al-senado-de-morena-afirmo-que-la-educacion-debe-ser-un-derecho-pleno\/#article","isPartOf":{"@id":"https:\/\/fuentesfidedignas.com.mx\/index.php\/2024\/03\/04\/inzunza-candidato-al-senado-de-morena-afirmo-que-la-educacion-debe-ser-un-derecho-pleno\/"},"author":{"name":"Redacci\u00f3n","@id":"https:\/\/fuentesfidedignas.com.mx\/#\/schema\/person\/331be9283d37198e2acd5750279085b0"},"headline":"Inzunza, candidato al Senado de Morena afirm\u00f3 que la educaci\u00f3n debe ser un derecho pleno","datePublished":"2024-03-04T14:12:53+00:00","mainEntityOfPage":{"@id":"https:\/\/fuentesfidedignas.com.mx\/index.php\/2024\/03\/04\/inzunza-candidato-al-senado-de-morena-afirmo-que-la-educacion-debe-ser-un-derecho-pleno\/"},"wordCount":559,"commentCount":0,"publisher":{"@id":"https:\/\/fuentesfidedignas.com.mx\/#organization"},"image":{"@id":"https:\/\/fuentesfidedignas.com.mx\/index.php\/2024\/03\/04\/inzunza-candidato-al-senado-de-morena-afirmo-que-la-educacion-debe-ser-un-derecho-pleno\/#primaryimage"},"thumbnailUrl":"https:\/\/fuentesfidedignas.com.mx\/wp-content\/uploads\/2024\/03\/WhatsApp-Image-2024-03-03-at-2.54.12-PM-5.jpeg","inLanguage":"es","potentialAction":[{"@type":"CommentAction","name":"Comment","target":["https:\/\/fuentesfidedignas.com.mx\/index.php\/2024\/03\/04\/inzunza-candidato-al-senado-de-morena-afirmo-que-la-educacion-debe-ser-un-derecho-pleno\/#respond"]}]},{"@type":"WebPage","@id":"https:\/\/fuentesfidedignas.com.mx\/index.php\/2024\/03\/04\/inzunza-candidato-al-senado-de-morena-afirmo-que-la-educacion-debe-ser-un-derecho-pleno\/","url":"https:\/\/fuentesfidedignas.com.mx\/index.php\/2024\/03\/04\/inzunza-candidato-al-senado-de-morena-afirmo-que-la-educacion-debe-ser-un-derecho-pleno\/","name":"Inzunza, candidato al Senado de Morena afirm\u00f3 que la educaci\u00f3n debe ser un derecho pleno - Fuentes Fidedignas","isPartOf":{"@id":"https:\/\/fuentesfidedignas.com.mx\/#website"},"primaryImageOfPage":{"@id":"https:\/\/fuentesfidedignas.com.mx\/index.php\/2024\/03\/04\/inzunza-candidato-al-senado-de-morena-afirmo-que-la-educacion-debe-ser-un-derecho-pleno\/#primaryimage"},"image":{"@id":"https:\/\/fuentesfidedignas.com.mx\/index.php\/2024\/03\/04\/inzunza-candidato-al-senado-de-morena-afirmo-que-la-educacion-debe-ser-un-derecho-pleno\/#primaryimage"},"thumbnailUrl":"https:\/\/fuentesfidedignas.com.mx\/wp-content\/uploads\/2024\/03\/WhatsApp-Image-2024-03-03-at-2.54.12-PM-5.jpeg","datePublished":"2024-03-04T14:12:53+00:00","breadcrumb":{"@id":"https:\/\/fuentesfidedignas.com.mx\/index.php\/2024\/03\/04\/inzunza-candidato-al-senado-de-morena-afirmo-que-la-educacion-debe-ser-un-derecho-pleno\/#breadcrumb"},"inLanguage":"es","potentialAction":[{"@type":"ReadAction","target":["https:\/\/fuentesfidedignas.com.mx\/index.php\/2024\/03\/04\/inzunza-candidato-al-senado-de-morena-afirmo-que-la-educacion-debe-ser-un-derecho-pleno\/"]}]},{"@type":"ImageObject","inLanguage":"es","@id":"https:\/\/fuentesfidedignas.com.mx\/index.php\/2024\/03\/04\/inzunza-candidato-al-senado-de-morena-afirmo-que-la-educacion-debe-ser-un-derecho-pleno\/#primaryimage","url":"https:\/\/fuentesfidedignas.com.mx\/wp-content\/uploads\/2024\/03\/WhatsApp-Image-2024-03-03-at-2.54.12-PM-5.jpeg","contentUrl":"https:\/\/fuentesfidedignas.com.mx\/wp-content\/uploads\/2024\/03\/WhatsApp-Image-2024-03-03-at-2.54.12-PM-5.jpeg","width":1280,"height":854},{"@type":"BreadcrumbList","@id":"https:\/\/fuentesfidedignas.com.mx\/index.php\/2024\/03\/04\/inzunza-candidato-al-senado-de-morena-afirmo-que-la-educacion-debe-ser-un-derecho-pleno\/#breadcrumb","itemListElement":[{"@type":"ListItem","position":1,"name":"Inicio","item":"https:\/\/fuentesfidedignas.com.mx\/"},{"@type":"ListItem","position":2,"name":"Inzunza, candidato al Senado de Morena afirm\u00f3 que la educaci\u00f3n debe ser un derecho pleno"}]},{"@type":"WebSite","@id":"https:\/\/fuentesfidedignas.com.mx\/#website","url":"https:\/\/fuentesfidedignas.com.mx\/","name":"Fuentes Fidedignas","description":"Otro sitio realizado con WordPress","publisher":{"@id":"https:\/\/fuentesfidedignas.com.mx\/#organization"},"potentialAction":[{"@type":"SearchAction","target":{"@type":"EntryPoint","urlTemplate":"https:\/\/fuentesfidedignas.com.mx\/?s={search_term_string}"},"query-input":{"@type":"PropertyValueSpecification","valueRequired":true,"valueName":"search_term_string"}}],"inLanguage":"es"},{"@type":"Organization","@id":"https:\/\/fuentesfidedignas.com.mx\/#organization","name":"Fuentes Fidedignas","url":"https:\/\/fuentesfidedignas.com.mx\/","logo":{"@type":"ImageObject","inLanguage":"es","@id":"https:\/\/fuentesfidedignas.com.mx\/#\/schema\/logo\/image\/","url":"https:\/\/fuentesfidedignas.com.mx\/wp-content\/uploads\/2021\/04\/logo-retina.png","contentUrl":"https:\/\/fuentesfidedignas.com.mx\/wp-content\/uploads\/2021\/04\/logo-retina.png","width":280,"height":51,"caption":"Fuentes Fidedignas"},"image":{"@id":"https:\/\/fuentesfidedignas.com.mx\/#\/schema\/logo\/image\/"},"sameAs":["https:\/\/www.facebook.com\/Fuentes-Fidedignas-368234489921644","https:\/\/x.com\/fidedignas"]},{"@type":"Person","@id":"https:\/\/fuentesfidedignas.com.mx\/#\/schema\/person\/331be9283d37198e2acd5750279085b0","name":"Redacci\u00f3n","image":{"@type":"ImageObject","inLanguage":"es","@id":"https:\/\/secure.gravatar.com\/avatar\/f6d8782c11d12b2d4ad3fbb6931aeab5309937a4d6cd2fc9cfaa28a6396a5aec?s=96&d=mm&r=g","url":"https:\/\/secure.gravatar.com\/avatar\/f6d8782c11d12b2d4ad3fbb6931aeab5309937a4d6cd2fc9cfaa28a6396a5aec?s=96&d=mm&r=g","contentUrl":"https:\/\/secure.gravatar.com\/avatar\/f6d8782c11d12b2d4ad3fbb6931aeab5309937a4d6cd2fc9cfaa28a6396a5aec?s=96&d=mm&r=g","caption":"Redacci\u00f3n"},"url":"https:\/\/fuentesfidedignas.com.mx\/index.php\/author\/redaccion\/"}]}},"_links":{"self":[{"href":"https:\/\/fuentesfidedignas.com.mx\/index.php\/wp-json\/wp\/v2\/posts\/75742","targetHints":{"allow":["GET"]}}],"collection":[{"href":"https:\/\/fuentesfidedignas.com.mx\/index.php\/wp-json\/wp\/v2\/posts"}],"about":[{"href":"https:\/\/fuentesfidedignas.com.mx\/index.php\/wp-json\/wp\/v2\/types\/post"}],"author":[{"embeddable":true,"href":"https:\/\/fuentesfidedignas.com.mx\/index.php\/wp-json\/wp\/v2\/users\/4"}],"replies":[{"embeddable":true,"href":"https:\/\/fuentesfidedignas.com.mx\/index.php\/wp-json\/wp\/v2\/comments?post=75742"}],"version-history":[{"count":1,"href":"https:\/\/fuentesfidedignas.com.mx\/index.php\/wp-json\/wp\/v2\/posts\/75742\/revisions"}],"predecessor-version":[{"id":75743,"href":"https:\/\/fuentesfidedignas.com.mx\/index.php\/wp-json\/wp\/v2\/posts\/75742\/revisions\/75743"}],"wp:featuredmedia":[{"embeddable":true,"href":"https:\/\/fuentesfidedignas.com.mx\/index.php\/wp-json\/wp\/v2\/media\/75718"}],"wp:attachment":[{"href":"https:\/\/fuentesfidedignas.com.mx\/index.php\/wp-json\/wp\/v2\/media?parent=75742"}],"wp:term":[{"taxonomy":"category","embeddable":true,"href":"https:\/\/fuentesfidedignas.com.mx\/index.php\/wp-json\/wp\/v2\/categories?post=75742"},{"taxonomy":"post_tag","embeddable":true,"href":"https:\/\/fuentesfidedignas.com.mx\/index.php\/wp-json\/wp\/v2\/tags?post=75742"}],"curies":[{"name":"wp","href":"https:\/\/api.w.org\/{rel}","templated":true}]}}