{"id":75655,"date":"2024-03-02T14:32:21","date_gmt":"2024-03-02T21:32:21","guid":{"rendered":"https:\/\/fuentesfidedignas.com.mx\/?p=75655"},"modified":"2024-03-02T14:32:22","modified_gmt":"2024-03-02T21:32:22","slug":"morena-es-un-cancer-para-mexico-y-ya-nos-decepciono-cuen-ojeda","status":"publish","type":"post","link":"https:\/\/fuentesfidedignas.com.mx\/index.php\/2024\/03\/02\/morena-es-un-cancer-para-mexico-y-ya-nos-decepciono-cuen-ojeda\/","title":{"rendered":"Morena es un c\u00e1ncer para M\u00e9xico y ya nos decepcion\u00f3: Cu\u00e9n Ojeda"},"content":{"rendered":"\n<p>Siempre hemos impulsado diversos programas dirigidos a los pueblos ind\u00edgenas, ya que en pol\u00edtica los amigos y el trabajo se hacen antes. Fue el mensaje que H\u00e9ctor Melesio Cu\u00e9n Ojeda, candidato a diputado federal, dio al acompa\u00f1ar a Paloma S\u00e1nchez, candidata al Senado de la Rep\u00fablica, durante un encuentro ciudadano en Mochicahui, El Fuerte, con l\u00edderes, gobernadores y representantes ind\u00edgenas de los pueblos originarios.<\/p>\n\n\n\n<p>Nosotros, los que integramos la Coalici\u00f3n Fuerza y Coraz\u00f3n por M\u00e9xico y Sinaloa, impulsamos que a los ind\u00edgenas se les diera la oportunidad para que tuvieran su representaci\u00f3n acorde a la Constituci\u00f3n de M\u00e9xico. Morena no quiso y por eso decimos que Morena es un c\u00e1ncer para M\u00e9xico y ya nos decepcion\u00f3.<\/p>\n\n\n\n<figure class=\"wp-block-image size-large\"><img decoding=\"async\" width=\"1024\" height=\"683\" src=\"https:\/\/fuentesfidedignas.com.mx\/wp-content\/uploads\/2024\/03\/6d53f8d1-10ff-448b-9555-3e4efefbcbab-1-1024x683.jpg\" class=\"wp-image-75654\" srcset=\"https:\/\/fuentesfidedignas.com.mx\/wp-content\/uploads\/2024\/03\/6d53f8d1-10ff-448b-9555-3e4efefbcbab-1-1024x683.jpg 1024w, https:\/\/fuentesfidedignas.com.mx\/wp-content\/uploads\/2024\/03\/6d53f8d1-10ff-448b-9555-3e4efefbcbab-1-300x200.jpg 300w, https:\/\/fuentesfidedignas.com.mx\/wp-content\/uploads\/2024\/03\/6d53f8d1-10ff-448b-9555-3e4efefbcbab-1-768x512.jpg 768w, https:\/\/fuentesfidedignas.com.mx\/wp-content\/uploads\/2024\/03\/6d53f8d1-10ff-448b-9555-3e4efefbcbab-1-1536x1024.jpg 1536w, https:\/\/fuentesfidedignas.com.mx\/wp-content\/uploads\/2024\/03\/6d53f8d1-10ff-448b-9555-3e4efefbcbab-1.jpg 1600w\" sizes=\"(max-width: 1024px) 100vw, 1024px\" \/><\/figure>\n\n\n\n<p>El candidato a diputado federal indic\u00f3 que hay muchos problemas en Sinaloa y en El Fuerte con los ind\u00edgenas. Sin embargo, el PAS, en su calidad de partido m\u00e1s grande de M\u00e9xico, impuls\u00f3 al primer diputado ind\u00edgena en el distrito 1 de Choix y El Fuerte, y gan\u00f3 por tierra. Sin embargo, el gobernador lo tach\u00f3 de tirano y desde entonces no han hecho nada por los pueblos originarios.<\/p>\n\n\n\n<p>Estoy convencido de que las cosas pueden cambiar para los ind\u00edgenas, pero se necesita un l\u00edder que ame a los ind\u00edgenas y que no se deje sobornar por el gobierno.<\/p>\n\n\n\n<p>El Fuerte, Choix y Ahome est\u00e1n catalogados para tenerlo, se mand\u00f3 al Congreso Local para que hicieran la consulta y se hicieron los de la vista gorda. Les dieron un espacio con voz pero sin voto, en calidad de adorno, y esto ha tenido como consecuencia un atraso. Viven en pobreza, no tienen oportunidades en educaci\u00f3n ni en vivienda.<\/p>\n\n\n\n<p>Hoy tenemos la gran oportunidad con X\u00f3chitl G\u00e1lvez. Ella tiene trabajo y ha defendido a los ind\u00edgenas. Los que dirigen M\u00e9xico y Sinaloa no saben generar empleo.<\/p>\n","protected":false},"excerpt":{"rendered":"<p>Siempre hemos impulsado diversos programas dirigidos a los pueblos ind\u00edgenas, ya que en pol\u00edtica los amigos y el trabajo se hacen antes. Fue el mensaje que H\u00e9ctor Melesio Cu\u00e9n Ojeda, candidato a diputado federal, dio al acompa\u00f1ar a Paloma S\u00e1nchez, candidata al Senado de la Rep\u00fablica, durante un encuentro ciudadano en Mochicahui, El Fuerte, con [&hellip;]<\/p>\n","protected":false},"author":4,"featured_media":75653,"comment_status":"open","ping_status":"open","sticky":false,"template":"","format":"standard","meta":{"tdm_status":"","tdm_grid_status":"","footnotes":""},"categories":[1],"tags":[],"class_list":{"0":"post-75655","1":"post","2":"type-post","3":"status-publish","4":"format-standard","5":"has-post-thumbnail","7":"category-sin-categoria"},"yoast_head":"<!-- This site is optimized with the Yoast SEO plugin v27.5 - https:\/\/yoast.com\/product\/yoast-seo-wordpress\/ -->\n<title>Morena es un c\u00e1ncer para M\u00e9xico y ya nos decepcion\u00f3: Cu\u00e9n Ojeda - Fuentes Fidedignas<\/title>\n<meta name=\"robots\" content=\"index, follow, max-snippet:-1, max-image-preview:large, max-video-preview:-1\" \/>\n<link rel=\"canonical\" href=\"https:\/\/fuentesfidedignas.com.mx\/index.php\/2024\/03\/02\/morena-es-un-cancer-para-mexico-y-ya-nos-decepciono-cuen-ojeda\/\" \/>\n<meta property=\"og:locale\" content=\"es_MX\" \/>\n<meta property=\"og:type\" content=\"article\" \/>\n<meta property=\"og:title\" content=\"Morena es un c\u00e1ncer para M\u00e9xico y ya nos decepcion\u00f3: Cu\u00e9n Ojeda - Fuentes Fidedignas\" \/>\n<meta property=\"og:description\" content=\"Siempre hemos impulsado diversos programas dirigidos a los pueblos ind\u00edgenas, ya que en pol\u00edtica los amigos y el trabajo se hacen antes. Fue el mensaje que H\u00e9ctor Melesio Cu\u00e9n Ojeda, candidato a diputado federal, dio al acompa\u00f1ar a Paloma S\u00e1nchez, candidata al Senado de la Rep\u00fablica, durante un encuentro ciudadano en Mochicahui, El Fuerte, con [&hellip;]\" \/>\n<meta property=\"og:url\" content=\"https:\/\/fuentesfidedignas.com.mx\/index.php\/2024\/03\/02\/morena-es-un-cancer-para-mexico-y-ya-nos-decepciono-cuen-ojeda\/\" \/>\n<meta property=\"og:site_name\" content=\"Fuentes Fidedignas\" \/>\n<meta property=\"article:publisher\" content=\"https:\/\/www.facebook.com\/Fuentes-Fidedignas-368234489921644\" \/>\n<meta property=\"article:published_time\" content=\"2024-03-02T21:32:21+00:00\" \/>\n<meta property=\"article:modified_time\" content=\"2024-03-02T21:32:22+00:00\" \/>\n<meta property=\"og:image\" content=\"https:\/\/fuentesfidedignas.com.mx\/wp-content\/uploads\/2024\/03\/977f7976-ce72-4f01-9698-225719cd752b-1.jpg\" \/>\n\t<meta property=\"og:image:width\" content=\"1280\" \/>\n\t<meta property=\"og:image:height\" content=\"853\" \/>\n\t<meta property=\"og:image:type\" content=\"image\/jpeg\" \/>\n<meta name=\"author\" content=\"Redacci\u00f3n\" \/>\n<meta name=\"twitter:card\" content=\"summary_large_image\" \/>\n<meta name=\"twitter:creator\" content=\"@fidedignas\" \/>\n<meta name=\"twitter:site\" content=\"@fidedignas\" \/>\n<meta name=\"twitter:label1\" content=\"Escrito por\" \/>\n\t<meta name=\"twitter:data1\" content=\"Redacci\u00f3n\" \/>\n\t<meta name=\"twitter:label2\" content=\"Tiempo de lectura\" \/>\n\t<meta name=\"twitter:data2\" content=\"2 minutos\" \/>\n<script type=\"application\/ld+json\" class=\"yoast-schema-graph\">{\"@context\":\"https:\\\/\\\/schema.org\",\"@graph\":[{\"@type\":\"Article\",\"@id\":\"https:\\\/\\\/fuentesfidedignas.com.mx\\\/index.php\\\/2024\\\/03\\\/02\\\/morena-es-un-cancer-para-mexico-y-ya-nos-decepciono-cuen-ojeda\\\/#article\",\"isPartOf\":{\"@id\":\"https:\\\/\\\/fuentesfidedignas.com.mx\\\/index.php\\\/2024\\\/03\\\/02\\\/morena-es-un-cancer-para-mexico-y-ya-nos-decepciono-cuen-ojeda\\\/\"},\"author\":{\"name\":\"Redacci\u00f3n\",\"@id\":\"https:\\\/\\\/fuentesfidedignas.com.mx\\\/#\\\/schema\\\/person\\\/331be9283d37198e2acd5750279085b0\"},\"headline\":\"Morena es un c\u00e1ncer para M\u00e9xico y ya nos decepcion\u00f3: Cu\u00e9n Ojeda\",\"datePublished\":\"2024-03-02T21:32:21+00:00\",\"dateModified\":\"2024-03-02T21:32:22+00:00\",\"mainEntityOfPage\":{\"@id\":\"https:\\\/\\\/fuentesfidedignas.com.mx\\\/index.php\\\/2024\\\/03\\\/02\\\/morena-es-un-cancer-para-mexico-y-ya-nos-decepciono-cuen-ojeda\\\/\"},\"wordCount\":346,\"commentCount\":0,\"publisher\":{\"@id\":\"https:\\\/\\\/fuentesfidedignas.com.mx\\\/#organization\"},\"image\":{\"@id\":\"https:\\\/\\\/fuentesfidedignas.com.mx\\\/index.php\\\/2024\\\/03\\\/02\\\/morena-es-un-cancer-para-mexico-y-ya-nos-decepciono-cuen-ojeda\\\/#primaryimage\"},\"thumbnailUrl\":\"https:\\\/\\\/fuentesfidedignas.com.mx\\\/wp-content\\\/uploads\\\/2024\\\/03\\\/977f7976-ce72-4f01-9698-225719cd752b-1.jpg\",\"inLanguage\":\"es\",\"potentialAction\":[{\"@type\":\"CommentAction\",\"name\":\"Comment\",\"target\":[\"https:\\\/\\\/fuentesfidedignas.com.mx\\\/index.php\\\/2024\\\/03\\\/02\\\/morena-es-un-cancer-para-mexico-y-ya-nos-decepciono-cuen-ojeda\\\/#respond\"]}]},{\"@type\":\"WebPage\",\"@id\":\"https:\\\/\\\/fuentesfidedignas.com.mx\\\/index.php\\\/2024\\\/03\\\/02\\\/morena-es-un-cancer-para-mexico-y-ya-nos-decepciono-cuen-ojeda\\\/\",\"url\":\"https:\\\/\\\/fuentesfidedignas.com.mx\\\/index.php\\\/2024\\\/03\\\/02\\\/morena-es-un-cancer-para-mexico-y-ya-nos-decepciono-cuen-ojeda\\\/\",\"name\":\"Morena es un c\u00e1ncer para M\u00e9xico y ya nos decepcion\u00f3: Cu\u00e9n Ojeda - Fuentes Fidedignas\",\"isPartOf\":{\"@id\":\"https:\\\/\\\/fuentesfidedignas.com.mx\\\/#website\"},\"primaryImageOfPage\":{\"@id\":\"https:\\\/\\\/fuentesfidedignas.com.mx\\\/index.php\\\/2024\\\/03\\\/02\\\/morena-es-un-cancer-para-mexico-y-ya-nos-decepciono-cuen-ojeda\\\/#primaryimage\"},\"image\":{\"@id\":\"https:\\\/\\\/fuentesfidedignas.com.mx\\\/index.php\\\/2024\\\/03\\\/02\\\/morena-es-un-cancer-para-mexico-y-ya-nos-decepciono-cuen-ojeda\\\/#primaryimage\"},\"thumbnailUrl\":\"https:\\\/\\\/fuentesfidedignas.com.mx\\\/wp-content\\\/uploads\\\/2024\\\/03\\\/977f7976-ce72-4f01-9698-225719cd752b-1.jpg\",\"datePublished\":\"2024-03-02T21:32:21+00:00\",\"dateModified\":\"2024-03-02T21:32:22+00:00\",\"breadcrumb\":{\"@id\":\"https:\\\/\\\/fuentesfidedignas.com.mx\\\/index.php\\\/2024\\\/03\\\/02\\\/morena-es-un-cancer-para-mexico-y-ya-nos-decepciono-cuen-ojeda\\\/#breadcrumb\"},\"inLanguage\":\"es\",\"potentialAction\":[{\"@type\":\"ReadAction\",\"target\":[\"https:\\\/\\\/fuentesfidedignas.com.mx\\\/index.php\\\/2024\\\/03\\\/02\\\/morena-es-un-cancer-para-mexico-y-ya-nos-decepciono-cuen-ojeda\\\/\"]}]},{\"@type\":\"ImageObject\",\"inLanguage\":\"es\",\"@id\":\"https:\\\/\\\/fuentesfidedignas.com.mx\\\/index.php\\\/2024\\\/03\\\/02\\\/morena-es-un-cancer-para-mexico-y-ya-nos-decepciono-cuen-ojeda\\\/#primaryimage\",\"url\":\"https:\\\/\\\/fuentesfidedignas.com.mx\\\/wp-content\\\/uploads\\\/2024\\\/03\\\/977f7976-ce72-4f01-9698-225719cd752b-1.jpg\",\"contentUrl\":\"https:\\\/\\\/fuentesfidedignas.com.mx\\\/wp-content\\\/uploads\\\/2024\\\/03\\\/977f7976-ce72-4f01-9698-225719cd752b-1.jpg\",\"width\":1280,\"height\":853},{\"@type\":\"BreadcrumbList\",\"@id\":\"https:\\\/\\\/fuentesfidedignas.com.mx\\\/index.php\\\/2024\\\/03\\\/02\\\/morena-es-un-cancer-para-mexico-y-ya-nos-decepciono-cuen-ojeda\\\/#breadcrumb\",\"itemListElement\":[{\"@type\":\"ListItem\",\"position\":1,\"name\":\"Inicio\",\"item\":\"https:\\\/\\\/fuentesfidedignas.com.mx\\\/\"},{\"@type\":\"ListItem\",\"position\":2,\"name\":\"Morena es un c\u00e1ncer para M\u00e9xico y ya nos decepcion\u00f3: Cu\u00e9n Ojeda\"}]},{\"@type\":\"WebSite\",\"@id\":\"https:\\\/\\\/fuentesfidedignas.com.mx\\\/#website\",\"url\":\"https:\\\/\\\/fuentesfidedignas.com.mx\\\/\",\"name\":\"Fuentes Fidedignas\",\"description\":\"Otro sitio realizado con WordPress\",\"publisher\":{\"@id\":\"https:\\\/\\\/fuentesfidedignas.com.mx\\\/#organization\"},\"potentialAction\":[{\"@type\":\"SearchAction\",\"target\":{\"@type\":\"EntryPoint\",\"urlTemplate\":\"https:\\\/\\\/fuentesfidedignas.com.mx\\\/?s={search_term_string}\"},\"query-input\":{\"@type\":\"PropertyValueSpecification\",\"valueRequired\":true,\"valueName\":\"search_term_string\"}}],\"inLanguage\":\"es\"},{\"@type\":\"Organization\",\"@id\":\"https:\\\/\\\/fuentesfidedignas.com.mx\\\/#organization\",\"name\":\"Fuentes Fidedignas\",\"url\":\"https:\\\/\\\/fuentesfidedignas.com.mx\\\/\",\"logo\":{\"@type\":\"ImageObject\",\"inLanguage\":\"es\",\"@id\":\"https:\\\/\\\/fuentesfidedignas.com.mx\\\/#\\\/schema\\\/logo\\\/image\\\/\",\"url\":\"https:\\\/\\\/fuentesfidedignas.com.mx\\\/wp-content\\\/uploads\\\/2021\\\/04\\\/logo-retina.png\",\"contentUrl\":\"https:\\\/\\\/fuentesfidedignas.com.mx\\\/wp-content\\\/uploads\\\/2021\\\/04\\\/logo-retina.png\",\"width\":280,\"height\":51,\"caption\":\"Fuentes Fidedignas\"},\"image\":{\"@id\":\"https:\\\/\\\/fuentesfidedignas.com.mx\\\/#\\\/schema\\\/logo\\\/image\\\/\"},\"sameAs\":[\"https:\\\/\\\/www.facebook.com\\\/Fuentes-Fidedignas-368234489921644\",\"https:\\\/\\\/x.com\\\/fidedignas\"]},{\"@type\":\"Person\",\"@id\":\"https:\\\/\\\/fuentesfidedignas.com.mx\\\/#\\\/schema\\\/person\\\/331be9283d37198e2acd5750279085b0\",\"name\":\"Redacci\u00f3n\",\"image\":{\"@type\":\"ImageObject\",\"inLanguage\":\"es\",\"@id\":\"https:\\\/\\\/secure.gravatar.com\\\/avatar\\\/f6d8782c11d12b2d4ad3fbb6931aeab5309937a4d6cd2fc9cfaa28a6396a5aec?s=96&d=mm&r=g\",\"url\":\"https:\\\/\\\/secure.gravatar.com\\\/avatar\\\/f6d8782c11d12b2d4ad3fbb6931aeab5309937a4d6cd2fc9cfaa28a6396a5aec?s=96&d=mm&r=g\",\"contentUrl\":\"https:\\\/\\\/secure.gravatar.com\\\/avatar\\\/f6d8782c11d12b2d4ad3fbb6931aeab5309937a4d6cd2fc9cfaa28a6396a5aec?s=96&d=mm&r=g\",\"caption\":\"Redacci\u00f3n\"},\"url\":\"https:\\\/\\\/fuentesfidedignas.com.mx\\\/index.php\\\/author\\\/redaccion\\\/\"}]}<\/script>\n<!-- \/ Yoast SEO plugin. -->","yoast_head_json":{"title":"Morena es un c\u00e1ncer para M\u00e9xico y ya nos decepcion\u00f3: Cu\u00e9n Ojeda - Fuentes Fidedignas","robots":{"index":"index","follow":"follow","max-snippet":"max-snippet:-1","max-image-preview":"max-image-preview:large","max-video-preview":"max-video-preview:-1"},"canonical":"https:\/\/fuentesfidedignas.com.mx\/index.php\/2024\/03\/02\/morena-es-un-cancer-para-mexico-y-ya-nos-decepciono-cuen-ojeda\/","og_locale":"es_MX","og_type":"article","og_title":"Morena es un c\u00e1ncer para M\u00e9xico y ya nos decepcion\u00f3: Cu\u00e9n Ojeda - Fuentes Fidedignas","og_description":"Siempre hemos impulsado diversos programas dirigidos a los pueblos ind\u00edgenas, ya que en pol\u00edtica los amigos y el trabajo se hacen antes. Fue el mensaje que H\u00e9ctor Melesio Cu\u00e9n Ojeda, candidato a diputado federal, dio al acompa\u00f1ar a Paloma S\u00e1nchez, candidata al Senado de la Rep\u00fablica, durante un encuentro ciudadano en Mochicahui, El Fuerte, con [&hellip;]","og_url":"https:\/\/fuentesfidedignas.com.mx\/index.php\/2024\/03\/02\/morena-es-un-cancer-para-mexico-y-ya-nos-decepciono-cuen-ojeda\/","og_site_name":"Fuentes Fidedignas","article_publisher":"https:\/\/www.facebook.com\/Fuentes-Fidedignas-368234489921644","article_published_time":"2024-03-02T21:32:21+00:00","article_modified_time":"2024-03-02T21:32:22+00:00","og_image":[{"width":1280,"height":853,"url":"https:\/\/fuentesfidedignas.com.mx\/wp-content\/uploads\/2024\/03\/977f7976-ce72-4f01-9698-225719cd752b-1.jpg","type":"image\/jpeg"}],"author":"Redacci\u00f3n","twitter_card":"summary_large_image","twitter_creator":"@fidedignas","twitter_site":"@fidedignas","twitter_misc":{"Escrito por":"Redacci\u00f3n","Tiempo de lectura":"2 minutos"},"schema":{"@context":"https:\/\/schema.org","@graph":[{"@type":"Article","@id":"https:\/\/fuentesfidedignas.com.mx\/index.php\/2024\/03\/02\/morena-es-un-cancer-para-mexico-y-ya-nos-decepciono-cuen-ojeda\/#article","isPartOf":{"@id":"https:\/\/fuentesfidedignas.com.mx\/index.php\/2024\/03\/02\/morena-es-un-cancer-para-mexico-y-ya-nos-decepciono-cuen-ojeda\/"},"author":{"name":"Redacci\u00f3n","@id":"https:\/\/fuentesfidedignas.com.mx\/#\/schema\/person\/331be9283d37198e2acd5750279085b0"},"headline":"Morena es un c\u00e1ncer para M\u00e9xico y ya nos decepcion\u00f3: Cu\u00e9n Ojeda","datePublished":"2024-03-02T21:32:21+00:00","dateModified":"2024-03-02T21:32:22+00:00","mainEntityOfPage":{"@id":"https:\/\/fuentesfidedignas.com.mx\/index.php\/2024\/03\/02\/morena-es-un-cancer-para-mexico-y-ya-nos-decepciono-cuen-ojeda\/"},"wordCount":346,"commentCount":0,"publisher":{"@id":"https:\/\/fuentesfidedignas.com.mx\/#organization"},"image":{"@id":"https:\/\/fuentesfidedignas.com.mx\/index.php\/2024\/03\/02\/morena-es-un-cancer-para-mexico-y-ya-nos-decepciono-cuen-ojeda\/#primaryimage"},"thumbnailUrl":"https:\/\/fuentesfidedignas.com.mx\/wp-content\/uploads\/2024\/03\/977f7976-ce72-4f01-9698-225719cd752b-1.jpg","inLanguage":"es","potentialAction":[{"@type":"CommentAction","name":"Comment","target":["https:\/\/fuentesfidedignas.com.mx\/index.php\/2024\/03\/02\/morena-es-un-cancer-para-mexico-y-ya-nos-decepciono-cuen-ojeda\/#respond"]}]},{"@type":"WebPage","@id":"https:\/\/fuentesfidedignas.com.mx\/index.php\/2024\/03\/02\/morena-es-un-cancer-para-mexico-y-ya-nos-decepciono-cuen-ojeda\/","url":"https:\/\/fuentesfidedignas.com.mx\/index.php\/2024\/03\/02\/morena-es-un-cancer-para-mexico-y-ya-nos-decepciono-cuen-ojeda\/","name":"Morena es un c\u00e1ncer para M\u00e9xico y ya nos decepcion\u00f3: Cu\u00e9n Ojeda - Fuentes Fidedignas","isPartOf":{"@id":"https:\/\/fuentesfidedignas.com.mx\/#website"},"primaryImageOfPage":{"@id":"https:\/\/fuentesfidedignas.com.mx\/index.php\/2024\/03\/02\/morena-es-un-cancer-para-mexico-y-ya-nos-decepciono-cuen-ojeda\/#primaryimage"},"image":{"@id":"https:\/\/fuentesfidedignas.com.mx\/index.php\/2024\/03\/02\/morena-es-un-cancer-para-mexico-y-ya-nos-decepciono-cuen-ojeda\/#primaryimage"},"thumbnailUrl":"https:\/\/fuentesfidedignas.com.mx\/wp-content\/uploads\/2024\/03\/977f7976-ce72-4f01-9698-225719cd752b-1.jpg","datePublished":"2024-03-02T21:32:21+00:00","dateModified":"2024-03-02T21:32:22+00:00","breadcrumb":{"@id":"https:\/\/fuentesfidedignas.com.mx\/index.php\/2024\/03\/02\/morena-es-un-cancer-para-mexico-y-ya-nos-decepciono-cuen-ojeda\/#breadcrumb"},"inLanguage":"es","potentialAction":[{"@type":"ReadAction","target":["https:\/\/fuentesfidedignas.com.mx\/index.php\/2024\/03\/02\/morena-es-un-cancer-para-mexico-y-ya-nos-decepciono-cuen-ojeda\/"]}]},{"@type":"ImageObject","inLanguage":"es","@id":"https:\/\/fuentesfidedignas.com.mx\/index.php\/2024\/03\/02\/morena-es-un-cancer-para-mexico-y-ya-nos-decepciono-cuen-ojeda\/#primaryimage","url":"https:\/\/fuentesfidedignas.com.mx\/wp-content\/uploads\/2024\/03\/977f7976-ce72-4f01-9698-225719cd752b-1.jpg","contentUrl":"https:\/\/fuentesfidedignas.com.mx\/wp-content\/uploads\/2024\/03\/977f7976-ce72-4f01-9698-225719cd752b-1.jpg","width":1280,"height":853},{"@type":"BreadcrumbList","@id":"https:\/\/fuentesfidedignas.com.mx\/index.php\/2024\/03\/02\/morena-es-un-cancer-para-mexico-y-ya-nos-decepciono-cuen-ojeda\/#breadcrumb","itemListElement":[{"@type":"ListItem","position":1,"name":"Inicio","item":"https:\/\/fuentesfidedignas.com.mx\/"},{"@type":"ListItem","position":2,"name":"Morena es un c\u00e1ncer para M\u00e9xico y ya nos decepcion\u00f3: Cu\u00e9n Ojeda"}]},{"@type":"WebSite","@id":"https:\/\/fuentesfidedignas.com.mx\/#website","url":"https:\/\/fuentesfidedignas.com.mx\/","name":"Fuentes Fidedignas","description":"Otro sitio realizado con WordPress","publisher":{"@id":"https:\/\/fuentesfidedignas.com.mx\/#organization"},"potentialAction":[{"@type":"SearchAction","target":{"@type":"EntryPoint","urlTemplate":"https:\/\/fuentesfidedignas.com.mx\/?s={search_term_string}"},"query-input":{"@type":"PropertyValueSpecification","valueRequired":true,"valueName":"search_term_string"}}],"inLanguage":"es"},{"@type":"Organization","@id":"https:\/\/fuentesfidedignas.com.mx\/#organization","name":"Fuentes Fidedignas","url":"https:\/\/fuentesfidedignas.com.mx\/","logo":{"@type":"ImageObject","inLanguage":"es","@id":"https:\/\/fuentesfidedignas.com.mx\/#\/schema\/logo\/image\/","url":"https:\/\/fuentesfidedignas.com.mx\/wp-content\/uploads\/2021\/04\/logo-retina.png","contentUrl":"https:\/\/fuentesfidedignas.com.mx\/wp-content\/uploads\/2021\/04\/logo-retina.png","width":280,"height":51,"caption":"Fuentes Fidedignas"},"image":{"@id":"https:\/\/fuentesfidedignas.com.mx\/#\/schema\/logo\/image\/"},"sameAs":["https:\/\/www.facebook.com\/Fuentes-Fidedignas-368234489921644","https:\/\/x.com\/fidedignas"]},{"@type":"Person","@id":"https:\/\/fuentesfidedignas.com.mx\/#\/schema\/person\/331be9283d37198e2acd5750279085b0","name":"Redacci\u00f3n","image":{"@type":"ImageObject","inLanguage":"es","@id":"https:\/\/secure.gravatar.com\/avatar\/f6d8782c11d12b2d4ad3fbb6931aeab5309937a4d6cd2fc9cfaa28a6396a5aec?s=96&d=mm&r=g","url":"https:\/\/secure.gravatar.com\/avatar\/f6d8782c11d12b2d4ad3fbb6931aeab5309937a4d6cd2fc9cfaa28a6396a5aec?s=96&d=mm&r=g","contentUrl":"https:\/\/secure.gravatar.com\/avatar\/f6d8782c11d12b2d4ad3fbb6931aeab5309937a4d6cd2fc9cfaa28a6396a5aec?s=96&d=mm&r=g","caption":"Redacci\u00f3n"},"url":"https:\/\/fuentesfidedignas.com.mx\/index.php\/author\/redaccion\/"}]}},"_links":{"self":[{"href":"https:\/\/fuentesfidedignas.com.mx\/index.php\/wp-json\/wp\/v2\/posts\/75655","targetHints":{"allow":["GET"]}}],"collection":[{"href":"https:\/\/fuentesfidedignas.com.mx\/index.php\/wp-json\/wp\/v2\/posts"}],"about":[{"href":"https:\/\/fuentesfidedignas.com.mx\/index.php\/wp-json\/wp\/v2\/types\/post"}],"author":[{"embeddable":true,"href":"https:\/\/fuentesfidedignas.com.mx\/index.php\/wp-json\/wp\/v2\/users\/4"}],"replies":[{"embeddable":true,"href":"https:\/\/fuentesfidedignas.com.mx\/index.php\/wp-json\/wp\/v2\/comments?post=75655"}],"version-history":[{"count":1,"href":"https:\/\/fuentesfidedignas.com.mx\/index.php\/wp-json\/wp\/v2\/posts\/75655\/revisions"}],"predecessor-version":[{"id":75656,"href":"https:\/\/fuentesfidedignas.com.mx\/index.php\/wp-json\/wp\/v2\/posts\/75655\/revisions\/75656"}],"wp:featuredmedia":[{"embeddable":true,"href":"https:\/\/fuentesfidedignas.com.mx\/index.php\/wp-json\/wp\/v2\/media\/75653"}],"wp:attachment":[{"href":"https:\/\/fuentesfidedignas.com.mx\/index.php\/wp-json\/wp\/v2\/media?parent=75655"}],"wp:term":[{"taxonomy":"category","embeddable":true,"href":"https:\/\/fuentesfidedignas.com.mx\/index.php\/wp-json\/wp\/v2\/categories?post=75655"},{"taxonomy":"post_tag","embeddable":true,"href":"https:\/\/fuentesfidedignas.com.mx\/index.php\/wp-json\/wp\/v2\/tags?post=75655"}],"curies":[{"name":"wp","href":"https:\/\/api.w.org\/{rel}","templated":true}]}}