{"id":75588,"date":"2024-03-02T05:50:44","date_gmt":"2024-03-02T12:50:44","guid":{"rendered":"https:\/\/fuentesfidedignas.com.mx\/?p=75588"},"modified":"2024-03-01T18:51:02","modified_gmt":"2024-03-02T01:51:02","slug":"video-mujer-descubre-refugio-subterraneo-de-la-ii-guerra-mundial-en-su-patio","status":"publish","type":"post","link":"https:\/\/fuentesfidedignas.com.mx\/index.php\/2024\/03\/02\/video-mujer-descubre-refugio-subterraneo-de-la-ii-guerra-mundial-en-su-patio\/","title":{"rendered":"VIDEO | Mujer descubre refugio subterr\u00e1neo de la II Guerra Mundial en su patio"},"content":{"rendered":"\n<p><strong><em>La mujer se dio a la tarea de compartir el impactante descubrimiento en TikTok, en donde mostr\u00f3 c\u00f3mo luce el refugio actualmente en su jard\u00edn y en donde ofrecen un recorrido virtual.<\/em><\/strong><\/p>\n\n\n\n<p>Una mam\u00e1 brit\u00e1nica hizo un inesperado descubrimiento en el patio trasero de su casa cuando levanto una piedra que se encontraba en el lugar.<\/p>\n\n\n\n<p>Rebecca Hobson, de 34 a\u00f1os, se encontr\u00f3 con el refugio antia\u00e9reo de 48 metros luego de que sus vecinos le dijeron en 2020 que podr\u00eda haber algo relacionado con la guerra en su propiedad en Kent, Inglaterra.<\/p>\n\n\n\n<blockquote class=\"tiktok-embed\" cite=\"https:\/\/www.tiktok.com\/@bexh5\/video\/7340990174249192737\" data-video-id=\"7340990174249192737\" style=\"max-width: 605px;min-width: 325px;\" > <section> <a target=\"_blank\" title=\"@bexh5\" href=\"https:\/\/www.tiktok.com\/@bexh5?refer=embed\" rel=\"noopener\">@bexh5<\/a> A few comments asking to see whats on the other side of the wall at the other end. Here it is. \ud83d\ude01<a title=\"airraidshelters\" target=\"_blank\" href=\"https:\/\/www.tiktok.com\/tag\/airraidshelters?refer=embed\" rel=\"noopener\">#airraidshelters<\/a> <a title=\"wartime\" target=\"_blank\" href=\"https:\/\/www.tiktok.com\/tag\/wartime?refer=embed\" rel=\"noopener\">#wartime<\/a> <a title=\"history\" target=\"_blank\" href=\"https:\/\/www.tiktok.com\/tag\/history?refer=embed\" rel=\"noopener\">#history<\/a> <a title=\"england\" target=\"_blank\" href=\"https:\/\/www.tiktok.com\/tag\/england?refer=embed\" rel=\"noopener\">#england<\/a> <a title=\"coolplaces\" target=\"_blank\" href=\"https:\/\/www.tiktok.com\/tag\/coolplaces?refer=embed\" rel=\"noopener\">#coolplaces<\/a> <a title=\"fyp\" target=\"_blank\" href=\"https:\/\/www.tiktok.com\/tag\/fyp?refer=embed\" rel=\"noopener\">#fyp<\/a> <a target=\"_blank\" title=\"\u266c Aesthetic Vibes - sxldi\" href=\"https:\/\/www.tiktok.com\/music\/Aesthetic-Vibes-7223995413446150146?refer=embed\" rel=\"noopener\">\u266c Aesthetic Vibes &#8211; sxldi<\/a> <\/section> <\/blockquote> <script async src=\"https:\/\/www.tiktok.com\/embed.js\"><\/script>\n\n\n\n<p>Sin embargo, la joven madre nunca sospecho nada y fue tiempo despu\u00e9s cuando descubri\u00f3 que su patio trasero, fue usado como refugio antibombas sin siquiera sospechar nada durante los 15 a\u00f1os que lleva viviendo en la casa.<\/p>\n\n\n\n<p>Rebecca se dio a la tarea de compartir el impactante descubrimiento en TikTok, en donde mostr\u00f3 c\u00f3mo luce el refugio actualmente en su jard\u00edn y en donde ofrecen un recorrido virtual por lo que parece ser un t\u00fanel con luces a trav\u00e9s de la cueva.<\/p>\n\n\n\n<p>El video recorre lentamente el pasillo antes de que se encuentren restos de trampas para ratas, botellas y tazones cubiertos de polvo.<\/p>\n\n\n\n<blockquote class=\"tiktok-embed\" cite=\"https:\/\/www.tiktok.com\/@bexh5\/video\/7338738168885202209\" data-video-id=\"7338738168885202209\" style=\"max-width: 605px;min-width: 325px;\" > <section> <a target=\"_blank\" title=\"@bexh5\" href=\"https:\/\/www.tiktok.com\/@bexh5?refer=embed\" rel=\"noopener\">@bexh5<\/a> Finding an Air raid shelter in our garden. Part 3 &#8211; The video tour. We added the lights to save carrying torches. \ud83d\ude0a<a title=\"airraidshelters\" target=\"_blank\" href=\"https:\/\/www.tiktok.com\/tag\/airraidshelters?refer=embed\" rel=\"noopener\">#airraidshelters<\/a> <a title=\"wartime\" target=\"_blank\" href=\"https:\/\/www.tiktok.com\/tag\/wartime?refer=embed\" rel=\"noopener\">#wartime<\/a> <a title=\"history\" target=\"_blank\" href=\"https:\/\/www.tiktok.com\/tag\/history?refer=embed\" rel=\"noopener\">#history<\/a> <a title=\"england\" target=\"_blank\" href=\"https:\/\/www.tiktok.com\/tag\/england?refer=embed\" rel=\"noopener\">#england<\/a> <a title=\"coolplaces\" target=\"_blank\" href=\"https:\/\/www.tiktok.com\/tag\/coolplaces?refer=embed\" rel=\"noopener\">#coolplaces<\/a> <a title=\"fyp\" target=\"_blank\" href=\"https:\/\/www.tiktok.com\/tag\/fyp?refer=embed\" rel=\"noopener\">#fyp<\/a> <a target=\"_blank\" title=\"\u266c Good Times - Bruno Boe\" href=\"https:\/\/www.tiktok.com\/music\/Good-Times-7214174973853468674?refer=embed\" rel=\"noopener\">\u266c Good Times &#8211; Bruno Boe<\/a> <\/section> <\/blockquote> <script async src=\"https:\/\/www.tiktok.com\/embed.js\"><\/script>\n\n\n\n<p>Hasta el momento, el video cuenta con m\u00e1s de un mill\u00f3n de visitan dejando impactados a los internautas ante lo bien construido que esta el refugio, vestigio de una \u00e9poca muy oscura para la historia de Europa.<\/p>\n\n\n\n<p>Rebecca no es la \u00fanica persona que ha descubierto una historia debajo de su propiedad, y es que hace unos a\u00f1os una mujer encontr\u00f3 un s\u00f3tano convertido en b\u00fanker nuclear en la casa de su abuela que, seg\u00fan ella, los due\u00f1os anteriores instalaron en anticipaci\u00f3n de una guerra nuclear.<\/p>\n\n\n\n<p>La mujer llamada Carly comparti\u00f3 un video del sitio oculto en TikTok, que ha sido visto m\u00e1s de 4 millones de veces, que muestra una tuber\u00eda que cuelga del techo y que activa una puerta oculta en la pared de un armario.<\/p>\n","protected":false},"excerpt":{"rendered":"<p>La mujer se dio a la tarea de compartir el impactante descubrimiento en TikTok, en donde mostr\u00f3 c\u00f3mo luce el refugio actualmente en su jard\u00edn y en donde ofrecen un recorrido virtual. Una mam\u00e1 brit\u00e1nica hizo un inesperado descubrimiento en el patio trasero de su casa cuando levanto una piedra que se encontraba en el [&hellip;]<\/p>\n","protected":false},"author":7,"featured_media":75589,"comment_status":"open","ping_status":"open","sticky":false,"template":"","format":"standard","meta":{"tdm_status":"","tdm_grid_status":"","footnotes":""},"categories":[40],"tags":[],"class_list":{"0":"post-75588","1":"post","2":"type-post","3":"status-publish","4":"format-standard","5":"has-post-thumbnail","7":"category-las-asombrosas"},"yoast_head":"<!-- This site is optimized with the Yoast SEO plugin v27.5 - https:\/\/yoast.com\/product\/yoast-seo-wordpress\/ -->\n<title>VIDEO | Mujer descubre refugio subterr\u00e1neo de la II Guerra Mundial en su patio - Fuentes Fidedignas<\/title>\n<meta name=\"robots\" content=\"index, follow, max-snippet:-1, max-image-preview:large, max-video-preview:-1\" \/>\n<link rel=\"canonical\" href=\"https:\/\/fuentesfidedignas.com.mx\/index.php\/2024\/03\/02\/video-mujer-descubre-refugio-subterraneo-de-la-ii-guerra-mundial-en-su-patio\/\" \/>\n<meta property=\"og:locale\" content=\"es_MX\" \/>\n<meta property=\"og:type\" content=\"article\" \/>\n<meta property=\"og:title\" content=\"VIDEO | Mujer descubre refugio subterr\u00e1neo de la II Guerra Mundial en su patio - Fuentes Fidedignas\" \/>\n<meta property=\"og:description\" content=\"La mujer se dio a la tarea de compartir el impactante descubrimiento en TikTok, en donde mostr\u00f3 c\u00f3mo luce el refugio actualmente en su jard\u00edn y en donde ofrecen un recorrido virtual. Una mam\u00e1 brit\u00e1nica hizo un inesperado descubrimiento en el patio trasero de su casa cuando levanto una piedra que se encontraba en el [&hellip;]\" \/>\n<meta property=\"og:url\" content=\"https:\/\/fuentesfidedignas.com.mx\/index.php\/2024\/03\/02\/video-mujer-descubre-refugio-subterraneo-de-la-ii-guerra-mundial-en-su-patio\/\" \/>\n<meta property=\"og:site_name\" content=\"Fuentes Fidedignas\" \/>\n<meta property=\"article:publisher\" content=\"https:\/\/www.facebook.com\/Fuentes-Fidedignas-368234489921644\" \/>\n<meta property=\"article:published_time\" content=\"2024-03-02T12:50:44+00:00\" \/>\n<meta property=\"og:image\" content=\"https:\/\/fuentesfidedignas.com.mx\/wp-content\/uploads\/2024\/03\/TUNEL_CASA.jpg\" \/>\n\t<meta property=\"og:image:width\" content=\"860\" \/>\n\t<meta property=\"og:image:height\" content=\"646\" \/>\n\t<meta property=\"og:image:type\" content=\"image\/jpeg\" \/>\n<meta name=\"author\" content=\"Exc\u00e9lsior\" \/>\n<meta name=\"twitter:card\" content=\"summary_large_image\" \/>\n<meta name=\"twitter:creator\" content=\"@fidedignas\" \/>\n<meta name=\"twitter:site\" content=\"@fidedignas\" \/>\n<meta name=\"twitter:label1\" content=\"Escrito por\" \/>\n\t<meta name=\"twitter:data1\" content=\"Exc\u00e9lsior\" \/>\n\t<meta name=\"twitter:label2\" content=\"Tiempo de lectura\" \/>\n\t<meta name=\"twitter:data2\" content=\"2 minutos\" \/>\n<script type=\"application\/ld+json\" class=\"yoast-schema-graph\">{\"@context\":\"https:\\\/\\\/schema.org\",\"@graph\":[{\"@type\":\"Article\",\"@id\":\"https:\\\/\\\/fuentesfidedignas.com.mx\\\/index.php\\\/2024\\\/03\\\/02\\\/video-mujer-descubre-refugio-subterraneo-de-la-ii-guerra-mundial-en-su-patio\\\/#article\",\"isPartOf\":{\"@id\":\"https:\\\/\\\/fuentesfidedignas.com.mx\\\/index.php\\\/2024\\\/03\\\/02\\\/video-mujer-descubre-refugio-subterraneo-de-la-ii-guerra-mundial-en-su-patio\\\/\"},\"author\":{\"name\":\"Exc\u00e9lsior\",\"@id\":\"https:\\\/\\\/fuentesfidedignas.com.mx\\\/#\\\/schema\\\/person\\\/ec4edd1fbf5efa3e44fce34fe2787780\"},\"headline\":\"VIDEO | Mujer descubre refugio subterr\u00e1neo de la II Guerra Mundial en su patio\",\"datePublished\":\"2024-03-02T12:50:44+00:00\",\"mainEntityOfPage\":{\"@id\":\"https:\\\/\\\/fuentesfidedignas.com.mx\\\/index.php\\\/2024\\\/03\\\/02\\\/video-mujer-descubre-refugio-subterraneo-de-la-ii-guerra-mundial-en-su-patio\\\/\"},\"wordCount\":421,\"commentCount\":0,\"publisher\":{\"@id\":\"https:\\\/\\\/fuentesfidedignas.com.mx\\\/#organization\"},\"image\":{\"@id\":\"https:\\\/\\\/fuentesfidedignas.com.mx\\\/index.php\\\/2024\\\/03\\\/02\\\/video-mujer-descubre-refugio-subterraneo-de-la-ii-guerra-mundial-en-su-patio\\\/#primaryimage\"},\"thumbnailUrl\":\"https:\\\/\\\/fuentesfidedignas.com.mx\\\/wp-content\\\/uploads\\\/2024\\\/03\\\/TUNEL_CASA.jpg\",\"articleSection\":[\"LAS ASOMBROSAS\"],\"inLanguage\":\"es\",\"potentialAction\":[{\"@type\":\"CommentAction\",\"name\":\"Comment\",\"target\":[\"https:\\\/\\\/fuentesfidedignas.com.mx\\\/index.php\\\/2024\\\/03\\\/02\\\/video-mujer-descubre-refugio-subterraneo-de-la-ii-guerra-mundial-en-su-patio\\\/#respond\"]}]},{\"@type\":\"WebPage\",\"@id\":\"https:\\\/\\\/fuentesfidedignas.com.mx\\\/index.php\\\/2024\\\/03\\\/02\\\/video-mujer-descubre-refugio-subterraneo-de-la-ii-guerra-mundial-en-su-patio\\\/\",\"url\":\"https:\\\/\\\/fuentesfidedignas.com.mx\\\/index.php\\\/2024\\\/03\\\/02\\\/video-mujer-descubre-refugio-subterraneo-de-la-ii-guerra-mundial-en-su-patio\\\/\",\"name\":\"VIDEO | Mujer descubre refugio subterr\u00e1neo de la II Guerra Mundial en su patio - Fuentes Fidedignas\",\"isPartOf\":{\"@id\":\"https:\\\/\\\/fuentesfidedignas.com.mx\\\/#website\"},\"primaryImageOfPage\":{\"@id\":\"https:\\\/\\\/fuentesfidedignas.com.mx\\\/index.php\\\/2024\\\/03\\\/02\\\/video-mujer-descubre-refugio-subterraneo-de-la-ii-guerra-mundial-en-su-patio\\\/#primaryimage\"},\"image\":{\"@id\":\"https:\\\/\\\/fuentesfidedignas.com.mx\\\/index.php\\\/2024\\\/03\\\/02\\\/video-mujer-descubre-refugio-subterraneo-de-la-ii-guerra-mundial-en-su-patio\\\/#primaryimage\"},\"thumbnailUrl\":\"https:\\\/\\\/fuentesfidedignas.com.mx\\\/wp-content\\\/uploads\\\/2024\\\/03\\\/TUNEL_CASA.jpg\",\"datePublished\":\"2024-03-02T12:50:44+00:00\",\"breadcrumb\":{\"@id\":\"https:\\\/\\\/fuentesfidedignas.com.mx\\\/index.php\\\/2024\\\/03\\\/02\\\/video-mujer-descubre-refugio-subterraneo-de-la-ii-guerra-mundial-en-su-patio\\\/#breadcrumb\"},\"inLanguage\":\"es\",\"potentialAction\":[{\"@type\":\"ReadAction\",\"target\":[\"https:\\\/\\\/fuentesfidedignas.com.mx\\\/index.php\\\/2024\\\/03\\\/02\\\/video-mujer-descubre-refugio-subterraneo-de-la-ii-guerra-mundial-en-su-patio\\\/\"]}]},{\"@type\":\"ImageObject\",\"inLanguage\":\"es\",\"@id\":\"https:\\\/\\\/fuentesfidedignas.com.mx\\\/index.php\\\/2024\\\/03\\\/02\\\/video-mujer-descubre-refugio-subterraneo-de-la-ii-guerra-mundial-en-su-patio\\\/#primaryimage\",\"url\":\"https:\\\/\\\/fuentesfidedignas.com.mx\\\/wp-content\\\/uploads\\\/2024\\\/03\\\/TUNEL_CASA.jpg\",\"contentUrl\":\"https:\\\/\\\/fuentesfidedignas.com.mx\\\/wp-content\\\/uploads\\\/2024\\\/03\\\/TUNEL_CASA.jpg\",\"width\":860,\"height\":646},{\"@type\":\"BreadcrumbList\",\"@id\":\"https:\\\/\\\/fuentesfidedignas.com.mx\\\/index.php\\\/2024\\\/03\\\/02\\\/video-mujer-descubre-refugio-subterraneo-de-la-ii-guerra-mundial-en-su-patio\\\/#breadcrumb\",\"itemListElement\":[{\"@type\":\"ListItem\",\"position\":1,\"name\":\"Inicio\",\"item\":\"https:\\\/\\\/fuentesfidedignas.com.mx\\\/\"},{\"@type\":\"ListItem\",\"position\":2,\"name\":\"VIDEO | Mujer descubre refugio subterr\u00e1neo de la II Guerra Mundial en su patio\"}]},{\"@type\":\"WebSite\",\"@id\":\"https:\\\/\\\/fuentesfidedignas.com.mx\\\/#website\",\"url\":\"https:\\\/\\\/fuentesfidedignas.com.mx\\\/\",\"name\":\"Fuentes Fidedignas\",\"description\":\"Otro sitio realizado con WordPress\",\"publisher\":{\"@id\":\"https:\\\/\\\/fuentesfidedignas.com.mx\\\/#organization\"},\"potentialAction\":[{\"@type\":\"SearchAction\",\"target\":{\"@type\":\"EntryPoint\",\"urlTemplate\":\"https:\\\/\\\/fuentesfidedignas.com.mx\\\/?s={search_term_string}\"},\"query-input\":{\"@type\":\"PropertyValueSpecification\",\"valueRequired\":true,\"valueName\":\"search_term_string\"}}],\"inLanguage\":\"es\"},{\"@type\":\"Organization\",\"@id\":\"https:\\\/\\\/fuentesfidedignas.com.mx\\\/#organization\",\"name\":\"Fuentes Fidedignas\",\"url\":\"https:\\\/\\\/fuentesfidedignas.com.mx\\\/\",\"logo\":{\"@type\":\"ImageObject\",\"inLanguage\":\"es\",\"@id\":\"https:\\\/\\\/fuentesfidedignas.com.mx\\\/#\\\/schema\\\/logo\\\/image\\\/\",\"url\":\"https:\\\/\\\/fuentesfidedignas.com.mx\\\/wp-content\\\/uploads\\\/2021\\\/04\\\/logo-retina.png\",\"contentUrl\":\"https:\\\/\\\/fuentesfidedignas.com.mx\\\/wp-content\\\/uploads\\\/2021\\\/04\\\/logo-retina.png\",\"width\":280,\"height\":51,\"caption\":\"Fuentes Fidedignas\"},\"image\":{\"@id\":\"https:\\\/\\\/fuentesfidedignas.com.mx\\\/#\\\/schema\\\/logo\\\/image\\\/\"},\"sameAs\":[\"https:\\\/\\\/www.facebook.com\\\/Fuentes-Fidedignas-368234489921644\",\"https:\\\/\\\/x.com\\\/fidedignas\"]},{\"@type\":\"Person\",\"@id\":\"https:\\\/\\\/fuentesfidedignas.com.mx\\\/#\\\/schema\\\/person\\\/ec4edd1fbf5efa3e44fce34fe2787780\",\"name\":\"Exc\u00e9lsior\",\"image\":{\"@type\":\"ImageObject\",\"inLanguage\":\"es\",\"@id\":\"https:\\\/\\\/secure.gravatar.com\\\/avatar\\\/4b7ee9206b48be08447852b3f0814dbc7c0f3b51541b164f1464a2725614020b?s=96&d=mm&r=g\",\"url\":\"https:\\\/\\\/secure.gravatar.com\\\/avatar\\\/4b7ee9206b48be08447852b3f0814dbc7c0f3b51541b164f1464a2725614020b?s=96&d=mm&r=g\",\"contentUrl\":\"https:\\\/\\\/secure.gravatar.com\\\/avatar\\\/4b7ee9206b48be08447852b3f0814dbc7c0f3b51541b164f1464a2725614020b?s=96&d=mm&r=g\",\"caption\":\"Exc\u00e9lsior\"},\"url\":\"https:\\\/\\\/fuentesfidedignas.com.mx\\\/index.php\\\/author\\\/excelsior\\\/\"}]}<\/script>\n<!-- \/ Yoast SEO plugin. -->","yoast_head_json":{"title":"VIDEO | Mujer descubre refugio subterr\u00e1neo de la II Guerra Mundial en su patio - Fuentes Fidedignas","robots":{"index":"index","follow":"follow","max-snippet":"max-snippet:-1","max-image-preview":"max-image-preview:large","max-video-preview":"max-video-preview:-1"},"canonical":"https:\/\/fuentesfidedignas.com.mx\/index.php\/2024\/03\/02\/video-mujer-descubre-refugio-subterraneo-de-la-ii-guerra-mundial-en-su-patio\/","og_locale":"es_MX","og_type":"article","og_title":"VIDEO | Mujer descubre refugio subterr\u00e1neo de la II Guerra Mundial en su patio - Fuentes Fidedignas","og_description":"La mujer se dio a la tarea de compartir el impactante descubrimiento en TikTok, en donde mostr\u00f3 c\u00f3mo luce el refugio actualmente en su jard\u00edn y en donde ofrecen un recorrido virtual. Una mam\u00e1 brit\u00e1nica hizo un inesperado descubrimiento en el patio trasero de su casa cuando levanto una piedra que se encontraba en el [&hellip;]","og_url":"https:\/\/fuentesfidedignas.com.mx\/index.php\/2024\/03\/02\/video-mujer-descubre-refugio-subterraneo-de-la-ii-guerra-mundial-en-su-patio\/","og_site_name":"Fuentes Fidedignas","article_publisher":"https:\/\/www.facebook.com\/Fuentes-Fidedignas-368234489921644","article_published_time":"2024-03-02T12:50:44+00:00","og_image":[{"width":860,"height":646,"url":"https:\/\/fuentesfidedignas.com.mx\/wp-content\/uploads\/2024\/03\/TUNEL_CASA.jpg","type":"image\/jpeg"}],"author":"Exc\u00e9lsior","twitter_card":"summary_large_image","twitter_creator":"@fidedignas","twitter_site":"@fidedignas","twitter_misc":{"Escrito por":"Exc\u00e9lsior","Tiempo de lectura":"2 minutos"},"schema":{"@context":"https:\/\/schema.org","@graph":[{"@type":"Article","@id":"https:\/\/fuentesfidedignas.com.mx\/index.php\/2024\/03\/02\/video-mujer-descubre-refugio-subterraneo-de-la-ii-guerra-mundial-en-su-patio\/#article","isPartOf":{"@id":"https:\/\/fuentesfidedignas.com.mx\/index.php\/2024\/03\/02\/video-mujer-descubre-refugio-subterraneo-de-la-ii-guerra-mundial-en-su-patio\/"},"author":{"name":"Exc\u00e9lsior","@id":"https:\/\/fuentesfidedignas.com.mx\/#\/schema\/person\/ec4edd1fbf5efa3e44fce34fe2787780"},"headline":"VIDEO | Mujer descubre refugio subterr\u00e1neo de la II Guerra Mundial en su patio","datePublished":"2024-03-02T12:50:44+00:00","mainEntityOfPage":{"@id":"https:\/\/fuentesfidedignas.com.mx\/index.php\/2024\/03\/02\/video-mujer-descubre-refugio-subterraneo-de-la-ii-guerra-mundial-en-su-patio\/"},"wordCount":421,"commentCount":0,"publisher":{"@id":"https:\/\/fuentesfidedignas.com.mx\/#organization"},"image":{"@id":"https:\/\/fuentesfidedignas.com.mx\/index.php\/2024\/03\/02\/video-mujer-descubre-refugio-subterraneo-de-la-ii-guerra-mundial-en-su-patio\/#primaryimage"},"thumbnailUrl":"https:\/\/fuentesfidedignas.com.mx\/wp-content\/uploads\/2024\/03\/TUNEL_CASA.jpg","articleSection":["LAS ASOMBROSAS"],"inLanguage":"es","potentialAction":[{"@type":"CommentAction","name":"Comment","target":["https:\/\/fuentesfidedignas.com.mx\/index.php\/2024\/03\/02\/video-mujer-descubre-refugio-subterraneo-de-la-ii-guerra-mundial-en-su-patio\/#respond"]}]},{"@type":"WebPage","@id":"https:\/\/fuentesfidedignas.com.mx\/index.php\/2024\/03\/02\/video-mujer-descubre-refugio-subterraneo-de-la-ii-guerra-mundial-en-su-patio\/","url":"https:\/\/fuentesfidedignas.com.mx\/index.php\/2024\/03\/02\/video-mujer-descubre-refugio-subterraneo-de-la-ii-guerra-mundial-en-su-patio\/","name":"VIDEO | Mujer descubre refugio subterr\u00e1neo de la II Guerra Mundial en su patio - Fuentes Fidedignas","isPartOf":{"@id":"https:\/\/fuentesfidedignas.com.mx\/#website"},"primaryImageOfPage":{"@id":"https:\/\/fuentesfidedignas.com.mx\/index.php\/2024\/03\/02\/video-mujer-descubre-refugio-subterraneo-de-la-ii-guerra-mundial-en-su-patio\/#primaryimage"},"image":{"@id":"https:\/\/fuentesfidedignas.com.mx\/index.php\/2024\/03\/02\/video-mujer-descubre-refugio-subterraneo-de-la-ii-guerra-mundial-en-su-patio\/#primaryimage"},"thumbnailUrl":"https:\/\/fuentesfidedignas.com.mx\/wp-content\/uploads\/2024\/03\/TUNEL_CASA.jpg","datePublished":"2024-03-02T12:50:44+00:00","breadcrumb":{"@id":"https:\/\/fuentesfidedignas.com.mx\/index.php\/2024\/03\/02\/video-mujer-descubre-refugio-subterraneo-de-la-ii-guerra-mundial-en-su-patio\/#breadcrumb"},"inLanguage":"es","potentialAction":[{"@type":"ReadAction","target":["https:\/\/fuentesfidedignas.com.mx\/index.php\/2024\/03\/02\/video-mujer-descubre-refugio-subterraneo-de-la-ii-guerra-mundial-en-su-patio\/"]}]},{"@type":"ImageObject","inLanguage":"es","@id":"https:\/\/fuentesfidedignas.com.mx\/index.php\/2024\/03\/02\/video-mujer-descubre-refugio-subterraneo-de-la-ii-guerra-mundial-en-su-patio\/#primaryimage","url":"https:\/\/fuentesfidedignas.com.mx\/wp-content\/uploads\/2024\/03\/TUNEL_CASA.jpg","contentUrl":"https:\/\/fuentesfidedignas.com.mx\/wp-content\/uploads\/2024\/03\/TUNEL_CASA.jpg","width":860,"height":646},{"@type":"BreadcrumbList","@id":"https:\/\/fuentesfidedignas.com.mx\/index.php\/2024\/03\/02\/video-mujer-descubre-refugio-subterraneo-de-la-ii-guerra-mundial-en-su-patio\/#breadcrumb","itemListElement":[{"@type":"ListItem","position":1,"name":"Inicio","item":"https:\/\/fuentesfidedignas.com.mx\/"},{"@type":"ListItem","position":2,"name":"VIDEO | Mujer descubre refugio subterr\u00e1neo de la II Guerra Mundial en su patio"}]},{"@type":"WebSite","@id":"https:\/\/fuentesfidedignas.com.mx\/#website","url":"https:\/\/fuentesfidedignas.com.mx\/","name":"Fuentes Fidedignas","description":"Otro sitio realizado con WordPress","publisher":{"@id":"https:\/\/fuentesfidedignas.com.mx\/#organization"},"potentialAction":[{"@type":"SearchAction","target":{"@type":"EntryPoint","urlTemplate":"https:\/\/fuentesfidedignas.com.mx\/?s={search_term_string}"},"query-input":{"@type":"PropertyValueSpecification","valueRequired":true,"valueName":"search_term_string"}}],"inLanguage":"es"},{"@type":"Organization","@id":"https:\/\/fuentesfidedignas.com.mx\/#organization","name":"Fuentes Fidedignas","url":"https:\/\/fuentesfidedignas.com.mx\/","logo":{"@type":"ImageObject","inLanguage":"es","@id":"https:\/\/fuentesfidedignas.com.mx\/#\/schema\/logo\/image\/","url":"https:\/\/fuentesfidedignas.com.mx\/wp-content\/uploads\/2021\/04\/logo-retina.png","contentUrl":"https:\/\/fuentesfidedignas.com.mx\/wp-content\/uploads\/2021\/04\/logo-retina.png","width":280,"height":51,"caption":"Fuentes Fidedignas"},"image":{"@id":"https:\/\/fuentesfidedignas.com.mx\/#\/schema\/logo\/image\/"},"sameAs":["https:\/\/www.facebook.com\/Fuentes-Fidedignas-368234489921644","https:\/\/x.com\/fidedignas"]},{"@type":"Person","@id":"https:\/\/fuentesfidedignas.com.mx\/#\/schema\/person\/ec4edd1fbf5efa3e44fce34fe2787780","name":"Exc\u00e9lsior","image":{"@type":"ImageObject","inLanguage":"es","@id":"https:\/\/secure.gravatar.com\/avatar\/4b7ee9206b48be08447852b3f0814dbc7c0f3b51541b164f1464a2725614020b?s=96&d=mm&r=g","url":"https:\/\/secure.gravatar.com\/avatar\/4b7ee9206b48be08447852b3f0814dbc7c0f3b51541b164f1464a2725614020b?s=96&d=mm&r=g","contentUrl":"https:\/\/secure.gravatar.com\/avatar\/4b7ee9206b48be08447852b3f0814dbc7c0f3b51541b164f1464a2725614020b?s=96&d=mm&r=g","caption":"Exc\u00e9lsior"},"url":"https:\/\/fuentesfidedignas.com.mx\/index.php\/author\/excelsior\/"}]}},"_links":{"self":[{"href":"https:\/\/fuentesfidedignas.com.mx\/index.php\/wp-json\/wp\/v2\/posts\/75588","targetHints":{"allow":["GET"]}}],"collection":[{"href":"https:\/\/fuentesfidedignas.com.mx\/index.php\/wp-json\/wp\/v2\/posts"}],"about":[{"href":"https:\/\/fuentesfidedignas.com.mx\/index.php\/wp-json\/wp\/v2\/types\/post"}],"author":[{"embeddable":true,"href":"https:\/\/fuentesfidedignas.com.mx\/index.php\/wp-json\/wp\/v2\/users\/7"}],"replies":[{"embeddable":true,"href":"https:\/\/fuentesfidedignas.com.mx\/index.php\/wp-json\/wp\/v2\/comments?post=75588"}],"version-history":[{"count":1,"href":"https:\/\/fuentesfidedignas.com.mx\/index.php\/wp-json\/wp\/v2\/posts\/75588\/revisions"}],"predecessor-version":[{"id":75590,"href":"https:\/\/fuentesfidedignas.com.mx\/index.php\/wp-json\/wp\/v2\/posts\/75588\/revisions\/75590"}],"wp:featuredmedia":[{"embeddable":true,"href":"https:\/\/fuentesfidedignas.com.mx\/index.php\/wp-json\/wp\/v2\/media\/75589"}],"wp:attachment":[{"href":"https:\/\/fuentesfidedignas.com.mx\/index.php\/wp-json\/wp\/v2\/media?parent=75588"}],"wp:term":[{"taxonomy":"category","embeddable":true,"href":"https:\/\/fuentesfidedignas.com.mx\/index.php\/wp-json\/wp\/v2\/categories?post=75588"},{"taxonomy":"post_tag","embeddable":true,"href":"https:\/\/fuentesfidedignas.com.mx\/index.php\/wp-json\/wp\/v2\/tags?post=75588"}],"curies":[{"name":"wp","href":"https:\/\/api.w.org\/{rel}","templated":true}]}}