{"id":75581,"date":"2024-03-01T17:56:52","date_gmt":"2024-03-02T00:56:52","guid":{"rendered":"https:\/\/fuentesfidedignas.com.mx\/?p=75581"},"modified":"2024-03-02T15:05:39","modified_gmt":"2024-03-02T22:05:39","slug":"propone-paloma-sanchez-recuperar-atencion-medica-y-servicios-de-salid-arrebatados-por-morena","status":"publish","type":"post","link":"https:\/\/fuentesfidedignas.com.mx\/index.php\/2024\/03\/01\/propone-paloma-sanchez-recuperar-atencion-medica-y-servicios-de-salid-arrebatados-por-morena\/","title":{"rendered":"Propone Paloma S\u00e1nchez recuperar atenci\u00f3n m\u00e9dica y servicios de salid arrebatados por Morena"},"content":{"rendered":"\n<p>Entre las principales propuestas de Paloma S\u00e1nchez, candidata al Senado de la Rep\u00fablica, est\u00e1 un mejor sistema de salud a la ciudadan\u00eda, \u201cvamos a recuperar la atenci\u00f3n m\u00e9dica, poniendo a m\u00e9dicos, para que atiendan a 30 familias por colonia; este m\u00e9todo de cobertura nos va a permitir prevenir y atender las enfermedades comunes y las que m\u00e1s afectan a los sinaloenses\u201d.<\/p>\n\n\n\n<p>Posterior al arranque de campa\u00f1a, la candidata de la coalici\u00f3n \u201cFuerza y Coraz\u00f3n por M\u00e9xico\u201d, estuvo acompa\u00f1ada de su f\u00f3rmula Eduardo Ortiz, en conferencia de prensa, en las instalaciones del Partido Revolucionario Institucional.<\/p>\n\n\n\n<p>La segunda de las propuestas, indic\u00f3, &#8220;es priorizar los programas para el campo y seguros de vida, propongo que se recuperen los apoyos a la comercializaci\u00f3n, que le pagan la diferencia al productor entre el precio de mercado y su margen de ganancia, para que nunca pierdan su inversi\u00f3n y se les pague lo justo por su trabajo&#8221;.<\/p>\n\n\n\n<p>\u201cAdem\u00e1s, quiero que los productores, los pescadores y los ganaderos tengan derecho a un seguro de vida y de invalidez para protegerlos a ellos y a sus familias\u201d, prioriz\u00f3.<\/p>\n\n\n\n<p>Asimismo, habl\u00f3 sobre proponer el \u201cPara que te arranques\u201d, donde los j\u00f3venes reciban un apoyo de 40 mil pesos, cuando cumplan 18, 21 y 25 a\u00f1os, para que sean hasta 120 mil pesos, dinero que usen como inversi\u00f3n real, para que ellos decidan ahorrarlo, invertirlo, dar el enganche de un auto o de una casa.<\/p>\n\n\n\n<p>\u201cLos j\u00f3venes ya no van a estar abandonados; los vamos a proteger y acompa\u00f1ar para que alcancen sus sue\u00f1os\u201d, precis\u00f3.<\/p>\n\n\n\n<p>Paloma S\u00e1nchez dijo estar contenta por el comienzo de una campa\u00f1a, \u201cbuscamos defender a Sinaloa del mal gobierno, para que los buenos recuperemos nuestro estado; esto tras reiterar que pidi\u00f3 licencia como diputada federal, para enfocar toda su energ\u00eda en este proceso electoral 2024.<\/p>\n","protected":false},"excerpt":{"rendered":"<p>Entre las principales propuestas de Paloma S\u00e1nchez, candidata al Senado de la Rep\u00fablica, est\u00e1 un mejor sistema de salud a la ciudadan\u00eda, \u201cvamos a recuperar la atenci\u00f3n m\u00e9dica, poniendo a m\u00e9dicos, para que atiendan a 30 familias por colonia; este m\u00e9todo de cobertura nos va a permitir prevenir y atender las enfermedades comunes y las [&hellip;]<\/p>\n","protected":false},"author":4,"featured_media":75582,"comment_status":"open","ping_status":"open","sticky":false,"template":"","format":"standard","meta":{"tdm_status":"","tdm_grid_status":"","footnotes":""},"categories":[1],"tags":[],"class_list":{"0":"post-75581","1":"post","2":"type-post","3":"status-publish","4":"format-standard","5":"has-post-thumbnail","7":"category-sin-categoria"},"yoast_head":"<!-- This site is optimized with the Yoast SEO plugin v27.5 - https:\/\/yoast.com\/product\/yoast-seo-wordpress\/ -->\n<title>Propone Paloma S\u00e1nchez recuperar atenci\u00f3n m\u00e9dica y servicios de salid arrebatados por Morena - Fuentes Fidedignas<\/title>\n<meta name=\"robots\" content=\"index, follow, max-snippet:-1, max-image-preview:large, max-video-preview:-1\" \/>\n<link rel=\"canonical\" href=\"https:\/\/fuentesfidedignas.com.mx\/index.php\/2024\/03\/01\/propone-paloma-sanchez-recuperar-atencion-medica-y-servicios-de-salid-arrebatados-por-morena\/\" \/>\n<meta property=\"og:locale\" content=\"es_MX\" \/>\n<meta property=\"og:type\" content=\"article\" \/>\n<meta property=\"og:title\" content=\"Propone Paloma S\u00e1nchez recuperar atenci\u00f3n m\u00e9dica y servicios de salid arrebatados por Morena - Fuentes Fidedignas\" \/>\n<meta property=\"og:description\" content=\"Entre las principales propuestas de Paloma S\u00e1nchez, candidata al Senado de la Rep\u00fablica, est\u00e1 un mejor sistema de salud a la ciudadan\u00eda, \u201cvamos a recuperar la atenci\u00f3n m\u00e9dica, poniendo a m\u00e9dicos, para que atiendan a 30 familias por colonia; este m\u00e9todo de cobertura nos va a permitir prevenir y atender las enfermedades comunes y las [&hellip;]\" \/>\n<meta property=\"og:url\" content=\"https:\/\/fuentesfidedignas.com.mx\/index.php\/2024\/03\/01\/propone-paloma-sanchez-recuperar-atencion-medica-y-servicios-de-salid-arrebatados-por-morena\/\" \/>\n<meta property=\"og:site_name\" content=\"Fuentes Fidedignas\" \/>\n<meta property=\"article:publisher\" content=\"https:\/\/www.facebook.com\/Fuentes-Fidedignas-368234489921644\" \/>\n<meta property=\"article:published_time\" content=\"2024-03-02T00:56:52+00:00\" \/>\n<meta property=\"article:modified_time\" content=\"2024-03-02T22:05:39+00:00\" \/>\n<meta property=\"og:image\" content=\"https:\/\/fuentesfidedignas.com.mx\/wp-content\/uploads\/2024\/03\/35938-1-18_09_47-e1709341009259.jpg\" \/>\n\t<meta property=\"og:image:width\" content=\"680\" \/>\n\t<meta property=\"og:image:height\" content=\"393\" \/>\n\t<meta property=\"og:image:type\" content=\"image\/jpeg\" \/>\n<meta name=\"author\" content=\"Redacci\u00f3n\" \/>\n<meta name=\"twitter:card\" content=\"summary_large_image\" \/>\n<meta name=\"twitter:creator\" content=\"@fidedignas\" \/>\n<meta name=\"twitter:site\" content=\"@fidedignas\" \/>\n<meta name=\"twitter:label1\" content=\"Escrito por\" \/>\n\t<meta name=\"twitter:data1\" content=\"Redacci\u00f3n\" \/>\n\t<meta name=\"twitter:label2\" content=\"Tiempo de lectura\" \/>\n\t<meta name=\"twitter:data2\" content=\"2 minutos\" \/>\n<script type=\"application\/ld+json\" class=\"yoast-schema-graph\">{\"@context\":\"https:\\\/\\\/schema.org\",\"@graph\":[{\"@type\":\"Article\",\"@id\":\"https:\\\/\\\/fuentesfidedignas.com.mx\\\/index.php\\\/2024\\\/03\\\/01\\\/propone-paloma-sanchez-recuperar-atencion-medica-y-servicios-de-salid-arrebatados-por-morena\\\/#article\",\"isPartOf\":{\"@id\":\"https:\\\/\\\/fuentesfidedignas.com.mx\\\/index.php\\\/2024\\\/03\\\/01\\\/propone-paloma-sanchez-recuperar-atencion-medica-y-servicios-de-salid-arrebatados-por-morena\\\/\"},\"author\":{\"name\":\"Redacci\u00f3n\",\"@id\":\"https:\\\/\\\/fuentesfidedignas.com.mx\\\/#\\\/schema\\\/person\\\/331be9283d37198e2acd5750279085b0\"},\"headline\":\"Propone Paloma S\u00e1nchez recuperar atenci\u00f3n m\u00e9dica y servicios de salid arrebatados por Morena\",\"datePublished\":\"2024-03-02T00:56:52+00:00\",\"dateModified\":\"2024-03-02T22:05:39+00:00\",\"mainEntityOfPage\":{\"@id\":\"https:\\\/\\\/fuentesfidedignas.com.mx\\\/index.php\\\/2024\\\/03\\\/01\\\/propone-paloma-sanchez-recuperar-atencion-medica-y-servicios-de-salid-arrebatados-por-morena\\\/\"},\"wordCount\":335,\"commentCount\":0,\"publisher\":{\"@id\":\"https:\\\/\\\/fuentesfidedignas.com.mx\\\/#organization\"},\"image\":{\"@id\":\"https:\\\/\\\/fuentesfidedignas.com.mx\\\/index.php\\\/2024\\\/03\\\/01\\\/propone-paloma-sanchez-recuperar-atencion-medica-y-servicios-de-salid-arrebatados-por-morena\\\/#primaryimage\"},\"thumbnailUrl\":\"https:\\\/\\\/fuentesfidedignas.com.mx\\\/wp-content\\\/uploads\\\/2024\\\/03\\\/35938-1-18_09_47-e1709341009259.jpg\",\"inLanguage\":\"es\",\"potentialAction\":[{\"@type\":\"CommentAction\",\"name\":\"Comment\",\"target\":[\"https:\\\/\\\/fuentesfidedignas.com.mx\\\/index.php\\\/2024\\\/03\\\/01\\\/propone-paloma-sanchez-recuperar-atencion-medica-y-servicios-de-salid-arrebatados-por-morena\\\/#respond\"]}]},{\"@type\":\"WebPage\",\"@id\":\"https:\\\/\\\/fuentesfidedignas.com.mx\\\/index.php\\\/2024\\\/03\\\/01\\\/propone-paloma-sanchez-recuperar-atencion-medica-y-servicios-de-salid-arrebatados-por-morena\\\/\",\"url\":\"https:\\\/\\\/fuentesfidedignas.com.mx\\\/index.php\\\/2024\\\/03\\\/01\\\/propone-paloma-sanchez-recuperar-atencion-medica-y-servicios-de-salid-arrebatados-por-morena\\\/\",\"name\":\"Propone Paloma S\u00e1nchez recuperar atenci\u00f3n m\u00e9dica y servicios de salid arrebatados por Morena - Fuentes Fidedignas\",\"isPartOf\":{\"@id\":\"https:\\\/\\\/fuentesfidedignas.com.mx\\\/#website\"},\"primaryImageOfPage\":{\"@id\":\"https:\\\/\\\/fuentesfidedignas.com.mx\\\/index.php\\\/2024\\\/03\\\/01\\\/propone-paloma-sanchez-recuperar-atencion-medica-y-servicios-de-salid-arrebatados-por-morena\\\/#primaryimage\"},\"image\":{\"@id\":\"https:\\\/\\\/fuentesfidedignas.com.mx\\\/index.php\\\/2024\\\/03\\\/01\\\/propone-paloma-sanchez-recuperar-atencion-medica-y-servicios-de-salid-arrebatados-por-morena\\\/#primaryimage\"},\"thumbnailUrl\":\"https:\\\/\\\/fuentesfidedignas.com.mx\\\/wp-content\\\/uploads\\\/2024\\\/03\\\/35938-1-18_09_47-e1709341009259.jpg\",\"datePublished\":\"2024-03-02T00:56:52+00:00\",\"dateModified\":\"2024-03-02T22:05:39+00:00\",\"breadcrumb\":{\"@id\":\"https:\\\/\\\/fuentesfidedignas.com.mx\\\/index.php\\\/2024\\\/03\\\/01\\\/propone-paloma-sanchez-recuperar-atencion-medica-y-servicios-de-salid-arrebatados-por-morena\\\/#breadcrumb\"},\"inLanguage\":\"es\",\"potentialAction\":[{\"@type\":\"ReadAction\",\"target\":[\"https:\\\/\\\/fuentesfidedignas.com.mx\\\/index.php\\\/2024\\\/03\\\/01\\\/propone-paloma-sanchez-recuperar-atencion-medica-y-servicios-de-salid-arrebatados-por-morena\\\/\"]}]},{\"@type\":\"ImageObject\",\"inLanguage\":\"es\",\"@id\":\"https:\\\/\\\/fuentesfidedignas.com.mx\\\/index.php\\\/2024\\\/03\\\/01\\\/propone-paloma-sanchez-recuperar-atencion-medica-y-servicios-de-salid-arrebatados-por-morena\\\/#primaryimage\",\"url\":\"https:\\\/\\\/fuentesfidedignas.com.mx\\\/wp-content\\\/uploads\\\/2024\\\/03\\\/35938-1-18_09_47-e1709341009259.jpg\",\"contentUrl\":\"https:\\\/\\\/fuentesfidedignas.com.mx\\\/wp-content\\\/uploads\\\/2024\\\/03\\\/35938-1-18_09_47-e1709341009259.jpg\",\"width\":680,\"height\":393},{\"@type\":\"BreadcrumbList\",\"@id\":\"https:\\\/\\\/fuentesfidedignas.com.mx\\\/index.php\\\/2024\\\/03\\\/01\\\/propone-paloma-sanchez-recuperar-atencion-medica-y-servicios-de-salid-arrebatados-por-morena\\\/#breadcrumb\",\"itemListElement\":[{\"@type\":\"ListItem\",\"position\":1,\"name\":\"Inicio\",\"item\":\"https:\\\/\\\/fuentesfidedignas.com.mx\\\/\"},{\"@type\":\"ListItem\",\"position\":2,\"name\":\"Propone Paloma S\u00e1nchez recuperar atenci\u00f3n m\u00e9dica y servicios de salid arrebatados por Morena\"}]},{\"@type\":\"WebSite\",\"@id\":\"https:\\\/\\\/fuentesfidedignas.com.mx\\\/#website\",\"url\":\"https:\\\/\\\/fuentesfidedignas.com.mx\\\/\",\"name\":\"Fuentes Fidedignas\",\"description\":\"Otro sitio realizado con WordPress\",\"publisher\":{\"@id\":\"https:\\\/\\\/fuentesfidedignas.com.mx\\\/#organization\"},\"potentialAction\":[{\"@type\":\"SearchAction\",\"target\":{\"@type\":\"EntryPoint\",\"urlTemplate\":\"https:\\\/\\\/fuentesfidedignas.com.mx\\\/?s={search_term_string}\"},\"query-input\":{\"@type\":\"PropertyValueSpecification\",\"valueRequired\":true,\"valueName\":\"search_term_string\"}}],\"inLanguage\":\"es\"},{\"@type\":\"Organization\",\"@id\":\"https:\\\/\\\/fuentesfidedignas.com.mx\\\/#organization\",\"name\":\"Fuentes Fidedignas\",\"url\":\"https:\\\/\\\/fuentesfidedignas.com.mx\\\/\",\"logo\":{\"@type\":\"ImageObject\",\"inLanguage\":\"es\",\"@id\":\"https:\\\/\\\/fuentesfidedignas.com.mx\\\/#\\\/schema\\\/logo\\\/image\\\/\",\"url\":\"https:\\\/\\\/fuentesfidedignas.com.mx\\\/wp-content\\\/uploads\\\/2021\\\/04\\\/logo-retina.png\",\"contentUrl\":\"https:\\\/\\\/fuentesfidedignas.com.mx\\\/wp-content\\\/uploads\\\/2021\\\/04\\\/logo-retina.png\",\"width\":280,\"height\":51,\"caption\":\"Fuentes Fidedignas\"},\"image\":{\"@id\":\"https:\\\/\\\/fuentesfidedignas.com.mx\\\/#\\\/schema\\\/logo\\\/image\\\/\"},\"sameAs\":[\"https:\\\/\\\/www.facebook.com\\\/Fuentes-Fidedignas-368234489921644\",\"https:\\\/\\\/x.com\\\/fidedignas\"]},{\"@type\":\"Person\",\"@id\":\"https:\\\/\\\/fuentesfidedignas.com.mx\\\/#\\\/schema\\\/person\\\/331be9283d37198e2acd5750279085b0\",\"name\":\"Redacci\u00f3n\",\"image\":{\"@type\":\"ImageObject\",\"inLanguage\":\"es\",\"@id\":\"https:\\\/\\\/secure.gravatar.com\\\/avatar\\\/f6d8782c11d12b2d4ad3fbb6931aeab5309937a4d6cd2fc9cfaa28a6396a5aec?s=96&d=mm&r=g\",\"url\":\"https:\\\/\\\/secure.gravatar.com\\\/avatar\\\/f6d8782c11d12b2d4ad3fbb6931aeab5309937a4d6cd2fc9cfaa28a6396a5aec?s=96&d=mm&r=g\",\"contentUrl\":\"https:\\\/\\\/secure.gravatar.com\\\/avatar\\\/f6d8782c11d12b2d4ad3fbb6931aeab5309937a4d6cd2fc9cfaa28a6396a5aec?s=96&d=mm&r=g\",\"caption\":\"Redacci\u00f3n\"},\"url\":\"https:\\\/\\\/fuentesfidedignas.com.mx\\\/index.php\\\/author\\\/redaccion\\\/\"}]}<\/script>\n<!-- \/ Yoast SEO plugin. -->","yoast_head_json":{"title":"Propone Paloma S\u00e1nchez recuperar atenci\u00f3n m\u00e9dica y servicios de salid arrebatados por Morena - Fuentes Fidedignas","robots":{"index":"index","follow":"follow","max-snippet":"max-snippet:-1","max-image-preview":"max-image-preview:large","max-video-preview":"max-video-preview:-1"},"canonical":"https:\/\/fuentesfidedignas.com.mx\/index.php\/2024\/03\/01\/propone-paloma-sanchez-recuperar-atencion-medica-y-servicios-de-salid-arrebatados-por-morena\/","og_locale":"es_MX","og_type":"article","og_title":"Propone Paloma S\u00e1nchez recuperar atenci\u00f3n m\u00e9dica y servicios de salid arrebatados por Morena - Fuentes Fidedignas","og_description":"Entre las principales propuestas de Paloma S\u00e1nchez, candidata al Senado de la Rep\u00fablica, est\u00e1 un mejor sistema de salud a la ciudadan\u00eda, \u201cvamos a recuperar la atenci\u00f3n m\u00e9dica, poniendo a m\u00e9dicos, para que atiendan a 30 familias por colonia; este m\u00e9todo de cobertura nos va a permitir prevenir y atender las enfermedades comunes y las [&hellip;]","og_url":"https:\/\/fuentesfidedignas.com.mx\/index.php\/2024\/03\/01\/propone-paloma-sanchez-recuperar-atencion-medica-y-servicios-de-salid-arrebatados-por-morena\/","og_site_name":"Fuentes Fidedignas","article_publisher":"https:\/\/www.facebook.com\/Fuentes-Fidedignas-368234489921644","article_published_time":"2024-03-02T00:56:52+00:00","article_modified_time":"2024-03-02T22:05:39+00:00","og_image":[{"width":680,"height":393,"url":"https:\/\/fuentesfidedignas.com.mx\/wp-content\/uploads\/2024\/03\/35938-1-18_09_47-e1709341009259.jpg","type":"image\/jpeg"}],"author":"Redacci\u00f3n","twitter_card":"summary_large_image","twitter_creator":"@fidedignas","twitter_site":"@fidedignas","twitter_misc":{"Escrito por":"Redacci\u00f3n","Tiempo de lectura":"2 minutos"},"schema":{"@context":"https:\/\/schema.org","@graph":[{"@type":"Article","@id":"https:\/\/fuentesfidedignas.com.mx\/index.php\/2024\/03\/01\/propone-paloma-sanchez-recuperar-atencion-medica-y-servicios-de-salid-arrebatados-por-morena\/#article","isPartOf":{"@id":"https:\/\/fuentesfidedignas.com.mx\/index.php\/2024\/03\/01\/propone-paloma-sanchez-recuperar-atencion-medica-y-servicios-de-salid-arrebatados-por-morena\/"},"author":{"name":"Redacci\u00f3n","@id":"https:\/\/fuentesfidedignas.com.mx\/#\/schema\/person\/331be9283d37198e2acd5750279085b0"},"headline":"Propone Paloma S\u00e1nchez recuperar atenci\u00f3n m\u00e9dica y servicios de salid arrebatados por Morena","datePublished":"2024-03-02T00:56:52+00:00","dateModified":"2024-03-02T22:05:39+00:00","mainEntityOfPage":{"@id":"https:\/\/fuentesfidedignas.com.mx\/index.php\/2024\/03\/01\/propone-paloma-sanchez-recuperar-atencion-medica-y-servicios-de-salid-arrebatados-por-morena\/"},"wordCount":335,"commentCount":0,"publisher":{"@id":"https:\/\/fuentesfidedignas.com.mx\/#organization"},"image":{"@id":"https:\/\/fuentesfidedignas.com.mx\/index.php\/2024\/03\/01\/propone-paloma-sanchez-recuperar-atencion-medica-y-servicios-de-salid-arrebatados-por-morena\/#primaryimage"},"thumbnailUrl":"https:\/\/fuentesfidedignas.com.mx\/wp-content\/uploads\/2024\/03\/35938-1-18_09_47-e1709341009259.jpg","inLanguage":"es","potentialAction":[{"@type":"CommentAction","name":"Comment","target":["https:\/\/fuentesfidedignas.com.mx\/index.php\/2024\/03\/01\/propone-paloma-sanchez-recuperar-atencion-medica-y-servicios-de-salid-arrebatados-por-morena\/#respond"]}]},{"@type":"WebPage","@id":"https:\/\/fuentesfidedignas.com.mx\/index.php\/2024\/03\/01\/propone-paloma-sanchez-recuperar-atencion-medica-y-servicios-de-salid-arrebatados-por-morena\/","url":"https:\/\/fuentesfidedignas.com.mx\/index.php\/2024\/03\/01\/propone-paloma-sanchez-recuperar-atencion-medica-y-servicios-de-salid-arrebatados-por-morena\/","name":"Propone Paloma S\u00e1nchez recuperar atenci\u00f3n m\u00e9dica y servicios de salid arrebatados por Morena - Fuentes Fidedignas","isPartOf":{"@id":"https:\/\/fuentesfidedignas.com.mx\/#website"},"primaryImageOfPage":{"@id":"https:\/\/fuentesfidedignas.com.mx\/index.php\/2024\/03\/01\/propone-paloma-sanchez-recuperar-atencion-medica-y-servicios-de-salid-arrebatados-por-morena\/#primaryimage"},"image":{"@id":"https:\/\/fuentesfidedignas.com.mx\/index.php\/2024\/03\/01\/propone-paloma-sanchez-recuperar-atencion-medica-y-servicios-de-salid-arrebatados-por-morena\/#primaryimage"},"thumbnailUrl":"https:\/\/fuentesfidedignas.com.mx\/wp-content\/uploads\/2024\/03\/35938-1-18_09_47-e1709341009259.jpg","datePublished":"2024-03-02T00:56:52+00:00","dateModified":"2024-03-02T22:05:39+00:00","breadcrumb":{"@id":"https:\/\/fuentesfidedignas.com.mx\/index.php\/2024\/03\/01\/propone-paloma-sanchez-recuperar-atencion-medica-y-servicios-de-salid-arrebatados-por-morena\/#breadcrumb"},"inLanguage":"es","potentialAction":[{"@type":"ReadAction","target":["https:\/\/fuentesfidedignas.com.mx\/index.php\/2024\/03\/01\/propone-paloma-sanchez-recuperar-atencion-medica-y-servicios-de-salid-arrebatados-por-morena\/"]}]},{"@type":"ImageObject","inLanguage":"es","@id":"https:\/\/fuentesfidedignas.com.mx\/index.php\/2024\/03\/01\/propone-paloma-sanchez-recuperar-atencion-medica-y-servicios-de-salid-arrebatados-por-morena\/#primaryimage","url":"https:\/\/fuentesfidedignas.com.mx\/wp-content\/uploads\/2024\/03\/35938-1-18_09_47-e1709341009259.jpg","contentUrl":"https:\/\/fuentesfidedignas.com.mx\/wp-content\/uploads\/2024\/03\/35938-1-18_09_47-e1709341009259.jpg","width":680,"height":393},{"@type":"BreadcrumbList","@id":"https:\/\/fuentesfidedignas.com.mx\/index.php\/2024\/03\/01\/propone-paloma-sanchez-recuperar-atencion-medica-y-servicios-de-salid-arrebatados-por-morena\/#breadcrumb","itemListElement":[{"@type":"ListItem","position":1,"name":"Inicio","item":"https:\/\/fuentesfidedignas.com.mx\/"},{"@type":"ListItem","position":2,"name":"Propone Paloma S\u00e1nchez recuperar atenci\u00f3n m\u00e9dica y servicios de salid arrebatados por Morena"}]},{"@type":"WebSite","@id":"https:\/\/fuentesfidedignas.com.mx\/#website","url":"https:\/\/fuentesfidedignas.com.mx\/","name":"Fuentes Fidedignas","description":"Otro sitio realizado con WordPress","publisher":{"@id":"https:\/\/fuentesfidedignas.com.mx\/#organization"},"potentialAction":[{"@type":"SearchAction","target":{"@type":"EntryPoint","urlTemplate":"https:\/\/fuentesfidedignas.com.mx\/?s={search_term_string}"},"query-input":{"@type":"PropertyValueSpecification","valueRequired":true,"valueName":"search_term_string"}}],"inLanguage":"es"},{"@type":"Organization","@id":"https:\/\/fuentesfidedignas.com.mx\/#organization","name":"Fuentes Fidedignas","url":"https:\/\/fuentesfidedignas.com.mx\/","logo":{"@type":"ImageObject","inLanguage":"es","@id":"https:\/\/fuentesfidedignas.com.mx\/#\/schema\/logo\/image\/","url":"https:\/\/fuentesfidedignas.com.mx\/wp-content\/uploads\/2021\/04\/logo-retina.png","contentUrl":"https:\/\/fuentesfidedignas.com.mx\/wp-content\/uploads\/2021\/04\/logo-retina.png","width":280,"height":51,"caption":"Fuentes Fidedignas"},"image":{"@id":"https:\/\/fuentesfidedignas.com.mx\/#\/schema\/logo\/image\/"},"sameAs":["https:\/\/www.facebook.com\/Fuentes-Fidedignas-368234489921644","https:\/\/x.com\/fidedignas"]},{"@type":"Person","@id":"https:\/\/fuentesfidedignas.com.mx\/#\/schema\/person\/331be9283d37198e2acd5750279085b0","name":"Redacci\u00f3n","image":{"@type":"ImageObject","inLanguage":"es","@id":"https:\/\/secure.gravatar.com\/avatar\/f6d8782c11d12b2d4ad3fbb6931aeab5309937a4d6cd2fc9cfaa28a6396a5aec?s=96&d=mm&r=g","url":"https:\/\/secure.gravatar.com\/avatar\/f6d8782c11d12b2d4ad3fbb6931aeab5309937a4d6cd2fc9cfaa28a6396a5aec?s=96&d=mm&r=g","contentUrl":"https:\/\/secure.gravatar.com\/avatar\/f6d8782c11d12b2d4ad3fbb6931aeab5309937a4d6cd2fc9cfaa28a6396a5aec?s=96&d=mm&r=g","caption":"Redacci\u00f3n"},"url":"https:\/\/fuentesfidedignas.com.mx\/index.php\/author\/redaccion\/"}]}},"_links":{"self":[{"href":"https:\/\/fuentesfidedignas.com.mx\/index.php\/wp-json\/wp\/v2\/posts\/75581","targetHints":{"allow":["GET"]}}],"collection":[{"href":"https:\/\/fuentesfidedignas.com.mx\/index.php\/wp-json\/wp\/v2\/posts"}],"about":[{"href":"https:\/\/fuentesfidedignas.com.mx\/index.php\/wp-json\/wp\/v2\/types\/post"}],"author":[{"embeddable":true,"href":"https:\/\/fuentesfidedignas.com.mx\/index.php\/wp-json\/wp\/v2\/users\/4"}],"replies":[{"embeddable":true,"href":"https:\/\/fuentesfidedignas.com.mx\/index.php\/wp-json\/wp\/v2\/comments?post=75581"}],"version-history":[{"count":1,"href":"https:\/\/fuentesfidedignas.com.mx\/index.php\/wp-json\/wp\/v2\/posts\/75581\/revisions"}],"predecessor-version":[{"id":75583,"href":"https:\/\/fuentesfidedignas.com.mx\/index.php\/wp-json\/wp\/v2\/posts\/75581\/revisions\/75583"}],"wp:featuredmedia":[{"embeddable":true,"href":"https:\/\/fuentesfidedignas.com.mx\/index.php\/wp-json\/wp\/v2\/media\/75582"}],"wp:attachment":[{"href":"https:\/\/fuentesfidedignas.com.mx\/index.php\/wp-json\/wp\/v2\/media?parent=75581"}],"wp:term":[{"taxonomy":"category","embeddable":true,"href":"https:\/\/fuentesfidedignas.com.mx\/index.php\/wp-json\/wp\/v2\/categories?post=75581"},{"taxonomy":"post_tag","embeddable":true,"href":"https:\/\/fuentesfidedignas.com.mx\/index.php\/wp-json\/wp\/v2\/tags?post=75581"}],"curies":[{"name":"wp","href":"https:\/\/api.w.org\/{rel}","templated":true}]}}