{"id":75504,"date":"2024-02-29T23:17:06","date_gmt":"2024-03-01T06:17:06","guid":{"rendered":"https:\/\/fuentesfidedignas.com.mx\/?p=75504"},"modified":"2024-02-29T23:18:09","modified_gmt":"2024-03-01T06:18:09","slug":"ahora-soy-un-ciudadano-mas-programas-de-bienestar-quedaron-en-orden-en-sinaloa-lopez-campos","status":"publish","type":"post","link":"https:\/\/fuentesfidedignas.com.mx\/index.php\/2024\/02\/29\/ahora-soy-un-ciudadano-mas-programas-de-bienestar-quedaron-en-orden-en-sinaloa-lopez-campos\/","title":{"rendered":"Ahora soy un ciudadano m\u00e1s, programas de Bienestar quedaron en orden en Sinaloa: L\u00f3pez Campos"},"content":{"rendered":"\n<p>Culiac\u00e1n, Sin.- Ahora soy un ciudadano m\u00e1s, ya me separ\u00e9 de mi cargo como Delegado de Programas de Bienestar en Sinaloa, asegur\u00f3 Omar L\u00f3pez Campos.<\/p>\n\n\n\n<p>\u201cNo ped\u00ed licencia, fue renuncia voluntaria de manera definitiva. Todav\u00eda no hay un responsable (sustituto), los responsables de las delegaciones son propuestos por los gobernadores y seguramente eso va a suceder, no s\u00e9 cu\u00e1ndo\u201d, detall\u00f3.<\/p>\n\n\n\n<p>El ahora exfuncionario de los programas federales afirm\u00f3 que los beneficiarios, tanto adultos mayores como personas con discapacidad, ya cuentan con el apoyo correspondiente a toda la veda electoral, tiempo en que la ley prohibe otorgarlos.<\/p>\n\n\n\n<p><\/p>\n","protected":false},"excerpt":{"rendered":"<p>Culiac\u00e1n, Sin.- Ahora soy un ciudadano m\u00e1s, ya me separ\u00e9 de mi cargo como Delegado de Programas de Bienestar en Sinaloa, asegur\u00f3 Omar L\u00f3pez Campos. \u201cNo ped\u00ed licencia, fue renuncia voluntaria de manera definitiva. Todav\u00eda no hay un responsable (sustituto), los responsables de las delegaciones son propuestos por los gobernadores y seguramente eso va a [&hellip;]<\/p>\n","protected":false},"author":11,"featured_media":75506,"comment_status":"open","ping_status":"open","sticky":false,"template":"","format":"standard","meta":{"tdm_status":"","tdm_grid_status":"","footnotes":""},"categories":[38,1],"tags":[],"class_list":{"0":"post-75504","1":"post","2":"type-post","3":"status-publish","4":"format-standard","5":"has-post-thumbnail","7":"category-noticias-locales","8":"category-sin-categoria"},"yoast_head":"<!-- This site is optimized with the Yoast SEO plugin v27.4 - https:\/\/yoast.com\/product\/yoast-seo-wordpress\/ -->\n<title>Ahora soy un ciudadano m\u00e1s, programas de Bienestar quedaron en orden en Sinaloa: L\u00f3pez Campos - Fuentes Fidedignas<\/title>\n<meta name=\"robots\" content=\"index, follow, max-snippet:-1, max-image-preview:large, max-video-preview:-1\" \/>\n<link rel=\"canonical\" href=\"https:\/\/fuentesfidedignas.com.mx\/index.php\/2024\/02\/29\/ahora-soy-un-ciudadano-mas-programas-de-bienestar-quedaron-en-orden-en-sinaloa-lopez-campos\/\" \/>\n<meta property=\"og:locale\" content=\"es_MX\" \/>\n<meta property=\"og:type\" content=\"article\" \/>\n<meta property=\"og:title\" content=\"Ahora soy un ciudadano m\u00e1s, programas de Bienestar quedaron en orden en Sinaloa: L\u00f3pez Campos - Fuentes Fidedignas\" \/>\n<meta property=\"og:description\" content=\"Culiac\u00e1n, Sin.- Ahora soy un ciudadano m\u00e1s, ya me separ\u00e9 de mi cargo como Delegado de Programas de Bienestar en Sinaloa, asegur\u00f3 Omar L\u00f3pez Campos. \u201cNo ped\u00ed licencia, fue renuncia voluntaria de manera definitiva. Todav\u00eda no hay un responsable (sustituto), los responsables de las delegaciones son propuestos por los gobernadores y seguramente eso va a [&hellip;]\" \/>\n<meta property=\"og:url\" content=\"https:\/\/fuentesfidedignas.com.mx\/index.php\/2024\/02\/29\/ahora-soy-un-ciudadano-mas-programas-de-bienestar-quedaron-en-orden-en-sinaloa-lopez-campos\/\" \/>\n<meta property=\"og:site_name\" content=\"Fuentes Fidedignas\" \/>\n<meta property=\"article:publisher\" content=\"https:\/\/www.facebook.com\/Fuentes-Fidedignas-368234489921644\" \/>\n<meta property=\"article:published_time\" content=\"2024-03-01T06:17:06+00:00\" \/>\n<meta property=\"article:modified_time\" content=\"2024-03-01T06:18:09+00:00\" \/>\n<meta property=\"og:image\" content=\"https:\/\/fuentesfidedignas.com.mx\/wp-content\/uploads\/2021\/04\/logo-retina.png\" \/>\n\t<meta property=\"og:image:width\" content=\"280\" \/>\n\t<meta property=\"og:image:height\" content=\"51\" \/>\n\t<meta property=\"og:image:type\" content=\"image\/png\" \/>\n<meta name=\"author\" content=\"Marissa Palafox\" \/>\n<meta name=\"twitter:card\" content=\"summary_large_image\" \/>\n<meta name=\"twitter:creator\" content=\"@fidedignas\" \/>\n<meta name=\"twitter:site\" content=\"@fidedignas\" \/>\n<meta name=\"twitter:label1\" content=\"Escrito por\" \/>\n\t<meta name=\"twitter:data1\" content=\"Marissa Palafox\" \/>\n\t<meta name=\"twitter:label2\" content=\"Tiempo de lectura\" \/>\n\t<meta name=\"twitter:data2\" content=\"1 minuto\" \/>\n<script type=\"application\/ld+json\" class=\"yoast-schema-graph\">{\"@context\":\"https:\\\/\\\/schema.org\",\"@graph\":[{\"@type\":\"Article\",\"@id\":\"https:\\\/\\\/fuentesfidedignas.com.mx\\\/index.php\\\/2024\\\/02\\\/29\\\/ahora-soy-un-ciudadano-mas-programas-de-bienestar-quedaron-en-orden-en-sinaloa-lopez-campos\\\/#article\",\"isPartOf\":{\"@id\":\"https:\\\/\\\/fuentesfidedignas.com.mx\\\/index.php\\\/2024\\\/02\\\/29\\\/ahora-soy-un-ciudadano-mas-programas-de-bienestar-quedaron-en-orden-en-sinaloa-lopez-campos\\\/\"},\"author\":{\"name\":\"Marissa Palafox\",\"@id\":\"https:\\\/\\\/fuentesfidedignas.com.mx\\\/#\\\/schema\\\/person\\\/2c10028b4a30078c05a056a215342ab9\"},\"headline\":\"Ahora soy un ciudadano m\u00e1s, programas de Bienestar quedaron en orden en Sinaloa: L\u00f3pez Campos\",\"datePublished\":\"2024-03-01T06:17:06+00:00\",\"dateModified\":\"2024-03-01T06:18:09+00:00\",\"mainEntityOfPage\":{\"@id\":\"https:\\\/\\\/fuentesfidedignas.com.mx\\\/index.php\\\/2024\\\/02\\\/29\\\/ahora-soy-un-ciudadano-mas-programas-de-bienestar-quedaron-en-orden-en-sinaloa-lopez-campos\\\/\"},\"wordCount\":119,\"commentCount\":0,\"publisher\":{\"@id\":\"https:\\\/\\\/fuentesfidedignas.com.mx\\\/#organization\"},\"image\":{\"@id\":\"https:\\\/\\\/fuentesfidedignas.com.mx\\\/index.php\\\/2024\\\/02\\\/29\\\/ahora-soy-un-ciudadano-mas-programas-de-bienestar-quedaron-en-orden-en-sinaloa-lopez-campos\\\/#primaryimage\"},\"thumbnailUrl\":\"https:\\\/\\\/fuentesfidedignas.com.mx\\\/wp-content\\\/uploads\\\/2024\\\/02\\\/img_2538-1-scaled.jpg\",\"articleSection\":[\"NOTICIAS LOCALES\"],\"inLanguage\":\"es\",\"potentialAction\":[{\"@type\":\"CommentAction\",\"name\":\"Comment\",\"target\":[\"https:\\\/\\\/fuentesfidedignas.com.mx\\\/index.php\\\/2024\\\/02\\\/29\\\/ahora-soy-un-ciudadano-mas-programas-de-bienestar-quedaron-en-orden-en-sinaloa-lopez-campos\\\/#respond\"]}]},{\"@type\":\"WebPage\",\"@id\":\"https:\\\/\\\/fuentesfidedignas.com.mx\\\/index.php\\\/2024\\\/02\\\/29\\\/ahora-soy-un-ciudadano-mas-programas-de-bienestar-quedaron-en-orden-en-sinaloa-lopez-campos\\\/\",\"url\":\"https:\\\/\\\/fuentesfidedignas.com.mx\\\/index.php\\\/2024\\\/02\\\/29\\\/ahora-soy-un-ciudadano-mas-programas-de-bienestar-quedaron-en-orden-en-sinaloa-lopez-campos\\\/\",\"name\":\"Ahora soy un ciudadano m\u00e1s, programas de Bienestar quedaron en orden en Sinaloa: L\u00f3pez Campos - Fuentes Fidedignas\",\"isPartOf\":{\"@id\":\"https:\\\/\\\/fuentesfidedignas.com.mx\\\/#website\"},\"primaryImageOfPage\":{\"@id\":\"https:\\\/\\\/fuentesfidedignas.com.mx\\\/index.php\\\/2024\\\/02\\\/29\\\/ahora-soy-un-ciudadano-mas-programas-de-bienestar-quedaron-en-orden-en-sinaloa-lopez-campos\\\/#primaryimage\"},\"image\":{\"@id\":\"https:\\\/\\\/fuentesfidedignas.com.mx\\\/index.php\\\/2024\\\/02\\\/29\\\/ahora-soy-un-ciudadano-mas-programas-de-bienestar-quedaron-en-orden-en-sinaloa-lopez-campos\\\/#primaryimage\"},\"thumbnailUrl\":\"https:\\\/\\\/fuentesfidedignas.com.mx\\\/wp-content\\\/uploads\\\/2024\\\/02\\\/img_2538-1-scaled.jpg\",\"datePublished\":\"2024-03-01T06:17:06+00:00\",\"dateModified\":\"2024-03-01T06:18:09+00:00\",\"breadcrumb\":{\"@id\":\"https:\\\/\\\/fuentesfidedignas.com.mx\\\/index.php\\\/2024\\\/02\\\/29\\\/ahora-soy-un-ciudadano-mas-programas-de-bienestar-quedaron-en-orden-en-sinaloa-lopez-campos\\\/#breadcrumb\"},\"inLanguage\":\"es\",\"potentialAction\":[{\"@type\":\"ReadAction\",\"target\":[\"https:\\\/\\\/fuentesfidedignas.com.mx\\\/index.php\\\/2024\\\/02\\\/29\\\/ahora-soy-un-ciudadano-mas-programas-de-bienestar-quedaron-en-orden-en-sinaloa-lopez-campos\\\/\"]}]},{\"@type\":\"ImageObject\",\"inLanguage\":\"es\",\"@id\":\"https:\\\/\\\/fuentesfidedignas.com.mx\\\/index.php\\\/2024\\\/02\\\/29\\\/ahora-soy-un-ciudadano-mas-programas-de-bienestar-quedaron-en-orden-en-sinaloa-lopez-campos\\\/#primaryimage\",\"url\":\"https:\\\/\\\/fuentesfidedignas.com.mx\\\/wp-content\\\/uploads\\\/2024\\\/02\\\/img_2538-1-scaled.jpg\",\"contentUrl\":\"https:\\\/\\\/fuentesfidedignas.com.mx\\\/wp-content\\\/uploads\\\/2024\\\/02\\\/img_2538-1-scaled.jpg\",\"width\":2560,\"height\":1540},{\"@type\":\"BreadcrumbList\",\"@id\":\"https:\\\/\\\/fuentesfidedignas.com.mx\\\/index.php\\\/2024\\\/02\\\/29\\\/ahora-soy-un-ciudadano-mas-programas-de-bienestar-quedaron-en-orden-en-sinaloa-lopez-campos\\\/#breadcrumb\",\"itemListElement\":[{\"@type\":\"ListItem\",\"position\":1,\"name\":\"Inicio\",\"item\":\"https:\\\/\\\/fuentesfidedignas.com.mx\\\/\"},{\"@type\":\"ListItem\",\"position\":2,\"name\":\"Ahora soy un ciudadano m\u00e1s, programas de Bienestar quedaron en orden en Sinaloa: L\u00f3pez Campos\"}]},{\"@type\":\"WebSite\",\"@id\":\"https:\\\/\\\/fuentesfidedignas.com.mx\\\/#website\",\"url\":\"https:\\\/\\\/fuentesfidedignas.com.mx\\\/\",\"name\":\"Fuentes Fidedignas\",\"description\":\"Otro sitio realizado con WordPress\",\"publisher\":{\"@id\":\"https:\\\/\\\/fuentesfidedignas.com.mx\\\/#organization\"},\"potentialAction\":[{\"@type\":\"SearchAction\",\"target\":{\"@type\":\"EntryPoint\",\"urlTemplate\":\"https:\\\/\\\/fuentesfidedignas.com.mx\\\/?s={search_term_string}\"},\"query-input\":{\"@type\":\"PropertyValueSpecification\",\"valueRequired\":true,\"valueName\":\"search_term_string\"}}],\"inLanguage\":\"es\"},{\"@type\":\"Organization\",\"@id\":\"https:\\\/\\\/fuentesfidedignas.com.mx\\\/#organization\",\"name\":\"Fuentes Fidedignas\",\"url\":\"https:\\\/\\\/fuentesfidedignas.com.mx\\\/\",\"logo\":{\"@type\":\"ImageObject\",\"inLanguage\":\"es\",\"@id\":\"https:\\\/\\\/fuentesfidedignas.com.mx\\\/#\\\/schema\\\/logo\\\/image\\\/\",\"url\":\"https:\\\/\\\/fuentesfidedignas.com.mx\\\/wp-content\\\/uploads\\\/2021\\\/04\\\/logo-retina.png\",\"contentUrl\":\"https:\\\/\\\/fuentesfidedignas.com.mx\\\/wp-content\\\/uploads\\\/2021\\\/04\\\/logo-retina.png\",\"width\":280,\"height\":51,\"caption\":\"Fuentes Fidedignas\"},\"image\":{\"@id\":\"https:\\\/\\\/fuentesfidedignas.com.mx\\\/#\\\/schema\\\/logo\\\/image\\\/\"},\"sameAs\":[\"https:\\\/\\\/www.facebook.com\\\/Fuentes-Fidedignas-368234489921644\",\"https:\\\/\\\/x.com\\\/fidedignas\"]},{\"@type\":\"Person\",\"@id\":\"https:\\\/\\\/fuentesfidedignas.com.mx\\\/#\\\/schema\\\/person\\\/2c10028b4a30078c05a056a215342ab9\",\"name\":\"Marissa Palafox\",\"image\":{\"@type\":\"ImageObject\",\"inLanguage\":\"es\",\"@id\":\"https:\\\/\\\/secure.gravatar.com\\\/avatar\\\/20a43bdb2f2db10f20b22d4e98b96eb027faf98f7f76d29854dc5fab46d1cf71?s=96&d=mm&r=g\",\"url\":\"https:\\\/\\\/secure.gravatar.com\\\/avatar\\\/20a43bdb2f2db10f20b22d4e98b96eb027faf98f7f76d29854dc5fab46d1cf71?s=96&d=mm&r=g\",\"contentUrl\":\"https:\\\/\\\/secure.gravatar.com\\\/avatar\\\/20a43bdb2f2db10f20b22d4e98b96eb027faf98f7f76d29854dc5fab46d1cf71?s=96&d=mm&r=g\",\"caption\":\"Marissa Palafox\"},\"url\":\"https:\\\/\\\/fuentesfidedignas.com.mx\\\/index.php\\\/author\\\/marissa\\\/\"}]}<\/script>\n<!-- \/ Yoast SEO plugin. -->","yoast_head_json":{"title":"Ahora soy un ciudadano m\u00e1s, programas de Bienestar quedaron en orden en Sinaloa: L\u00f3pez Campos - Fuentes Fidedignas","robots":{"index":"index","follow":"follow","max-snippet":"max-snippet:-1","max-image-preview":"max-image-preview:large","max-video-preview":"max-video-preview:-1"},"canonical":"https:\/\/fuentesfidedignas.com.mx\/index.php\/2024\/02\/29\/ahora-soy-un-ciudadano-mas-programas-de-bienestar-quedaron-en-orden-en-sinaloa-lopez-campos\/","og_locale":"es_MX","og_type":"article","og_title":"Ahora soy un ciudadano m\u00e1s, programas de Bienestar quedaron en orden en Sinaloa: L\u00f3pez Campos - Fuentes Fidedignas","og_description":"Culiac\u00e1n, Sin.- Ahora soy un ciudadano m\u00e1s, ya me separ\u00e9 de mi cargo como Delegado de Programas de Bienestar en Sinaloa, asegur\u00f3 Omar L\u00f3pez Campos. \u201cNo ped\u00ed licencia, fue renuncia voluntaria de manera definitiva. Todav\u00eda no hay un responsable (sustituto), los responsables de las delegaciones son propuestos por los gobernadores y seguramente eso va a [&hellip;]","og_url":"https:\/\/fuentesfidedignas.com.mx\/index.php\/2024\/02\/29\/ahora-soy-un-ciudadano-mas-programas-de-bienestar-quedaron-en-orden-en-sinaloa-lopez-campos\/","og_site_name":"Fuentes Fidedignas","article_publisher":"https:\/\/www.facebook.com\/Fuentes-Fidedignas-368234489921644","article_published_time":"2024-03-01T06:17:06+00:00","article_modified_time":"2024-03-01T06:18:09+00:00","og_image":[{"width":280,"height":51,"url":"https:\/\/fuentesfidedignas.com.mx\/wp-content\/uploads\/2021\/04\/logo-retina.png","type":"image\/png"}],"author":"Marissa Palafox","twitter_card":"summary_large_image","twitter_creator":"@fidedignas","twitter_site":"@fidedignas","twitter_misc":{"Escrito por":"Marissa Palafox","Tiempo de lectura":"1 minuto"},"schema":{"@context":"https:\/\/schema.org","@graph":[{"@type":"Article","@id":"https:\/\/fuentesfidedignas.com.mx\/index.php\/2024\/02\/29\/ahora-soy-un-ciudadano-mas-programas-de-bienestar-quedaron-en-orden-en-sinaloa-lopez-campos\/#article","isPartOf":{"@id":"https:\/\/fuentesfidedignas.com.mx\/index.php\/2024\/02\/29\/ahora-soy-un-ciudadano-mas-programas-de-bienestar-quedaron-en-orden-en-sinaloa-lopez-campos\/"},"author":{"name":"Marissa Palafox","@id":"https:\/\/fuentesfidedignas.com.mx\/#\/schema\/person\/2c10028b4a30078c05a056a215342ab9"},"headline":"Ahora soy un ciudadano m\u00e1s, programas de Bienestar quedaron en orden en Sinaloa: L\u00f3pez Campos","datePublished":"2024-03-01T06:17:06+00:00","dateModified":"2024-03-01T06:18:09+00:00","mainEntityOfPage":{"@id":"https:\/\/fuentesfidedignas.com.mx\/index.php\/2024\/02\/29\/ahora-soy-un-ciudadano-mas-programas-de-bienestar-quedaron-en-orden-en-sinaloa-lopez-campos\/"},"wordCount":119,"commentCount":0,"publisher":{"@id":"https:\/\/fuentesfidedignas.com.mx\/#organization"},"image":{"@id":"https:\/\/fuentesfidedignas.com.mx\/index.php\/2024\/02\/29\/ahora-soy-un-ciudadano-mas-programas-de-bienestar-quedaron-en-orden-en-sinaloa-lopez-campos\/#primaryimage"},"thumbnailUrl":"https:\/\/fuentesfidedignas.com.mx\/wp-content\/uploads\/2024\/02\/img_2538-1-scaled.jpg","articleSection":["NOTICIAS LOCALES"],"inLanguage":"es","potentialAction":[{"@type":"CommentAction","name":"Comment","target":["https:\/\/fuentesfidedignas.com.mx\/index.php\/2024\/02\/29\/ahora-soy-un-ciudadano-mas-programas-de-bienestar-quedaron-en-orden-en-sinaloa-lopez-campos\/#respond"]}]},{"@type":"WebPage","@id":"https:\/\/fuentesfidedignas.com.mx\/index.php\/2024\/02\/29\/ahora-soy-un-ciudadano-mas-programas-de-bienestar-quedaron-en-orden-en-sinaloa-lopez-campos\/","url":"https:\/\/fuentesfidedignas.com.mx\/index.php\/2024\/02\/29\/ahora-soy-un-ciudadano-mas-programas-de-bienestar-quedaron-en-orden-en-sinaloa-lopez-campos\/","name":"Ahora soy un ciudadano m\u00e1s, programas de Bienestar quedaron en orden en Sinaloa: L\u00f3pez Campos - Fuentes Fidedignas","isPartOf":{"@id":"https:\/\/fuentesfidedignas.com.mx\/#website"},"primaryImageOfPage":{"@id":"https:\/\/fuentesfidedignas.com.mx\/index.php\/2024\/02\/29\/ahora-soy-un-ciudadano-mas-programas-de-bienestar-quedaron-en-orden-en-sinaloa-lopez-campos\/#primaryimage"},"image":{"@id":"https:\/\/fuentesfidedignas.com.mx\/index.php\/2024\/02\/29\/ahora-soy-un-ciudadano-mas-programas-de-bienestar-quedaron-en-orden-en-sinaloa-lopez-campos\/#primaryimage"},"thumbnailUrl":"https:\/\/fuentesfidedignas.com.mx\/wp-content\/uploads\/2024\/02\/img_2538-1-scaled.jpg","datePublished":"2024-03-01T06:17:06+00:00","dateModified":"2024-03-01T06:18:09+00:00","breadcrumb":{"@id":"https:\/\/fuentesfidedignas.com.mx\/index.php\/2024\/02\/29\/ahora-soy-un-ciudadano-mas-programas-de-bienestar-quedaron-en-orden-en-sinaloa-lopez-campos\/#breadcrumb"},"inLanguage":"es","potentialAction":[{"@type":"ReadAction","target":["https:\/\/fuentesfidedignas.com.mx\/index.php\/2024\/02\/29\/ahora-soy-un-ciudadano-mas-programas-de-bienestar-quedaron-en-orden-en-sinaloa-lopez-campos\/"]}]},{"@type":"ImageObject","inLanguage":"es","@id":"https:\/\/fuentesfidedignas.com.mx\/index.php\/2024\/02\/29\/ahora-soy-un-ciudadano-mas-programas-de-bienestar-quedaron-en-orden-en-sinaloa-lopez-campos\/#primaryimage","url":"https:\/\/fuentesfidedignas.com.mx\/wp-content\/uploads\/2024\/02\/img_2538-1-scaled.jpg","contentUrl":"https:\/\/fuentesfidedignas.com.mx\/wp-content\/uploads\/2024\/02\/img_2538-1-scaled.jpg","width":2560,"height":1540},{"@type":"BreadcrumbList","@id":"https:\/\/fuentesfidedignas.com.mx\/index.php\/2024\/02\/29\/ahora-soy-un-ciudadano-mas-programas-de-bienestar-quedaron-en-orden-en-sinaloa-lopez-campos\/#breadcrumb","itemListElement":[{"@type":"ListItem","position":1,"name":"Inicio","item":"https:\/\/fuentesfidedignas.com.mx\/"},{"@type":"ListItem","position":2,"name":"Ahora soy un ciudadano m\u00e1s, programas de Bienestar quedaron en orden en Sinaloa: L\u00f3pez Campos"}]},{"@type":"WebSite","@id":"https:\/\/fuentesfidedignas.com.mx\/#website","url":"https:\/\/fuentesfidedignas.com.mx\/","name":"Fuentes Fidedignas","description":"Otro sitio realizado con WordPress","publisher":{"@id":"https:\/\/fuentesfidedignas.com.mx\/#organization"},"potentialAction":[{"@type":"SearchAction","target":{"@type":"EntryPoint","urlTemplate":"https:\/\/fuentesfidedignas.com.mx\/?s={search_term_string}"},"query-input":{"@type":"PropertyValueSpecification","valueRequired":true,"valueName":"search_term_string"}}],"inLanguage":"es"},{"@type":"Organization","@id":"https:\/\/fuentesfidedignas.com.mx\/#organization","name":"Fuentes Fidedignas","url":"https:\/\/fuentesfidedignas.com.mx\/","logo":{"@type":"ImageObject","inLanguage":"es","@id":"https:\/\/fuentesfidedignas.com.mx\/#\/schema\/logo\/image\/","url":"https:\/\/fuentesfidedignas.com.mx\/wp-content\/uploads\/2021\/04\/logo-retina.png","contentUrl":"https:\/\/fuentesfidedignas.com.mx\/wp-content\/uploads\/2021\/04\/logo-retina.png","width":280,"height":51,"caption":"Fuentes Fidedignas"},"image":{"@id":"https:\/\/fuentesfidedignas.com.mx\/#\/schema\/logo\/image\/"},"sameAs":["https:\/\/www.facebook.com\/Fuentes-Fidedignas-368234489921644","https:\/\/x.com\/fidedignas"]},{"@type":"Person","@id":"https:\/\/fuentesfidedignas.com.mx\/#\/schema\/person\/2c10028b4a30078c05a056a215342ab9","name":"Marissa Palafox","image":{"@type":"ImageObject","inLanguage":"es","@id":"https:\/\/secure.gravatar.com\/avatar\/20a43bdb2f2db10f20b22d4e98b96eb027faf98f7f76d29854dc5fab46d1cf71?s=96&d=mm&r=g","url":"https:\/\/secure.gravatar.com\/avatar\/20a43bdb2f2db10f20b22d4e98b96eb027faf98f7f76d29854dc5fab46d1cf71?s=96&d=mm&r=g","contentUrl":"https:\/\/secure.gravatar.com\/avatar\/20a43bdb2f2db10f20b22d4e98b96eb027faf98f7f76d29854dc5fab46d1cf71?s=96&d=mm&r=g","caption":"Marissa Palafox"},"url":"https:\/\/fuentesfidedignas.com.mx\/index.php\/author\/marissa\/"}]}},"_links":{"self":[{"href":"https:\/\/fuentesfidedignas.com.mx\/index.php\/wp-json\/wp\/v2\/posts\/75504","targetHints":{"allow":["GET"]}}],"collection":[{"href":"https:\/\/fuentesfidedignas.com.mx\/index.php\/wp-json\/wp\/v2\/posts"}],"about":[{"href":"https:\/\/fuentesfidedignas.com.mx\/index.php\/wp-json\/wp\/v2\/types\/post"}],"author":[{"embeddable":true,"href":"https:\/\/fuentesfidedignas.com.mx\/index.php\/wp-json\/wp\/v2\/users\/11"}],"replies":[{"embeddable":true,"href":"https:\/\/fuentesfidedignas.com.mx\/index.php\/wp-json\/wp\/v2\/comments?post=75504"}],"version-history":[{"count":1,"href":"https:\/\/fuentesfidedignas.com.mx\/index.php\/wp-json\/wp\/v2\/posts\/75504\/revisions"}],"predecessor-version":[{"id":75505,"href":"https:\/\/fuentesfidedignas.com.mx\/index.php\/wp-json\/wp\/v2\/posts\/75504\/revisions\/75505"}],"wp:featuredmedia":[{"embeddable":true,"href":"https:\/\/fuentesfidedignas.com.mx\/index.php\/wp-json\/wp\/v2\/media\/75506"}],"wp:attachment":[{"href":"https:\/\/fuentesfidedignas.com.mx\/index.php\/wp-json\/wp\/v2\/media?parent=75504"}],"wp:term":[{"taxonomy":"category","embeddable":true,"href":"https:\/\/fuentesfidedignas.com.mx\/index.php\/wp-json\/wp\/v2\/categories?post=75504"},{"taxonomy":"post_tag","embeddable":true,"href":"https:\/\/fuentesfidedignas.com.mx\/index.php\/wp-json\/wp\/v2\/tags?post=75504"}],"curies":[{"name":"wp","href":"https:\/\/api.w.org\/{rel}","templated":true}]}}