{"id":75483,"date":"2024-03-01T05:47:24","date_gmt":"2024-03-01T12:47:24","guid":{"rendered":"https:\/\/fuentesfidedignas.com.mx\/?p=75483"},"modified":"2024-02-29T17:48:00","modified_gmt":"2024-03-01T00:48:00","slug":"cientificos-resuelven-misterio-por-el-que-los-humanos-perdieron-la-cola-hace-millones-de-anos","status":"publish","type":"post","link":"https:\/\/fuentesfidedignas.com.mx\/index.php\/2024\/03\/01\/cientificos-resuelven-misterio-por-el-que-los-humanos-perdieron-la-cola-hace-millones-de-anos\/","title":{"rendered":"Cient\u00edficos resuelven misterio por el que los humanos perdieron la cola hace millones de a\u00f1os"},"content":{"rendered":"\n<p><strong><em>Cient\u00edficos de la Universidad de Nueva York descubrieron qu\u00e9 caus\u00f3 la mutaci\u00f3n que cambi\u00f3 el curso de la historia de los primates al determinar que todo se redujo a un solo fragmento de ADN.<\/em><\/strong><\/p>\n\n\n\n<p>Hace millones de a\u00f1os los primeros hom\u00ednidos pose\u00edan una caracter\u00edstica muy particular, y es que al igual que los primate ten\u00edan una cola que desapareci\u00f3 con la evoluci\u00f3n.<\/p>\n\n\n\n<p>Sin embargo, recientemente los cient\u00edficos de la Universidad de Nueva York descubrieron qu\u00e9 caus\u00f3 la mutaci\u00f3n que cambi\u00f3 el curso de la historia de los primates al determinar que todo se redujo a un solo fragmento de ADN que los simios y los humanos comparten, pero que falta en los monos.<\/p>\n\n\n\n<p>El descubrimiento reside en el gen TBXT, que est\u00e1 implicado con la longitud de la cola en ciertos animales, y cuando se insert\u00f3 una peque\u00f1a porci\u00f3n de AluY, en el ADN, se perdieron las colas.<\/p>\n\n\n\n<p>Esos fragmentos de AluY tambi\u00e9n se denominan &#8220;genes saltarines&#8221; o &#8220;elementos m\u00f3viles&#8221; porque pueden moverse e insertarse repetida y aleatoriamente en el c\u00f3digo humano.<\/p>\n\n\n\n<p>Hasta el momento, el motivo de la p\u00e9rdida de la cola es incierto, aunque algunos expertos proponen que podr\u00edan vivir mejor en el suelo que en los \u00e1rboles.<\/p>\n\n\n\n<p>Anteriormente se hab\u00edan realizado alrededor de m\u00e1s de 100 genes con el desarrollo de colas en varias especies de vertebrados, y los autores del estudio plantearon la hip\u00f3tesis de que la p\u00e9rdida de la cola se produc\u00eda a trav\u00e9s de cambios en el c\u00f3digo de ADN.<\/p>\n\n\n\n<p>En el nuevo estudio, los investigadores identificaron dos genes saltarines en TBXT que se encuentran en los grandes simios, lo que llev\u00f3 a la hip\u00f3tesis de que AluY se hab\u00eda insertado aleatoriamente con el c\u00f3digo hace decenas de millones de a\u00f1os.<\/p>\n\n\n\n<p>Se cree que los gorilas, chimpanc\u00e9s y humanos perdieron la cola cuando se alejaron de los monos hace millones de a\u00f1os.<\/p>\n\n\n\n<p>Despu\u00e9s de esta divisi\u00f3n evolutiva, el grupo de simios que incluye a los humanos actuales desarroll\u00f3 la formaci\u00f3n de menos v\u00e9rtebras de la cola, dando lugar al coxis.<\/p>\n","protected":false},"excerpt":{"rendered":"<p>Cient\u00edficos de la Universidad de Nueva York descubrieron qu\u00e9 caus\u00f3 la mutaci\u00f3n que cambi\u00f3 el curso de la historia de los primates al determinar que todo se redujo a un solo fragmento de ADN. Hace millones de a\u00f1os los primeros hom\u00ednidos pose\u00edan una caracter\u00edstica muy particular, y es que al igual que los primate ten\u00edan [&hellip;]<\/p>\n","protected":false},"author":7,"featured_media":75484,"comment_status":"open","ping_status":"open","sticky":false,"template":"","format":"standard","meta":{"tdm_status":"","tdm_grid_status":"","footnotes":""},"categories":[40],"tags":[],"class_list":{"0":"post-75483","1":"post","2":"type-post","3":"status-publish","4":"format-standard","5":"has-post-thumbnail","7":"category-las-asombrosas"},"yoast_head":"<!-- This site is optimized with the Yoast SEO plugin v27.5 - https:\/\/yoast.com\/product\/yoast-seo-wordpress\/ -->\n<title>Cient\u00edficos resuelven misterio por el que los humanos perdieron la cola hace millones de a\u00f1os - Fuentes Fidedignas<\/title>\n<meta name=\"robots\" content=\"index, follow, max-snippet:-1, max-image-preview:large, max-video-preview:-1\" \/>\n<link rel=\"canonical\" href=\"https:\/\/fuentesfidedignas.com.mx\/index.php\/2024\/03\/01\/cientificos-resuelven-misterio-por-el-que-los-humanos-perdieron-la-cola-hace-millones-de-anos\/\" \/>\n<meta property=\"og:locale\" content=\"es_MX\" \/>\n<meta property=\"og:type\" content=\"article\" \/>\n<meta property=\"og:title\" content=\"Cient\u00edficos resuelven misterio por el que los humanos perdieron la cola hace millones de a\u00f1os - Fuentes Fidedignas\" \/>\n<meta property=\"og:description\" content=\"Cient\u00edficos de la Universidad de Nueva York descubrieron qu\u00e9 caus\u00f3 la mutaci\u00f3n que cambi\u00f3 el curso de la historia de los primates al determinar que todo se redujo a un solo fragmento de ADN. Hace millones de a\u00f1os los primeros hom\u00ednidos pose\u00edan una caracter\u00edstica muy particular, y es que al igual que los primate ten\u00edan [&hellip;]\" \/>\n<meta property=\"og:url\" content=\"https:\/\/fuentesfidedignas.com.mx\/index.php\/2024\/03\/01\/cientificos-resuelven-misterio-por-el-que-los-humanos-perdieron-la-cola-hace-millones-de-anos\/\" \/>\n<meta property=\"og:site_name\" content=\"Fuentes Fidedignas\" \/>\n<meta property=\"article:publisher\" content=\"https:\/\/www.facebook.com\/Fuentes-Fidedignas-368234489921644\" \/>\n<meta property=\"article:published_time\" content=\"2024-03-01T12:47:24+00:00\" \/>\n<meta property=\"og:image\" content=\"https:\/\/fuentesfidedignas.com.mx\/wp-content\/uploads\/2024\/02\/COLA_HUMANA.jpg\" \/>\n\t<meta property=\"og:image:width\" content=\"855\" \/>\n\t<meta property=\"og:image:height\" content=\"643\" \/>\n\t<meta property=\"og:image:type\" content=\"image\/jpeg\" \/>\n<meta name=\"author\" content=\"Exc\u00e9lsior\" \/>\n<meta name=\"twitter:card\" content=\"summary_large_image\" \/>\n<meta name=\"twitter:creator\" content=\"@fidedignas\" \/>\n<meta name=\"twitter:site\" content=\"@fidedignas\" \/>\n<meta name=\"twitter:label1\" content=\"Escrito por\" \/>\n\t<meta name=\"twitter:data1\" content=\"Exc\u00e9lsior\" \/>\n\t<meta name=\"twitter:label2\" content=\"Tiempo de lectura\" \/>\n\t<meta name=\"twitter:data2\" content=\"2 minutos\" \/>\n<script type=\"application\/ld+json\" class=\"yoast-schema-graph\">{\"@context\":\"https:\\\/\\\/schema.org\",\"@graph\":[{\"@type\":\"Article\",\"@id\":\"https:\\\/\\\/fuentesfidedignas.com.mx\\\/index.php\\\/2024\\\/03\\\/01\\\/cientificos-resuelven-misterio-por-el-que-los-humanos-perdieron-la-cola-hace-millones-de-anos\\\/#article\",\"isPartOf\":{\"@id\":\"https:\\\/\\\/fuentesfidedignas.com.mx\\\/index.php\\\/2024\\\/03\\\/01\\\/cientificos-resuelven-misterio-por-el-que-los-humanos-perdieron-la-cola-hace-millones-de-anos\\\/\"},\"author\":{\"name\":\"Exc\u00e9lsior\",\"@id\":\"https:\\\/\\\/fuentesfidedignas.com.mx\\\/#\\\/schema\\\/person\\\/ec4edd1fbf5efa3e44fce34fe2787780\"},\"headline\":\"Cient\u00edficos resuelven misterio por el que los humanos perdieron la cola hace millones de a\u00f1os\",\"datePublished\":\"2024-03-01T12:47:24+00:00\",\"mainEntityOfPage\":{\"@id\":\"https:\\\/\\\/fuentesfidedignas.com.mx\\\/index.php\\\/2024\\\/03\\\/01\\\/cientificos-resuelven-misterio-por-el-que-los-humanos-perdieron-la-cola-hace-millones-de-anos\\\/\"},\"wordCount\":386,\"commentCount\":0,\"publisher\":{\"@id\":\"https:\\\/\\\/fuentesfidedignas.com.mx\\\/#organization\"},\"image\":{\"@id\":\"https:\\\/\\\/fuentesfidedignas.com.mx\\\/index.php\\\/2024\\\/03\\\/01\\\/cientificos-resuelven-misterio-por-el-que-los-humanos-perdieron-la-cola-hace-millones-de-anos\\\/#primaryimage\"},\"thumbnailUrl\":\"https:\\\/\\\/fuentesfidedignas.com.mx\\\/wp-content\\\/uploads\\\/2024\\\/02\\\/COLA_HUMANA.jpg\",\"articleSection\":[\"LAS ASOMBROSAS\"],\"inLanguage\":\"es\",\"potentialAction\":[{\"@type\":\"CommentAction\",\"name\":\"Comment\",\"target\":[\"https:\\\/\\\/fuentesfidedignas.com.mx\\\/index.php\\\/2024\\\/03\\\/01\\\/cientificos-resuelven-misterio-por-el-que-los-humanos-perdieron-la-cola-hace-millones-de-anos\\\/#respond\"]}]},{\"@type\":\"WebPage\",\"@id\":\"https:\\\/\\\/fuentesfidedignas.com.mx\\\/index.php\\\/2024\\\/03\\\/01\\\/cientificos-resuelven-misterio-por-el-que-los-humanos-perdieron-la-cola-hace-millones-de-anos\\\/\",\"url\":\"https:\\\/\\\/fuentesfidedignas.com.mx\\\/index.php\\\/2024\\\/03\\\/01\\\/cientificos-resuelven-misterio-por-el-que-los-humanos-perdieron-la-cola-hace-millones-de-anos\\\/\",\"name\":\"Cient\u00edficos resuelven misterio por el que los humanos perdieron la cola hace millones de a\u00f1os - Fuentes Fidedignas\",\"isPartOf\":{\"@id\":\"https:\\\/\\\/fuentesfidedignas.com.mx\\\/#website\"},\"primaryImageOfPage\":{\"@id\":\"https:\\\/\\\/fuentesfidedignas.com.mx\\\/index.php\\\/2024\\\/03\\\/01\\\/cientificos-resuelven-misterio-por-el-que-los-humanos-perdieron-la-cola-hace-millones-de-anos\\\/#primaryimage\"},\"image\":{\"@id\":\"https:\\\/\\\/fuentesfidedignas.com.mx\\\/index.php\\\/2024\\\/03\\\/01\\\/cientificos-resuelven-misterio-por-el-que-los-humanos-perdieron-la-cola-hace-millones-de-anos\\\/#primaryimage\"},\"thumbnailUrl\":\"https:\\\/\\\/fuentesfidedignas.com.mx\\\/wp-content\\\/uploads\\\/2024\\\/02\\\/COLA_HUMANA.jpg\",\"datePublished\":\"2024-03-01T12:47:24+00:00\",\"breadcrumb\":{\"@id\":\"https:\\\/\\\/fuentesfidedignas.com.mx\\\/index.php\\\/2024\\\/03\\\/01\\\/cientificos-resuelven-misterio-por-el-que-los-humanos-perdieron-la-cola-hace-millones-de-anos\\\/#breadcrumb\"},\"inLanguage\":\"es\",\"potentialAction\":[{\"@type\":\"ReadAction\",\"target\":[\"https:\\\/\\\/fuentesfidedignas.com.mx\\\/index.php\\\/2024\\\/03\\\/01\\\/cientificos-resuelven-misterio-por-el-que-los-humanos-perdieron-la-cola-hace-millones-de-anos\\\/\"]}]},{\"@type\":\"ImageObject\",\"inLanguage\":\"es\",\"@id\":\"https:\\\/\\\/fuentesfidedignas.com.mx\\\/index.php\\\/2024\\\/03\\\/01\\\/cientificos-resuelven-misterio-por-el-que-los-humanos-perdieron-la-cola-hace-millones-de-anos\\\/#primaryimage\",\"url\":\"https:\\\/\\\/fuentesfidedignas.com.mx\\\/wp-content\\\/uploads\\\/2024\\\/02\\\/COLA_HUMANA.jpg\",\"contentUrl\":\"https:\\\/\\\/fuentesfidedignas.com.mx\\\/wp-content\\\/uploads\\\/2024\\\/02\\\/COLA_HUMANA.jpg\",\"width\":855,\"height\":643},{\"@type\":\"BreadcrumbList\",\"@id\":\"https:\\\/\\\/fuentesfidedignas.com.mx\\\/index.php\\\/2024\\\/03\\\/01\\\/cientificos-resuelven-misterio-por-el-que-los-humanos-perdieron-la-cola-hace-millones-de-anos\\\/#breadcrumb\",\"itemListElement\":[{\"@type\":\"ListItem\",\"position\":1,\"name\":\"Inicio\",\"item\":\"https:\\\/\\\/fuentesfidedignas.com.mx\\\/\"},{\"@type\":\"ListItem\",\"position\":2,\"name\":\"Cient\u00edficos resuelven misterio por el que los humanos perdieron la cola hace millones de a\u00f1os\"}]},{\"@type\":\"WebSite\",\"@id\":\"https:\\\/\\\/fuentesfidedignas.com.mx\\\/#website\",\"url\":\"https:\\\/\\\/fuentesfidedignas.com.mx\\\/\",\"name\":\"Fuentes Fidedignas\",\"description\":\"Otro sitio realizado con WordPress\",\"publisher\":{\"@id\":\"https:\\\/\\\/fuentesfidedignas.com.mx\\\/#organization\"},\"potentialAction\":[{\"@type\":\"SearchAction\",\"target\":{\"@type\":\"EntryPoint\",\"urlTemplate\":\"https:\\\/\\\/fuentesfidedignas.com.mx\\\/?s={search_term_string}\"},\"query-input\":{\"@type\":\"PropertyValueSpecification\",\"valueRequired\":true,\"valueName\":\"search_term_string\"}}],\"inLanguage\":\"es\"},{\"@type\":\"Organization\",\"@id\":\"https:\\\/\\\/fuentesfidedignas.com.mx\\\/#organization\",\"name\":\"Fuentes Fidedignas\",\"url\":\"https:\\\/\\\/fuentesfidedignas.com.mx\\\/\",\"logo\":{\"@type\":\"ImageObject\",\"inLanguage\":\"es\",\"@id\":\"https:\\\/\\\/fuentesfidedignas.com.mx\\\/#\\\/schema\\\/logo\\\/image\\\/\",\"url\":\"https:\\\/\\\/fuentesfidedignas.com.mx\\\/wp-content\\\/uploads\\\/2021\\\/04\\\/logo-retina.png\",\"contentUrl\":\"https:\\\/\\\/fuentesfidedignas.com.mx\\\/wp-content\\\/uploads\\\/2021\\\/04\\\/logo-retina.png\",\"width\":280,\"height\":51,\"caption\":\"Fuentes Fidedignas\"},\"image\":{\"@id\":\"https:\\\/\\\/fuentesfidedignas.com.mx\\\/#\\\/schema\\\/logo\\\/image\\\/\"},\"sameAs\":[\"https:\\\/\\\/www.facebook.com\\\/Fuentes-Fidedignas-368234489921644\",\"https:\\\/\\\/x.com\\\/fidedignas\"]},{\"@type\":\"Person\",\"@id\":\"https:\\\/\\\/fuentesfidedignas.com.mx\\\/#\\\/schema\\\/person\\\/ec4edd1fbf5efa3e44fce34fe2787780\",\"name\":\"Exc\u00e9lsior\",\"image\":{\"@type\":\"ImageObject\",\"inLanguage\":\"es\",\"@id\":\"https:\\\/\\\/secure.gravatar.com\\\/avatar\\\/4b7ee9206b48be08447852b3f0814dbc7c0f3b51541b164f1464a2725614020b?s=96&d=mm&r=g\",\"url\":\"https:\\\/\\\/secure.gravatar.com\\\/avatar\\\/4b7ee9206b48be08447852b3f0814dbc7c0f3b51541b164f1464a2725614020b?s=96&d=mm&r=g\",\"contentUrl\":\"https:\\\/\\\/secure.gravatar.com\\\/avatar\\\/4b7ee9206b48be08447852b3f0814dbc7c0f3b51541b164f1464a2725614020b?s=96&d=mm&r=g\",\"caption\":\"Exc\u00e9lsior\"},\"url\":\"https:\\\/\\\/fuentesfidedignas.com.mx\\\/index.php\\\/author\\\/excelsior\\\/\"}]}<\/script>\n<!-- \/ Yoast SEO plugin. -->","yoast_head_json":{"title":"Cient\u00edficos resuelven misterio por el que los humanos perdieron la cola hace millones de a\u00f1os - Fuentes Fidedignas","robots":{"index":"index","follow":"follow","max-snippet":"max-snippet:-1","max-image-preview":"max-image-preview:large","max-video-preview":"max-video-preview:-1"},"canonical":"https:\/\/fuentesfidedignas.com.mx\/index.php\/2024\/03\/01\/cientificos-resuelven-misterio-por-el-que-los-humanos-perdieron-la-cola-hace-millones-de-anos\/","og_locale":"es_MX","og_type":"article","og_title":"Cient\u00edficos resuelven misterio por el que los humanos perdieron la cola hace millones de a\u00f1os - Fuentes Fidedignas","og_description":"Cient\u00edficos de la Universidad de Nueva York descubrieron qu\u00e9 caus\u00f3 la mutaci\u00f3n que cambi\u00f3 el curso de la historia de los primates al determinar que todo se redujo a un solo fragmento de ADN. Hace millones de a\u00f1os los primeros hom\u00ednidos pose\u00edan una caracter\u00edstica muy particular, y es que al igual que los primate ten\u00edan [&hellip;]","og_url":"https:\/\/fuentesfidedignas.com.mx\/index.php\/2024\/03\/01\/cientificos-resuelven-misterio-por-el-que-los-humanos-perdieron-la-cola-hace-millones-de-anos\/","og_site_name":"Fuentes Fidedignas","article_publisher":"https:\/\/www.facebook.com\/Fuentes-Fidedignas-368234489921644","article_published_time":"2024-03-01T12:47:24+00:00","og_image":[{"width":855,"height":643,"url":"https:\/\/fuentesfidedignas.com.mx\/wp-content\/uploads\/2024\/02\/COLA_HUMANA.jpg","type":"image\/jpeg"}],"author":"Exc\u00e9lsior","twitter_card":"summary_large_image","twitter_creator":"@fidedignas","twitter_site":"@fidedignas","twitter_misc":{"Escrito por":"Exc\u00e9lsior","Tiempo de lectura":"2 minutos"},"schema":{"@context":"https:\/\/schema.org","@graph":[{"@type":"Article","@id":"https:\/\/fuentesfidedignas.com.mx\/index.php\/2024\/03\/01\/cientificos-resuelven-misterio-por-el-que-los-humanos-perdieron-la-cola-hace-millones-de-anos\/#article","isPartOf":{"@id":"https:\/\/fuentesfidedignas.com.mx\/index.php\/2024\/03\/01\/cientificos-resuelven-misterio-por-el-que-los-humanos-perdieron-la-cola-hace-millones-de-anos\/"},"author":{"name":"Exc\u00e9lsior","@id":"https:\/\/fuentesfidedignas.com.mx\/#\/schema\/person\/ec4edd1fbf5efa3e44fce34fe2787780"},"headline":"Cient\u00edficos resuelven misterio por el que los humanos perdieron la cola hace millones de a\u00f1os","datePublished":"2024-03-01T12:47:24+00:00","mainEntityOfPage":{"@id":"https:\/\/fuentesfidedignas.com.mx\/index.php\/2024\/03\/01\/cientificos-resuelven-misterio-por-el-que-los-humanos-perdieron-la-cola-hace-millones-de-anos\/"},"wordCount":386,"commentCount":0,"publisher":{"@id":"https:\/\/fuentesfidedignas.com.mx\/#organization"},"image":{"@id":"https:\/\/fuentesfidedignas.com.mx\/index.php\/2024\/03\/01\/cientificos-resuelven-misterio-por-el-que-los-humanos-perdieron-la-cola-hace-millones-de-anos\/#primaryimage"},"thumbnailUrl":"https:\/\/fuentesfidedignas.com.mx\/wp-content\/uploads\/2024\/02\/COLA_HUMANA.jpg","articleSection":["LAS ASOMBROSAS"],"inLanguage":"es","potentialAction":[{"@type":"CommentAction","name":"Comment","target":["https:\/\/fuentesfidedignas.com.mx\/index.php\/2024\/03\/01\/cientificos-resuelven-misterio-por-el-que-los-humanos-perdieron-la-cola-hace-millones-de-anos\/#respond"]}]},{"@type":"WebPage","@id":"https:\/\/fuentesfidedignas.com.mx\/index.php\/2024\/03\/01\/cientificos-resuelven-misterio-por-el-que-los-humanos-perdieron-la-cola-hace-millones-de-anos\/","url":"https:\/\/fuentesfidedignas.com.mx\/index.php\/2024\/03\/01\/cientificos-resuelven-misterio-por-el-que-los-humanos-perdieron-la-cola-hace-millones-de-anos\/","name":"Cient\u00edficos resuelven misterio por el que los humanos perdieron la cola hace millones de a\u00f1os - Fuentes Fidedignas","isPartOf":{"@id":"https:\/\/fuentesfidedignas.com.mx\/#website"},"primaryImageOfPage":{"@id":"https:\/\/fuentesfidedignas.com.mx\/index.php\/2024\/03\/01\/cientificos-resuelven-misterio-por-el-que-los-humanos-perdieron-la-cola-hace-millones-de-anos\/#primaryimage"},"image":{"@id":"https:\/\/fuentesfidedignas.com.mx\/index.php\/2024\/03\/01\/cientificos-resuelven-misterio-por-el-que-los-humanos-perdieron-la-cola-hace-millones-de-anos\/#primaryimage"},"thumbnailUrl":"https:\/\/fuentesfidedignas.com.mx\/wp-content\/uploads\/2024\/02\/COLA_HUMANA.jpg","datePublished":"2024-03-01T12:47:24+00:00","breadcrumb":{"@id":"https:\/\/fuentesfidedignas.com.mx\/index.php\/2024\/03\/01\/cientificos-resuelven-misterio-por-el-que-los-humanos-perdieron-la-cola-hace-millones-de-anos\/#breadcrumb"},"inLanguage":"es","potentialAction":[{"@type":"ReadAction","target":["https:\/\/fuentesfidedignas.com.mx\/index.php\/2024\/03\/01\/cientificos-resuelven-misterio-por-el-que-los-humanos-perdieron-la-cola-hace-millones-de-anos\/"]}]},{"@type":"ImageObject","inLanguage":"es","@id":"https:\/\/fuentesfidedignas.com.mx\/index.php\/2024\/03\/01\/cientificos-resuelven-misterio-por-el-que-los-humanos-perdieron-la-cola-hace-millones-de-anos\/#primaryimage","url":"https:\/\/fuentesfidedignas.com.mx\/wp-content\/uploads\/2024\/02\/COLA_HUMANA.jpg","contentUrl":"https:\/\/fuentesfidedignas.com.mx\/wp-content\/uploads\/2024\/02\/COLA_HUMANA.jpg","width":855,"height":643},{"@type":"BreadcrumbList","@id":"https:\/\/fuentesfidedignas.com.mx\/index.php\/2024\/03\/01\/cientificos-resuelven-misterio-por-el-que-los-humanos-perdieron-la-cola-hace-millones-de-anos\/#breadcrumb","itemListElement":[{"@type":"ListItem","position":1,"name":"Inicio","item":"https:\/\/fuentesfidedignas.com.mx\/"},{"@type":"ListItem","position":2,"name":"Cient\u00edficos resuelven misterio por el que los humanos perdieron la cola hace millones de a\u00f1os"}]},{"@type":"WebSite","@id":"https:\/\/fuentesfidedignas.com.mx\/#website","url":"https:\/\/fuentesfidedignas.com.mx\/","name":"Fuentes Fidedignas","description":"Otro sitio realizado con WordPress","publisher":{"@id":"https:\/\/fuentesfidedignas.com.mx\/#organization"},"potentialAction":[{"@type":"SearchAction","target":{"@type":"EntryPoint","urlTemplate":"https:\/\/fuentesfidedignas.com.mx\/?s={search_term_string}"},"query-input":{"@type":"PropertyValueSpecification","valueRequired":true,"valueName":"search_term_string"}}],"inLanguage":"es"},{"@type":"Organization","@id":"https:\/\/fuentesfidedignas.com.mx\/#organization","name":"Fuentes Fidedignas","url":"https:\/\/fuentesfidedignas.com.mx\/","logo":{"@type":"ImageObject","inLanguage":"es","@id":"https:\/\/fuentesfidedignas.com.mx\/#\/schema\/logo\/image\/","url":"https:\/\/fuentesfidedignas.com.mx\/wp-content\/uploads\/2021\/04\/logo-retina.png","contentUrl":"https:\/\/fuentesfidedignas.com.mx\/wp-content\/uploads\/2021\/04\/logo-retina.png","width":280,"height":51,"caption":"Fuentes Fidedignas"},"image":{"@id":"https:\/\/fuentesfidedignas.com.mx\/#\/schema\/logo\/image\/"},"sameAs":["https:\/\/www.facebook.com\/Fuentes-Fidedignas-368234489921644","https:\/\/x.com\/fidedignas"]},{"@type":"Person","@id":"https:\/\/fuentesfidedignas.com.mx\/#\/schema\/person\/ec4edd1fbf5efa3e44fce34fe2787780","name":"Exc\u00e9lsior","image":{"@type":"ImageObject","inLanguage":"es","@id":"https:\/\/secure.gravatar.com\/avatar\/4b7ee9206b48be08447852b3f0814dbc7c0f3b51541b164f1464a2725614020b?s=96&d=mm&r=g","url":"https:\/\/secure.gravatar.com\/avatar\/4b7ee9206b48be08447852b3f0814dbc7c0f3b51541b164f1464a2725614020b?s=96&d=mm&r=g","contentUrl":"https:\/\/secure.gravatar.com\/avatar\/4b7ee9206b48be08447852b3f0814dbc7c0f3b51541b164f1464a2725614020b?s=96&d=mm&r=g","caption":"Exc\u00e9lsior"},"url":"https:\/\/fuentesfidedignas.com.mx\/index.php\/author\/excelsior\/"}]}},"_links":{"self":[{"href":"https:\/\/fuentesfidedignas.com.mx\/index.php\/wp-json\/wp\/v2\/posts\/75483","targetHints":{"allow":["GET"]}}],"collection":[{"href":"https:\/\/fuentesfidedignas.com.mx\/index.php\/wp-json\/wp\/v2\/posts"}],"about":[{"href":"https:\/\/fuentesfidedignas.com.mx\/index.php\/wp-json\/wp\/v2\/types\/post"}],"author":[{"embeddable":true,"href":"https:\/\/fuentesfidedignas.com.mx\/index.php\/wp-json\/wp\/v2\/users\/7"}],"replies":[{"embeddable":true,"href":"https:\/\/fuentesfidedignas.com.mx\/index.php\/wp-json\/wp\/v2\/comments?post=75483"}],"version-history":[{"count":1,"href":"https:\/\/fuentesfidedignas.com.mx\/index.php\/wp-json\/wp\/v2\/posts\/75483\/revisions"}],"predecessor-version":[{"id":75485,"href":"https:\/\/fuentesfidedignas.com.mx\/index.php\/wp-json\/wp\/v2\/posts\/75483\/revisions\/75485"}],"wp:featuredmedia":[{"embeddable":true,"href":"https:\/\/fuentesfidedignas.com.mx\/index.php\/wp-json\/wp\/v2\/media\/75484"}],"wp:attachment":[{"href":"https:\/\/fuentesfidedignas.com.mx\/index.php\/wp-json\/wp\/v2\/media?parent=75483"}],"wp:term":[{"taxonomy":"category","embeddable":true,"href":"https:\/\/fuentesfidedignas.com.mx\/index.php\/wp-json\/wp\/v2\/categories?post=75483"},{"taxonomy":"post_tag","embeddable":true,"href":"https:\/\/fuentesfidedignas.com.mx\/index.php\/wp-json\/wp\/v2\/tags?post=75483"}],"curies":[{"name":"wp","href":"https:\/\/api.w.org\/{rel}","templated":true}]}}