{"id":7548,"date":"2021-07-15T14:18:43","date_gmt":"2021-07-15T21:18:43","guid":{"rendered":"https:\/\/fuentesfidedignas.com.mx\/?p=7548"},"modified":"2021-07-15T14:18:44","modified_gmt":"2021-07-15T21:18:44","slug":"aprueba-congreso-reformas-que-garantizan-anualmente-presupuesto-a-bibliotecas-publicas","status":"publish","type":"post","link":"https:\/\/fuentesfidedignas.com.mx\/index.php\/2021\/07\/15\/aprueba-congreso-reformas-que-garantizan-anualmente-presupuesto-a-bibliotecas-publicas\/","title":{"rendered":"Aprueba Congreso reformas que garantizan anualmente presupuesto a bibliotecas p\u00fablicas"},"content":{"rendered":"\n<p><strong><em>Durante la discusi\u00f3n del dictamen, a favor del mismo hablaron los diputados, Jos\u00e9 Rosario Romero L\u00f3pez y Jes\u00fas Armando Ram\u00edrez Guzm\u00e1n, de Morena y PRI, respectivamente.<\/em><\/strong><\/p>\n\n\n\n<p>Culiac\u00e1n, Sin.- El Congreso del Estado de Sinaloa aprob\u00f3 por unanimidad que el Ejecutivo estatal y los Ayuntamientos destinen anualmente presupuesto para bibliotecas p\u00fablicas.<\/p>\n\n\n\n<p>En Sesi\u00f3n P\u00fablica Ordinaria, modalidad virtual, diputadas y diputados aprobaron reformar las fracciones III y IV del art\u00edculo 9, as\u00ed como adicionar un art\u00edculo 2 Bis, a la Ley de Bibliotecas del Estado de Sinaloa.<\/p>\n\n\n\n<p>Durante la discusi\u00f3n del dictamen, a favor del mismo hablaron los diputados, Jos\u00e9 Rosario Romero L\u00f3pez y Jes\u00fas Armando Ram\u00edrez Guzm\u00e1n, de Morena y PRI, respectivamente.<\/p>\n\n\n\n<p>Con esta reforma, el titular del Poder Ejecutivo al remitir al Poder Legislativo la iniciativa de Ley de Ingresos y Presupuesto de Egresos del Estado de Sinaloa, para el Ejercicio Fiscal del a\u00f1o correspondiente, deber\u00e1 establecer asignaciones espec\u00edficas destinadas a las bibliotecas p\u00fablicas, mismas que no podr\u00e1n ser inferiores a las asignadas en el presupuesto inmediato anterior.<\/p>\n\n\n\n<p>Las mismas previsiones deber\u00e1n ser consideradas por los Ayuntamientos en sus<br>correspondientes Presupuestos de Egresos.<\/p>\n\n\n\n<p>Tambi\u00e9n se aprob\u00f3 que el presidente de la Comisi\u00f3n de Biblioteca, Cultura Parlamentaria y Asuntos Editoriales del Congreso del Estado, se integre como Vocal al Consejo de la Red Estatal de Bibliotecas P\u00fablicas.<\/p>\n\n\n\n<p>Con 31 votos, el Pleno aprob\u00f3 dictamen de la Comisi\u00f3n de Biblioteca, Cultura Parlamentaria y Asuntos Editoriales, elaborado con dos iniciativas presentadas por diputados y diputadas de Morena, coordinados actualmente por el diputado Jos\u00e9 Rosario Romero L\u00f3pez.<\/p>\n\n\n\n<p>De acuerdo con el dictamen en lo general aprobado por el Pleno, las bibliotecas p\u00fablicas ocupan un lugar estrat\u00e9gico en la construcci\u00f3n del tejido social de nuestro pa\u00eds, ya que son necesarias para el desarrollo cultural, l\u00fadico y educativo, aspectos clave no s\u00f3lo para facilitar el ingreso de las personas a la denominada sociedad de la informaci\u00f3n y del conocimiento, sino para reducir las desigualdades que prevalecen en la actualidad.<\/p>\n\n\n\n<p>La Comisi\u00f3n dictaminadora estim\u00f3 preponderante para el Estado generar leyes y reformas que impulsen la consolidaci\u00f3n de los derechos humanos, tales como educaci\u00f3n, acceso a la cultura, derechos de ni\u00f1as, ni\u00f1os y adolescentes, tales como al desarrollo, al esparcimiento, libertad de expresi\u00f3n y acceso a la informaci\u00f3n, de acceso a tecnolog\u00edas de la informaci\u00f3n y comunicaci\u00f3n, entre otros, los cuales tienen una estrecha relaci\u00f3n con el funcionamiento de bibliotecas p\u00fablicas.<\/p>\n\n\n\n<p>El presente Decreto entrar\u00e1 en vigor al d\u00eda siguiente de su publicaci\u00f3n en el Peri\u00f3dico Oficial \u201cEl Estado de Sinaloa&#8221;.<\/p>\n","protected":false},"excerpt":{"rendered":"<p>Durante la discusi\u00f3n del dictamen, a favor del mismo hablaron los diputados, Jos\u00e9 Rosario Romero L\u00f3pez y Jes\u00fas Armando Ram\u00edrez Guzm\u00e1n, de Morena y PRI, respectivamente. Culiac\u00e1n, Sin.- El Congreso del Estado de Sinaloa aprob\u00f3 por unanimidad que el Ejecutivo estatal y los Ayuntamientos destinen anualmente presupuesto para bibliotecas p\u00fablicas. En Sesi\u00f3n P\u00fablica Ordinaria, modalidad [&hellip;]<\/p>\n","protected":false},"author":4,"featured_media":7549,"comment_status":"open","ping_status":"open","sticky":false,"template":"","format":"standard","meta":{"tdm_status":"","tdm_grid_status":"","footnotes":""},"categories":[38],"tags":[1195,708],"class_list":{"0":"post-7548","1":"post","2":"type-post","3":"status-publish","4":"format-standard","5":"has-post-thumbnail","7":"category-noticias-locales","8":"tag-biblioteca","9":"tag-congreso-del-estado-de-sinaloa"},"yoast_head":"<!-- This site is optimized with the Yoast SEO plugin v27.5 - https:\/\/yoast.com\/product\/yoast-seo-wordpress\/ -->\n<title>Aprueba Congreso reformas que garantizan anualmente presupuesto a bibliotecas p\u00fablicas - Fuentes Fidedignas<\/title>\n<meta name=\"robots\" content=\"index, follow, max-snippet:-1, max-image-preview:large, max-video-preview:-1\" \/>\n<link rel=\"canonical\" href=\"https:\/\/fuentesfidedignas.com.mx\/index.php\/2021\/07\/15\/aprueba-congreso-reformas-que-garantizan-anualmente-presupuesto-a-bibliotecas-publicas\/\" \/>\n<meta property=\"og:locale\" content=\"es_MX\" \/>\n<meta property=\"og:type\" content=\"article\" \/>\n<meta property=\"og:title\" content=\"Aprueba Congreso reformas que garantizan anualmente presupuesto a bibliotecas p\u00fablicas - Fuentes Fidedignas\" \/>\n<meta property=\"og:description\" content=\"Durante la discusi\u00f3n del dictamen, a favor del mismo hablaron los diputados, Jos\u00e9 Rosario Romero L\u00f3pez y Jes\u00fas Armando Ram\u00edrez Guzm\u00e1n, de Morena y PRI, respectivamente. Culiac\u00e1n, Sin.- El Congreso del Estado de Sinaloa aprob\u00f3 por unanimidad que el Ejecutivo estatal y los Ayuntamientos destinen anualmente presupuesto para bibliotecas p\u00fablicas. En Sesi\u00f3n P\u00fablica Ordinaria, modalidad [&hellip;]\" \/>\n<meta property=\"og:url\" content=\"https:\/\/fuentesfidedignas.com.mx\/index.php\/2021\/07\/15\/aprueba-congreso-reformas-que-garantizan-anualmente-presupuesto-a-bibliotecas-publicas\/\" \/>\n<meta property=\"og:site_name\" content=\"Fuentes Fidedignas\" \/>\n<meta property=\"article:publisher\" content=\"https:\/\/www.facebook.com\/Fuentes-Fidedignas-368234489921644\" \/>\n<meta property=\"article:published_time\" content=\"2021-07-15T21:18:43+00:00\" \/>\n<meta property=\"article:modified_time\" content=\"2021-07-15T21:18:44+00:00\" \/>\n<meta property=\"og:image\" content=\"https:\/\/fuentesfidedignas.com.mx\/wp-content\/uploads\/2021\/07\/unnamed-5.jpg\" \/>\n\t<meta property=\"og:image:width\" content=\"1000\" \/>\n\t<meta property=\"og:image:height\" content=\"668\" \/>\n\t<meta property=\"og:image:type\" content=\"image\/jpeg\" \/>\n<meta name=\"author\" content=\"Redacci\u00f3n\" \/>\n<meta name=\"twitter:card\" content=\"summary_large_image\" \/>\n<meta name=\"twitter:creator\" content=\"@fidedignas\" \/>\n<meta name=\"twitter:site\" content=\"@fidedignas\" \/>\n<meta name=\"twitter:label1\" content=\"Escrito por\" \/>\n\t<meta name=\"twitter:data1\" content=\"Redacci\u00f3n\" \/>\n\t<meta name=\"twitter:label2\" content=\"Tiempo de lectura\" \/>\n\t<meta name=\"twitter:data2\" content=\"2 minutos\" \/>\n<script type=\"application\/ld+json\" class=\"yoast-schema-graph\">{\"@context\":\"https:\\\/\\\/schema.org\",\"@graph\":[{\"@type\":\"Article\",\"@id\":\"https:\\\/\\\/fuentesfidedignas.com.mx\\\/index.php\\\/2021\\\/07\\\/15\\\/aprueba-congreso-reformas-que-garantizan-anualmente-presupuesto-a-bibliotecas-publicas\\\/#article\",\"isPartOf\":{\"@id\":\"https:\\\/\\\/fuentesfidedignas.com.mx\\\/index.php\\\/2021\\\/07\\\/15\\\/aprueba-congreso-reformas-que-garantizan-anualmente-presupuesto-a-bibliotecas-publicas\\\/\"},\"author\":{\"name\":\"Redacci\u00f3n\",\"@id\":\"https:\\\/\\\/fuentesfidedignas.com.mx\\\/#\\\/schema\\\/person\\\/331be9283d37198e2acd5750279085b0\"},\"headline\":\"Aprueba Congreso reformas que garantizan anualmente presupuesto a bibliotecas p\u00fablicas\",\"datePublished\":\"2021-07-15T21:18:43+00:00\",\"dateModified\":\"2021-07-15T21:18:44+00:00\",\"mainEntityOfPage\":{\"@id\":\"https:\\\/\\\/fuentesfidedignas.com.mx\\\/index.php\\\/2021\\\/07\\\/15\\\/aprueba-congreso-reformas-que-garantizan-anualmente-presupuesto-a-bibliotecas-publicas\\\/\"},\"wordCount\":469,\"commentCount\":0,\"publisher\":{\"@id\":\"https:\\\/\\\/fuentesfidedignas.com.mx\\\/#organization\"},\"image\":{\"@id\":\"https:\\\/\\\/fuentesfidedignas.com.mx\\\/index.php\\\/2021\\\/07\\\/15\\\/aprueba-congreso-reformas-que-garantizan-anualmente-presupuesto-a-bibliotecas-publicas\\\/#primaryimage\"},\"thumbnailUrl\":\"https:\\\/\\\/fuentesfidedignas.com.mx\\\/wp-content\\\/uploads\\\/2021\\\/07\\\/unnamed-5.jpg\",\"keywords\":[\"Biblioteca\",\"Congreso del Estado de Sinaloa\"],\"articleSection\":[\"NOTICIAS LOCALES\"],\"inLanguage\":\"es\",\"potentialAction\":[{\"@type\":\"CommentAction\",\"name\":\"Comment\",\"target\":[\"https:\\\/\\\/fuentesfidedignas.com.mx\\\/index.php\\\/2021\\\/07\\\/15\\\/aprueba-congreso-reformas-que-garantizan-anualmente-presupuesto-a-bibliotecas-publicas\\\/#respond\"]}]},{\"@type\":\"WebPage\",\"@id\":\"https:\\\/\\\/fuentesfidedignas.com.mx\\\/index.php\\\/2021\\\/07\\\/15\\\/aprueba-congreso-reformas-que-garantizan-anualmente-presupuesto-a-bibliotecas-publicas\\\/\",\"url\":\"https:\\\/\\\/fuentesfidedignas.com.mx\\\/index.php\\\/2021\\\/07\\\/15\\\/aprueba-congreso-reformas-que-garantizan-anualmente-presupuesto-a-bibliotecas-publicas\\\/\",\"name\":\"Aprueba Congreso reformas que garantizan anualmente presupuesto a bibliotecas p\u00fablicas - Fuentes Fidedignas\",\"isPartOf\":{\"@id\":\"https:\\\/\\\/fuentesfidedignas.com.mx\\\/#website\"},\"primaryImageOfPage\":{\"@id\":\"https:\\\/\\\/fuentesfidedignas.com.mx\\\/index.php\\\/2021\\\/07\\\/15\\\/aprueba-congreso-reformas-que-garantizan-anualmente-presupuesto-a-bibliotecas-publicas\\\/#primaryimage\"},\"image\":{\"@id\":\"https:\\\/\\\/fuentesfidedignas.com.mx\\\/index.php\\\/2021\\\/07\\\/15\\\/aprueba-congreso-reformas-que-garantizan-anualmente-presupuesto-a-bibliotecas-publicas\\\/#primaryimage\"},\"thumbnailUrl\":\"https:\\\/\\\/fuentesfidedignas.com.mx\\\/wp-content\\\/uploads\\\/2021\\\/07\\\/unnamed-5.jpg\",\"datePublished\":\"2021-07-15T21:18:43+00:00\",\"dateModified\":\"2021-07-15T21:18:44+00:00\",\"breadcrumb\":{\"@id\":\"https:\\\/\\\/fuentesfidedignas.com.mx\\\/index.php\\\/2021\\\/07\\\/15\\\/aprueba-congreso-reformas-que-garantizan-anualmente-presupuesto-a-bibliotecas-publicas\\\/#breadcrumb\"},\"inLanguage\":\"es\",\"potentialAction\":[{\"@type\":\"ReadAction\",\"target\":[\"https:\\\/\\\/fuentesfidedignas.com.mx\\\/index.php\\\/2021\\\/07\\\/15\\\/aprueba-congreso-reformas-que-garantizan-anualmente-presupuesto-a-bibliotecas-publicas\\\/\"]}]},{\"@type\":\"ImageObject\",\"inLanguage\":\"es\",\"@id\":\"https:\\\/\\\/fuentesfidedignas.com.mx\\\/index.php\\\/2021\\\/07\\\/15\\\/aprueba-congreso-reformas-que-garantizan-anualmente-presupuesto-a-bibliotecas-publicas\\\/#primaryimage\",\"url\":\"https:\\\/\\\/fuentesfidedignas.com.mx\\\/wp-content\\\/uploads\\\/2021\\\/07\\\/unnamed-5.jpg\",\"contentUrl\":\"https:\\\/\\\/fuentesfidedignas.com.mx\\\/wp-content\\\/uploads\\\/2021\\\/07\\\/unnamed-5.jpg\",\"width\":1000,\"height\":668},{\"@type\":\"BreadcrumbList\",\"@id\":\"https:\\\/\\\/fuentesfidedignas.com.mx\\\/index.php\\\/2021\\\/07\\\/15\\\/aprueba-congreso-reformas-que-garantizan-anualmente-presupuesto-a-bibliotecas-publicas\\\/#breadcrumb\",\"itemListElement\":[{\"@type\":\"ListItem\",\"position\":1,\"name\":\"Inicio\",\"item\":\"https:\\\/\\\/fuentesfidedignas.com.mx\\\/\"},{\"@type\":\"ListItem\",\"position\":2,\"name\":\"Aprueba Congreso reformas que garantizan anualmente presupuesto a bibliotecas p\u00fablicas\"}]},{\"@type\":\"WebSite\",\"@id\":\"https:\\\/\\\/fuentesfidedignas.com.mx\\\/#website\",\"url\":\"https:\\\/\\\/fuentesfidedignas.com.mx\\\/\",\"name\":\"Fuentes Fidedignas\",\"description\":\"Otro sitio realizado con WordPress\",\"publisher\":{\"@id\":\"https:\\\/\\\/fuentesfidedignas.com.mx\\\/#organization\"},\"potentialAction\":[{\"@type\":\"SearchAction\",\"target\":{\"@type\":\"EntryPoint\",\"urlTemplate\":\"https:\\\/\\\/fuentesfidedignas.com.mx\\\/?s={search_term_string}\"},\"query-input\":{\"@type\":\"PropertyValueSpecification\",\"valueRequired\":true,\"valueName\":\"search_term_string\"}}],\"inLanguage\":\"es\"},{\"@type\":\"Organization\",\"@id\":\"https:\\\/\\\/fuentesfidedignas.com.mx\\\/#organization\",\"name\":\"Fuentes Fidedignas\",\"url\":\"https:\\\/\\\/fuentesfidedignas.com.mx\\\/\",\"logo\":{\"@type\":\"ImageObject\",\"inLanguage\":\"es\",\"@id\":\"https:\\\/\\\/fuentesfidedignas.com.mx\\\/#\\\/schema\\\/logo\\\/image\\\/\",\"url\":\"https:\\\/\\\/fuentesfidedignas.com.mx\\\/wp-content\\\/uploads\\\/2021\\\/04\\\/logo-retina.png\",\"contentUrl\":\"https:\\\/\\\/fuentesfidedignas.com.mx\\\/wp-content\\\/uploads\\\/2021\\\/04\\\/logo-retina.png\",\"width\":280,\"height\":51,\"caption\":\"Fuentes Fidedignas\"},\"image\":{\"@id\":\"https:\\\/\\\/fuentesfidedignas.com.mx\\\/#\\\/schema\\\/logo\\\/image\\\/\"},\"sameAs\":[\"https:\\\/\\\/www.facebook.com\\\/Fuentes-Fidedignas-368234489921644\",\"https:\\\/\\\/x.com\\\/fidedignas\"]},{\"@type\":\"Person\",\"@id\":\"https:\\\/\\\/fuentesfidedignas.com.mx\\\/#\\\/schema\\\/person\\\/331be9283d37198e2acd5750279085b0\",\"name\":\"Redacci\u00f3n\",\"image\":{\"@type\":\"ImageObject\",\"inLanguage\":\"es\",\"@id\":\"https:\\\/\\\/secure.gravatar.com\\\/avatar\\\/f6d8782c11d12b2d4ad3fbb6931aeab5309937a4d6cd2fc9cfaa28a6396a5aec?s=96&d=mm&r=g\",\"url\":\"https:\\\/\\\/secure.gravatar.com\\\/avatar\\\/f6d8782c11d12b2d4ad3fbb6931aeab5309937a4d6cd2fc9cfaa28a6396a5aec?s=96&d=mm&r=g\",\"contentUrl\":\"https:\\\/\\\/secure.gravatar.com\\\/avatar\\\/f6d8782c11d12b2d4ad3fbb6931aeab5309937a4d6cd2fc9cfaa28a6396a5aec?s=96&d=mm&r=g\",\"caption\":\"Redacci\u00f3n\"},\"url\":\"https:\\\/\\\/fuentesfidedignas.com.mx\\\/index.php\\\/author\\\/redaccion\\\/\"}]}<\/script>\n<!-- \/ Yoast SEO plugin. -->","yoast_head_json":{"title":"Aprueba Congreso reformas que garantizan anualmente presupuesto a bibliotecas p\u00fablicas - Fuentes Fidedignas","robots":{"index":"index","follow":"follow","max-snippet":"max-snippet:-1","max-image-preview":"max-image-preview:large","max-video-preview":"max-video-preview:-1"},"canonical":"https:\/\/fuentesfidedignas.com.mx\/index.php\/2021\/07\/15\/aprueba-congreso-reformas-que-garantizan-anualmente-presupuesto-a-bibliotecas-publicas\/","og_locale":"es_MX","og_type":"article","og_title":"Aprueba Congreso reformas que garantizan anualmente presupuesto a bibliotecas p\u00fablicas - Fuentes Fidedignas","og_description":"Durante la discusi\u00f3n del dictamen, a favor del mismo hablaron los diputados, Jos\u00e9 Rosario Romero L\u00f3pez y Jes\u00fas Armando Ram\u00edrez Guzm\u00e1n, de Morena y PRI, respectivamente. Culiac\u00e1n, Sin.- El Congreso del Estado de Sinaloa aprob\u00f3 por unanimidad que el Ejecutivo estatal y los Ayuntamientos destinen anualmente presupuesto para bibliotecas p\u00fablicas. En Sesi\u00f3n P\u00fablica Ordinaria, modalidad [&hellip;]","og_url":"https:\/\/fuentesfidedignas.com.mx\/index.php\/2021\/07\/15\/aprueba-congreso-reformas-que-garantizan-anualmente-presupuesto-a-bibliotecas-publicas\/","og_site_name":"Fuentes Fidedignas","article_publisher":"https:\/\/www.facebook.com\/Fuentes-Fidedignas-368234489921644","article_published_time":"2021-07-15T21:18:43+00:00","article_modified_time":"2021-07-15T21:18:44+00:00","og_image":[{"width":1000,"height":668,"url":"https:\/\/fuentesfidedignas.com.mx\/wp-content\/uploads\/2021\/07\/unnamed-5.jpg","type":"image\/jpeg"}],"author":"Redacci\u00f3n","twitter_card":"summary_large_image","twitter_creator":"@fidedignas","twitter_site":"@fidedignas","twitter_misc":{"Escrito por":"Redacci\u00f3n","Tiempo de lectura":"2 minutos"},"schema":{"@context":"https:\/\/schema.org","@graph":[{"@type":"Article","@id":"https:\/\/fuentesfidedignas.com.mx\/index.php\/2021\/07\/15\/aprueba-congreso-reformas-que-garantizan-anualmente-presupuesto-a-bibliotecas-publicas\/#article","isPartOf":{"@id":"https:\/\/fuentesfidedignas.com.mx\/index.php\/2021\/07\/15\/aprueba-congreso-reformas-que-garantizan-anualmente-presupuesto-a-bibliotecas-publicas\/"},"author":{"name":"Redacci\u00f3n","@id":"https:\/\/fuentesfidedignas.com.mx\/#\/schema\/person\/331be9283d37198e2acd5750279085b0"},"headline":"Aprueba Congreso reformas que garantizan anualmente presupuesto a bibliotecas p\u00fablicas","datePublished":"2021-07-15T21:18:43+00:00","dateModified":"2021-07-15T21:18:44+00:00","mainEntityOfPage":{"@id":"https:\/\/fuentesfidedignas.com.mx\/index.php\/2021\/07\/15\/aprueba-congreso-reformas-que-garantizan-anualmente-presupuesto-a-bibliotecas-publicas\/"},"wordCount":469,"commentCount":0,"publisher":{"@id":"https:\/\/fuentesfidedignas.com.mx\/#organization"},"image":{"@id":"https:\/\/fuentesfidedignas.com.mx\/index.php\/2021\/07\/15\/aprueba-congreso-reformas-que-garantizan-anualmente-presupuesto-a-bibliotecas-publicas\/#primaryimage"},"thumbnailUrl":"https:\/\/fuentesfidedignas.com.mx\/wp-content\/uploads\/2021\/07\/unnamed-5.jpg","keywords":["Biblioteca","Congreso del Estado de Sinaloa"],"articleSection":["NOTICIAS LOCALES"],"inLanguage":"es","potentialAction":[{"@type":"CommentAction","name":"Comment","target":["https:\/\/fuentesfidedignas.com.mx\/index.php\/2021\/07\/15\/aprueba-congreso-reformas-que-garantizan-anualmente-presupuesto-a-bibliotecas-publicas\/#respond"]}]},{"@type":"WebPage","@id":"https:\/\/fuentesfidedignas.com.mx\/index.php\/2021\/07\/15\/aprueba-congreso-reformas-que-garantizan-anualmente-presupuesto-a-bibliotecas-publicas\/","url":"https:\/\/fuentesfidedignas.com.mx\/index.php\/2021\/07\/15\/aprueba-congreso-reformas-que-garantizan-anualmente-presupuesto-a-bibliotecas-publicas\/","name":"Aprueba Congreso reformas que garantizan anualmente presupuesto a bibliotecas p\u00fablicas - Fuentes Fidedignas","isPartOf":{"@id":"https:\/\/fuentesfidedignas.com.mx\/#website"},"primaryImageOfPage":{"@id":"https:\/\/fuentesfidedignas.com.mx\/index.php\/2021\/07\/15\/aprueba-congreso-reformas-que-garantizan-anualmente-presupuesto-a-bibliotecas-publicas\/#primaryimage"},"image":{"@id":"https:\/\/fuentesfidedignas.com.mx\/index.php\/2021\/07\/15\/aprueba-congreso-reformas-que-garantizan-anualmente-presupuesto-a-bibliotecas-publicas\/#primaryimage"},"thumbnailUrl":"https:\/\/fuentesfidedignas.com.mx\/wp-content\/uploads\/2021\/07\/unnamed-5.jpg","datePublished":"2021-07-15T21:18:43+00:00","dateModified":"2021-07-15T21:18:44+00:00","breadcrumb":{"@id":"https:\/\/fuentesfidedignas.com.mx\/index.php\/2021\/07\/15\/aprueba-congreso-reformas-que-garantizan-anualmente-presupuesto-a-bibliotecas-publicas\/#breadcrumb"},"inLanguage":"es","potentialAction":[{"@type":"ReadAction","target":["https:\/\/fuentesfidedignas.com.mx\/index.php\/2021\/07\/15\/aprueba-congreso-reformas-que-garantizan-anualmente-presupuesto-a-bibliotecas-publicas\/"]}]},{"@type":"ImageObject","inLanguage":"es","@id":"https:\/\/fuentesfidedignas.com.mx\/index.php\/2021\/07\/15\/aprueba-congreso-reformas-que-garantizan-anualmente-presupuesto-a-bibliotecas-publicas\/#primaryimage","url":"https:\/\/fuentesfidedignas.com.mx\/wp-content\/uploads\/2021\/07\/unnamed-5.jpg","contentUrl":"https:\/\/fuentesfidedignas.com.mx\/wp-content\/uploads\/2021\/07\/unnamed-5.jpg","width":1000,"height":668},{"@type":"BreadcrumbList","@id":"https:\/\/fuentesfidedignas.com.mx\/index.php\/2021\/07\/15\/aprueba-congreso-reformas-que-garantizan-anualmente-presupuesto-a-bibliotecas-publicas\/#breadcrumb","itemListElement":[{"@type":"ListItem","position":1,"name":"Inicio","item":"https:\/\/fuentesfidedignas.com.mx\/"},{"@type":"ListItem","position":2,"name":"Aprueba Congreso reformas que garantizan anualmente presupuesto a bibliotecas p\u00fablicas"}]},{"@type":"WebSite","@id":"https:\/\/fuentesfidedignas.com.mx\/#website","url":"https:\/\/fuentesfidedignas.com.mx\/","name":"Fuentes Fidedignas","description":"Otro sitio realizado con WordPress","publisher":{"@id":"https:\/\/fuentesfidedignas.com.mx\/#organization"},"potentialAction":[{"@type":"SearchAction","target":{"@type":"EntryPoint","urlTemplate":"https:\/\/fuentesfidedignas.com.mx\/?s={search_term_string}"},"query-input":{"@type":"PropertyValueSpecification","valueRequired":true,"valueName":"search_term_string"}}],"inLanguage":"es"},{"@type":"Organization","@id":"https:\/\/fuentesfidedignas.com.mx\/#organization","name":"Fuentes Fidedignas","url":"https:\/\/fuentesfidedignas.com.mx\/","logo":{"@type":"ImageObject","inLanguage":"es","@id":"https:\/\/fuentesfidedignas.com.mx\/#\/schema\/logo\/image\/","url":"https:\/\/fuentesfidedignas.com.mx\/wp-content\/uploads\/2021\/04\/logo-retina.png","contentUrl":"https:\/\/fuentesfidedignas.com.mx\/wp-content\/uploads\/2021\/04\/logo-retina.png","width":280,"height":51,"caption":"Fuentes Fidedignas"},"image":{"@id":"https:\/\/fuentesfidedignas.com.mx\/#\/schema\/logo\/image\/"},"sameAs":["https:\/\/www.facebook.com\/Fuentes-Fidedignas-368234489921644","https:\/\/x.com\/fidedignas"]},{"@type":"Person","@id":"https:\/\/fuentesfidedignas.com.mx\/#\/schema\/person\/331be9283d37198e2acd5750279085b0","name":"Redacci\u00f3n","image":{"@type":"ImageObject","inLanguage":"es","@id":"https:\/\/secure.gravatar.com\/avatar\/f6d8782c11d12b2d4ad3fbb6931aeab5309937a4d6cd2fc9cfaa28a6396a5aec?s=96&d=mm&r=g","url":"https:\/\/secure.gravatar.com\/avatar\/f6d8782c11d12b2d4ad3fbb6931aeab5309937a4d6cd2fc9cfaa28a6396a5aec?s=96&d=mm&r=g","contentUrl":"https:\/\/secure.gravatar.com\/avatar\/f6d8782c11d12b2d4ad3fbb6931aeab5309937a4d6cd2fc9cfaa28a6396a5aec?s=96&d=mm&r=g","caption":"Redacci\u00f3n"},"url":"https:\/\/fuentesfidedignas.com.mx\/index.php\/author\/redaccion\/"}]}},"_links":{"self":[{"href":"https:\/\/fuentesfidedignas.com.mx\/index.php\/wp-json\/wp\/v2\/posts\/7548","targetHints":{"allow":["GET"]}}],"collection":[{"href":"https:\/\/fuentesfidedignas.com.mx\/index.php\/wp-json\/wp\/v2\/posts"}],"about":[{"href":"https:\/\/fuentesfidedignas.com.mx\/index.php\/wp-json\/wp\/v2\/types\/post"}],"author":[{"embeddable":true,"href":"https:\/\/fuentesfidedignas.com.mx\/index.php\/wp-json\/wp\/v2\/users\/4"}],"replies":[{"embeddable":true,"href":"https:\/\/fuentesfidedignas.com.mx\/index.php\/wp-json\/wp\/v2\/comments?post=7548"}],"version-history":[{"count":1,"href":"https:\/\/fuentesfidedignas.com.mx\/index.php\/wp-json\/wp\/v2\/posts\/7548\/revisions"}],"predecessor-version":[{"id":7550,"href":"https:\/\/fuentesfidedignas.com.mx\/index.php\/wp-json\/wp\/v2\/posts\/7548\/revisions\/7550"}],"wp:featuredmedia":[{"embeddable":true,"href":"https:\/\/fuentesfidedignas.com.mx\/index.php\/wp-json\/wp\/v2\/media\/7549"}],"wp:attachment":[{"href":"https:\/\/fuentesfidedignas.com.mx\/index.php\/wp-json\/wp\/v2\/media?parent=7548"}],"wp:term":[{"taxonomy":"category","embeddable":true,"href":"https:\/\/fuentesfidedignas.com.mx\/index.php\/wp-json\/wp\/v2\/categories?post=7548"},{"taxonomy":"post_tag","embeddable":true,"href":"https:\/\/fuentesfidedignas.com.mx\/index.php\/wp-json\/wp\/v2\/tags?post=7548"}],"curies":[{"name":"wp","href":"https:\/\/api.w.org\/{rel}","templated":true}]}}