{"id":75277,"date":"2024-02-28T07:08:00","date_gmt":"2024-02-28T14:08:00","guid":{"rendered":"https:\/\/fuentesfidedignas.com.mx\/?p=75277"},"modified":"2024-02-28T07:08:00","modified_gmt":"2024-02-28T14:08:00","slug":"papa-francisco-vuelve-a-ser-internado-en-el-hospital-esta-fue-la-razon","status":"publish","type":"post","link":"https:\/\/fuentesfidedignas.com.mx\/index.php\/2024\/02\/28\/papa-francisco-vuelve-a-ser-internado-en-el-hospital-esta-fue-la-razon\/","title":{"rendered":"Papa Francisco vuelve a ser internado en el hospital; esta fue la raz\u00f3n"},"content":{"rendered":"\n<p><strong><em>El sumo pont\u00edfice ya hab\u00eda cancelado sus citas el s\u00e1bado y el lunes, pero celebr\u00f3 la oraci\u00f3n del \u00c1ngelus el domingo.<\/em><\/strong><\/p>\n\n\n\n<p>El papa Francisco, de 87 a\u00f1os, que sufre desde hace varios d\u00edas de un &#8220;ligero estado gripal&#8221;, pas\u00f3 ex\u00e1menes en un hospital de Roma el mi\u00e9rcoles por la ma\u00f1ana, anunci\u00f3 el Vaticano.<\/p>\n\n\n\n<p>&#8220;Despu\u00e9s de la audiencia general, el papa Francisco fue al hospital Gemelli \u2014tradicionalmente recurrido por la Santa Sede\u2014 para los ex\u00e1menes de control. Luego regres\u00f3 al Vaticano&#8221;, anunci\u00f3 la santa sede en un comunicado.<\/p>\n\n\n\n<p>La Fiat 500 blanca del papa argentino sali\u00f3 del hospital situado en el centro de la capital italiana alrededor de las 12:00 horas (locales) bajo escolta policial. Esta ma\u00f1ana, Jorge Bergoglio celebr\u00f3 su audiencia general semanal en el Vaticano, pero no ley\u00f3 su propio texto.<\/p>\n\n\n\n<p>&#8220;Todav\u00eda estoy un poco resfriado&#8221;, se disculp\u00f3, con la voz quebrada ante los miles de fieles, confiando la lectura a un colaborador.<\/p>\n\n\n\n<p>El papa hab\u00eda cancelado sus citas el s\u00e1bado y el lunes, pero celebr\u00f3 la oraci\u00f3n del \u00c1ngelus el domingo. Francisco, que se traslada en silla de ruedas, experiment\u00f3 una serie de problemas de salud en los \u00faltimos a\u00f1os, especialmente en las rodillas, las caderas y el colon. Tambi\u00e9n fue operado del abdomen en junio y cancel\u00f3 su viaje a Dub\u00e1i para la COP28 en diciembre debido a una bronquitis.<\/p>\n\n\n\n<p><\/p>\n","protected":false},"excerpt":{"rendered":"<p>El sumo pont\u00edfice ya hab\u00eda cancelado sus citas el s\u00e1bado y el lunes, pero celebr\u00f3 la oraci\u00f3n del \u00c1ngelus el domingo. El papa Francisco, de 87 a\u00f1os, que sufre desde hace varios d\u00edas de un &#8220;ligero estado gripal&#8221;, pas\u00f3 ex\u00e1menes en un hospital de Roma el mi\u00e9rcoles por la ma\u00f1ana, anunci\u00f3 el Vaticano. &#8220;Despu\u00e9s de [&hellip;]<\/p>\n","protected":false},"author":12,"featured_media":66850,"comment_status":"open","ping_status":"open","sticky":false,"template":"","format":"standard","meta":{"tdm_status":"","tdm_grid_status":"","footnotes":""},"categories":[39],"tags":[],"class_list":{"0":"post-75277","1":"post","2":"type-post","3":"status-publish","4":"format-standard","5":"has-post-thumbnail","7":"category-noticias-nacionales"},"yoast_head":"<!-- This site is optimized with the Yoast SEO plugin v27.5 - https:\/\/yoast.com\/product\/yoast-seo-wordpress\/ -->\n<title>Papa Francisco vuelve a ser internado en el hospital; esta fue la raz\u00f3n - Fuentes Fidedignas<\/title>\n<meta name=\"robots\" content=\"index, follow, max-snippet:-1, max-image-preview:large, max-video-preview:-1\" \/>\n<link rel=\"canonical\" href=\"https:\/\/fuentesfidedignas.com.mx\/index.php\/2024\/02\/28\/papa-francisco-vuelve-a-ser-internado-en-el-hospital-esta-fue-la-razon\/\" \/>\n<meta property=\"og:locale\" content=\"es_MX\" \/>\n<meta property=\"og:type\" content=\"article\" \/>\n<meta property=\"og:title\" content=\"Papa Francisco vuelve a ser internado en el hospital; esta fue la raz\u00f3n - Fuentes Fidedignas\" \/>\n<meta property=\"og:description\" content=\"El sumo pont\u00edfice ya hab\u00eda cancelado sus citas el s\u00e1bado y el lunes, pero celebr\u00f3 la oraci\u00f3n del \u00c1ngelus el domingo. El papa Francisco, de 87 a\u00f1os, que sufre desde hace varios d\u00edas de un &#8220;ligero estado gripal&#8221;, pas\u00f3 ex\u00e1menes en un hospital de Roma el mi\u00e9rcoles por la ma\u00f1ana, anunci\u00f3 el Vaticano. &#8220;Despu\u00e9s de [&hellip;]\" \/>\n<meta property=\"og:url\" content=\"https:\/\/fuentesfidedignas.com.mx\/index.php\/2024\/02\/28\/papa-francisco-vuelve-a-ser-internado-en-el-hospital-esta-fue-la-razon\/\" \/>\n<meta property=\"og:site_name\" content=\"Fuentes Fidedignas\" \/>\n<meta property=\"article:publisher\" content=\"https:\/\/www.facebook.com\/Fuentes-Fidedignas-368234489921644\" \/>\n<meta property=\"article:published_time\" content=\"2024-02-28T14:08:00+00:00\" \/>\n<meta property=\"og:image\" content=\"https:\/\/fuentesfidedignas.com.mx\/wp-content\/uploads\/2023\/11\/PAPA_FRANCISCO_.jpg\" \/>\n\t<meta property=\"og:image:width\" content=\"928\" \/>\n\t<meta property=\"og:image:height\" content=\"522\" \/>\n\t<meta property=\"og:image:type\" content=\"image\/jpeg\" \/>\n<meta name=\"author\" content=\"AFP\" \/>\n<meta name=\"twitter:card\" content=\"summary_large_image\" \/>\n<meta name=\"twitter:creator\" content=\"@fidedignas\" \/>\n<meta name=\"twitter:site\" content=\"@fidedignas\" \/>\n<meta name=\"twitter:label1\" content=\"Escrito por\" \/>\n\t<meta name=\"twitter:data1\" content=\"AFP\" \/>\n\t<meta name=\"twitter:label2\" content=\"Tiempo de lectura\" \/>\n\t<meta name=\"twitter:data2\" content=\"2 minutos\" \/>\n<script type=\"application\/ld+json\" class=\"yoast-schema-graph\">{\"@context\":\"https:\\\/\\\/schema.org\",\"@graph\":[{\"@type\":\"Article\",\"@id\":\"https:\\\/\\\/fuentesfidedignas.com.mx\\\/index.php\\\/2024\\\/02\\\/28\\\/papa-francisco-vuelve-a-ser-internado-en-el-hospital-esta-fue-la-razon\\\/#article\",\"isPartOf\":{\"@id\":\"https:\\\/\\\/fuentesfidedignas.com.mx\\\/index.php\\\/2024\\\/02\\\/28\\\/papa-francisco-vuelve-a-ser-internado-en-el-hospital-esta-fue-la-razon\\\/\"},\"author\":{\"name\":\"AFP\",\"@id\":\"https:\\\/\\\/fuentesfidedignas.com.mx\\\/#\\\/schema\\\/person\\\/1827b38c6cf89e1d6cc7d78ca3fae732\"},\"headline\":\"Papa Francisco vuelve a ser internado en el hospital; esta fue la raz\u00f3n\",\"datePublished\":\"2024-02-28T14:08:00+00:00\",\"mainEntityOfPage\":{\"@id\":\"https:\\\/\\\/fuentesfidedignas.com.mx\\\/index.php\\\/2024\\\/02\\\/28\\\/papa-francisco-vuelve-a-ser-internado-en-el-hospital-esta-fue-la-razon\\\/\"},\"wordCount\":253,\"commentCount\":0,\"publisher\":{\"@id\":\"https:\\\/\\\/fuentesfidedignas.com.mx\\\/#organization\"},\"image\":{\"@id\":\"https:\\\/\\\/fuentesfidedignas.com.mx\\\/index.php\\\/2024\\\/02\\\/28\\\/papa-francisco-vuelve-a-ser-internado-en-el-hospital-esta-fue-la-razon\\\/#primaryimage\"},\"thumbnailUrl\":\"https:\\\/\\\/fuentesfidedignas.com.mx\\\/wp-content\\\/uploads\\\/2023\\\/11\\\/PAPA_FRANCISCO_.jpg\",\"articleSection\":[\"NOTICIAS NACIONALES\"],\"inLanguage\":\"es\",\"potentialAction\":[{\"@type\":\"CommentAction\",\"name\":\"Comment\",\"target\":[\"https:\\\/\\\/fuentesfidedignas.com.mx\\\/index.php\\\/2024\\\/02\\\/28\\\/papa-francisco-vuelve-a-ser-internado-en-el-hospital-esta-fue-la-razon\\\/#respond\"]}]},{\"@type\":\"WebPage\",\"@id\":\"https:\\\/\\\/fuentesfidedignas.com.mx\\\/index.php\\\/2024\\\/02\\\/28\\\/papa-francisco-vuelve-a-ser-internado-en-el-hospital-esta-fue-la-razon\\\/\",\"url\":\"https:\\\/\\\/fuentesfidedignas.com.mx\\\/index.php\\\/2024\\\/02\\\/28\\\/papa-francisco-vuelve-a-ser-internado-en-el-hospital-esta-fue-la-razon\\\/\",\"name\":\"Papa Francisco vuelve a ser internado en el hospital; esta fue la raz\u00f3n - Fuentes Fidedignas\",\"isPartOf\":{\"@id\":\"https:\\\/\\\/fuentesfidedignas.com.mx\\\/#website\"},\"primaryImageOfPage\":{\"@id\":\"https:\\\/\\\/fuentesfidedignas.com.mx\\\/index.php\\\/2024\\\/02\\\/28\\\/papa-francisco-vuelve-a-ser-internado-en-el-hospital-esta-fue-la-razon\\\/#primaryimage\"},\"image\":{\"@id\":\"https:\\\/\\\/fuentesfidedignas.com.mx\\\/index.php\\\/2024\\\/02\\\/28\\\/papa-francisco-vuelve-a-ser-internado-en-el-hospital-esta-fue-la-razon\\\/#primaryimage\"},\"thumbnailUrl\":\"https:\\\/\\\/fuentesfidedignas.com.mx\\\/wp-content\\\/uploads\\\/2023\\\/11\\\/PAPA_FRANCISCO_.jpg\",\"datePublished\":\"2024-02-28T14:08:00+00:00\",\"breadcrumb\":{\"@id\":\"https:\\\/\\\/fuentesfidedignas.com.mx\\\/index.php\\\/2024\\\/02\\\/28\\\/papa-francisco-vuelve-a-ser-internado-en-el-hospital-esta-fue-la-razon\\\/#breadcrumb\"},\"inLanguage\":\"es\",\"potentialAction\":[{\"@type\":\"ReadAction\",\"target\":[\"https:\\\/\\\/fuentesfidedignas.com.mx\\\/index.php\\\/2024\\\/02\\\/28\\\/papa-francisco-vuelve-a-ser-internado-en-el-hospital-esta-fue-la-razon\\\/\"]}]},{\"@type\":\"ImageObject\",\"inLanguage\":\"es\",\"@id\":\"https:\\\/\\\/fuentesfidedignas.com.mx\\\/index.php\\\/2024\\\/02\\\/28\\\/papa-francisco-vuelve-a-ser-internado-en-el-hospital-esta-fue-la-razon\\\/#primaryimage\",\"url\":\"https:\\\/\\\/fuentesfidedignas.com.mx\\\/wp-content\\\/uploads\\\/2023\\\/11\\\/PAPA_FRANCISCO_.jpg\",\"contentUrl\":\"https:\\\/\\\/fuentesfidedignas.com.mx\\\/wp-content\\\/uploads\\\/2023\\\/11\\\/PAPA_FRANCISCO_.jpg\",\"width\":928,\"height\":522},{\"@type\":\"BreadcrumbList\",\"@id\":\"https:\\\/\\\/fuentesfidedignas.com.mx\\\/index.php\\\/2024\\\/02\\\/28\\\/papa-francisco-vuelve-a-ser-internado-en-el-hospital-esta-fue-la-razon\\\/#breadcrumb\",\"itemListElement\":[{\"@type\":\"ListItem\",\"position\":1,\"name\":\"Inicio\",\"item\":\"https:\\\/\\\/fuentesfidedignas.com.mx\\\/\"},{\"@type\":\"ListItem\",\"position\":2,\"name\":\"Papa Francisco vuelve a ser internado en el hospital; esta fue la raz\u00f3n\"}]},{\"@type\":\"WebSite\",\"@id\":\"https:\\\/\\\/fuentesfidedignas.com.mx\\\/#website\",\"url\":\"https:\\\/\\\/fuentesfidedignas.com.mx\\\/\",\"name\":\"Fuentes Fidedignas\",\"description\":\"Otro sitio realizado con WordPress\",\"publisher\":{\"@id\":\"https:\\\/\\\/fuentesfidedignas.com.mx\\\/#organization\"},\"potentialAction\":[{\"@type\":\"SearchAction\",\"target\":{\"@type\":\"EntryPoint\",\"urlTemplate\":\"https:\\\/\\\/fuentesfidedignas.com.mx\\\/?s={search_term_string}\"},\"query-input\":{\"@type\":\"PropertyValueSpecification\",\"valueRequired\":true,\"valueName\":\"search_term_string\"}}],\"inLanguage\":\"es\"},{\"@type\":\"Organization\",\"@id\":\"https:\\\/\\\/fuentesfidedignas.com.mx\\\/#organization\",\"name\":\"Fuentes Fidedignas\",\"url\":\"https:\\\/\\\/fuentesfidedignas.com.mx\\\/\",\"logo\":{\"@type\":\"ImageObject\",\"inLanguage\":\"es\",\"@id\":\"https:\\\/\\\/fuentesfidedignas.com.mx\\\/#\\\/schema\\\/logo\\\/image\\\/\",\"url\":\"https:\\\/\\\/fuentesfidedignas.com.mx\\\/wp-content\\\/uploads\\\/2021\\\/04\\\/logo-retina.png\",\"contentUrl\":\"https:\\\/\\\/fuentesfidedignas.com.mx\\\/wp-content\\\/uploads\\\/2021\\\/04\\\/logo-retina.png\",\"width\":280,\"height\":51,\"caption\":\"Fuentes Fidedignas\"},\"image\":{\"@id\":\"https:\\\/\\\/fuentesfidedignas.com.mx\\\/#\\\/schema\\\/logo\\\/image\\\/\"},\"sameAs\":[\"https:\\\/\\\/www.facebook.com\\\/Fuentes-Fidedignas-368234489921644\",\"https:\\\/\\\/x.com\\\/fidedignas\"]},{\"@type\":\"Person\",\"@id\":\"https:\\\/\\\/fuentesfidedignas.com.mx\\\/#\\\/schema\\\/person\\\/1827b38c6cf89e1d6cc7d78ca3fae732\",\"name\":\"AFP\",\"image\":{\"@type\":\"ImageObject\",\"inLanguage\":\"es\",\"@id\":\"https:\\\/\\\/secure.gravatar.com\\\/avatar\\\/236827d2ee9bf15e1ea99e0c1cd1b467cffa55e324d177638d0f8de7950cbae6?s=96&d=mm&r=g\",\"url\":\"https:\\\/\\\/secure.gravatar.com\\\/avatar\\\/236827d2ee9bf15e1ea99e0c1cd1b467cffa55e324d177638d0f8de7950cbae6?s=96&d=mm&r=g\",\"contentUrl\":\"https:\\\/\\\/secure.gravatar.com\\\/avatar\\\/236827d2ee9bf15e1ea99e0c1cd1b467cffa55e324d177638d0f8de7950cbae6?s=96&d=mm&r=g\",\"caption\":\"AFP\"},\"url\":\"https:\\\/\\\/fuentesfidedignas.com.mx\\\/index.php\\\/author\\\/afp\\\/\"}]}<\/script>\n<!-- \/ Yoast SEO plugin. -->","yoast_head_json":{"title":"Papa Francisco vuelve a ser internado en el hospital; esta fue la raz\u00f3n - Fuentes Fidedignas","robots":{"index":"index","follow":"follow","max-snippet":"max-snippet:-1","max-image-preview":"max-image-preview:large","max-video-preview":"max-video-preview:-1"},"canonical":"https:\/\/fuentesfidedignas.com.mx\/index.php\/2024\/02\/28\/papa-francisco-vuelve-a-ser-internado-en-el-hospital-esta-fue-la-razon\/","og_locale":"es_MX","og_type":"article","og_title":"Papa Francisco vuelve a ser internado en el hospital; esta fue la raz\u00f3n - Fuentes Fidedignas","og_description":"El sumo pont\u00edfice ya hab\u00eda cancelado sus citas el s\u00e1bado y el lunes, pero celebr\u00f3 la oraci\u00f3n del \u00c1ngelus el domingo. El papa Francisco, de 87 a\u00f1os, que sufre desde hace varios d\u00edas de un &#8220;ligero estado gripal&#8221;, pas\u00f3 ex\u00e1menes en un hospital de Roma el mi\u00e9rcoles por la ma\u00f1ana, anunci\u00f3 el Vaticano. &#8220;Despu\u00e9s de [&hellip;]","og_url":"https:\/\/fuentesfidedignas.com.mx\/index.php\/2024\/02\/28\/papa-francisco-vuelve-a-ser-internado-en-el-hospital-esta-fue-la-razon\/","og_site_name":"Fuentes Fidedignas","article_publisher":"https:\/\/www.facebook.com\/Fuentes-Fidedignas-368234489921644","article_published_time":"2024-02-28T14:08:00+00:00","og_image":[{"width":928,"height":522,"url":"https:\/\/fuentesfidedignas.com.mx\/wp-content\/uploads\/2023\/11\/PAPA_FRANCISCO_.jpg","type":"image\/jpeg"}],"author":"AFP","twitter_card":"summary_large_image","twitter_creator":"@fidedignas","twitter_site":"@fidedignas","twitter_misc":{"Escrito por":"AFP","Tiempo de lectura":"2 minutos"},"schema":{"@context":"https:\/\/schema.org","@graph":[{"@type":"Article","@id":"https:\/\/fuentesfidedignas.com.mx\/index.php\/2024\/02\/28\/papa-francisco-vuelve-a-ser-internado-en-el-hospital-esta-fue-la-razon\/#article","isPartOf":{"@id":"https:\/\/fuentesfidedignas.com.mx\/index.php\/2024\/02\/28\/papa-francisco-vuelve-a-ser-internado-en-el-hospital-esta-fue-la-razon\/"},"author":{"name":"AFP","@id":"https:\/\/fuentesfidedignas.com.mx\/#\/schema\/person\/1827b38c6cf89e1d6cc7d78ca3fae732"},"headline":"Papa Francisco vuelve a ser internado en el hospital; esta fue la raz\u00f3n","datePublished":"2024-02-28T14:08:00+00:00","mainEntityOfPage":{"@id":"https:\/\/fuentesfidedignas.com.mx\/index.php\/2024\/02\/28\/papa-francisco-vuelve-a-ser-internado-en-el-hospital-esta-fue-la-razon\/"},"wordCount":253,"commentCount":0,"publisher":{"@id":"https:\/\/fuentesfidedignas.com.mx\/#organization"},"image":{"@id":"https:\/\/fuentesfidedignas.com.mx\/index.php\/2024\/02\/28\/papa-francisco-vuelve-a-ser-internado-en-el-hospital-esta-fue-la-razon\/#primaryimage"},"thumbnailUrl":"https:\/\/fuentesfidedignas.com.mx\/wp-content\/uploads\/2023\/11\/PAPA_FRANCISCO_.jpg","articleSection":["NOTICIAS NACIONALES"],"inLanguage":"es","potentialAction":[{"@type":"CommentAction","name":"Comment","target":["https:\/\/fuentesfidedignas.com.mx\/index.php\/2024\/02\/28\/papa-francisco-vuelve-a-ser-internado-en-el-hospital-esta-fue-la-razon\/#respond"]}]},{"@type":"WebPage","@id":"https:\/\/fuentesfidedignas.com.mx\/index.php\/2024\/02\/28\/papa-francisco-vuelve-a-ser-internado-en-el-hospital-esta-fue-la-razon\/","url":"https:\/\/fuentesfidedignas.com.mx\/index.php\/2024\/02\/28\/papa-francisco-vuelve-a-ser-internado-en-el-hospital-esta-fue-la-razon\/","name":"Papa Francisco vuelve a ser internado en el hospital; esta fue la raz\u00f3n - Fuentes Fidedignas","isPartOf":{"@id":"https:\/\/fuentesfidedignas.com.mx\/#website"},"primaryImageOfPage":{"@id":"https:\/\/fuentesfidedignas.com.mx\/index.php\/2024\/02\/28\/papa-francisco-vuelve-a-ser-internado-en-el-hospital-esta-fue-la-razon\/#primaryimage"},"image":{"@id":"https:\/\/fuentesfidedignas.com.mx\/index.php\/2024\/02\/28\/papa-francisco-vuelve-a-ser-internado-en-el-hospital-esta-fue-la-razon\/#primaryimage"},"thumbnailUrl":"https:\/\/fuentesfidedignas.com.mx\/wp-content\/uploads\/2023\/11\/PAPA_FRANCISCO_.jpg","datePublished":"2024-02-28T14:08:00+00:00","breadcrumb":{"@id":"https:\/\/fuentesfidedignas.com.mx\/index.php\/2024\/02\/28\/papa-francisco-vuelve-a-ser-internado-en-el-hospital-esta-fue-la-razon\/#breadcrumb"},"inLanguage":"es","potentialAction":[{"@type":"ReadAction","target":["https:\/\/fuentesfidedignas.com.mx\/index.php\/2024\/02\/28\/papa-francisco-vuelve-a-ser-internado-en-el-hospital-esta-fue-la-razon\/"]}]},{"@type":"ImageObject","inLanguage":"es","@id":"https:\/\/fuentesfidedignas.com.mx\/index.php\/2024\/02\/28\/papa-francisco-vuelve-a-ser-internado-en-el-hospital-esta-fue-la-razon\/#primaryimage","url":"https:\/\/fuentesfidedignas.com.mx\/wp-content\/uploads\/2023\/11\/PAPA_FRANCISCO_.jpg","contentUrl":"https:\/\/fuentesfidedignas.com.mx\/wp-content\/uploads\/2023\/11\/PAPA_FRANCISCO_.jpg","width":928,"height":522},{"@type":"BreadcrumbList","@id":"https:\/\/fuentesfidedignas.com.mx\/index.php\/2024\/02\/28\/papa-francisco-vuelve-a-ser-internado-en-el-hospital-esta-fue-la-razon\/#breadcrumb","itemListElement":[{"@type":"ListItem","position":1,"name":"Inicio","item":"https:\/\/fuentesfidedignas.com.mx\/"},{"@type":"ListItem","position":2,"name":"Papa Francisco vuelve a ser internado en el hospital; esta fue la raz\u00f3n"}]},{"@type":"WebSite","@id":"https:\/\/fuentesfidedignas.com.mx\/#website","url":"https:\/\/fuentesfidedignas.com.mx\/","name":"Fuentes Fidedignas","description":"Otro sitio realizado con WordPress","publisher":{"@id":"https:\/\/fuentesfidedignas.com.mx\/#organization"},"potentialAction":[{"@type":"SearchAction","target":{"@type":"EntryPoint","urlTemplate":"https:\/\/fuentesfidedignas.com.mx\/?s={search_term_string}"},"query-input":{"@type":"PropertyValueSpecification","valueRequired":true,"valueName":"search_term_string"}}],"inLanguage":"es"},{"@type":"Organization","@id":"https:\/\/fuentesfidedignas.com.mx\/#organization","name":"Fuentes Fidedignas","url":"https:\/\/fuentesfidedignas.com.mx\/","logo":{"@type":"ImageObject","inLanguage":"es","@id":"https:\/\/fuentesfidedignas.com.mx\/#\/schema\/logo\/image\/","url":"https:\/\/fuentesfidedignas.com.mx\/wp-content\/uploads\/2021\/04\/logo-retina.png","contentUrl":"https:\/\/fuentesfidedignas.com.mx\/wp-content\/uploads\/2021\/04\/logo-retina.png","width":280,"height":51,"caption":"Fuentes Fidedignas"},"image":{"@id":"https:\/\/fuentesfidedignas.com.mx\/#\/schema\/logo\/image\/"},"sameAs":["https:\/\/www.facebook.com\/Fuentes-Fidedignas-368234489921644","https:\/\/x.com\/fidedignas"]},{"@type":"Person","@id":"https:\/\/fuentesfidedignas.com.mx\/#\/schema\/person\/1827b38c6cf89e1d6cc7d78ca3fae732","name":"AFP","image":{"@type":"ImageObject","inLanguage":"es","@id":"https:\/\/secure.gravatar.com\/avatar\/236827d2ee9bf15e1ea99e0c1cd1b467cffa55e324d177638d0f8de7950cbae6?s=96&d=mm&r=g","url":"https:\/\/secure.gravatar.com\/avatar\/236827d2ee9bf15e1ea99e0c1cd1b467cffa55e324d177638d0f8de7950cbae6?s=96&d=mm&r=g","contentUrl":"https:\/\/secure.gravatar.com\/avatar\/236827d2ee9bf15e1ea99e0c1cd1b467cffa55e324d177638d0f8de7950cbae6?s=96&d=mm&r=g","caption":"AFP"},"url":"https:\/\/fuentesfidedignas.com.mx\/index.php\/author\/afp\/"}]}},"_links":{"self":[{"href":"https:\/\/fuentesfidedignas.com.mx\/index.php\/wp-json\/wp\/v2\/posts\/75277","targetHints":{"allow":["GET"]}}],"collection":[{"href":"https:\/\/fuentesfidedignas.com.mx\/index.php\/wp-json\/wp\/v2\/posts"}],"about":[{"href":"https:\/\/fuentesfidedignas.com.mx\/index.php\/wp-json\/wp\/v2\/types\/post"}],"author":[{"embeddable":true,"href":"https:\/\/fuentesfidedignas.com.mx\/index.php\/wp-json\/wp\/v2\/users\/12"}],"replies":[{"embeddable":true,"href":"https:\/\/fuentesfidedignas.com.mx\/index.php\/wp-json\/wp\/v2\/comments?post=75277"}],"version-history":[{"count":1,"href":"https:\/\/fuentesfidedignas.com.mx\/index.php\/wp-json\/wp\/v2\/posts\/75277\/revisions"}],"predecessor-version":[{"id":75278,"href":"https:\/\/fuentesfidedignas.com.mx\/index.php\/wp-json\/wp\/v2\/posts\/75277\/revisions\/75278"}],"wp:featuredmedia":[{"embeddable":true,"href":"https:\/\/fuentesfidedignas.com.mx\/index.php\/wp-json\/wp\/v2\/media\/66850"}],"wp:attachment":[{"href":"https:\/\/fuentesfidedignas.com.mx\/index.php\/wp-json\/wp\/v2\/media?parent=75277"}],"wp:term":[{"taxonomy":"category","embeddable":true,"href":"https:\/\/fuentesfidedignas.com.mx\/index.php\/wp-json\/wp\/v2\/categories?post=75277"},{"taxonomy":"post_tag","embeddable":true,"href":"https:\/\/fuentesfidedignas.com.mx\/index.php\/wp-json\/wp\/v2\/tags?post=75277"}],"curies":[{"name":"wp","href":"https:\/\/api.w.org\/{rel}","templated":true}]}}