{"id":7526,"date":"2021-07-15T10:54:56","date_gmt":"2021-07-15T17:54:56","guid":{"rendered":"https:\/\/fuentesfidedignas.com.mx\/?p=7526"},"modified":"2021-07-15T10:54:58","modified_gmt":"2021-07-15T17:54:58","slug":"siguen-en-pie-cursos-de-verano-del-partido-sinaloenses","status":"publish","type":"post","link":"https:\/\/fuentesfidedignas.com.mx\/index.php\/2021\/07\/15\/siguen-en-pie-cursos-de-verano-del-partido-sinaloenses\/","title":{"rendered":"Siguen en pie cursos de verano del Partido Sinaloenses"},"content":{"rendered":"\n<p><strong><em>SEPyC suspende los cursos de verano<\/em><\/strong><\/p>\n\n\n\n<p>Culiac\u00e1n, Sin. La Glorieta, columna de <em>El Debate<\/em> de Culiac\u00e1n da a conocer que la Secretar\u00eda de Educaci\u00f3n P\u00fablica y Cultura formaliza la suspensi\u00f3n de los cursos de verano argumentando la pandemia que vivimos, nos interesa como Partido Sinaloense informar a la sociedad de Sinaloa que el Partido Sinaloense contin\u00faa atendiendo el Segundo Verano Virtual dirigido a ni\u00f1as y ni\u00f1os e incluso a sus padres de familia.<\/p>\n\n\n\n<p>H\u00e9ctor Melesio Cu\u00e9n Ojeda reiter\u00f3 \u201cque el objetivo de estos campamentos es difundir la ciencia, la cultura, y lo vamos a seguir haciendo ahora para que los ni\u00f1os tengan la oportunidad a trav\u00e9s de plataforma zoom de poder nutrir sus criterios de conocimiento y crecer mucho dado que ellos como ni\u00f1os asumen todo como esponjas y eso les ayudar\u00e1 mucho en su vida\u201d.<\/p>\n\n\n\n<p>Afortunadamente es posible seguir trabajando en l\u00ednea, all\u00ed est\u00e1 el ejemplo del Programa el M\u00e9dico en L\u00ednea, lo cual es una maravilla de tal forma que al momento se han realizado m\u00e1s de 40 mil consultas a trav\u00e9s de la p\u00e1gina digital del Partido Sinaloense, y la verdad la gente est\u00e1 muy agradecida, pues ni a nivel gubernamental se tiene este programa, coment\u00f3 Cu\u00e9n Ojeda.<\/p>\n\n\n\n<p>Con este programa el PAS ha ayudado a mucha gente; consultas m\u00e9dicas, surtir recetas m\u00e9dicas, llevando ox\u00edgeno y ox\u00edmetros a los sectores m\u00e1s vulnerables, en el PAS estamos convencidos que si se difundiera m\u00e1s este programa se multiplicar\u00eda el n\u00famero de personas beneficiadas.<\/p>\n\n\n\n<p>En otro orden de ideas, Cu\u00e9n Ojeda dej\u00f3 claro que la capacitaci\u00f3n a nuestros candidatos electos; 8 diputados locales, 6 presidentes municipales, 5 s\u00edndicos procuradores y 33 regidores dar\u00e1 inicio del 10 al 15 de agosto teniendo como objetivo el conocimiento pleno del partido, la implementaci\u00f3n de sus programas y la gesti\u00f3n a realizar, y sin duda alguna que conozcan las funciones que van a desarrollar cuando ya ejerzan su responsabilidad y disminuyan el proceso de echar a perder aprendiendo sus tareas.<\/p>\n","protected":false},"excerpt":{"rendered":"<p>SEPyC suspende los cursos de verano Culiac\u00e1n, Sin. La Glorieta, columna de El Debate de Culiac\u00e1n da a conocer que la Secretar\u00eda de Educaci\u00f3n P\u00fablica y Cultura formaliza la suspensi\u00f3n de los cursos de verano argumentando la pandemia que vivimos, nos interesa como Partido Sinaloense informar a la sociedad de Sinaloa que el Partido Sinaloense [&hellip;]<\/p>\n","protected":false},"author":4,"featured_media":7527,"comment_status":"open","ping_status":"open","sticky":false,"template":"","format":"standard","meta":{"tdm_status":"","tdm_grid_status":"","footnotes":""},"categories":[38],"tags":[],"class_list":{"0":"post-7526","1":"post","2":"type-post","3":"status-publish","4":"format-standard","5":"has-post-thumbnail","7":"category-noticias-locales"},"yoast_head":"<!-- This site is optimized with the Yoast SEO plugin v27.5 - https:\/\/yoast.com\/product\/yoast-seo-wordpress\/ -->\n<title>Siguen en pie cursos de verano del Partido Sinaloenses - Fuentes Fidedignas<\/title>\n<meta name=\"robots\" content=\"index, follow, max-snippet:-1, max-image-preview:large, max-video-preview:-1\" \/>\n<link rel=\"canonical\" href=\"https:\/\/fuentesfidedignas.com.mx\/index.php\/2021\/07\/15\/siguen-en-pie-cursos-de-verano-del-partido-sinaloenses\/\" \/>\n<meta property=\"og:locale\" content=\"es_MX\" \/>\n<meta property=\"og:type\" content=\"article\" \/>\n<meta property=\"og:title\" content=\"Siguen en pie cursos de verano del Partido Sinaloenses - Fuentes Fidedignas\" \/>\n<meta property=\"og:description\" content=\"SEPyC suspende los cursos de verano Culiac\u00e1n, Sin. La Glorieta, columna de El Debate de Culiac\u00e1n da a conocer que la Secretar\u00eda de Educaci\u00f3n P\u00fablica y Cultura formaliza la suspensi\u00f3n de los cursos de verano argumentando la pandemia que vivimos, nos interesa como Partido Sinaloense informar a la sociedad de Sinaloa que el Partido Sinaloense [&hellip;]\" \/>\n<meta property=\"og:url\" content=\"https:\/\/fuentesfidedignas.com.mx\/index.php\/2021\/07\/15\/siguen-en-pie-cursos-de-verano-del-partido-sinaloenses\/\" \/>\n<meta property=\"og:site_name\" content=\"Fuentes Fidedignas\" \/>\n<meta property=\"article:publisher\" content=\"https:\/\/www.facebook.com\/Fuentes-Fidedignas-368234489921644\" \/>\n<meta property=\"article:published_time\" content=\"2021-07-15T17:54:56+00:00\" \/>\n<meta property=\"article:modified_time\" content=\"2021-07-15T17:54:58+00:00\" \/>\n<meta property=\"og:image\" content=\"https:\/\/fuentesfidedignas.com.mx\/wp-content\/uploads\/2021\/07\/IMG_20210715_193346.jpg\" \/>\n\t<meta property=\"og:image:width\" content=\"898\" \/>\n\t<meta property=\"og:image:height\" content=\"661\" \/>\n\t<meta property=\"og:image:type\" content=\"image\/jpeg\" \/>\n<meta name=\"author\" content=\"Redacci\u00f3n\" \/>\n<meta name=\"twitter:card\" content=\"summary_large_image\" \/>\n<meta name=\"twitter:creator\" content=\"@fidedignas\" \/>\n<meta name=\"twitter:site\" content=\"@fidedignas\" \/>\n<meta name=\"twitter:label1\" content=\"Escrito por\" \/>\n\t<meta name=\"twitter:data1\" content=\"Redacci\u00f3n\" \/>\n\t<meta name=\"twitter:label2\" content=\"Tiempo de lectura\" \/>\n\t<meta name=\"twitter:data2\" content=\"2 minutos\" \/>\n<script type=\"application\/ld+json\" class=\"yoast-schema-graph\">{\"@context\":\"https:\\\/\\\/schema.org\",\"@graph\":[{\"@type\":\"Article\",\"@id\":\"https:\\\/\\\/fuentesfidedignas.com.mx\\\/index.php\\\/2021\\\/07\\\/15\\\/siguen-en-pie-cursos-de-verano-del-partido-sinaloenses\\\/#article\",\"isPartOf\":{\"@id\":\"https:\\\/\\\/fuentesfidedignas.com.mx\\\/index.php\\\/2021\\\/07\\\/15\\\/siguen-en-pie-cursos-de-verano-del-partido-sinaloenses\\\/\"},\"author\":{\"name\":\"Redacci\u00f3n\",\"@id\":\"https:\\\/\\\/fuentesfidedignas.com.mx\\\/#\\\/schema\\\/person\\\/331be9283d37198e2acd5750279085b0\"},\"headline\":\"Siguen en pie cursos de verano del Partido Sinaloenses\",\"datePublished\":\"2021-07-15T17:54:56+00:00\",\"dateModified\":\"2021-07-15T17:54:58+00:00\",\"mainEntityOfPage\":{\"@id\":\"https:\\\/\\\/fuentesfidedignas.com.mx\\\/index.php\\\/2021\\\/07\\\/15\\\/siguen-en-pie-cursos-de-verano-del-partido-sinaloenses\\\/\"},\"wordCount\":362,\"commentCount\":0,\"publisher\":{\"@id\":\"https:\\\/\\\/fuentesfidedignas.com.mx\\\/#organization\"},\"image\":{\"@id\":\"https:\\\/\\\/fuentesfidedignas.com.mx\\\/index.php\\\/2021\\\/07\\\/15\\\/siguen-en-pie-cursos-de-verano-del-partido-sinaloenses\\\/#primaryimage\"},\"thumbnailUrl\":\"https:\\\/\\\/fuentesfidedignas.com.mx\\\/wp-content\\\/uploads\\\/2021\\\/07\\\/IMG_20210715_193346.jpg\",\"articleSection\":[\"NOTICIAS LOCALES\"],\"inLanguage\":\"es\",\"potentialAction\":[{\"@type\":\"CommentAction\",\"name\":\"Comment\",\"target\":[\"https:\\\/\\\/fuentesfidedignas.com.mx\\\/index.php\\\/2021\\\/07\\\/15\\\/siguen-en-pie-cursos-de-verano-del-partido-sinaloenses\\\/#respond\"]}]},{\"@type\":\"WebPage\",\"@id\":\"https:\\\/\\\/fuentesfidedignas.com.mx\\\/index.php\\\/2021\\\/07\\\/15\\\/siguen-en-pie-cursos-de-verano-del-partido-sinaloenses\\\/\",\"url\":\"https:\\\/\\\/fuentesfidedignas.com.mx\\\/index.php\\\/2021\\\/07\\\/15\\\/siguen-en-pie-cursos-de-verano-del-partido-sinaloenses\\\/\",\"name\":\"Siguen en pie cursos de verano del Partido Sinaloenses - Fuentes Fidedignas\",\"isPartOf\":{\"@id\":\"https:\\\/\\\/fuentesfidedignas.com.mx\\\/#website\"},\"primaryImageOfPage\":{\"@id\":\"https:\\\/\\\/fuentesfidedignas.com.mx\\\/index.php\\\/2021\\\/07\\\/15\\\/siguen-en-pie-cursos-de-verano-del-partido-sinaloenses\\\/#primaryimage\"},\"image\":{\"@id\":\"https:\\\/\\\/fuentesfidedignas.com.mx\\\/index.php\\\/2021\\\/07\\\/15\\\/siguen-en-pie-cursos-de-verano-del-partido-sinaloenses\\\/#primaryimage\"},\"thumbnailUrl\":\"https:\\\/\\\/fuentesfidedignas.com.mx\\\/wp-content\\\/uploads\\\/2021\\\/07\\\/IMG_20210715_193346.jpg\",\"datePublished\":\"2021-07-15T17:54:56+00:00\",\"dateModified\":\"2021-07-15T17:54:58+00:00\",\"breadcrumb\":{\"@id\":\"https:\\\/\\\/fuentesfidedignas.com.mx\\\/index.php\\\/2021\\\/07\\\/15\\\/siguen-en-pie-cursos-de-verano-del-partido-sinaloenses\\\/#breadcrumb\"},\"inLanguage\":\"es\",\"potentialAction\":[{\"@type\":\"ReadAction\",\"target\":[\"https:\\\/\\\/fuentesfidedignas.com.mx\\\/index.php\\\/2021\\\/07\\\/15\\\/siguen-en-pie-cursos-de-verano-del-partido-sinaloenses\\\/\"]}]},{\"@type\":\"ImageObject\",\"inLanguage\":\"es\",\"@id\":\"https:\\\/\\\/fuentesfidedignas.com.mx\\\/index.php\\\/2021\\\/07\\\/15\\\/siguen-en-pie-cursos-de-verano-del-partido-sinaloenses\\\/#primaryimage\",\"url\":\"https:\\\/\\\/fuentesfidedignas.com.mx\\\/wp-content\\\/uploads\\\/2021\\\/07\\\/IMG_20210715_193346.jpg\",\"contentUrl\":\"https:\\\/\\\/fuentesfidedignas.com.mx\\\/wp-content\\\/uploads\\\/2021\\\/07\\\/IMG_20210715_193346.jpg\",\"width\":898,\"height\":661},{\"@type\":\"BreadcrumbList\",\"@id\":\"https:\\\/\\\/fuentesfidedignas.com.mx\\\/index.php\\\/2021\\\/07\\\/15\\\/siguen-en-pie-cursos-de-verano-del-partido-sinaloenses\\\/#breadcrumb\",\"itemListElement\":[{\"@type\":\"ListItem\",\"position\":1,\"name\":\"Inicio\",\"item\":\"https:\\\/\\\/fuentesfidedignas.com.mx\\\/\"},{\"@type\":\"ListItem\",\"position\":2,\"name\":\"Siguen en pie cursos de verano del Partido Sinaloenses\"}]},{\"@type\":\"WebSite\",\"@id\":\"https:\\\/\\\/fuentesfidedignas.com.mx\\\/#website\",\"url\":\"https:\\\/\\\/fuentesfidedignas.com.mx\\\/\",\"name\":\"Fuentes Fidedignas\",\"description\":\"Otro sitio realizado con WordPress\",\"publisher\":{\"@id\":\"https:\\\/\\\/fuentesfidedignas.com.mx\\\/#organization\"},\"potentialAction\":[{\"@type\":\"SearchAction\",\"target\":{\"@type\":\"EntryPoint\",\"urlTemplate\":\"https:\\\/\\\/fuentesfidedignas.com.mx\\\/?s={search_term_string}\"},\"query-input\":{\"@type\":\"PropertyValueSpecification\",\"valueRequired\":true,\"valueName\":\"search_term_string\"}}],\"inLanguage\":\"es\"},{\"@type\":\"Organization\",\"@id\":\"https:\\\/\\\/fuentesfidedignas.com.mx\\\/#organization\",\"name\":\"Fuentes Fidedignas\",\"url\":\"https:\\\/\\\/fuentesfidedignas.com.mx\\\/\",\"logo\":{\"@type\":\"ImageObject\",\"inLanguage\":\"es\",\"@id\":\"https:\\\/\\\/fuentesfidedignas.com.mx\\\/#\\\/schema\\\/logo\\\/image\\\/\",\"url\":\"https:\\\/\\\/fuentesfidedignas.com.mx\\\/wp-content\\\/uploads\\\/2021\\\/04\\\/logo-retina.png\",\"contentUrl\":\"https:\\\/\\\/fuentesfidedignas.com.mx\\\/wp-content\\\/uploads\\\/2021\\\/04\\\/logo-retina.png\",\"width\":280,\"height\":51,\"caption\":\"Fuentes Fidedignas\"},\"image\":{\"@id\":\"https:\\\/\\\/fuentesfidedignas.com.mx\\\/#\\\/schema\\\/logo\\\/image\\\/\"},\"sameAs\":[\"https:\\\/\\\/www.facebook.com\\\/Fuentes-Fidedignas-368234489921644\",\"https:\\\/\\\/x.com\\\/fidedignas\"]},{\"@type\":\"Person\",\"@id\":\"https:\\\/\\\/fuentesfidedignas.com.mx\\\/#\\\/schema\\\/person\\\/331be9283d37198e2acd5750279085b0\",\"name\":\"Redacci\u00f3n\",\"image\":{\"@type\":\"ImageObject\",\"inLanguage\":\"es\",\"@id\":\"https:\\\/\\\/secure.gravatar.com\\\/avatar\\\/f6d8782c11d12b2d4ad3fbb6931aeab5309937a4d6cd2fc9cfaa28a6396a5aec?s=96&d=mm&r=g\",\"url\":\"https:\\\/\\\/secure.gravatar.com\\\/avatar\\\/f6d8782c11d12b2d4ad3fbb6931aeab5309937a4d6cd2fc9cfaa28a6396a5aec?s=96&d=mm&r=g\",\"contentUrl\":\"https:\\\/\\\/secure.gravatar.com\\\/avatar\\\/f6d8782c11d12b2d4ad3fbb6931aeab5309937a4d6cd2fc9cfaa28a6396a5aec?s=96&d=mm&r=g\",\"caption\":\"Redacci\u00f3n\"},\"url\":\"https:\\\/\\\/fuentesfidedignas.com.mx\\\/index.php\\\/author\\\/redaccion\\\/\"}]}<\/script>\n<!-- \/ Yoast SEO plugin. -->","yoast_head_json":{"title":"Siguen en pie cursos de verano del Partido Sinaloenses - Fuentes Fidedignas","robots":{"index":"index","follow":"follow","max-snippet":"max-snippet:-1","max-image-preview":"max-image-preview:large","max-video-preview":"max-video-preview:-1"},"canonical":"https:\/\/fuentesfidedignas.com.mx\/index.php\/2021\/07\/15\/siguen-en-pie-cursos-de-verano-del-partido-sinaloenses\/","og_locale":"es_MX","og_type":"article","og_title":"Siguen en pie cursos de verano del Partido Sinaloenses - Fuentes Fidedignas","og_description":"SEPyC suspende los cursos de verano Culiac\u00e1n, Sin. La Glorieta, columna de El Debate de Culiac\u00e1n da a conocer que la Secretar\u00eda de Educaci\u00f3n P\u00fablica y Cultura formaliza la suspensi\u00f3n de los cursos de verano argumentando la pandemia que vivimos, nos interesa como Partido Sinaloense informar a la sociedad de Sinaloa que el Partido Sinaloense [&hellip;]","og_url":"https:\/\/fuentesfidedignas.com.mx\/index.php\/2021\/07\/15\/siguen-en-pie-cursos-de-verano-del-partido-sinaloenses\/","og_site_name":"Fuentes Fidedignas","article_publisher":"https:\/\/www.facebook.com\/Fuentes-Fidedignas-368234489921644","article_published_time":"2021-07-15T17:54:56+00:00","article_modified_time":"2021-07-15T17:54:58+00:00","og_image":[{"width":898,"height":661,"url":"https:\/\/fuentesfidedignas.com.mx\/wp-content\/uploads\/2021\/07\/IMG_20210715_193346.jpg","type":"image\/jpeg"}],"author":"Redacci\u00f3n","twitter_card":"summary_large_image","twitter_creator":"@fidedignas","twitter_site":"@fidedignas","twitter_misc":{"Escrito por":"Redacci\u00f3n","Tiempo de lectura":"2 minutos"},"schema":{"@context":"https:\/\/schema.org","@graph":[{"@type":"Article","@id":"https:\/\/fuentesfidedignas.com.mx\/index.php\/2021\/07\/15\/siguen-en-pie-cursos-de-verano-del-partido-sinaloenses\/#article","isPartOf":{"@id":"https:\/\/fuentesfidedignas.com.mx\/index.php\/2021\/07\/15\/siguen-en-pie-cursos-de-verano-del-partido-sinaloenses\/"},"author":{"name":"Redacci\u00f3n","@id":"https:\/\/fuentesfidedignas.com.mx\/#\/schema\/person\/331be9283d37198e2acd5750279085b0"},"headline":"Siguen en pie cursos de verano del Partido Sinaloenses","datePublished":"2021-07-15T17:54:56+00:00","dateModified":"2021-07-15T17:54:58+00:00","mainEntityOfPage":{"@id":"https:\/\/fuentesfidedignas.com.mx\/index.php\/2021\/07\/15\/siguen-en-pie-cursos-de-verano-del-partido-sinaloenses\/"},"wordCount":362,"commentCount":0,"publisher":{"@id":"https:\/\/fuentesfidedignas.com.mx\/#organization"},"image":{"@id":"https:\/\/fuentesfidedignas.com.mx\/index.php\/2021\/07\/15\/siguen-en-pie-cursos-de-verano-del-partido-sinaloenses\/#primaryimage"},"thumbnailUrl":"https:\/\/fuentesfidedignas.com.mx\/wp-content\/uploads\/2021\/07\/IMG_20210715_193346.jpg","articleSection":["NOTICIAS LOCALES"],"inLanguage":"es","potentialAction":[{"@type":"CommentAction","name":"Comment","target":["https:\/\/fuentesfidedignas.com.mx\/index.php\/2021\/07\/15\/siguen-en-pie-cursos-de-verano-del-partido-sinaloenses\/#respond"]}]},{"@type":"WebPage","@id":"https:\/\/fuentesfidedignas.com.mx\/index.php\/2021\/07\/15\/siguen-en-pie-cursos-de-verano-del-partido-sinaloenses\/","url":"https:\/\/fuentesfidedignas.com.mx\/index.php\/2021\/07\/15\/siguen-en-pie-cursos-de-verano-del-partido-sinaloenses\/","name":"Siguen en pie cursos de verano del Partido Sinaloenses - Fuentes Fidedignas","isPartOf":{"@id":"https:\/\/fuentesfidedignas.com.mx\/#website"},"primaryImageOfPage":{"@id":"https:\/\/fuentesfidedignas.com.mx\/index.php\/2021\/07\/15\/siguen-en-pie-cursos-de-verano-del-partido-sinaloenses\/#primaryimage"},"image":{"@id":"https:\/\/fuentesfidedignas.com.mx\/index.php\/2021\/07\/15\/siguen-en-pie-cursos-de-verano-del-partido-sinaloenses\/#primaryimage"},"thumbnailUrl":"https:\/\/fuentesfidedignas.com.mx\/wp-content\/uploads\/2021\/07\/IMG_20210715_193346.jpg","datePublished":"2021-07-15T17:54:56+00:00","dateModified":"2021-07-15T17:54:58+00:00","breadcrumb":{"@id":"https:\/\/fuentesfidedignas.com.mx\/index.php\/2021\/07\/15\/siguen-en-pie-cursos-de-verano-del-partido-sinaloenses\/#breadcrumb"},"inLanguage":"es","potentialAction":[{"@type":"ReadAction","target":["https:\/\/fuentesfidedignas.com.mx\/index.php\/2021\/07\/15\/siguen-en-pie-cursos-de-verano-del-partido-sinaloenses\/"]}]},{"@type":"ImageObject","inLanguage":"es","@id":"https:\/\/fuentesfidedignas.com.mx\/index.php\/2021\/07\/15\/siguen-en-pie-cursos-de-verano-del-partido-sinaloenses\/#primaryimage","url":"https:\/\/fuentesfidedignas.com.mx\/wp-content\/uploads\/2021\/07\/IMG_20210715_193346.jpg","contentUrl":"https:\/\/fuentesfidedignas.com.mx\/wp-content\/uploads\/2021\/07\/IMG_20210715_193346.jpg","width":898,"height":661},{"@type":"BreadcrumbList","@id":"https:\/\/fuentesfidedignas.com.mx\/index.php\/2021\/07\/15\/siguen-en-pie-cursos-de-verano-del-partido-sinaloenses\/#breadcrumb","itemListElement":[{"@type":"ListItem","position":1,"name":"Inicio","item":"https:\/\/fuentesfidedignas.com.mx\/"},{"@type":"ListItem","position":2,"name":"Siguen en pie cursos de verano del Partido Sinaloenses"}]},{"@type":"WebSite","@id":"https:\/\/fuentesfidedignas.com.mx\/#website","url":"https:\/\/fuentesfidedignas.com.mx\/","name":"Fuentes Fidedignas","description":"Otro sitio realizado con WordPress","publisher":{"@id":"https:\/\/fuentesfidedignas.com.mx\/#organization"},"potentialAction":[{"@type":"SearchAction","target":{"@type":"EntryPoint","urlTemplate":"https:\/\/fuentesfidedignas.com.mx\/?s={search_term_string}"},"query-input":{"@type":"PropertyValueSpecification","valueRequired":true,"valueName":"search_term_string"}}],"inLanguage":"es"},{"@type":"Organization","@id":"https:\/\/fuentesfidedignas.com.mx\/#organization","name":"Fuentes Fidedignas","url":"https:\/\/fuentesfidedignas.com.mx\/","logo":{"@type":"ImageObject","inLanguage":"es","@id":"https:\/\/fuentesfidedignas.com.mx\/#\/schema\/logo\/image\/","url":"https:\/\/fuentesfidedignas.com.mx\/wp-content\/uploads\/2021\/04\/logo-retina.png","contentUrl":"https:\/\/fuentesfidedignas.com.mx\/wp-content\/uploads\/2021\/04\/logo-retina.png","width":280,"height":51,"caption":"Fuentes Fidedignas"},"image":{"@id":"https:\/\/fuentesfidedignas.com.mx\/#\/schema\/logo\/image\/"},"sameAs":["https:\/\/www.facebook.com\/Fuentes-Fidedignas-368234489921644","https:\/\/x.com\/fidedignas"]},{"@type":"Person","@id":"https:\/\/fuentesfidedignas.com.mx\/#\/schema\/person\/331be9283d37198e2acd5750279085b0","name":"Redacci\u00f3n","image":{"@type":"ImageObject","inLanguage":"es","@id":"https:\/\/secure.gravatar.com\/avatar\/f6d8782c11d12b2d4ad3fbb6931aeab5309937a4d6cd2fc9cfaa28a6396a5aec?s=96&d=mm&r=g","url":"https:\/\/secure.gravatar.com\/avatar\/f6d8782c11d12b2d4ad3fbb6931aeab5309937a4d6cd2fc9cfaa28a6396a5aec?s=96&d=mm&r=g","contentUrl":"https:\/\/secure.gravatar.com\/avatar\/f6d8782c11d12b2d4ad3fbb6931aeab5309937a4d6cd2fc9cfaa28a6396a5aec?s=96&d=mm&r=g","caption":"Redacci\u00f3n"},"url":"https:\/\/fuentesfidedignas.com.mx\/index.php\/author\/redaccion\/"}]}},"_links":{"self":[{"href":"https:\/\/fuentesfidedignas.com.mx\/index.php\/wp-json\/wp\/v2\/posts\/7526","targetHints":{"allow":["GET"]}}],"collection":[{"href":"https:\/\/fuentesfidedignas.com.mx\/index.php\/wp-json\/wp\/v2\/posts"}],"about":[{"href":"https:\/\/fuentesfidedignas.com.mx\/index.php\/wp-json\/wp\/v2\/types\/post"}],"author":[{"embeddable":true,"href":"https:\/\/fuentesfidedignas.com.mx\/index.php\/wp-json\/wp\/v2\/users\/4"}],"replies":[{"embeddable":true,"href":"https:\/\/fuentesfidedignas.com.mx\/index.php\/wp-json\/wp\/v2\/comments?post=7526"}],"version-history":[{"count":1,"href":"https:\/\/fuentesfidedignas.com.mx\/index.php\/wp-json\/wp\/v2\/posts\/7526\/revisions"}],"predecessor-version":[{"id":7528,"href":"https:\/\/fuentesfidedignas.com.mx\/index.php\/wp-json\/wp\/v2\/posts\/7526\/revisions\/7528"}],"wp:featuredmedia":[{"embeddable":true,"href":"https:\/\/fuentesfidedignas.com.mx\/index.php\/wp-json\/wp\/v2\/media\/7527"}],"wp:attachment":[{"href":"https:\/\/fuentesfidedignas.com.mx\/index.php\/wp-json\/wp\/v2\/media?parent=7526"}],"wp:term":[{"taxonomy":"category","embeddable":true,"href":"https:\/\/fuentesfidedignas.com.mx\/index.php\/wp-json\/wp\/v2\/categories?post=7526"},{"taxonomy":"post_tag","embeddable":true,"href":"https:\/\/fuentesfidedignas.com.mx\/index.php\/wp-json\/wp\/v2\/tags?post=7526"}],"curies":[{"name":"wp","href":"https:\/\/api.w.org\/{rel}","templated":true}]}}