{"id":75159,"date":"2024-02-27T06:55:25","date_gmt":"2024-02-27T13:55:25","guid":{"rendered":"https:\/\/fuentesfidedignas.com.mx\/?p=75159"},"modified":"2024-02-27T06:55:25","modified_gmt":"2024-02-27T13:55:25","slug":"asesinan-a-precandidato-del-pan-a-la-alcaldia-de-maravatio-en-michoacan","status":"publish","type":"post","link":"https:\/\/fuentesfidedignas.com.mx\/index.php\/2024\/02\/27\/asesinan-a-precandidato-del-pan-a-la-alcaldia-de-maravatio-en-michoacan\/","title":{"rendered":"Asesinan a precandidato del PAN a la alcald\u00eda de Maravat\u00edo, en Michoac\u00e1n"},"content":{"rendered":"\n<p><strong><em>Suman ya dos los aspirantes a la alcald\u00eda de Maravat\u00edo que son asesinados en un lapso de tan solo siete horas<\/em><\/strong><\/p>\n\n\n\n<p>Armando P\u00e9rez Luna, precandidato del Partido Nacional (PAN) a la alcald\u00eda de Maravat\u00edo, en Michoac\u00e1n, fue asesinado a balazos la noche del lunes.<\/p>\n\n\n\n<p>De esta manera, suman ya dos los aspirantes a la alcald\u00eda de dicho municipio en Michoac\u00e1n asesinados en un lapso de tan solo siete horas.<\/p>\n\n\n\n<p>El homicidio ocurri\u00f3 aproximadamente a las 22:00 h en la calle Jes\u00fas Romero Flores, que se encuentra ubicada en la colonia Infonavit, donde se registr\u00f3 una fuerte movilizaci\u00f3n de agentes policiacos y servicios de emergencia.<\/p>\n\n\n\n<p>Medios locales indicaron que P\u00e9rez Luna, de 58 a\u00f1os de edad, se encontraba adentro de su auto, cuando llegaron sujetos en motocicleta y le dispararon a quemarropa.<\/p>\n\n\n\n<p>El precandidato panista era padre de Andrea P\u00e9rez Sol\u00eds, actual regidora en dicho municipio de Michoac\u00e1n.<\/p>\n\n\n\n<p>Apenas unas horas antes, hab\u00eda sido asesinado el aspirante por el Movimiento Regeneraci\u00f3n Nacional (Morena) a la alcald\u00eda de Maravat\u00edo, Miguel \u00c1ngel Zavala.<\/p>\n\n\n\n<p>El aspirante sal\u00eda de la cl\u00ednica San \u00c1ngel en el fraccionamiento Rancho La Huerta, en Maravat\u00edo, donde trabajaba como m\u00e9dico ginec\u00f3logo, para subirse a su veh\u00edculo cuando fue atacado a balazos.<\/p>\n\n\n\n<p>Durante enero, al menos cinco candidatos o aspirantes a un cargo de elecci\u00f3n popular murieron asesinados en M\u00e9xico durante enero, inform\u00f3 recientemente la organizaci\u00f3n civil Data C\u00edvica.<\/p>\n\n\n\n<p>El n\u00famero de homicidios relacionados con la violencia pol\u00edtico-electoral se eleva a 20 si se tiene en cuenta tambi\u00e9n a funcionarios p\u00fablicos y familiares de los pol\u00edticos, detall\u00f3 el informe \u2018Votar entre balas\u2019 en enero.<\/p>\n\n\n\n<p>Los asesinatos en enero se suman a los 11 homicidios de candidatos, precandidatos y excandidatos asesinados documentados por Data C\u00edvica desde la segunda mitad de 2023, cuando comenz\u00f3 el actual proceso electoral que culmina con los comicios del 2 de junio.<\/p>\n\n\n\n<p>Desde enero de 2018 hasta diciembre de 2023, la organizaci\u00f3n ha documentado 105 asesinatos de candidatos, precandidatos y excandidatos.<\/p>\n\n\n\n<p>M\u00e9xico celebra las elecciones m\u00e1s grandes de su historia el 2 de junio, cuando m\u00e1s de 97 millones de personas est\u00e1n convocadas a renovar 20 mil 375 cargos federales, incluida la Presidencia de la Rep\u00fablica, los 500 esca\u00f1os de la C\u00e1mara de Diputados y los 128 del Senado, as\u00ed como nueve Gobiernos estatales.<\/p>\n","protected":false},"excerpt":{"rendered":"<p>Suman ya dos los aspirantes a la alcald\u00eda de Maravat\u00edo que son asesinados en un lapso de tan solo siete horas Armando P\u00e9rez Luna, precandidato del Partido Nacional (PAN) a la alcald\u00eda de Maravat\u00edo, en Michoac\u00e1n, fue asesinado a balazos la noche del lunes. De esta manera, suman ya dos los aspirantes a la alcald\u00eda [&hellip;]<\/p>\n","protected":false},"author":47,"featured_media":75160,"comment_status":"open","ping_status":"open","sticky":false,"template":"","format":"standard","meta":{"tdm_status":"","tdm_grid_status":"","footnotes":""},"categories":[39],"tags":[],"class_list":{"0":"post-75159","1":"post","2":"type-post","3":"status-publish","4":"format-standard","5":"has-post-thumbnail","7":"category-noticias-nacionales"},"yoast_head":"<!-- This site is optimized with the Yoast SEO plugin v27.5 - https:\/\/yoast.com\/product\/yoast-seo-wordpress\/ -->\n<title>Asesinan a precandidato del PAN a la alcald\u00eda de Maravat\u00edo, en Michoac\u00e1n - Fuentes Fidedignas<\/title>\n<meta name=\"robots\" content=\"index, follow, max-snippet:-1, max-image-preview:large, max-video-preview:-1\" \/>\n<link rel=\"canonical\" href=\"https:\/\/fuentesfidedignas.com.mx\/index.php\/2024\/02\/27\/asesinan-a-precandidato-del-pan-a-la-alcaldia-de-maravatio-en-michoacan\/\" \/>\n<meta property=\"og:locale\" content=\"es_MX\" \/>\n<meta property=\"og:type\" content=\"article\" \/>\n<meta property=\"og:title\" content=\"Asesinan a precandidato del PAN a la alcald\u00eda de Maravat\u00edo, en Michoac\u00e1n - Fuentes Fidedignas\" \/>\n<meta property=\"og:description\" content=\"Suman ya dos los aspirantes a la alcald\u00eda de Maravat\u00edo que son asesinados en un lapso de tan solo siete horas Armando P\u00e9rez Luna, precandidato del Partido Nacional (PAN) a la alcald\u00eda de Maravat\u00edo, en Michoac\u00e1n, fue asesinado a balazos la noche del lunes. De esta manera, suman ya dos los aspirantes a la alcald\u00eda [&hellip;]\" \/>\n<meta property=\"og:url\" content=\"https:\/\/fuentesfidedignas.com.mx\/index.php\/2024\/02\/27\/asesinan-a-precandidato-del-pan-a-la-alcaldia-de-maravatio-en-michoacan\/\" \/>\n<meta property=\"og:site_name\" content=\"Fuentes Fidedignas\" \/>\n<meta property=\"article:publisher\" content=\"https:\/\/www.facebook.com\/Fuentes-Fidedignas-368234489921644\" \/>\n<meta property=\"article:published_time\" content=\"2024-02-27T13:55:25+00:00\" \/>\n<meta property=\"og:image\" content=\"https:\/\/fuentesfidedignas.com.mx\/wp-content\/uploads\/2024\/02\/CANDIDATO_PANM.jpg\" \/>\n\t<meta property=\"og:image:width\" content=\"850\" \/>\n\t<meta property=\"og:image:height\" content=\"455\" \/>\n\t<meta property=\"og:image:type\" content=\"image\/jpeg\" \/>\n<meta name=\"author\" content=\"L\u00f3pez D\u00f3riga\" \/>\n<meta name=\"twitter:card\" content=\"summary_large_image\" \/>\n<meta name=\"twitter:creator\" content=\"@fidedignas\" \/>\n<meta name=\"twitter:site\" content=\"@fidedignas\" \/>\n<meta name=\"twitter:label1\" content=\"Escrito por\" \/>\n\t<meta name=\"twitter:data1\" content=\"L\u00f3pez D\u00f3riga\" \/>\n\t<meta name=\"twitter:label2\" content=\"Tiempo de lectura\" \/>\n\t<meta name=\"twitter:data2\" content=\"2 minutos\" \/>\n<script type=\"application\/ld+json\" class=\"yoast-schema-graph\">{\"@context\":\"https:\\\/\\\/schema.org\",\"@graph\":[{\"@type\":\"Article\",\"@id\":\"https:\\\/\\\/fuentesfidedignas.com.mx\\\/index.php\\\/2024\\\/02\\\/27\\\/asesinan-a-precandidato-del-pan-a-la-alcaldia-de-maravatio-en-michoacan\\\/#article\",\"isPartOf\":{\"@id\":\"https:\\\/\\\/fuentesfidedignas.com.mx\\\/index.php\\\/2024\\\/02\\\/27\\\/asesinan-a-precandidato-del-pan-a-la-alcaldia-de-maravatio-en-michoacan\\\/\"},\"author\":{\"name\":\"L\u00f3pez D\u00f3riga\",\"@id\":\"https:\\\/\\\/fuentesfidedignas.com.mx\\\/#\\\/schema\\\/person\\\/67d852f0557c8509146a4b9ddebd543a\"},\"headline\":\"Asesinan a precandidato del PAN a la alcald\u00eda de Maravat\u00edo, en Michoac\u00e1n\",\"datePublished\":\"2024-02-27T13:55:25+00:00\",\"mainEntityOfPage\":{\"@id\":\"https:\\\/\\\/fuentesfidedignas.com.mx\\\/index.php\\\/2024\\\/02\\\/27\\\/asesinan-a-precandidato-del-pan-a-la-alcaldia-de-maravatio-en-michoacan\\\/\"},\"wordCount\":419,\"commentCount\":0,\"publisher\":{\"@id\":\"https:\\\/\\\/fuentesfidedignas.com.mx\\\/#organization\"},\"image\":{\"@id\":\"https:\\\/\\\/fuentesfidedignas.com.mx\\\/index.php\\\/2024\\\/02\\\/27\\\/asesinan-a-precandidato-del-pan-a-la-alcaldia-de-maravatio-en-michoacan\\\/#primaryimage\"},\"thumbnailUrl\":\"https:\\\/\\\/fuentesfidedignas.com.mx\\\/wp-content\\\/uploads\\\/2024\\\/02\\\/CANDIDATO_PANM.jpg\",\"articleSection\":[\"NOTICIAS NACIONALES\"],\"inLanguage\":\"es\",\"potentialAction\":[{\"@type\":\"CommentAction\",\"name\":\"Comment\",\"target\":[\"https:\\\/\\\/fuentesfidedignas.com.mx\\\/index.php\\\/2024\\\/02\\\/27\\\/asesinan-a-precandidato-del-pan-a-la-alcaldia-de-maravatio-en-michoacan\\\/#respond\"]}]},{\"@type\":\"WebPage\",\"@id\":\"https:\\\/\\\/fuentesfidedignas.com.mx\\\/index.php\\\/2024\\\/02\\\/27\\\/asesinan-a-precandidato-del-pan-a-la-alcaldia-de-maravatio-en-michoacan\\\/\",\"url\":\"https:\\\/\\\/fuentesfidedignas.com.mx\\\/index.php\\\/2024\\\/02\\\/27\\\/asesinan-a-precandidato-del-pan-a-la-alcaldia-de-maravatio-en-michoacan\\\/\",\"name\":\"Asesinan a precandidato del PAN a la alcald\u00eda de Maravat\u00edo, en Michoac\u00e1n - Fuentes Fidedignas\",\"isPartOf\":{\"@id\":\"https:\\\/\\\/fuentesfidedignas.com.mx\\\/#website\"},\"primaryImageOfPage\":{\"@id\":\"https:\\\/\\\/fuentesfidedignas.com.mx\\\/index.php\\\/2024\\\/02\\\/27\\\/asesinan-a-precandidato-del-pan-a-la-alcaldia-de-maravatio-en-michoacan\\\/#primaryimage\"},\"image\":{\"@id\":\"https:\\\/\\\/fuentesfidedignas.com.mx\\\/index.php\\\/2024\\\/02\\\/27\\\/asesinan-a-precandidato-del-pan-a-la-alcaldia-de-maravatio-en-michoacan\\\/#primaryimage\"},\"thumbnailUrl\":\"https:\\\/\\\/fuentesfidedignas.com.mx\\\/wp-content\\\/uploads\\\/2024\\\/02\\\/CANDIDATO_PANM.jpg\",\"datePublished\":\"2024-02-27T13:55:25+00:00\",\"breadcrumb\":{\"@id\":\"https:\\\/\\\/fuentesfidedignas.com.mx\\\/index.php\\\/2024\\\/02\\\/27\\\/asesinan-a-precandidato-del-pan-a-la-alcaldia-de-maravatio-en-michoacan\\\/#breadcrumb\"},\"inLanguage\":\"es\",\"potentialAction\":[{\"@type\":\"ReadAction\",\"target\":[\"https:\\\/\\\/fuentesfidedignas.com.mx\\\/index.php\\\/2024\\\/02\\\/27\\\/asesinan-a-precandidato-del-pan-a-la-alcaldia-de-maravatio-en-michoacan\\\/\"]}]},{\"@type\":\"ImageObject\",\"inLanguage\":\"es\",\"@id\":\"https:\\\/\\\/fuentesfidedignas.com.mx\\\/index.php\\\/2024\\\/02\\\/27\\\/asesinan-a-precandidato-del-pan-a-la-alcaldia-de-maravatio-en-michoacan\\\/#primaryimage\",\"url\":\"https:\\\/\\\/fuentesfidedignas.com.mx\\\/wp-content\\\/uploads\\\/2024\\\/02\\\/CANDIDATO_PANM.jpg\",\"contentUrl\":\"https:\\\/\\\/fuentesfidedignas.com.mx\\\/wp-content\\\/uploads\\\/2024\\\/02\\\/CANDIDATO_PANM.jpg\",\"width\":850,\"height\":455},{\"@type\":\"BreadcrumbList\",\"@id\":\"https:\\\/\\\/fuentesfidedignas.com.mx\\\/index.php\\\/2024\\\/02\\\/27\\\/asesinan-a-precandidato-del-pan-a-la-alcaldia-de-maravatio-en-michoacan\\\/#breadcrumb\",\"itemListElement\":[{\"@type\":\"ListItem\",\"position\":1,\"name\":\"Inicio\",\"item\":\"https:\\\/\\\/fuentesfidedignas.com.mx\\\/\"},{\"@type\":\"ListItem\",\"position\":2,\"name\":\"Asesinan a precandidato del PAN a la alcald\u00eda de Maravat\u00edo, en Michoac\u00e1n\"}]},{\"@type\":\"WebSite\",\"@id\":\"https:\\\/\\\/fuentesfidedignas.com.mx\\\/#website\",\"url\":\"https:\\\/\\\/fuentesfidedignas.com.mx\\\/\",\"name\":\"Fuentes Fidedignas\",\"description\":\"Otro sitio realizado con WordPress\",\"publisher\":{\"@id\":\"https:\\\/\\\/fuentesfidedignas.com.mx\\\/#organization\"},\"potentialAction\":[{\"@type\":\"SearchAction\",\"target\":{\"@type\":\"EntryPoint\",\"urlTemplate\":\"https:\\\/\\\/fuentesfidedignas.com.mx\\\/?s={search_term_string}\"},\"query-input\":{\"@type\":\"PropertyValueSpecification\",\"valueRequired\":true,\"valueName\":\"search_term_string\"}}],\"inLanguage\":\"es\"},{\"@type\":\"Organization\",\"@id\":\"https:\\\/\\\/fuentesfidedignas.com.mx\\\/#organization\",\"name\":\"Fuentes Fidedignas\",\"url\":\"https:\\\/\\\/fuentesfidedignas.com.mx\\\/\",\"logo\":{\"@type\":\"ImageObject\",\"inLanguage\":\"es\",\"@id\":\"https:\\\/\\\/fuentesfidedignas.com.mx\\\/#\\\/schema\\\/logo\\\/image\\\/\",\"url\":\"https:\\\/\\\/fuentesfidedignas.com.mx\\\/wp-content\\\/uploads\\\/2021\\\/04\\\/logo-retina.png\",\"contentUrl\":\"https:\\\/\\\/fuentesfidedignas.com.mx\\\/wp-content\\\/uploads\\\/2021\\\/04\\\/logo-retina.png\",\"width\":280,\"height\":51,\"caption\":\"Fuentes Fidedignas\"},\"image\":{\"@id\":\"https:\\\/\\\/fuentesfidedignas.com.mx\\\/#\\\/schema\\\/logo\\\/image\\\/\"},\"sameAs\":[\"https:\\\/\\\/www.facebook.com\\\/Fuentes-Fidedignas-368234489921644\",\"https:\\\/\\\/x.com\\\/fidedignas\"]},{\"@type\":\"Person\",\"@id\":\"https:\\\/\\\/fuentesfidedignas.com.mx\\\/#\\\/schema\\\/person\\\/67d852f0557c8509146a4b9ddebd543a\",\"name\":\"L\u00f3pez D\u00f3riga\",\"image\":{\"@type\":\"ImageObject\",\"inLanguage\":\"es\",\"@id\":\"https:\\\/\\\/secure.gravatar.com\\\/avatar\\\/e525b06574ca18b33cded59dfe5778d6c823b9513154eff47da551b0551bdd1e?s=96&d=mm&r=g\",\"url\":\"https:\\\/\\\/secure.gravatar.com\\\/avatar\\\/e525b06574ca18b33cded59dfe5778d6c823b9513154eff47da551b0551bdd1e?s=96&d=mm&r=g\",\"contentUrl\":\"https:\\\/\\\/secure.gravatar.com\\\/avatar\\\/e525b06574ca18b33cded59dfe5778d6c823b9513154eff47da551b0551bdd1e?s=96&d=mm&r=g\",\"caption\":\"L\u00f3pez D\u00f3riga\"},\"url\":\"https:\\\/\\\/fuentesfidedignas.com.mx\\\/index.php\\\/author\\\/doriga\\\/\"}]}<\/script>\n<!-- \/ Yoast SEO plugin. -->","yoast_head_json":{"title":"Asesinan a precandidato del PAN a la alcald\u00eda de Maravat\u00edo, en Michoac\u00e1n - Fuentes Fidedignas","robots":{"index":"index","follow":"follow","max-snippet":"max-snippet:-1","max-image-preview":"max-image-preview:large","max-video-preview":"max-video-preview:-1"},"canonical":"https:\/\/fuentesfidedignas.com.mx\/index.php\/2024\/02\/27\/asesinan-a-precandidato-del-pan-a-la-alcaldia-de-maravatio-en-michoacan\/","og_locale":"es_MX","og_type":"article","og_title":"Asesinan a precandidato del PAN a la alcald\u00eda de Maravat\u00edo, en Michoac\u00e1n - Fuentes Fidedignas","og_description":"Suman ya dos los aspirantes a la alcald\u00eda de Maravat\u00edo que son asesinados en un lapso de tan solo siete horas Armando P\u00e9rez Luna, precandidato del Partido Nacional (PAN) a la alcald\u00eda de Maravat\u00edo, en Michoac\u00e1n, fue asesinado a balazos la noche del lunes. De esta manera, suman ya dos los aspirantes a la alcald\u00eda [&hellip;]","og_url":"https:\/\/fuentesfidedignas.com.mx\/index.php\/2024\/02\/27\/asesinan-a-precandidato-del-pan-a-la-alcaldia-de-maravatio-en-michoacan\/","og_site_name":"Fuentes Fidedignas","article_publisher":"https:\/\/www.facebook.com\/Fuentes-Fidedignas-368234489921644","article_published_time":"2024-02-27T13:55:25+00:00","og_image":[{"width":850,"height":455,"url":"https:\/\/fuentesfidedignas.com.mx\/wp-content\/uploads\/2024\/02\/CANDIDATO_PANM.jpg","type":"image\/jpeg"}],"author":"L\u00f3pez D\u00f3riga","twitter_card":"summary_large_image","twitter_creator":"@fidedignas","twitter_site":"@fidedignas","twitter_misc":{"Escrito por":"L\u00f3pez D\u00f3riga","Tiempo de lectura":"2 minutos"},"schema":{"@context":"https:\/\/schema.org","@graph":[{"@type":"Article","@id":"https:\/\/fuentesfidedignas.com.mx\/index.php\/2024\/02\/27\/asesinan-a-precandidato-del-pan-a-la-alcaldia-de-maravatio-en-michoacan\/#article","isPartOf":{"@id":"https:\/\/fuentesfidedignas.com.mx\/index.php\/2024\/02\/27\/asesinan-a-precandidato-del-pan-a-la-alcaldia-de-maravatio-en-michoacan\/"},"author":{"name":"L\u00f3pez D\u00f3riga","@id":"https:\/\/fuentesfidedignas.com.mx\/#\/schema\/person\/67d852f0557c8509146a4b9ddebd543a"},"headline":"Asesinan a precandidato del PAN a la alcald\u00eda de Maravat\u00edo, en Michoac\u00e1n","datePublished":"2024-02-27T13:55:25+00:00","mainEntityOfPage":{"@id":"https:\/\/fuentesfidedignas.com.mx\/index.php\/2024\/02\/27\/asesinan-a-precandidato-del-pan-a-la-alcaldia-de-maravatio-en-michoacan\/"},"wordCount":419,"commentCount":0,"publisher":{"@id":"https:\/\/fuentesfidedignas.com.mx\/#organization"},"image":{"@id":"https:\/\/fuentesfidedignas.com.mx\/index.php\/2024\/02\/27\/asesinan-a-precandidato-del-pan-a-la-alcaldia-de-maravatio-en-michoacan\/#primaryimage"},"thumbnailUrl":"https:\/\/fuentesfidedignas.com.mx\/wp-content\/uploads\/2024\/02\/CANDIDATO_PANM.jpg","articleSection":["NOTICIAS NACIONALES"],"inLanguage":"es","potentialAction":[{"@type":"CommentAction","name":"Comment","target":["https:\/\/fuentesfidedignas.com.mx\/index.php\/2024\/02\/27\/asesinan-a-precandidato-del-pan-a-la-alcaldia-de-maravatio-en-michoacan\/#respond"]}]},{"@type":"WebPage","@id":"https:\/\/fuentesfidedignas.com.mx\/index.php\/2024\/02\/27\/asesinan-a-precandidato-del-pan-a-la-alcaldia-de-maravatio-en-michoacan\/","url":"https:\/\/fuentesfidedignas.com.mx\/index.php\/2024\/02\/27\/asesinan-a-precandidato-del-pan-a-la-alcaldia-de-maravatio-en-michoacan\/","name":"Asesinan a precandidato del PAN a la alcald\u00eda de Maravat\u00edo, en Michoac\u00e1n - Fuentes Fidedignas","isPartOf":{"@id":"https:\/\/fuentesfidedignas.com.mx\/#website"},"primaryImageOfPage":{"@id":"https:\/\/fuentesfidedignas.com.mx\/index.php\/2024\/02\/27\/asesinan-a-precandidato-del-pan-a-la-alcaldia-de-maravatio-en-michoacan\/#primaryimage"},"image":{"@id":"https:\/\/fuentesfidedignas.com.mx\/index.php\/2024\/02\/27\/asesinan-a-precandidato-del-pan-a-la-alcaldia-de-maravatio-en-michoacan\/#primaryimage"},"thumbnailUrl":"https:\/\/fuentesfidedignas.com.mx\/wp-content\/uploads\/2024\/02\/CANDIDATO_PANM.jpg","datePublished":"2024-02-27T13:55:25+00:00","breadcrumb":{"@id":"https:\/\/fuentesfidedignas.com.mx\/index.php\/2024\/02\/27\/asesinan-a-precandidato-del-pan-a-la-alcaldia-de-maravatio-en-michoacan\/#breadcrumb"},"inLanguage":"es","potentialAction":[{"@type":"ReadAction","target":["https:\/\/fuentesfidedignas.com.mx\/index.php\/2024\/02\/27\/asesinan-a-precandidato-del-pan-a-la-alcaldia-de-maravatio-en-michoacan\/"]}]},{"@type":"ImageObject","inLanguage":"es","@id":"https:\/\/fuentesfidedignas.com.mx\/index.php\/2024\/02\/27\/asesinan-a-precandidato-del-pan-a-la-alcaldia-de-maravatio-en-michoacan\/#primaryimage","url":"https:\/\/fuentesfidedignas.com.mx\/wp-content\/uploads\/2024\/02\/CANDIDATO_PANM.jpg","contentUrl":"https:\/\/fuentesfidedignas.com.mx\/wp-content\/uploads\/2024\/02\/CANDIDATO_PANM.jpg","width":850,"height":455},{"@type":"BreadcrumbList","@id":"https:\/\/fuentesfidedignas.com.mx\/index.php\/2024\/02\/27\/asesinan-a-precandidato-del-pan-a-la-alcaldia-de-maravatio-en-michoacan\/#breadcrumb","itemListElement":[{"@type":"ListItem","position":1,"name":"Inicio","item":"https:\/\/fuentesfidedignas.com.mx\/"},{"@type":"ListItem","position":2,"name":"Asesinan a precandidato del PAN a la alcald\u00eda de Maravat\u00edo, en Michoac\u00e1n"}]},{"@type":"WebSite","@id":"https:\/\/fuentesfidedignas.com.mx\/#website","url":"https:\/\/fuentesfidedignas.com.mx\/","name":"Fuentes Fidedignas","description":"Otro sitio realizado con WordPress","publisher":{"@id":"https:\/\/fuentesfidedignas.com.mx\/#organization"},"potentialAction":[{"@type":"SearchAction","target":{"@type":"EntryPoint","urlTemplate":"https:\/\/fuentesfidedignas.com.mx\/?s={search_term_string}"},"query-input":{"@type":"PropertyValueSpecification","valueRequired":true,"valueName":"search_term_string"}}],"inLanguage":"es"},{"@type":"Organization","@id":"https:\/\/fuentesfidedignas.com.mx\/#organization","name":"Fuentes Fidedignas","url":"https:\/\/fuentesfidedignas.com.mx\/","logo":{"@type":"ImageObject","inLanguage":"es","@id":"https:\/\/fuentesfidedignas.com.mx\/#\/schema\/logo\/image\/","url":"https:\/\/fuentesfidedignas.com.mx\/wp-content\/uploads\/2021\/04\/logo-retina.png","contentUrl":"https:\/\/fuentesfidedignas.com.mx\/wp-content\/uploads\/2021\/04\/logo-retina.png","width":280,"height":51,"caption":"Fuentes Fidedignas"},"image":{"@id":"https:\/\/fuentesfidedignas.com.mx\/#\/schema\/logo\/image\/"},"sameAs":["https:\/\/www.facebook.com\/Fuentes-Fidedignas-368234489921644","https:\/\/x.com\/fidedignas"]},{"@type":"Person","@id":"https:\/\/fuentesfidedignas.com.mx\/#\/schema\/person\/67d852f0557c8509146a4b9ddebd543a","name":"L\u00f3pez D\u00f3riga","image":{"@type":"ImageObject","inLanguage":"es","@id":"https:\/\/secure.gravatar.com\/avatar\/e525b06574ca18b33cded59dfe5778d6c823b9513154eff47da551b0551bdd1e?s=96&d=mm&r=g","url":"https:\/\/secure.gravatar.com\/avatar\/e525b06574ca18b33cded59dfe5778d6c823b9513154eff47da551b0551bdd1e?s=96&d=mm&r=g","contentUrl":"https:\/\/secure.gravatar.com\/avatar\/e525b06574ca18b33cded59dfe5778d6c823b9513154eff47da551b0551bdd1e?s=96&d=mm&r=g","caption":"L\u00f3pez D\u00f3riga"},"url":"https:\/\/fuentesfidedignas.com.mx\/index.php\/author\/doriga\/"}]}},"_links":{"self":[{"href":"https:\/\/fuentesfidedignas.com.mx\/index.php\/wp-json\/wp\/v2\/posts\/75159","targetHints":{"allow":["GET"]}}],"collection":[{"href":"https:\/\/fuentesfidedignas.com.mx\/index.php\/wp-json\/wp\/v2\/posts"}],"about":[{"href":"https:\/\/fuentesfidedignas.com.mx\/index.php\/wp-json\/wp\/v2\/types\/post"}],"author":[{"embeddable":true,"href":"https:\/\/fuentesfidedignas.com.mx\/index.php\/wp-json\/wp\/v2\/users\/47"}],"replies":[{"embeddable":true,"href":"https:\/\/fuentesfidedignas.com.mx\/index.php\/wp-json\/wp\/v2\/comments?post=75159"}],"version-history":[{"count":1,"href":"https:\/\/fuentesfidedignas.com.mx\/index.php\/wp-json\/wp\/v2\/posts\/75159\/revisions"}],"predecessor-version":[{"id":75161,"href":"https:\/\/fuentesfidedignas.com.mx\/index.php\/wp-json\/wp\/v2\/posts\/75159\/revisions\/75161"}],"wp:featuredmedia":[{"embeddable":true,"href":"https:\/\/fuentesfidedignas.com.mx\/index.php\/wp-json\/wp\/v2\/media\/75160"}],"wp:attachment":[{"href":"https:\/\/fuentesfidedignas.com.mx\/index.php\/wp-json\/wp\/v2\/media?parent=75159"}],"wp:term":[{"taxonomy":"category","embeddable":true,"href":"https:\/\/fuentesfidedignas.com.mx\/index.php\/wp-json\/wp\/v2\/categories?post=75159"},{"taxonomy":"post_tag","embeddable":true,"href":"https:\/\/fuentesfidedignas.com.mx\/index.php\/wp-json\/wp\/v2\/tags?post=75159"}],"curies":[{"name":"wp","href":"https:\/\/api.w.org\/{rel}","templated":true}]}}