{"id":75146,"date":"2024-02-27T05:35:59","date_gmt":"2024-02-27T12:35:59","guid":{"rendered":"https:\/\/fuentesfidedignas.com.mx\/?p=75146"},"modified":"2024-02-26T18:36:28","modified_gmt":"2024-02-27T01:36:28","slug":"video-joven-fresa-asegura-que-no-sabe-lo-que-es-un-mercado-no-tienen-un-catalogo","status":"publish","type":"post","link":"https:\/\/fuentesfidedignas.com.mx\/index.php\/2024\/02\/27\/video-joven-fresa-asegura-que-no-sabe-lo-que-es-un-mercado-no-tienen-un-catalogo\/","title":{"rendered":"VIDEO | Joven &#8220;fresa&#8221; asegura que no sabe lo que es un mercado: \u201c\u00bfNo tienen un cat\u00e1logo?\u201d"},"content":{"rendered":"\n<p><strong><em>&#8220;Un caso real cuando todo le resolvieron sus pap\u00e1s&#8221;, escribi\u00f3 un internauta.<\/em><\/strong><\/p>\n\n\n\n<p>En redes sociales, una joven se volvi\u00f3 viral tras asegurar que no sabe lo que son los mercados porque nunca ha visitado uno, provocando cientos de reacciones por parte de los internautas.&nbsp;<\/p>\n\n\n\n<p>Y es que como es bien sabido, en M\u00e9xico los mercados representan parte de la vida popular y tradicional. Desde las culturas prehisp\u00e1nicas las personas acud\u00edan a los mercados para intercambiar cacao por art\u00edculos, denominado como trueque.\u00a0<\/p>\n\n\n\n<p>En los mercadodo&nbsp;existen personas que venden fruta, verdura, art\u00edculos de cocina, carne, ropa y dem\u00e1s; la mayor\u00eda de buena calidad. No obstante, ahora una joven asegur\u00f3 que pese a lo popular del lugar ella no sab\u00eda que exist\u00eda.&nbsp;<\/p>\n\n\n\n<p><strong>Joven revela que no sab\u00eda de la existencia de los mercados<\/strong><br>A trav\u00e9s de un video publicado por la cuenta de TikTok\u00a0@moninietor se dio a conocer el testimonio de una joven &#8220;fresa&#8221; que sostuvo nunca hab\u00eda visitado un mercado porque su mam\u00e1 es quien se encarga de las compras de su casa.\u00a0<\/p>\n\n\n\n<p>Al parecer la usuaria de TikTok&nbsp;@moninietor&nbsp;fue quien expuso la conversaci\u00f3n de su amiga e incluso la cat\u00e1logo como una persona &#8220;whitexican&#8221;.&nbsp;<\/p>\n\n\n\n<p>&#8220;\u00bfT\u00fa sabes exactamente qu\u00e9 venden en un mercado? La neta yo no sab\u00eda, ubicaba que mi mam\u00e1 compraba de que almendras, o sea nunca fui yo y no s\u00e9 que venden ah\u00ed&#8221;, fueron las palabras con las que una joven revel\u00f3 nunca hab\u00eda ido a un mercado.&nbsp;<br>&#8220;Pov: Tu amiga Whitexican que nunca ha ido a un mercado&#8221;, escribi\u00f3 la internauta.&nbsp;<br>La joven &#8220;fresa&#8221; cuestion\u00f3 que c\u00f3mo es posible que los mercados no tengan &#8220;cat\u00e1logos&#8221; para consultar los art\u00edculos que comercializan; esto gener\u00f3 burlas por parte de sus amigos.&nbsp;<\/p>\n\n\n\n<p>&#8220;Ahorita en el sal\u00f3n pregunt\u00e9: &#8216;Oigan, \u00bfqu\u00e9 venden en el mercado? Y se empezaron a caga* de la risa. O sea si ubico que tienen almendras, pero qu\u00e9 m\u00e1s. Y dije: \u00bfQu\u00e9, no tienen un cat\u00e1logo? y no me bajaron de estupid*. luego Lidia me dijo a granel y yo dije: &#8216;\u00bfQu\u00e9 es a granel?&#8221;, agreg\u00f3 la joven &#8220;fresa&#8221;.\u00a0\u00a0<\/p>\n\n\n\n<p>La mexicana &#8220;fresa&#8221; opin\u00f3 que no estar\u00eda mal que los mercados cuenten con redes sociales para que sus consumidores consulten sus productos desde la red social.<\/p>\n\n\n\n<p>El video, a un d\u00eda de haber sido publicado ya sum\u00f3 m\u00e1s de 408 mil reproducciones, m\u00e1s de 49 mil me gusta y ha sido comentado cientos de veces. A continuaci\u00f3n te dejamos los comentarios m\u00e1s destacados:&nbsp;&nbsp;<\/p>\n\n\n\n<p>&#8220;\u00bfQu\u00e9 es a granel? Ja, ja, ja, ja&#8221;.\u00a0<br>&#8220;\u00bfC\u00f3mo que a granel, guey?&#8221;\u00a0<br>&#8220;Una vez que comprendes que estas situaciones que la gente privilegiada &#8216;sufre&#8217; no son m\u00e1s que un reflejo de la sociedad en la que han crecido y no m\u00e1s&#8221;.\u00a0<br>&#8220;Hay un loca de la Central de Abastos de Puebla que tiene Twitter y postea sus precios&#8221;.\u00a0<br>&#8220;Un cat\u00e1logo, ja, ja, ja&#8221;.\u00a0<br>&#8220;Ahora que tengo una tienda a granel me di cuenta de la buena cantidad de gente que no conoce el concepto &#8216;a granel&#8217;. Yo creo unas 4 de cada 10&#8221;.\u00a0<br>&#8220;Un caso real cuando todo le resolvieron sus pap\u00e1s&#8221;.<br>&#8220;Tengan o no varo eso les sucede a muchos j\u00f3venes&#8221;.<br>&#8220;Guey, real, yo si quiero el cat\u00e1logo, ja, ja, ja&#8221;.\u00a0<br>&#8220;No estar\u00eda mal que hubiera un cat\u00e1logo, la neta, ja, ja, ja&#8221;.\u00a0<\/p>\n\n\n\n<p>p<<blockquote class=\"tiktok-embed\" cite=\"https:\/\/www.tiktok.com\/@moninietor\/video\/7338644666260262149\" data-video-id=\"7338644666260262149\" style=\"max-width: 605px;min-width: 325px;\" > <section> <a target=\"_blank\" title=\"@moninietor\" href=\"https:\/\/www.tiktok.com\/@moninietor?refer=embed\" rel=\"noopener\">@moninietor<\/a> \u201cDeberia de haber un catalogo para hacer mi lista\u201d <a title=\"whitexican\" target=\"_blank\" href=\"https:\/\/www.tiktok.com\/tag\/whitexican?refer=embed\" rel=\"noopener\">#whitexican<\/a> <a title=\"fyp\" target=\"_blank\" href=\"https:\/\/www.tiktok.com\/tag\/fyp?refer=embed\" rel=\"noopener\">#fyp<\/a> <a title=\"comedia\" target=\"_blank\" href=\"https:\/\/www.tiktok.com\/tag\/comedia?refer=embed\" rel=\"noopener\">#comedia<\/a> <a target=\"_blank\" title=\"\u266c sonido original - Monica Nieto Reyes\" href=\"https:\/\/www.tiktok.com\/music\/sonido-original-7338644676928637702?refer=embed\" rel=\"noopener\">\u266c sonido original &#8211; Monica Nieto Reyes<\/a> <\/section> <\/blockquote> <script async src=\"https:\/\/www.tiktok.com\/embed.js\"><\/script>\/p>\n","protected":false},"excerpt":{"rendered":"<p>&#8220;Un caso real cuando todo le resolvieron sus pap\u00e1s&#8221;, escribi\u00f3 un internauta. En redes sociales, una joven se volvi\u00f3 viral tras asegurar que no sabe lo que son los mercados porque nunca ha visitado uno, provocando cientos de reacciones por parte de los internautas.&nbsp; Y es que como es bien sabido, en M\u00e9xico los mercados [&hellip;]<\/p>\n","protected":false},"author":9,"featured_media":75147,"comment_status":"open","ping_status":"open","sticky":false,"template":"","format":"standard","meta":{"tdm_status":"","tdm_grid_status":"","footnotes":""},"categories":[40],"tags":[],"class_list":{"0":"post-75146","1":"post","2":"type-post","3":"status-publish","4":"format-standard","5":"has-post-thumbnail","7":"category-las-asombrosas"},"yoast_head":"<!-- This site is optimized with the Yoast SEO plugin v27.5 - https:\/\/yoast.com\/product\/yoast-seo-wordpress\/ -->\n<title>VIDEO | Joven &quot;fresa&quot; asegura que no sabe lo que es un mercado: \u201c\u00bfNo tienen un cat\u00e1logo?\u201d - Fuentes Fidedignas<\/title>\n<meta name=\"robots\" content=\"index, follow, max-snippet:-1, max-image-preview:large, max-video-preview:-1\" \/>\n<link rel=\"canonical\" href=\"https:\/\/fuentesfidedignas.com.mx\/index.php\/2024\/02\/27\/video-joven-fresa-asegura-que-no-sabe-lo-que-es-un-mercado-no-tienen-un-catalogo\/\" \/>\n<meta property=\"og:locale\" content=\"es_MX\" \/>\n<meta property=\"og:type\" content=\"article\" \/>\n<meta property=\"og:title\" content=\"VIDEO | Joven &quot;fresa&quot; asegura que no sabe lo que es un mercado: \u201c\u00bfNo tienen un cat\u00e1logo?\u201d - Fuentes Fidedignas\" \/>\n<meta property=\"og:description\" content=\"&#8220;Un caso real cuando todo le resolvieron sus pap\u00e1s&#8221;, escribi\u00f3 un internauta. En redes sociales, una joven se volvi\u00f3 viral tras asegurar que no sabe lo que son los mercados porque nunca ha visitado uno, provocando cientos de reacciones por parte de los internautas.&nbsp; Y es que como es bien sabido, en M\u00e9xico los mercados [&hellip;]\" \/>\n<meta property=\"og:url\" content=\"https:\/\/fuentesfidedignas.com.mx\/index.php\/2024\/02\/27\/video-joven-fresa-asegura-que-no-sabe-lo-que-es-un-mercado-no-tienen-un-catalogo\/\" \/>\n<meta property=\"og:site_name\" content=\"Fuentes Fidedignas\" \/>\n<meta property=\"article:publisher\" content=\"https:\/\/www.facebook.com\/Fuentes-Fidedignas-368234489921644\" \/>\n<meta property=\"article:published_time\" content=\"2024-02-27T12:35:59+00:00\" \/>\n<meta property=\"og:image\" content=\"https:\/\/fuentesfidedignas.com.mx\/wp-content\/uploads\/2024\/02\/MERCADO_CATALAGO.jpg\" \/>\n\t<meta property=\"og:image:width\" content=\"876\" \/>\n\t<meta property=\"og:image:height\" content=\"524\" \/>\n\t<meta property=\"og:image:type\" content=\"image\/jpeg\" \/>\n<meta name=\"author\" content=\"Milenio\" \/>\n<meta name=\"twitter:card\" content=\"summary_large_image\" \/>\n<meta name=\"twitter:creator\" content=\"@fidedignas\" \/>\n<meta name=\"twitter:site\" content=\"@fidedignas\" \/>\n<meta name=\"twitter:label1\" content=\"Escrito por\" \/>\n\t<meta name=\"twitter:data1\" content=\"Milenio\" \/>\n\t<meta name=\"twitter:label2\" content=\"Tiempo de lectura\" \/>\n\t<meta name=\"twitter:data2\" content=\"3 minutos\" \/>\n<script type=\"application\/ld+json\" class=\"yoast-schema-graph\">{\"@context\":\"https:\\\/\\\/schema.org\",\"@graph\":[{\"@type\":\"Article\",\"@id\":\"https:\\\/\\\/fuentesfidedignas.com.mx\\\/index.php\\\/2024\\\/02\\\/27\\\/video-joven-fresa-asegura-que-no-sabe-lo-que-es-un-mercado-no-tienen-un-catalogo\\\/#article\",\"isPartOf\":{\"@id\":\"https:\\\/\\\/fuentesfidedignas.com.mx\\\/index.php\\\/2024\\\/02\\\/27\\\/video-joven-fresa-asegura-que-no-sabe-lo-que-es-un-mercado-no-tienen-un-catalogo\\\/\"},\"author\":{\"name\":\"Milenio\",\"@id\":\"https:\\\/\\\/fuentesfidedignas.com.mx\\\/#\\\/schema\\\/person\\\/47ec0135738f4b0c7495f06a77a2c976\"},\"headline\":\"VIDEO | Joven &#8220;fresa&#8221; asegura que no sabe lo que es un mercado: \u201c\u00bfNo tienen un cat\u00e1logo?\u201d\",\"datePublished\":\"2024-02-27T12:35:59+00:00\",\"mainEntityOfPage\":{\"@id\":\"https:\\\/\\\/fuentesfidedignas.com.mx\\\/index.php\\\/2024\\\/02\\\/27\\\/video-joven-fresa-asegura-que-no-sabe-lo-que-es-un-mercado-no-tienen-un-catalogo\\\/\"},\"wordCount\":605,\"commentCount\":0,\"publisher\":{\"@id\":\"https:\\\/\\\/fuentesfidedignas.com.mx\\\/#organization\"},\"image\":{\"@id\":\"https:\\\/\\\/fuentesfidedignas.com.mx\\\/index.php\\\/2024\\\/02\\\/27\\\/video-joven-fresa-asegura-que-no-sabe-lo-que-es-un-mercado-no-tienen-un-catalogo\\\/#primaryimage\"},\"thumbnailUrl\":\"https:\\\/\\\/fuentesfidedignas.com.mx\\\/wp-content\\\/uploads\\\/2024\\\/02\\\/MERCADO_CATALAGO.jpg\",\"articleSection\":[\"LAS ASOMBROSAS\"],\"inLanguage\":\"es\",\"potentialAction\":[{\"@type\":\"CommentAction\",\"name\":\"Comment\",\"target\":[\"https:\\\/\\\/fuentesfidedignas.com.mx\\\/index.php\\\/2024\\\/02\\\/27\\\/video-joven-fresa-asegura-que-no-sabe-lo-que-es-un-mercado-no-tienen-un-catalogo\\\/#respond\"]}]},{\"@type\":\"WebPage\",\"@id\":\"https:\\\/\\\/fuentesfidedignas.com.mx\\\/index.php\\\/2024\\\/02\\\/27\\\/video-joven-fresa-asegura-que-no-sabe-lo-que-es-un-mercado-no-tienen-un-catalogo\\\/\",\"url\":\"https:\\\/\\\/fuentesfidedignas.com.mx\\\/index.php\\\/2024\\\/02\\\/27\\\/video-joven-fresa-asegura-que-no-sabe-lo-que-es-un-mercado-no-tienen-un-catalogo\\\/\",\"name\":\"VIDEO | Joven \\\"fresa\\\" asegura que no sabe lo que es un mercado: \u201c\u00bfNo tienen un cat\u00e1logo?\u201d - Fuentes Fidedignas\",\"isPartOf\":{\"@id\":\"https:\\\/\\\/fuentesfidedignas.com.mx\\\/#website\"},\"primaryImageOfPage\":{\"@id\":\"https:\\\/\\\/fuentesfidedignas.com.mx\\\/index.php\\\/2024\\\/02\\\/27\\\/video-joven-fresa-asegura-que-no-sabe-lo-que-es-un-mercado-no-tienen-un-catalogo\\\/#primaryimage\"},\"image\":{\"@id\":\"https:\\\/\\\/fuentesfidedignas.com.mx\\\/index.php\\\/2024\\\/02\\\/27\\\/video-joven-fresa-asegura-que-no-sabe-lo-que-es-un-mercado-no-tienen-un-catalogo\\\/#primaryimage\"},\"thumbnailUrl\":\"https:\\\/\\\/fuentesfidedignas.com.mx\\\/wp-content\\\/uploads\\\/2024\\\/02\\\/MERCADO_CATALAGO.jpg\",\"datePublished\":\"2024-02-27T12:35:59+00:00\",\"breadcrumb\":{\"@id\":\"https:\\\/\\\/fuentesfidedignas.com.mx\\\/index.php\\\/2024\\\/02\\\/27\\\/video-joven-fresa-asegura-que-no-sabe-lo-que-es-un-mercado-no-tienen-un-catalogo\\\/#breadcrumb\"},\"inLanguage\":\"es\",\"potentialAction\":[{\"@type\":\"ReadAction\",\"target\":[\"https:\\\/\\\/fuentesfidedignas.com.mx\\\/index.php\\\/2024\\\/02\\\/27\\\/video-joven-fresa-asegura-que-no-sabe-lo-que-es-un-mercado-no-tienen-un-catalogo\\\/\"]}]},{\"@type\":\"ImageObject\",\"inLanguage\":\"es\",\"@id\":\"https:\\\/\\\/fuentesfidedignas.com.mx\\\/index.php\\\/2024\\\/02\\\/27\\\/video-joven-fresa-asegura-que-no-sabe-lo-que-es-un-mercado-no-tienen-un-catalogo\\\/#primaryimage\",\"url\":\"https:\\\/\\\/fuentesfidedignas.com.mx\\\/wp-content\\\/uploads\\\/2024\\\/02\\\/MERCADO_CATALAGO.jpg\",\"contentUrl\":\"https:\\\/\\\/fuentesfidedignas.com.mx\\\/wp-content\\\/uploads\\\/2024\\\/02\\\/MERCADO_CATALAGO.jpg\",\"width\":876,\"height\":524},{\"@type\":\"BreadcrumbList\",\"@id\":\"https:\\\/\\\/fuentesfidedignas.com.mx\\\/index.php\\\/2024\\\/02\\\/27\\\/video-joven-fresa-asegura-que-no-sabe-lo-que-es-un-mercado-no-tienen-un-catalogo\\\/#breadcrumb\",\"itemListElement\":[{\"@type\":\"ListItem\",\"position\":1,\"name\":\"Inicio\",\"item\":\"https:\\\/\\\/fuentesfidedignas.com.mx\\\/\"},{\"@type\":\"ListItem\",\"position\":2,\"name\":\"VIDEO | Joven &#8220;fresa&#8221; asegura que no sabe lo que es un mercado: \u201c\u00bfNo tienen un cat\u00e1logo?\u201d\"}]},{\"@type\":\"WebSite\",\"@id\":\"https:\\\/\\\/fuentesfidedignas.com.mx\\\/#website\",\"url\":\"https:\\\/\\\/fuentesfidedignas.com.mx\\\/\",\"name\":\"Fuentes Fidedignas\",\"description\":\"Otro sitio realizado con WordPress\",\"publisher\":{\"@id\":\"https:\\\/\\\/fuentesfidedignas.com.mx\\\/#organization\"},\"potentialAction\":[{\"@type\":\"SearchAction\",\"target\":{\"@type\":\"EntryPoint\",\"urlTemplate\":\"https:\\\/\\\/fuentesfidedignas.com.mx\\\/?s={search_term_string}\"},\"query-input\":{\"@type\":\"PropertyValueSpecification\",\"valueRequired\":true,\"valueName\":\"search_term_string\"}}],\"inLanguage\":\"es\"},{\"@type\":\"Organization\",\"@id\":\"https:\\\/\\\/fuentesfidedignas.com.mx\\\/#organization\",\"name\":\"Fuentes Fidedignas\",\"url\":\"https:\\\/\\\/fuentesfidedignas.com.mx\\\/\",\"logo\":{\"@type\":\"ImageObject\",\"inLanguage\":\"es\",\"@id\":\"https:\\\/\\\/fuentesfidedignas.com.mx\\\/#\\\/schema\\\/logo\\\/image\\\/\",\"url\":\"https:\\\/\\\/fuentesfidedignas.com.mx\\\/wp-content\\\/uploads\\\/2021\\\/04\\\/logo-retina.png\",\"contentUrl\":\"https:\\\/\\\/fuentesfidedignas.com.mx\\\/wp-content\\\/uploads\\\/2021\\\/04\\\/logo-retina.png\",\"width\":280,\"height\":51,\"caption\":\"Fuentes Fidedignas\"},\"image\":{\"@id\":\"https:\\\/\\\/fuentesfidedignas.com.mx\\\/#\\\/schema\\\/logo\\\/image\\\/\"},\"sameAs\":[\"https:\\\/\\\/www.facebook.com\\\/Fuentes-Fidedignas-368234489921644\",\"https:\\\/\\\/x.com\\\/fidedignas\"]},{\"@type\":\"Person\",\"@id\":\"https:\\\/\\\/fuentesfidedignas.com.mx\\\/#\\\/schema\\\/person\\\/47ec0135738f4b0c7495f06a77a2c976\",\"name\":\"Milenio\",\"image\":{\"@type\":\"ImageObject\",\"inLanguage\":\"es\",\"@id\":\"https:\\\/\\\/secure.gravatar.com\\\/avatar\\\/acabf7b54753e51c2c76457954577c236b3b764789b19879565769739d1e4a75?s=96&d=mm&r=g\",\"url\":\"https:\\\/\\\/secure.gravatar.com\\\/avatar\\\/acabf7b54753e51c2c76457954577c236b3b764789b19879565769739d1e4a75?s=96&d=mm&r=g\",\"contentUrl\":\"https:\\\/\\\/secure.gravatar.com\\\/avatar\\\/acabf7b54753e51c2c76457954577c236b3b764789b19879565769739d1e4a75?s=96&d=mm&r=g\",\"caption\":\"Milenio\"},\"url\":\"https:\\\/\\\/fuentesfidedignas.com.mx\\\/index.php\\\/author\\\/milenio\\\/\"}]}<\/script>\n<!-- \/ Yoast SEO plugin. -->","yoast_head_json":{"title":"VIDEO | Joven \"fresa\" asegura que no sabe lo que es un mercado: \u201c\u00bfNo tienen un cat\u00e1logo?\u201d - Fuentes Fidedignas","robots":{"index":"index","follow":"follow","max-snippet":"max-snippet:-1","max-image-preview":"max-image-preview:large","max-video-preview":"max-video-preview:-1"},"canonical":"https:\/\/fuentesfidedignas.com.mx\/index.php\/2024\/02\/27\/video-joven-fresa-asegura-que-no-sabe-lo-que-es-un-mercado-no-tienen-un-catalogo\/","og_locale":"es_MX","og_type":"article","og_title":"VIDEO | Joven \"fresa\" asegura que no sabe lo que es un mercado: \u201c\u00bfNo tienen un cat\u00e1logo?\u201d - Fuentes Fidedignas","og_description":"&#8220;Un caso real cuando todo le resolvieron sus pap\u00e1s&#8221;, escribi\u00f3 un internauta. En redes sociales, una joven se volvi\u00f3 viral tras asegurar que no sabe lo que son los mercados porque nunca ha visitado uno, provocando cientos de reacciones por parte de los internautas.&nbsp; Y es que como es bien sabido, en M\u00e9xico los mercados [&hellip;]","og_url":"https:\/\/fuentesfidedignas.com.mx\/index.php\/2024\/02\/27\/video-joven-fresa-asegura-que-no-sabe-lo-que-es-un-mercado-no-tienen-un-catalogo\/","og_site_name":"Fuentes Fidedignas","article_publisher":"https:\/\/www.facebook.com\/Fuentes-Fidedignas-368234489921644","article_published_time":"2024-02-27T12:35:59+00:00","og_image":[{"width":876,"height":524,"url":"https:\/\/fuentesfidedignas.com.mx\/wp-content\/uploads\/2024\/02\/MERCADO_CATALAGO.jpg","type":"image\/jpeg"}],"author":"Milenio","twitter_card":"summary_large_image","twitter_creator":"@fidedignas","twitter_site":"@fidedignas","twitter_misc":{"Escrito por":"Milenio","Tiempo de lectura":"3 minutos"},"schema":{"@context":"https:\/\/schema.org","@graph":[{"@type":"Article","@id":"https:\/\/fuentesfidedignas.com.mx\/index.php\/2024\/02\/27\/video-joven-fresa-asegura-que-no-sabe-lo-que-es-un-mercado-no-tienen-un-catalogo\/#article","isPartOf":{"@id":"https:\/\/fuentesfidedignas.com.mx\/index.php\/2024\/02\/27\/video-joven-fresa-asegura-que-no-sabe-lo-que-es-un-mercado-no-tienen-un-catalogo\/"},"author":{"name":"Milenio","@id":"https:\/\/fuentesfidedignas.com.mx\/#\/schema\/person\/47ec0135738f4b0c7495f06a77a2c976"},"headline":"VIDEO | Joven &#8220;fresa&#8221; asegura que no sabe lo que es un mercado: \u201c\u00bfNo tienen un cat\u00e1logo?\u201d","datePublished":"2024-02-27T12:35:59+00:00","mainEntityOfPage":{"@id":"https:\/\/fuentesfidedignas.com.mx\/index.php\/2024\/02\/27\/video-joven-fresa-asegura-que-no-sabe-lo-que-es-un-mercado-no-tienen-un-catalogo\/"},"wordCount":605,"commentCount":0,"publisher":{"@id":"https:\/\/fuentesfidedignas.com.mx\/#organization"},"image":{"@id":"https:\/\/fuentesfidedignas.com.mx\/index.php\/2024\/02\/27\/video-joven-fresa-asegura-que-no-sabe-lo-que-es-un-mercado-no-tienen-un-catalogo\/#primaryimage"},"thumbnailUrl":"https:\/\/fuentesfidedignas.com.mx\/wp-content\/uploads\/2024\/02\/MERCADO_CATALAGO.jpg","articleSection":["LAS ASOMBROSAS"],"inLanguage":"es","potentialAction":[{"@type":"CommentAction","name":"Comment","target":["https:\/\/fuentesfidedignas.com.mx\/index.php\/2024\/02\/27\/video-joven-fresa-asegura-que-no-sabe-lo-que-es-un-mercado-no-tienen-un-catalogo\/#respond"]}]},{"@type":"WebPage","@id":"https:\/\/fuentesfidedignas.com.mx\/index.php\/2024\/02\/27\/video-joven-fresa-asegura-que-no-sabe-lo-que-es-un-mercado-no-tienen-un-catalogo\/","url":"https:\/\/fuentesfidedignas.com.mx\/index.php\/2024\/02\/27\/video-joven-fresa-asegura-que-no-sabe-lo-que-es-un-mercado-no-tienen-un-catalogo\/","name":"VIDEO | Joven \"fresa\" asegura que no sabe lo que es un mercado: \u201c\u00bfNo tienen un cat\u00e1logo?\u201d - Fuentes Fidedignas","isPartOf":{"@id":"https:\/\/fuentesfidedignas.com.mx\/#website"},"primaryImageOfPage":{"@id":"https:\/\/fuentesfidedignas.com.mx\/index.php\/2024\/02\/27\/video-joven-fresa-asegura-que-no-sabe-lo-que-es-un-mercado-no-tienen-un-catalogo\/#primaryimage"},"image":{"@id":"https:\/\/fuentesfidedignas.com.mx\/index.php\/2024\/02\/27\/video-joven-fresa-asegura-que-no-sabe-lo-que-es-un-mercado-no-tienen-un-catalogo\/#primaryimage"},"thumbnailUrl":"https:\/\/fuentesfidedignas.com.mx\/wp-content\/uploads\/2024\/02\/MERCADO_CATALAGO.jpg","datePublished":"2024-02-27T12:35:59+00:00","breadcrumb":{"@id":"https:\/\/fuentesfidedignas.com.mx\/index.php\/2024\/02\/27\/video-joven-fresa-asegura-que-no-sabe-lo-que-es-un-mercado-no-tienen-un-catalogo\/#breadcrumb"},"inLanguage":"es","potentialAction":[{"@type":"ReadAction","target":["https:\/\/fuentesfidedignas.com.mx\/index.php\/2024\/02\/27\/video-joven-fresa-asegura-que-no-sabe-lo-que-es-un-mercado-no-tienen-un-catalogo\/"]}]},{"@type":"ImageObject","inLanguage":"es","@id":"https:\/\/fuentesfidedignas.com.mx\/index.php\/2024\/02\/27\/video-joven-fresa-asegura-que-no-sabe-lo-que-es-un-mercado-no-tienen-un-catalogo\/#primaryimage","url":"https:\/\/fuentesfidedignas.com.mx\/wp-content\/uploads\/2024\/02\/MERCADO_CATALAGO.jpg","contentUrl":"https:\/\/fuentesfidedignas.com.mx\/wp-content\/uploads\/2024\/02\/MERCADO_CATALAGO.jpg","width":876,"height":524},{"@type":"BreadcrumbList","@id":"https:\/\/fuentesfidedignas.com.mx\/index.php\/2024\/02\/27\/video-joven-fresa-asegura-que-no-sabe-lo-que-es-un-mercado-no-tienen-un-catalogo\/#breadcrumb","itemListElement":[{"@type":"ListItem","position":1,"name":"Inicio","item":"https:\/\/fuentesfidedignas.com.mx\/"},{"@type":"ListItem","position":2,"name":"VIDEO | Joven &#8220;fresa&#8221; asegura que no sabe lo que es un mercado: \u201c\u00bfNo tienen un cat\u00e1logo?\u201d"}]},{"@type":"WebSite","@id":"https:\/\/fuentesfidedignas.com.mx\/#website","url":"https:\/\/fuentesfidedignas.com.mx\/","name":"Fuentes Fidedignas","description":"Otro sitio realizado con WordPress","publisher":{"@id":"https:\/\/fuentesfidedignas.com.mx\/#organization"},"potentialAction":[{"@type":"SearchAction","target":{"@type":"EntryPoint","urlTemplate":"https:\/\/fuentesfidedignas.com.mx\/?s={search_term_string}"},"query-input":{"@type":"PropertyValueSpecification","valueRequired":true,"valueName":"search_term_string"}}],"inLanguage":"es"},{"@type":"Organization","@id":"https:\/\/fuentesfidedignas.com.mx\/#organization","name":"Fuentes Fidedignas","url":"https:\/\/fuentesfidedignas.com.mx\/","logo":{"@type":"ImageObject","inLanguage":"es","@id":"https:\/\/fuentesfidedignas.com.mx\/#\/schema\/logo\/image\/","url":"https:\/\/fuentesfidedignas.com.mx\/wp-content\/uploads\/2021\/04\/logo-retina.png","contentUrl":"https:\/\/fuentesfidedignas.com.mx\/wp-content\/uploads\/2021\/04\/logo-retina.png","width":280,"height":51,"caption":"Fuentes Fidedignas"},"image":{"@id":"https:\/\/fuentesfidedignas.com.mx\/#\/schema\/logo\/image\/"},"sameAs":["https:\/\/www.facebook.com\/Fuentes-Fidedignas-368234489921644","https:\/\/x.com\/fidedignas"]},{"@type":"Person","@id":"https:\/\/fuentesfidedignas.com.mx\/#\/schema\/person\/47ec0135738f4b0c7495f06a77a2c976","name":"Milenio","image":{"@type":"ImageObject","inLanguage":"es","@id":"https:\/\/secure.gravatar.com\/avatar\/acabf7b54753e51c2c76457954577c236b3b764789b19879565769739d1e4a75?s=96&d=mm&r=g","url":"https:\/\/secure.gravatar.com\/avatar\/acabf7b54753e51c2c76457954577c236b3b764789b19879565769739d1e4a75?s=96&d=mm&r=g","contentUrl":"https:\/\/secure.gravatar.com\/avatar\/acabf7b54753e51c2c76457954577c236b3b764789b19879565769739d1e4a75?s=96&d=mm&r=g","caption":"Milenio"},"url":"https:\/\/fuentesfidedignas.com.mx\/index.php\/author\/milenio\/"}]}},"_links":{"self":[{"href":"https:\/\/fuentesfidedignas.com.mx\/index.php\/wp-json\/wp\/v2\/posts\/75146","targetHints":{"allow":["GET"]}}],"collection":[{"href":"https:\/\/fuentesfidedignas.com.mx\/index.php\/wp-json\/wp\/v2\/posts"}],"about":[{"href":"https:\/\/fuentesfidedignas.com.mx\/index.php\/wp-json\/wp\/v2\/types\/post"}],"author":[{"embeddable":true,"href":"https:\/\/fuentesfidedignas.com.mx\/index.php\/wp-json\/wp\/v2\/users\/9"}],"replies":[{"embeddable":true,"href":"https:\/\/fuentesfidedignas.com.mx\/index.php\/wp-json\/wp\/v2\/comments?post=75146"}],"version-history":[{"count":1,"href":"https:\/\/fuentesfidedignas.com.mx\/index.php\/wp-json\/wp\/v2\/posts\/75146\/revisions"}],"predecessor-version":[{"id":75148,"href":"https:\/\/fuentesfidedignas.com.mx\/index.php\/wp-json\/wp\/v2\/posts\/75146\/revisions\/75148"}],"wp:featuredmedia":[{"embeddable":true,"href":"https:\/\/fuentesfidedignas.com.mx\/index.php\/wp-json\/wp\/v2\/media\/75147"}],"wp:attachment":[{"href":"https:\/\/fuentesfidedignas.com.mx\/index.php\/wp-json\/wp\/v2\/media?parent=75146"}],"wp:term":[{"taxonomy":"category","embeddable":true,"href":"https:\/\/fuentesfidedignas.com.mx\/index.php\/wp-json\/wp\/v2\/categories?post=75146"},{"taxonomy":"post_tag","embeddable":true,"href":"https:\/\/fuentesfidedignas.com.mx\/index.php\/wp-json\/wp\/v2\/tags?post=75146"}],"curies":[{"name":"wp","href":"https:\/\/api.w.org\/{rel}","templated":true}]}}