{"id":75070,"date":"2024-02-26T10:18:19","date_gmt":"2024-02-26T17:18:19","guid":{"rendered":"https:\/\/fuentesfidedignas.com.mx\/?p=75070"},"modified":"2024-02-26T10:36:59","modified_gmt":"2024-02-26T17:36:59","slug":"catalina-esparza-quedara-a-cargo-de-la-sepyc-rocha-ajustara-gabinete","status":"publish","type":"post","link":"https:\/\/fuentesfidedignas.com.mx\/index.php\/2024\/02\/26\/catalina-esparza-quedara-a-cargo-de-la-sepyc-rocha-ajustara-gabinete\/","title":{"rendered":"Catalina Esparza quedar\u00e1 a cargo de la SEPyC; Rocha ajustar\u00e1 Gabinete"},"content":{"rendered":"\n<p>Culiac\u00e1n, Sin.- Ser\u00e1 la doctora Catalina Esparza Navarrete quien se quede al frente de la Secretar\u00eda de Educaci\u00f3n P\u00fablica y Cultura (SEPyC), quien estar\u00e1 como encargada de Despacho tras la salida de Graciela Dom\u00ednguez Nava, as\u00ed lo confirm\u00f3 el Gobernador Rub\u00e9n Rocha Moya este lunes.<\/p>\n\n\n\n<p>Esparza Navarrete se desempe\u00f1\u00f3 como Subsecretaria de Planeaci\u00f3n Educativa durante los \u00faltimos dos a\u00f1os, cuatro meses, \u00e1rea encargada de temas como infraestructura de los planteles educativos, equipamiento, crecimiento de matr\u00edcula y el proceso de preinscripciones por mencionar algunas.<\/p>\n\n\n\n<p>La encargada del despacho de SEPyC, se desempe\u00f1\u00f3 como profesora de educaci\u00f3n primaria durante 26 a\u00f1os. Asimismo, fue directora y supervisora escolar, esto \u00faltimo en las zonas escolares 036, 112 y 121. Tambi\u00e9n ocup\u00f3 el cargo de jefa de sector de educaci\u00f3n primaria desde 2011 a 2020. Desde 1993 a la fecha, es profesora investigadora de tiempo completo TIT \u00abC\u00bb en la Universidad Aut\u00f3noma de de Sinaloa; tambi\u00e9n se desempe\u00f1\u00f3 como profesora de en programas de licenciatura, maestrar\u00eda y doctorado. De igual forma, es fundadora del Programa Ingl\u00e9s en primarias en el estado de Sinaloa.<\/p>\n\n\n\n<p>Asimismo, el gobernador inform\u00f3 que temporalmente ser\u00e1n los encargados de Despacho quienes asuman la titularidad; sin embargo, ya se encuentra realizando los ajustes en su Gabinete pues ser\u00e1n varios puestos los que quedar\u00e1n libres al irse los titulares a buscar un puesto de elecci\u00f3n popular.<\/p>\n","protected":false},"excerpt":{"rendered":"<p>Culiac\u00e1n, Sin.- Ser\u00e1 la doctora Catalina Esparza Navarrete quien se quede al frente de la Secretar\u00eda de Educaci\u00f3n P\u00fablica y Cultura (SEPyC), quien estar\u00e1 como encargada de Despacho tras la salida de Graciela Dom\u00ednguez Nava, as\u00ed lo confirm\u00f3 el Gobernador Rub\u00e9n Rocha Moya este lunes. Esparza Navarrete se desempe\u00f1\u00f3 como Subsecretaria de Planeaci\u00f3n Educativa durante [&hellip;]<\/p>\n","protected":false},"author":11,"featured_media":75069,"comment_status":"open","ping_status":"open","sticky":false,"template":"","format":"standard","meta":{"tdm_status":"","tdm_grid_status":"","footnotes":""},"categories":[37],"tags":[],"class_list":{"0":"post-75070","1":"post","2":"type-post","3":"status-publish","4":"format-standard","5":"has-post-thumbnail","7":"category-nota-principal"},"yoast_head":"<!-- This site is optimized with the Yoast SEO plugin v27.4 - https:\/\/yoast.com\/product\/yoast-seo-wordpress\/ -->\n<title>Catalina Esparza quedar\u00e1 a cargo de la SEPyC; Rocha ajustar\u00e1 Gabinete - Fuentes Fidedignas<\/title>\n<meta name=\"robots\" content=\"index, follow, max-snippet:-1, max-image-preview:large, max-video-preview:-1\" \/>\n<link rel=\"canonical\" href=\"https:\/\/fuentesfidedignas.com.mx\/index.php\/2024\/02\/26\/catalina-esparza-quedara-a-cargo-de-la-sepyc-rocha-ajustara-gabinete\/\" \/>\n<meta property=\"og:locale\" content=\"es_MX\" \/>\n<meta property=\"og:type\" content=\"article\" \/>\n<meta property=\"og:title\" content=\"Catalina Esparza quedar\u00e1 a cargo de la SEPyC; Rocha ajustar\u00e1 Gabinete - Fuentes Fidedignas\" \/>\n<meta property=\"og:description\" content=\"Culiac\u00e1n, Sin.- Ser\u00e1 la doctora Catalina Esparza Navarrete quien se quede al frente de la Secretar\u00eda de Educaci\u00f3n P\u00fablica y Cultura (SEPyC), quien estar\u00e1 como encargada de Despacho tras la salida de Graciela Dom\u00ednguez Nava, as\u00ed lo confirm\u00f3 el Gobernador Rub\u00e9n Rocha Moya este lunes. Esparza Navarrete se desempe\u00f1\u00f3 como Subsecretaria de Planeaci\u00f3n Educativa durante [&hellip;]\" \/>\n<meta property=\"og:url\" content=\"https:\/\/fuentesfidedignas.com.mx\/index.php\/2024\/02\/26\/catalina-esparza-quedara-a-cargo-de-la-sepyc-rocha-ajustara-gabinete\/\" \/>\n<meta property=\"og:site_name\" content=\"Fuentes Fidedignas\" \/>\n<meta property=\"article:publisher\" content=\"https:\/\/www.facebook.com\/Fuentes-Fidedignas-368234489921644\" \/>\n<meta property=\"article:published_time\" content=\"2024-02-26T17:18:19+00:00\" \/>\n<meta property=\"article:modified_time\" content=\"2024-02-26T17:36:59+00:00\" \/>\n<meta property=\"og:image\" content=\"https:\/\/fuentesfidedignas.com.mx\/wp-content\/uploads\/2024\/02\/img_2105-1.jpg\" \/>\n\t<meta property=\"og:image:width\" content=\"1091\" \/>\n\t<meta property=\"og:image:height\" content=\"765\" \/>\n\t<meta property=\"og:image:type\" content=\"image\/jpeg\" \/>\n<meta name=\"author\" content=\"Marissa Palafox\" \/>\n<meta name=\"twitter:card\" content=\"summary_large_image\" \/>\n<meta name=\"twitter:creator\" content=\"@fidedignas\" \/>\n<meta name=\"twitter:site\" content=\"@fidedignas\" \/>\n<meta name=\"twitter:label1\" content=\"Escrito por\" \/>\n\t<meta name=\"twitter:data1\" content=\"Marissa Palafox\" \/>\n\t<meta name=\"twitter:label2\" content=\"Tiempo de lectura\" \/>\n\t<meta name=\"twitter:data2\" content=\"2 minutos\" \/>\n<script type=\"application\/ld+json\" class=\"yoast-schema-graph\">{\"@context\":\"https:\\\/\\\/schema.org\",\"@graph\":[{\"@type\":\"Article\",\"@id\":\"https:\\\/\\\/fuentesfidedignas.com.mx\\\/index.php\\\/2024\\\/02\\\/26\\\/catalina-esparza-quedara-a-cargo-de-la-sepyc-rocha-ajustara-gabinete\\\/#article\",\"isPartOf\":{\"@id\":\"https:\\\/\\\/fuentesfidedignas.com.mx\\\/index.php\\\/2024\\\/02\\\/26\\\/catalina-esparza-quedara-a-cargo-de-la-sepyc-rocha-ajustara-gabinete\\\/\"},\"author\":{\"name\":\"Marissa Palafox\",\"@id\":\"https:\\\/\\\/fuentesfidedignas.com.mx\\\/#\\\/schema\\\/person\\\/2c10028b4a30078c05a056a215342ab9\"},\"headline\":\"Catalina Esparza quedar\u00e1 a cargo de la SEPyC; Rocha ajustar\u00e1 Gabinete\",\"datePublished\":\"2024-02-26T17:18:19+00:00\",\"dateModified\":\"2024-02-26T17:36:59+00:00\",\"mainEntityOfPage\":{\"@id\":\"https:\\\/\\\/fuentesfidedignas.com.mx\\\/index.php\\\/2024\\\/02\\\/26\\\/catalina-esparza-quedara-a-cargo-de-la-sepyc-rocha-ajustara-gabinete\\\/\"},\"wordCount\":249,\"commentCount\":0,\"publisher\":{\"@id\":\"https:\\\/\\\/fuentesfidedignas.com.mx\\\/#organization\"},\"image\":{\"@id\":\"https:\\\/\\\/fuentesfidedignas.com.mx\\\/index.php\\\/2024\\\/02\\\/26\\\/catalina-esparza-quedara-a-cargo-de-la-sepyc-rocha-ajustara-gabinete\\\/#primaryimage\"},\"thumbnailUrl\":\"https:\\\/\\\/fuentesfidedignas.com.mx\\\/wp-content\\\/uploads\\\/2024\\\/02\\\/img_2105-1.jpg\",\"articleSection\":[\"NOTA PRINCIPAL\"],\"inLanguage\":\"es\",\"potentialAction\":[{\"@type\":\"CommentAction\",\"name\":\"Comment\",\"target\":[\"https:\\\/\\\/fuentesfidedignas.com.mx\\\/index.php\\\/2024\\\/02\\\/26\\\/catalina-esparza-quedara-a-cargo-de-la-sepyc-rocha-ajustara-gabinete\\\/#respond\"]}]},{\"@type\":\"WebPage\",\"@id\":\"https:\\\/\\\/fuentesfidedignas.com.mx\\\/index.php\\\/2024\\\/02\\\/26\\\/catalina-esparza-quedara-a-cargo-de-la-sepyc-rocha-ajustara-gabinete\\\/\",\"url\":\"https:\\\/\\\/fuentesfidedignas.com.mx\\\/index.php\\\/2024\\\/02\\\/26\\\/catalina-esparza-quedara-a-cargo-de-la-sepyc-rocha-ajustara-gabinete\\\/\",\"name\":\"Catalina Esparza quedar\u00e1 a cargo de la SEPyC; Rocha ajustar\u00e1 Gabinete - Fuentes Fidedignas\",\"isPartOf\":{\"@id\":\"https:\\\/\\\/fuentesfidedignas.com.mx\\\/#website\"},\"primaryImageOfPage\":{\"@id\":\"https:\\\/\\\/fuentesfidedignas.com.mx\\\/index.php\\\/2024\\\/02\\\/26\\\/catalina-esparza-quedara-a-cargo-de-la-sepyc-rocha-ajustara-gabinete\\\/#primaryimage\"},\"image\":{\"@id\":\"https:\\\/\\\/fuentesfidedignas.com.mx\\\/index.php\\\/2024\\\/02\\\/26\\\/catalina-esparza-quedara-a-cargo-de-la-sepyc-rocha-ajustara-gabinete\\\/#primaryimage\"},\"thumbnailUrl\":\"https:\\\/\\\/fuentesfidedignas.com.mx\\\/wp-content\\\/uploads\\\/2024\\\/02\\\/img_2105-1.jpg\",\"datePublished\":\"2024-02-26T17:18:19+00:00\",\"dateModified\":\"2024-02-26T17:36:59+00:00\",\"breadcrumb\":{\"@id\":\"https:\\\/\\\/fuentesfidedignas.com.mx\\\/index.php\\\/2024\\\/02\\\/26\\\/catalina-esparza-quedara-a-cargo-de-la-sepyc-rocha-ajustara-gabinete\\\/#breadcrumb\"},\"inLanguage\":\"es\",\"potentialAction\":[{\"@type\":\"ReadAction\",\"target\":[\"https:\\\/\\\/fuentesfidedignas.com.mx\\\/index.php\\\/2024\\\/02\\\/26\\\/catalina-esparza-quedara-a-cargo-de-la-sepyc-rocha-ajustara-gabinete\\\/\"]}]},{\"@type\":\"ImageObject\",\"inLanguage\":\"es\",\"@id\":\"https:\\\/\\\/fuentesfidedignas.com.mx\\\/index.php\\\/2024\\\/02\\\/26\\\/catalina-esparza-quedara-a-cargo-de-la-sepyc-rocha-ajustara-gabinete\\\/#primaryimage\",\"url\":\"https:\\\/\\\/fuentesfidedignas.com.mx\\\/wp-content\\\/uploads\\\/2024\\\/02\\\/img_2105-1.jpg\",\"contentUrl\":\"https:\\\/\\\/fuentesfidedignas.com.mx\\\/wp-content\\\/uploads\\\/2024\\\/02\\\/img_2105-1.jpg\",\"width\":1091,\"height\":765},{\"@type\":\"BreadcrumbList\",\"@id\":\"https:\\\/\\\/fuentesfidedignas.com.mx\\\/index.php\\\/2024\\\/02\\\/26\\\/catalina-esparza-quedara-a-cargo-de-la-sepyc-rocha-ajustara-gabinete\\\/#breadcrumb\",\"itemListElement\":[{\"@type\":\"ListItem\",\"position\":1,\"name\":\"Inicio\",\"item\":\"https:\\\/\\\/fuentesfidedignas.com.mx\\\/\"},{\"@type\":\"ListItem\",\"position\":2,\"name\":\"Catalina Esparza quedar\u00e1 a cargo de la SEPyC; Rocha ajustar\u00e1 Gabinete\"}]},{\"@type\":\"WebSite\",\"@id\":\"https:\\\/\\\/fuentesfidedignas.com.mx\\\/#website\",\"url\":\"https:\\\/\\\/fuentesfidedignas.com.mx\\\/\",\"name\":\"Fuentes Fidedignas\",\"description\":\"Otro sitio realizado con WordPress\",\"publisher\":{\"@id\":\"https:\\\/\\\/fuentesfidedignas.com.mx\\\/#organization\"},\"potentialAction\":[{\"@type\":\"SearchAction\",\"target\":{\"@type\":\"EntryPoint\",\"urlTemplate\":\"https:\\\/\\\/fuentesfidedignas.com.mx\\\/?s={search_term_string}\"},\"query-input\":{\"@type\":\"PropertyValueSpecification\",\"valueRequired\":true,\"valueName\":\"search_term_string\"}}],\"inLanguage\":\"es\"},{\"@type\":\"Organization\",\"@id\":\"https:\\\/\\\/fuentesfidedignas.com.mx\\\/#organization\",\"name\":\"Fuentes Fidedignas\",\"url\":\"https:\\\/\\\/fuentesfidedignas.com.mx\\\/\",\"logo\":{\"@type\":\"ImageObject\",\"inLanguage\":\"es\",\"@id\":\"https:\\\/\\\/fuentesfidedignas.com.mx\\\/#\\\/schema\\\/logo\\\/image\\\/\",\"url\":\"https:\\\/\\\/fuentesfidedignas.com.mx\\\/wp-content\\\/uploads\\\/2021\\\/04\\\/logo-retina.png\",\"contentUrl\":\"https:\\\/\\\/fuentesfidedignas.com.mx\\\/wp-content\\\/uploads\\\/2021\\\/04\\\/logo-retina.png\",\"width\":280,\"height\":51,\"caption\":\"Fuentes Fidedignas\"},\"image\":{\"@id\":\"https:\\\/\\\/fuentesfidedignas.com.mx\\\/#\\\/schema\\\/logo\\\/image\\\/\"},\"sameAs\":[\"https:\\\/\\\/www.facebook.com\\\/Fuentes-Fidedignas-368234489921644\",\"https:\\\/\\\/x.com\\\/fidedignas\"]},{\"@type\":\"Person\",\"@id\":\"https:\\\/\\\/fuentesfidedignas.com.mx\\\/#\\\/schema\\\/person\\\/2c10028b4a30078c05a056a215342ab9\",\"name\":\"Marissa Palafox\",\"image\":{\"@type\":\"ImageObject\",\"inLanguage\":\"es\",\"@id\":\"https:\\\/\\\/secure.gravatar.com\\\/avatar\\\/20a43bdb2f2db10f20b22d4e98b96eb027faf98f7f76d29854dc5fab46d1cf71?s=96&d=mm&r=g\",\"url\":\"https:\\\/\\\/secure.gravatar.com\\\/avatar\\\/20a43bdb2f2db10f20b22d4e98b96eb027faf98f7f76d29854dc5fab46d1cf71?s=96&d=mm&r=g\",\"contentUrl\":\"https:\\\/\\\/secure.gravatar.com\\\/avatar\\\/20a43bdb2f2db10f20b22d4e98b96eb027faf98f7f76d29854dc5fab46d1cf71?s=96&d=mm&r=g\",\"caption\":\"Marissa Palafox\"},\"url\":\"https:\\\/\\\/fuentesfidedignas.com.mx\\\/index.php\\\/author\\\/marissa\\\/\"}]}<\/script>\n<!-- \/ Yoast SEO plugin. -->","yoast_head_json":{"title":"Catalina Esparza quedar\u00e1 a cargo de la SEPyC; Rocha ajustar\u00e1 Gabinete - Fuentes Fidedignas","robots":{"index":"index","follow":"follow","max-snippet":"max-snippet:-1","max-image-preview":"max-image-preview:large","max-video-preview":"max-video-preview:-1"},"canonical":"https:\/\/fuentesfidedignas.com.mx\/index.php\/2024\/02\/26\/catalina-esparza-quedara-a-cargo-de-la-sepyc-rocha-ajustara-gabinete\/","og_locale":"es_MX","og_type":"article","og_title":"Catalina Esparza quedar\u00e1 a cargo de la SEPyC; Rocha ajustar\u00e1 Gabinete - Fuentes Fidedignas","og_description":"Culiac\u00e1n, Sin.- Ser\u00e1 la doctora Catalina Esparza Navarrete quien se quede al frente de la Secretar\u00eda de Educaci\u00f3n P\u00fablica y Cultura (SEPyC), quien estar\u00e1 como encargada de Despacho tras la salida de Graciela Dom\u00ednguez Nava, as\u00ed lo confirm\u00f3 el Gobernador Rub\u00e9n Rocha Moya este lunes. Esparza Navarrete se desempe\u00f1\u00f3 como Subsecretaria de Planeaci\u00f3n Educativa durante [&hellip;]","og_url":"https:\/\/fuentesfidedignas.com.mx\/index.php\/2024\/02\/26\/catalina-esparza-quedara-a-cargo-de-la-sepyc-rocha-ajustara-gabinete\/","og_site_name":"Fuentes Fidedignas","article_publisher":"https:\/\/www.facebook.com\/Fuentes-Fidedignas-368234489921644","article_published_time":"2024-02-26T17:18:19+00:00","article_modified_time":"2024-02-26T17:36:59+00:00","og_image":[{"width":1091,"height":765,"url":"https:\/\/fuentesfidedignas.com.mx\/wp-content\/uploads\/2024\/02\/img_2105-1.jpg","type":"image\/jpeg"}],"author":"Marissa Palafox","twitter_card":"summary_large_image","twitter_creator":"@fidedignas","twitter_site":"@fidedignas","twitter_misc":{"Escrito por":"Marissa Palafox","Tiempo de lectura":"2 minutos"},"schema":{"@context":"https:\/\/schema.org","@graph":[{"@type":"Article","@id":"https:\/\/fuentesfidedignas.com.mx\/index.php\/2024\/02\/26\/catalina-esparza-quedara-a-cargo-de-la-sepyc-rocha-ajustara-gabinete\/#article","isPartOf":{"@id":"https:\/\/fuentesfidedignas.com.mx\/index.php\/2024\/02\/26\/catalina-esparza-quedara-a-cargo-de-la-sepyc-rocha-ajustara-gabinete\/"},"author":{"name":"Marissa Palafox","@id":"https:\/\/fuentesfidedignas.com.mx\/#\/schema\/person\/2c10028b4a30078c05a056a215342ab9"},"headline":"Catalina Esparza quedar\u00e1 a cargo de la SEPyC; Rocha ajustar\u00e1 Gabinete","datePublished":"2024-02-26T17:18:19+00:00","dateModified":"2024-02-26T17:36:59+00:00","mainEntityOfPage":{"@id":"https:\/\/fuentesfidedignas.com.mx\/index.php\/2024\/02\/26\/catalina-esparza-quedara-a-cargo-de-la-sepyc-rocha-ajustara-gabinete\/"},"wordCount":249,"commentCount":0,"publisher":{"@id":"https:\/\/fuentesfidedignas.com.mx\/#organization"},"image":{"@id":"https:\/\/fuentesfidedignas.com.mx\/index.php\/2024\/02\/26\/catalina-esparza-quedara-a-cargo-de-la-sepyc-rocha-ajustara-gabinete\/#primaryimage"},"thumbnailUrl":"https:\/\/fuentesfidedignas.com.mx\/wp-content\/uploads\/2024\/02\/img_2105-1.jpg","articleSection":["NOTA PRINCIPAL"],"inLanguage":"es","potentialAction":[{"@type":"CommentAction","name":"Comment","target":["https:\/\/fuentesfidedignas.com.mx\/index.php\/2024\/02\/26\/catalina-esparza-quedara-a-cargo-de-la-sepyc-rocha-ajustara-gabinete\/#respond"]}]},{"@type":"WebPage","@id":"https:\/\/fuentesfidedignas.com.mx\/index.php\/2024\/02\/26\/catalina-esparza-quedara-a-cargo-de-la-sepyc-rocha-ajustara-gabinete\/","url":"https:\/\/fuentesfidedignas.com.mx\/index.php\/2024\/02\/26\/catalina-esparza-quedara-a-cargo-de-la-sepyc-rocha-ajustara-gabinete\/","name":"Catalina Esparza quedar\u00e1 a cargo de la SEPyC; Rocha ajustar\u00e1 Gabinete - Fuentes Fidedignas","isPartOf":{"@id":"https:\/\/fuentesfidedignas.com.mx\/#website"},"primaryImageOfPage":{"@id":"https:\/\/fuentesfidedignas.com.mx\/index.php\/2024\/02\/26\/catalina-esparza-quedara-a-cargo-de-la-sepyc-rocha-ajustara-gabinete\/#primaryimage"},"image":{"@id":"https:\/\/fuentesfidedignas.com.mx\/index.php\/2024\/02\/26\/catalina-esparza-quedara-a-cargo-de-la-sepyc-rocha-ajustara-gabinete\/#primaryimage"},"thumbnailUrl":"https:\/\/fuentesfidedignas.com.mx\/wp-content\/uploads\/2024\/02\/img_2105-1.jpg","datePublished":"2024-02-26T17:18:19+00:00","dateModified":"2024-02-26T17:36:59+00:00","breadcrumb":{"@id":"https:\/\/fuentesfidedignas.com.mx\/index.php\/2024\/02\/26\/catalina-esparza-quedara-a-cargo-de-la-sepyc-rocha-ajustara-gabinete\/#breadcrumb"},"inLanguage":"es","potentialAction":[{"@type":"ReadAction","target":["https:\/\/fuentesfidedignas.com.mx\/index.php\/2024\/02\/26\/catalina-esparza-quedara-a-cargo-de-la-sepyc-rocha-ajustara-gabinete\/"]}]},{"@type":"ImageObject","inLanguage":"es","@id":"https:\/\/fuentesfidedignas.com.mx\/index.php\/2024\/02\/26\/catalina-esparza-quedara-a-cargo-de-la-sepyc-rocha-ajustara-gabinete\/#primaryimage","url":"https:\/\/fuentesfidedignas.com.mx\/wp-content\/uploads\/2024\/02\/img_2105-1.jpg","contentUrl":"https:\/\/fuentesfidedignas.com.mx\/wp-content\/uploads\/2024\/02\/img_2105-1.jpg","width":1091,"height":765},{"@type":"BreadcrumbList","@id":"https:\/\/fuentesfidedignas.com.mx\/index.php\/2024\/02\/26\/catalina-esparza-quedara-a-cargo-de-la-sepyc-rocha-ajustara-gabinete\/#breadcrumb","itemListElement":[{"@type":"ListItem","position":1,"name":"Inicio","item":"https:\/\/fuentesfidedignas.com.mx\/"},{"@type":"ListItem","position":2,"name":"Catalina Esparza quedar\u00e1 a cargo de la SEPyC; Rocha ajustar\u00e1 Gabinete"}]},{"@type":"WebSite","@id":"https:\/\/fuentesfidedignas.com.mx\/#website","url":"https:\/\/fuentesfidedignas.com.mx\/","name":"Fuentes Fidedignas","description":"Otro sitio realizado con WordPress","publisher":{"@id":"https:\/\/fuentesfidedignas.com.mx\/#organization"},"potentialAction":[{"@type":"SearchAction","target":{"@type":"EntryPoint","urlTemplate":"https:\/\/fuentesfidedignas.com.mx\/?s={search_term_string}"},"query-input":{"@type":"PropertyValueSpecification","valueRequired":true,"valueName":"search_term_string"}}],"inLanguage":"es"},{"@type":"Organization","@id":"https:\/\/fuentesfidedignas.com.mx\/#organization","name":"Fuentes Fidedignas","url":"https:\/\/fuentesfidedignas.com.mx\/","logo":{"@type":"ImageObject","inLanguage":"es","@id":"https:\/\/fuentesfidedignas.com.mx\/#\/schema\/logo\/image\/","url":"https:\/\/fuentesfidedignas.com.mx\/wp-content\/uploads\/2021\/04\/logo-retina.png","contentUrl":"https:\/\/fuentesfidedignas.com.mx\/wp-content\/uploads\/2021\/04\/logo-retina.png","width":280,"height":51,"caption":"Fuentes Fidedignas"},"image":{"@id":"https:\/\/fuentesfidedignas.com.mx\/#\/schema\/logo\/image\/"},"sameAs":["https:\/\/www.facebook.com\/Fuentes-Fidedignas-368234489921644","https:\/\/x.com\/fidedignas"]},{"@type":"Person","@id":"https:\/\/fuentesfidedignas.com.mx\/#\/schema\/person\/2c10028b4a30078c05a056a215342ab9","name":"Marissa Palafox","image":{"@type":"ImageObject","inLanguage":"es","@id":"https:\/\/secure.gravatar.com\/avatar\/20a43bdb2f2db10f20b22d4e98b96eb027faf98f7f76d29854dc5fab46d1cf71?s=96&d=mm&r=g","url":"https:\/\/secure.gravatar.com\/avatar\/20a43bdb2f2db10f20b22d4e98b96eb027faf98f7f76d29854dc5fab46d1cf71?s=96&d=mm&r=g","contentUrl":"https:\/\/secure.gravatar.com\/avatar\/20a43bdb2f2db10f20b22d4e98b96eb027faf98f7f76d29854dc5fab46d1cf71?s=96&d=mm&r=g","caption":"Marissa Palafox"},"url":"https:\/\/fuentesfidedignas.com.mx\/index.php\/author\/marissa\/"}]}},"_links":{"self":[{"href":"https:\/\/fuentesfidedignas.com.mx\/index.php\/wp-json\/wp\/v2\/posts\/75070","targetHints":{"allow":["GET"]}}],"collection":[{"href":"https:\/\/fuentesfidedignas.com.mx\/index.php\/wp-json\/wp\/v2\/posts"}],"about":[{"href":"https:\/\/fuentesfidedignas.com.mx\/index.php\/wp-json\/wp\/v2\/types\/post"}],"author":[{"embeddable":true,"href":"https:\/\/fuentesfidedignas.com.mx\/index.php\/wp-json\/wp\/v2\/users\/11"}],"replies":[{"embeddable":true,"href":"https:\/\/fuentesfidedignas.com.mx\/index.php\/wp-json\/wp\/v2\/comments?post=75070"}],"version-history":[{"count":4,"href":"https:\/\/fuentesfidedignas.com.mx\/index.php\/wp-json\/wp\/v2\/posts\/75070\/revisions"}],"predecessor-version":[{"id":75074,"href":"https:\/\/fuentesfidedignas.com.mx\/index.php\/wp-json\/wp\/v2\/posts\/75070\/revisions\/75074"}],"wp:featuredmedia":[{"embeddable":true,"href":"https:\/\/fuentesfidedignas.com.mx\/index.php\/wp-json\/wp\/v2\/media\/75069"}],"wp:attachment":[{"href":"https:\/\/fuentesfidedignas.com.mx\/index.php\/wp-json\/wp\/v2\/media?parent=75070"}],"wp:term":[{"taxonomy":"category","embeddable":true,"href":"https:\/\/fuentesfidedignas.com.mx\/index.php\/wp-json\/wp\/v2\/categories?post=75070"},{"taxonomy":"post_tag","embeddable":true,"href":"https:\/\/fuentesfidedignas.com.mx\/index.php\/wp-json\/wp\/v2\/tags?post=75070"}],"curies":[{"name":"wp","href":"https:\/\/api.w.org\/{rel}","templated":true}]}}