{"id":74921,"date":"2024-02-23T14:10:46","date_gmt":"2024-02-23T21:10:46","guid":{"rendered":"https:\/\/fuentesfidedignas.com.mx\/?p=74921"},"modified":"2024-02-23T14:10:48","modified_gmt":"2024-02-23T21:10:48","slug":"el-unico-objetivo-ha-sido-la-transformacion-del-sector-educativo-graciela-dominguez-nava","status":"publish","type":"post","link":"https:\/\/fuentesfidedignas.com.mx\/index.php\/2024\/02\/23\/el-unico-objetivo-ha-sido-la-transformacion-del-sector-educativo-graciela-dominguez-nava\/","title":{"rendered":"El \u00fanico objetivo ha sido la Transformaci\u00f3n del Sector Educativo: Graciela Dom\u00ednguez Nava"},"content":{"rendered":"\n<p><em><strong>Anunci\u00f3 que se separa del cargo tal como lo solicita la Ley electoral<\/strong><\/em><\/p>\n\n\n\n<p>Culiac\u00e1n, Sin.- En Sinaloa, se ha trabajado con un enfoque humanista, tal como lo ha planteado el Gobernador, <strong>Rub\u00e9n Rocha Moya<\/strong>, por lo que una de las principales tareas ha sido el mejoramiento salarial de las y los trabajadores del Sector Educativo, expuso Graciela Dom\u00ednguez Nava.<\/p>\n\n\n\n<p>Agradeci\u00f3 la confianza y el apoyo del mandatario estatal, al brindarle la oportunidad de fungir como <strong>Secretaria de Educaci\u00f3n P\u00fablica y Cultura<\/strong>, cargo del que se separa a partir de este viernes 23 de febrero.<\/p>\n\n\n\n<p>\u201c<em>Dir\u00eda que es un conjunto de logros, no hay uno solo, porque finalmente todas las acciones van encaminadas un solo objetivo: que en Sinaloa la Educaci\u00f3n tenga una Transformaci\u00f3n con este enfoque que estamos buscando de inclusi\u00f3n humanista, queremos que la educaci\u00f3n cumpla con su esencia que es que nuestra ni\u00f1ez, nuestra juventud, tengan una formaci\u00f3n que les permita ser ciudadanos libres; que tengamos ciudadanos que contribuyan al desarrollo con bienestar de nuestro estado y de nuestro pa\u00eds<\/em>\u201d, declar\u00f3 Dom\u00ednguez Nava.<\/p>\n\n\n\n<iframe loading=\"lazy\" src=\"https:\/\/www.facebook.com\/plugins\/video.php?height=314&#038;href=https%3A%2F%2Fwww.facebook.com%2F100050497569358%2Fvideos%2F898499955365758%2F&#038;show_text=false&#038;width=560&#038;t=0\" width=\"560\" height=\"314\" style=\"border:none;overflow:hidden\" scrolling=\"no\" frameborder=\"0\" allowfullscreen=\"true\" allow=\"autoplay; clipboard-write; encrypted-media; picture-in-picture; web-share\" allowFullScreen=\"true\"><\/iframe>\n\n\n\n<p>Sobre Educaci\u00f3n B\u00e1sica, explic\u00f3 que se realiz\u00f3 una inversi\u00f3n estatal sin precedente en rehabilitaci\u00f3n de energ\u00eda el\u00e9ctrica para los planteles que fueron vandalizados durante la pandemia, con el objetivo de que las ni\u00f1as, ni\u00f1os y adolescentes cuenten con las condiciones para asistir a clases.<\/p>\n\n\n\n<p>En conferencia de prensa, inform\u00f3 que hay un gran avance en programas como<strong> Educaci\u00f3n Migrante<\/strong>, ya que, en un comparativo con el a\u00f1o 2021, cuando inici\u00f3 su gesti\u00f3n al frente de la SEPyC, el salario de un docente de Inicial y Preescolar era de 4,700 pesos mensuales, sueldo que ahora corresponde a un monto de 7,755 pesos; en nivel Secundaria aument\u00f3 de 8,580 a 11,634, mientras que los Apoyos T\u00e9cnicos P\u00e9dag\u00f3gicos pasaron de un sueldo de 12,000 a 14,055 pesos.<\/p>\n\n\n\n<p>De igual forma, las <strong>T\u00e9cnicas Promotoras del Proyecto Alternativas<\/strong> perciben ahora un 62% de incremento salarial al pasar de 3,700 pesos mensuales a 6000; en el caso del Programa de Telebachillerato Comunitario se logr\u00f3 un incremento retroactivo anual de 8,500 pesos para docentes y de 12,500 para responsables.<\/p>\n\n\n\n<p>Graciela Dom\u00ednguez se dijo satisfecha del trabajo realizado al frente de la Secretar\u00eda de Educaci\u00f3n P\u00fablica y Cultura, una de las m\u00e1s grandes que componen la administraci\u00f3n estatal, asimismo del equipo conformado por las y los subsecretarios, directores, jefes y jefas de departamento y agradeci\u00f3 a la estructura educativa el trabajar de la mano con el proyecto del Dr. Rub\u00e9n Rocha Moya.<\/p>\n","protected":false},"excerpt":{"rendered":"<p>Anunci\u00f3 que se separa del cargo tal como lo solicita la Ley electoral Culiac\u00e1n, Sin.- En Sinaloa, se ha trabajado con un enfoque humanista, tal como lo ha planteado el Gobernador, Rub\u00e9n Rocha Moya, por lo que una de las principales tareas ha sido el mejoramiento salarial de las y los trabajadores del Sector Educativo, [&hellip;]<\/p>\n","protected":false},"author":4,"featured_media":74922,"comment_status":"open","ping_status":"open","sticky":false,"template":"","format":"standard","meta":{"tdm_status":"","tdm_grid_status":"","footnotes":""},"categories":[1],"tags":[],"class_list":{"0":"post-74921","1":"post","2":"type-post","3":"status-publish","4":"format-standard","5":"has-post-thumbnail","7":"category-sin-categoria"},"yoast_head":"<!-- This site is optimized with the Yoast SEO plugin v27.5 - https:\/\/yoast.com\/product\/yoast-seo-wordpress\/ -->\n<title>El \u00fanico objetivo ha sido la Transformaci\u00f3n del Sector Educativo: Graciela Dom\u00ednguez Nava - Fuentes Fidedignas<\/title>\n<meta name=\"robots\" content=\"index, follow, max-snippet:-1, max-image-preview:large, max-video-preview:-1\" \/>\n<link rel=\"canonical\" href=\"https:\/\/fuentesfidedignas.com.mx\/index.php\/2024\/02\/23\/el-unico-objetivo-ha-sido-la-transformacion-del-sector-educativo-graciela-dominguez-nava\/\" \/>\n<meta property=\"og:locale\" content=\"es_MX\" \/>\n<meta property=\"og:type\" content=\"article\" \/>\n<meta property=\"og:title\" content=\"El \u00fanico objetivo ha sido la Transformaci\u00f3n del Sector Educativo: Graciela Dom\u00ednguez Nava - Fuentes Fidedignas\" \/>\n<meta property=\"og:description\" content=\"Anunci\u00f3 que se separa del cargo tal como lo solicita la Ley electoral Culiac\u00e1n, Sin.- En Sinaloa, se ha trabajado con un enfoque humanista, tal como lo ha planteado el Gobernador, Rub\u00e9n Rocha Moya, por lo que una de las principales tareas ha sido el mejoramiento salarial de las y los trabajadores del Sector Educativo, [&hellip;]\" \/>\n<meta property=\"og:url\" content=\"https:\/\/fuentesfidedignas.com.mx\/index.php\/2024\/02\/23\/el-unico-objetivo-ha-sido-la-transformacion-del-sector-educativo-graciela-dominguez-nava\/\" \/>\n<meta property=\"og:site_name\" content=\"Fuentes Fidedignas\" \/>\n<meta property=\"article:publisher\" content=\"https:\/\/www.facebook.com\/Fuentes-Fidedignas-368234489921644\" \/>\n<meta property=\"article:published_time\" content=\"2024-02-23T21:10:46+00:00\" \/>\n<meta property=\"article:modified_time\" content=\"2024-02-23T21:10:48+00:00\" \/>\n<meta property=\"og:image\" content=\"https:\/\/fuentesfidedignas.com.mx\/wp-content\/uploads\/2024\/02\/WhatsApp-Image-2024-02-23-at-2.05.40-PM-e1708722640747.jpeg\" \/>\n\t<meta property=\"og:image:width\" content=\"600\" \/>\n\t<meta property=\"og:image:height\" content=\"338\" \/>\n\t<meta property=\"og:image:type\" content=\"image\/jpeg\" \/>\n<meta name=\"author\" content=\"Redacci\u00f3n\" \/>\n<meta name=\"twitter:card\" content=\"summary_large_image\" \/>\n<meta name=\"twitter:creator\" content=\"@fidedignas\" \/>\n<meta name=\"twitter:site\" content=\"@fidedignas\" \/>\n<meta name=\"twitter:label1\" content=\"Escrito por\" \/>\n\t<meta name=\"twitter:data1\" content=\"Redacci\u00f3n\" \/>\n\t<meta name=\"twitter:label2\" content=\"Tiempo de lectura\" \/>\n\t<meta name=\"twitter:data2\" content=\"3 minutos\" \/>\n<script type=\"application\/ld+json\" class=\"yoast-schema-graph\">{\"@context\":\"https:\\\/\\\/schema.org\",\"@graph\":[{\"@type\":\"Article\",\"@id\":\"https:\\\/\\\/fuentesfidedignas.com.mx\\\/index.php\\\/2024\\\/02\\\/23\\\/el-unico-objetivo-ha-sido-la-transformacion-del-sector-educativo-graciela-dominguez-nava\\\/#article\",\"isPartOf\":{\"@id\":\"https:\\\/\\\/fuentesfidedignas.com.mx\\\/index.php\\\/2024\\\/02\\\/23\\\/el-unico-objetivo-ha-sido-la-transformacion-del-sector-educativo-graciela-dominguez-nava\\\/\"},\"author\":{\"name\":\"Redacci\u00f3n\",\"@id\":\"https:\\\/\\\/fuentesfidedignas.com.mx\\\/#\\\/schema\\\/person\\\/331be9283d37198e2acd5750279085b0\"},\"headline\":\"El \u00fanico objetivo ha sido la Transformaci\u00f3n del Sector Educativo: Graciela Dom\u00ednguez Nava\",\"datePublished\":\"2024-02-23T21:10:46+00:00\",\"dateModified\":\"2024-02-23T21:10:48+00:00\",\"mainEntityOfPage\":{\"@id\":\"https:\\\/\\\/fuentesfidedignas.com.mx\\\/index.php\\\/2024\\\/02\\\/23\\\/el-unico-objetivo-ha-sido-la-transformacion-del-sector-educativo-graciela-dominguez-nava\\\/\"},\"wordCount\":448,\"commentCount\":0,\"publisher\":{\"@id\":\"https:\\\/\\\/fuentesfidedignas.com.mx\\\/#organization\"},\"image\":{\"@id\":\"https:\\\/\\\/fuentesfidedignas.com.mx\\\/index.php\\\/2024\\\/02\\\/23\\\/el-unico-objetivo-ha-sido-la-transformacion-del-sector-educativo-graciela-dominguez-nava\\\/#primaryimage\"},\"thumbnailUrl\":\"https:\\\/\\\/fuentesfidedignas.com.mx\\\/wp-content\\\/uploads\\\/2024\\\/02\\\/WhatsApp-Image-2024-02-23-at-2.05.40-PM-e1708722640747.jpeg\",\"inLanguage\":\"es\",\"potentialAction\":[{\"@type\":\"CommentAction\",\"name\":\"Comment\",\"target\":[\"https:\\\/\\\/fuentesfidedignas.com.mx\\\/index.php\\\/2024\\\/02\\\/23\\\/el-unico-objetivo-ha-sido-la-transformacion-del-sector-educativo-graciela-dominguez-nava\\\/#respond\"]}]},{\"@type\":\"WebPage\",\"@id\":\"https:\\\/\\\/fuentesfidedignas.com.mx\\\/index.php\\\/2024\\\/02\\\/23\\\/el-unico-objetivo-ha-sido-la-transformacion-del-sector-educativo-graciela-dominguez-nava\\\/\",\"url\":\"https:\\\/\\\/fuentesfidedignas.com.mx\\\/index.php\\\/2024\\\/02\\\/23\\\/el-unico-objetivo-ha-sido-la-transformacion-del-sector-educativo-graciela-dominguez-nava\\\/\",\"name\":\"El \u00fanico objetivo ha sido la Transformaci\u00f3n del Sector Educativo: Graciela Dom\u00ednguez Nava - Fuentes Fidedignas\",\"isPartOf\":{\"@id\":\"https:\\\/\\\/fuentesfidedignas.com.mx\\\/#website\"},\"primaryImageOfPage\":{\"@id\":\"https:\\\/\\\/fuentesfidedignas.com.mx\\\/index.php\\\/2024\\\/02\\\/23\\\/el-unico-objetivo-ha-sido-la-transformacion-del-sector-educativo-graciela-dominguez-nava\\\/#primaryimage\"},\"image\":{\"@id\":\"https:\\\/\\\/fuentesfidedignas.com.mx\\\/index.php\\\/2024\\\/02\\\/23\\\/el-unico-objetivo-ha-sido-la-transformacion-del-sector-educativo-graciela-dominguez-nava\\\/#primaryimage\"},\"thumbnailUrl\":\"https:\\\/\\\/fuentesfidedignas.com.mx\\\/wp-content\\\/uploads\\\/2024\\\/02\\\/WhatsApp-Image-2024-02-23-at-2.05.40-PM-e1708722640747.jpeg\",\"datePublished\":\"2024-02-23T21:10:46+00:00\",\"dateModified\":\"2024-02-23T21:10:48+00:00\",\"breadcrumb\":{\"@id\":\"https:\\\/\\\/fuentesfidedignas.com.mx\\\/index.php\\\/2024\\\/02\\\/23\\\/el-unico-objetivo-ha-sido-la-transformacion-del-sector-educativo-graciela-dominguez-nava\\\/#breadcrumb\"},\"inLanguage\":\"es\",\"potentialAction\":[{\"@type\":\"ReadAction\",\"target\":[\"https:\\\/\\\/fuentesfidedignas.com.mx\\\/index.php\\\/2024\\\/02\\\/23\\\/el-unico-objetivo-ha-sido-la-transformacion-del-sector-educativo-graciela-dominguez-nava\\\/\"]}]},{\"@type\":\"ImageObject\",\"inLanguage\":\"es\",\"@id\":\"https:\\\/\\\/fuentesfidedignas.com.mx\\\/index.php\\\/2024\\\/02\\\/23\\\/el-unico-objetivo-ha-sido-la-transformacion-del-sector-educativo-graciela-dominguez-nava\\\/#primaryimage\",\"url\":\"https:\\\/\\\/fuentesfidedignas.com.mx\\\/wp-content\\\/uploads\\\/2024\\\/02\\\/WhatsApp-Image-2024-02-23-at-2.05.40-PM-e1708722640747.jpeg\",\"contentUrl\":\"https:\\\/\\\/fuentesfidedignas.com.mx\\\/wp-content\\\/uploads\\\/2024\\\/02\\\/WhatsApp-Image-2024-02-23-at-2.05.40-PM-e1708722640747.jpeg\",\"width\":600,\"height\":338},{\"@type\":\"BreadcrumbList\",\"@id\":\"https:\\\/\\\/fuentesfidedignas.com.mx\\\/index.php\\\/2024\\\/02\\\/23\\\/el-unico-objetivo-ha-sido-la-transformacion-del-sector-educativo-graciela-dominguez-nava\\\/#breadcrumb\",\"itemListElement\":[{\"@type\":\"ListItem\",\"position\":1,\"name\":\"Inicio\",\"item\":\"https:\\\/\\\/fuentesfidedignas.com.mx\\\/\"},{\"@type\":\"ListItem\",\"position\":2,\"name\":\"El \u00fanico objetivo ha sido la Transformaci\u00f3n del Sector Educativo: Graciela Dom\u00ednguez Nava\"}]},{\"@type\":\"WebSite\",\"@id\":\"https:\\\/\\\/fuentesfidedignas.com.mx\\\/#website\",\"url\":\"https:\\\/\\\/fuentesfidedignas.com.mx\\\/\",\"name\":\"Fuentes Fidedignas\",\"description\":\"Otro sitio realizado con WordPress\",\"publisher\":{\"@id\":\"https:\\\/\\\/fuentesfidedignas.com.mx\\\/#organization\"},\"potentialAction\":[{\"@type\":\"SearchAction\",\"target\":{\"@type\":\"EntryPoint\",\"urlTemplate\":\"https:\\\/\\\/fuentesfidedignas.com.mx\\\/?s={search_term_string}\"},\"query-input\":{\"@type\":\"PropertyValueSpecification\",\"valueRequired\":true,\"valueName\":\"search_term_string\"}}],\"inLanguage\":\"es\"},{\"@type\":\"Organization\",\"@id\":\"https:\\\/\\\/fuentesfidedignas.com.mx\\\/#organization\",\"name\":\"Fuentes Fidedignas\",\"url\":\"https:\\\/\\\/fuentesfidedignas.com.mx\\\/\",\"logo\":{\"@type\":\"ImageObject\",\"inLanguage\":\"es\",\"@id\":\"https:\\\/\\\/fuentesfidedignas.com.mx\\\/#\\\/schema\\\/logo\\\/image\\\/\",\"url\":\"https:\\\/\\\/fuentesfidedignas.com.mx\\\/wp-content\\\/uploads\\\/2021\\\/04\\\/logo-retina.png\",\"contentUrl\":\"https:\\\/\\\/fuentesfidedignas.com.mx\\\/wp-content\\\/uploads\\\/2021\\\/04\\\/logo-retina.png\",\"width\":280,\"height\":51,\"caption\":\"Fuentes Fidedignas\"},\"image\":{\"@id\":\"https:\\\/\\\/fuentesfidedignas.com.mx\\\/#\\\/schema\\\/logo\\\/image\\\/\"},\"sameAs\":[\"https:\\\/\\\/www.facebook.com\\\/Fuentes-Fidedignas-368234489921644\",\"https:\\\/\\\/x.com\\\/fidedignas\"]},{\"@type\":\"Person\",\"@id\":\"https:\\\/\\\/fuentesfidedignas.com.mx\\\/#\\\/schema\\\/person\\\/331be9283d37198e2acd5750279085b0\",\"name\":\"Redacci\u00f3n\",\"image\":{\"@type\":\"ImageObject\",\"inLanguage\":\"es\",\"@id\":\"https:\\\/\\\/secure.gravatar.com\\\/avatar\\\/f6d8782c11d12b2d4ad3fbb6931aeab5309937a4d6cd2fc9cfaa28a6396a5aec?s=96&d=mm&r=g\",\"url\":\"https:\\\/\\\/secure.gravatar.com\\\/avatar\\\/f6d8782c11d12b2d4ad3fbb6931aeab5309937a4d6cd2fc9cfaa28a6396a5aec?s=96&d=mm&r=g\",\"contentUrl\":\"https:\\\/\\\/secure.gravatar.com\\\/avatar\\\/f6d8782c11d12b2d4ad3fbb6931aeab5309937a4d6cd2fc9cfaa28a6396a5aec?s=96&d=mm&r=g\",\"caption\":\"Redacci\u00f3n\"},\"url\":\"https:\\\/\\\/fuentesfidedignas.com.mx\\\/index.php\\\/author\\\/redaccion\\\/\"}]}<\/script>\n<!-- \/ Yoast SEO plugin. -->","yoast_head_json":{"title":"El \u00fanico objetivo ha sido la Transformaci\u00f3n del Sector Educativo: Graciela Dom\u00ednguez Nava - Fuentes Fidedignas","robots":{"index":"index","follow":"follow","max-snippet":"max-snippet:-1","max-image-preview":"max-image-preview:large","max-video-preview":"max-video-preview:-1"},"canonical":"https:\/\/fuentesfidedignas.com.mx\/index.php\/2024\/02\/23\/el-unico-objetivo-ha-sido-la-transformacion-del-sector-educativo-graciela-dominguez-nava\/","og_locale":"es_MX","og_type":"article","og_title":"El \u00fanico objetivo ha sido la Transformaci\u00f3n del Sector Educativo: Graciela Dom\u00ednguez Nava - Fuentes Fidedignas","og_description":"Anunci\u00f3 que se separa del cargo tal como lo solicita la Ley electoral Culiac\u00e1n, Sin.- En Sinaloa, se ha trabajado con un enfoque humanista, tal como lo ha planteado el Gobernador, Rub\u00e9n Rocha Moya, por lo que una de las principales tareas ha sido el mejoramiento salarial de las y los trabajadores del Sector Educativo, [&hellip;]","og_url":"https:\/\/fuentesfidedignas.com.mx\/index.php\/2024\/02\/23\/el-unico-objetivo-ha-sido-la-transformacion-del-sector-educativo-graciela-dominguez-nava\/","og_site_name":"Fuentes Fidedignas","article_publisher":"https:\/\/www.facebook.com\/Fuentes-Fidedignas-368234489921644","article_published_time":"2024-02-23T21:10:46+00:00","article_modified_time":"2024-02-23T21:10:48+00:00","og_image":[{"width":600,"height":338,"url":"https:\/\/fuentesfidedignas.com.mx\/wp-content\/uploads\/2024\/02\/WhatsApp-Image-2024-02-23-at-2.05.40-PM-e1708722640747.jpeg","type":"image\/jpeg"}],"author":"Redacci\u00f3n","twitter_card":"summary_large_image","twitter_creator":"@fidedignas","twitter_site":"@fidedignas","twitter_misc":{"Escrito por":"Redacci\u00f3n","Tiempo de lectura":"3 minutos"},"schema":{"@context":"https:\/\/schema.org","@graph":[{"@type":"Article","@id":"https:\/\/fuentesfidedignas.com.mx\/index.php\/2024\/02\/23\/el-unico-objetivo-ha-sido-la-transformacion-del-sector-educativo-graciela-dominguez-nava\/#article","isPartOf":{"@id":"https:\/\/fuentesfidedignas.com.mx\/index.php\/2024\/02\/23\/el-unico-objetivo-ha-sido-la-transformacion-del-sector-educativo-graciela-dominguez-nava\/"},"author":{"name":"Redacci\u00f3n","@id":"https:\/\/fuentesfidedignas.com.mx\/#\/schema\/person\/331be9283d37198e2acd5750279085b0"},"headline":"El \u00fanico objetivo ha sido la Transformaci\u00f3n del Sector Educativo: Graciela Dom\u00ednguez Nava","datePublished":"2024-02-23T21:10:46+00:00","dateModified":"2024-02-23T21:10:48+00:00","mainEntityOfPage":{"@id":"https:\/\/fuentesfidedignas.com.mx\/index.php\/2024\/02\/23\/el-unico-objetivo-ha-sido-la-transformacion-del-sector-educativo-graciela-dominguez-nava\/"},"wordCount":448,"commentCount":0,"publisher":{"@id":"https:\/\/fuentesfidedignas.com.mx\/#organization"},"image":{"@id":"https:\/\/fuentesfidedignas.com.mx\/index.php\/2024\/02\/23\/el-unico-objetivo-ha-sido-la-transformacion-del-sector-educativo-graciela-dominguez-nava\/#primaryimage"},"thumbnailUrl":"https:\/\/fuentesfidedignas.com.mx\/wp-content\/uploads\/2024\/02\/WhatsApp-Image-2024-02-23-at-2.05.40-PM-e1708722640747.jpeg","inLanguage":"es","potentialAction":[{"@type":"CommentAction","name":"Comment","target":["https:\/\/fuentesfidedignas.com.mx\/index.php\/2024\/02\/23\/el-unico-objetivo-ha-sido-la-transformacion-del-sector-educativo-graciela-dominguez-nava\/#respond"]}]},{"@type":"WebPage","@id":"https:\/\/fuentesfidedignas.com.mx\/index.php\/2024\/02\/23\/el-unico-objetivo-ha-sido-la-transformacion-del-sector-educativo-graciela-dominguez-nava\/","url":"https:\/\/fuentesfidedignas.com.mx\/index.php\/2024\/02\/23\/el-unico-objetivo-ha-sido-la-transformacion-del-sector-educativo-graciela-dominguez-nava\/","name":"El \u00fanico objetivo ha sido la Transformaci\u00f3n del Sector Educativo: Graciela Dom\u00ednguez Nava - Fuentes Fidedignas","isPartOf":{"@id":"https:\/\/fuentesfidedignas.com.mx\/#website"},"primaryImageOfPage":{"@id":"https:\/\/fuentesfidedignas.com.mx\/index.php\/2024\/02\/23\/el-unico-objetivo-ha-sido-la-transformacion-del-sector-educativo-graciela-dominguez-nava\/#primaryimage"},"image":{"@id":"https:\/\/fuentesfidedignas.com.mx\/index.php\/2024\/02\/23\/el-unico-objetivo-ha-sido-la-transformacion-del-sector-educativo-graciela-dominguez-nava\/#primaryimage"},"thumbnailUrl":"https:\/\/fuentesfidedignas.com.mx\/wp-content\/uploads\/2024\/02\/WhatsApp-Image-2024-02-23-at-2.05.40-PM-e1708722640747.jpeg","datePublished":"2024-02-23T21:10:46+00:00","dateModified":"2024-02-23T21:10:48+00:00","breadcrumb":{"@id":"https:\/\/fuentesfidedignas.com.mx\/index.php\/2024\/02\/23\/el-unico-objetivo-ha-sido-la-transformacion-del-sector-educativo-graciela-dominguez-nava\/#breadcrumb"},"inLanguage":"es","potentialAction":[{"@type":"ReadAction","target":["https:\/\/fuentesfidedignas.com.mx\/index.php\/2024\/02\/23\/el-unico-objetivo-ha-sido-la-transformacion-del-sector-educativo-graciela-dominguez-nava\/"]}]},{"@type":"ImageObject","inLanguage":"es","@id":"https:\/\/fuentesfidedignas.com.mx\/index.php\/2024\/02\/23\/el-unico-objetivo-ha-sido-la-transformacion-del-sector-educativo-graciela-dominguez-nava\/#primaryimage","url":"https:\/\/fuentesfidedignas.com.mx\/wp-content\/uploads\/2024\/02\/WhatsApp-Image-2024-02-23-at-2.05.40-PM-e1708722640747.jpeg","contentUrl":"https:\/\/fuentesfidedignas.com.mx\/wp-content\/uploads\/2024\/02\/WhatsApp-Image-2024-02-23-at-2.05.40-PM-e1708722640747.jpeg","width":600,"height":338},{"@type":"BreadcrumbList","@id":"https:\/\/fuentesfidedignas.com.mx\/index.php\/2024\/02\/23\/el-unico-objetivo-ha-sido-la-transformacion-del-sector-educativo-graciela-dominguez-nava\/#breadcrumb","itemListElement":[{"@type":"ListItem","position":1,"name":"Inicio","item":"https:\/\/fuentesfidedignas.com.mx\/"},{"@type":"ListItem","position":2,"name":"El \u00fanico objetivo ha sido la Transformaci\u00f3n del Sector Educativo: Graciela Dom\u00ednguez Nava"}]},{"@type":"WebSite","@id":"https:\/\/fuentesfidedignas.com.mx\/#website","url":"https:\/\/fuentesfidedignas.com.mx\/","name":"Fuentes Fidedignas","description":"Otro sitio realizado con WordPress","publisher":{"@id":"https:\/\/fuentesfidedignas.com.mx\/#organization"},"potentialAction":[{"@type":"SearchAction","target":{"@type":"EntryPoint","urlTemplate":"https:\/\/fuentesfidedignas.com.mx\/?s={search_term_string}"},"query-input":{"@type":"PropertyValueSpecification","valueRequired":true,"valueName":"search_term_string"}}],"inLanguage":"es"},{"@type":"Organization","@id":"https:\/\/fuentesfidedignas.com.mx\/#organization","name":"Fuentes Fidedignas","url":"https:\/\/fuentesfidedignas.com.mx\/","logo":{"@type":"ImageObject","inLanguage":"es","@id":"https:\/\/fuentesfidedignas.com.mx\/#\/schema\/logo\/image\/","url":"https:\/\/fuentesfidedignas.com.mx\/wp-content\/uploads\/2021\/04\/logo-retina.png","contentUrl":"https:\/\/fuentesfidedignas.com.mx\/wp-content\/uploads\/2021\/04\/logo-retina.png","width":280,"height":51,"caption":"Fuentes Fidedignas"},"image":{"@id":"https:\/\/fuentesfidedignas.com.mx\/#\/schema\/logo\/image\/"},"sameAs":["https:\/\/www.facebook.com\/Fuentes-Fidedignas-368234489921644","https:\/\/x.com\/fidedignas"]},{"@type":"Person","@id":"https:\/\/fuentesfidedignas.com.mx\/#\/schema\/person\/331be9283d37198e2acd5750279085b0","name":"Redacci\u00f3n","image":{"@type":"ImageObject","inLanguage":"es","@id":"https:\/\/secure.gravatar.com\/avatar\/f6d8782c11d12b2d4ad3fbb6931aeab5309937a4d6cd2fc9cfaa28a6396a5aec?s=96&d=mm&r=g","url":"https:\/\/secure.gravatar.com\/avatar\/f6d8782c11d12b2d4ad3fbb6931aeab5309937a4d6cd2fc9cfaa28a6396a5aec?s=96&d=mm&r=g","contentUrl":"https:\/\/secure.gravatar.com\/avatar\/f6d8782c11d12b2d4ad3fbb6931aeab5309937a4d6cd2fc9cfaa28a6396a5aec?s=96&d=mm&r=g","caption":"Redacci\u00f3n"},"url":"https:\/\/fuentesfidedignas.com.mx\/index.php\/author\/redaccion\/"}]}},"_links":{"self":[{"href":"https:\/\/fuentesfidedignas.com.mx\/index.php\/wp-json\/wp\/v2\/posts\/74921","targetHints":{"allow":["GET"]}}],"collection":[{"href":"https:\/\/fuentesfidedignas.com.mx\/index.php\/wp-json\/wp\/v2\/posts"}],"about":[{"href":"https:\/\/fuentesfidedignas.com.mx\/index.php\/wp-json\/wp\/v2\/types\/post"}],"author":[{"embeddable":true,"href":"https:\/\/fuentesfidedignas.com.mx\/index.php\/wp-json\/wp\/v2\/users\/4"}],"replies":[{"embeddable":true,"href":"https:\/\/fuentesfidedignas.com.mx\/index.php\/wp-json\/wp\/v2\/comments?post=74921"}],"version-history":[{"count":1,"href":"https:\/\/fuentesfidedignas.com.mx\/index.php\/wp-json\/wp\/v2\/posts\/74921\/revisions"}],"predecessor-version":[{"id":74923,"href":"https:\/\/fuentesfidedignas.com.mx\/index.php\/wp-json\/wp\/v2\/posts\/74921\/revisions\/74923"}],"wp:featuredmedia":[{"embeddable":true,"href":"https:\/\/fuentesfidedignas.com.mx\/index.php\/wp-json\/wp\/v2\/media\/74922"}],"wp:attachment":[{"href":"https:\/\/fuentesfidedignas.com.mx\/index.php\/wp-json\/wp\/v2\/media?parent=74921"}],"wp:term":[{"taxonomy":"category","embeddable":true,"href":"https:\/\/fuentesfidedignas.com.mx\/index.php\/wp-json\/wp\/v2\/categories?post=74921"},{"taxonomy":"post_tag","embeddable":true,"href":"https:\/\/fuentesfidedignas.com.mx\/index.php\/wp-json\/wp\/v2\/tags?post=74921"}],"curies":[{"name":"wp","href":"https:\/\/api.w.org\/{rel}","templated":true}]}}