{"id":74850,"date":"2024-02-22T18:04:14","date_gmt":"2024-02-23T01:04:14","guid":{"rendered":"https:\/\/fuentesfidedignas.com.mx\/?p=74850"},"modified":"2024-02-22T18:04:14","modified_gmt":"2024-02-23T01:04:14","slug":"jorge-alvarez-maynez-se-registra-ante-el-ine-como-candidato-presidencial-de-mc","status":"publish","type":"post","link":"https:\/\/fuentesfidedignas.com.mx\/index.php\/2024\/02\/22\/jorge-alvarez-maynez-se-registra-ante-el-ine-como-candidato-presidencial-de-mc\/","title":{"rendered":"Jorge \u00c1lvarez M\u00e1ynez se registra ante el INE como candidato presidencial de MC"},"content":{"rendered":"\n<p><strong><em>\u00c1lvarez M\u00e1ynez asegur\u00f3 que demostrar\u00e1 en 90 d\u00edas de qu\u00e9 est\u00e1 hecho y asegur\u00f3 que dar\u00e1 la vuelta a sus contrincantes<\/em><\/strong><\/p>\n\n\n\n<p>Ciudad de M\u00e9xico.- Jorge \u00c1lvarez M\u00e1ynez se registr\u00f3 este jueves como candidato a la Presidencia por Movimiento Ciudadano (MC) en la sede del Instituto Nacional Electoral (INE).<\/p>\n\n\n\n<p>Al entregar la constancia de registro, la consejera presidenta del INE, Guadalupe Taddei, llam\u00f3 al candidato presidencial hizo un llamado \u201ca ce\u00f1irse al marco de la Constituci\u00f3n y a la observancia estricta de las reglas electorales\u201c, al tiempo que se comprometi\u00f3 a fungir como un \u00e1rbitro electoral imparcial.<\/p>\n\n\n\n<p>Taddei Zavala resalt\u00f3 que millones de ciudadanos mexicanos est\u00e1n convocados a sumarse a la organizaci\u00f3n de este proceso electoral.<\/p>\n\n\n\n<figure class=\"wp-block-embed is-type-rich is-provider-twitter wp-block-embed-twitter\"><div class=\"wp-block-embed__wrapper\">\n<blockquote class=\"twitter-tweet\" data-width=\"550\" data-dnt=\"true\"><p lang=\"es\" dir=\"ltr\">Palabras de la Consejera Presidenta, Guadalupe Taddei, <a href=\"https:\/\/twitter.com\/Presidencia_INE?ref_src=twsrc%5Etfw\">@Presidencia_INE<\/a>, durante la entrega del registro del candidato de <a href=\"https:\/\/twitter.com\/MovCiudadanoMX?ref_src=twsrc%5Etfw\">@MovCiudadanoMX<\/a> a la Presidencia de la Rep\u00fablica, <a href=\"https:\/\/twitter.com\/AlvarezMaynez?ref_src=twsrc%5Etfw\">@AlvarezMaynez<\/a> <a href=\"https:\/\/t.co\/4XMcpXn59c\">pic.twitter.com\/4XMcpXn59c<\/a><\/p>&mdash; @INEMexico (@INEMexico) <a href=\"https:\/\/twitter.com\/INEMexico\/status\/1760814480819208245?ref_src=twsrc%5Etfw\">February 22, 2024<\/a><\/blockquote><script async src=\"https:\/\/platform.twitter.com\/widgets.js\" charset=\"utf-8\"><\/script>\n<\/div><figcaption class=\"wp-element-caption\">Al salir de las instalaciones del INE, \u00c1lvarez M\u00e1ynez asegur\u00f3 que \u00e9l y MC demostrar\u00e1n en 90 d\u00edas de qu\u00e9 est\u00e1n hechos y acus\u00f3 que si \u201chubiera legalidad, las dos candidatas de la vieja pol\u00edtica no tendr\u00edan derecho a estar en la boleta presidencial\u201d.<br><br>El candidato presidencial reconoci\u00f3 adem\u00e1s la labor del fundador de Movimiento Ciudadano, Dante Delgado, para la construcci\u00f3n de su movimiento. \u201cHa valido la pena y por eso es un d\u00eda hist\u00f3rico\u201d.<\/figcaption><\/figure>\n\n\n\n<blockquote class=\"twitter-tweet\"><p lang=\"es\" dir=\"ltr\">\ud83d\udfe0 EN VIVO: <a href=\"https:\/\/t.co\/bYmWPYyDWI\">https:\/\/t.co\/bYmWPYyDWI<\/a><br><br>Registro ante el <a href=\"https:\/\/twitter.com\/INEMexico?ref_src=twsrc%5Etfw\">@INEMexico<\/a> de quien ser\u00e1 nuestro candidato a la Presidencia de la Rep\u00fablica.<br><br>Este es solo el comienzo para darle a las y los mexicanos un mejor futuro.<br><br>\u00a1Arr\u00e1ncate, <a href=\"https:\/\/twitter.com\/AlvarezMaynez?ref_src=twsrc%5Etfw\">@AlvarezMaynez<\/a>! Porque <a href=\"https:\/\/twitter.com\/hashtag\/LoNuevoApenasComienza?src=hash&amp;ref_src=twsrc%5Etfw\">#LoNuevoApenasComienza<\/a> \ud83e\udde1<\/p>&mdash; Movimiento Ciudadano | Movimiento Naranja (@MovCiudadanoMX) <a href=\"https:\/\/twitter.com\/MovCiudadanoMX\/status\/1760811069407203672?ref_src=twsrc%5Etfw\">February 22, 2024<\/a><\/blockquote> <script async src=\"https:\/\/platform.twitter.com\/widgets.js\" charset=\"utf-8\"><\/script>\n","protected":false},"excerpt":{"rendered":"<p>\u00c1lvarez M\u00e1ynez asegur\u00f3 que demostrar\u00e1 en 90 d\u00edas de qu\u00e9 est\u00e1 hecho y asegur\u00f3 que dar\u00e1 la vuelta a sus contrincantes Ciudad de M\u00e9xico.- Jorge \u00c1lvarez M\u00e1ynez se registr\u00f3 este jueves como candidato a la Presidencia por Movimiento Ciudadano (MC) en la sede del Instituto Nacional Electoral (INE). Al entregar la constancia de registro, la [&hellip;]<\/p>\n","protected":false},"author":47,"featured_media":74851,"comment_status":"open","ping_status":"open","sticky":false,"template":"","format":"standard","meta":{"tdm_status":"","tdm_grid_status":"","footnotes":""},"categories":[39],"tags":[],"class_list":{"0":"post-74850","1":"post","2":"type-post","3":"status-publish","4":"format-standard","5":"has-post-thumbnail","7":"category-noticias-nacionales"},"yoast_head":"<!-- This site is optimized with the Yoast SEO plugin v27.5 - https:\/\/yoast.com\/product\/yoast-seo-wordpress\/ -->\n<title>Jorge \u00c1lvarez M\u00e1ynez se registra ante el INE como candidato presidencial de MC - Fuentes Fidedignas<\/title>\n<meta name=\"robots\" content=\"index, follow, max-snippet:-1, max-image-preview:large, max-video-preview:-1\" \/>\n<link rel=\"canonical\" href=\"https:\/\/fuentesfidedignas.com.mx\/index.php\/2024\/02\/22\/jorge-alvarez-maynez-se-registra-ante-el-ine-como-candidato-presidencial-de-mc\/\" \/>\n<meta property=\"og:locale\" content=\"es_MX\" \/>\n<meta property=\"og:type\" content=\"article\" \/>\n<meta property=\"og:title\" content=\"Jorge \u00c1lvarez M\u00e1ynez se registra ante el INE como candidato presidencial de MC - Fuentes Fidedignas\" \/>\n<meta property=\"og:description\" content=\"\u00c1lvarez M\u00e1ynez asegur\u00f3 que demostrar\u00e1 en 90 d\u00edas de qu\u00e9 est\u00e1 hecho y asegur\u00f3 que dar\u00e1 la vuelta a sus contrincantes Ciudad de M\u00e9xico.- Jorge \u00c1lvarez M\u00e1ynez se registr\u00f3 este jueves como candidato a la Presidencia por Movimiento Ciudadano (MC) en la sede del Instituto Nacional Electoral (INE). Al entregar la constancia de registro, la [&hellip;]\" \/>\n<meta property=\"og:url\" content=\"https:\/\/fuentesfidedignas.com.mx\/index.php\/2024\/02\/22\/jorge-alvarez-maynez-se-registra-ante-el-ine-como-candidato-presidencial-de-mc\/\" \/>\n<meta property=\"og:site_name\" content=\"Fuentes Fidedignas\" \/>\n<meta property=\"article:publisher\" content=\"https:\/\/www.facebook.com\/Fuentes-Fidedignas-368234489921644\" \/>\n<meta property=\"article:published_time\" content=\"2024-02-23T01:04:14+00:00\" \/>\n<meta property=\"og:image\" content=\"https:\/\/fuentesfidedignas.com.mx\/wp-content\/uploads\/2024\/02\/jorge-alvarez-maynez-se-registra-ante-el-ine-.jpg\" \/>\n\t<meta property=\"og:image:width\" content=\"850\" \/>\n\t<meta property=\"og:image:height\" content=\"478\" \/>\n\t<meta property=\"og:image:type\" content=\"image\/jpeg\" \/>\n<meta name=\"author\" content=\"L\u00f3pez D\u00f3riga\" \/>\n<meta name=\"twitter:card\" content=\"summary_large_image\" \/>\n<meta name=\"twitter:creator\" content=\"@fidedignas\" \/>\n<meta name=\"twitter:site\" content=\"@fidedignas\" \/>\n<meta name=\"twitter:label1\" content=\"Escrito por\" \/>\n\t<meta name=\"twitter:data1\" content=\"L\u00f3pez D\u00f3riga\" \/>\n\t<meta name=\"twitter:label2\" content=\"Tiempo de lectura\" \/>\n\t<meta name=\"twitter:data2\" content=\"2 minutos\" \/>\n<script type=\"application\/ld+json\" class=\"yoast-schema-graph\">{\"@context\":\"https:\\\/\\\/schema.org\",\"@graph\":[{\"@type\":\"Article\",\"@id\":\"https:\\\/\\\/fuentesfidedignas.com.mx\\\/index.php\\\/2024\\\/02\\\/22\\\/jorge-alvarez-maynez-se-registra-ante-el-ine-como-candidato-presidencial-de-mc\\\/#article\",\"isPartOf\":{\"@id\":\"https:\\\/\\\/fuentesfidedignas.com.mx\\\/index.php\\\/2024\\\/02\\\/22\\\/jorge-alvarez-maynez-se-registra-ante-el-ine-como-candidato-presidencial-de-mc\\\/\"},\"author\":{\"name\":\"L\u00f3pez D\u00f3riga\",\"@id\":\"https:\\\/\\\/fuentesfidedignas.com.mx\\\/#\\\/schema\\\/person\\\/67d852f0557c8509146a4b9ddebd543a\"},\"headline\":\"Jorge \u00c1lvarez M\u00e1ynez se registra ante el INE como candidato presidencial de MC\",\"datePublished\":\"2024-02-23T01:04:14+00:00\",\"mainEntityOfPage\":{\"@id\":\"https:\\\/\\\/fuentesfidedignas.com.mx\\\/index.php\\\/2024\\\/02\\\/22\\\/jorge-alvarez-maynez-se-registra-ante-el-ine-como-candidato-presidencial-de-mc\\\/\"},\"wordCount\":275,\"commentCount\":0,\"publisher\":{\"@id\":\"https:\\\/\\\/fuentesfidedignas.com.mx\\\/#organization\"},\"image\":{\"@id\":\"https:\\\/\\\/fuentesfidedignas.com.mx\\\/index.php\\\/2024\\\/02\\\/22\\\/jorge-alvarez-maynez-se-registra-ante-el-ine-como-candidato-presidencial-de-mc\\\/#primaryimage\"},\"thumbnailUrl\":\"https:\\\/\\\/fuentesfidedignas.com.mx\\\/wp-content\\\/uploads\\\/2024\\\/02\\\/jorge-alvarez-maynez-se-registra-ante-el-ine-.jpg\",\"articleSection\":[\"NOTICIAS NACIONALES\"],\"inLanguage\":\"es\",\"potentialAction\":[{\"@type\":\"CommentAction\",\"name\":\"Comment\",\"target\":[\"https:\\\/\\\/fuentesfidedignas.com.mx\\\/index.php\\\/2024\\\/02\\\/22\\\/jorge-alvarez-maynez-se-registra-ante-el-ine-como-candidato-presidencial-de-mc\\\/#respond\"]}]},{\"@type\":\"WebPage\",\"@id\":\"https:\\\/\\\/fuentesfidedignas.com.mx\\\/index.php\\\/2024\\\/02\\\/22\\\/jorge-alvarez-maynez-se-registra-ante-el-ine-como-candidato-presidencial-de-mc\\\/\",\"url\":\"https:\\\/\\\/fuentesfidedignas.com.mx\\\/index.php\\\/2024\\\/02\\\/22\\\/jorge-alvarez-maynez-se-registra-ante-el-ine-como-candidato-presidencial-de-mc\\\/\",\"name\":\"Jorge \u00c1lvarez M\u00e1ynez se registra ante el INE como candidato presidencial de MC - Fuentes Fidedignas\",\"isPartOf\":{\"@id\":\"https:\\\/\\\/fuentesfidedignas.com.mx\\\/#website\"},\"primaryImageOfPage\":{\"@id\":\"https:\\\/\\\/fuentesfidedignas.com.mx\\\/index.php\\\/2024\\\/02\\\/22\\\/jorge-alvarez-maynez-se-registra-ante-el-ine-como-candidato-presidencial-de-mc\\\/#primaryimage\"},\"image\":{\"@id\":\"https:\\\/\\\/fuentesfidedignas.com.mx\\\/index.php\\\/2024\\\/02\\\/22\\\/jorge-alvarez-maynez-se-registra-ante-el-ine-como-candidato-presidencial-de-mc\\\/#primaryimage\"},\"thumbnailUrl\":\"https:\\\/\\\/fuentesfidedignas.com.mx\\\/wp-content\\\/uploads\\\/2024\\\/02\\\/jorge-alvarez-maynez-se-registra-ante-el-ine-.jpg\",\"datePublished\":\"2024-02-23T01:04:14+00:00\",\"breadcrumb\":{\"@id\":\"https:\\\/\\\/fuentesfidedignas.com.mx\\\/index.php\\\/2024\\\/02\\\/22\\\/jorge-alvarez-maynez-se-registra-ante-el-ine-como-candidato-presidencial-de-mc\\\/#breadcrumb\"},\"inLanguage\":\"es\",\"potentialAction\":[{\"@type\":\"ReadAction\",\"target\":[\"https:\\\/\\\/fuentesfidedignas.com.mx\\\/index.php\\\/2024\\\/02\\\/22\\\/jorge-alvarez-maynez-se-registra-ante-el-ine-como-candidato-presidencial-de-mc\\\/\"]}]},{\"@type\":\"ImageObject\",\"inLanguage\":\"es\",\"@id\":\"https:\\\/\\\/fuentesfidedignas.com.mx\\\/index.php\\\/2024\\\/02\\\/22\\\/jorge-alvarez-maynez-se-registra-ante-el-ine-como-candidato-presidencial-de-mc\\\/#primaryimage\",\"url\":\"https:\\\/\\\/fuentesfidedignas.com.mx\\\/wp-content\\\/uploads\\\/2024\\\/02\\\/jorge-alvarez-maynez-se-registra-ante-el-ine-.jpg\",\"contentUrl\":\"https:\\\/\\\/fuentesfidedignas.com.mx\\\/wp-content\\\/uploads\\\/2024\\\/02\\\/jorge-alvarez-maynez-se-registra-ante-el-ine-.jpg\",\"width\":850,\"height\":478},{\"@type\":\"BreadcrumbList\",\"@id\":\"https:\\\/\\\/fuentesfidedignas.com.mx\\\/index.php\\\/2024\\\/02\\\/22\\\/jorge-alvarez-maynez-se-registra-ante-el-ine-como-candidato-presidencial-de-mc\\\/#breadcrumb\",\"itemListElement\":[{\"@type\":\"ListItem\",\"position\":1,\"name\":\"Inicio\",\"item\":\"https:\\\/\\\/fuentesfidedignas.com.mx\\\/\"},{\"@type\":\"ListItem\",\"position\":2,\"name\":\"Jorge \u00c1lvarez M\u00e1ynez se registra ante el INE como candidato presidencial de MC\"}]},{\"@type\":\"WebSite\",\"@id\":\"https:\\\/\\\/fuentesfidedignas.com.mx\\\/#website\",\"url\":\"https:\\\/\\\/fuentesfidedignas.com.mx\\\/\",\"name\":\"Fuentes Fidedignas\",\"description\":\"Otro sitio realizado con WordPress\",\"publisher\":{\"@id\":\"https:\\\/\\\/fuentesfidedignas.com.mx\\\/#organization\"},\"potentialAction\":[{\"@type\":\"SearchAction\",\"target\":{\"@type\":\"EntryPoint\",\"urlTemplate\":\"https:\\\/\\\/fuentesfidedignas.com.mx\\\/?s={search_term_string}\"},\"query-input\":{\"@type\":\"PropertyValueSpecification\",\"valueRequired\":true,\"valueName\":\"search_term_string\"}}],\"inLanguage\":\"es\"},{\"@type\":\"Organization\",\"@id\":\"https:\\\/\\\/fuentesfidedignas.com.mx\\\/#organization\",\"name\":\"Fuentes Fidedignas\",\"url\":\"https:\\\/\\\/fuentesfidedignas.com.mx\\\/\",\"logo\":{\"@type\":\"ImageObject\",\"inLanguage\":\"es\",\"@id\":\"https:\\\/\\\/fuentesfidedignas.com.mx\\\/#\\\/schema\\\/logo\\\/image\\\/\",\"url\":\"https:\\\/\\\/fuentesfidedignas.com.mx\\\/wp-content\\\/uploads\\\/2021\\\/04\\\/logo-retina.png\",\"contentUrl\":\"https:\\\/\\\/fuentesfidedignas.com.mx\\\/wp-content\\\/uploads\\\/2021\\\/04\\\/logo-retina.png\",\"width\":280,\"height\":51,\"caption\":\"Fuentes Fidedignas\"},\"image\":{\"@id\":\"https:\\\/\\\/fuentesfidedignas.com.mx\\\/#\\\/schema\\\/logo\\\/image\\\/\"},\"sameAs\":[\"https:\\\/\\\/www.facebook.com\\\/Fuentes-Fidedignas-368234489921644\",\"https:\\\/\\\/x.com\\\/fidedignas\"]},{\"@type\":\"Person\",\"@id\":\"https:\\\/\\\/fuentesfidedignas.com.mx\\\/#\\\/schema\\\/person\\\/67d852f0557c8509146a4b9ddebd543a\",\"name\":\"L\u00f3pez D\u00f3riga\",\"image\":{\"@type\":\"ImageObject\",\"inLanguage\":\"es\",\"@id\":\"https:\\\/\\\/secure.gravatar.com\\\/avatar\\\/e525b06574ca18b33cded59dfe5778d6c823b9513154eff47da551b0551bdd1e?s=96&d=mm&r=g\",\"url\":\"https:\\\/\\\/secure.gravatar.com\\\/avatar\\\/e525b06574ca18b33cded59dfe5778d6c823b9513154eff47da551b0551bdd1e?s=96&d=mm&r=g\",\"contentUrl\":\"https:\\\/\\\/secure.gravatar.com\\\/avatar\\\/e525b06574ca18b33cded59dfe5778d6c823b9513154eff47da551b0551bdd1e?s=96&d=mm&r=g\",\"caption\":\"L\u00f3pez D\u00f3riga\"},\"url\":\"https:\\\/\\\/fuentesfidedignas.com.mx\\\/index.php\\\/author\\\/doriga\\\/\"}]}<\/script>\n<!-- \/ Yoast SEO plugin. -->","yoast_head_json":{"title":"Jorge \u00c1lvarez M\u00e1ynez se registra ante el INE como candidato presidencial de MC - Fuentes Fidedignas","robots":{"index":"index","follow":"follow","max-snippet":"max-snippet:-1","max-image-preview":"max-image-preview:large","max-video-preview":"max-video-preview:-1"},"canonical":"https:\/\/fuentesfidedignas.com.mx\/index.php\/2024\/02\/22\/jorge-alvarez-maynez-se-registra-ante-el-ine-como-candidato-presidencial-de-mc\/","og_locale":"es_MX","og_type":"article","og_title":"Jorge \u00c1lvarez M\u00e1ynez se registra ante el INE como candidato presidencial de MC - Fuentes Fidedignas","og_description":"\u00c1lvarez M\u00e1ynez asegur\u00f3 que demostrar\u00e1 en 90 d\u00edas de qu\u00e9 est\u00e1 hecho y asegur\u00f3 que dar\u00e1 la vuelta a sus contrincantes Ciudad de M\u00e9xico.- Jorge \u00c1lvarez M\u00e1ynez se registr\u00f3 este jueves como candidato a la Presidencia por Movimiento Ciudadano (MC) en la sede del Instituto Nacional Electoral (INE). Al entregar la constancia de registro, la [&hellip;]","og_url":"https:\/\/fuentesfidedignas.com.mx\/index.php\/2024\/02\/22\/jorge-alvarez-maynez-se-registra-ante-el-ine-como-candidato-presidencial-de-mc\/","og_site_name":"Fuentes Fidedignas","article_publisher":"https:\/\/www.facebook.com\/Fuentes-Fidedignas-368234489921644","article_published_time":"2024-02-23T01:04:14+00:00","og_image":[{"width":850,"height":478,"url":"https:\/\/fuentesfidedignas.com.mx\/wp-content\/uploads\/2024\/02\/jorge-alvarez-maynez-se-registra-ante-el-ine-.jpg","type":"image\/jpeg"}],"author":"L\u00f3pez D\u00f3riga","twitter_card":"summary_large_image","twitter_creator":"@fidedignas","twitter_site":"@fidedignas","twitter_misc":{"Escrito por":"L\u00f3pez D\u00f3riga","Tiempo de lectura":"2 minutos"},"schema":{"@context":"https:\/\/schema.org","@graph":[{"@type":"Article","@id":"https:\/\/fuentesfidedignas.com.mx\/index.php\/2024\/02\/22\/jorge-alvarez-maynez-se-registra-ante-el-ine-como-candidato-presidencial-de-mc\/#article","isPartOf":{"@id":"https:\/\/fuentesfidedignas.com.mx\/index.php\/2024\/02\/22\/jorge-alvarez-maynez-se-registra-ante-el-ine-como-candidato-presidencial-de-mc\/"},"author":{"name":"L\u00f3pez D\u00f3riga","@id":"https:\/\/fuentesfidedignas.com.mx\/#\/schema\/person\/67d852f0557c8509146a4b9ddebd543a"},"headline":"Jorge \u00c1lvarez M\u00e1ynez se registra ante el INE como candidato presidencial de MC","datePublished":"2024-02-23T01:04:14+00:00","mainEntityOfPage":{"@id":"https:\/\/fuentesfidedignas.com.mx\/index.php\/2024\/02\/22\/jorge-alvarez-maynez-se-registra-ante-el-ine-como-candidato-presidencial-de-mc\/"},"wordCount":275,"commentCount":0,"publisher":{"@id":"https:\/\/fuentesfidedignas.com.mx\/#organization"},"image":{"@id":"https:\/\/fuentesfidedignas.com.mx\/index.php\/2024\/02\/22\/jorge-alvarez-maynez-se-registra-ante-el-ine-como-candidato-presidencial-de-mc\/#primaryimage"},"thumbnailUrl":"https:\/\/fuentesfidedignas.com.mx\/wp-content\/uploads\/2024\/02\/jorge-alvarez-maynez-se-registra-ante-el-ine-.jpg","articleSection":["NOTICIAS NACIONALES"],"inLanguage":"es","potentialAction":[{"@type":"CommentAction","name":"Comment","target":["https:\/\/fuentesfidedignas.com.mx\/index.php\/2024\/02\/22\/jorge-alvarez-maynez-se-registra-ante-el-ine-como-candidato-presidencial-de-mc\/#respond"]}]},{"@type":"WebPage","@id":"https:\/\/fuentesfidedignas.com.mx\/index.php\/2024\/02\/22\/jorge-alvarez-maynez-se-registra-ante-el-ine-como-candidato-presidencial-de-mc\/","url":"https:\/\/fuentesfidedignas.com.mx\/index.php\/2024\/02\/22\/jorge-alvarez-maynez-se-registra-ante-el-ine-como-candidato-presidencial-de-mc\/","name":"Jorge \u00c1lvarez M\u00e1ynez se registra ante el INE como candidato presidencial de MC - Fuentes Fidedignas","isPartOf":{"@id":"https:\/\/fuentesfidedignas.com.mx\/#website"},"primaryImageOfPage":{"@id":"https:\/\/fuentesfidedignas.com.mx\/index.php\/2024\/02\/22\/jorge-alvarez-maynez-se-registra-ante-el-ine-como-candidato-presidencial-de-mc\/#primaryimage"},"image":{"@id":"https:\/\/fuentesfidedignas.com.mx\/index.php\/2024\/02\/22\/jorge-alvarez-maynez-se-registra-ante-el-ine-como-candidato-presidencial-de-mc\/#primaryimage"},"thumbnailUrl":"https:\/\/fuentesfidedignas.com.mx\/wp-content\/uploads\/2024\/02\/jorge-alvarez-maynez-se-registra-ante-el-ine-.jpg","datePublished":"2024-02-23T01:04:14+00:00","breadcrumb":{"@id":"https:\/\/fuentesfidedignas.com.mx\/index.php\/2024\/02\/22\/jorge-alvarez-maynez-se-registra-ante-el-ine-como-candidato-presidencial-de-mc\/#breadcrumb"},"inLanguage":"es","potentialAction":[{"@type":"ReadAction","target":["https:\/\/fuentesfidedignas.com.mx\/index.php\/2024\/02\/22\/jorge-alvarez-maynez-se-registra-ante-el-ine-como-candidato-presidencial-de-mc\/"]}]},{"@type":"ImageObject","inLanguage":"es","@id":"https:\/\/fuentesfidedignas.com.mx\/index.php\/2024\/02\/22\/jorge-alvarez-maynez-se-registra-ante-el-ine-como-candidato-presidencial-de-mc\/#primaryimage","url":"https:\/\/fuentesfidedignas.com.mx\/wp-content\/uploads\/2024\/02\/jorge-alvarez-maynez-se-registra-ante-el-ine-.jpg","contentUrl":"https:\/\/fuentesfidedignas.com.mx\/wp-content\/uploads\/2024\/02\/jorge-alvarez-maynez-se-registra-ante-el-ine-.jpg","width":850,"height":478},{"@type":"BreadcrumbList","@id":"https:\/\/fuentesfidedignas.com.mx\/index.php\/2024\/02\/22\/jorge-alvarez-maynez-se-registra-ante-el-ine-como-candidato-presidencial-de-mc\/#breadcrumb","itemListElement":[{"@type":"ListItem","position":1,"name":"Inicio","item":"https:\/\/fuentesfidedignas.com.mx\/"},{"@type":"ListItem","position":2,"name":"Jorge \u00c1lvarez M\u00e1ynez se registra ante el INE como candidato presidencial de MC"}]},{"@type":"WebSite","@id":"https:\/\/fuentesfidedignas.com.mx\/#website","url":"https:\/\/fuentesfidedignas.com.mx\/","name":"Fuentes Fidedignas","description":"Otro sitio realizado con WordPress","publisher":{"@id":"https:\/\/fuentesfidedignas.com.mx\/#organization"},"potentialAction":[{"@type":"SearchAction","target":{"@type":"EntryPoint","urlTemplate":"https:\/\/fuentesfidedignas.com.mx\/?s={search_term_string}"},"query-input":{"@type":"PropertyValueSpecification","valueRequired":true,"valueName":"search_term_string"}}],"inLanguage":"es"},{"@type":"Organization","@id":"https:\/\/fuentesfidedignas.com.mx\/#organization","name":"Fuentes Fidedignas","url":"https:\/\/fuentesfidedignas.com.mx\/","logo":{"@type":"ImageObject","inLanguage":"es","@id":"https:\/\/fuentesfidedignas.com.mx\/#\/schema\/logo\/image\/","url":"https:\/\/fuentesfidedignas.com.mx\/wp-content\/uploads\/2021\/04\/logo-retina.png","contentUrl":"https:\/\/fuentesfidedignas.com.mx\/wp-content\/uploads\/2021\/04\/logo-retina.png","width":280,"height":51,"caption":"Fuentes Fidedignas"},"image":{"@id":"https:\/\/fuentesfidedignas.com.mx\/#\/schema\/logo\/image\/"},"sameAs":["https:\/\/www.facebook.com\/Fuentes-Fidedignas-368234489921644","https:\/\/x.com\/fidedignas"]},{"@type":"Person","@id":"https:\/\/fuentesfidedignas.com.mx\/#\/schema\/person\/67d852f0557c8509146a4b9ddebd543a","name":"L\u00f3pez D\u00f3riga","image":{"@type":"ImageObject","inLanguage":"es","@id":"https:\/\/secure.gravatar.com\/avatar\/e525b06574ca18b33cded59dfe5778d6c823b9513154eff47da551b0551bdd1e?s=96&d=mm&r=g","url":"https:\/\/secure.gravatar.com\/avatar\/e525b06574ca18b33cded59dfe5778d6c823b9513154eff47da551b0551bdd1e?s=96&d=mm&r=g","contentUrl":"https:\/\/secure.gravatar.com\/avatar\/e525b06574ca18b33cded59dfe5778d6c823b9513154eff47da551b0551bdd1e?s=96&d=mm&r=g","caption":"L\u00f3pez D\u00f3riga"},"url":"https:\/\/fuentesfidedignas.com.mx\/index.php\/author\/doriga\/"}]}},"_links":{"self":[{"href":"https:\/\/fuentesfidedignas.com.mx\/index.php\/wp-json\/wp\/v2\/posts\/74850","targetHints":{"allow":["GET"]}}],"collection":[{"href":"https:\/\/fuentesfidedignas.com.mx\/index.php\/wp-json\/wp\/v2\/posts"}],"about":[{"href":"https:\/\/fuentesfidedignas.com.mx\/index.php\/wp-json\/wp\/v2\/types\/post"}],"author":[{"embeddable":true,"href":"https:\/\/fuentesfidedignas.com.mx\/index.php\/wp-json\/wp\/v2\/users\/47"}],"replies":[{"embeddable":true,"href":"https:\/\/fuentesfidedignas.com.mx\/index.php\/wp-json\/wp\/v2\/comments?post=74850"}],"version-history":[{"count":2,"href":"https:\/\/fuentesfidedignas.com.mx\/index.php\/wp-json\/wp\/v2\/posts\/74850\/revisions"}],"predecessor-version":[{"id":74853,"href":"https:\/\/fuentesfidedignas.com.mx\/index.php\/wp-json\/wp\/v2\/posts\/74850\/revisions\/74853"}],"wp:featuredmedia":[{"embeddable":true,"href":"https:\/\/fuentesfidedignas.com.mx\/index.php\/wp-json\/wp\/v2\/media\/74851"}],"wp:attachment":[{"href":"https:\/\/fuentesfidedignas.com.mx\/index.php\/wp-json\/wp\/v2\/media?parent=74850"}],"wp:term":[{"taxonomy":"category","embeddable":true,"href":"https:\/\/fuentesfidedignas.com.mx\/index.php\/wp-json\/wp\/v2\/categories?post=74850"},{"taxonomy":"post_tag","embeddable":true,"href":"https:\/\/fuentesfidedignas.com.mx\/index.php\/wp-json\/wp\/v2\/tags?post=74850"}],"curies":[{"name":"wp","href":"https:\/\/api.w.org\/{rel}","templated":true}]}}