{"id":74746,"date":"2024-02-22T06:28:48","date_gmt":"2024-02-22T13:28:48","guid":{"rendered":"https:\/\/fuentesfidedignas.com.mx\/?p=74746"},"modified":"2024-02-22T06:33:27","modified_gmt":"2024-02-22T13:33:27","slug":"el-aniversario-de-la-uadeo-como-universidad-autonoma","status":"publish","type":"post","link":"https:\/\/fuentesfidedignas.com.mx\/index.php\/2024\/02\/22\/el-aniversario-de-la-uadeo-como-universidad-autonoma\/","title":{"rendered":"El aniversario de la UAdeO como universidad aut\u00f3noma"},"content":{"rendered":"\n<p>Hace seis a\u00f1os naci\u00f3 la Universidad Aut\u00f3noma de Occidente (UAdeO). El 21 de febrero de 2018 nace como universidad aut\u00f3noma al entrar en vigor el decreto publicado en el Diario Oficial del Estado.<\/p>\n\n\n\n<p>Al publicarse en el Peri\u00f3dico Oficial de \u201cEl Estado de Sinaloa\u201d el Decreto n\u00famero 376 de la LXII Legislatura, la Universidad de Occidente cambia a Universidad Aut\u00f3noma de Occidente y este decreto entr\u00f3 en vigor a partir del 21 de febrero de 2018.<\/p>\n\n\n\n<p>A trav\u00e9s de ese decreto se expidi\u00f3 la Ley Org\u00e1nica de la Universidad Aut\u00f3noma de Occidente (UAdeO), marc\u00e1ndose el inicio de una nueva etapa en la educaci\u00f3n superior en la entidad.<\/p>\n\n\n\n<p>El 10 de enero de 2018, el Gobernador Quirino Ordaz Coppel present\u00f3 la Iniciativa de Ley para otorgarle autonom\u00eda a la Universidad de Occidente (UdeO).<\/p>\n\n\n\n<p>Posteriormente, la LXII Legislatura aprob\u00f3, por unanimidad, el Decreto en menci\u00f3n donde se le dot\u00f3 de este precepto constitucional a esta instituci\u00f3n educativa.<\/p>\n\n\n\n<p>Con ello, se abrog\u00f3 la Ley Org\u00e1nica de la UdeO, la cual da vida a la UAdeO, como una Universidad p\u00fablica descentralizada del Estado, con personalidad jur\u00eddica y patrimonios propios, creada para prestar servicios de educaci\u00f3n superior en sus distintos niveles y modalidades y contribuir al desarrollo de Sinaloa, seg\u00fan se se\u00f1ala en su Art\u00edculo 1.<\/p>\n\n\n\n<p>La Ley Org\u00e1nica de la UAdeO consta desde entonces de 56 art\u00edculos y 8 transitorios.<\/p>\n\n\n\n<p>A trav\u00e9s de ella \u201cse le dota de autonom\u00eda, se regulan su objeto, fines, facultades, patrimonio, organizaci\u00f3n acad\u00e9mica y administrativa, \u00f3rganos, designaci\u00f3n, funcionamiento, integraci\u00f3n, entre otros aspectos no menos importantes, pues cambia su r\u00e9gimen jur\u00eddico para ser considerada una instituci\u00f3n de educaci\u00f3n superior aut\u00f3noma\u201d, se\u00f1ala el Decreto.<\/p>\n\n\n\n<p>La autonom\u00eda de esta Universidad fue un sue\u00f1o acariciado desde su creaci\u00f3n, tal y como lo manifestaron en su momento los fundadores y ex rectores y que fue retomado por la entonces Rectora, Dra. Sylvia Paz D\u00edaz Camacho, quien continu\u00f3 con las gestiones ante las instancias correspondientes.<\/p>\n\n\n\n<p>A ello se sum\u00f3 el trabajo acad\u00e9mico y que se sigue llevando a cabo en la hoy UAdeO, como la acreditaci\u00f3n de programas educativos por parte de organismos reconocidos por la Secretar\u00eda de Educaci\u00f3n P\u00fablica, as\u00ed como cuerpos acad\u00e9micos consolidados y egresados incorporados exitosamente al \u00e1mbito laboral.<\/p>\n\n\n\n<p>Adem\u00e1s de un in\u00e9dito trabajo de redise\u00f1o curricular de sus planes y programas de estudio el cual incluy\u00f3 el cambio de la modalidad trimestral a semestral, as\u00ed como la diversificaci\u00f3n de la oferta educativa.<\/p>\n\n\n\n<p>Sin duda, todos estos elementos se conjugaron para que la hoy UAdeO contin\u00fae fortaleci\u00e9ndose y brindando una educaci\u00f3n superior pertinente, con inclusi\u00f3n y de calidad, a trav\u00e9s de las licenciaturas que oferta en sus Unidades Regionales y Extensiones distribuidas en 8 municipios del estado, pero que reciben a estudiantes de todo Sinaloa que conforman, orgullosamente, la Comunidad Lince.<\/p>\n\n\n\n<p>A 44 a\u00f1os de su creaci\u00f3n, este d\u00eda significa para la UdeO su gran paso hacia una Universidad Aut\u00f3noma, la segunda en Sinaloa con este status al d\u00eda de su autonom\u00eda.<br>El gobernador Antonio Toledo Corro fue el creador de la Universidad de Occidente, que se dio en el marco de la exacerbaci\u00f3n de una lucha est\u00e9ril entre el gobierno toledista y la Universidad Aut\u00f3noma de Sinaloa (UAS).<\/p>\n\n\n\n<p>Hoy la LXIV Legislatura se encuentra inmersa en un proceso legislativo para reformar de nuevo la Ley Org\u00e1nica de la Universidad Aut\u00f3noma de Occidente (UAdeO).<\/p>\n\n\n\n<p>Hoy como ayer se da otra exacerbada lucha entre el Gobierno del Estado y la UAS, que es la universidad emblem\u00e1tica del estado donde tambi\u00e9n se pretende reformar su legislaci\u00f3n universitaria, al igual que la UAIM.<\/p>\n\n\n\n<p>En puerta se encuentra la probable democratizaci\u00f3n de las universidades aut\u00f3nomas de Sinaloa y el establecimiento de la paridad de g\u00e9nero, entre otros puntos.<\/p>\n\n\n\n<p>Hoy el aniversario de la UAdeO como universidad aut\u00f3noma nos recuerda que la historia lleva el registro de los acontecimientos que quedan a la posteridad y el juicio de la historia es inapelable.<\/p>\n","protected":false},"excerpt":{"rendered":"<p>Hace seis a\u00f1os naci\u00f3 la Universidad Aut\u00f3noma de Occidente (UAdeO). El 21 de febrero de 2018 nace como universidad aut\u00f3noma al entrar en vigor el decreto publicado en el Diario Oficial del Estado. Al publicarse en el Peri\u00f3dico Oficial de \u201cEl Estado de Sinaloa\u201d el Decreto n\u00famero 376 de la LXII Legislatura, la Universidad de [&hellip;]<\/p>\n","protected":false},"author":140,"featured_media":74747,"comment_status":"open","ping_status":"open","sticky":false,"template":"","format":"standard","meta":{"tdm_status":"","tdm_grid_status":"","footnotes":""},"categories":[3064,3086],"tags":[],"class_list":{"0":"post-74746","1":"post","2":"type-post","3":"status-publish","4":"format-standard","5":"has-post-thumbnail","7":"category-columnas","8":"category-cuando-el-rio-suena"},"yoast_head":"<!-- This site is optimized with the Yoast SEO plugin v27.4 - https:\/\/yoast.com\/product\/yoast-seo-wordpress\/ -->\n<title>El aniversario de la UAdeO como universidad aut\u00f3noma - Fuentes Fidedignas<\/title>\n<meta name=\"robots\" content=\"index, follow, max-snippet:-1, max-image-preview:large, max-video-preview:-1\" \/>\n<link rel=\"canonical\" href=\"https:\/\/fuentesfidedignas.com.mx\/index.php\/2024\/02\/22\/el-aniversario-de-la-uadeo-como-universidad-autonoma\/\" \/>\n<meta property=\"og:locale\" content=\"es_MX\" \/>\n<meta property=\"og:type\" content=\"article\" \/>\n<meta property=\"og:title\" content=\"El aniversario de la UAdeO como universidad aut\u00f3noma - Fuentes Fidedignas\" \/>\n<meta property=\"og:description\" content=\"Hace seis a\u00f1os naci\u00f3 la Universidad Aut\u00f3noma de Occidente (UAdeO). El 21 de febrero de 2018 nace como universidad aut\u00f3noma al entrar en vigor el decreto publicado en el Diario Oficial del Estado. Al publicarse en el Peri\u00f3dico Oficial de \u201cEl Estado de Sinaloa\u201d el Decreto n\u00famero 376 de la LXII Legislatura, la Universidad de [&hellip;]\" \/>\n<meta property=\"og:url\" content=\"https:\/\/fuentesfidedignas.com.mx\/index.php\/2024\/02\/22\/el-aniversario-de-la-uadeo-como-universidad-autonoma\/\" \/>\n<meta property=\"og:site_name\" content=\"Fuentes Fidedignas\" \/>\n<meta property=\"article:publisher\" content=\"https:\/\/www.facebook.com\/Fuentes-Fidedignas-368234489921644\" \/>\n<meta property=\"article:published_time\" content=\"2024-02-22T13:28:48+00:00\" \/>\n<meta property=\"article:modified_time\" content=\"2024-02-22T13:33:27+00:00\" \/>\n<meta property=\"og:image\" content=\"https:\/\/fuentesfidedignas.com.mx\/wp-content\/uploads\/2024\/02\/TOLEDO.jpeg\" \/>\n\t<meta property=\"og:image:width\" content=\"1600\" \/>\n\t<meta property=\"og:image:height\" content=\"982\" \/>\n\t<meta property=\"og:image:type\" content=\"image\/jpeg\" \/>\n<meta name=\"author\" content=\"F.F\" \/>\n<meta name=\"twitter:card\" content=\"summary_large_image\" \/>\n<meta name=\"twitter:creator\" content=\"@fidedignas\" \/>\n<meta name=\"twitter:site\" content=\"@fidedignas\" \/>\n<meta name=\"twitter:label1\" content=\"Escrito por\" \/>\n\t<meta name=\"twitter:data1\" content=\"F.F\" \/>\n\t<meta name=\"twitter:label2\" content=\"Tiempo de lectura\" \/>\n\t<meta name=\"twitter:data2\" content=\"4 minutos\" \/>\n<script type=\"application\/ld+json\" class=\"yoast-schema-graph\">{\"@context\":\"https:\\\/\\\/schema.org\",\"@graph\":[{\"@type\":\"Article\",\"@id\":\"https:\\\/\\\/fuentesfidedignas.com.mx\\\/index.php\\\/2024\\\/02\\\/22\\\/el-aniversario-de-la-uadeo-como-universidad-autonoma\\\/#article\",\"isPartOf\":{\"@id\":\"https:\\\/\\\/fuentesfidedignas.com.mx\\\/index.php\\\/2024\\\/02\\\/22\\\/el-aniversario-de-la-uadeo-como-universidad-autonoma\\\/\"},\"author\":{\"name\":\"F.F\",\"@id\":\"https:\\\/\\\/fuentesfidedignas.com.mx\\\/#\\\/schema\\\/person\\\/257ce668995e70619a0423d4063f7539\"},\"headline\":\"El aniversario de la UAdeO como universidad aut\u00f3noma\",\"datePublished\":\"2024-02-22T13:28:48+00:00\",\"dateModified\":\"2024-02-22T13:33:27+00:00\",\"mainEntityOfPage\":{\"@id\":\"https:\\\/\\\/fuentesfidedignas.com.mx\\\/index.php\\\/2024\\\/02\\\/22\\\/el-aniversario-de-la-uadeo-como-universidad-autonoma\\\/\"},\"wordCount\":714,\"commentCount\":0,\"publisher\":{\"@id\":\"https:\\\/\\\/fuentesfidedignas.com.mx\\\/#organization\"},\"image\":{\"@id\":\"https:\\\/\\\/fuentesfidedignas.com.mx\\\/index.php\\\/2024\\\/02\\\/22\\\/el-aniversario-de-la-uadeo-como-universidad-autonoma\\\/#primaryimage\"},\"thumbnailUrl\":\"https:\\\/\\\/fuentesfidedignas.com.mx\\\/wp-content\\\/uploads\\\/2024\\\/02\\\/TOLEDO.jpeg\",\"articleSection\":[\"COLUMNAS\",\"CUANDO EL RIO SUENA\"],\"inLanguage\":\"es\",\"potentialAction\":[{\"@type\":\"CommentAction\",\"name\":\"Comment\",\"target\":[\"https:\\\/\\\/fuentesfidedignas.com.mx\\\/index.php\\\/2024\\\/02\\\/22\\\/el-aniversario-de-la-uadeo-como-universidad-autonoma\\\/#respond\"]}]},{\"@type\":\"WebPage\",\"@id\":\"https:\\\/\\\/fuentesfidedignas.com.mx\\\/index.php\\\/2024\\\/02\\\/22\\\/el-aniversario-de-la-uadeo-como-universidad-autonoma\\\/\",\"url\":\"https:\\\/\\\/fuentesfidedignas.com.mx\\\/index.php\\\/2024\\\/02\\\/22\\\/el-aniversario-de-la-uadeo-como-universidad-autonoma\\\/\",\"name\":\"El aniversario de la UAdeO como universidad aut\u00f3noma - Fuentes Fidedignas\",\"isPartOf\":{\"@id\":\"https:\\\/\\\/fuentesfidedignas.com.mx\\\/#website\"},\"primaryImageOfPage\":{\"@id\":\"https:\\\/\\\/fuentesfidedignas.com.mx\\\/index.php\\\/2024\\\/02\\\/22\\\/el-aniversario-de-la-uadeo-como-universidad-autonoma\\\/#primaryimage\"},\"image\":{\"@id\":\"https:\\\/\\\/fuentesfidedignas.com.mx\\\/index.php\\\/2024\\\/02\\\/22\\\/el-aniversario-de-la-uadeo-como-universidad-autonoma\\\/#primaryimage\"},\"thumbnailUrl\":\"https:\\\/\\\/fuentesfidedignas.com.mx\\\/wp-content\\\/uploads\\\/2024\\\/02\\\/TOLEDO.jpeg\",\"datePublished\":\"2024-02-22T13:28:48+00:00\",\"dateModified\":\"2024-02-22T13:33:27+00:00\",\"breadcrumb\":{\"@id\":\"https:\\\/\\\/fuentesfidedignas.com.mx\\\/index.php\\\/2024\\\/02\\\/22\\\/el-aniversario-de-la-uadeo-como-universidad-autonoma\\\/#breadcrumb\"},\"inLanguage\":\"es\",\"potentialAction\":[{\"@type\":\"ReadAction\",\"target\":[\"https:\\\/\\\/fuentesfidedignas.com.mx\\\/index.php\\\/2024\\\/02\\\/22\\\/el-aniversario-de-la-uadeo-como-universidad-autonoma\\\/\"]}]},{\"@type\":\"ImageObject\",\"inLanguage\":\"es\",\"@id\":\"https:\\\/\\\/fuentesfidedignas.com.mx\\\/index.php\\\/2024\\\/02\\\/22\\\/el-aniversario-de-la-uadeo-como-universidad-autonoma\\\/#primaryimage\",\"url\":\"https:\\\/\\\/fuentesfidedignas.com.mx\\\/wp-content\\\/uploads\\\/2024\\\/02\\\/TOLEDO.jpeg\",\"contentUrl\":\"https:\\\/\\\/fuentesfidedignas.com.mx\\\/wp-content\\\/uploads\\\/2024\\\/02\\\/TOLEDO.jpeg\",\"width\":1600,\"height\":982},{\"@type\":\"BreadcrumbList\",\"@id\":\"https:\\\/\\\/fuentesfidedignas.com.mx\\\/index.php\\\/2024\\\/02\\\/22\\\/el-aniversario-de-la-uadeo-como-universidad-autonoma\\\/#breadcrumb\",\"itemListElement\":[{\"@type\":\"ListItem\",\"position\":1,\"name\":\"Inicio\",\"item\":\"https:\\\/\\\/fuentesfidedignas.com.mx\\\/\"},{\"@type\":\"ListItem\",\"position\":2,\"name\":\"El aniversario de la UAdeO como universidad aut\u00f3noma\"}]},{\"@type\":\"WebSite\",\"@id\":\"https:\\\/\\\/fuentesfidedignas.com.mx\\\/#website\",\"url\":\"https:\\\/\\\/fuentesfidedignas.com.mx\\\/\",\"name\":\"Fuentes Fidedignas\",\"description\":\"Otro sitio realizado con WordPress\",\"publisher\":{\"@id\":\"https:\\\/\\\/fuentesfidedignas.com.mx\\\/#organization\"},\"potentialAction\":[{\"@type\":\"SearchAction\",\"target\":{\"@type\":\"EntryPoint\",\"urlTemplate\":\"https:\\\/\\\/fuentesfidedignas.com.mx\\\/?s={search_term_string}\"},\"query-input\":{\"@type\":\"PropertyValueSpecification\",\"valueRequired\":true,\"valueName\":\"search_term_string\"}}],\"inLanguage\":\"es\"},{\"@type\":\"Organization\",\"@id\":\"https:\\\/\\\/fuentesfidedignas.com.mx\\\/#organization\",\"name\":\"Fuentes Fidedignas\",\"url\":\"https:\\\/\\\/fuentesfidedignas.com.mx\\\/\",\"logo\":{\"@type\":\"ImageObject\",\"inLanguage\":\"es\",\"@id\":\"https:\\\/\\\/fuentesfidedignas.com.mx\\\/#\\\/schema\\\/logo\\\/image\\\/\",\"url\":\"https:\\\/\\\/fuentesfidedignas.com.mx\\\/wp-content\\\/uploads\\\/2021\\\/04\\\/logo-retina.png\",\"contentUrl\":\"https:\\\/\\\/fuentesfidedignas.com.mx\\\/wp-content\\\/uploads\\\/2021\\\/04\\\/logo-retina.png\",\"width\":280,\"height\":51,\"caption\":\"Fuentes Fidedignas\"},\"image\":{\"@id\":\"https:\\\/\\\/fuentesfidedignas.com.mx\\\/#\\\/schema\\\/logo\\\/image\\\/\"},\"sameAs\":[\"https:\\\/\\\/www.facebook.com\\\/Fuentes-Fidedignas-368234489921644\",\"https:\\\/\\\/x.com\\\/fidedignas\"]},{\"@type\":\"Person\",\"@id\":\"https:\\\/\\\/fuentesfidedignas.com.mx\\\/#\\\/schema\\\/person\\\/257ce668995e70619a0423d4063f7539\",\"name\":\"F.F\",\"image\":{\"@type\":\"ImageObject\",\"inLanguage\":\"es\",\"@id\":\"https:\\\/\\\/secure.gravatar.com\\\/avatar\\\/852c26b8e524fd0d5d40b1dd4f3b01abe244b22e1008620d24eeae20a74a9353?s=96&d=mm&r=g\",\"url\":\"https:\\\/\\\/secure.gravatar.com\\\/avatar\\\/852c26b8e524fd0d5d40b1dd4f3b01abe244b22e1008620d24eeae20a74a9353?s=96&d=mm&r=g\",\"contentUrl\":\"https:\\\/\\\/secure.gravatar.com\\\/avatar\\\/852c26b8e524fd0d5d40b1dd4f3b01abe244b22e1008620d24eeae20a74a9353?s=96&d=mm&r=g\",\"caption\":\"F.F\"},\"url\":\"https:\\\/\\\/fuentesfidedignas.com.mx\\\/index.php\\\/author\\\/f-f\\\/\"}]}<\/script>\n<!-- \/ Yoast SEO plugin. -->","yoast_head_json":{"title":"El aniversario de la UAdeO como universidad aut\u00f3noma - Fuentes Fidedignas","robots":{"index":"index","follow":"follow","max-snippet":"max-snippet:-1","max-image-preview":"max-image-preview:large","max-video-preview":"max-video-preview:-1"},"canonical":"https:\/\/fuentesfidedignas.com.mx\/index.php\/2024\/02\/22\/el-aniversario-de-la-uadeo-como-universidad-autonoma\/","og_locale":"es_MX","og_type":"article","og_title":"El aniversario de la UAdeO como universidad aut\u00f3noma - Fuentes Fidedignas","og_description":"Hace seis a\u00f1os naci\u00f3 la Universidad Aut\u00f3noma de Occidente (UAdeO). El 21 de febrero de 2018 nace como universidad aut\u00f3noma al entrar en vigor el decreto publicado en el Diario Oficial del Estado. Al publicarse en el Peri\u00f3dico Oficial de \u201cEl Estado de Sinaloa\u201d el Decreto n\u00famero 376 de la LXII Legislatura, la Universidad de [&hellip;]","og_url":"https:\/\/fuentesfidedignas.com.mx\/index.php\/2024\/02\/22\/el-aniversario-de-la-uadeo-como-universidad-autonoma\/","og_site_name":"Fuentes Fidedignas","article_publisher":"https:\/\/www.facebook.com\/Fuentes-Fidedignas-368234489921644","article_published_time":"2024-02-22T13:28:48+00:00","article_modified_time":"2024-02-22T13:33:27+00:00","og_image":[{"width":1600,"height":982,"url":"https:\/\/fuentesfidedignas.com.mx\/wp-content\/uploads\/2024\/02\/TOLEDO.jpeg","type":"image\/jpeg"}],"author":"F.F","twitter_card":"summary_large_image","twitter_creator":"@fidedignas","twitter_site":"@fidedignas","twitter_misc":{"Escrito por":"F.F","Tiempo de lectura":"4 minutos"},"schema":{"@context":"https:\/\/schema.org","@graph":[{"@type":"Article","@id":"https:\/\/fuentesfidedignas.com.mx\/index.php\/2024\/02\/22\/el-aniversario-de-la-uadeo-como-universidad-autonoma\/#article","isPartOf":{"@id":"https:\/\/fuentesfidedignas.com.mx\/index.php\/2024\/02\/22\/el-aniversario-de-la-uadeo-como-universidad-autonoma\/"},"author":{"name":"F.F","@id":"https:\/\/fuentesfidedignas.com.mx\/#\/schema\/person\/257ce668995e70619a0423d4063f7539"},"headline":"El aniversario de la UAdeO como universidad aut\u00f3noma","datePublished":"2024-02-22T13:28:48+00:00","dateModified":"2024-02-22T13:33:27+00:00","mainEntityOfPage":{"@id":"https:\/\/fuentesfidedignas.com.mx\/index.php\/2024\/02\/22\/el-aniversario-de-la-uadeo-como-universidad-autonoma\/"},"wordCount":714,"commentCount":0,"publisher":{"@id":"https:\/\/fuentesfidedignas.com.mx\/#organization"},"image":{"@id":"https:\/\/fuentesfidedignas.com.mx\/index.php\/2024\/02\/22\/el-aniversario-de-la-uadeo-como-universidad-autonoma\/#primaryimage"},"thumbnailUrl":"https:\/\/fuentesfidedignas.com.mx\/wp-content\/uploads\/2024\/02\/TOLEDO.jpeg","articleSection":["COLUMNAS","CUANDO EL RIO SUENA"],"inLanguage":"es","potentialAction":[{"@type":"CommentAction","name":"Comment","target":["https:\/\/fuentesfidedignas.com.mx\/index.php\/2024\/02\/22\/el-aniversario-de-la-uadeo-como-universidad-autonoma\/#respond"]}]},{"@type":"WebPage","@id":"https:\/\/fuentesfidedignas.com.mx\/index.php\/2024\/02\/22\/el-aniversario-de-la-uadeo-como-universidad-autonoma\/","url":"https:\/\/fuentesfidedignas.com.mx\/index.php\/2024\/02\/22\/el-aniversario-de-la-uadeo-como-universidad-autonoma\/","name":"El aniversario de la UAdeO como universidad aut\u00f3noma - Fuentes Fidedignas","isPartOf":{"@id":"https:\/\/fuentesfidedignas.com.mx\/#website"},"primaryImageOfPage":{"@id":"https:\/\/fuentesfidedignas.com.mx\/index.php\/2024\/02\/22\/el-aniversario-de-la-uadeo-como-universidad-autonoma\/#primaryimage"},"image":{"@id":"https:\/\/fuentesfidedignas.com.mx\/index.php\/2024\/02\/22\/el-aniversario-de-la-uadeo-como-universidad-autonoma\/#primaryimage"},"thumbnailUrl":"https:\/\/fuentesfidedignas.com.mx\/wp-content\/uploads\/2024\/02\/TOLEDO.jpeg","datePublished":"2024-02-22T13:28:48+00:00","dateModified":"2024-02-22T13:33:27+00:00","breadcrumb":{"@id":"https:\/\/fuentesfidedignas.com.mx\/index.php\/2024\/02\/22\/el-aniversario-de-la-uadeo-como-universidad-autonoma\/#breadcrumb"},"inLanguage":"es","potentialAction":[{"@type":"ReadAction","target":["https:\/\/fuentesfidedignas.com.mx\/index.php\/2024\/02\/22\/el-aniversario-de-la-uadeo-como-universidad-autonoma\/"]}]},{"@type":"ImageObject","inLanguage":"es","@id":"https:\/\/fuentesfidedignas.com.mx\/index.php\/2024\/02\/22\/el-aniversario-de-la-uadeo-como-universidad-autonoma\/#primaryimage","url":"https:\/\/fuentesfidedignas.com.mx\/wp-content\/uploads\/2024\/02\/TOLEDO.jpeg","contentUrl":"https:\/\/fuentesfidedignas.com.mx\/wp-content\/uploads\/2024\/02\/TOLEDO.jpeg","width":1600,"height":982},{"@type":"BreadcrumbList","@id":"https:\/\/fuentesfidedignas.com.mx\/index.php\/2024\/02\/22\/el-aniversario-de-la-uadeo-como-universidad-autonoma\/#breadcrumb","itemListElement":[{"@type":"ListItem","position":1,"name":"Inicio","item":"https:\/\/fuentesfidedignas.com.mx\/"},{"@type":"ListItem","position":2,"name":"El aniversario de la UAdeO como universidad aut\u00f3noma"}]},{"@type":"WebSite","@id":"https:\/\/fuentesfidedignas.com.mx\/#website","url":"https:\/\/fuentesfidedignas.com.mx\/","name":"Fuentes Fidedignas","description":"Otro sitio realizado con WordPress","publisher":{"@id":"https:\/\/fuentesfidedignas.com.mx\/#organization"},"potentialAction":[{"@type":"SearchAction","target":{"@type":"EntryPoint","urlTemplate":"https:\/\/fuentesfidedignas.com.mx\/?s={search_term_string}"},"query-input":{"@type":"PropertyValueSpecification","valueRequired":true,"valueName":"search_term_string"}}],"inLanguage":"es"},{"@type":"Organization","@id":"https:\/\/fuentesfidedignas.com.mx\/#organization","name":"Fuentes Fidedignas","url":"https:\/\/fuentesfidedignas.com.mx\/","logo":{"@type":"ImageObject","inLanguage":"es","@id":"https:\/\/fuentesfidedignas.com.mx\/#\/schema\/logo\/image\/","url":"https:\/\/fuentesfidedignas.com.mx\/wp-content\/uploads\/2021\/04\/logo-retina.png","contentUrl":"https:\/\/fuentesfidedignas.com.mx\/wp-content\/uploads\/2021\/04\/logo-retina.png","width":280,"height":51,"caption":"Fuentes Fidedignas"},"image":{"@id":"https:\/\/fuentesfidedignas.com.mx\/#\/schema\/logo\/image\/"},"sameAs":["https:\/\/www.facebook.com\/Fuentes-Fidedignas-368234489921644","https:\/\/x.com\/fidedignas"]},{"@type":"Person","@id":"https:\/\/fuentesfidedignas.com.mx\/#\/schema\/person\/257ce668995e70619a0423d4063f7539","name":"F.F","image":{"@type":"ImageObject","inLanguage":"es","@id":"https:\/\/secure.gravatar.com\/avatar\/852c26b8e524fd0d5d40b1dd4f3b01abe244b22e1008620d24eeae20a74a9353?s=96&d=mm&r=g","url":"https:\/\/secure.gravatar.com\/avatar\/852c26b8e524fd0d5d40b1dd4f3b01abe244b22e1008620d24eeae20a74a9353?s=96&d=mm&r=g","contentUrl":"https:\/\/secure.gravatar.com\/avatar\/852c26b8e524fd0d5d40b1dd4f3b01abe244b22e1008620d24eeae20a74a9353?s=96&d=mm&r=g","caption":"F.F"},"url":"https:\/\/fuentesfidedignas.com.mx\/index.php\/author\/f-f\/"}]}},"_links":{"self":[{"href":"https:\/\/fuentesfidedignas.com.mx\/index.php\/wp-json\/wp\/v2\/posts\/74746","targetHints":{"allow":["GET"]}}],"collection":[{"href":"https:\/\/fuentesfidedignas.com.mx\/index.php\/wp-json\/wp\/v2\/posts"}],"about":[{"href":"https:\/\/fuentesfidedignas.com.mx\/index.php\/wp-json\/wp\/v2\/types\/post"}],"author":[{"embeddable":true,"href":"https:\/\/fuentesfidedignas.com.mx\/index.php\/wp-json\/wp\/v2\/users\/140"}],"replies":[{"embeddable":true,"href":"https:\/\/fuentesfidedignas.com.mx\/index.php\/wp-json\/wp\/v2\/comments?post=74746"}],"version-history":[{"count":3,"href":"https:\/\/fuentesfidedignas.com.mx\/index.php\/wp-json\/wp\/v2\/posts\/74746\/revisions"}],"predecessor-version":[{"id":74751,"href":"https:\/\/fuentesfidedignas.com.mx\/index.php\/wp-json\/wp\/v2\/posts\/74746\/revisions\/74751"}],"wp:featuredmedia":[{"embeddable":true,"href":"https:\/\/fuentesfidedignas.com.mx\/index.php\/wp-json\/wp\/v2\/media\/74747"}],"wp:attachment":[{"href":"https:\/\/fuentesfidedignas.com.mx\/index.php\/wp-json\/wp\/v2\/media?parent=74746"}],"wp:term":[{"taxonomy":"category","embeddable":true,"href":"https:\/\/fuentesfidedignas.com.mx\/index.php\/wp-json\/wp\/v2\/categories?post=74746"},{"taxonomy":"post_tag","embeddable":true,"href":"https:\/\/fuentesfidedignas.com.mx\/index.php\/wp-json\/wp\/v2\/tags?post=74746"}],"curies":[{"name":"wp","href":"https:\/\/api.w.org\/{rel}","templated":true}]}}