{"id":74574,"date":"2024-02-21T05:52:39","date_gmt":"2024-02-21T12:52:39","guid":{"rendered":"https:\/\/fuentesfidedignas.com.mx\/?p=74574"},"modified":"2024-02-20T16:53:05","modified_gmt":"2024-02-20T23:53:05","slug":"bebes-con-sindrome-de-down-eran-enterrados-con-estatus-especial-en-la-edad-del-hierro","status":"publish","type":"post","link":"https:\/\/fuentesfidedignas.com.mx\/index.php\/2024\/02\/21\/bebes-con-sindrome-de-down-eran-enterrados-con-estatus-especial-en-la-edad-del-hierro\/","title":{"rendered":"Beb\u00e9s con s\u00edndrome de Down eran enterrados con estatus especial en la Edad del Hierro"},"content":{"rendered":"\n<p>Beb\u00e9s con s\u00edndrome de Down o de Edwards tuvieron el privilegio de ser enterrados en las casas durante la Edad del Hierro<\/p>\n\n\n\n<p>Durante la Edad del Hierro, las comunidades ib\u00e9ricas incineraban a sus muertos, pero algunos beb\u00e9s y prematuros eran enterrados en las casas. El ADN en yacimientos de Navarra (Espa\u00f1a) revela que tres de ellos ten\u00edan s\u00edndrome de Down y uno de Edwards, lo que muestra que fueron apreciados por sus comunidades.<\/p>\n\n\n\n<p>An\u00e1lisis de restos de genoma de 10 mil individuos antiguos en busca de trisom\u00edas cromos\u00f3micas identificaron seis casos de s\u00edndrome de Down. Tres de ellos en dos yacimientos de la primera Edad del Hierro de Navarra (hace 2.800-2.500 a\u00f1os), dos de la edad de bronce (4.700- 3.300 a\u00f1os) de Grecia y Bulgaria, y otro en Finlandia datado en los siglos XVII-XVIII.<\/p>\n\n\n\n<p>En Navarra (norte de Espa\u00f1a) se hall\u00f3, adem\u00e1s, un caso de s\u00edndrome de Edwards, que es el primero identificado en poblaci\u00f3n arqueol\u00f3gica, revela un estudio que publica Nature Communications liderado por el Instituto Max Planck (Alemania) y con participaci\u00f3n de las universidades espa\u00f1olas de Barcelona (UAB), de Alicante (UA) y de Navarra (UPNA).<\/p>\n\n\n\n<p>Los beb\u00e9s con afecciones gen\u00e9ticas identificados tuvieron el privilegio de ser enterrados en las casas, lo que es un indicio de que eran \u201cpersonas que merec\u00edan una atenci\u00f3n muy especial, eran valiosas para la comunidad\u201d, dice a EFE Roberto Risch, arque\u00f3logo de la UAB y coautor del trabajo.<\/p>\n\n\n\n<p>De los tres individuos prehist\u00f3ricos identificados en Navarra con s\u00edndrome de Down (tres copias de cromosoma 21), uno pertenece al yacimiento de Las Eretas y dos al de Alto de la Cruz, el mismo donde se encontr\u00f3 un caso -una ni\u00f1a- de s\u00edndrome de Edwards (tres copias del cromosoma 18), que es mucho menos frecuente y se asocia a problemas de salud m\u00e1s graves.<\/p>\n\n\n\n<p>El trabajo es uno de los primeros estudios sistem\u00e1ticos de cribado en muestras humanas antiguas en busca de condiciones gen\u00e9ticas poco comunes a trav\u00e9s de un nuevo m\u00e9todo estad\u00edstico de secuenciaci\u00f3n, que se complet\u00f3 con una revisi\u00f3n osteol\u00f3gica y del registro arqueol\u00f3gico.<\/p>\n\n\n\n<p>Para el equipo -se\u00f1ala Risch- fue una sorpresa que cuatro de los casos fueran de un proyecto de investigaci\u00f3n de su grupo para entender por qu\u00e9 en la Edad del Hierro de Navarra algunos beb\u00e9s muertos antes o al poco de nacer eran enterrados en casa y no incinerados como el resto de la poblaci\u00f3n.<\/p>\n\n\n\n<p>El total de restos analizados muestra que solo una ni\u00f1a con s\u00edndrome de Down encontrada en Grecia lleg\u00f3 a cumplir un a\u00f1o, pues en la antig\u00fcedad la supervivencia con esas condiciones gen\u00e9ticas era muy dif\u00edcil.<\/p>\n\n\n\n<p>En Navarra, todos ten\u00edan entre 26 y 40 semanas de gestaci\u00f3n, por lo que Risch no descarta que alguno de los mayores pudiera haber nacido y sobrevivir algunos d\u00edas.<\/p>\n\n\n\n<p>Pero no todos los reci\u00e9n nacidos enterrados en casas eran casos con patolog\u00edas gen\u00e9ticas. En el poblado de Las Eretas un ni\u00f1o con s\u00edndrome de Down estaba junto a una ni\u00f1a emparentada en segundo grado, que podr\u00eda haber sido su hermanastra, indica en un comunicado el investigador Javier Armend\u00e1riz, de la UPNA.<\/p>\n\n\n\n<p>A pesar de estar a\u00fan en gestaci\u00f3n o haber muerto poco despu\u00e9s de nacer, Risch considera que s\u00ed es posible que se reconociera que esos beb\u00e9s ten\u00edan una alteraci\u00f3n gen\u00e9tica.<\/p>\n\n\n\n<p>El investigador se\u00f1ala que otra de las autoras, la antrop\u00f3loga f\u00edsica y comadrona Patxuka de Miguel, de la Universidad de Alicante, defendi\u00f3 que si \u201cuno presta atenci\u00f3n y tiene un poco sensibilidad si que nota que estos ni\u00f1os y ni\u00f1as tienen algo diferente\u201d.<\/p>\n\n\n\n<p>En el estudio osteol\u00f3gico, los investigadores observaron anomal\u00edas en algunos de los individuos que podr\u00edan ser compatibles con su condici\u00f3n gen\u00e9tica, sin poder descartar otras causas, se\u00f1ala un comunicado de la UAB.<\/p>\n\n\n\n<p>El estudio destaca que algunos fueron sepultados con un rico ajuar funerario. Es el caso de una beb\u00e9 con s\u00edndrome de Down del yacimiento de Alto de la Cruz, que apareci\u00f3 junto a un anillo de bronce, una concha marina y restos de tres ovinos o caprinos.<\/p>\n\n\n\n<p>Adem\u00e1s, estaba enterrada en un sitio decorado en un edificio que podr\u00eda ser un lugar de culto o ritual. \u201cOcup\u00f3 un lugar especial en un lugar tambi\u00e9n distinguido, lo que nos vuelve a recalcar que estas personas merec\u00edan una atenci\u00f3n y un respeto especial\u201d, reitera Risch.<\/p>\n\n\n\n<p>El investigador descarta que perteneciera a un familia con un alto estatus porque en la primera Edad del Hierro en Navarra \u201chab\u00eda muy pocas desigualdades sociales\u201d dentro de las comunidades.<\/p>\n\n\n\n<p>El hallazgo de cuatro casos en dos poblados pr\u00f3ximos y contempor\u00e1neos, como es el caso de Navarra, no supone que all\u00ed y en aquella \u00e9poca hubiera una mayor tasa de esas condiciones gen\u00e9ticas, indica Risch, quien precisa que ese extremo fue consultado con expertos.<\/p>\n\n\n\n<p>&#8220;Lo que es diferente -dice- es que esas personas fueran seleccionadas para un tratamiento ritual, lo que nos ha permitido encontrarlas\u201d.<\/p>\n\n\n\n<figure class=\"wp-block-image size-full\"><img decoding=\"async\" width=\"850\" height=\"442\" src=\"https:\/\/fuentesfidedignas.com.mx\/wp-content\/uploads\/2024\/02\/HUESOS_SDD.jpg\" alt=\"\" class=\"wp-image-74576\" srcset=\"https:\/\/fuentesfidedignas.com.mx\/wp-content\/uploads\/2024\/02\/HUESOS_SDD.jpg 850w, https:\/\/fuentesfidedignas.com.mx\/wp-content\/uploads\/2024\/02\/HUESOS_SDD-300x156.jpg 300w, https:\/\/fuentesfidedignas.com.mx\/wp-content\/uploads\/2024\/02\/HUESOS_SDD-768x399.jpg 768w, https:\/\/fuentesfidedignas.com.mx\/wp-content\/uploads\/2024\/02\/HUESOS_SDD-696x362.jpg 696w, https:\/\/fuentesfidedignas.com.mx\/wp-content\/uploads\/2024\/02\/HUESOS_SDD-808x420.jpg 808w\" sizes=\"(max-width: 850px) 100vw, 850px\" \/><\/figure>\n","protected":false},"excerpt":{"rendered":"<p>Beb\u00e9s con s\u00edndrome de Down o de Edwards tuvieron el privilegio de ser enterrados en las casas durante la Edad del Hierro Durante la Edad del Hierro, las comunidades ib\u00e9ricas incineraban a sus muertos, pero algunos beb\u00e9s y prematuros eran enterrados en las casas. El ADN en yacimientos de Navarra (Espa\u00f1a) revela que tres de [&hellip;]<\/p>\n","protected":false},"author":47,"featured_media":74575,"comment_status":"open","ping_status":"open","sticky":false,"template":"","format":"standard","meta":{"tdm_status":"","tdm_grid_status":"","footnotes":""},"categories":[40],"tags":[],"class_list":{"0":"post-74574","1":"post","2":"type-post","3":"status-publish","4":"format-standard","5":"has-post-thumbnail","7":"category-las-asombrosas"},"yoast_head":"<!-- This site is optimized with the Yoast SEO plugin v27.5 - https:\/\/yoast.com\/product\/yoast-seo-wordpress\/ -->\n<title>Beb\u00e9s con s\u00edndrome de Down eran enterrados con estatus especial en la Edad del Hierro - Fuentes Fidedignas<\/title>\n<meta name=\"robots\" content=\"index, follow, max-snippet:-1, max-image-preview:large, max-video-preview:-1\" \/>\n<link rel=\"canonical\" href=\"https:\/\/fuentesfidedignas.com.mx\/index.php\/2024\/02\/21\/bebes-con-sindrome-de-down-eran-enterrados-con-estatus-especial-en-la-edad-del-hierro\/\" \/>\n<meta property=\"og:locale\" content=\"es_MX\" \/>\n<meta property=\"og:type\" content=\"article\" \/>\n<meta property=\"og:title\" content=\"Beb\u00e9s con s\u00edndrome de Down eran enterrados con estatus especial en la Edad del Hierro - Fuentes Fidedignas\" \/>\n<meta property=\"og:description\" content=\"Beb\u00e9s con s\u00edndrome de Down o de Edwards tuvieron el privilegio de ser enterrados en las casas durante la Edad del Hierro Durante la Edad del Hierro, las comunidades ib\u00e9ricas incineraban a sus muertos, pero algunos beb\u00e9s y prematuros eran enterrados en las casas. El ADN en yacimientos de Navarra (Espa\u00f1a) revela que tres de [&hellip;]\" \/>\n<meta property=\"og:url\" content=\"https:\/\/fuentesfidedignas.com.mx\/index.php\/2024\/02\/21\/bebes-con-sindrome-de-down-eran-enterrados-con-estatus-especial-en-la-edad-del-hierro\/\" \/>\n<meta property=\"og:site_name\" content=\"Fuentes Fidedignas\" \/>\n<meta property=\"article:publisher\" content=\"https:\/\/www.facebook.com\/Fuentes-Fidedignas-368234489921644\" \/>\n<meta property=\"article:published_time\" content=\"2024-02-21T12:52:39+00:00\" \/>\n<meta property=\"og:image\" content=\"https:\/\/fuentesfidedignas.com.mx\/wp-content\/uploads\/2024\/02\/BB_SDDD.jpeg\" \/>\n\t<meta property=\"og:image:width\" content=\"1366\" \/>\n\t<meta property=\"og:image:height\" content=\"911\" \/>\n\t<meta property=\"og:image:type\" content=\"image\/jpeg\" \/>\n<meta name=\"author\" content=\"L\u00f3pez D\u00f3riga\" \/>\n<meta name=\"twitter:card\" content=\"summary_large_image\" \/>\n<meta name=\"twitter:creator\" content=\"@fidedignas\" \/>\n<meta name=\"twitter:site\" content=\"@fidedignas\" \/>\n<meta name=\"twitter:label1\" content=\"Escrito por\" \/>\n\t<meta name=\"twitter:data1\" content=\"L\u00f3pez D\u00f3riga\" \/>\n\t<meta name=\"twitter:label2\" content=\"Tiempo de lectura\" \/>\n\t<meta name=\"twitter:data2\" content=\"5 minutos\" \/>\n<script type=\"application\/ld+json\" class=\"yoast-schema-graph\">{\"@context\":\"https:\\\/\\\/schema.org\",\"@graph\":[{\"@type\":\"Article\",\"@id\":\"https:\\\/\\\/fuentesfidedignas.com.mx\\\/index.php\\\/2024\\\/02\\\/21\\\/bebes-con-sindrome-de-down-eran-enterrados-con-estatus-especial-en-la-edad-del-hierro\\\/#article\",\"isPartOf\":{\"@id\":\"https:\\\/\\\/fuentesfidedignas.com.mx\\\/index.php\\\/2024\\\/02\\\/21\\\/bebes-con-sindrome-de-down-eran-enterrados-con-estatus-especial-en-la-edad-del-hierro\\\/\"},\"author\":{\"name\":\"L\u00f3pez D\u00f3riga\",\"@id\":\"https:\\\/\\\/fuentesfidedignas.com.mx\\\/#\\\/schema\\\/person\\\/67d852f0557c8509146a4b9ddebd543a\"},\"headline\":\"Beb\u00e9s con s\u00edndrome de Down eran enterrados con estatus especial en la Edad del Hierro\",\"datePublished\":\"2024-02-21T12:52:39+00:00\",\"mainEntityOfPage\":{\"@id\":\"https:\\\/\\\/fuentesfidedignas.com.mx\\\/index.php\\\/2024\\\/02\\\/21\\\/bebes-con-sindrome-de-down-eran-enterrados-con-estatus-especial-en-la-edad-del-hierro\\\/\"},\"wordCount\":905,\"commentCount\":0,\"publisher\":{\"@id\":\"https:\\\/\\\/fuentesfidedignas.com.mx\\\/#organization\"},\"image\":{\"@id\":\"https:\\\/\\\/fuentesfidedignas.com.mx\\\/index.php\\\/2024\\\/02\\\/21\\\/bebes-con-sindrome-de-down-eran-enterrados-con-estatus-especial-en-la-edad-del-hierro\\\/#primaryimage\"},\"thumbnailUrl\":\"https:\\\/\\\/fuentesfidedignas.com.mx\\\/wp-content\\\/uploads\\\/2024\\\/02\\\/BB_SDDD.jpeg\",\"articleSection\":[\"LAS ASOMBROSAS\"],\"inLanguage\":\"es\",\"potentialAction\":[{\"@type\":\"CommentAction\",\"name\":\"Comment\",\"target\":[\"https:\\\/\\\/fuentesfidedignas.com.mx\\\/index.php\\\/2024\\\/02\\\/21\\\/bebes-con-sindrome-de-down-eran-enterrados-con-estatus-especial-en-la-edad-del-hierro\\\/#respond\"]}]},{\"@type\":\"WebPage\",\"@id\":\"https:\\\/\\\/fuentesfidedignas.com.mx\\\/index.php\\\/2024\\\/02\\\/21\\\/bebes-con-sindrome-de-down-eran-enterrados-con-estatus-especial-en-la-edad-del-hierro\\\/\",\"url\":\"https:\\\/\\\/fuentesfidedignas.com.mx\\\/index.php\\\/2024\\\/02\\\/21\\\/bebes-con-sindrome-de-down-eran-enterrados-con-estatus-especial-en-la-edad-del-hierro\\\/\",\"name\":\"Beb\u00e9s con s\u00edndrome de Down eran enterrados con estatus especial en la Edad del Hierro - Fuentes Fidedignas\",\"isPartOf\":{\"@id\":\"https:\\\/\\\/fuentesfidedignas.com.mx\\\/#website\"},\"primaryImageOfPage\":{\"@id\":\"https:\\\/\\\/fuentesfidedignas.com.mx\\\/index.php\\\/2024\\\/02\\\/21\\\/bebes-con-sindrome-de-down-eran-enterrados-con-estatus-especial-en-la-edad-del-hierro\\\/#primaryimage\"},\"image\":{\"@id\":\"https:\\\/\\\/fuentesfidedignas.com.mx\\\/index.php\\\/2024\\\/02\\\/21\\\/bebes-con-sindrome-de-down-eran-enterrados-con-estatus-especial-en-la-edad-del-hierro\\\/#primaryimage\"},\"thumbnailUrl\":\"https:\\\/\\\/fuentesfidedignas.com.mx\\\/wp-content\\\/uploads\\\/2024\\\/02\\\/BB_SDDD.jpeg\",\"datePublished\":\"2024-02-21T12:52:39+00:00\",\"breadcrumb\":{\"@id\":\"https:\\\/\\\/fuentesfidedignas.com.mx\\\/index.php\\\/2024\\\/02\\\/21\\\/bebes-con-sindrome-de-down-eran-enterrados-con-estatus-especial-en-la-edad-del-hierro\\\/#breadcrumb\"},\"inLanguage\":\"es\",\"potentialAction\":[{\"@type\":\"ReadAction\",\"target\":[\"https:\\\/\\\/fuentesfidedignas.com.mx\\\/index.php\\\/2024\\\/02\\\/21\\\/bebes-con-sindrome-de-down-eran-enterrados-con-estatus-especial-en-la-edad-del-hierro\\\/\"]}]},{\"@type\":\"ImageObject\",\"inLanguage\":\"es\",\"@id\":\"https:\\\/\\\/fuentesfidedignas.com.mx\\\/index.php\\\/2024\\\/02\\\/21\\\/bebes-con-sindrome-de-down-eran-enterrados-con-estatus-especial-en-la-edad-del-hierro\\\/#primaryimage\",\"url\":\"https:\\\/\\\/fuentesfidedignas.com.mx\\\/wp-content\\\/uploads\\\/2024\\\/02\\\/BB_SDDD.jpeg\",\"contentUrl\":\"https:\\\/\\\/fuentesfidedignas.com.mx\\\/wp-content\\\/uploads\\\/2024\\\/02\\\/BB_SDDD.jpeg\",\"width\":1366,\"height\":911},{\"@type\":\"BreadcrumbList\",\"@id\":\"https:\\\/\\\/fuentesfidedignas.com.mx\\\/index.php\\\/2024\\\/02\\\/21\\\/bebes-con-sindrome-de-down-eran-enterrados-con-estatus-especial-en-la-edad-del-hierro\\\/#breadcrumb\",\"itemListElement\":[{\"@type\":\"ListItem\",\"position\":1,\"name\":\"Inicio\",\"item\":\"https:\\\/\\\/fuentesfidedignas.com.mx\\\/\"},{\"@type\":\"ListItem\",\"position\":2,\"name\":\"Beb\u00e9s con s\u00edndrome de Down eran enterrados con estatus especial en la Edad del Hierro\"}]},{\"@type\":\"WebSite\",\"@id\":\"https:\\\/\\\/fuentesfidedignas.com.mx\\\/#website\",\"url\":\"https:\\\/\\\/fuentesfidedignas.com.mx\\\/\",\"name\":\"Fuentes Fidedignas\",\"description\":\"Otro sitio realizado con WordPress\",\"publisher\":{\"@id\":\"https:\\\/\\\/fuentesfidedignas.com.mx\\\/#organization\"},\"potentialAction\":[{\"@type\":\"SearchAction\",\"target\":{\"@type\":\"EntryPoint\",\"urlTemplate\":\"https:\\\/\\\/fuentesfidedignas.com.mx\\\/?s={search_term_string}\"},\"query-input\":{\"@type\":\"PropertyValueSpecification\",\"valueRequired\":true,\"valueName\":\"search_term_string\"}}],\"inLanguage\":\"es\"},{\"@type\":\"Organization\",\"@id\":\"https:\\\/\\\/fuentesfidedignas.com.mx\\\/#organization\",\"name\":\"Fuentes Fidedignas\",\"url\":\"https:\\\/\\\/fuentesfidedignas.com.mx\\\/\",\"logo\":{\"@type\":\"ImageObject\",\"inLanguage\":\"es\",\"@id\":\"https:\\\/\\\/fuentesfidedignas.com.mx\\\/#\\\/schema\\\/logo\\\/image\\\/\",\"url\":\"https:\\\/\\\/fuentesfidedignas.com.mx\\\/wp-content\\\/uploads\\\/2021\\\/04\\\/logo-retina.png\",\"contentUrl\":\"https:\\\/\\\/fuentesfidedignas.com.mx\\\/wp-content\\\/uploads\\\/2021\\\/04\\\/logo-retina.png\",\"width\":280,\"height\":51,\"caption\":\"Fuentes Fidedignas\"},\"image\":{\"@id\":\"https:\\\/\\\/fuentesfidedignas.com.mx\\\/#\\\/schema\\\/logo\\\/image\\\/\"},\"sameAs\":[\"https:\\\/\\\/www.facebook.com\\\/Fuentes-Fidedignas-368234489921644\",\"https:\\\/\\\/x.com\\\/fidedignas\"]},{\"@type\":\"Person\",\"@id\":\"https:\\\/\\\/fuentesfidedignas.com.mx\\\/#\\\/schema\\\/person\\\/67d852f0557c8509146a4b9ddebd543a\",\"name\":\"L\u00f3pez D\u00f3riga\",\"image\":{\"@type\":\"ImageObject\",\"inLanguage\":\"es\",\"@id\":\"https:\\\/\\\/secure.gravatar.com\\\/avatar\\\/e525b06574ca18b33cded59dfe5778d6c823b9513154eff47da551b0551bdd1e?s=96&d=mm&r=g\",\"url\":\"https:\\\/\\\/secure.gravatar.com\\\/avatar\\\/e525b06574ca18b33cded59dfe5778d6c823b9513154eff47da551b0551bdd1e?s=96&d=mm&r=g\",\"contentUrl\":\"https:\\\/\\\/secure.gravatar.com\\\/avatar\\\/e525b06574ca18b33cded59dfe5778d6c823b9513154eff47da551b0551bdd1e?s=96&d=mm&r=g\",\"caption\":\"L\u00f3pez D\u00f3riga\"},\"url\":\"https:\\\/\\\/fuentesfidedignas.com.mx\\\/index.php\\\/author\\\/doriga\\\/\"}]}<\/script>\n<!-- \/ Yoast SEO plugin. -->","yoast_head_json":{"title":"Beb\u00e9s con s\u00edndrome de Down eran enterrados con estatus especial en la Edad del Hierro - Fuentes Fidedignas","robots":{"index":"index","follow":"follow","max-snippet":"max-snippet:-1","max-image-preview":"max-image-preview:large","max-video-preview":"max-video-preview:-1"},"canonical":"https:\/\/fuentesfidedignas.com.mx\/index.php\/2024\/02\/21\/bebes-con-sindrome-de-down-eran-enterrados-con-estatus-especial-en-la-edad-del-hierro\/","og_locale":"es_MX","og_type":"article","og_title":"Beb\u00e9s con s\u00edndrome de Down eran enterrados con estatus especial en la Edad del Hierro - Fuentes Fidedignas","og_description":"Beb\u00e9s con s\u00edndrome de Down o de Edwards tuvieron el privilegio de ser enterrados en las casas durante la Edad del Hierro Durante la Edad del Hierro, las comunidades ib\u00e9ricas incineraban a sus muertos, pero algunos beb\u00e9s y prematuros eran enterrados en las casas. El ADN en yacimientos de Navarra (Espa\u00f1a) revela que tres de [&hellip;]","og_url":"https:\/\/fuentesfidedignas.com.mx\/index.php\/2024\/02\/21\/bebes-con-sindrome-de-down-eran-enterrados-con-estatus-especial-en-la-edad-del-hierro\/","og_site_name":"Fuentes Fidedignas","article_publisher":"https:\/\/www.facebook.com\/Fuentes-Fidedignas-368234489921644","article_published_time":"2024-02-21T12:52:39+00:00","og_image":[{"width":1366,"height":911,"url":"https:\/\/fuentesfidedignas.com.mx\/wp-content\/uploads\/2024\/02\/BB_SDDD.jpeg","type":"image\/jpeg"}],"author":"L\u00f3pez D\u00f3riga","twitter_card":"summary_large_image","twitter_creator":"@fidedignas","twitter_site":"@fidedignas","twitter_misc":{"Escrito por":"L\u00f3pez D\u00f3riga","Tiempo de lectura":"5 minutos"},"schema":{"@context":"https:\/\/schema.org","@graph":[{"@type":"Article","@id":"https:\/\/fuentesfidedignas.com.mx\/index.php\/2024\/02\/21\/bebes-con-sindrome-de-down-eran-enterrados-con-estatus-especial-en-la-edad-del-hierro\/#article","isPartOf":{"@id":"https:\/\/fuentesfidedignas.com.mx\/index.php\/2024\/02\/21\/bebes-con-sindrome-de-down-eran-enterrados-con-estatus-especial-en-la-edad-del-hierro\/"},"author":{"name":"L\u00f3pez D\u00f3riga","@id":"https:\/\/fuentesfidedignas.com.mx\/#\/schema\/person\/67d852f0557c8509146a4b9ddebd543a"},"headline":"Beb\u00e9s con s\u00edndrome de Down eran enterrados con estatus especial en la Edad del Hierro","datePublished":"2024-02-21T12:52:39+00:00","mainEntityOfPage":{"@id":"https:\/\/fuentesfidedignas.com.mx\/index.php\/2024\/02\/21\/bebes-con-sindrome-de-down-eran-enterrados-con-estatus-especial-en-la-edad-del-hierro\/"},"wordCount":905,"commentCount":0,"publisher":{"@id":"https:\/\/fuentesfidedignas.com.mx\/#organization"},"image":{"@id":"https:\/\/fuentesfidedignas.com.mx\/index.php\/2024\/02\/21\/bebes-con-sindrome-de-down-eran-enterrados-con-estatus-especial-en-la-edad-del-hierro\/#primaryimage"},"thumbnailUrl":"https:\/\/fuentesfidedignas.com.mx\/wp-content\/uploads\/2024\/02\/BB_SDDD.jpeg","articleSection":["LAS ASOMBROSAS"],"inLanguage":"es","potentialAction":[{"@type":"CommentAction","name":"Comment","target":["https:\/\/fuentesfidedignas.com.mx\/index.php\/2024\/02\/21\/bebes-con-sindrome-de-down-eran-enterrados-con-estatus-especial-en-la-edad-del-hierro\/#respond"]}]},{"@type":"WebPage","@id":"https:\/\/fuentesfidedignas.com.mx\/index.php\/2024\/02\/21\/bebes-con-sindrome-de-down-eran-enterrados-con-estatus-especial-en-la-edad-del-hierro\/","url":"https:\/\/fuentesfidedignas.com.mx\/index.php\/2024\/02\/21\/bebes-con-sindrome-de-down-eran-enterrados-con-estatus-especial-en-la-edad-del-hierro\/","name":"Beb\u00e9s con s\u00edndrome de Down eran enterrados con estatus especial en la Edad del Hierro - Fuentes Fidedignas","isPartOf":{"@id":"https:\/\/fuentesfidedignas.com.mx\/#website"},"primaryImageOfPage":{"@id":"https:\/\/fuentesfidedignas.com.mx\/index.php\/2024\/02\/21\/bebes-con-sindrome-de-down-eran-enterrados-con-estatus-especial-en-la-edad-del-hierro\/#primaryimage"},"image":{"@id":"https:\/\/fuentesfidedignas.com.mx\/index.php\/2024\/02\/21\/bebes-con-sindrome-de-down-eran-enterrados-con-estatus-especial-en-la-edad-del-hierro\/#primaryimage"},"thumbnailUrl":"https:\/\/fuentesfidedignas.com.mx\/wp-content\/uploads\/2024\/02\/BB_SDDD.jpeg","datePublished":"2024-02-21T12:52:39+00:00","breadcrumb":{"@id":"https:\/\/fuentesfidedignas.com.mx\/index.php\/2024\/02\/21\/bebes-con-sindrome-de-down-eran-enterrados-con-estatus-especial-en-la-edad-del-hierro\/#breadcrumb"},"inLanguage":"es","potentialAction":[{"@type":"ReadAction","target":["https:\/\/fuentesfidedignas.com.mx\/index.php\/2024\/02\/21\/bebes-con-sindrome-de-down-eran-enterrados-con-estatus-especial-en-la-edad-del-hierro\/"]}]},{"@type":"ImageObject","inLanguage":"es","@id":"https:\/\/fuentesfidedignas.com.mx\/index.php\/2024\/02\/21\/bebes-con-sindrome-de-down-eran-enterrados-con-estatus-especial-en-la-edad-del-hierro\/#primaryimage","url":"https:\/\/fuentesfidedignas.com.mx\/wp-content\/uploads\/2024\/02\/BB_SDDD.jpeg","contentUrl":"https:\/\/fuentesfidedignas.com.mx\/wp-content\/uploads\/2024\/02\/BB_SDDD.jpeg","width":1366,"height":911},{"@type":"BreadcrumbList","@id":"https:\/\/fuentesfidedignas.com.mx\/index.php\/2024\/02\/21\/bebes-con-sindrome-de-down-eran-enterrados-con-estatus-especial-en-la-edad-del-hierro\/#breadcrumb","itemListElement":[{"@type":"ListItem","position":1,"name":"Inicio","item":"https:\/\/fuentesfidedignas.com.mx\/"},{"@type":"ListItem","position":2,"name":"Beb\u00e9s con s\u00edndrome de Down eran enterrados con estatus especial en la Edad del Hierro"}]},{"@type":"WebSite","@id":"https:\/\/fuentesfidedignas.com.mx\/#website","url":"https:\/\/fuentesfidedignas.com.mx\/","name":"Fuentes Fidedignas","description":"Otro sitio realizado con WordPress","publisher":{"@id":"https:\/\/fuentesfidedignas.com.mx\/#organization"},"potentialAction":[{"@type":"SearchAction","target":{"@type":"EntryPoint","urlTemplate":"https:\/\/fuentesfidedignas.com.mx\/?s={search_term_string}"},"query-input":{"@type":"PropertyValueSpecification","valueRequired":true,"valueName":"search_term_string"}}],"inLanguage":"es"},{"@type":"Organization","@id":"https:\/\/fuentesfidedignas.com.mx\/#organization","name":"Fuentes Fidedignas","url":"https:\/\/fuentesfidedignas.com.mx\/","logo":{"@type":"ImageObject","inLanguage":"es","@id":"https:\/\/fuentesfidedignas.com.mx\/#\/schema\/logo\/image\/","url":"https:\/\/fuentesfidedignas.com.mx\/wp-content\/uploads\/2021\/04\/logo-retina.png","contentUrl":"https:\/\/fuentesfidedignas.com.mx\/wp-content\/uploads\/2021\/04\/logo-retina.png","width":280,"height":51,"caption":"Fuentes Fidedignas"},"image":{"@id":"https:\/\/fuentesfidedignas.com.mx\/#\/schema\/logo\/image\/"},"sameAs":["https:\/\/www.facebook.com\/Fuentes-Fidedignas-368234489921644","https:\/\/x.com\/fidedignas"]},{"@type":"Person","@id":"https:\/\/fuentesfidedignas.com.mx\/#\/schema\/person\/67d852f0557c8509146a4b9ddebd543a","name":"L\u00f3pez D\u00f3riga","image":{"@type":"ImageObject","inLanguage":"es","@id":"https:\/\/secure.gravatar.com\/avatar\/e525b06574ca18b33cded59dfe5778d6c823b9513154eff47da551b0551bdd1e?s=96&d=mm&r=g","url":"https:\/\/secure.gravatar.com\/avatar\/e525b06574ca18b33cded59dfe5778d6c823b9513154eff47da551b0551bdd1e?s=96&d=mm&r=g","contentUrl":"https:\/\/secure.gravatar.com\/avatar\/e525b06574ca18b33cded59dfe5778d6c823b9513154eff47da551b0551bdd1e?s=96&d=mm&r=g","caption":"L\u00f3pez D\u00f3riga"},"url":"https:\/\/fuentesfidedignas.com.mx\/index.php\/author\/doriga\/"}]}},"_links":{"self":[{"href":"https:\/\/fuentesfidedignas.com.mx\/index.php\/wp-json\/wp\/v2\/posts\/74574","targetHints":{"allow":["GET"]}}],"collection":[{"href":"https:\/\/fuentesfidedignas.com.mx\/index.php\/wp-json\/wp\/v2\/posts"}],"about":[{"href":"https:\/\/fuentesfidedignas.com.mx\/index.php\/wp-json\/wp\/v2\/types\/post"}],"author":[{"embeddable":true,"href":"https:\/\/fuentesfidedignas.com.mx\/index.php\/wp-json\/wp\/v2\/users\/47"}],"replies":[{"embeddable":true,"href":"https:\/\/fuentesfidedignas.com.mx\/index.php\/wp-json\/wp\/v2\/comments?post=74574"}],"version-history":[{"count":1,"href":"https:\/\/fuentesfidedignas.com.mx\/index.php\/wp-json\/wp\/v2\/posts\/74574\/revisions"}],"predecessor-version":[{"id":74577,"href":"https:\/\/fuentesfidedignas.com.mx\/index.php\/wp-json\/wp\/v2\/posts\/74574\/revisions\/74577"}],"wp:featuredmedia":[{"embeddable":true,"href":"https:\/\/fuentesfidedignas.com.mx\/index.php\/wp-json\/wp\/v2\/media\/74575"}],"wp:attachment":[{"href":"https:\/\/fuentesfidedignas.com.mx\/index.php\/wp-json\/wp\/v2\/media?parent=74574"}],"wp:term":[{"taxonomy":"category","embeddable":true,"href":"https:\/\/fuentesfidedignas.com.mx\/index.php\/wp-json\/wp\/v2\/categories?post=74574"},{"taxonomy":"post_tag","embeddable":true,"href":"https:\/\/fuentesfidedignas.com.mx\/index.php\/wp-json\/wp\/v2\/tags?post=74574"}],"curies":[{"name":"wp","href":"https:\/\/api.w.org\/{rel}","templated":true}]}}