{"id":74538,"date":"2024-02-20T11:51:49","date_gmt":"2024-02-20T18:51:49","guid":{"rendered":"https:\/\/fuentesfidedignas.com.mx\/?p=74538"},"modified":"2024-02-20T11:51:50","modified_gmt":"2024-02-20T18:51:50","slug":"xochitl-galvez-registra-ante-el-ine-su-candidatura-a-la-presidencia","status":"publish","type":"post","link":"https:\/\/fuentesfidedignas.com.mx\/index.php\/2024\/02\/20\/xochitl-galvez-registra-ante-el-ine-su-candidatura-a-la-presidencia\/","title":{"rendered":"X\u00f3chitl G\u00e1lvez registra ante el INE su candidatura a la Presidencia"},"content":{"rendered":"\n<p><strong><em>X\u00f3chitl G\u00e1lvez asisti\u00f3 a las instalaciones centrales del INE en la Ciudad de M\u00e9xico, para emitir su solicitud como candidata presidencial<\/em><\/strong><\/p>\n\n\n\n<p>Ciudad de M\u00e9xico. <strong><a href=\"https:\/\/twitter.com\/XochitlGalvez\" target=\"_blank\" rel=\"noreferrer noopener\">X\u00f3chitl G\u00e1lvez<\/a><\/strong>&nbsp;hizo&nbsp;<strong>oficial<\/strong>&nbsp;ante el Instituto Nacional Electoral (<strong>INE<\/strong>) su postulaci\u00f3n como&nbsp;<strong>candidata<\/strong>&nbsp;a la Presidencia para las&nbsp;<strong>elecciones de 2024<\/strong>&nbsp;por la coalici\u00f3n&nbsp;<strong>Fuerza y Coraz\u00f3n por M\u00e9xico<\/strong><\/p>\n\n\n\n<figure class=\"wp-block-embed is-type-video is-provider-youtube wp-block-embed-youtube wp-embed-aspect-16-9 wp-has-aspect-ratio\"><div class=\"wp-block-embed__wrapper\">\n<iframe loading=\"lazy\" title=\"Registro Candidatura de la Coalici\u00f3n Electoral &quot;Fuerza y Coraz\u00f3n por M\u00e9xico&quot;\" width=\"696\" height=\"392\" src=\"https:\/\/www.youtube.com\/embed\/Ptf0xNBuUF8?feature=oembed\" frameborder=\"0\" allow=\"accelerometer; autoplay; clipboard-write; encrypted-media; gyroscope; picture-in-picture; web-share\" allowfullscreen><\/iframe>\n<\/div><\/figure>\n\n\n\n<p>G\u00e1lvez Ruiz asisti\u00f3 este martes a las instalaciones centrales del INE en la colonia Arenal Tepepan, Alcald\u00eda Tlalpan de la Ciudad de M\u00e9xico, para emitir su solicitud como candidata presidencial.<\/p>\n\n\n\n<p>La candidata de la oposici\u00f3n lleg\u00f3 en bicicleta, siendo arropada de inmediato por liderazgos de los partidos Acci\u00f3n Nacional (PAN), Revolucionario Institucional (PRI) y de la Revoluci\u00f3n Democr\u00e1tica (PRD), integrantes de la coalici\u00f3n.<\/p>\n\n\n\n<p>Justo al iniciar su discurso, la ahora candidata del Frente Amplio por M\u00e9xico pidi\u00f3 un minuto de silencio en memoria de quien fuera exsecretario de Hacienda y Cr\u00e9dito P\u00fablico, Carlos Urz\u00faa, quien muri\u00f3 ayer a los 68 a\u00f1os de edad en su casa, v\u00edctima de un infarto fulminante al coraz\u00f3n.<\/p>\n\n\n\n<p>\u201cSu capacidad lo llev\u00f3 merecidamente a la Secretar\u00eda de Hacienda, pero su honestidad y apego a sus principios lo llev\u00f3 a dejar el cargo, a diferencia de quienes traicionan sus valores con tal de ejercer el poder\u201d, dijo.<\/p>\n\n\n\n<p><strong>Exige a AMLO que no se meta en el proceso electoral<\/strong><\/p>\n\n\n\n<p>X\u00f3chitl G\u00e1lvez le exigi\u00f3 al presidente Andr\u00e9s Manuel L\u00f3pez Obrador que no siga interviniendo en el actual proceso electoral, y le recalc\u00f3 que si es un dem\u00f3crata debe estar preparado para su derrota el pr\u00f3ximo domingo 2 de junio.<\/p>\n\n\n\n<blockquote class=\"wp-block-quote is-layout-flow wp-block-quote-is-layout-flow\">\n<p>\u201cSe\u00f1or presidente: le recuerdo que usted ya no estar\u00e1 en la boleta electoral, si usted es un dem\u00f3crata, debe estar preparado para su derrota. Por respeto a su candidata , por respeto a la democracia, por respeto al pueblo, \u00a1saque ya las manos de esta elecci\u00f3n&#8217;\u201d, declar\u00f3.<\/p>\n<\/blockquote>\n\n\n\n<p>\u201cLas fiscal\u00edas e instituciones de procuraci\u00f3n de justicia se est\u00e1n usando para perseguir y espiar a candidatos y l\u00edderes de la oposici\u00f3n, los programas sociales se est\u00e1n usando para amenazar y chantajear a millones de sus leg\u00edtimos beneficiarios, los canales de la televisi\u00f3n p\u00fablica se han convertido en elementos de propaganda como en los peores a\u00f1os del viejo presidencialismo\u201d, expuso.<\/p>\n\n\n\n<p>La candidata de Fuerza y Coraz\u00f3n por M\u00e9xico asever\u00f3 que el&nbsp;<strong>crimen organizado<\/strong>&nbsp;es la mayor amenaza a la soberan\u00eda del Estado mexicano, y apunt\u00f3 que 16 aspirantes de todos los partidos han sido asesinados en el actual proceso electoral.<\/p>\n\n\n\n<p>\u201cLa tolerancia con el crimen organizado ha derivado en una peligrosa advertencia de los magistrados del Tribunal Electoral, ellos han dicho que la violencia generalizada en la elecci\u00f3n puede derivar en la anulaci\u00f3n de los comicios. Hoy el crimen organizado controla vastos territorios del pa\u00eds, el Gobierno no debe permitir que ese control territorial trastoque la voluntad ciudadana que se expresar\u00e1 en las urnas el 2 de junio\u201d, afirm\u00f3.<\/p>\n\n\n\n<blockquote class=\"wp-block-quote is-layout-flow wp-block-quote-is-layout-flow\">\n<p>\u201cLa fuerza del narcotr\u00e1fico y al delincuencia es la mayor amenaza a la soberan\u00eda del estado mexicano y un riesgo inminente sobre el funcionamiento de nuestra democracia\u201d, recalc\u00f3.<\/p>\n<\/blockquote>\n\n\n\n<p>Tambi\u00e9n tuvo palabras para su adversaria, la candidata presidencial morenista&nbsp;<strong>Claudia Sheinbaum<\/strong>, a quien llam\u00f3 hip\u00f3crita, por criticar a quienes se manifestaron el pasado domingo en la denominada \u201cMarcha por nuestra democracia\u201d.<\/p>\n\n\n\n<p>\u201cLa se\u00f1ora Sheinbaum los llam\u00f3 falsos e hip\u00f3critas. No se puede usar un d\u00eda citar la enc\u00edclica del&nbsp;<strong>papa Francisco<\/strong>sobre la fraternidad humana y la semana siguiente apelar al rinc\u00f3n colectivo para avanzar un proceso electoral\u201d, expres\u00f3.<\/p>\n\n\n\n<blockquote class=\"wp-block-quote is-layout-flow wp-block-quote-is-layout-flow\">\n<p>Eso se\u00f1ora Sheinbaum, s\u00ed es una hipocres\u00eda, y una falta de respeto a las y los mexicanos que s\u00ed tomamos en serio las palabras del papa Francisco\u201d, subray\u00f3.<\/p>\n<\/blockquote>\n","protected":false},"excerpt":{"rendered":"<p>X\u00f3chitl G\u00e1lvez asisti\u00f3 a las instalaciones centrales del INE en la Ciudad de M\u00e9xico, para emitir su solicitud como candidata presidencial Ciudad de M\u00e9xico. X\u00f3chitl G\u00e1lvez&nbsp;hizo&nbsp;oficial&nbsp;ante el Instituto Nacional Electoral (INE) su postulaci\u00f3n como&nbsp;candidata&nbsp;a la Presidencia para las&nbsp;elecciones de 2024&nbsp;por la coalici\u00f3n&nbsp;Fuerza y Coraz\u00f3n por M\u00e9xico G\u00e1lvez Ruiz asisti\u00f3 este martes a las instalaciones centrales [&hellip;]<\/p>\n","protected":false},"author":47,"featured_media":74537,"comment_status":"open","ping_status":"open","sticky":false,"template":"","format":"standard","meta":{"tdm_status":"","tdm_grid_status":"","footnotes":""},"categories":[39],"tags":[],"class_list":{"0":"post-74538","1":"post","2":"type-post","3":"status-publish","4":"format-standard","5":"has-post-thumbnail","7":"category-noticias-nacionales"},"yoast_head":"<!-- This site is optimized with the Yoast SEO plugin v27.5 - https:\/\/yoast.com\/product\/yoast-seo-wordpress\/ -->\n<title>X\u00f3chitl G\u00e1lvez registra ante el INE su candidatura a la Presidencia - Fuentes Fidedignas<\/title>\n<meta name=\"robots\" content=\"index, follow, max-snippet:-1, max-image-preview:large, max-video-preview:-1\" \/>\n<link rel=\"canonical\" href=\"https:\/\/fuentesfidedignas.com.mx\/index.php\/2024\/02\/20\/xochitl-galvez-registra-ante-el-ine-su-candidatura-a-la-presidencia\/\" \/>\n<meta property=\"og:locale\" content=\"es_MX\" \/>\n<meta property=\"og:type\" content=\"article\" \/>\n<meta property=\"og:title\" content=\"X\u00f3chitl G\u00e1lvez registra ante el INE su candidatura a la Presidencia - Fuentes Fidedignas\" \/>\n<meta property=\"og:description\" content=\"X\u00f3chitl G\u00e1lvez asisti\u00f3 a las instalaciones centrales del INE en la Ciudad de M\u00e9xico, para emitir su solicitud como candidata presidencial Ciudad de M\u00e9xico. X\u00f3chitl G\u00e1lvez&nbsp;hizo&nbsp;oficial&nbsp;ante el Instituto Nacional Electoral (INE) su postulaci\u00f3n como&nbsp;candidata&nbsp;a la Presidencia para las&nbsp;elecciones de 2024&nbsp;por la coalici\u00f3n&nbsp;Fuerza y Coraz\u00f3n por M\u00e9xico G\u00e1lvez Ruiz asisti\u00f3 este martes a las instalaciones centrales [&hellip;]\" \/>\n<meta property=\"og:url\" content=\"https:\/\/fuentesfidedignas.com.mx\/index.php\/2024\/02\/20\/xochitl-galvez-registra-ante-el-ine-su-candidatura-a-la-presidencia\/\" \/>\n<meta property=\"og:site_name\" content=\"Fuentes Fidedignas\" \/>\n<meta property=\"article:publisher\" content=\"https:\/\/www.facebook.com\/Fuentes-Fidedignas-368234489921644\" \/>\n<meta property=\"article:published_time\" content=\"2024-02-20T18:51:49+00:00\" \/>\n<meta property=\"article:modified_time\" content=\"2024-02-20T18:51:50+00:00\" \/>\n<meta property=\"og:image\" content=\"https:\/\/fuentesfidedignas.com.mx\/wp-content\/uploads\/2024\/02\/img_1572-1.jpg\" \/>\n\t<meta property=\"og:image:width\" content=\"1536\" \/>\n\t<meta property=\"og:image:height\" content=\"1024\" \/>\n\t<meta property=\"og:image:type\" content=\"image\/jpeg\" \/>\n<meta name=\"author\" content=\"L\u00f3pez D\u00f3riga\" \/>\n<meta name=\"twitter:card\" content=\"summary_large_image\" \/>\n<meta name=\"twitter:creator\" content=\"@fidedignas\" \/>\n<meta name=\"twitter:site\" content=\"@fidedignas\" \/>\n<meta name=\"twitter:label1\" content=\"Escrito por\" \/>\n\t<meta name=\"twitter:data1\" content=\"L\u00f3pez D\u00f3riga\" \/>\n\t<meta name=\"twitter:label2\" content=\"Tiempo de lectura\" \/>\n\t<meta name=\"twitter:data2\" content=\"3 minutos\" \/>\n<script type=\"application\/ld+json\" class=\"yoast-schema-graph\">{\"@context\":\"https:\\\/\\\/schema.org\",\"@graph\":[{\"@type\":\"Article\",\"@id\":\"https:\\\/\\\/fuentesfidedignas.com.mx\\\/index.php\\\/2024\\\/02\\\/20\\\/xochitl-galvez-registra-ante-el-ine-su-candidatura-a-la-presidencia\\\/#article\",\"isPartOf\":{\"@id\":\"https:\\\/\\\/fuentesfidedignas.com.mx\\\/index.php\\\/2024\\\/02\\\/20\\\/xochitl-galvez-registra-ante-el-ine-su-candidatura-a-la-presidencia\\\/\"},\"author\":{\"name\":\"L\u00f3pez D\u00f3riga\",\"@id\":\"https:\\\/\\\/fuentesfidedignas.com.mx\\\/#\\\/schema\\\/person\\\/67d852f0557c8509146a4b9ddebd543a\"},\"headline\":\"X\u00f3chitl G\u00e1lvez registra ante el INE su candidatura a la Presidencia\",\"datePublished\":\"2024-02-20T18:51:49+00:00\",\"dateModified\":\"2024-02-20T18:51:50+00:00\",\"mainEntityOfPage\":{\"@id\":\"https:\\\/\\\/fuentesfidedignas.com.mx\\\/index.php\\\/2024\\\/02\\\/20\\\/xochitl-galvez-registra-ante-el-ine-su-candidatura-a-la-presidencia\\\/\"},\"wordCount\":682,\"commentCount\":0,\"publisher\":{\"@id\":\"https:\\\/\\\/fuentesfidedignas.com.mx\\\/#organization\"},\"image\":{\"@id\":\"https:\\\/\\\/fuentesfidedignas.com.mx\\\/index.php\\\/2024\\\/02\\\/20\\\/xochitl-galvez-registra-ante-el-ine-su-candidatura-a-la-presidencia\\\/#primaryimage\"},\"thumbnailUrl\":\"https:\\\/\\\/fuentesfidedignas.com.mx\\\/wp-content\\\/uploads\\\/2024\\\/02\\\/img_1572-1.jpg\",\"articleSection\":[\"NOTICIAS NACIONALES\"],\"inLanguage\":\"es\",\"potentialAction\":[{\"@type\":\"CommentAction\",\"name\":\"Comment\",\"target\":[\"https:\\\/\\\/fuentesfidedignas.com.mx\\\/index.php\\\/2024\\\/02\\\/20\\\/xochitl-galvez-registra-ante-el-ine-su-candidatura-a-la-presidencia\\\/#respond\"]}]},{\"@type\":\"WebPage\",\"@id\":\"https:\\\/\\\/fuentesfidedignas.com.mx\\\/index.php\\\/2024\\\/02\\\/20\\\/xochitl-galvez-registra-ante-el-ine-su-candidatura-a-la-presidencia\\\/\",\"url\":\"https:\\\/\\\/fuentesfidedignas.com.mx\\\/index.php\\\/2024\\\/02\\\/20\\\/xochitl-galvez-registra-ante-el-ine-su-candidatura-a-la-presidencia\\\/\",\"name\":\"X\u00f3chitl G\u00e1lvez registra ante el INE su candidatura a la Presidencia - Fuentes Fidedignas\",\"isPartOf\":{\"@id\":\"https:\\\/\\\/fuentesfidedignas.com.mx\\\/#website\"},\"primaryImageOfPage\":{\"@id\":\"https:\\\/\\\/fuentesfidedignas.com.mx\\\/index.php\\\/2024\\\/02\\\/20\\\/xochitl-galvez-registra-ante-el-ine-su-candidatura-a-la-presidencia\\\/#primaryimage\"},\"image\":{\"@id\":\"https:\\\/\\\/fuentesfidedignas.com.mx\\\/index.php\\\/2024\\\/02\\\/20\\\/xochitl-galvez-registra-ante-el-ine-su-candidatura-a-la-presidencia\\\/#primaryimage\"},\"thumbnailUrl\":\"https:\\\/\\\/fuentesfidedignas.com.mx\\\/wp-content\\\/uploads\\\/2024\\\/02\\\/img_1572-1.jpg\",\"datePublished\":\"2024-02-20T18:51:49+00:00\",\"dateModified\":\"2024-02-20T18:51:50+00:00\",\"breadcrumb\":{\"@id\":\"https:\\\/\\\/fuentesfidedignas.com.mx\\\/index.php\\\/2024\\\/02\\\/20\\\/xochitl-galvez-registra-ante-el-ine-su-candidatura-a-la-presidencia\\\/#breadcrumb\"},\"inLanguage\":\"es\",\"potentialAction\":[{\"@type\":\"ReadAction\",\"target\":[\"https:\\\/\\\/fuentesfidedignas.com.mx\\\/index.php\\\/2024\\\/02\\\/20\\\/xochitl-galvez-registra-ante-el-ine-su-candidatura-a-la-presidencia\\\/\"]}]},{\"@type\":\"ImageObject\",\"inLanguage\":\"es\",\"@id\":\"https:\\\/\\\/fuentesfidedignas.com.mx\\\/index.php\\\/2024\\\/02\\\/20\\\/xochitl-galvez-registra-ante-el-ine-su-candidatura-a-la-presidencia\\\/#primaryimage\",\"url\":\"https:\\\/\\\/fuentesfidedignas.com.mx\\\/wp-content\\\/uploads\\\/2024\\\/02\\\/img_1572-1.jpg\",\"contentUrl\":\"https:\\\/\\\/fuentesfidedignas.com.mx\\\/wp-content\\\/uploads\\\/2024\\\/02\\\/img_1572-1.jpg\",\"width\":1536,\"height\":1024},{\"@type\":\"BreadcrumbList\",\"@id\":\"https:\\\/\\\/fuentesfidedignas.com.mx\\\/index.php\\\/2024\\\/02\\\/20\\\/xochitl-galvez-registra-ante-el-ine-su-candidatura-a-la-presidencia\\\/#breadcrumb\",\"itemListElement\":[{\"@type\":\"ListItem\",\"position\":1,\"name\":\"Inicio\",\"item\":\"https:\\\/\\\/fuentesfidedignas.com.mx\\\/\"},{\"@type\":\"ListItem\",\"position\":2,\"name\":\"X\u00f3chitl G\u00e1lvez registra ante el INE su candidatura a la Presidencia\"}]},{\"@type\":\"WebSite\",\"@id\":\"https:\\\/\\\/fuentesfidedignas.com.mx\\\/#website\",\"url\":\"https:\\\/\\\/fuentesfidedignas.com.mx\\\/\",\"name\":\"Fuentes Fidedignas\",\"description\":\"Otro sitio realizado con WordPress\",\"publisher\":{\"@id\":\"https:\\\/\\\/fuentesfidedignas.com.mx\\\/#organization\"},\"potentialAction\":[{\"@type\":\"SearchAction\",\"target\":{\"@type\":\"EntryPoint\",\"urlTemplate\":\"https:\\\/\\\/fuentesfidedignas.com.mx\\\/?s={search_term_string}\"},\"query-input\":{\"@type\":\"PropertyValueSpecification\",\"valueRequired\":true,\"valueName\":\"search_term_string\"}}],\"inLanguage\":\"es\"},{\"@type\":\"Organization\",\"@id\":\"https:\\\/\\\/fuentesfidedignas.com.mx\\\/#organization\",\"name\":\"Fuentes Fidedignas\",\"url\":\"https:\\\/\\\/fuentesfidedignas.com.mx\\\/\",\"logo\":{\"@type\":\"ImageObject\",\"inLanguage\":\"es\",\"@id\":\"https:\\\/\\\/fuentesfidedignas.com.mx\\\/#\\\/schema\\\/logo\\\/image\\\/\",\"url\":\"https:\\\/\\\/fuentesfidedignas.com.mx\\\/wp-content\\\/uploads\\\/2021\\\/04\\\/logo-retina.png\",\"contentUrl\":\"https:\\\/\\\/fuentesfidedignas.com.mx\\\/wp-content\\\/uploads\\\/2021\\\/04\\\/logo-retina.png\",\"width\":280,\"height\":51,\"caption\":\"Fuentes Fidedignas\"},\"image\":{\"@id\":\"https:\\\/\\\/fuentesfidedignas.com.mx\\\/#\\\/schema\\\/logo\\\/image\\\/\"},\"sameAs\":[\"https:\\\/\\\/www.facebook.com\\\/Fuentes-Fidedignas-368234489921644\",\"https:\\\/\\\/x.com\\\/fidedignas\"]},{\"@type\":\"Person\",\"@id\":\"https:\\\/\\\/fuentesfidedignas.com.mx\\\/#\\\/schema\\\/person\\\/67d852f0557c8509146a4b9ddebd543a\",\"name\":\"L\u00f3pez D\u00f3riga\",\"image\":{\"@type\":\"ImageObject\",\"inLanguage\":\"es\",\"@id\":\"https:\\\/\\\/secure.gravatar.com\\\/avatar\\\/e525b06574ca18b33cded59dfe5778d6c823b9513154eff47da551b0551bdd1e?s=96&d=mm&r=g\",\"url\":\"https:\\\/\\\/secure.gravatar.com\\\/avatar\\\/e525b06574ca18b33cded59dfe5778d6c823b9513154eff47da551b0551bdd1e?s=96&d=mm&r=g\",\"contentUrl\":\"https:\\\/\\\/secure.gravatar.com\\\/avatar\\\/e525b06574ca18b33cded59dfe5778d6c823b9513154eff47da551b0551bdd1e?s=96&d=mm&r=g\",\"caption\":\"L\u00f3pez D\u00f3riga\"},\"url\":\"https:\\\/\\\/fuentesfidedignas.com.mx\\\/index.php\\\/author\\\/doriga\\\/\"}]}<\/script>\n<!-- \/ Yoast SEO plugin. -->","yoast_head_json":{"title":"X\u00f3chitl G\u00e1lvez registra ante el INE su candidatura a la Presidencia - Fuentes Fidedignas","robots":{"index":"index","follow":"follow","max-snippet":"max-snippet:-1","max-image-preview":"max-image-preview:large","max-video-preview":"max-video-preview:-1"},"canonical":"https:\/\/fuentesfidedignas.com.mx\/index.php\/2024\/02\/20\/xochitl-galvez-registra-ante-el-ine-su-candidatura-a-la-presidencia\/","og_locale":"es_MX","og_type":"article","og_title":"X\u00f3chitl G\u00e1lvez registra ante el INE su candidatura a la Presidencia - Fuentes Fidedignas","og_description":"X\u00f3chitl G\u00e1lvez asisti\u00f3 a las instalaciones centrales del INE en la Ciudad de M\u00e9xico, para emitir su solicitud como candidata presidencial Ciudad de M\u00e9xico. X\u00f3chitl G\u00e1lvez&nbsp;hizo&nbsp;oficial&nbsp;ante el Instituto Nacional Electoral (INE) su postulaci\u00f3n como&nbsp;candidata&nbsp;a la Presidencia para las&nbsp;elecciones de 2024&nbsp;por la coalici\u00f3n&nbsp;Fuerza y Coraz\u00f3n por M\u00e9xico G\u00e1lvez Ruiz asisti\u00f3 este martes a las instalaciones centrales [&hellip;]","og_url":"https:\/\/fuentesfidedignas.com.mx\/index.php\/2024\/02\/20\/xochitl-galvez-registra-ante-el-ine-su-candidatura-a-la-presidencia\/","og_site_name":"Fuentes Fidedignas","article_publisher":"https:\/\/www.facebook.com\/Fuentes-Fidedignas-368234489921644","article_published_time":"2024-02-20T18:51:49+00:00","article_modified_time":"2024-02-20T18:51:50+00:00","og_image":[{"width":1536,"height":1024,"url":"https:\/\/fuentesfidedignas.com.mx\/wp-content\/uploads\/2024\/02\/img_1572-1.jpg","type":"image\/jpeg"}],"author":"L\u00f3pez D\u00f3riga","twitter_card":"summary_large_image","twitter_creator":"@fidedignas","twitter_site":"@fidedignas","twitter_misc":{"Escrito por":"L\u00f3pez D\u00f3riga","Tiempo de lectura":"3 minutos"},"schema":{"@context":"https:\/\/schema.org","@graph":[{"@type":"Article","@id":"https:\/\/fuentesfidedignas.com.mx\/index.php\/2024\/02\/20\/xochitl-galvez-registra-ante-el-ine-su-candidatura-a-la-presidencia\/#article","isPartOf":{"@id":"https:\/\/fuentesfidedignas.com.mx\/index.php\/2024\/02\/20\/xochitl-galvez-registra-ante-el-ine-su-candidatura-a-la-presidencia\/"},"author":{"name":"L\u00f3pez D\u00f3riga","@id":"https:\/\/fuentesfidedignas.com.mx\/#\/schema\/person\/67d852f0557c8509146a4b9ddebd543a"},"headline":"X\u00f3chitl G\u00e1lvez registra ante el INE su candidatura a la Presidencia","datePublished":"2024-02-20T18:51:49+00:00","dateModified":"2024-02-20T18:51:50+00:00","mainEntityOfPage":{"@id":"https:\/\/fuentesfidedignas.com.mx\/index.php\/2024\/02\/20\/xochitl-galvez-registra-ante-el-ine-su-candidatura-a-la-presidencia\/"},"wordCount":682,"commentCount":0,"publisher":{"@id":"https:\/\/fuentesfidedignas.com.mx\/#organization"},"image":{"@id":"https:\/\/fuentesfidedignas.com.mx\/index.php\/2024\/02\/20\/xochitl-galvez-registra-ante-el-ine-su-candidatura-a-la-presidencia\/#primaryimage"},"thumbnailUrl":"https:\/\/fuentesfidedignas.com.mx\/wp-content\/uploads\/2024\/02\/img_1572-1.jpg","articleSection":["NOTICIAS NACIONALES"],"inLanguage":"es","potentialAction":[{"@type":"CommentAction","name":"Comment","target":["https:\/\/fuentesfidedignas.com.mx\/index.php\/2024\/02\/20\/xochitl-galvez-registra-ante-el-ine-su-candidatura-a-la-presidencia\/#respond"]}]},{"@type":"WebPage","@id":"https:\/\/fuentesfidedignas.com.mx\/index.php\/2024\/02\/20\/xochitl-galvez-registra-ante-el-ine-su-candidatura-a-la-presidencia\/","url":"https:\/\/fuentesfidedignas.com.mx\/index.php\/2024\/02\/20\/xochitl-galvez-registra-ante-el-ine-su-candidatura-a-la-presidencia\/","name":"X\u00f3chitl G\u00e1lvez registra ante el INE su candidatura a la Presidencia - Fuentes Fidedignas","isPartOf":{"@id":"https:\/\/fuentesfidedignas.com.mx\/#website"},"primaryImageOfPage":{"@id":"https:\/\/fuentesfidedignas.com.mx\/index.php\/2024\/02\/20\/xochitl-galvez-registra-ante-el-ine-su-candidatura-a-la-presidencia\/#primaryimage"},"image":{"@id":"https:\/\/fuentesfidedignas.com.mx\/index.php\/2024\/02\/20\/xochitl-galvez-registra-ante-el-ine-su-candidatura-a-la-presidencia\/#primaryimage"},"thumbnailUrl":"https:\/\/fuentesfidedignas.com.mx\/wp-content\/uploads\/2024\/02\/img_1572-1.jpg","datePublished":"2024-02-20T18:51:49+00:00","dateModified":"2024-02-20T18:51:50+00:00","breadcrumb":{"@id":"https:\/\/fuentesfidedignas.com.mx\/index.php\/2024\/02\/20\/xochitl-galvez-registra-ante-el-ine-su-candidatura-a-la-presidencia\/#breadcrumb"},"inLanguage":"es","potentialAction":[{"@type":"ReadAction","target":["https:\/\/fuentesfidedignas.com.mx\/index.php\/2024\/02\/20\/xochitl-galvez-registra-ante-el-ine-su-candidatura-a-la-presidencia\/"]}]},{"@type":"ImageObject","inLanguage":"es","@id":"https:\/\/fuentesfidedignas.com.mx\/index.php\/2024\/02\/20\/xochitl-galvez-registra-ante-el-ine-su-candidatura-a-la-presidencia\/#primaryimage","url":"https:\/\/fuentesfidedignas.com.mx\/wp-content\/uploads\/2024\/02\/img_1572-1.jpg","contentUrl":"https:\/\/fuentesfidedignas.com.mx\/wp-content\/uploads\/2024\/02\/img_1572-1.jpg","width":1536,"height":1024},{"@type":"BreadcrumbList","@id":"https:\/\/fuentesfidedignas.com.mx\/index.php\/2024\/02\/20\/xochitl-galvez-registra-ante-el-ine-su-candidatura-a-la-presidencia\/#breadcrumb","itemListElement":[{"@type":"ListItem","position":1,"name":"Inicio","item":"https:\/\/fuentesfidedignas.com.mx\/"},{"@type":"ListItem","position":2,"name":"X\u00f3chitl G\u00e1lvez registra ante el INE su candidatura a la Presidencia"}]},{"@type":"WebSite","@id":"https:\/\/fuentesfidedignas.com.mx\/#website","url":"https:\/\/fuentesfidedignas.com.mx\/","name":"Fuentes Fidedignas","description":"Otro sitio realizado con WordPress","publisher":{"@id":"https:\/\/fuentesfidedignas.com.mx\/#organization"},"potentialAction":[{"@type":"SearchAction","target":{"@type":"EntryPoint","urlTemplate":"https:\/\/fuentesfidedignas.com.mx\/?s={search_term_string}"},"query-input":{"@type":"PropertyValueSpecification","valueRequired":true,"valueName":"search_term_string"}}],"inLanguage":"es"},{"@type":"Organization","@id":"https:\/\/fuentesfidedignas.com.mx\/#organization","name":"Fuentes Fidedignas","url":"https:\/\/fuentesfidedignas.com.mx\/","logo":{"@type":"ImageObject","inLanguage":"es","@id":"https:\/\/fuentesfidedignas.com.mx\/#\/schema\/logo\/image\/","url":"https:\/\/fuentesfidedignas.com.mx\/wp-content\/uploads\/2021\/04\/logo-retina.png","contentUrl":"https:\/\/fuentesfidedignas.com.mx\/wp-content\/uploads\/2021\/04\/logo-retina.png","width":280,"height":51,"caption":"Fuentes Fidedignas"},"image":{"@id":"https:\/\/fuentesfidedignas.com.mx\/#\/schema\/logo\/image\/"},"sameAs":["https:\/\/www.facebook.com\/Fuentes-Fidedignas-368234489921644","https:\/\/x.com\/fidedignas"]},{"@type":"Person","@id":"https:\/\/fuentesfidedignas.com.mx\/#\/schema\/person\/67d852f0557c8509146a4b9ddebd543a","name":"L\u00f3pez D\u00f3riga","image":{"@type":"ImageObject","inLanguage":"es","@id":"https:\/\/secure.gravatar.com\/avatar\/e525b06574ca18b33cded59dfe5778d6c823b9513154eff47da551b0551bdd1e?s=96&d=mm&r=g","url":"https:\/\/secure.gravatar.com\/avatar\/e525b06574ca18b33cded59dfe5778d6c823b9513154eff47da551b0551bdd1e?s=96&d=mm&r=g","contentUrl":"https:\/\/secure.gravatar.com\/avatar\/e525b06574ca18b33cded59dfe5778d6c823b9513154eff47da551b0551bdd1e?s=96&d=mm&r=g","caption":"L\u00f3pez D\u00f3riga"},"url":"https:\/\/fuentesfidedignas.com.mx\/index.php\/author\/doriga\/"}]}},"_links":{"self":[{"href":"https:\/\/fuentesfidedignas.com.mx\/index.php\/wp-json\/wp\/v2\/posts\/74538","targetHints":{"allow":["GET"]}}],"collection":[{"href":"https:\/\/fuentesfidedignas.com.mx\/index.php\/wp-json\/wp\/v2\/posts"}],"about":[{"href":"https:\/\/fuentesfidedignas.com.mx\/index.php\/wp-json\/wp\/v2\/types\/post"}],"author":[{"embeddable":true,"href":"https:\/\/fuentesfidedignas.com.mx\/index.php\/wp-json\/wp\/v2\/users\/47"}],"replies":[{"embeddable":true,"href":"https:\/\/fuentesfidedignas.com.mx\/index.php\/wp-json\/wp\/v2\/comments?post=74538"}],"version-history":[{"count":1,"href":"https:\/\/fuentesfidedignas.com.mx\/index.php\/wp-json\/wp\/v2\/posts\/74538\/revisions"}],"predecessor-version":[{"id":74539,"href":"https:\/\/fuentesfidedignas.com.mx\/index.php\/wp-json\/wp\/v2\/posts\/74538\/revisions\/74539"}],"wp:featuredmedia":[{"embeddable":true,"href":"https:\/\/fuentesfidedignas.com.mx\/index.php\/wp-json\/wp\/v2\/media\/74537"}],"wp:attachment":[{"href":"https:\/\/fuentesfidedignas.com.mx\/index.php\/wp-json\/wp\/v2\/media?parent=74538"}],"wp:term":[{"taxonomy":"category","embeddable":true,"href":"https:\/\/fuentesfidedignas.com.mx\/index.php\/wp-json\/wp\/v2\/categories?post=74538"},{"taxonomy":"post_tag","embeddable":true,"href":"https:\/\/fuentesfidedignas.com.mx\/index.php\/wp-json\/wp\/v2\/tags?post=74538"}],"curies":[{"name":"wp","href":"https:\/\/api.w.org\/{rel}","templated":true}]}}