{"id":74391,"date":"2024-02-19T06:19:41","date_gmt":"2024-02-19T13:19:41","guid":{"rendered":"https:\/\/fuentesfidedignas.com.mx\/?p=74391"},"modified":"2024-02-19T07:19:56","modified_gmt":"2024-02-19T14:19:56","slug":"enfrentamiento-en-tamaulipas-deja-12-delincuentes-abatidos","status":"publish","type":"post","link":"https:\/\/fuentesfidedignas.com.mx\/index.php\/2024\/02\/19\/enfrentamiento-en-tamaulipas-deja-12-delincuentes-abatidos\/","title":{"rendered":"Enfrentamiento en Tamaulipas deja 12 delincuentes abatidos"},"content":{"rendered":"\n<p><strong><em>Militares fueron agredidos por civiles armados la tarde del domingo en el municipio de Miguel Alem\u00e1n, en Tamaulipas<\/em><\/strong><\/p>\n\n\n\n<p>Doce presuntos delincuentes fueron abatidos este domingo por elementos de la Secretar\u00eda de la Defensa Nacional (Sedena) en Tamaulipas.<\/p>\n\n\n\n<blockquote class=\"twitter-tweet\"><p lang=\"es\" dir=\"ltr\"><a href=\"https:\/\/twitter.com\/hashtag\/Vocer%C3%ADaInforma?src=hash&amp;ref_src=twsrc%5Etfw\">#Vocer\u00edaInforma<\/a><br><br>Tras agresi\u00f3n por parte de civiles armados a elementos de la SEDENA en la colonia Loma Linda en <a href=\"https:\/\/twitter.com\/hashtag\/MiguelAlem%C3%A1n?src=hash&amp;ref_src=twsrc%5Etfw\">#MiguelAlem\u00e1n<\/a>, se registraron 12 agresores reducidos, el aseguramiento de 12 armas largas, cartuchos y cargadores de diversos calibres. <a href=\"https:\/\/t.co\/pljIAlUZRX\">pic.twitter.com\/pljIAlUZRX<\/a><\/p>&mdash; Vocer\u00eda de Seguridad Tamaulipas (@VoceriaSegTamps) <a href=\"https:\/\/twitter.com\/VoceriaSegTamps\/status\/1759414087392584031?ref_src=twsrc%5Etfw\">February 19, 2024<\/a><\/blockquote> <script async src=\"https:\/\/platform.twitter.com\/widgets.js\" charset=\"utf-8\"><\/script>\n\n\n\n<p>Por medio de un comunicado difundido en redes sociales, la Vocer\u00eda de Seguridad Tamaulipas indic\u00f3 que el enfrentamiento ocurri\u00f3 en la colonia Loma Linda, en el municipio de Miguel Alem\u00e1n.<\/p>\n\n\n\n<p>\u201cElementos de la Sedena fueron agredidos por civiles armados que se encontraban ocultos entre la maleza\u201d, expuso.<\/p>\n\n\n\n<p>Seg\u00fan la informaci\u00f3n de la autoridad en Tamaulipas, en el enfrentamiento murieron 12 presuntos sicarios.<\/p>\n\n\n\n<p>Adem\u00e1s, en el comunicado se apunt\u00f3 que tambi\u00e9n fueron aseguradas un total de 12 armas largas, cartuchos y cargadores de diversos calibres.<\/p>\n","protected":false},"excerpt":{"rendered":"<p>Militares fueron agredidos por civiles armados la tarde del domingo en el municipio de Miguel Alem\u00e1n, en Tamaulipas Doce presuntos delincuentes fueron abatidos este domingo por elementos de la Secretar\u00eda de la Defensa Nacional (Sedena) en Tamaulipas. #Vocer\u00edaInforma Tras agresi\u00f3n por parte de civiles armados a elementos de la SEDENA en la colonia Loma Linda [&hellip;]<\/p>\n","protected":false},"author":47,"featured_media":71115,"comment_status":"open","ping_status":"open","sticky":false,"template":"","format":"standard","meta":{"tdm_status":"","tdm_grid_status":"","footnotes":""},"categories":[39],"tags":[],"class_list":{"0":"post-74391","1":"post","2":"type-post","3":"status-publish","4":"format-standard","5":"has-post-thumbnail","7":"category-noticias-nacionales"},"yoast_head":"<!-- This site is optimized with the Yoast SEO plugin v27.5 - https:\/\/yoast.com\/product\/yoast-seo-wordpress\/ -->\n<title>Enfrentamiento en Tamaulipas deja 12 delincuentes abatidos - Fuentes Fidedignas<\/title>\n<meta name=\"robots\" content=\"index, follow, max-snippet:-1, max-image-preview:large, max-video-preview:-1\" \/>\n<link rel=\"canonical\" href=\"https:\/\/fuentesfidedignas.com.mx\/index.php\/2024\/02\/19\/enfrentamiento-en-tamaulipas-deja-12-delincuentes-abatidos\/\" \/>\n<meta property=\"og:locale\" content=\"es_MX\" \/>\n<meta property=\"og:type\" content=\"article\" \/>\n<meta property=\"og:title\" content=\"Enfrentamiento en Tamaulipas deja 12 delincuentes abatidos - Fuentes Fidedignas\" \/>\n<meta property=\"og:description\" content=\"Militares fueron agredidos por civiles armados la tarde del domingo en el municipio de Miguel Alem\u00e1n, en Tamaulipas Doce presuntos delincuentes fueron abatidos este domingo por elementos de la Secretar\u00eda de la Defensa Nacional (Sedena) en Tamaulipas. #Vocer\u00edaInforma Tras agresi\u00f3n por parte de civiles armados a elementos de la SEDENA en la colonia Loma Linda [&hellip;]\" \/>\n<meta property=\"og:url\" content=\"https:\/\/fuentesfidedignas.com.mx\/index.php\/2024\/02\/19\/enfrentamiento-en-tamaulipas-deja-12-delincuentes-abatidos\/\" \/>\n<meta property=\"og:site_name\" content=\"Fuentes Fidedignas\" \/>\n<meta property=\"article:publisher\" content=\"https:\/\/www.facebook.com\/Fuentes-Fidedignas-368234489921644\" \/>\n<meta property=\"article:published_time\" content=\"2024-02-19T13:19:41+00:00\" \/>\n<meta property=\"article:modified_time\" content=\"2024-02-19T14:19:56+00:00\" \/>\n<meta property=\"og:image\" content=\"https:\/\/fuentesfidedignas.com.mx\/wp-content\/uploads\/2024\/01\/BALAS_CASQUILLOS.jpg\" \/>\n\t<meta property=\"og:image:width\" content=\"1000\" \/>\n\t<meta property=\"og:image:height\" content=\"520\" \/>\n\t<meta property=\"og:image:type\" content=\"image\/jpeg\" \/>\n<meta name=\"author\" content=\"L\u00f3pez D\u00f3riga\" \/>\n<meta name=\"twitter:card\" content=\"summary_large_image\" \/>\n<meta name=\"twitter:creator\" content=\"@fidedignas\" \/>\n<meta name=\"twitter:site\" content=\"@fidedignas\" \/>\n<meta name=\"twitter:label1\" content=\"Escrito por\" \/>\n\t<meta name=\"twitter:data1\" content=\"L\u00f3pez D\u00f3riga\" \/>\n\t<meta name=\"twitter:label2\" content=\"Tiempo de lectura\" \/>\n\t<meta name=\"twitter:data2\" content=\"1 minuto\" \/>\n<script type=\"application\/ld+json\" class=\"yoast-schema-graph\">{\"@context\":\"https:\\\/\\\/schema.org\",\"@graph\":[{\"@type\":\"Article\",\"@id\":\"https:\\\/\\\/fuentesfidedignas.com.mx\\\/index.php\\\/2024\\\/02\\\/19\\\/enfrentamiento-en-tamaulipas-deja-12-delincuentes-abatidos\\\/#article\",\"isPartOf\":{\"@id\":\"https:\\\/\\\/fuentesfidedignas.com.mx\\\/index.php\\\/2024\\\/02\\\/19\\\/enfrentamiento-en-tamaulipas-deja-12-delincuentes-abatidos\\\/\"},\"author\":{\"name\":\"L\u00f3pez D\u00f3riga\",\"@id\":\"https:\\\/\\\/fuentesfidedignas.com.mx\\\/#\\\/schema\\\/person\\\/67d852f0557c8509146a4b9ddebd543a\"},\"headline\":\"Enfrentamiento en Tamaulipas deja 12 delincuentes abatidos\",\"datePublished\":\"2024-02-19T13:19:41+00:00\",\"dateModified\":\"2024-02-19T14:19:56+00:00\",\"mainEntityOfPage\":{\"@id\":\"https:\\\/\\\/fuentesfidedignas.com.mx\\\/index.php\\\/2024\\\/02\\\/19\\\/enfrentamiento-en-tamaulipas-deja-12-delincuentes-abatidos\\\/\"},\"wordCount\":183,\"commentCount\":0,\"publisher\":{\"@id\":\"https:\\\/\\\/fuentesfidedignas.com.mx\\\/#organization\"},\"image\":{\"@id\":\"https:\\\/\\\/fuentesfidedignas.com.mx\\\/index.php\\\/2024\\\/02\\\/19\\\/enfrentamiento-en-tamaulipas-deja-12-delincuentes-abatidos\\\/#primaryimage\"},\"thumbnailUrl\":\"https:\\\/\\\/fuentesfidedignas.com.mx\\\/wp-content\\\/uploads\\\/2024\\\/01\\\/BALAS_CASQUILLOS.jpg\",\"articleSection\":[\"NOTICIAS NACIONALES\"],\"inLanguage\":\"es\",\"potentialAction\":[{\"@type\":\"CommentAction\",\"name\":\"Comment\",\"target\":[\"https:\\\/\\\/fuentesfidedignas.com.mx\\\/index.php\\\/2024\\\/02\\\/19\\\/enfrentamiento-en-tamaulipas-deja-12-delincuentes-abatidos\\\/#respond\"]}]},{\"@type\":\"WebPage\",\"@id\":\"https:\\\/\\\/fuentesfidedignas.com.mx\\\/index.php\\\/2024\\\/02\\\/19\\\/enfrentamiento-en-tamaulipas-deja-12-delincuentes-abatidos\\\/\",\"url\":\"https:\\\/\\\/fuentesfidedignas.com.mx\\\/index.php\\\/2024\\\/02\\\/19\\\/enfrentamiento-en-tamaulipas-deja-12-delincuentes-abatidos\\\/\",\"name\":\"Enfrentamiento en Tamaulipas deja 12 delincuentes abatidos - Fuentes Fidedignas\",\"isPartOf\":{\"@id\":\"https:\\\/\\\/fuentesfidedignas.com.mx\\\/#website\"},\"primaryImageOfPage\":{\"@id\":\"https:\\\/\\\/fuentesfidedignas.com.mx\\\/index.php\\\/2024\\\/02\\\/19\\\/enfrentamiento-en-tamaulipas-deja-12-delincuentes-abatidos\\\/#primaryimage\"},\"image\":{\"@id\":\"https:\\\/\\\/fuentesfidedignas.com.mx\\\/index.php\\\/2024\\\/02\\\/19\\\/enfrentamiento-en-tamaulipas-deja-12-delincuentes-abatidos\\\/#primaryimage\"},\"thumbnailUrl\":\"https:\\\/\\\/fuentesfidedignas.com.mx\\\/wp-content\\\/uploads\\\/2024\\\/01\\\/BALAS_CASQUILLOS.jpg\",\"datePublished\":\"2024-02-19T13:19:41+00:00\",\"dateModified\":\"2024-02-19T14:19:56+00:00\",\"breadcrumb\":{\"@id\":\"https:\\\/\\\/fuentesfidedignas.com.mx\\\/index.php\\\/2024\\\/02\\\/19\\\/enfrentamiento-en-tamaulipas-deja-12-delincuentes-abatidos\\\/#breadcrumb\"},\"inLanguage\":\"es\",\"potentialAction\":[{\"@type\":\"ReadAction\",\"target\":[\"https:\\\/\\\/fuentesfidedignas.com.mx\\\/index.php\\\/2024\\\/02\\\/19\\\/enfrentamiento-en-tamaulipas-deja-12-delincuentes-abatidos\\\/\"]}]},{\"@type\":\"ImageObject\",\"inLanguage\":\"es\",\"@id\":\"https:\\\/\\\/fuentesfidedignas.com.mx\\\/index.php\\\/2024\\\/02\\\/19\\\/enfrentamiento-en-tamaulipas-deja-12-delincuentes-abatidos\\\/#primaryimage\",\"url\":\"https:\\\/\\\/fuentesfidedignas.com.mx\\\/wp-content\\\/uploads\\\/2024\\\/01\\\/BALAS_CASQUILLOS.jpg\",\"contentUrl\":\"https:\\\/\\\/fuentesfidedignas.com.mx\\\/wp-content\\\/uploads\\\/2024\\\/01\\\/BALAS_CASQUILLOS.jpg\",\"width\":1000,\"height\":520},{\"@type\":\"BreadcrumbList\",\"@id\":\"https:\\\/\\\/fuentesfidedignas.com.mx\\\/index.php\\\/2024\\\/02\\\/19\\\/enfrentamiento-en-tamaulipas-deja-12-delincuentes-abatidos\\\/#breadcrumb\",\"itemListElement\":[{\"@type\":\"ListItem\",\"position\":1,\"name\":\"Inicio\",\"item\":\"https:\\\/\\\/fuentesfidedignas.com.mx\\\/\"},{\"@type\":\"ListItem\",\"position\":2,\"name\":\"Enfrentamiento en Tamaulipas deja 12 delincuentes abatidos\"}]},{\"@type\":\"WebSite\",\"@id\":\"https:\\\/\\\/fuentesfidedignas.com.mx\\\/#website\",\"url\":\"https:\\\/\\\/fuentesfidedignas.com.mx\\\/\",\"name\":\"Fuentes Fidedignas\",\"description\":\"Otro sitio realizado con WordPress\",\"publisher\":{\"@id\":\"https:\\\/\\\/fuentesfidedignas.com.mx\\\/#organization\"},\"potentialAction\":[{\"@type\":\"SearchAction\",\"target\":{\"@type\":\"EntryPoint\",\"urlTemplate\":\"https:\\\/\\\/fuentesfidedignas.com.mx\\\/?s={search_term_string}\"},\"query-input\":{\"@type\":\"PropertyValueSpecification\",\"valueRequired\":true,\"valueName\":\"search_term_string\"}}],\"inLanguage\":\"es\"},{\"@type\":\"Organization\",\"@id\":\"https:\\\/\\\/fuentesfidedignas.com.mx\\\/#organization\",\"name\":\"Fuentes Fidedignas\",\"url\":\"https:\\\/\\\/fuentesfidedignas.com.mx\\\/\",\"logo\":{\"@type\":\"ImageObject\",\"inLanguage\":\"es\",\"@id\":\"https:\\\/\\\/fuentesfidedignas.com.mx\\\/#\\\/schema\\\/logo\\\/image\\\/\",\"url\":\"https:\\\/\\\/fuentesfidedignas.com.mx\\\/wp-content\\\/uploads\\\/2021\\\/04\\\/logo-retina.png\",\"contentUrl\":\"https:\\\/\\\/fuentesfidedignas.com.mx\\\/wp-content\\\/uploads\\\/2021\\\/04\\\/logo-retina.png\",\"width\":280,\"height\":51,\"caption\":\"Fuentes Fidedignas\"},\"image\":{\"@id\":\"https:\\\/\\\/fuentesfidedignas.com.mx\\\/#\\\/schema\\\/logo\\\/image\\\/\"},\"sameAs\":[\"https:\\\/\\\/www.facebook.com\\\/Fuentes-Fidedignas-368234489921644\",\"https:\\\/\\\/x.com\\\/fidedignas\"]},{\"@type\":\"Person\",\"@id\":\"https:\\\/\\\/fuentesfidedignas.com.mx\\\/#\\\/schema\\\/person\\\/67d852f0557c8509146a4b9ddebd543a\",\"name\":\"L\u00f3pez D\u00f3riga\",\"image\":{\"@type\":\"ImageObject\",\"inLanguage\":\"es\",\"@id\":\"https:\\\/\\\/secure.gravatar.com\\\/avatar\\\/e525b06574ca18b33cded59dfe5778d6c823b9513154eff47da551b0551bdd1e?s=96&d=mm&r=g\",\"url\":\"https:\\\/\\\/secure.gravatar.com\\\/avatar\\\/e525b06574ca18b33cded59dfe5778d6c823b9513154eff47da551b0551bdd1e?s=96&d=mm&r=g\",\"contentUrl\":\"https:\\\/\\\/secure.gravatar.com\\\/avatar\\\/e525b06574ca18b33cded59dfe5778d6c823b9513154eff47da551b0551bdd1e?s=96&d=mm&r=g\",\"caption\":\"L\u00f3pez D\u00f3riga\"},\"url\":\"https:\\\/\\\/fuentesfidedignas.com.mx\\\/index.php\\\/author\\\/doriga\\\/\"}]}<\/script>\n<!-- \/ Yoast SEO plugin. -->","yoast_head_json":{"title":"Enfrentamiento en Tamaulipas deja 12 delincuentes abatidos - Fuentes Fidedignas","robots":{"index":"index","follow":"follow","max-snippet":"max-snippet:-1","max-image-preview":"max-image-preview:large","max-video-preview":"max-video-preview:-1"},"canonical":"https:\/\/fuentesfidedignas.com.mx\/index.php\/2024\/02\/19\/enfrentamiento-en-tamaulipas-deja-12-delincuentes-abatidos\/","og_locale":"es_MX","og_type":"article","og_title":"Enfrentamiento en Tamaulipas deja 12 delincuentes abatidos - Fuentes Fidedignas","og_description":"Militares fueron agredidos por civiles armados la tarde del domingo en el municipio de Miguel Alem\u00e1n, en Tamaulipas Doce presuntos delincuentes fueron abatidos este domingo por elementos de la Secretar\u00eda de la Defensa Nacional (Sedena) en Tamaulipas. #Vocer\u00edaInforma Tras agresi\u00f3n por parte de civiles armados a elementos de la SEDENA en la colonia Loma Linda [&hellip;]","og_url":"https:\/\/fuentesfidedignas.com.mx\/index.php\/2024\/02\/19\/enfrentamiento-en-tamaulipas-deja-12-delincuentes-abatidos\/","og_site_name":"Fuentes Fidedignas","article_publisher":"https:\/\/www.facebook.com\/Fuentes-Fidedignas-368234489921644","article_published_time":"2024-02-19T13:19:41+00:00","article_modified_time":"2024-02-19T14:19:56+00:00","og_image":[{"width":1000,"height":520,"url":"https:\/\/fuentesfidedignas.com.mx\/wp-content\/uploads\/2024\/01\/BALAS_CASQUILLOS.jpg","type":"image\/jpeg"}],"author":"L\u00f3pez D\u00f3riga","twitter_card":"summary_large_image","twitter_creator":"@fidedignas","twitter_site":"@fidedignas","twitter_misc":{"Escrito por":"L\u00f3pez D\u00f3riga","Tiempo de lectura":"1 minuto"},"schema":{"@context":"https:\/\/schema.org","@graph":[{"@type":"Article","@id":"https:\/\/fuentesfidedignas.com.mx\/index.php\/2024\/02\/19\/enfrentamiento-en-tamaulipas-deja-12-delincuentes-abatidos\/#article","isPartOf":{"@id":"https:\/\/fuentesfidedignas.com.mx\/index.php\/2024\/02\/19\/enfrentamiento-en-tamaulipas-deja-12-delincuentes-abatidos\/"},"author":{"name":"L\u00f3pez D\u00f3riga","@id":"https:\/\/fuentesfidedignas.com.mx\/#\/schema\/person\/67d852f0557c8509146a4b9ddebd543a"},"headline":"Enfrentamiento en Tamaulipas deja 12 delincuentes abatidos","datePublished":"2024-02-19T13:19:41+00:00","dateModified":"2024-02-19T14:19:56+00:00","mainEntityOfPage":{"@id":"https:\/\/fuentesfidedignas.com.mx\/index.php\/2024\/02\/19\/enfrentamiento-en-tamaulipas-deja-12-delincuentes-abatidos\/"},"wordCount":183,"commentCount":0,"publisher":{"@id":"https:\/\/fuentesfidedignas.com.mx\/#organization"},"image":{"@id":"https:\/\/fuentesfidedignas.com.mx\/index.php\/2024\/02\/19\/enfrentamiento-en-tamaulipas-deja-12-delincuentes-abatidos\/#primaryimage"},"thumbnailUrl":"https:\/\/fuentesfidedignas.com.mx\/wp-content\/uploads\/2024\/01\/BALAS_CASQUILLOS.jpg","articleSection":["NOTICIAS NACIONALES"],"inLanguage":"es","potentialAction":[{"@type":"CommentAction","name":"Comment","target":["https:\/\/fuentesfidedignas.com.mx\/index.php\/2024\/02\/19\/enfrentamiento-en-tamaulipas-deja-12-delincuentes-abatidos\/#respond"]}]},{"@type":"WebPage","@id":"https:\/\/fuentesfidedignas.com.mx\/index.php\/2024\/02\/19\/enfrentamiento-en-tamaulipas-deja-12-delincuentes-abatidos\/","url":"https:\/\/fuentesfidedignas.com.mx\/index.php\/2024\/02\/19\/enfrentamiento-en-tamaulipas-deja-12-delincuentes-abatidos\/","name":"Enfrentamiento en Tamaulipas deja 12 delincuentes abatidos - Fuentes Fidedignas","isPartOf":{"@id":"https:\/\/fuentesfidedignas.com.mx\/#website"},"primaryImageOfPage":{"@id":"https:\/\/fuentesfidedignas.com.mx\/index.php\/2024\/02\/19\/enfrentamiento-en-tamaulipas-deja-12-delincuentes-abatidos\/#primaryimage"},"image":{"@id":"https:\/\/fuentesfidedignas.com.mx\/index.php\/2024\/02\/19\/enfrentamiento-en-tamaulipas-deja-12-delincuentes-abatidos\/#primaryimage"},"thumbnailUrl":"https:\/\/fuentesfidedignas.com.mx\/wp-content\/uploads\/2024\/01\/BALAS_CASQUILLOS.jpg","datePublished":"2024-02-19T13:19:41+00:00","dateModified":"2024-02-19T14:19:56+00:00","breadcrumb":{"@id":"https:\/\/fuentesfidedignas.com.mx\/index.php\/2024\/02\/19\/enfrentamiento-en-tamaulipas-deja-12-delincuentes-abatidos\/#breadcrumb"},"inLanguage":"es","potentialAction":[{"@type":"ReadAction","target":["https:\/\/fuentesfidedignas.com.mx\/index.php\/2024\/02\/19\/enfrentamiento-en-tamaulipas-deja-12-delincuentes-abatidos\/"]}]},{"@type":"ImageObject","inLanguage":"es","@id":"https:\/\/fuentesfidedignas.com.mx\/index.php\/2024\/02\/19\/enfrentamiento-en-tamaulipas-deja-12-delincuentes-abatidos\/#primaryimage","url":"https:\/\/fuentesfidedignas.com.mx\/wp-content\/uploads\/2024\/01\/BALAS_CASQUILLOS.jpg","contentUrl":"https:\/\/fuentesfidedignas.com.mx\/wp-content\/uploads\/2024\/01\/BALAS_CASQUILLOS.jpg","width":1000,"height":520},{"@type":"BreadcrumbList","@id":"https:\/\/fuentesfidedignas.com.mx\/index.php\/2024\/02\/19\/enfrentamiento-en-tamaulipas-deja-12-delincuentes-abatidos\/#breadcrumb","itemListElement":[{"@type":"ListItem","position":1,"name":"Inicio","item":"https:\/\/fuentesfidedignas.com.mx\/"},{"@type":"ListItem","position":2,"name":"Enfrentamiento en Tamaulipas deja 12 delincuentes abatidos"}]},{"@type":"WebSite","@id":"https:\/\/fuentesfidedignas.com.mx\/#website","url":"https:\/\/fuentesfidedignas.com.mx\/","name":"Fuentes Fidedignas","description":"Otro sitio realizado con WordPress","publisher":{"@id":"https:\/\/fuentesfidedignas.com.mx\/#organization"},"potentialAction":[{"@type":"SearchAction","target":{"@type":"EntryPoint","urlTemplate":"https:\/\/fuentesfidedignas.com.mx\/?s={search_term_string}"},"query-input":{"@type":"PropertyValueSpecification","valueRequired":true,"valueName":"search_term_string"}}],"inLanguage":"es"},{"@type":"Organization","@id":"https:\/\/fuentesfidedignas.com.mx\/#organization","name":"Fuentes Fidedignas","url":"https:\/\/fuentesfidedignas.com.mx\/","logo":{"@type":"ImageObject","inLanguage":"es","@id":"https:\/\/fuentesfidedignas.com.mx\/#\/schema\/logo\/image\/","url":"https:\/\/fuentesfidedignas.com.mx\/wp-content\/uploads\/2021\/04\/logo-retina.png","contentUrl":"https:\/\/fuentesfidedignas.com.mx\/wp-content\/uploads\/2021\/04\/logo-retina.png","width":280,"height":51,"caption":"Fuentes Fidedignas"},"image":{"@id":"https:\/\/fuentesfidedignas.com.mx\/#\/schema\/logo\/image\/"},"sameAs":["https:\/\/www.facebook.com\/Fuentes-Fidedignas-368234489921644","https:\/\/x.com\/fidedignas"]},{"@type":"Person","@id":"https:\/\/fuentesfidedignas.com.mx\/#\/schema\/person\/67d852f0557c8509146a4b9ddebd543a","name":"L\u00f3pez D\u00f3riga","image":{"@type":"ImageObject","inLanguage":"es","@id":"https:\/\/secure.gravatar.com\/avatar\/e525b06574ca18b33cded59dfe5778d6c823b9513154eff47da551b0551bdd1e?s=96&d=mm&r=g","url":"https:\/\/secure.gravatar.com\/avatar\/e525b06574ca18b33cded59dfe5778d6c823b9513154eff47da551b0551bdd1e?s=96&d=mm&r=g","contentUrl":"https:\/\/secure.gravatar.com\/avatar\/e525b06574ca18b33cded59dfe5778d6c823b9513154eff47da551b0551bdd1e?s=96&d=mm&r=g","caption":"L\u00f3pez D\u00f3riga"},"url":"https:\/\/fuentesfidedignas.com.mx\/index.php\/author\/doriga\/"}]}},"_links":{"self":[{"href":"https:\/\/fuentesfidedignas.com.mx\/index.php\/wp-json\/wp\/v2\/posts\/74391","targetHints":{"allow":["GET"]}}],"collection":[{"href":"https:\/\/fuentesfidedignas.com.mx\/index.php\/wp-json\/wp\/v2\/posts"}],"about":[{"href":"https:\/\/fuentesfidedignas.com.mx\/index.php\/wp-json\/wp\/v2\/types\/post"}],"author":[{"embeddable":true,"href":"https:\/\/fuentesfidedignas.com.mx\/index.php\/wp-json\/wp\/v2\/users\/47"}],"replies":[{"embeddable":true,"href":"https:\/\/fuentesfidedignas.com.mx\/index.php\/wp-json\/wp\/v2\/comments?post=74391"}],"version-history":[{"count":1,"href":"https:\/\/fuentesfidedignas.com.mx\/index.php\/wp-json\/wp\/v2\/posts\/74391\/revisions"}],"predecessor-version":[{"id":74392,"href":"https:\/\/fuentesfidedignas.com.mx\/index.php\/wp-json\/wp\/v2\/posts\/74391\/revisions\/74392"}],"wp:featuredmedia":[{"embeddable":true,"href":"https:\/\/fuentesfidedignas.com.mx\/index.php\/wp-json\/wp\/v2\/media\/71115"}],"wp:attachment":[{"href":"https:\/\/fuentesfidedignas.com.mx\/index.php\/wp-json\/wp\/v2\/media?parent=74391"}],"wp:term":[{"taxonomy":"category","embeddable":true,"href":"https:\/\/fuentesfidedignas.com.mx\/index.php\/wp-json\/wp\/v2\/categories?post=74391"},{"taxonomy":"post_tag","embeddable":true,"href":"https:\/\/fuentesfidedignas.com.mx\/index.php\/wp-json\/wp\/v2\/tags?post=74391"}],"curies":[{"name":"wp","href":"https:\/\/api.w.org\/{rel}","templated":true}]}}