{"id":74379,"date":"2024-02-19T01:33:00","date_gmt":"2024-02-19T08:33:00","guid":{"rendered":"https:\/\/fuentesfidedignas.com.mx\/?p=74379"},"modified":"2024-02-18T19:35:54","modified_gmt":"2024-02-19T02:35:54","slug":"el-hackeo-mental-como-via-para-la-emancipacion-intelectual","status":"publish","type":"post","link":"https:\/\/fuentesfidedignas.com.mx\/index.php\/2024\/02\/19\/el-hackeo-mental-como-via-para-la-emancipacion-intelectual\/","title":{"rendered":"El hackeo mental como v\u00eda para la emancipaci\u00f3n intelectual"},"content":{"rendered":"\n<p>Por Horacio de Jes\u00fas Malcampo Moreno<\/p>\n\n\n\n<p><strong>Vivimos en la era de la posverdad;<\/strong> donde los hechos objetivos tienen menos influencia que los llamados a las emociones y creencias personales. Asimismo, experimentamos una avalancha informativa sin precedentes, con noticias falsas y teor\u00edas de conspiraci\u00f3n propag\u00e1ndose como virus a trav\u00e9s de las redes sociales.<\/p>\n\n\n\n<p>Esta tormenta de desinformaci\u00f3n ha dado lugar a peligrosas tendencias como la negaci\u00f3n del cambio clim\u00e1tico, el auge de la extrema derecha y el resurgimiento de enfermedades antes erradicadas por el escepticismo hacia las vacunas.<\/p>\n\n\n\n<p>Ante este preocupante panorama, <strong>urge replantear profundamente los sistemas educativos para crear programas enfocados en entrenar las mentes j\u00f3venes en el pensamiento cr\u00edtico y el m\u00e9todo cient\u00edfico<\/strong>; herramientas esenciales para navegar reflexivamente este complejo entorno posmoderno y resistir el embate de noticias falsas.<\/p>\n\n\n\n<p>Fil\u00f3sofos de la talla de Matthew Lipman y Theodor Adorno de la Escuela de Frankfurt, ya advert\u00edan sobre los peligros de una educaci\u00f3n que no emancipe intelectualmente a los estudiantes ni les provea de un esp\u00edritu reflexivo y disposici\u00f3n al cuestionamiento.<\/p>\n\n\n\n<p>Lipman, padre del movimiento de <strong>Filosof\u00eda para Ni\u00f1os<\/strong>, abogaba por iniciar desde edades tempranas entrenando las habilidades de razonamiento, interrogaci\u00f3n y b\u00fasqueda aut\u00f3noma de conocimientos. Caso contrario, estos patrones de pensamiento se vuelven extremadamente dif\u00edciles de modificar en la adultez, quedando las personas susceptibles su vida entera a adoptar ideas radicales.<\/p>\n\n\n\n<p>Por su parte, <strong>Paulo Freire<\/strong>, destacado pedagogo cr\u00edtico brasile\u00f1o, condenaba la educaci\u00f3n \u201cbancaria\u201d donde los estudiantes son vasijas pasivas que reciben los dep\u00f3sitos de informaci\u00f3n de sus profesores. Este modelo fue dominante por siglos, pero hoy resulta claramente insuficiente e ineficaz para preparar a los j\u00f3venes para los desaf\u00edos contempor\u00e1neos.<\/p>\n\n\n\n<p>Freire abogaba en cambio por sistemas dial\u00f3gicos, participativos, donde los ni\u00f1os son agentes en la co-construcci\u00f3n de su aprendizaje mediante la interrogaci\u00f3n, la reflexi\u00f3n cr\u00edtica, el cuestionamiento de supuestas verdades establecidas y el continuo ejercicio de la duda razonable. S\u00f3lo as\u00ed puede germinar un genuino pensamiento cient\u00edfico y prepararse intelectualmente para identificar falacias, evaluar argumentos, considerar diversas perspectivas y distinguir entre informaci\u00f3n confiable y desinformaci\u00f3n interesada.<\/p>\n\n\n\n<p>Concretamente, <strong>son varias las estrategias pedag\u00f3gicas activas que pueden fomentar estas anheladas habilidades inquisitivas.<\/strong> El aprendizaje basado en proyectos que enfrenta a retos del mundo real, el debate guiado en clase para considerar pros y contras de ideas controvertidas, la lectura cr\u00edtica de art\u00edculos acad\u00e9micos que obliga a identificar fortalezas y debilidades argumentativas, o los juegos de roles donde se debe asumir y defender perspectivas contrapuestas, constituyen todos veh\u00edculos propicios para entrenar la mente esc\u00e9ptica e independiente que tanto necesitan las nuevas generaciones.<\/p>\n\n\n\n<p><strong>Urge replantear profundamente los enfoques tradicionalistas en la pedagog\u00eda institucionalizada<\/strong>, transitando de la instrucci\u00f3n pasiva hacia la formaci\u00f3n activa de mentes inquisitivas, anal\u00edticas y racionales. Esto constituye nada menos que una vacuna intelectual frente a la viral desinformaci\u00f3n posmoderna amenazando incluso los cimientos de la propia democracia. Son tiempos de revoluci\u00f3n educativa que claman por sistemas enfocados en ense\u00f1ar a pensar en lugar de simplemente transmitir informaci\u00f3n.<\/p>\n","protected":false},"excerpt":{"rendered":"<p>Por Horacio de Jes\u00fas Malcampo Moreno Vivimos en la era de la posverdad; donde los hechos objetivos tienen menos influencia que los llamados a las emociones y creencias personales. Asimismo, experimentamos una avalancha informativa sin precedentes, con noticias falsas y teor\u00edas de conspiraci\u00f3n propag\u00e1ndose como virus a trav\u00e9s de las redes sociales. Esta tormenta de [&hellip;]<\/p>\n","protected":false},"author":146,"featured_media":74380,"comment_status":"open","ping_status":"open","sticky":false,"template":"","format":"standard","meta":{"tdm_status":"","tdm_grid_status":"","footnotes":""},"categories":[3064,3089],"tags":[],"class_list":{"0":"post-74379","1":"post","2":"type-post","3":"status-publish","4":"format-standard","5":"has-post-thumbnail","7":"category-columnas","8":"category-nutriendo-la-mente"},"yoast_head":"<!-- This site is optimized with the Yoast SEO plugin v27.5 - https:\/\/yoast.com\/product\/yoast-seo-wordpress\/ -->\n<title>El hackeo mental como v\u00eda para la emancipaci\u00f3n intelectual - Fuentes Fidedignas<\/title>\n<meta name=\"robots\" content=\"index, follow, max-snippet:-1, max-image-preview:large, max-video-preview:-1\" \/>\n<link rel=\"canonical\" href=\"https:\/\/fuentesfidedignas.com.mx\/index.php\/2024\/02\/19\/el-hackeo-mental-como-via-para-la-emancipacion-intelectual\/\" \/>\n<meta property=\"og:locale\" content=\"es_MX\" \/>\n<meta property=\"og:type\" content=\"article\" \/>\n<meta property=\"og:title\" content=\"El hackeo mental como v\u00eda para la emancipaci\u00f3n intelectual - Fuentes Fidedignas\" \/>\n<meta property=\"og:description\" content=\"Por Horacio de Jes\u00fas Malcampo Moreno Vivimos en la era de la posverdad; donde los hechos objetivos tienen menos influencia que los llamados a las emociones y creencias personales. Asimismo, experimentamos una avalancha informativa sin precedentes, con noticias falsas y teor\u00edas de conspiraci\u00f3n propag\u00e1ndose como virus a trav\u00e9s de las redes sociales. Esta tormenta de [&hellip;]\" \/>\n<meta property=\"og:url\" content=\"https:\/\/fuentesfidedignas.com.mx\/index.php\/2024\/02\/19\/el-hackeo-mental-como-via-para-la-emancipacion-intelectual\/\" \/>\n<meta property=\"og:site_name\" content=\"Fuentes Fidedignas\" \/>\n<meta property=\"article:publisher\" content=\"https:\/\/www.facebook.com\/Fuentes-Fidedignas-368234489921644\" \/>\n<meta property=\"article:published_time\" content=\"2024-02-19T08:33:00+00:00\" \/>\n<meta property=\"og:image\" content=\"https:\/\/fuentesfidedignas.com.mx\/wp-content\/uploads\/2024\/02\/WhatsApp-Image-2024-02-18-at-6.54.11-PM.jpeg\" \/>\n\t<meta property=\"og:image:width\" content=\"1066\" \/>\n\t<meta property=\"og:image:height\" content=\"1600\" \/>\n\t<meta property=\"og:image:type\" content=\"image\/jpeg\" \/>\n<meta name=\"author\" content=\"Mtro. Horacio de Jes\u00fas Malcampo Moreno\" \/>\n<meta name=\"twitter:card\" content=\"summary_large_image\" \/>\n<meta name=\"twitter:creator\" content=\"@fidedignas\" \/>\n<meta name=\"twitter:site\" content=\"@fidedignas\" \/>\n<meta name=\"twitter:label1\" content=\"Escrito por\" \/>\n\t<meta name=\"twitter:data1\" content=\"Mtro. Horacio de Jes\u00fas Malcampo Moreno\" \/>\n\t<meta name=\"twitter:label2\" content=\"Tiempo de lectura\" \/>\n\t<meta name=\"twitter:data2\" content=\"3 minutos\" \/>\n<script type=\"application\/ld+json\" class=\"yoast-schema-graph\">{\"@context\":\"https:\\\/\\\/schema.org\",\"@graph\":[{\"@type\":\"Article\",\"@id\":\"https:\\\/\\\/fuentesfidedignas.com.mx\\\/index.php\\\/2024\\\/02\\\/19\\\/el-hackeo-mental-como-via-para-la-emancipacion-intelectual\\\/#article\",\"isPartOf\":{\"@id\":\"https:\\\/\\\/fuentesfidedignas.com.mx\\\/index.php\\\/2024\\\/02\\\/19\\\/el-hackeo-mental-como-via-para-la-emancipacion-intelectual\\\/\"},\"author\":{\"name\":\"Mtro. Horacio de Jes\u00fas Malcampo Moreno\",\"@id\":\"https:\\\/\\\/fuentesfidedignas.com.mx\\\/#\\\/schema\\\/person\\\/3f687c55082c557a647c7836bde45728\"},\"headline\":\"El hackeo mental como v\u00eda para la emancipaci\u00f3n intelectual\",\"datePublished\":\"2024-02-19T08:33:00+00:00\",\"mainEntityOfPage\":{\"@id\":\"https:\\\/\\\/fuentesfidedignas.com.mx\\\/index.php\\\/2024\\\/02\\\/19\\\/el-hackeo-mental-como-via-para-la-emancipacion-intelectual\\\/\"},\"wordCount\":554,\"commentCount\":0,\"publisher\":{\"@id\":\"https:\\\/\\\/fuentesfidedignas.com.mx\\\/#organization\"},\"image\":{\"@id\":\"https:\\\/\\\/fuentesfidedignas.com.mx\\\/index.php\\\/2024\\\/02\\\/19\\\/el-hackeo-mental-como-via-para-la-emancipacion-intelectual\\\/#primaryimage\"},\"thumbnailUrl\":\"https:\\\/\\\/fuentesfidedignas.com.mx\\\/wp-content\\\/uploads\\\/2024\\\/02\\\/WhatsApp-Image-2024-02-18-at-6.54.11-PM.jpeg\",\"articleSection\":[\"COLUMNAS\",\"NUTRIENDO LA MENTE\"],\"inLanguage\":\"es\",\"potentialAction\":[{\"@type\":\"CommentAction\",\"name\":\"Comment\",\"target\":[\"https:\\\/\\\/fuentesfidedignas.com.mx\\\/index.php\\\/2024\\\/02\\\/19\\\/el-hackeo-mental-como-via-para-la-emancipacion-intelectual\\\/#respond\"]}]},{\"@type\":\"WebPage\",\"@id\":\"https:\\\/\\\/fuentesfidedignas.com.mx\\\/index.php\\\/2024\\\/02\\\/19\\\/el-hackeo-mental-como-via-para-la-emancipacion-intelectual\\\/\",\"url\":\"https:\\\/\\\/fuentesfidedignas.com.mx\\\/index.php\\\/2024\\\/02\\\/19\\\/el-hackeo-mental-como-via-para-la-emancipacion-intelectual\\\/\",\"name\":\"El hackeo mental como v\u00eda para la emancipaci\u00f3n intelectual - Fuentes Fidedignas\",\"isPartOf\":{\"@id\":\"https:\\\/\\\/fuentesfidedignas.com.mx\\\/#website\"},\"primaryImageOfPage\":{\"@id\":\"https:\\\/\\\/fuentesfidedignas.com.mx\\\/index.php\\\/2024\\\/02\\\/19\\\/el-hackeo-mental-como-via-para-la-emancipacion-intelectual\\\/#primaryimage\"},\"image\":{\"@id\":\"https:\\\/\\\/fuentesfidedignas.com.mx\\\/index.php\\\/2024\\\/02\\\/19\\\/el-hackeo-mental-como-via-para-la-emancipacion-intelectual\\\/#primaryimage\"},\"thumbnailUrl\":\"https:\\\/\\\/fuentesfidedignas.com.mx\\\/wp-content\\\/uploads\\\/2024\\\/02\\\/WhatsApp-Image-2024-02-18-at-6.54.11-PM.jpeg\",\"datePublished\":\"2024-02-19T08:33:00+00:00\",\"breadcrumb\":{\"@id\":\"https:\\\/\\\/fuentesfidedignas.com.mx\\\/index.php\\\/2024\\\/02\\\/19\\\/el-hackeo-mental-como-via-para-la-emancipacion-intelectual\\\/#breadcrumb\"},\"inLanguage\":\"es\",\"potentialAction\":[{\"@type\":\"ReadAction\",\"target\":[\"https:\\\/\\\/fuentesfidedignas.com.mx\\\/index.php\\\/2024\\\/02\\\/19\\\/el-hackeo-mental-como-via-para-la-emancipacion-intelectual\\\/\"]}]},{\"@type\":\"ImageObject\",\"inLanguage\":\"es\",\"@id\":\"https:\\\/\\\/fuentesfidedignas.com.mx\\\/index.php\\\/2024\\\/02\\\/19\\\/el-hackeo-mental-como-via-para-la-emancipacion-intelectual\\\/#primaryimage\",\"url\":\"https:\\\/\\\/fuentesfidedignas.com.mx\\\/wp-content\\\/uploads\\\/2024\\\/02\\\/WhatsApp-Image-2024-02-18-at-6.54.11-PM.jpeg\",\"contentUrl\":\"https:\\\/\\\/fuentesfidedignas.com.mx\\\/wp-content\\\/uploads\\\/2024\\\/02\\\/WhatsApp-Image-2024-02-18-at-6.54.11-PM.jpeg\",\"width\":1066,\"height\":1600},{\"@type\":\"BreadcrumbList\",\"@id\":\"https:\\\/\\\/fuentesfidedignas.com.mx\\\/index.php\\\/2024\\\/02\\\/19\\\/el-hackeo-mental-como-via-para-la-emancipacion-intelectual\\\/#breadcrumb\",\"itemListElement\":[{\"@type\":\"ListItem\",\"position\":1,\"name\":\"Inicio\",\"item\":\"https:\\\/\\\/fuentesfidedignas.com.mx\\\/\"},{\"@type\":\"ListItem\",\"position\":2,\"name\":\"El hackeo mental como v\u00eda para la emancipaci\u00f3n intelectual\"}]},{\"@type\":\"WebSite\",\"@id\":\"https:\\\/\\\/fuentesfidedignas.com.mx\\\/#website\",\"url\":\"https:\\\/\\\/fuentesfidedignas.com.mx\\\/\",\"name\":\"Fuentes Fidedignas\",\"description\":\"Otro sitio realizado con WordPress\",\"publisher\":{\"@id\":\"https:\\\/\\\/fuentesfidedignas.com.mx\\\/#organization\"},\"potentialAction\":[{\"@type\":\"SearchAction\",\"target\":{\"@type\":\"EntryPoint\",\"urlTemplate\":\"https:\\\/\\\/fuentesfidedignas.com.mx\\\/?s={search_term_string}\"},\"query-input\":{\"@type\":\"PropertyValueSpecification\",\"valueRequired\":true,\"valueName\":\"search_term_string\"}}],\"inLanguage\":\"es\"},{\"@type\":\"Organization\",\"@id\":\"https:\\\/\\\/fuentesfidedignas.com.mx\\\/#organization\",\"name\":\"Fuentes Fidedignas\",\"url\":\"https:\\\/\\\/fuentesfidedignas.com.mx\\\/\",\"logo\":{\"@type\":\"ImageObject\",\"inLanguage\":\"es\",\"@id\":\"https:\\\/\\\/fuentesfidedignas.com.mx\\\/#\\\/schema\\\/logo\\\/image\\\/\",\"url\":\"https:\\\/\\\/fuentesfidedignas.com.mx\\\/wp-content\\\/uploads\\\/2021\\\/04\\\/logo-retina.png\",\"contentUrl\":\"https:\\\/\\\/fuentesfidedignas.com.mx\\\/wp-content\\\/uploads\\\/2021\\\/04\\\/logo-retina.png\",\"width\":280,\"height\":51,\"caption\":\"Fuentes Fidedignas\"},\"image\":{\"@id\":\"https:\\\/\\\/fuentesfidedignas.com.mx\\\/#\\\/schema\\\/logo\\\/image\\\/\"},\"sameAs\":[\"https:\\\/\\\/www.facebook.com\\\/Fuentes-Fidedignas-368234489921644\",\"https:\\\/\\\/x.com\\\/fidedignas\"]},{\"@type\":\"Person\",\"@id\":\"https:\\\/\\\/fuentesfidedignas.com.mx\\\/#\\\/schema\\\/person\\\/3f687c55082c557a647c7836bde45728\",\"name\":\"Mtro. Horacio de Jes\u00fas Malcampo Moreno\",\"image\":{\"@type\":\"ImageObject\",\"inLanguage\":\"es\",\"@id\":\"https:\\\/\\\/secure.gravatar.com\\\/avatar\\\/21fd667a5b9de079d383e44390566d4c728a6ce47b9b5e8419c61f1b793461ac?s=96&d=mm&r=g\",\"url\":\"https:\\\/\\\/secure.gravatar.com\\\/avatar\\\/21fd667a5b9de079d383e44390566d4c728a6ce47b9b5e8419c61f1b793461ac?s=96&d=mm&r=g\",\"contentUrl\":\"https:\\\/\\\/secure.gravatar.com\\\/avatar\\\/21fd667a5b9de079d383e44390566d4c728a6ce47b9b5e8419c61f1b793461ac?s=96&d=mm&r=g\",\"caption\":\"Mtro. Horacio de Jes\u00fas Malcampo Moreno\"},\"url\":\"https:\\\/\\\/fuentesfidedignas.com.mx\\\/index.php\\\/author\\\/horacio\\\/\"}]}<\/script>\n<!-- \/ Yoast SEO plugin. -->","yoast_head_json":{"title":"El hackeo mental como v\u00eda para la emancipaci\u00f3n intelectual - Fuentes Fidedignas","robots":{"index":"index","follow":"follow","max-snippet":"max-snippet:-1","max-image-preview":"max-image-preview:large","max-video-preview":"max-video-preview:-1"},"canonical":"https:\/\/fuentesfidedignas.com.mx\/index.php\/2024\/02\/19\/el-hackeo-mental-como-via-para-la-emancipacion-intelectual\/","og_locale":"es_MX","og_type":"article","og_title":"El hackeo mental como v\u00eda para la emancipaci\u00f3n intelectual - Fuentes Fidedignas","og_description":"Por Horacio de Jes\u00fas Malcampo Moreno Vivimos en la era de la posverdad; donde los hechos objetivos tienen menos influencia que los llamados a las emociones y creencias personales. Asimismo, experimentamos una avalancha informativa sin precedentes, con noticias falsas y teor\u00edas de conspiraci\u00f3n propag\u00e1ndose como virus a trav\u00e9s de las redes sociales. Esta tormenta de [&hellip;]","og_url":"https:\/\/fuentesfidedignas.com.mx\/index.php\/2024\/02\/19\/el-hackeo-mental-como-via-para-la-emancipacion-intelectual\/","og_site_name":"Fuentes Fidedignas","article_publisher":"https:\/\/www.facebook.com\/Fuentes-Fidedignas-368234489921644","article_published_time":"2024-02-19T08:33:00+00:00","og_image":[{"width":1066,"height":1600,"url":"https:\/\/fuentesfidedignas.com.mx\/wp-content\/uploads\/2024\/02\/WhatsApp-Image-2024-02-18-at-6.54.11-PM.jpeg","type":"image\/jpeg"}],"author":"Mtro. Horacio de Jes\u00fas Malcampo Moreno","twitter_card":"summary_large_image","twitter_creator":"@fidedignas","twitter_site":"@fidedignas","twitter_misc":{"Escrito por":"Mtro. Horacio de Jes\u00fas Malcampo Moreno","Tiempo de lectura":"3 minutos"},"schema":{"@context":"https:\/\/schema.org","@graph":[{"@type":"Article","@id":"https:\/\/fuentesfidedignas.com.mx\/index.php\/2024\/02\/19\/el-hackeo-mental-como-via-para-la-emancipacion-intelectual\/#article","isPartOf":{"@id":"https:\/\/fuentesfidedignas.com.mx\/index.php\/2024\/02\/19\/el-hackeo-mental-como-via-para-la-emancipacion-intelectual\/"},"author":{"name":"Mtro. Horacio de Jes\u00fas Malcampo Moreno","@id":"https:\/\/fuentesfidedignas.com.mx\/#\/schema\/person\/3f687c55082c557a647c7836bde45728"},"headline":"El hackeo mental como v\u00eda para la emancipaci\u00f3n intelectual","datePublished":"2024-02-19T08:33:00+00:00","mainEntityOfPage":{"@id":"https:\/\/fuentesfidedignas.com.mx\/index.php\/2024\/02\/19\/el-hackeo-mental-como-via-para-la-emancipacion-intelectual\/"},"wordCount":554,"commentCount":0,"publisher":{"@id":"https:\/\/fuentesfidedignas.com.mx\/#organization"},"image":{"@id":"https:\/\/fuentesfidedignas.com.mx\/index.php\/2024\/02\/19\/el-hackeo-mental-como-via-para-la-emancipacion-intelectual\/#primaryimage"},"thumbnailUrl":"https:\/\/fuentesfidedignas.com.mx\/wp-content\/uploads\/2024\/02\/WhatsApp-Image-2024-02-18-at-6.54.11-PM.jpeg","articleSection":["COLUMNAS","NUTRIENDO LA MENTE"],"inLanguage":"es","potentialAction":[{"@type":"CommentAction","name":"Comment","target":["https:\/\/fuentesfidedignas.com.mx\/index.php\/2024\/02\/19\/el-hackeo-mental-como-via-para-la-emancipacion-intelectual\/#respond"]}]},{"@type":"WebPage","@id":"https:\/\/fuentesfidedignas.com.mx\/index.php\/2024\/02\/19\/el-hackeo-mental-como-via-para-la-emancipacion-intelectual\/","url":"https:\/\/fuentesfidedignas.com.mx\/index.php\/2024\/02\/19\/el-hackeo-mental-como-via-para-la-emancipacion-intelectual\/","name":"El hackeo mental como v\u00eda para la emancipaci\u00f3n intelectual - Fuentes Fidedignas","isPartOf":{"@id":"https:\/\/fuentesfidedignas.com.mx\/#website"},"primaryImageOfPage":{"@id":"https:\/\/fuentesfidedignas.com.mx\/index.php\/2024\/02\/19\/el-hackeo-mental-como-via-para-la-emancipacion-intelectual\/#primaryimage"},"image":{"@id":"https:\/\/fuentesfidedignas.com.mx\/index.php\/2024\/02\/19\/el-hackeo-mental-como-via-para-la-emancipacion-intelectual\/#primaryimage"},"thumbnailUrl":"https:\/\/fuentesfidedignas.com.mx\/wp-content\/uploads\/2024\/02\/WhatsApp-Image-2024-02-18-at-6.54.11-PM.jpeg","datePublished":"2024-02-19T08:33:00+00:00","breadcrumb":{"@id":"https:\/\/fuentesfidedignas.com.mx\/index.php\/2024\/02\/19\/el-hackeo-mental-como-via-para-la-emancipacion-intelectual\/#breadcrumb"},"inLanguage":"es","potentialAction":[{"@type":"ReadAction","target":["https:\/\/fuentesfidedignas.com.mx\/index.php\/2024\/02\/19\/el-hackeo-mental-como-via-para-la-emancipacion-intelectual\/"]}]},{"@type":"ImageObject","inLanguage":"es","@id":"https:\/\/fuentesfidedignas.com.mx\/index.php\/2024\/02\/19\/el-hackeo-mental-como-via-para-la-emancipacion-intelectual\/#primaryimage","url":"https:\/\/fuentesfidedignas.com.mx\/wp-content\/uploads\/2024\/02\/WhatsApp-Image-2024-02-18-at-6.54.11-PM.jpeg","contentUrl":"https:\/\/fuentesfidedignas.com.mx\/wp-content\/uploads\/2024\/02\/WhatsApp-Image-2024-02-18-at-6.54.11-PM.jpeg","width":1066,"height":1600},{"@type":"BreadcrumbList","@id":"https:\/\/fuentesfidedignas.com.mx\/index.php\/2024\/02\/19\/el-hackeo-mental-como-via-para-la-emancipacion-intelectual\/#breadcrumb","itemListElement":[{"@type":"ListItem","position":1,"name":"Inicio","item":"https:\/\/fuentesfidedignas.com.mx\/"},{"@type":"ListItem","position":2,"name":"El hackeo mental como v\u00eda para la emancipaci\u00f3n intelectual"}]},{"@type":"WebSite","@id":"https:\/\/fuentesfidedignas.com.mx\/#website","url":"https:\/\/fuentesfidedignas.com.mx\/","name":"Fuentes Fidedignas","description":"Otro sitio realizado con WordPress","publisher":{"@id":"https:\/\/fuentesfidedignas.com.mx\/#organization"},"potentialAction":[{"@type":"SearchAction","target":{"@type":"EntryPoint","urlTemplate":"https:\/\/fuentesfidedignas.com.mx\/?s={search_term_string}"},"query-input":{"@type":"PropertyValueSpecification","valueRequired":true,"valueName":"search_term_string"}}],"inLanguage":"es"},{"@type":"Organization","@id":"https:\/\/fuentesfidedignas.com.mx\/#organization","name":"Fuentes Fidedignas","url":"https:\/\/fuentesfidedignas.com.mx\/","logo":{"@type":"ImageObject","inLanguage":"es","@id":"https:\/\/fuentesfidedignas.com.mx\/#\/schema\/logo\/image\/","url":"https:\/\/fuentesfidedignas.com.mx\/wp-content\/uploads\/2021\/04\/logo-retina.png","contentUrl":"https:\/\/fuentesfidedignas.com.mx\/wp-content\/uploads\/2021\/04\/logo-retina.png","width":280,"height":51,"caption":"Fuentes Fidedignas"},"image":{"@id":"https:\/\/fuentesfidedignas.com.mx\/#\/schema\/logo\/image\/"},"sameAs":["https:\/\/www.facebook.com\/Fuentes-Fidedignas-368234489921644","https:\/\/x.com\/fidedignas"]},{"@type":"Person","@id":"https:\/\/fuentesfidedignas.com.mx\/#\/schema\/person\/3f687c55082c557a647c7836bde45728","name":"Mtro. Horacio de Jes\u00fas Malcampo Moreno","image":{"@type":"ImageObject","inLanguage":"es","@id":"https:\/\/secure.gravatar.com\/avatar\/21fd667a5b9de079d383e44390566d4c728a6ce47b9b5e8419c61f1b793461ac?s=96&d=mm&r=g","url":"https:\/\/secure.gravatar.com\/avatar\/21fd667a5b9de079d383e44390566d4c728a6ce47b9b5e8419c61f1b793461ac?s=96&d=mm&r=g","contentUrl":"https:\/\/secure.gravatar.com\/avatar\/21fd667a5b9de079d383e44390566d4c728a6ce47b9b5e8419c61f1b793461ac?s=96&d=mm&r=g","caption":"Mtro. Horacio de Jes\u00fas Malcampo Moreno"},"url":"https:\/\/fuentesfidedignas.com.mx\/index.php\/author\/horacio\/"}]}},"_links":{"self":[{"href":"https:\/\/fuentesfidedignas.com.mx\/index.php\/wp-json\/wp\/v2\/posts\/74379","targetHints":{"allow":["GET"]}}],"collection":[{"href":"https:\/\/fuentesfidedignas.com.mx\/index.php\/wp-json\/wp\/v2\/posts"}],"about":[{"href":"https:\/\/fuentesfidedignas.com.mx\/index.php\/wp-json\/wp\/v2\/types\/post"}],"author":[{"embeddable":true,"href":"https:\/\/fuentesfidedignas.com.mx\/index.php\/wp-json\/wp\/v2\/users\/146"}],"replies":[{"embeddable":true,"href":"https:\/\/fuentesfidedignas.com.mx\/index.php\/wp-json\/wp\/v2\/comments?post=74379"}],"version-history":[{"count":1,"href":"https:\/\/fuentesfidedignas.com.mx\/index.php\/wp-json\/wp\/v2\/posts\/74379\/revisions"}],"predecessor-version":[{"id":74381,"href":"https:\/\/fuentesfidedignas.com.mx\/index.php\/wp-json\/wp\/v2\/posts\/74379\/revisions\/74381"}],"wp:featuredmedia":[{"embeddable":true,"href":"https:\/\/fuentesfidedignas.com.mx\/index.php\/wp-json\/wp\/v2\/media\/74380"}],"wp:attachment":[{"href":"https:\/\/fuentesfidedignas.com.mx\/index.php\/wp-json\/wp\/v2\/media?parent=74379"}],"wp:term":[{"taxonomy":"category","embeddable":true,"href":"https:\/\/fuentesfidedignas.com.mx\/index.php\/wp-json\/wp\/v2\/categories?post=74379"},{"taxonomy":"post_tag","embeddable":true,"href":"https:\/\/fuentesfidedignas.com.mx\/index.php\/wp-json\/wp\/v2\/tags?post=74379"}],"curies":[{"name":"wp","href":"https:\/\/api.w.org\/{rel}","templated":true}]}}