{"id":74376,"date":"2024-02-18T19:31:55","date_gmt":"2024-02-19T02:31:55","guid":{"rendered":"https:\/\/fuentesfidedignas.com.mx\/?p=74376"},"modified":"2024-02-18T19:31:56","modified_gmt":"2024-02-19T02:31:56","slug":"marcha-por-la-democracia-muestra-de-que-vivimos-en-un-pais-libre-amlo","status":"publish","type":"post","link":"https:\/\/fuentesfidedignas.com.mx\/index.php\/2024\/02\/18\/marcha-por-la-democracia-muestra-de-que-vivimos-en-un-pais-libre-amlo\/","title":{"rendered":"Marcha por la democracia muestra de que vivimos en un pa\u00eds libre: AMLO"},"content":{"rendered":"\n<p><em><strong>L\u00f3pez Obrador garantiz\u00f3 que no intervendr\u00e1 en las elecciones de este 2024 porque ya no hay elecciones de estado<\/strong><\/em><\/p>\n\n\n\n<p>Ciudad de M\u00e9xico.- El presidente\u00a0<strong>Andr\u00e9s Manuel L\u00f3pez Obrador<\/strong>\u00a0asegur\u00f3 que la realizaci\u00f3n de la \u2018<strong>Marcha por la democracia<\/strong>\u2018\u00a0<a href=\"https:\/\/lopezdoriga.com\/nacional\/cdmx-lorenzo-cordova-defiende-zocalo-democracia-no-se-toca\/\" target=\"_blank\" rel=\"noreferrer noopener\">realizada este domingo<\/a>\u00a0en la\u00a0<strong>Ciudad de M\u00e9xico<\/strong>\u00a0y en otras localidades del pa\u00eds \u201cdemuestra que vivimos en un pa\u00eds aut\u00e9nticamente democr\u00e1tico, como no se ve\u00eda en mucho tiempo\u201d.<\/p>\n\n\n\n<figure class=\"wp-block-embed is-type-rich is-provider-twitter wp-block-embed-twitter\"><div class=\"wp-block-embed__wrapper\">\n<blockquote class=\"twitter-tweet\" data-width=\"550\" data-dnt=\"true\"><p lang=\"es\" dir=\"ltr\">Con las marchas queda de manifiesto que vivimos en un pa\u00eds libre, pues en una dictadura no se podr\u00edan ni hacer movilizaciones ni tampoco insultar al presidente, consider\u00f3, desde Puebla, AMLO. Neg\u00f3 que exista el riesgo de una elecci\u00f3n de Estado<br><br>\ud83c\udfa5 Sara Pablo <a href=\"https:\/\/t.co\/dDGd0UTmGL\">pic.twitter.com\/dDGd0UTmGL<\/a><\/p>&mdash; Grupo F\u00f3rmula (@Radio_Formula) <a href=\"https:\/\/twitter.com\/Radio_Formula\/status\/1759344514215350520?ref_src=twsrc%5Etfw\">February 18, 2024<\/a><\/blockquote><script async src=\"https:\/\/platform.twitter.com\/widgets.js\" charset=\"utf-8\"><\/script>\n<\/div><\/figure>\n\n\n\n<p>Al concluir la entrega del templo de San Antonio de Padua, que fue rehabilitado tras el sismo de 2017, el mandatario critic\u00f3 a los asistentes de la marcha, particularmente a los intelectuales que se quedaron \u201ccallados\u201d ante los \u201cfraudes\u201d que ocurrieron en 2006 y 2012, a quienes incluso tach\u00f3 de \u201calcahuetes\u201d.<\/p>\n\n\n\n<blockquote class=\"wp-block-quote is-layout-flow wp-block-quote-is-layout-flow\">\n<p>&#8220;Es la democracia de ellos, la de los oligarcas, la de los ricos, la democracia de los corruptos. Nosotros lo que queremos es que haya la\u00a0<strong>democracia del pueblo<\/strong>\u201c, asegur\u00f3 el mandatario.<\/p>\n<\/blockquote>\n\n\n\n<p>L\u00f3pez Obrador garantiz\u00f3 que no intervendr\u00e1 en las elecciones de este 2024 porque ya no hay elecciones de estado.<\/p>\n","protected":false},"excerpt":{"rendered":"<p>L\u00f3pez Obrador garantiz\u00f3 que no intervendr\u00e1 en las elecciones de este 2024 porque ya no hay elecciones de estado Ciudad de M\u00e9xico.- El presidente\u00a0Andr\u00e9s Manuel L\u00f3pez Obrador\u00a0asegur\u00f3 que la realizaci\u00f3n de la \u2018Marcha por la democracia\u2018\u00a0realizada este domingo\u00a0en la\u00a0Ciudad de M\u00e9xico\u00a0y en otras localidades del pa\u00eds \u201cdemuestra que vivimos en un pa\u00eds aut\u00e9nticamente democr\u00e1tico, como [&hellip;]<\/p>\n","protected":false},"author":47,"featured_media":74377,"comment_status":"open","ping_status":"open","sticky":false,"template":"","format":"standard","meta":{"tdm_status":"","tdm_grid_status":"","footnotes":""},"categories":[39],"tags":[],"class_list":{"0":"post-74376","1":"post","2":"type-post","3":"status-publish","4":"format-standard","5":"has-post-thumbnail","7":"category-noticias-nacionales"},"yoast_head":"<!-- This site is optimized with the Yoast SEO plugin v27.5 - https:\/\/yoast.com\/product\/yoast-seo-wordpress\/ -->\n<title>Marcha por la democracia muestra de que vivimos en un pa\u00eds libre: AMLO - Fuentes Fidedignas<\/title>\n<meta name=\"robots\" content=\"index, follow, max-snippet:-1, max-image-preview:large, max-video-preview:-1\" \/>\n<link rel=\"canonical\" href=\"https:\/\/fuentesfidedignas.com.mx\/index.php\/2024\/02\/18\/marcha-por-la-democracia-muestra-de-que-vivimos-en-un-pais-libre-amlo\/\" \/>\n<meta property=\"og:locale\" content=\"es_MX\" \/>\n<meta property=\"og:type\" content=\"article\" \/>\n<meta property=\"og:title\" content=\"Marcha por la democracia muestra de que vivimos en un pa\u00eds libre: AMLO - Fuentes Fidedignas\" \/>\n<meta property=\"og:description\" content=\"L\u00f3pez Obrador garantiz\u00f3 que no intervendr\u00e1 en las elecciones de este 2024 porque ya no hay elecciones de estado Ciudad de M\u00e9xico.- El presidente\u00a0Andr\u00e9s Manuel L\u00f3pez Obrador\u00a0asegur\u00f3 que la realizaci\u00f3n de la \u2018Marcha por la democracia\u2018\u00a0realizada este domingo\u00a0en la\u00a0Ciudad de M\u00e9xico\u00a0y en otras localidades del pa\u00eds \u201cdemuestra que vivimos en un pa\u00eds aut\u00e9nticamente democr\u00e1tico, como [&hellip;]\" \/>\n<meta property=\"og:url\" content=\"https:\/\/fuentesfidedignas.com.mx\/index.php\/2024\/02\/18\/marcha-por-la-democracia-muestra-de-que-vivimos-en-un-pais-libre-amlo\/\" \/>\n<meta property=\"og:site_name\" content=\"Fuentes Fidedignas\" \/>\n<meta property=\"article:publisher\" content=\"https:\/\/www.facebook.com\/Fuentes-Fidedignas-368234489921644\" \/>\n<meta property=\"article:published_time\" content=\"2024-02-19T02:31:55+00:00\" \/>\n<meta property=\"article:modified_time\" content=\"2024-02-19T02:31:56+00:00\" \/>\n<meta property=\"og:image\" content=\"https:\/\/fuentesfidedignas.com.mx\/wp-content\/uploads\/2024\/02\/capture-20240218-193008.png\" \/>\n\t<meta property=\"og:image:width\" content=\"1091\" \/>\n\t<meta property=\"og:image:height\" content=\"542\" \/>\n\t<meta property=\"og:image:type\" content=\"image\/png\" \/>\n<meta name=\"author\" content=\"L\u00f3pez D\u00f3riga\" \/>\n<meta name=\"twitter:card\" content=\"summary_large_image\" \/>\n<meta name=\"twitter:creator\" content=\"@fidedignas\" \/>\n<meta name=\"twitter:site\" content=\"@fidedignas\" \/>\n<meta name=\"twitter:label1\" content=\"Escrito por\" \/>\n\t<meta name=\"twitter:data1\" content=\"L\u00f3pez D\u00f3riga\" \/>\n\t<meta name=\"twitter:label2\" content=\"Tiempo de lectura\" \/>\n\t<meta name=\"twitter:data2\" content=\"1 minuto\" \/>\n<script type=\"application\/ld+json\" class=\"yoast-schema-graph\">{\"@context\":\"https:\\\/\\\/schema.org\",\"@graph\":[{\"@type\":\"Article\",\"@id\":\"https:\\\/\\\/fuentesfidedignas.com.mx\\\/index.php\\\/2024\\\/02\\\/18\\\/marcha-por-la-democracia-muestra-de-que-vivimos-en-un-pais-libre-amlo\\\/#article\",\"isPartOf\":{\"@id\":\"https:\\\/\\\/fuentesfidedignas.com.mx\\\/index.php\\\/2024\\\/02\\\/18\\\/marcha-por-la-democracia-muestra-de-que-vivimos-en-un-pais-libre-amlo\\\/\"},\"author\":{\"name\":\"L\u00f3pez D\u00f3riga\",\"@id\":\"https:\\\/\\\/fuentesfidedignas.com.mx\\\/#\\\/schema\\\/person\\\/67d852f0557c8509146a4b9ddebd543a\"},\"headline\":\"Marcha por la democracia muestra de que vivimos en un pa\u00eds libre: AMLO\",\"datePublished\":\"2024-02-19T02:31:55+00:00\",\"dateModified\":\"2024-02-19T02:31:56+00:00\",\"mainEntityOfPage\":{\"@id\":\"https:\\\/\\\/fuentesfidedignas.com.mx\\\/index.php\\\/2024\\\/02\\\/18\\\/marcha-por-la-democracia-muestra-de-que-vivimos-en-un-pais-libre-amlo\\\/\"},\"wordCount\":231,\"commentCount\":0,\"publisher\":{\"@id\":\"https:\\\/\\\/fuentesfidedignas.com.mx\\\/#organization\"},\"image\":{\"@id\":\"https:\\\/\\\/fuentesfidedignas.com.mx\\\/index.php\\\/2024\\\/02\\\/18\\\/marcha-por-la-democracia-muestra-de-que-vivimos-en-un-pais-libre-amlo\\\/#primaryimage\"},\"thumbnailUrl\":\"https:\\\/\\\/fuentesfidedignas.com.mx\\\/wp-content\\\/uploads\\\/2024\\\/02\\\/capture-20240218-193008.png\",\"articleSection\":[\"NOTICIAS NACIONALES\"],\"inLanguage\":\"es\",\"potentialAction\":[{\"@type\":\"CommentAction\",\"name\":\"Comment\",\"target\":[\"https:\\\/\\\/fuentesfidedignas.com.mx\\\/index.php\\\/2024\\\/02\\\/18\\\/marcha-por-la-democracia-muestra-de-que-vivimos-en-un-pais-libre-amlo\\\/#respond\"]}]},{\"@type\":\"WebPage\",\"@id\":\"https:\\\/\\\/fuentesfidedignas.com.mx\\\/index.php\\\/2024\\\/02\\\/18\\\/marcha-por-la-democracia-muestra-de-que-vivimos-en-un-pais-libre-amlo\\\/\",\"url\":\"https:\\\/\\\/fuentesfidedignas.com.mx\\\/index.php\\\/2024\\\/02\\\/18\\\/marcha-por-la-democracia-muestra-de-que-vivimos-en-un-pais-libre-amlo\\\/\",\"name\":\"Marcha por la democracia muestra de que vivimos en un pa\u00eds libre: AMLO - Fuentes Fidedignas\",\"isPartOf\":{\"@id\":\"https:\\\/\\\/fuentesfidedignas.com.mx\\\/#website\"},\"primaryImageOfPage\":{\"@id\":\"https:\\\/\\\/fuentesfidedignas.com.mx\\\/index.php\\\/2024\\\/02\\\/18\\\/marcha-por-la-democracia-muestra-de-que-vivimos-en-un-pais-libre-amlo\\\/#primaryimage\"},\"image\":{\"@id\":\"https:\\\/\\\/fuentesfidedignas.com.mx\\\/index.php\\\/2024\\\/02\\\/18\\\/marcha-por-la-democracia-muestra-de-que-vivimos-en-un-pais-libre-amlo\\\/#primaryimage\"},\"thumbnailUrl\":\"https:\\\/\\\/fuentesfidedignas.com.mx\\\/wp-content\\\/uploads\\\/2024\\\/02\\\/capture-20240218-193008.png\",\"datePublished\":\"2024-02-19T02:31:55+00:00\",\"dateModified\":\"2024-02-19T02:31:56+00:00\",\"breadcrumb\":{\"@id\":\"https:\\\/\\\/fuentesfidedignas.com.mx\\\/index.php\\\/2024\\\/02\\\/18\\\/marcha-por-la-democracia-muestra-de-que-vivimos-en-un-pais-libre-amlo\\\/#breadcrumb\"},\"inLanguage\":\"es\",\"potentialAction\":[{\"@type\":\"ReadAction\",\"target\":[\"https:\\\/\\\/fuentesfidedignas.com.mx\\\/index.php\\\/2024\\\/02\\\/18\\\/marcha-por-la-democracia-muestra-de-que-vivimos-en-un-pais-libre-amlo\\\/\"]}]},{\"@type\":\"ImageObject\",\"inLanguage\":\"es\",\"@id\":\"https:\\\/\\\/fuentesfidedignas.com.mx\\\/index.php\\\/2024\\\/02\\\/18\\\/marcha-por-la-democracia-muestra-de-que-vivimos-en-un-pais-libre-amlo\\\/#primaryimage\",\"url\":\"https:\\\/\\\/fuentesfidedignas.com.mx\\\/wp-content\\\/uploads\\\/2024\\\/02\\\/capture-20240218-193008.png\",\"contentUrl\":\"https:\\\/\\\/fuentesfidedignas.com.mx\\\/wp-content\\\/uploads\\\/2024\\\/02\\\/capture-20240218-193008.png\",\"width\":1091,\"height\":542},{\"@type\":\"BreadcrumbList\",\"@id\":\"https:\\\/\\\/fuentesfidedignas.com.mx\\\/index.php\\\/2024\\\/02\\\/18\\\/marcha-por-la-democracia-muestra-de-que-vivimos-en-un-pais-libre-amlo\\\/#breadcrumb\",\"itemListElement\":[{\"@type\":\"ListItem\",\"position\":1,\"name\":\"Inicio\",\"item\":\"https:\\\/\\\/fuentesfidedignas.com.mx\\\/\"},{\"@type\":\"ListItem\",\"position\":2,\"name\":\"Marcha por la democracia muestra de que vivimos en un pa\u00eds libre: AMLO\"}]},{\"@type\":\"WebSite\",\"@id\":\"https:\\\/\\\/fuentesfidedignas.com.mx\\\/#website\",\"url\":\"https:\\\/\\\/fuentesfidedignas.com.mx\\\/\",\"name\":\"Fuentes Fidedignas\",\"description\":\"Otro sitio realizado con WordPress\",\"publisher\":{\"@id\":\"https:\\\/\\\/fuentesfidedignas.com.mx\\\/#organization\"},\"potentialAction\":[{\"@type\":\"SearchAction\",\"target\":{\"@type\":\"EntryPoint\",\"urlTemplate\":\"https:\\\/\\\/fuentesfidedignas.com.mx\\\/?s={search_term_string}\"},\"query-input\":{\"@type\":\"PropertyValueSpecification\",\"valueRequired\":true,\"valueName\":\"search_term_string\"}}],\"inLanguage\":\"es\"},{\"@type\":\"Organization\",\"@id\":\"https:\\\/\\\/fuentesfidedignas.com.mx\\\/#organization\",\"name\":\"Fuentes Fidedignas\",\"url\":\"https:\\\/\\\/fuentesfidedignas.com.mx\\\/\",\"logo\":{\"@type\":\"ImageObject\",\"inLanguage\":\"es\",\"@id\":\"https:\\\/\\\/fuentesfidedignas.com.mx\\\/#\\\/schema\\\/logo\\\/image\\\/\",\"url\":\"https:\\\/\\\/fuentesfidedignas.com.mx\\\/wp-content\\\/uploads\\\/2021\\\/04\\\/logo-retina.png\",\"contentUrl\":\"https:\\\/\\\/fuentesfidedignas.com.mx\\\/wp-content\\\/uploads\\\/2021\\\/04\\\/logo-retina.png\",\"width\":280,\"height\":51,\"caption\":\"Fuentes Fidedignas\"},\"image\":{\"@id\":\"https:\\\/\\\/fuentesfidedignas.com.mx\\\/#\\\/schema\\\/logo\\\/image\\\/\"},\"sameAs\":[\"https:\\\/\\\/www.facebook.com\\\/Fuentes-Fidedignas-368234489921644\",\"https:\\\/\\\/x.com\\\/fidedignas\"]},{\"@type\":\"Person\",\"@id\":\"https:\\\/\\\/fuentesfidedignas.com.mx\\\/#\\\/schema\\\/person\\\/67d852f0557c8509146a4b9ddebd543a\",\"name\":\"L\u00f3pez D\u00f3riga\",\"image\":{\"@type\":\"ImageObject\",\"inLanguage\":\"es\",\"@id\":\"https:\\\/\\\/secure.gravatar.com\\\/avatar\\\/e525b06574ca18b33cded59dfe5778d6c823b9513154eff47da551b0551bdd1e?s=96&d=mm&r=g\",\"url\":\"https:\\\/\\\/secure.gravatar.com\\\/avatar\\\/e525b06574ca18b33cded59dfe5778d6c823b9513154eff47da551b0551bdd1e?s=96&d=mm&r=g\",\"contentUrl\":\"https:\\\/\\\/secure.gravatar.com\\\/avatar\\\/e525b06574ca18b33cded59dfe5778d6c823b9513154eff47da551b0551bdd1e?s=96&d=mm&r=g\",\"caption\":\"L\u00f3pez D\u00f3riga\"},\"url\":\"https:\\\/\\\/fuentesfidedignas.com.mx\\\/index.php\\\/author\\\/doriga\\\/\"}]}<\/script>\n<!-- \/ Yoast SEO plugin. -->","yoast_head_json":{"title":"Marcha por la democracia muestra de que vivimos en un pa\u00eds libre: AMLO - Fuentes Fidedignas","robots":{"index":"index","follow":"follow","max-snippet":"max-snippet:-1","max-image-preview":"max-image-preview:large","max-video-preview":"max-video-preview:-1"},"canonical":"https:\/\/fuentesfidedignas.com.mx\/index.php\/2024\/02\/18\/marcha-por-la-democracia-muestra-de-que-vivimos-en-un-pais-libre-amlo\/","og_locale":"es_MX","og_type":"article","og_title":"Marcha por la democracia muestra de que vivimos en un pa\u00eds libre: AMLO - Fuentes Fidedignas","og_description":"L\u00f3pez Obrador garantiz\u00f3 que no intervendr\u00e1 en las elecciones de este 2024 porque ya no hay elecciones de estado Ciudad de M\u00e9xico.- El presidente\u00a0Andr\u00e9s Manuel L\u00f3pez Obrador\u00a0asegur\u00f3 que la realizaci\u00f3n de la \u2018Marcha por la democracia\u2018\u00a0realizada este domingo\u00a0en la\u00a0Ciudad de M\u00e9xico\u00a0y en otras localidades del pa\u00eds \u201cdemuestra que vivimos en un pa\u00eds aut\u00e9nticamente democr\u00e1tico, como [&hellip;]","og_url":"https:\/\/fuentesfidedignas.com.mx\/index.php\/2024\/02\/18\/marcha-por-la-democracia-muestra-de-que-vivimos-en-un-pais-libre-amlo\/","og_site_name":"Fuentes Fidedignas","article_publisher":"https:\/\/www.facebook.com\/Fuentes-Fidedignas-368234489921644","article_published_time":"2024-02-19T02:31:55+00:00","article_modified_time":"2024-02-19T02:31:56+00:00","og_image":[{"width":1091,"height":542,"url":"https:\/\/fuentesfidedignas.com.mx\/wp-content\/uploads\/2024\/02\/capture-20240218-193008.png","type":"image\/png"}],"author":"L\u00f3pez D\u00f3riga","twitter_card":"summary_large_image","twitter_creator":"@fidedignas","twitter_site":"@fidedignas","twitter_misc":{"Escrito por":"L\u00f3pez D\u00f3riga","Tiempo de lectura":"1 minuto"},"schema":{"@context":"https:\/\/schema.org","@graph":[{"@type":"Article","@id":"https:\/\/fuentesfidedignas.com.mx\/index.php\/2024\/02\/18\/marcha-por-la-democracia-muestra-de-que-vivimos-en-un-pais-libre-amlo\/#article","isPartOf":{"@id":"https:\/\/fuentesfidedignas.com.mx\/index.php\/2024\/02\/18\/marcha-por-la-democracia-muestra-de-que-vivimos-en-un-pais-libre-amlo\/"},"author":{"name":"L\u00f3pez D\u00f3riga","@id":"https:\/\/fuentesfidedignas.com.mx\/#\/schema\/person\/67d852f0557c8509146a4b9ddebd543a"},"headline":"Marcha por la democracia muestra de que vivimos en un pa\u00eds libre: AMLO","datePublished":"2024-02-19T02:31:55+00:00","dateModified":"2024-02-19T02:31:56+00:00","mainEntityOfPage":{"@id":"https:\/\/fuentesfidedignas.com.mx\/index.php\/2024\/02\/18\/marcha-por-la-democracia-muestra-de-que-vivimos-en-un-pais-libre-amlo\/"},"wordCount":231,"commentCount":0,"publisher":{"@id":"https:\/\/fuentesfidedignas.com.mx\/#organization"},"image":{"@id":"https:\/\/fuentesfidedignas.com.mx\/index.php\/2024\/02\/18\/marcha-por-la-democracia-muestra-de-que-vivimos-en-un-pais-libre-amlo\/#primaryimage"},"thumbnailUrl":"https:\/\/fuentesfidedignas.com.mx\/wp-content\/uploads\/2024\/02\/capture-20240218-193008.png","articleSection":["NOTICIAS NACIONALES"],"inLanguage":"es","potentialAction":[{"@type":"CommentAction","name":"Comment","target":["https:\/\/fuentesfidedignas.com.mx\/index.php\/2024\/02\/18\/marcha-por-la-democracia-muestra-de-que-vivimos-en-un-pais-libre-amlo\/#respond"]}]},{"@type":"WebPage","@id":"https:\/\/fuentesfidedignas.com.mx\/index.php\/2024\/02\/18\/marcha-por-la-democracia-muestra-de-que-vivimos-en-un-pais-libre-amlo\/","url":"https:\/\/fuentesfidedignas.com.mx\/index.php\/2024\/02\/18\/marcha-por-la-democracia-muestra-de-que-vivimos-en-un-pais-libre-amlo\/","name":"Marcha por la democracia muestra de que vivimos en un pa\u00eds libre: AMLO - Fuentes Fidedignas","isPartOf":{"@id":"https:\/\/fuentesfidedignas.com.mx\/#website"},"primaryImageOfPage":{"@id":"https:\/\/fuentesfidedignas.com.mx\/index.php\/2024\/02\/18\/marcha-por-la-democracia-muestra-de-que-vivimos-en-un-pais-libre-amlo\/#primaryimage"},"image":{"@id":"https:\/\/fuentesfidedignas.com.mx\/index.php\/2024\/02\/18\/marcha-por-la-democracia-muestra-de-que-vivimos-en-un-pais-libre-amlo\/#primaryimage"},"thumbnailUrl":"https:\/\/fuentesfidedignas.com.mx\/wp-content\/uploads\/2024\/02\/capture-20240218-193008.png","datePublished":"2024-02-19T02:31:55+00:00","dateModified":"2024-02-19T02:31:56+00:00","breadcrumb":{"@id":"https:\/\/fuentesfidedignas.com.mx\/index.php\/2024\/02\/18\/marcha-por-la-democracia-muestra-de-que-vivimos-en-un-pais-libre-amlo\/#breadcrumb"},"inLanguage":"es","potentialAction":[{"@type":"ReadAction","target":["https:\/\/fuentesfidedignas.com.mx\/index.php\/2024\/02\/18\/marcha-por-la-democracia-muestra-de-que-vivimos-en-un-pais-libre-amlo\/"]}]},{"@type":"ImageObject","inLanguage":"es","@id":"https:\/\/fuentesfidedignas.com.mx\/index.php\/2024\/02\/18\/marcha-por-la-democracia-muestra-de-que-vivimos-en-un-pais-libre-amlo\/#primaryimage","url":"https:\/\/fuentesfidedignas.com.mx\/wp-content\/uploads\/2024\/02\/capture-20240218-193008.png","contentUrl":"https:\/\/fuentesfidedignas.com.mx\/wp-content\/uploads\/2024\/02\/capture-20240218-193008.png","width":1091,"height":542},{"@type":"BreadcrumbList","@id":"https:\/\/fuentesfidedignas.com.mx\/index.php\/2024\/02\/18\/marcha-por-la-democracia-muestra-de-que-vivimos-en-un-pais-libre-amlo\/#breadcrumb","itemListElement":[{"@type":"ListItem","position":1,"name":"Inicio","item":"https:\/\/fuentesfidedignas.com.mx\/"},{"@type":"ListItem","position":2,"name":"Marcha por la democracia muestra de que vivimos en un pa\u00eds libre: AMLO"}]},{"@type":"WebSite","@id":"https:\/\/fuentesfidedignas.com.mx\/#website","url":"https:\/\/fuentesfidedignas.com.mx\/","name":"Fuentes Fidedignas","description":"Otro sitio realizado con WordPress","publisher":{"@id":"https:\/\/fuentesfidedignas.com.mx\/#organization"},"potentialAction":[{"@type":"SearchAction","target":{"@type":"EntryPoint","urlTemplate":"https:\/\/fuentesfidedignas.com.mx\/?s={search_term_string}"},"query-input":{"@type":"PropertyValueSpecification","valueRequired":true,"valueName":"search_term_string"}}],"inLanguage":"es"},{"@type":"Organization","@id":"https:\/\/fuentesfidedignas.com.mx\/#organization","name":"Fuentes Fidedignas","url":"https:\/\/fuentesfidedignas.com.mx\/","logo":{"@type":"ImageObject","inLanguage":"es","@id":"https:\/\/fuentesfidedignas.com.mx\/#\/schema\/logo\/image\/","url":"https:\/\/fuentesfidedignas.com.mx\/wp-content\/uploads\/2021\/04\/logo-retina.png","contentUrl":"https:\/\/fuentesfidedignas.com.mx\/wp-content\/uploads\/2021\/04\/logo-retina.png","width":280,"height":51,"caption":"Fuentes Fidedignas"},"image":{"@id":"https:\/\/fuentesfidedignas.com.mx\/#\/schema\/logo\/image\/"},"sameAs":["https:\/\/www.facebook.com\/Fuentes-Fidedignas-368234489921644","https:\/\/x.com\/fidedignas"]},{"@type":"Person","@id":"https:\/\/fuentesfidedignas.com.mx\/#\/schema\/person\/67d852f0557c8509146a4b9ddebd543a","name":"L\u00f3pez D\u00f3riga","image":{"@type":"ImageObject","inLanguage":"es","@id":"https:\/\/secure.gravatar.com\/avatar\/e525b06574ca18b33cded59dfe5778d6c823b9513154eff47da551b0551bdd1e?s=96&d=mm&r=g","url":"https:\/\/secure.gravatar.com\/avatar\/e525b06574ca18b33cded59dfe5778d6c823b9513154eff47da551b0551bdd1e?s=96&d=mm&r=g","contentUrl":"https:\/\/secure.gravatar.com\/avatar\/e525b06574ca18b33cded59dfe5778d6c823b9513154eff47da551b0551bdd1e?s=96&d=mm&r=g","caption":"L\u00f3pez D\u00f3riga"},"url":"https:\/\/fuentesfidedignas.com.mx\/index.php\/author\/doriga\/"}]}},"_links":{"self":[{"href":"https:\/\/fuentesfidedignas.com.mx\/index.php\/wp-json\/wp\/v2\/posts\/74376","targetHints":{"allow":["GET"]}}],"collection":[{"href":"https:\/\/fuentesfidedignas.com.mx\/index.php\/wp-json\/wp\/v2\/posts"}],"about":[{"href":"https:\/\/fuentesfidedignas.com.mx\/index.php\/wp-json\/wp\/v2\/types\/post"}],"author":[{"embeddable":true,"href":"https:\/\/fuentesfidedignas.com.mx\/index.php\/wp-json\/wp\/v2\/users\/47"}],"replies":[{"embeddable":true,"href":"https:\/\/fuentesfidedignas.com.mx\/index.php\/wp-json\/wp\/v2\/comments?post=74376"}],"version-history":[{"count":1,"href":"https:\/\/fuentesfidedignas.com.mx\/index.php\/wp-json\/wp\/v2\/posts\/74376\/revisions"}],"predecessor-version":[{"id":74378,"href":"https:\/\/fuentesfidedignas.com.mx\/index.php\/wp-json\/wp\/v2\/posts\/74376\/revisions\/74378"}],"wp:featuredmedia":[{"embeddable":true,"href":"https:\/\/fuentesfidedignas.com.mx\/index.php\/wp-json\/wp\/v2\/media\/74377"}],"wp:attachment":[{"href":"https:\/\/fuentesfidedignas.com.mx\/index.php\/wp-json\/wp\/v2\/media?parent=74376"}],"wp:term":[{"taxonomy":"category","embeddable":true,"href":"https:\/\/fuentesfidedignas.com.mx\/index.php\/wp-json\/wp\/v2\/categories?post=74376"},{"taxonomy":"post_tag","embeddable":true,"href":"https:\/\/fuentesfidedignas.com.mx\/index.php\/wp-json\/wp\/v2\/tags?post=74376"}],"curies":[{"name":"wp","href":"https:\/\/api.w.org\/{rel}","templated":true}]}}