{"id":74283,"date":"2024-02-18T05:44:02","date_gmt":"2024-02-18T12:44:02","guid":{"rendered":"https:\/\/fuentesfidedignas.com.mx\/?p=74283"},"modified":"2024-02-17T16:46:42","modified_gmt":"2024-02-17T23:46:42","slug":"video-joven-se-viste-de-ajolote-en-san-valentin-para-declararse-y-es-rechazado","status":"publish","type":"post","link":"https:\/\/fuentesfidedignas.com.mx\/index.php\/2024\/02\/18\/video-joven-se-viste-de-ajolote-en-san-valentin-para-declararse-y-es-rechazado\/","title":{"rendered":"VIDEO: Joven se viste de Ajolote en San Valent\u00edn para declararse y es rechazado"},"content":{"rendered":"\n<p><strong><em>Un joven, vestido con una botarga de ajolote color rosa, baja la cabeza con pesar tras ser rechazado por su amada<\/em><\/strong><\/p>\n\n\n\n<p>Un video viral ha cautivado a las redes sociales, mostrando el desgarrador momento en que un hombre disfrazado de ajolote declara su amor a una chica, solo para ser rechazado.<\/p>\n\n\n\n<p>El video, compartido en la cuenta de TikTok @soyelpeps27, captura la triste escena donde un joven, vestido con una botarga de ajolote color rosa, baja la cabeza con pesar tras ser rechazado por su amada. La canci\u00f3n de fondo, \u201cYo no nac\u00ed para amar\u201d, de Juan Gabriel, a\u00f1ade un poco de melancol\u00eda a la situaci\u00f3n.<\/p>\n\n\n\n<p>ombre es rechazado en el D\u00eda de San Valent\u00edn<br>La reacci\u00f3n en las redes sociales fue inmediata, generando cientos de comentarios y debates entre los usuarios. Algunos expresaron simpat\u00eda y aliento hacia el desafortunado hombre, mientras que otros no pudieron evitar hacer comentarios sarc\u00e1sticos sobre la situaci\u00f3n.<\/p>\n\n\n\n<p>\u201cNo te preocupes soldado, ese espect\u00e1culo te hizo resaltar entre un mar de mujeres que quisieran un detalle as\u00ed\u201d, coment\u00f3 un usuario, reflejando un sentimiento de solidaridad con el joven rechazado. Otros, en un tono m\u00e1s humor\u00edstico, se\u00f1alaron: \u201cYa ni los ajolotes se salvan de eso\u201d.<\/p>\n\n\n\n<blockquote class=\"tiktok-embed\" cite=\"https:\/\/www.tiktok.com\/@soyelpeps27\/video\/7335943414309031173\" data-video-id=\"7335943414309031173\" style=\"max-width: 605px;min-width: 325px;\" > <section> <a target=\"_blank\" title=\"@soyelpeps27\" href=\"https:\/\/www.tiktok.com\/@soyelpeps27?refer=embed\" rel=\"noopener\">@soyelpeps27<\/a> historias sad. visita la cueva del axolote nos encontramos en tlalnepantla de baz, frente a la FESI. <a title=\"desamor\ud83d\udc94\" target=\"_blank\" href=\"https:\/\/www.tiktok.com\/tag\/desamor%F0%9F%92%94?refer=embed\" rel=\"noopener\">#desamor\ud83d\udc94<\/a> <a title=\"sanvalentin\" target=\"_blank\" href=\"https:\/\/www.tiktok.com\/tag\/sanvalentin?refer=embed\" rel=\"noopener\">#sanvalentin<\/a> <a title=\"14defebrero\" target=\"_blank\" href=\"https:\/\/www.tiktok.com\/tag\/14defebrero?refer=embed\" rel=\"noopener\">#14defebrero<\/a> <a title=\"ajolote\" target=\"_blank\" href=\"https:\/\/www.tiktok.com\/tag\/ajolote?refer=embed\" rel=\"noopener\">#ajolote<\/a> <a title=\"coffeboard\" target=\"_blank\" href=\"https:\/\/www.tiktok.com\/tag\/coffeboard?refer=embed\" rel=\"noopener\">#coffeboard<\/a> <a title=\"unam\" target=\"_blank\" href=\"https:\/\/www.tiktok.com\/tag\/unam?refer=embed\" rel=\"noopener\">#unam<\/a> <a title=\"viral\" target=\"_blank\" href=\"https:\/\/www.tiktok.com\/tag\/viral?refer=embed\" rel=\"noopener\">#viral<\/a> <a title=\"temach\" target=\"_blank\" href=\"https:\/\/www.tiktok.com\/tag\/temach?refer=embed\" rel=\"noopener\">#temach<\/a> <a title=\"soldadocaido\" target=\"_blank\" href=\"https:\/\/www.tiktok.com\/tag\/soldadocaido?refer=embed\" rel=\"noopener\">#soldadocaido<\/a> <a target=\"_blank\" title=\"\u266c sonido original - S\u00f3lo Rom\u00e1nticos \ud83c\udf37\" href=\"https:\/\/www.tiktok.com\/music\/sonido-original-7046422919626492678?refer=embed\" rel=\"noopener\">\u266c sonido original &#8211; S\u00f3lo Rom\u00e1nticos \ud83c\udf37<\/a> <\/section> <\/blockquote> <script async src=\"https:\/\/www.tiktok.com\/embed.js\"><\/script>\n","protected":false},"excerpt":{"rendered":"<p>Un joven, vestido con una botarga de ajolote color rosa, baja la cabeza con pesar tras ser rechazado por su amada Un video viral ha cautivado a las redes sociales, mostrando el desgarrador momento en que un hombre disfrazado de ajolote declara su amor a una chica, solo para ser rechazado. El video, compartido en [&hellip;]<\/p>\n","protected":false},"author":40,"featured_media":74284,"comment_status":"open","ping_status":"open","sticky":false,"template":"","format":"standard","meta":{"tdm_status":"","tdm_grid_status":"","footnotes":""},"categories":[40],"tags":[],"class_list":{"0":"post-74283","1":"post","2":"type-post","3":"status-publish","4":"format-standard","5":"has-post-thumbnail","7":"category-las-asombrosas"},"yoast_head":"<!-- This site is optimized with the Yoast SEO plugin v27.5 - https:\/\/yoast.com\/product\/yoast-seo-wordpress\/ -->\n<title>VIDEO: Joven se viste de Ajolote en San Valent\u00edn para declararse y es rechazado - Fuentes Fidedignas<\/title>\n<meta name=\"robots\" content=\"index, follow, max-snippet:-1, max-image-preview:large, max-video-preview:-1\" \/>\n<link rel=\"canonical\" href=\"https:\/\/fuentesfidedignas.com.mx\/index.php\/2024\/02\/18\/video-joven-se-viste-de-ajolote-en-san-valentin-para-declararse-y-es-rechazado\/\" \/>\n<meta property=\"og:locale\" content=\"es_MX\" \/>\n<meta property=\"og:type\" content=\"article\" \/>\n<meta property=\"og:title\" content=\"VIDEO: Joven se viste de Ajolote en San Valent\u00edn para declararse y es rechazado - Fuentes Fidedignas\" \/>\n<meta property=\"og:description\" content=\"Un joven, vestido con una botarga de ajolote color rosa, baja la cabeza con pesar tras ser rechazado por su amada Un video viral ha cautivado a las redes sociales, mostrando el desgarrador momento en que un hombre disfrazado de ajolote declara su amor a una chica, solo para ser rechazado. El video, compartido en [&hellip;]\" \/>\n<meta property=\"og:url\" content=\"https:\/\/fuentesfidedignas.com.mx\/index.php\/2024\/02\/18\/video-joven-se-viste-de-ajolote-en-san-valentin-para-declararse-y-es-rechazado\/\" \/>\n<meta property=\"og:site_name\" content=\"Fuentes Fidedignas\" \/>\n<meta property=\"article:publisher\" content=\"https:\/\/www.facebook.com\/Fuentes-Fidedignas-368234489921644\" \/>\n<meta property=\"article:published_time\" content=\"2024-02-18T12:44:02+00:00\" \/>\n<meta property=\"og:image\" content=\"https:\/\/fuentesfidedignas.com.mx\/wp-content\/uploads\/2024\/02\/AJOLOSOLDADO.jpg\" \/>\n\t<meta property=\"og:image:width\" content=\"850\" \/>\n\t<meta property=\"og:image:height\" content=\"434\" \/>\n\t<meta property=\"og:image:type\" content=\"image\/jpeg\" \/>\n<meta name=\"author\" content=\"El Imparcial\" \/>\n<meta name=\"twitter:card\" content=\"summary_large_image\" \/>\n<meta name=\"twitter:creator\" content=\"@fidedignas\" \/>\n<meta name=\"twitter:site\" content=\"@fidedignas\" \/>\n<meta name=\"twitter:label1\" content=\"Escrito por\" \/>\n\t<meta name=\"twitter:data1\" content=\"El Imparcial\" \/>\n\t<meta name=\"twitter:label2\" content=\"Tiempo de lectura\" \/>\n\t<meta name=\"twitter:data2\" content=\"2 minutos\" \/>\n<script type=\"application\/ld+json\" class=\"yoast-schema-graph\">{\"@context\":\"https:\\\/\\\/schema.org\",\"@graph\":[{\"@type\":\"Article\",\"@id\":\"https:\\\/\\\/fuentesfidedignas.com.mx\\\/index.php\\\/2024\\\/02\\\/18\\\/video-joven-se-viste-de-ajolote-en-san-valentin-para-declararse-y-es-rechazado\\\/#article\",\"isPartOf\":{\"@id\":\"https:\\\/\\\/fuentesfidedignas.com.mx\\\/index.php\\\/2024\\\/02\\\/18\\\/video-joven-se-viste-de-ajolote-en-san-valentin-para-declararse-y-es-rechazado\\\/\"},\"author\":{\"name\":\"El Imparcial\",\"@id\":\"https:\\\/\\\/fuentesfidedignas.com.mx\\\/#\\\/schema\\\/person\\\/ff4db17f8fd9c584e0cfc2a0c436b8a1\"},\"headline\":\"VIDEO: Joven se viste de Ajolote en San Valent\u00edn para declararse y es rechazado\",\"datePublished\":\"2024-02-18T12:44:02+00:00\",\"mainEntityOfPage\":{\"@id\":\"https:\\\/\\\/fuentesfidedignas.com.mx\\\/index.php\\\/2024\\\/02\\\/18\\\/video-joven-se-viste-de-ajolote-en-san-valentin-para-declararse-y-es-rechazado\\\/\"},\"wordCount\":261,\"commentCount\":0,\"publisher\":{\"@id\":\"https:\\\/\\\/fuentesfidedignas.com.mx\\\/#organization\"},\"image\":{\"@id\":\"https:\\\/\\\/fuentesfidedignas.com.mx\\\/index.php\\\/2024\\\/02\\\/18\\\/video-joven-se-viste-de-ajolote-en-san-valentin-para-declararse-y-es-rechazado\\\/#primaryimage\"},\"thumbnailUrl\":\"https:\\\/\\\/fuentesfidedignas.com.mx\\\/wp-content\\\/uploads\\\/2024\\\/02\\\/AJOLOSOLDADO.jpg\",\"articleSection\":[\"LAS ASOMBROSAS\"],\"inLanguage\":\"es\",\"potentialAction\":[{\"@type\":\"CommentAction\",\"name\":\"Comment\",\"target\":[\"https:\\\/\\\/fuentesfidedignas.com.mx\\\/index.php\\\/2024\\\/02\\\/18\\\/video-joven-se-viste-de-ajolote-en-san-valentin-para-declararse-y-es-rechazado\\\/#respond\"]}]},{\"@type\":\"WebPage\",\"@id\":\"https:\\\/\\\/fuentesfidedignas.com.mx\\\/index.php\\\/2024\\\/02\\\/18\\\/video-joven-se-viste-de-ajolote-en-san-valentin-para-declararse-y-es-rechazado\\\/\",\"url\":\"https:\\\/\\\/fuentesfidedignas.com.mx\\\/index.php\\\/2024\\\/02\\\/18\\\/video-joven-se-viste-de-ajolote-en-san-valentin-para-declararse-y-es-rechazado\\\/\",\"name\":\"VIDEO: Joven se viste de Ajolote en San Valent\u00edn para declararse y es rechazado - Fuentes Fidedignas\",\"isPartOf\":{\"@id\":\"https:\\\/\\\/fuentesfidedignas.com.mx\\\/#website\"},\"primaryImageOfPage\":{\"@id\":\"https:\\\/\\\/fuentesfidedignas.com.mx\\\/index.php\\\/2024\\\/02\\\/18\\\/video-joven-se-viste-de-ajolote-en-san-valentin-para-declararse-y-es-rechazado\\\/#primaryimage\"},\"image\":{\"@id\":\"https:\\\/\\\/fuentesfidedignas.com.mx\\\/index.php\\\/2024\\\/02\\\/18\\\/video-joven-se-viste-de-ajolote-en-san-valentin-para-declararse-y-es-rechazado\\\/#primaryimage\"},\"thumbnailUrl\":\"https:\\\/\\\/fuentesfidedignas.com.mx\\\/wp-content\\\/uploads\\\/2024\\\/02\\\/AJOLOSOLDADO.jpg\",\"datePublished\":\"2024-02-18T12:44:02+00:00\",\"breadcrumb\":{\"@id\":\"https:\\\/\\\/fuentesfidedignas.com.mx\\\/index.php\\\/2024\\\/02\\\/18\\\/video-joven-se-viste-de-ajolote-en-san-valentin-para-declararse-y-es-rechazado\\\/#breadcrumb\"},\"inLanguage\":\"es\",\"potentialAction\":[{\"@type\":\"ReadAction\",\"target\":[\"https:\\\/\\\/fuentesfidedignas.com.mx\\\/index.php\\\/2024\\\/02\\\/18\\\/video-joven-se-viste-de-ajolote-en-san-valentin-para-declararse-y-es-rechazado\\\/\"]}]},{\"@type\":\"ImageObject\",\"inLanguage\":\"es\",\"@id\":\"https:\\\/\\\/fuentesfidedignas.com.mx\\\/index.php\\\/2024\\\/02\\\/18\\\/video-joven-se-viste-de-ajolote-en-san-valentin-para-declararse-y-es-rechazado\\\/#primaryimage\",\"url\":\"https:\\\/\\\/fuentesfidedignas.com.mx\\\/wp-content\\\/uploads\\\/2024\\\/02\\\/AJOLOSOLDADO.jpg\",\"contentUrl\":\"https:\\\/\\\/fuentesfidedignas.com.mx\\\/wp-content\\\/uploads\\\/2024\\\/02\\\/AJOLOSOLDADO.jpg\",\"width\":850,\"height\":434},{\"@type\":\"BreadcrumbList\",\"@id\":\"https:\\\/\\\/fuentesfidedignas.com.mx\\\/index.php\\\/2024\\\/02\\\/18\\\/video-joven-se-viste-de-ajolote-en-san-valentin-para-declararse-y-es-rechazado\\\/#breadcrumb\",\"itemListElement\":[{\"@type\":\"ListItem\",\"position\":1,\"name\":\"Inicio\",\"item\":\"https:\\\/\\\/fuentesfidedignas.com.mx\\\/\"},{\"@type\":\"ListItem\",\"position\":2,\"name\":\"VIDEO: Joven se viste de Ajolote en San Valent\u00edn para declararse y es rechazado\"}]},{\"@type\":\"WebSite\",\"@id\":\"https:\\\/\\\/fuentesfidedignas.com.mx\\\/#website\",\"url\":\"https:\\\/\\\/fuentesfidedignas.com.mx\\\/\",\"name\":\"Fuentes Fidedignas\",\"description\":\"Otro sitio realizado con WordPress\",\"publisher\":{\"@id\":\"https:\\\/\\\/fuentesfidedignas.com.mx\\\/#organization\"},\"potentialAction\":[{\"@type\":\"SearchAction\",\"target\":{\"@type\":\"EntryPoint\",\"urlTemplate\":\"https:\\\/\\\/fuentesfidedignas.com.mx\\\/?s={search_term_string}\"},\"query-input\":{\"@type\":\"PropertyValueSpecification\",\"valueRequired\":true,\"valueName\":\"search_term_string\"}}],\"inLanguage\":\"es\"},{\"@type\":\"Organization\",\"@id\":\"https:\\\/\\\/fuentesfidedignas.com.mx\\\/#organization\",\"name\":\"Fuentes Fidedignas\",\"url\":\"https:\\\/\\\/fuentesfidedignas.com.mx\\\/\",\"logo\":{\"@type\":\"ImageObject\",\"inLanguage\":\"es\",\"@id\":\"https:\\\/\\\/fuentesfidedignas.com.mx\\\/#\\\/schema\\\/logo\\\/image\\\/\",\"url\":\"https:\\\/\\\/fuentesfidedignas.com.mx\\\/wp-content\\\/uploads\\\/2021\\\/04\\\/logo-retina.png\",\"contentUrl\":\"https:\\\/\\\/fuentesfidedignas.com.mx\\\/wp-content\\\/uploads\\\/2021\\\/04\\\/logo-retina.png\",\"width\":280,\"height\":51,\"caption\":\"Fuentes Fidedignas\"},\"image\":{\"@id\":\"https:\\\/\\\/fuentesfidedignas.com.mx\\\/#\\\/schema\\\/logo\\\/image\\\/\"},\"sameAs\":[\"https:\\\/\\\/www.facebook.com\\\/Fuentes-Fidedignas-368234489921644\",\"https:\\\/\\\/x.com\\\/fidedignas\"]},{\"@type\":\"Person\",\"@id\":\"https:\\\/\\\/fuentesfidedignas.com.mx\\\/#\\\/schema\\\/person\\\/ff4db17f8fd9c584e0cfc2a0c436b8a1\",\"name\":\"El Imparcial\",\"image\":{\"@type\":\"ImageObject\",\"inLanguage\":\"es\",\"@id\":\"https:\\\/\\\/secure.gravatar.com\\\/avatar\\\/accd6807585a75316c237ee783498317be6f66ab34c47c940966f26a3f613161?s=96&d=mm&r=g\",\"url\":\"https:\\\/\\\/secure.gravatar.com\\\/avatar\\\/accd6807585a75316c237ee783498317be6f66ab34c47c940966f26a3f613161?s=96&d=mm&r=g\",\"contentUrl\":\"https:\\\/\\\/secure.gravatar.com\\\/avatar\\\/accd6807585a75316c237ee783498317be6f66ab34c47c940966f26a3f613161?s=96&d=mm&r=g\",\"caption\":\"El Imparcial\"},\"url\":\"https:\\\/\\\/fuentesfidedignas.com.mx\\\/index.php\\\/author\\\/imparcial\\\/\"}]}<\/script>\n<!-- \/ Yoast SEO plugin. -->","yoast_head_json":{"title":"VIDEO: Joven se viste de Ajolote en San Valent\u00edn para declararse y es rechazado - Fuentes Fidedignas","robots":{"index":"index","follow":"follow","max-snippet":"max-snippet:-1","max-image-preview":"max-image-preview:large","max-video-preview":"max-video-preview:-1"},"canonical":"https:\/\/fuentesfidedignas.com.mx\/index.php\/2024\/02\/18\/video-joven-se-viste-de-ajolote-en-san-valentin-para-declararse-y-es-rechazado\/","og_locale":"es_MX","og_type":"article","og_title":"VIDEO: Joven se viste de Ajolote en San Valent\u00edn para declararse y es rechazado - Fuentes Fidedignas","og_description":"Un joven, vestido con una botarga de ajolote color rosa, baja la cabeza con pesar tras ser rechazado por su amada Un video viral ha cautivado a las redes sociales, mostrando el desgarrador momento en que un hombre disfrazado de ajolote declara su amor a una chica, solo para ser rechazado. El video, compartido en [&hellip;]","og_url":"https:\/\/fuentesfidedignas.com.mx\/index.php\/2024\/02\/18\/video-joven-se-viste-de-ajolote-en-san-valentin-para-declararse-y-es-rechazado\/","og_site_name":"Fuentes Fidedignas","article_publisher":"https:\/\/www.facebook.com\/Fuentes-Fidedignas-368234489921644","article_published_time":"2024-02-18T12:44:02+00:00","og_image":[{"width":850,"height":434,"url":"https:\/\/fuentesfidedignas.com.mx\/wp-content\/uploads\/2024\/02\/AJOLOSOLDADO.jpg","type":"image\/jpeg"}],"author":"El Imparcial","twitter_card":"summary_large_image","twitter_creator":"@fidedignas","twitter_site":"@fidedignas","twitter_misc":{"Escrito por":"El Imparcial","Tiempo de lectura":"2 minutos"},"schema":{"@context":"https:\/\/schema.org","@graph":[{"@type":"Article","@id":"https:\/\/fuentesfidedignas.com.mx\/index.php\/2024\/02\/18\/video-joven-se-viste-de-ajolote-en-san-valentin-para-declararse-y-es-rechazado\/#article","isPartOf":{"@id":"https:\/\/fuentesfidedignas.com.mx\/index.php\/2024\/02\/18\/video-joven-se-viste-de-ajolote-en-san-valentin-para-declararse-y-es-rechazado\/"},"author":{"name":"El Imparcial","@id":"https:\/\/fuentesfidedignas.com.mx\/#\/schema\/person\/ff4db17f8fd9c584e0cfc2a0c436b8a1"},"headline":"VIDEO: Joven se viste de Ajolote en San Valent\u00edn para declararse y es rechazado","datePublished":"2024-02-18T12:44:02+00:00","mainEntityOfPage":{"@id":"https:\/\/fuentesfidedignas.com.mx\/index.php\/2024\/02\/18\/video-joven-se-viste-de-ajolote-en-san-valentin-para-declararse-y-es-rechazado\/"},"wordCount":261,"commentCount":0,"publisher":{"@id":"https:\/\/fuentesfidedignas.com.mx\/#organization"},"image":{"@id":"https:\/\/fuentesfidedignas.com.mx\/index.php\/2024\/02\/18\/video-joven-se-viste-de-ajolote-en-san-valentin-para-declararse-y-es-rechazado\/#primaryimage"},"thumbnailUrl":"https:\/\/fuentesfidedignas.com.mx\/wp-content\/uploads\/2024\/02\/AJOLOSOLDADO.jpg","articleSection":["LAS ASOMBROSAS"],"inLanguage":"es","potentialAction":[{"@type":"CommentAction","name":"Comment","target":["https:\/\/fuentesfidedignas.com.mx\/index.php\/2024\/02\/18\/video-joven-se-viste-de-ajolote-en-san-valentin-para-declararse-y-es-rechazado\/#respond"]}]},{"@type":"WebPage","@id":"https:\/\/fuentesfidedignas.com.mx\/index.php\/2024\/02\/18\/video-joven-se-viste-de-ajolote-en-san-valentin-para-declararse-y-es-rechazado\/","url":"https:\/\/fuentesfidedignas.com.mx\/index.php\/2024\/02\/18\/video-joven-se-viste-de-ajolote-en-san-valentin-para-declararse-y-es-rechazado\/","name":"VIDEO: Joven se viste de Ajolote en San Valent\u00edn para declararse y es rechazado - Fuentes Fidedignas","isPartOf":{"@id":"https:\/\/fuentesfidedignas.com.mx\/#website"},"primaryImageOfPage":{"@id":"https:\/\/fuentesfidedignas.com.mx\/index.php\/2024\/02\/18\/video-joven-se-viste-de-ajolote-en-san-valentin-para-declararse-y-es-rechazado\/#primaryimage"},"image":{"@id":"https:\/\/fuentesfidedignas.com.mx\/index.php\/2024\/02\/18\/video-joven-se-viste-de-ajolote-en-san-valentin-para-declararse-y-es-rechazado\/#primaryimage"},"thumbnailUrl":"https:\/\/fuentesfidedignas.com.mx\/wp-content\/uploads\/2024\/02\/AJOLOSOLDADO.jpg","datePublished":"2024-02-18T12:44:02+00:00","breadcrumb":{"@id":"https:\/\/fuentesfidedignas.com.mx\/index.php\/2024\/02\/18\/video-joven-se-viste-de-ajolote-en-san-valentin-para-declararse-y-es-rechazado\/#breadcrumb"},"inLanguage":"es","potentialAction":[{"@type":"ReadAction","target":["https:\/\/fuentesfidedignas.com.mx\/index.php\/2024\/02\/18\/video-joven-se-viste-de-ajolote-en-san-valentin-para-declararse-y-es-rechazado\/"]}]},{"@type":"ImageObject","inLanguage":"es","@id":"https:\/\/fuentesfidedignas.com.mx\/index.php\/2024\/02\/18\/video-joven-se-viste-de-ajolote-en-san-valentin-para-declararse-y-es-rechazado\/#primaryimage","url":"https:\/\/fuentesfidedignas.com.mx\/wp-content\/uploads\/2024\/02\/AJOLOSOLDADO.jpg","contentUrl":"https:\/\/fuentesfidedignas.com.mx\/wp-content\/uploads\/2024\/02\/AJOLOSOLDADO.jpg","width":850,"height":434},{"@type":"BreadcrumbList","@id":"https:\/\/fuentesfidedignas.com.mx\/index.php\/2024\/02\/18\/video-joven-se-viste-de-ajolote-en-san-valentin-para-declararse-y-es-rechazado\/#breadcrumb","itemListElement":[{"@type":"ListItem","position":1,"name":"Inicio","item":"https:\/\/fuentesfidedignas.com.mx\/"},{"@type":"ListItem","position":2,"name":"VIDEO: Joven se viste de Ajolote en San Valent\u00edn para declararse y es rechazado"}]},{"@type":"WebSite","@id":"https:\/\/fuentesfidedignas.com.mx\/#website","url":"https:\/\/fuentesfidedignas.com.mx\/","name":"Fuentes Fidedignas","description":"Otro sitio realizado con WordPress","publisher":{"@id":"https:\/\/fuentesfidedignas.com.mx\/#organization"},"potentialAction":[{"@type":"SearchAction","target":{"@type":"EntryPoint","urlTemplate":"https:\/\/fuentesfidedignas.com.mx\/?s={search_term_string}"},"query-input":{"@type":"PropertyValueSpecification","valueRequired":true,"valueName":"search_term_string"}}],"inLanguage":"es"},{"@type":"Organization","@id":"https:\/\/fuentesfidedignas.com.mx\/#organization","name":"Fuentes Fidedignas","url":"https:\/\/fuentesfidedignas.com.mx\/","logo":{"@type":"ImageObject","inLanguage":"es","@id":"https:\/\/fuentesfidedignas.com.mx\/#\/schema\/logo\/image\/","url":"https:\/\/fuentesfidedignas.com.mx\/wp-content\/uploads\/2021\/04\/logo-retina.png","contentUrl":"https:\/\/fuentesfidedignas.com.mx\/wp-content\/uploads\/2021\/04\/logo-retina.png","width":280,"height":51,"caption":"Fuentes Fidedignas"},"image":{"@id":"https:\/\/fuentesfidedignas.com.mx\/#\/schema\/logo\/image\/"},"sameAs":["https:\/\/www.facebook.com\/Fuentes-Fidedignas-368234489921644","https:\/\/x.com\/fidedignas"]},{"@type":"Person","@id":"https:\/\/fuentesfidedignas.com.mx\/#\/schema\/person\/ff4db17f8fd9c584e0cfc2a0c436b8a1","name":"El Imparcial","image":{"@type":"ImageObject","inLanguage":"es","@id":"https:\/\/secure.gravatar.com\/avatar\/accd6807585a75316c237ee783498317be6f66ab34c47c940966f26a3f613161?s=96&d=mm&r=g","url":"https:\/\/secure.gravatar.com\/avatar\/accd6807585a75316c237ee783498317be6f66ab34c47c940966f26a3f613161?s=96&d=mm&r=g","contentUrl":"https:\/\/secure.gravatar.com\/avatar\/accd6807585a75316c237ee783498317be6f66ab34c47c940966f26a3f613161?s=96&d=mm&r=g","caption":"El Imparcial"},"url":"https:\/\/fuentesfidedignas.com.mx\/index.php\/author\/imparcial\/"}]}},"_links":{"self":[{"href":"https:\/\/fuentesfidedignas.com.mx\/index.php\/wp-json\/wp\/v2\/posts\/74283","targetHints":{"allow":["GET"]}}],"collection":[{"href":"https:\/\/fuentesfidedignas.com.mx\/index.php\/wp-json\/wp\/v2\/posts"}],"about":[{"href":"https:\/\/fuentesfidedignas.com.mx\/index.php\/wp-json\/wp\/v2\/types\/post"}],"author":[{"embeddable":true,"href":"https:\/\/fuentesfidedignas.com.mx\/index.php\/wp-json\/wp\/v2\/users\/40"}],"replies":[{"embeddable":true,"href":"https:\/\/fuentesfidedignas.com.mx\/index.php\/wp-json\/wp\/v2\/comments?post=74283"}],"version-history":[{"count":1,"href":"https:\/\/fuentesfidedignas.com.mx\/index.php\/wp-json\/wp\/v2\/posts\/74283\/revisions"}],"predecessor-version":[{"id":74285,"href":"https:\/\/fuentesfidedignas.com.mx\/index.php\/wp-json\/wp\/v2\/posts\/74283\/revisions\/74285"}],"wp:featuredmedia":[{"embeddable":true,"href":"https:\/\/fuentesfidedignas.com.mx\/index.php\/wp-json\/wp\/v2\/media\/74284"}],"wp:attachment":[{"href":"https:\/\/fuentesfidedignas.com.mx\/index.php\/wp-json\/wp\/v2\/media?parent=74283"}],"wp:term":[{"taxonomy":"category","embeddable":true,"href":"https:\/\/fuentesfidedignas.com.mx\/index.php\/wp-json\/wp\/v2\/categories?post=74283"},{"taxonomy":"post_tag","embeddable":true,"href":"https:\/\/fuentesfidedignas.com.mx\/index.php\/wp-json\/wp\/v2\/tags?post=74283"}],"curies":[{"name":"wp","href":"https:\/\/api.w.org\/{rel}","templated":true}]}}