{"id":74203,"date":"2024-02-17T05:32:38","date_gmt":"2024-02-17T12:32:38","guid":{"rendered":"https:\/\/fuentesfidedignas.com.mx\/?p=74203"},"modified":"2024-02-16T17:33:04","modified_gmt":"2024-02-17T00:33:04","slug":"genaro-y-alondra-se-convierten-en-la-primera-pareja-en-casarse-en-una-tienda-oxxo-asi-fue-su-boda","status":"publish","type":"post","link":"https:\/\/fuentesfidedignas.com.mx\/index.php\/2024\/02\/17\/genaro-y-alondra-se-convierten-en-la-primera-pareja-en-casarse-en-una-tienda-oxxo-asi-fue-su-boda\/","title":{"rendered":"Genaro y Alondra se convierten en la primera pareja en casarse en una tienda OXXO; as\u00ed fue su boda"},"content":{"rendered":"\n<p><strong><em>\u00a1Que vivan los novios! La pareja fue ganadora de una din\u00e1mica de la cadena de tiendas de conveniencia y se casaron en \u2018la tienda OXXO m\u00e1s bonita del pa\u00eds\u2019.<\/em><\/strong><\/p>\n\n\n\n<p>Genaro y Alondra se convirtieron en la primera pareja en casarse dentro de un OXXO; la ceremonia de bodas se llev\u00f3 a cabo en una sucursal conocida como \u2018 la m\u00e1s bonita del pa\u00eds\u2019, con el Oc\u00e9ano Pac\u00edfico de fondo en Puerto Vallarta, Jalisco.<\/p>\n\n\n\n<p>Hace unas semanas la cadena de tiendas de conveniencia lanz\u00f3 la din\u00e1mica \u2018#DiloConOXXO\u2019, en la que participaron m\u00e1s de 300 parejas contando su historia de amor, finalmente luego de pasar por un jurado, la de Genaro y Alondra fue considerada la m\u00e1s \u201cemotiva y divertida\u201d.<\/p>\n\n\n\n<p>\u201cHa sido una experiencia divertida, \u00fanica, m\u00e1gica, somos la primera pareja del mundo que se casa en un OXXO, estamos muy agradecidos con todos los patrocinadores que hicieron realidad nuestra boda&#8221;, comenz\u00f3 agradeciendo Genaro.&nbsp;<\/p>\n\n\n\n<p>A\u00f1adi\u00f3: &#8220;No todos los d\u00edas te despiertas con la noticia de que te vas a casar en un OXXO, ha sido una emoci\u00f3n indescriptible\u201d.<\/p>\n\n\n\n<figure class=\"wp-block-image size-full\"><img decoding=\"async\" width=\"618\" height=\"824\" src=\"https:\/\/fuentesfidedignas.com.mx\/wp-content\/uploads\/2024\/02\/image-24.png\" alt=\"\" class=\"wp-image-74204\" srcset=\"https:\/\/fuentesfidedignas.com.mx\/wp-content\/uploads\/2024\/02\/image-24.png 618w, https:\/\/fuentesfidedignas.com.mx\/wp-content\/uploads\/2024\/02\/image-24-225x300.png 225w, https:\/\/fuentesfidedignas.com.mx\/wp-content\/uploads\/2024\/02\/image-24-315x420.png 315w\" sizes=\"(max-width: 618px) 100vw, 618px\" \/><\/figure>\n\n\n\n<p>Mediante un comunicado de prensa, Rossina Rodr\u00edguez, gerente de la Marca OXXO, explic\u00f3 que \u201cbuscaban llevar su promoci\u00f3n de San Valent\u00edn de la transacci\u00f3n a algo m\u00e1s emocional, y decidieron celebrar la fecha con una boda, con apoyo de m\u00e1s de 36 socios comerciales\u201d, quienes se convirtieron en padrinos de los novios.<\/p>\n\n\n\n<p>El \u2018Tigre To\u00f1o\u2019 fue el encargado de entregar los anillos a la pareja; adem\u00e1s como parte del men\u00fa de la boda hubo sopas Nissin, el pastel estaba hecho de donas de Krispy Kreme.<\/p>\n\n\n\n<p>A la boda asistieron familiares y amigos cercanos a la pareja, tambi\u00e9n hubo espacio para sus testigos. Tras su fiesta, Genaro y Alondra pasar\u00e1n este fin de semana de luna de miel en Puerto Vallarta, con los gastos pagados por OXXO.<\/p>\n\n\n\n<blockquote class=\"tiktok-embed\" cite=\"https:\/\/www.tiktok.com\/@tiendasoxxo\/video\/7335682312018955526\" data-video-id=\"7335682312018955526\" style=\"max-width: 605px;min-width: 325px;\" > <section> <a target=\"_blank\" title=\"@tiendasoxxo\" href=\"https:\/\/www.tiktok.com\/@tiendasoxxo?refer=embed\" rel=\"noopener\">@tiendasoxxo<\/a> T\u00fa, yo, la lluvia, en el OXXO con vista al mar, un 14 de febrero \u00bfNos casamos? \ud83d\udc8d\u2764\ufe0f <a title=\"diloconoxxo\" target=\"_blank\" href=\"https:\/\/www.tiktok.com\/tag\/diloconoxxo?refer=embed\" rel=\"noopener\">#DiloConOXXO<\/a> <a title=\"bodasmexico\" target=\"_blank\" href=\"https:\/\/www.tiktok.com\/tag\/bodasmexico?refer=embed\" rel=\"noopener\">#bodasmexico<\/a> <a title=\"fyp\u30b7\" target=\"_blank\" href=\"https:\/\/www.tiktok.com\/tag\/fyp%E3%82%B7?refer=embed\" rel=\"noopener\">#fyp\u30b7<\/a> <a title=\"fyp\" target=\"_blank\" href=\"https:\/\/www.tiktok.com\/tag\/fyp?refer=embed\" rel=\"noopener\">#fyp<\/a> <a title=\"boda\" target=\"_blank\" href=\"https:\/\/www.tiktok.com\/tag\/boda?refer=embed\" rel=\"noopener\">#boda<\/a> <a target=\"_blank\" title=\"\u266c sonido original - TiendasOXXO\" href=\"https:\/\/www.tiktok.com\/music\/sonido-original-7335682327237561093?refer=embed\" rel=\"noopener\">\u266c sonido original &#8211; TiendasOXXO<\/a> <\/section> <\/blockquote> <script async src=\"https:\/\/www.tiktok.com\/embed.js\"><\/script>\n\n\n\n<p>\u00bfHabr\u00e1 m\u00e1s bodas OXXO?\u00a0La primera boda fue todo un \u00e9xito por lo que no extra\u00f1ar\u00eda que la cadena de tiendas tenga pensado volver a lanzar una din\u00e1mica el pr\u00f3ximo a\u00f1o, ya que en redes sociales surgieron cientos de parejas interesadas en \u2018dar el siguiente paso\u2019 en un OXXO.<\/p>\n\n\n\n<blockquote class=\"tiktok-embed\" cite=\"https:\/\/www.tiktok.com\/@tiendasoxxo\/video\/7335961594196774149\" data-video-id=\"7335961594196774149\" style=\"max-width: 605px;min-width: 325px;\" > <section> <a target=\"_blank\" title=\"@tiendasoxxo\" href=\"https:\/\/www.tiktok.com\/@tiendasoxxo?refer=embed\" rel=\"noopener\">@tiendasoxxo<\/a> La primera boda en un OXXO se hizo realidad. \ud83d\ude0d \u00a1Que vivan los novios! <a title=\"diloconoxxo\" target=\"_blank\" href=\"https:\/\/www.tiktok.com\/tag\/diloconoxxo?refer=embed\" rel=\"noopener\">#DiloConOXXO<\/a> <a title=\"fyp\" target=\"_blank\" href=\"https:\/\/www.tiktok.com\/tag\/fyp?refer=embed\" rel=\"noopener\">#fyp<\/a> <a title=\"boda\" target=\"_blank\" href=\"https:\/\/www.tiktok.com\/tag\/boda?refer=embed\" rel=\"noopener\">#boda<\/a> <a target=\"_blank\" title=\"\u266c sonido original - TiendasOXXO\" href=\"https:\/\/www.tiktok.com\/music\/sonido-original-7335961620000410373?refer=embed\" rel=\"noopener\">\u266c sonido original &#8211; TiendasOXXO<\/a> <\/section> <\/blockquote> <script async src=\"https:\/\/www.tiktok.com\/embed.js\"><\/script>\n","protected":false},"excerpt":{"rendered":"<p>\u00a1Que vivan los novios! La pareja fue ganadora de una din\u00e1mica de la cadena de tiendas de conveniencia y se casaron en \u2018la tienda OXXO m\u00e1s bonita del pa\u00eds\u2019. Genaro y Alondra se convirtieron en la primera pareja en casarse dentro de un OXXO; la ceremonia de bodas se llev\u00f3 a cabo en una sucursal [&hellip;]<\/p>\n","protected":false},"author":9,"featured_media":74205,"comment_status":"open","ping_status":"open","sticky":false,"template":"","format":"standard","meta":{"tdm_status":"","tdm_grid_status":"","footnotes":""},"categories":[40],"tags":[],"class_list":{"0":"post-74203","1":"post","2":"type-post","3":"status-publish","4":"format-standard","5":"has-post-thumbnail","7":"category-las-asombrosas"},"yoast_head":"<!-- This site is optimized with the Yoast SEO plugin v27.5 - https:\/\/yoast.com\/product\/yoast-seo-wordpress\/ -->\n<title>Genaro y Alondra se convierten en la primera pareja en casarse en una tienda OXXO; as\u00ed fue su boda - Fuentes Fidedignas<\/title>\n<meta name=\"robots\" content=\"index, follow, max-snippet:-1, max-image-preview:large, max-video-preview:-1\" \/>\n<link rel=\"canonical\" href=\"https:\/\/fuentesfidedignas.com.mx\/index.php\/2024\/02\/17\/genaro-y-alondra-se-convierten-en-la-primera-pareja-en-casarse-en-una-tienda-oxxo-asi-fue-su-boda\/\" \/>\n<meta property=\"og:locale\" content=\"es_MX\" \/>\n<meta property=\"og:type\" content=\"article\" \/>\n<meta property=\"og:title\" content=\"Genaro y Alondra se convierten en la primera pareja en casarse en una tienda OXXO; as\u00ed fue su boda - Fuentes Fidedignas\" \/>\n<meta property=\"og:description\" content=\"\u00a1Que vivan los novios! La pareja fue ganadora de una din\u00e1mica de la cadena de tiendas de conveniencia y se casaron en \u2018la tienda OXXO m\u00e1s bonita del pa\u00eds\u2019. Genaro y Alondra se convirtieron en la primera pareja en casarse dentro de un OXXO; la ceremonia de bodas se llev\u00f3 a cabo en una sucursal [&hellip;]\" \/>\n<meta property=\"og:url\" content=\"https:\/\/fuentesfidedignas.com.mx\/index.php\/2024\/02\/17\/genaro-y-alondra-se-convierten-en-la-primera-pareja-en-casarse-en-una-tienda-oxxo-asi-fue-su-boda\/\" \/>\n<meta property=\"og:site_name\" content=\"Fuentes Fidedignas\" \/>\n<meta property=\"article:publisher\" content=\"https:\/\/www.facebook.com\/Fuentes-Fidedignas-368234489921644\" \/>\n<meta property=\"article:published_time\" content=\"2024-02-17T12:32:38+00:00\" \/>\n<meta property=\"og:image\" content=\"https:\/\/fuentesfidedignas.com.mx\/wp-content\/uploads\/2024\/02\/BODA_OXXO.jpg\" \/>\n\t<meta property=\"og:image:width\" content=\"881\" \/>\n\t<meta property=\"og:image:height\" content=\"528\" \/>\n\t<meta property=\"og:image:type\" content=\"image\/jpeg\" \/>\n<meta name=\"author\" content=\"Milenio\" \/>\n<meta name=\"twitter:card\" content=\"summary_large_image\" \/>\n<meta name=\"twitter:creator\" content=\"@fidedignas\" \/>\n<meta name=\"twitter:site\" content=\"@fidedignas\" \/>\n<meta name=\"twitter:label1\" content=\"Escrito por\" \/>\n\t<meta name=\"twitter:data1\" content=\"Milenio\" \/>\n\t<meta name=\"twitter:label2\" content=\"Tiempo de lectura\" \/>\n\t<meta name=\"twitter:data2\" content=\"3 minutos\" \/>\n<script type=\"application\/ld+json\" class=\"yoast-schema-graph\">{\"@context\":\"https:\\\/\\\/schema.org\",\"@graph\":[{\"@type\":\"Article\",\"@id\":\"https:\\\/\\\/fuentesfidedignas.com.mx\\\/index.php\\\/2024\\\/02\\\/17\\\/genaro-y-alondra-se-convierten-en-la-primera-pareja-en-casarse-en-una-tienda-oxxo-asi-fue-su-boda\\\/#article\",\"isPartOf\":{\"@id\":\"https:\\\/\\\/fuentesfidedignas.com.mx\\\/index.php\\\/2024\\\/02\\\/17\\\/genaro-y-alondra-se-convierten-en-la-primera-pareja-en-casarse-en-una-tienda-oxxo-asi-fue-su-boda\\\/\"},\"author\":{\"name\":\"Milenio\",\"@id\":\"https:\\\/\\\/fuentesfidedignas.com.mx\\\/#\\\/schema\\\/person\\\/47ec0135738f4b0c7495f06a77a2c976\"},\"headline\":\"Genaro y Alondra se convierten en la primera pareja en casarse en una tienda OXXO; as\u00ed fue su boda\",\"datePublished\":\"2024-02-17T12:32:38+00:00\",\"mainEntityOfPage\":{\"@id\":\"https:\\\/\\\/fuentesfidedignas.com.mx\\\/index.php\\\/2024\\\/02\\\/17\\\/genaro-y-alondra-se-convierten-en-la-primera-pareja-en-casarse-en-una-tienda-oxxo-asi-fue-su-boda\\\/\"},\"wordCount\":445,\"commentCount\":0,\"publisher\":{\"@id\":\"https:\\\/\\\/fuentesfidedignas.com.mx\\\/#organization\"},\"image\":{\"@id\":\"https:\\\/\\\/fuentesfidedignas.com.mx\\\/index.php\\\/2024\\\/02\\\/17\\\/genaro-y-alondra-se-convierten-en-la-primera-pareja-en-casarse-en-una-tienda-oxxo-asi-fue-su-boda\\\/#primaryimage\"},\"thumbnailUrl\":\"https:\\\/\\\/fuentesfidedignas.com.mx\\\/wp-content\\\/uploads\\\/2024\\\/02\\\/BODA_OXXO.jpg\",\"articleSection\":[\"LAS ASOMBROSAS\"],\"inLanguage\":\"es\",\"potentialAction\":[{\"@type\":\"CommentAction\",\"name\":\"Comment\",\"target\":[\"https:\\\/\\\/fuentesfidedignas.com.mx\\\/index.php\\\/2024\\\/02\\\/17\\\/genaro-y-alondra-se-convierten-en-la-primera-pareja-en-casarse-en-una-tienda-oxxo-asi-fue-su-boda\\\/#respond\"]}]},{\"@type\":\"WebPage\",\"@id\":\"https:\\\/\\\/fuentesfidedignas.com.mx\\\/index.php\\\/2024\\\/02\\\/17\\\/genaro-y-alondra-se-convierten-en-la-primera-pareja-en-casarse-en-una-tienda-oxxo-asi-fue-su-boda\\\/\",\"url\":\"https:\\\/\\\/fuentesfidedignas.com.mx\\\/index.php\\\/2024\\\/02\\\/17\\\/genaro-y-alondra-se-convierten-en-la-primera-pareja-en-casarse-en-una-tienda-oxxo-asi-fue-su-boda\\\/\",\"name\":\"Genaro y Alondra se convierten en la primera pareja en casarse en una tienda OXXO; as\u00ed fue su boda - Fuentes Fidedignas\",\"isPartOf\":{\"@id\":\"https:\\\/\\\/fuentesfidedignas.com.mx\\\/#website\"},\"primaryImageOfPage\":{\"@id\":\"https:\\\/\\\/fuentesfidedignas.com.mx\\\/index.php\\\/2024\\\/02\\\/17\\\/genaro-y-alondra-se-convierten-en-la-primera-pareja-en-casarse-en-una-tienda-oxxo-asi-fue-su-boda\\\/#primaryimage\"},\"image\":{\"@id\":\"https:\\\/\\\/fuentesfidedignas.com.mx\\\/index.php\\\/2024\\\/02\\\/17\\\/genaro-y-alondra-se-convierten-en-la-primera-pareja-en-casarse-en-una-tienda-oxxo-asi-fue-su-boda\\\/#primaryimage\"},\"thumbnailUrl\":\"https:\\\/\\\/fuentesfidedignas.com.mx\\\/wp-content\\\/uploads\\\/2024\\\/02\\\/BODA_OXXO.jpg\",\"datePublished\":\"2024-02-17T12:32:38+00:00\",\"breadcrumb\":{\"@id\":\"https:\\\/\\\/fuentesfidedignas.com.mx\\\/index.php\\\/2024\\\/02\\\/17\\\/genaro-y-alondra-se-convierten-en-la-primera-pareja-en-casarse-en-una-tienda-oxxo-asi-fue-su-boda\\\/#breadcrumb\"},\"inLanguage\":\"es\",\"potentialAction\":[{\"@type\":\"ReadAction\",\"target\":[\"https:\\\/\\\/fuentesfidedignas.com.mx\\\/index.php\\\/2024\\\/02\\\/17\\\/genaro-y-alondra-se-convierten-en-la-primera-pareja-en-casarse-en-una-tienda-oxxo-asi-fue-su-boda\\\/\"]}]},{\"@type\":\"ImageObject\",\"inLanguage\":\"es\",\"@id\":\"https:\\\/\\\/fuentesfidedignas.com.mx\\\/index.php\\\/2024\\\/02\\\/17\\\/genaro-y-alondra-se-convierten-en-la-primera-pareja-en-casarse-en-una-tienda-oxxo-asi-fue-su-boda\\\/#primaryimage\",\"url\":\"https:\\\/\\\/fuentesfidedignas.com.mx\\\/wp-content\\\/uploads\\\/2024\\\/02\\\/BODA_OXXO.jpg\",\"contentUrl\":\"https:\\\/\\\/fuentesfidedignas.com.mx\\\/wp-content\\\/uploads\\\/2024\\\/02\\\/BODA_OXXO.jpg\",\"width\":881,\"height\":528},{\"@type\":\"BreadcrumbList\",\"@id\":\"https:\\\/\\\/fuentesfidedignas.com.mx\\\/index.php\\\/2024\\\/02\\\/17\\\/genaro-y-alondra-se-convierten-en-la-primera-pareja-en-casarse-en-una-tienda-oxxo-asi-fue-su-boda\\\/#breadcrumb\",\"itemListElement\":[{\"@type\":\"ListItem\",\"position\":1,\"name\":\"Inicio\",\"item\":\"https:\\\/\\\/fuentesfidedignas.com.mx\\\/\"},{\"@type\":\"ListItem\",\"position\":2,\"name\":\"Genaro y Alondra se convierten en la primera pareja en casarse en una tienda OXXO; as\u00ed fue su boda\"}]},{\"@type\":\"WebSite\",\"@id\":\"https:\\\/\\\/fuentesfidedignas.com.mx\\\/#website\",\"url\":\"https:\\\/\\\/fuentesfidedignas.com.mx\\\/\",\"name\":\"Fuentes Fidedignas\",\"description\":\"Otro sitio realizado con WordPress\",\"publisher\":{\"@id\":\"https:\\\/\\\/fuentesfidedignas.com.mx\\\/#organization\"},\"potentialAction\":[{\"@type\":\"SearchAction\",\"target\":{\"@type\":\"EntryPoint\",\"urlTemplate\":\"https:\\\/\\\/fuentesfidedignas.com.mx\\\/?s={search_term_string}\"},\"query-input\":{\"@type\":\"PropertyValueSpecification\",\"valueRequired\":true,\"valueName\":\"search_term_string\"}}],\"inLanguage\":\"es\"},{\"@type\":\"Organization\",\"@id\":\"https:\\\/\\\/fuentesfidedignas.com.mx\\\/#organization\",\"name\":\"Fuentes Fidedignas\",\"url\":\"https:\\\/\\\/fuentesfidedignas.com.mx\\\/\",\"logo\":{\"@type\":\"ImageObject\",\"inLanguage\":\"es\",\"@id\":\"https:\\\/\\\/fuentesfidedignas.com.mx\\\/#\\\/schema\\\/logo\\\/image\\\/\",\"url\":\"https:\\\/\\\/fuentesfidedignas.com.mx\\\/wp-content\\\/uploads\\\/2021\\\/04\\\/logo-retina.png\",\"contentUrl\":\"https:\\\/\\\/fuentesfidedignas.com.mx\\\/wp-content\\\/uploads\\\/2021\\\/04\\\/logo-retina.png\",\"width\":280,\"height\":51,\"caption\":\"Fuentes Fidedignas\"},\"image\":{\"@id\":\"https:\\\/\\\/fuentesfidedignas.com.mx\\\/#\\\/schema\\\/logo\\\/image\\\/\"},\"sameAs\":[\"https:\\\/\\\/www.facebook.com\\\/Fuentes-Fidedignas-368234489921644\",\"https:\\\/\\\/x.com\\\/fidedignas\"]},{\"@type\":\"Person\",\"@id\":\"https:\\\/\\\/fuentesfidedignas.com.mx\\\/#\\\/schema\\\/person\\\/47ec0135738f4b0c7495f06a77a2c976\",\"name\":\"Milenio\",\"image\":{\"@type\":\"ImageObject\",\"inLanguage\":\"es\",\"@id\":\"https:\\\/\\\/secure.gravatar.com\\\/avatar\\\/acabf7b54753e51c2c76457954577c236b3b764789b19879565769739d1e4a75?s=96&d=mm&r=g\",\"url\":\"https:\\\/\\\/secure.gravatar.com\\\/avatar\\\/acabf7b54753e51c2c76457954577c236b3b764789b19879565769739d1e4a75?s=96&d=mm&r=g\",\"contentUrl\":\"https:\\\/\\\/secure.gravatar.com\\\/avatar\\\/acabf7b54753e51c2c76457954577c236b3b764789b19879565769739d1e4a75?s=96&d=mm&r=g\",\"caption\":\"Milenio\"},\"url\":\"https:\\\/\\\/fuentesfidedignas.com.mx\\\/index.php\\\/author\\\/milenio\\\/\"}]}<\/script>\n<!-- \/ Yoast SEO plugin. -->","yoast_head_json":{"title":"Genaro y Alondra se convierten en la primera pareja en casarse en una tienda OXXO; as\u00ed fue su boda - Fuentes Fidedignas","robots":{"index":"index","follow":"follow","max-snippet":"max-snippet:-1","max-image-preview":"max-image-preview:large","max-video-preview":"max-video-preview:-1"},"canonical":"https:\/\/fuentesfidedignas.com.mx\/index.php\/2024\/02\/17\/genaro-y-alondra-se-convierten-en-la-primera-pareja-en-casarse-en-una-tienda-oxxo-asi-fue-su-boda\/","og_locale":"es_MX","og_type":"article","og_title":"Genaro y Alondra se convierten en la primera pareja en casarse en una tienda OXXO; as\u00ed fue su boda - Fuentes Fidedignas","og_description":"\u00a1Que vivan los novios! La pareja fue ganadora de una din\u00e1mica de la cadena de tiendas de conveniencia y se casaron en \u2018la tienda OXXO m\u00e1s bonita del pa\u00eds\u2019. Genaro y Alondra se convirtieron en la primera pareja en casarse dentro de un OXXO; la ceremonia de bodas se llev\u00f3 a cabo en una sucursal [&hellip;]","og_url":"https:\/\/fuentesfidedignas.com.mx\/index.php\/2024\/02\/17\/genaro-y-alondra-se-convierten-en-la-primera-pareja-en-casarse-en-una-tienda-oxxo-asi-fue-su-boda\/","og_site_name":"Fuentes Fidedignas","article_publisher":"https:\/\/www.facebook.com\/Fuentes-Fidedignas-368234489921644","article_published_time":"2024-02-17T12:32:38+00:00","og_image":[{"width":881,"height":528,"url":"https:\/\/fuentesfidedignas.com.mx\/wp-content\/uploads\/2024\/02\/BODA_OXXO.jpg","type":"image\/jpeg"}],"author":"Milenio","twitter_card":"summary_large_image","twitter_creator":"@fidedignas","twitter_site":"@fidedignas","twitter_misc":{"Escrito por":"Milenio","Tiempo de lectura":"3 minutos"},"schema":{"@context":"https:\/\/schema.org","@graph":[{"@type":"Article","@id":"https:\/\/fuentesfidedignas.com.mx\/index.php\/2024\/02\/17\/genaro-y-alondra-se-convierten-en-la-primera-pareja-en-casarse-en-una-tienda-oxxo-asi-fue-su-boda\/#article","isPartOf":{"@id":"https:\/\/fuentesfidedignas.com.mx\/index.php\/2024\/02\/17\/genaro-y-alondra-se-convierten-en-la-primera-pareja-en-casarse-en-una-tienda-oxxo-asi-fue-su-boda\/"},"author":{"name":"Milenio","@id":"https:\/\/fuentesfidedignas.com.mx\/#\/schema\/person\/47ec0135738f4b0c7495f06a77a2c976"},"headline":"Genaro y Alondra se convierten en la primera pareja en casarse en una tienda OXXO; as\u00ed fue su boda","datePublished":"2024-02-17T12:32:38+00:00","mainEntityOfPage":{"@id":"https:\/\/fuentesfidedignas.com.mx\/index.php\/2024\/02\/17\/genaro-y-alondra-se-convierten-en-la-primera-pareja-en-casarse-en-una-tienda-oxxo-asi-fue-su-boda\/"},"wordCount":445,"commentCount":0,"publisher":{"@id":"https:\/\/fuentesfidedignas.com.mx\/#organization"},"image":{"@id":"https:\/\/fuentesfidedignas.com.mx\/index.php\/2024\/02\/17\/genaro-y-alondra-se-convierten-en-la-primera-pareja-en-casarse-en-una-tienda-oxxo-asi-fue-su-boda\/#primaryimage"},"thumbnailUrl":"https:\/\/fuentesfidedignas.com.mx\/wp-content\/uploads\/2024\/02\/BODA_OXXO.jpg","articleSection":["LAS ASOMBROSAS"],"inLanguage":"es","potentialAction":[{"@type":"CommentAction","name":"Comment","target":["https:\/\/fuentesfidedignas.com.mx\/index.php\/2024\/02\/17\/genaro-y-alondra-se-convierten-en-la-primera-pareja-en-casarse-en-una-tienda-oxxo-asi-fue-su-boda\/#respond"]}]},{"@type":"WebPage","@id":"https:\/\/fuentesfidedignas.com.mx\/index.php\/2024\/02\/17\/genaro-y-alondra-se-convierten-en-la-primera-pareja-en-casarse-en-una-tienda-oxxo-asi-fue-su-boda\/","url":"https:\/\/fuentesfidedignas.com.mx\/index.php\/2024\/02\/17\/genaro-y-alondra-se-convierten-en-la-primera-pareja-en-casarse-en-una-tienda-oxxo-asi-fue-su-boda\/","name":"Genaro y Alondra se convierten en la primera pareja en casarse en una tienda OXXO; as\u00ed fue su boda - Fuentes Fidedignas","isPartOf":{"@id":"https:\/\/fuentesfidedignas.com.mx\/#website"},"primaryImageOfPage":{"@id":"https:\/\/fuentesfidedignas.com.mx\/index.php\/2024\/02\/17\/genaro-y-alondra-se-convierten-en-la-primera-pareja-en-casarse-en-una-tienda-oxxo-asi-fue-su-boda\/#primaryimage"},"image":{"@id":"https:\/\/fuentesfidedignas.com.mx\/index.php\/2024\/02\/17\/genaro-y-alondra-se-convierten-en-la-primera-pareja-en-casarse-en-una-tienda-oxxo-asi-fue-su-boda\/#primaryimage"},"thumbnailUrl":"https:\/\/fuentesfidedignas.com.mx\/wp-content\/uploads\/2024\/02\/BODA_OXXO.jpg","datePublished":"2024-02-17T12:32:38+00:00","breadcrumb":{"@id":"https:\/\/fuentesfidedignas.com.mx\/index.php\/2024\/02\/17\/genaro-y-alondra-se-convierten-en-la-primera-pareja-en-casarse-en-una-tienda-oxxo-asi-fue-su-boda\/#breadcrumb"},"inLanguage":"es","potentialAction":[{"@type":"ReadAction","target":["https:\/\/fuentesfidedignas.com.mx\/index.php\/2024\/02\/17\/genaro-y-alondra-se-convierten-en-la-primera-pareja-en-casarse-en-una-tienda-oxxo-asi-fue-su-boda\/"]}]},{"@type":"ImageObject","inLanguage":"es","@id":"https:\/\/fuentesfidedignas.com.mx\/index.php\/2024\/02\/17\/genaro-y-alondra-se-convierten-en-la-primera-pareja-en-casarse-en-una-tienda-oxxo-asi-fue-su-boda\/#primaryimage","url":"https:\/\/fuentesfidedignas.com.mx\/wp-content\/uploads\/2024\/02\/BODA_OXXO.jpg","contentUrl":"https:\/\/fuentesfidedignas.com.mx\/wp-content\/uploads\/2024\/02\/BODA_OXXO.jpg","width":881,"height":528},{"@type":"BreadcrumbList","@id":"https:\/\/fuentesfidedignas.com.mx\/index.php\/2024\/02\/17\/genaro-y-alondra-se-convierten-en-la-primera-pareja-en-casarse-en-una-tienda-oxxo-asi-fue-su-boda\/#breadcrumb","itemListElement":[{"@type":"ListItem","position":1,"name":"Inicio","item":"https:\/\/fuentesfidedignas.com.mx\/"},{"@type":"ListItem","position":2,"name":"Genaro y Alondra se convierten en la primera pareja en casarse en una tienda OXXO; as\u00ed fue su boda"}]},{"@type":"WebSite","@id":"https:\/\/fuentesfidedignas.com.mx\/#website","url":"https:\/\/fuentesfidedignas.com.mx\/","name":"Fuentes Fidedignas","description":"Otro sitio realizado con WordPress","publisher":{"@id":"https:\/\/fuentesfidedignas.com.mx\/#organization"},"potentialAction":[{"@type":"SearchAction","target":{"@type":"EntryPoint","urlTemplate":"https:\/\/fuentesfidedignas.com.mx\/?s={search_term_string}"},"query-input":{"@type":"PropertyValueSpecification","valueRequired":true,"valueName":"search_term_string"}}],"inLanguage":"es"},{"@type":"Organization","@id":"https:\/\/fuentesfidedignas.com.mx\/#organization","name":"Fuentes Fidedignas","url":"https:\/\/fuentesfidedignas.com.mx\/","logo":{"@type":"ImageObject","inLanguage":"es","@id":"https:\/\/fuentesfidedignas.com.mx\/#\/schema\/logo\/image\/","url":"https:\/\/fuentesfidedignas.com.mx\/wp-content\/uploads\/2021\/04\/logo-retina.png","contentUrl":"https:\/\/fuentesfidedignas.com.mx\/wp-content\/uploads\/2021\/04\/logo-retina.png","width":280,"height":51,"caption":"Fuentes Fidedignas"},"image":{"@id":"https:\/\/fuentesfidedignas.com.mx\/#\/schema\/logo\/image\/"},"sameAs":["https:\/\/www.facebook.com\/Fuentes-Fidedignas-368234489921644","https:\/\/x.com\/fidedignas"]},{"@type":"Person","@id":"https:\/\/fuentesfidedignas.com.mx\/#\/schema\/person\/47ec0135738f4b0c7495f06a77a2c976","name":"Milenio","image":{"@type":"ImageObject","inLanguage":"es","@id":"https:\/\/secure.gravatar.com\/avatar\/acabf7b54753e51c2c76457954577c236b3b764789b19879565769739d1e4a75?s=96&d=mm&r=g","url":"https:\/\/secure.gravatar.com\/avatar\/acabf7b54753e51c2c76457954577c236b3b764789b19879565769739d1e4a75?s=96&d=mm&r=g","contentUrl":"https:\/\/secure.gravatar.com\/avatar\/acabf7b54753e51c2c76457954577c236b3b764789b19879565769739d1e4a75?s=96&d=mm&r=g","caption":"Milenio"},"url":"https:\/\/fuentesfidedignas.com.mx\/index.php\/author\/milenio\/"}]}},"_links":{"self":[{"href":"https:\/\/fuentesfidedignas.com.mx\/index.php\/wp-json\/wp\/v2\/posts\/74203","targetHints":{"allow":["GET"]}}],"collection":[{"href":"https:\/\/fuentesfidedignas.com.mx\/index.php\/wp-json\/wp\/v2\/posts"}],"about":[{"href":"https:\/\/fuentesfidedignas.com.mx\/index.php\/wp-json\/wp\/v2\/types\/post"}],"author":[{"embeddable":true,"href":"https:\/\/fuentesfidedignas.com.mx\/index.php\/wp-json\/wp\/v2\/users\/9"}],"replies":[{"embeddable":true,"href":"https:\/\/fuentesfidedignas.com.mx\/index.php\/wp-json\/wp\/v2\/comments?post=74203"}],"version-history":[{"count":1,"href":"https:\/\/fuentesfidedignas.com.mx\/index.php\/wp-json\/wp\/v2\/posts\/74203\/revisions"}],"predecessor-version":[{"id":74206,"href":"https:\/\/fuentesfidedignas.com.mx\/index.php\/wp-json\/wp\/v2\/posts\/74203\/revisions\/74206"}],"wp:featuredmedia":[{"embeddable":true,"href":"https:\/\/fuentesfidedignas.com.mx\/index.php\/wp-json\/wp\/v2\/media\/74205"}],"wp:attachment":[{"href":"https:\/\/fuentesfidedignas.com.mx\/index.php\/wp-json\/wp\/v2\/media?parent=74203"}],"wp:term":[{"taxonomy":"category","embeddable":true,"href":"https:\/\/fuentesfidedignas.com.mx\/index.php\/wp-json\/wp\/v2\/categories?post=74203"},{"taxonomy":"post_tag","embeddable":true,"href":"https:\/\/fuentesfidedignas.com.mx\/index.php\/wp-json\/wp\/v2\/tags?post=74203"}],"curies":[{"name":"wp","href":"https:\/\/api.w.org\/{rel}","templated":true}]}}