{"id":74194,"date":"2024-02-16T17:10:36","date_gmt":"2024-02-17T00:10:36","guid":{"rendered":"https:\/\/fuentesfidedignas.com.mx\/?p=74194"},"modified":"2024-02-16T17:10:36","modified_gmt":"2024-02-17T00:10:36","slug":"por-amor-de-dios-cuando-gobiernen-pongan-solucion-a-violencia-iglesia-catolica-a-presidenciables","status":"publish","type":"post","link":"https:\/\/fuentesfidedignas.com.mx\/index.php\/2024\/02\/16\/por-amor-de-dios-cuando-gobiernen-pongan-solucion-a-violencia-iglesia-catolica-a-presidenciables\/","title":{"rendered":"\u201cPor amor de Dios, cuando gobiernen pongan soluci\u00f3n a violencia\u201d: Iglesia cat\u00f3lica a presidenciables"},"content":{"rendered":"\n<p><strong><em>La Iglesia cat\u00f3lica se reunir\u00e1 con candidatos a la Presidencia el 11 de marzo, donde cuestionar\u00e1n sobre la situaci\u00f3n de violencia en el pa\u00eds<\/em><\/strong><\/p>\n\n\n\n<p>Ciudad de M\u00e9xico.- Monse\u00f1or Ram\u00f3n Castro Castro, secretario General de la Conferencia del Episcopado Mexicano (CEM) y obispo de la Di\u00f3cesis de Cuernavaca, hizo un llamado desesperado a las candidatos a la Presidencia de la Rep\u00fablica para que pongan atenci\u00f3n y soluci\u00f3n a la violencia que se vive en el pa\u00eds.<\/p>\n\n\n\n<p>En entrevista con Joaqu\u00edn L\u00f3pez-D\u00f3riga para Grupo F\u00f3rmula, Castro y Castro indic\u00f3 que la Iglesia cat\u00f3lica mexicana se reunir\u00e1 con los tres candidatos presidenciales \u2013Claudia Sheinbaum, X\u00f3chitl G\u00e1lvez y Jorge \u00c1lvarez M\u00e1ynez\u2013 el pr\u00f3ximo 11 de marzo, dentro del Di\u00e1logo Nacional por la Paz.<\/p>\n\n\n\n<p>\u201cEso es inconcebible (la violencia en el pa\u00eds), sin embargo hacia all\u00e1 nos est\u00e1 llevando la situaci\u00f3n que vivimos, aunque tenemos esperanza a esta agenda nacional por la paz que hemos hecho, que ha entrado a una segunda etapa, pero requiere tiempo\u201d, indic\u00f3.<\/p>\n\n\n\n<p>\u201cVamos a encontrarnos con el favor de Dios el 11 de marzo con los tres candidatos a la Presidencia, los estamos invitando. Todav\u00eda no nos ha confirmado una todav\u00eda\u201d, expuso.<\/p>\n\n\n\n<p>Queremos decirle eso: por amor de Dios que vean la situaci\u00f3n, en su pr\u00f3ximo Gobierno, quien gane, cualquiera de ustedes, ponga atenci\u00f3n a esta realidad y ponga una soluci\u00f3n, porque en sus manos est\u00e1 la fuerza del Estado. Va ser uno por uno, toda una ma\u00f1ana\u201d, puntualiz\u00f3.<\/p>\n\n\n\n<p>Solo una aspirante presidencial falta por confirmar, aunque no se revel\u00f3 su nombre.<\/p>\n\n\n\n<p>Las declaraciones de monse\u00f1or Castro y castro ocurren luego de que se diera a conocer que sacerdotes de sacerdotes en Chilpancingo, capital de Guerrero, dieran a conocer que consiguieron una tregua entre los grupos criminales de Los Tlacos y Los Ardillos, con el objetivo de que frenen los ataques armados en ciudad paralizada desde hace semanas por asesinatos de transportistas y amenazas, que han llevado al cierre de negocios y escuelas.<\/p>\n\n\n\n<p>Adem\u00e1s, tambi\u00e9n se dio a conocer en la previa que los cuatro obispos de Guerrero sostuvieron conversaciones con jefes del crimen organizado para buscar tambi\u00e9n una tregua en toda la entidad, azotada por la ola de violencia registrada en las \u00faltimas semanas.<\/p>\n\n\n\n<p>Jos\u00e9 de Jes\u00fas Gonz\u00e1lez, obispo de la Di\u00f3cesis Chilpancingo-Chilapa, detall\u00f3 que no se alcanzaron acuerdos, debido a que ninguno de los grupos criminales estuvo dispuesto a ceder sus territorios.<\/p>\n\n\n\n<p>\u201cYo creo personalmente que ha sido una de las situaciones que nos han llevado a buscar una soluci\u00f3n a un problema tan grave. Comprendo a los obispos de Guerrero que ante una situaci\u00f3n tan desbordada, tan profundamente tr\u00e1gica, donde vemos cada d\u00eda los asesinatos, el derecho de piso, la descomposici\u00f3n de la sociedad, se hayan visto obligados a buscar una soluci\u00f3n, a tocar una puerta\u201d, refiri\u00f3 el obispo de la Di\u00f3cesis de Cuernavaca.<\/p>\n\n\n\n<p>\u201cSomos pastores y necesitamos, ya que no se ha hecho de otra parte una b\u00fasqueda de una soluci\u00f3n concreta, buscar la manera en que pudieran encontrar una esperanza de solucionar (\u2026) Eso es lo que llev\u00f3 a mis hermanos obispos a esta situaci\u00f3n y obviamente nos solidarizamos el resto de los obispos con ellos, ante una realidad tan herida que se va descomponiendo cada d\u00eda m\u00e1s\u201d, argument\u00f3.<\/p>\n\n\n\n<p>&#8220;Ante estos hechos evidentes, se nota que hace falta algo, el Estado es el que tiene la fuerza para solucionar esta realidad y cambiar las cosas y no la utiliza. Desde hace mucho tiempo hemos dicho que \u2018abrazos no balazos\u2019 no es una forma de solucionar el problema. Esta estrategia no ha funcionado, M\u00e9xico sigue sangrando, sigue herido y lo hemos dicho con todo respeto y cari\u00f1o. \u00bfPor qu\u00e9 no cambiar, no ver la evidencia y dar una soluci\u00f3n a qui\u00e9n tiene la fuerza del Estado para hacerla?\u201d, puntualiz\u00f3 monse\u00f1or Castro y Castro.<\/p>\n","protected":false},"excerpt":{"rendered":"<p>La Iglesia cat\u00f3lica se reunir\u00e1 con candidatos a la Presidencia el 11 de marzo, donde cuestionar\u00e1n sobre la situaci\u00f3n de violencia en el pa\u00eds Ciudad de M\u00e9xico.- Monse\u00f1or Ram\u00f3n Castro Castro, secretario General de la Conferencia del Episcopado Mexicano (CEM) y obispo de la Di\u00f3cesis de Cuernavaca, hizo un llamado desesperado a las candidatos a [&hellip;]<\/p>\n","protected":false},"author":47,"featured_media":74195,"comment_status":"open","ping_status":"open","sticky":false,"template":"","format":"standard","meta":{"tdm_status":"","tdm_grid_status":"","footnotes":""},"categories":[39],"tags":[],"class_list":{"0":"post-74194","1":"post","2":"type-post","3":"status-publish","4":"format-standard","5":"has-post-thumbnail","7":"category-noticias-nacionales"},"yoast_head":"<!-- This site is optimized with the Yoast SEO plugin v27.5 - https:\/\/yoast.com\/product\/yoast-seo-wordpress\/ -->\n<title>\u201cPor amor de Dios, cuando gobiernen pongan soluci\u00f3n a violencia\u201d: Iglesia cat\u00f3lica a presidenciables - Fuentes Fidedignas<\/title>\n<meta name=\"robots\" content=\"index, follow, max-snippet:-1, max-image-preview:large, max-video-preview:-1\" \/>\n<link rel=\"canonical\" href=\"https:\/\/fuentesfidedignas.com.mx\/index.php\/2024\/02\/16\/por-amor-de-dios-cuando-gobiernen-pongan-solucion-a-violencia-iglesia-catolica-a-presidenciables\/\" \/>\n<meta property=\"og:locale\" content=\"es_MX\" \/>\n<meta property=\"og:type\" content=\"article\" \/>\n<meta property=\"og:title\" content=\"\u201cPor amor de Dios, cuando gobiernen pongan soluci\u00f3n a violencia\u201d: Iglesia cat\u00f3lica a presidenciables - Fuentes Fidedignas\" \/>\n<meta property=\"og:description\" content=\"La Iglesia cat\u00f3lica se reunir\u00e1 con candidatos a la Presidencia el 11 de marzo, donde cuestionar\u00e1n sobre la situaci\u00f3n de violencia en el pa\u00eds Ciudad de M\u00e9xico.- Monse\u00f1or Ram\u00f3n Castro Castro, secretario General de la Conferencia del Episcopado Mexicano (CEM) y obispo de la Di\u00f3cesis de Cuernavaca, hizo un llamado desesperado a las candidatos a [&hellip;]\" \/>\n<meta property=\"og:url\" content=\"https:\/\/fuentesfidedignas.com.mx\/index.php\/2024\/02\/16\/por-amor-de-dios-cuando-gobiernen-pongan-solucion-a-violencia-iglesia-catolica-a-presidenciables\/\" \/>\n<meta property=\"og:site_name\" content=\"Fuentes Fidedignas\" \/>\n<meta property=\"article:publisher\" content=\"https:\/\/www.facebook.com\/Fuentes-Fidedignas-368234489921644\" \/>\n<meta property=\"article:published_time\" content=\"2024-02-17T00:10:36+00:00\" \/>\n<meta property=\"og:image\" content=\"https:\/\/fuentesfidedignas.com.mx\/wp-content\/uploads\/2024\/02\/VIOLENCIA_.jpg\" \/>\n\t<meta property=\"og:image:width\" content=\"850\" \/>\n\t<meta property=\"og:image:height\" content=\"426\" \/>\n\t<meta property=\"og:image:type\" content=\"image\/jpeg\" \/>\n<meta name=\"author\" content=\"L\u00f3pez D\u00f3riga\" \/>\n<meta name=\"twitter:card\" content=\"summary_large_image\" \/>\n<meta name=\"twitter:creator\" content=\"@fidedignas\" \/>\n<meta name=\"twitter:site\" content=\"@fidedignas\" \/>\n<meta name=\"twitter:label1\" content=\"Escrito por\" \/>\n\t<meta name=\"twitter:data1\" content=\"L\u00f3pez D\u00f3riga\" \/>\n\t<meta name=\"twitter:label2\" content=\"Tiempo de lectura\" \/>\n\t<meta name=\"twitter:data2\" content=\"4 minutos\" \/>\n<script type=\"application\/ld+json\" class=\"yoast-schema-graph\">{\"@context\":\"https:\\\/\\\/schema.org\",\"@graph\":[{\"@type\":\"Article\",\"@id\":\"https:\\\/\\\/fuentesfidedignas.com.mx\\\/index.php\\\/2024\\\/02\\\/16\\\/por-amor-de-dios-cuando-gobiernen-pongan-solucion-a-violencia-iglesia-catolica-a-presidenciables\\\/#article\",\"isPartOf\":{\"@id\":\"https:\\\/\\\/fuentesfidedignas.com.mx\\\/index.php\\\/2024\\\/02\\\/16\\\/por-amor-de-dios-cuando-gobiernen-pongan-solucion-a-violencia-iglesia-catolica-a-presidenciables\\\/\"},\"author\":{\"name\":\"L\u00f3pez D\u00f3riga\",\"@id\":\"https:\\\/\\\/fuentesfidedignas.com.mx\\\/#\\\/schema\\\/person\\\/67d852f0557c8509146a4b9ddebd543a\"},\"headline\":\"\u201cPor amor de Dios, cuando gobiernen pongan soluci\u00f3n a violencia\u201d: Iglesia cat\u00f3lica a presidenciables\",\"datePublished\":\"2024-02-17T00:10:36+00:00\",\"mainEntityOfPage\":{\"@id\":\"https:\\\/\\\/fuentesfidedignas.com.mx\\\/index.php\\\/2024\\\/02\\\/16\\\/por-amor-de-dios-cuando-gobiernen-pongan-solucion-a-violencia-iglesia-catolica-a-presidenciables\\\/\"},\"wordCount\":695,\"commentCount\":0,\"publisher\":{\"@id\":\"https:\\\/\\\/fuentesfidedignas.com.mx\\\/#organization\"},\"image\":{\"@id\":\"https:\\\/\\\/fuentesfidedignas.com.mx\\\/index.php\\\/2024\\\/02\\\/16\\\/por-amor-de-dios-cuando-gobiernen-pongan-solucion-a-violencia-iglesia-catolica-a-presidenciables\\\/#primaryimage\"},\"thumbnailUrl\":\"https:\\\/\\\/fuentesfidedignas.com.mx\\\/wp-content\\\/uploads\\\/2024\\\/02\\\/VIOLENCIA_.jpg\",\"articleSection\":[\"NOTICIAS NACIONALES\"],\"inLanguage\":\"es\",\"potentialAction\":[{\"@type\":\"CommentAction\",\"name\":\"Comment\",\"target\":[\"https:\\\/\\\/fuentesfidedignas.com.mx\\\/index.php\\\/2024\\\/02\\\/16\\\/por-amor-de-dios-cuando-gobiernen-pongan-solucion-a-violencia-iglesia-catolica-a-presidenciables\\\/#respond\"]}]},{\"@type\":\"WebPage\",\"@id\":\"https:\\\/\\\/fuentesfidedignas.com.mx\\\/index.php\\\/2024\\\/02\\\/16\\\/por-amor-de-dios-cuando-gobiernen-pongan-solucion-a-violencia-iglesia-catolica-a-presidenciables\\\/\",\"url\":\"https:\\\/\\\/fuentesfidedignas.com.mx\\\/index.php\\\/2024\\\/02\\\/16\\\/por-amor-de-dios-cuando-gobiernen-pongan-solucion-a-violencia-iglesia-catolica-a-presidenciables\\\/\",\"name\":\"\u201cPor amor de Dios, cuando gobiernen pongan soluci\u00f3n a violencia\u201d: Iglesia cat\u00f3lica a presidenciables - Fuentes Fidedignas\",\"isPartOf\":{\"@id\":\"https:\\\/\\\/fuentesfidedignas.com.mx\\\/#website\"},\"primaryImageOfPage\":{\"@id\":\"https:\\\/\\\/fuentesfidedignas.com.mx\\\/index.php\\\/2024\\\/02\\\/16\\\/por-amor-de-dios-cuando-gobiernen-pongan-solucion-a-violencia-iglesia-catolica-a-presidenciables\\\/#primaryimage\"},\"image\":{\"@id\":\"https:\\\/\\\/fuentesfidedignas.com.mx\\\/index.php\\\/2024\\\/02\\\/16\\\/por-amor-de-dios-cuando-gobiernen-pongan-solucion-a-violencia-iglesia-catolica-a-presidenciables\\\/#primaryimage\"},\"thumbnailUrl\":\"https:\\\/\\\/fuentesfidedignas.com.mx\\\/wp-content\\\/uploads\\\/2024\\\/02\\\/VIOLENCIA_.jpg\",\"datePublished\":\"2024-02-17T00:10:36+00:00\",\"breadcrumb\":{\"@id\":\"https:\\\/\\\/fuentesfidedignas.com.mx\\\/index.php\\\/2024\\\/02\\\/16\\\/por-amor-de-dios-cuando-gobiernen-pongan-solucion-a-violencia-iglesia-catolica-a-presidenciables\\\/#breadcrumb\"},\"inLanguage\":\"es\",\"potentialAction\":[{\"@type\":\"ReadAction\",\"target\":[\"https:\\\/\\\/fuentesfidedignas.com.mx\\\/index.php\\\/2024\\\/02\\\/16\\\/por-amor-de-dios-cuando-gobiernen-pongan-solucion-a-violencia-iglesia-catolica-a-presidenciables\\\/\"]}]},{\"@type\":\"ImageObject\",\"inLanguage\":\"es\",\"@id\":\"https:\\\/\\\/fuentesfidedignas.com.mx\\\/index.php\\\/2024\\\/02\\\/16\\\/por-amor-de-dios-cuando-gobiernen-pongan-solucion-a-violencia-iglesia-catolica-a-presidenciables\\\/#primaryimage\",\"url\":\"https:\\\/\\\/fuentesfidedignas.com.mx\\\/wp-content\\\/uploads\\\/2024\\\/02\\\/VIOLENCIA_.jpg\",\"contentUrl\":\"https:\\\/\\\/fuentesfidedignas.com.mx\\\/wp-content\\\/uploads\\\/2024\\\/02\\\/VIOLENCIA_.jpg\",\"width\":850,\"height\":426},{\"@type\":\"BreadcrumbList\",\"@id\":\"https:\\\/\\\/fuentesfidedignas.com.mx\\\/index.php\\\/2024\\\/02\\\/16\\\/por-amor-de-dios-cuando-gobiernen-pongan-solucion-a-violencia-iglesia-catolica-a-presidenciables\\\/#breadcrumb\",\"itemListElement\":[{\"@type\":\"ListItem\",\"position\":1,\"name\":\"Inicio\",\"item\":\"https:\\\/\\\/fuentesfidedignas.com.mx\\\/\"},{\"@type\":\"ListItem\",\"position\":2,\"name\":\"\u201cPor amor de Dios, cuando gobiernen pongan soluci\u00f3n a violencia\u201d: Iglesia cat\u00f3lica a presidenciables\"}]},{\"@type\":\"WebSite\",\"@id\":\"https:\\\/\\\/fuentesfidedignas.com.mx\\\/#website\",\"url\":\"https:\\\/\\\/fuentesfidedignas.com.mx\\\/\",\"name\":\"Fuentes Fidedignas\",\"description\":\"Otro sitio realizado con WordPress\",\"publisher\":{\"@id\":\"https:\\\/\\\/fuentesfidedignas.com.mx\\\/#organization\"},\"potentialAction\":[{\"@type\":\"SearchAction\",\"target\":{\"@type\":\"EntryPoint\",\"urlTemplate\":\"https:\\\/\\\/fuentesfidedignas.com.mx\\\/?s={search_term_string}\"},\"query-input\":{\"@type\":\"PropertyValueSpecification\",\"valueRequired\":true,\"valueName\":\"search_term_string\"}}],\"inLanguage\":\"es\"},{\"@type\":\"Organization\",\"@id\":\"https:\\\/\\\/fuentesfidedignas.com.mx\\\/#organization\",\"name\":\"Fuentes Fidedignas\",\"url\":\"https:\\\/\\\/fuentesfidedignas.com.mx\\\/\",\"logo\":{\"@type\":\"ImageObject\",\"inLanguage\":\"es\",\"@id\":\"https:\\\/\\\/fuentesfidedignas.com.mx\\\/#\\\/schema\\\/logo\\\/image\\\/\",\"url\":\"https:\\\/\\\/fuentesfidedignas.com.mx\\\/wp-content\\\/uploads\\\/2021\\\/04\\\/logo-retina.png\",\"contentUrl\":\"https:\\\/\\\/fuentesfidedignas.com.mx\\\/wp-content\\\/uploads\\\/2021\\\/04\\\/logo-retina.png\",\"width\":280,\"height\":51,\"caption\":\"Fuentes Fidedignas\"},\"image\":{\"@id\":\"https:\\\/\\\/fuentesfidedignas.com.mx\\\/#\\\/schema\\\/logo\\\/image\\\/\"},\"sameAs\":[\"https:\\\/\\\/www.facebook.com\\\/Fuentes-Fidedignas-368234489921644\",\"https:\\\/\\\/x.com\\\/fidedignas\"]},{\"@type\":\"Person\",\"@id\":\"https:\\\/\\\/fuentesfidedignas.com.mx\\\/#\\\/schema\\\/person\\\/67d852f0557c8509146a4b9ddebd543a\",\"name\":\"L\u00f3pez D\u00f3riga\",\"image\":{\"@type\":\"ImageObject\",\"inLanguage\":\"es\",\"@id\":\"https:\\\/\\\/secure.gravatar.com\\\/avatar\\\/e525b06574ca18b33cded59dfe5778d6c823b9513154eff47da551b0551bdd1e?s=96&d=mm&r=g\",\"url\":\"https:\\\/\\\/secure.gravatar.com\\\/avatar\\\/e525b06574ca18b33cded59dfe5778d6c823b9513154eff47da551b0551bdd1e?s=96&d=mm&r=g\",\"contentUrl\":\"https:\\\/\\\/secure.gravatar.com\\\/avatar\\\/e525b06574ca18b33cded59dfe5778d6c823b9513154eff47da551b0551bdd1e?s=96&d=mm&r=g\",\"caption\":\"L\u00f3pez D\u00f3riga\"},\"url\":\"https:\\\/\\\/fuentesfidedignas.com.mx\\\/index.php\\\/author\\\/doriga\\\/\"}]}<\/script>\n<!-- \/ Yoast SEO plugin. -->","yoast_head_json":{"title":"\u201cPor amor de Dios, cuando gobiernen pongan soluci\u00f3n a violencia\u201d: Iglesia cat\u00f3lica a presidenciables - Fuentes Fidedignas","robots":{"index":"index","follow":"follow","max-snippet":"max-snippet:-1","max-image-preview":"max-image-preview:large","max-video-preview":"max-video-preview:-1"},"canonical":"https:\/\/fuentesfidedignas.com.mx\/index.php\/2024\/02\/16\/por-amor-de-dios-cuando-gobiernen-pongan-solucion-a-violencia-iglesia-catolica-a-presidenciables\/","og_locale":"es_MX","og_type":"article","og_title":"\u201cPor amor de Dios, cuando gobiernen pongan soluci\u00f3n a violencia\u201d: Iglesia cat\u00f3lica a presidenciables - Fuentes Fidedignas","og_description":"La Iglesia cat\u00f3lica se reunir\u00e1 con candidatos a la Presidencia el 11 de marzo, donde cuestionar\u00e1n sobre la situaci\u00f3n de violencia en el pa\u00eds Ciudad de M\u00e9xico.- Monse\u00f1or Ram\u00f3n Castro Castro, secretario General de la Conferencia del Episcopado Mexicano (CEM) y obispo de la Di\u00f3cesis de Cuernavaca, hizo un llamado desesperado a las candidatos a [&hellip;]","og_url":"https:\/\/fuentesfidedignas.com.mx\/index.php\/2024\/02\/16\/por-amor-de-dios-cuando-gobiernen-pongan-solucion-a-violencia-iglesia-catolica-a-presidenciables\/","og_site_name":"Fuentes Fidedignas","article_publisher":"https:\/\/www.facebook.com\/Fuentes-Fidedignas-368234489921644","article_published_time":"2024-02-17T00:10:36+00:00","og_image":[{"width":850,"height":426,"url":"https:\/\/fuentesfidedignas.com.mx\/wp-content\/uploads\/2024\/02\/VIOLENCIA_.jpg","type":"image\/jpeg"}],"author":"L\u00f3pez D\u00f3riga","twitter_card":"summary_large_image","twitter_creator":"@fidedignas","twitter_site":"@fidedignas","twitter_misc":{"Escrito por":"L\u00f3pez D\u00f3riga","Tiempo de lectura":"4 minutos"},"schema":{"@context":"https:\/\/schema.org","@graph":[{"@type":"Article","@id":"https:\/\/fuentesfidedignas.com.mx\/index.php\/2024\/02\/16\/por-amor-de-dios-cuando-gobiernen-pongan-solucion-a-violencia-iglesia-catolica-a-presidenciables\/#article","isPartOf":{"@id":"https:\/\/fuentesfidedignas.com.mx\/index.php\/2024\/02\/16\/por-amor-de-dios-cuando-gobiernen-pongan-solucion-a-violencia-iglesia-catolica-a-presidenciables\/"},"author":{"name":"L\u00f3pez D\u00f3riga","@id":"https:\/\/fuentesfidedignas.com.mx\/#\/schema\/person\/67d852f0557c8509146a4b9ddebd543a"},"headline":"\u201cPor amor de Dios, cuando gobiernen pongan soluci\u00f3n a violencia\u201d: Iglesia cat\u00f3lica a presidenciables","datePublished":"2024-02-17T00:10:36+00:00","mainEntityOfPage":{"@id":"https:\/\/fuentesfidedignas.com.mx\/index.php\/2024\/02\/16\/por-amor-de-dios-cuando-gobiernen-pongan-solucion-a-violencia-iglesia-catolica-a-presidenciables\/"},"wordCount":695,"commentCount":0,"publisher":{"@id":"https:\/\/fuentesfidedignas.com.mx\/#organization"},"image":{"@id":"https:\/\/fuentesfidedignas.com.mx\/index.php\/2024\/02\/16\/por-amor-de-dios-cuando-gobiernen-pongan-solucion-a-violencia-iglesia-catolica-a-presidenciables\/#primaryimage"},"thumbnailUrl":"https:\/\/fuentesfidedignas.com.mx\/wp-content\/uploads\/2024\/02\/VIOLENCIA_.jpg","articleSection":["NOTICIAS NACIONALES"],"inLanguage":"es","potentialAction":[{"@type":"CommentAction","name":"Comment","target":["https:\/\/fuentesfidedignas.com.mx\/index.php\/2024\/02\/16\/por-amor-de-dios-cuando-gobiernen-pongan-solucion-a-violencia-iglesia-catolica-a-presidenciables\/#respond"]}]},{"@type":"WebPage","@id":"https:\/\/fuentesfidedignas.com.mx\/index.php\/2024\/02\/16\/por-amor-de-dios-cuando-gobiernen-pongan-solucion-a-violencia-iglesia-catolica-a-presidenciables\/","url":"https:\/\/fuentesfidedignas.com.mx\/index.php\/2024\/02\/16\/por-amor-de-dios-cuando-gobiernen-pongan-solucion-a-violencia-iglesia-catolica-a-presidenciables\/","name":"\u201cPor amor de Dios, cuando gobiernen pongan soluci\u00f3n a violencia\u201d: Iglesia cat\u00f3lica a presidenciables - Fuentes Fidedignas","isPartOf":{"@id":"https:\/\/fuentesfidedignas.com.mx\/#website"},"primaryImageOfPage":{"@id":"https:\/\/fuentesfidedignas.com.mx\/index.php\/2024\/02\/16\/por-amor-de-dios-cuando-gobiernen-pongan-solucion-a-violencia-iglesia-catolica-a-presidenciables\/#primaryimage"},"image":{"@id":"https:\/\/fuentesfidedignas.com.mx\/index.php\/2024\/02\/16\/por-amor-de-dios-cuando-gobiernen-pongan-solucion-a-violencia-iglesia-catolica-a-presidenciables\/#primaryimage"},"thumbnailUrl":"https:\/\/fuentesfidedignas.com.mx\/wp-content\/uploads\/2024\/02\/VIOLENCIA_.jpg","datePublished":"2024-02-17T00:10:36+00:00","breadcrumb":{"@id":"https:\/\/fuentesfidedignas.com.mx\/index.php\/2024\/02\/16\/por-amor-de-dios-cuando-gobiernen-pongan-solucion-a-violencia-iglesia-catolica-a-presidenciables\/#breadcrumb"},"inLanguage":"es","potentialAction":[{"@type":"ReadAction","target":["https:\/\/fuentesfidedignas.com.mx\/index.php\/2024\/02\/16\/por-amor-de-dios-cuando-gobiernen-pongan-solucion-a-violencia-iglesia-catolica-a-presidenciables\/"]}]},{"@type":"ImageObject","inLanguage":"es","@id":"https:\/\/fuentesfidedignas.com.mx\/index.php\/2024\/02\/16\/por-amor-de-dios-cuando-gobiernen-pongan-solucion-a-violencia-iglesia-catolica-a-presidenciables\/#primaryimage","url":"https:\/\/fuentesfidedignas.com.mx\/wp-content\/uploads\/2024\/02\/VIOLENCIA_.jpg","contentUrl":"https:\/\/fuentesfidedignas.com.mx\/wp-content\/uploads\/2024\/02\/VIOLENCIA_.jpg","width":850,"height":426},{"@type":"BreadcrumbList","@id":"https:\/\/fuentesfidedignas.com.mx\/index.php\/2024\/02\/16\/por-amor-de-dios-cuando-gobiernen-pongan-solucion-a-violencia-iglesia-catolica-a-presidenciables\/#breadcrumb","itemListElement":[{"@type":"ListItem","position":1,"name":"Inicio","item":"https:\/\/fuentesfidedignas.com.mx\/"},{"@type":"ListItem","position":2,"name":"\u201cPor amor de Dios, cuando gobiernen pongan soluci\u00f3n a violencia\u201d: Iglesia cat\u00f3lica a presidenciables"}]},{"@type":"WebSite","@id":"https:\/\/fuentesfidedignas.com.mx\/#website","url":"https:\/\/fuentesfidedignas.com.mx\/","name":"Fuentes Fidedignas","description":"Otro sitio realizado con WordPress","publisher":{"@id":"https:\/\/fuentesfidedignas.com.mx\/#organization"},"potentialAction":[{"@type":"SearchAction","target":{"@type":"EntryPoint","urlTemplate":"https:\/\/fuentesfidedignas.com.mx\/?s={search_term_string}"},"query-input":{"@type":"PropertyValueSpecification","valueRequired":true,"valueName":"search_term_string"}}],"inLanguage":"es"},{"@type":"Organization","@id":"https:\/\/fuentesfidedignas.com.mx\/#organization","name":"Fuentes Fidedignas","url":"https:\/\/fuentesfidedignas.com.mx\/","logo":{"@type":"ImageObject","inLanguage":"es","@id":"https:\/\/fuentesfidedignas.com.mx\/#\/schema\/logo\/image\/","url":"https:\/\/fuentesfidedignas.com.mx\/wp-content\/uploads\/2021\/04\/logo-retina.png","contentUrl":"https:\/\/fuentesfidedignas.com.mx\/wp-content\/uploads\/2021\/04\/logo-retina.png","width":280,"height":51,"caption":"Fuentes Fidedignas"},"image":{"@id":"https:\/\/fuentesfidedignas.com.mx\/#\/schema\/logo\/image\/"},"sameAs":["https:\/\/www.facebook.com\/Fuentes-Fidedignas-368234489921644","https:\/\/x.com\/fidedignas"]},{"@type":"Person","@id":"https:\/\/fuentesfidedignas.com.mx\/#\/schema\/person\/67d852f0557c8509146a4b9ddebd543a","name":"L\u00f3pez D\u00f3riga","image":{"@type":"ImageObject","inLanguage":"es","@id":"https:\/\/secure.gravatar.com\/avatar\/e525b06574ca18b33cded59dfe5778d6c823b9513154eff47da551b0551bdd1e?s=96&d=mm&r=g","url":"https:\/\/secure.gravatar.com\/avatar\/e525b06574ca18b33cded59dfe5778d6c823b9513154eff47da551b0551bdd1e?s=96&d=mm&r=g","contentUrl":"https:\/\/secure.gravatar.com\/avatar\/e525b06574ca18b33cded59dfe5778d6c823b9513154eff47da551b0551bdd1e?s=96&d=mm&r=g","caption":"L\u00f3pez D\u00f3riga"},"url":"https:\/\/fuentesfidedignas.com.mx\/index.php\/author\/doriga\/"}]}},"_links":{"self":[{"href":"https:\/\/fuentesfidedignas.com.mx\/index.php\/wp-json\/wp\/v2\/posts\/74194","targetHints":{"allow":["GET"]}}],"collection":[{"href":"https:\/\/fuentesfidedignas.com.mx\/index.php\/wp-json\/wp\/v2\/posts"}],"about":[{"href":"https:\/\/fuentesfidedignas.com.mx\/index.php\/wp-json\/wp\/v2\/types\/post"}],"author":[{"embeddable":true,"href":"https:\/\/fuentesfidedignas.com.mx\/index.php\/wp-json\/wp\/v2\/users\/47"}],"replies":[{"embeddable":true,"href":"https:\/\/fuentesfidedignas.com.mx\/index.php\/wp-json\/wp\/v2\/comments?post=74194"}],"version-history":[{"count":1,"href":"https:\/\/fuentesfidedignas.com.mx\/index.php\/wp-json\/wp\/v2\/posts\/74194\/revisions"}],"predecessor-version":[{"id":74196,"href":"https:\/\/fuentesfidedignas.com.mx\/index.php\/wp-json\/wp\/v2\/posts\/74194\/revisions\/74196"}],"wp:featuredmedia":[{"embeddable":true,"href":"https:\/\/fuentesfidedignas.com.mx\/index.php\/wp-json\/wp\/v2\/media\/74195"}],"wp:attachment":[{"href":"https:\/\/fuentesfidedignas.com.mx\/index.php\/wp-json\/wp\/v2\/media?parent=74194"}],"wp:term":[{"taxonomy":"category","embeddable":true,"href":"https:\/\/fuentesfidedignas.com.mx\/index.php\/wp-json\/wp\/v2\/categories?post=74194"},{"taxonomy":"post_tag","embeddable":true,"href":"https:\/\/fuentesfidedignas.com.mx\/index.php\/wp-json\/wp\/v2\/tags?post=74194"}],"curies":[{"name":"wp","href":"https:\/\/api.w.org\/{rel}","templated":true}]}}