{"id":74060,"date":"2024-02-15T17:34:45","date_gmt":"2024-02-16T00:34:45","guid":{"rendered":"https:\/\/fuentesfidedignas.com.mx\/?p=74060"},"modified":"2024-02-15T17:34:45","modified_gmt":"2024-02-16T00:34:45","slug":"todos-a-apoyar-dif-sinaloa-realizara-velada-en-la-oscuridad-con-causa","status":"publish","type":"post","link":"https:\/\/fuentesfidedignas.com.mx\/index.php\/2024\/02\/15\/todos-a-apoyar-dif-sinaloa-realizara-velada-en-la-oscuridad-con-causa\/","title":{"rendered":"\u00a1Todos a apoyar! DIF Sinaloa realizar\u00e1 \u201cVelada en la oscuridad con causa&#8221;"},"content":{"rendered":"\n<p><strong><em>Lo recaudado ser\u00e1 destinado para realizar cirug\u00edas a personas con diagn\u00f3stico de estrabismo<\/em><\/strong><\/p>\n\n\n\n<p>Culiac\u00e1n, Sin.- El Sistema DIF Sinaloa en conjunto con el Centro Integral de Discapacidad Visual (CIDIS) tienen como objetivo trabajar en la inclusi\u00f3n, sensibilizaci\u00f3n y en generar empat\u00eda hacia las personas con discapacidad visual realizando diferentes actividades, una de ellas es \u201cUna velada en la obscuridad con causa\u201d la cual se realizar\u00e1 este jueves 22 de febrero, en punto de las 20:00 horas en los jardines del (CIDIS) ubicados en Boulevar Alfonso G. Calder\u00f3n y Jos\u00e9 Mar\u00eda Figueroa S\/N Desarrollo Urbano Tres R\u00edos.<\/p>\n\n\n\n<p>\u201cUna velada en la oscuridad\u201d, tiene la finalidad de que los asistentes vivan o experimenten la discapacidad visual a trav\u00e9s de un ejercicio sensorial a trav\u00e9s de los sentidos en donde podr\u00e1n identificar sabores, olores y texturas en total oscuridad, los asistentes permanecer\u00e1n con los ojos tapados desde el momento de su llegada, se contar\u00e1 con apoyo de gu\u00edas y personal profesional que los acompa\u00f1ar\u00e1 a sus mesas.<\/p>\n\n\n\n<p>Las personas que asistan a la \u201cVelada en la oscuridad\u201d estar\u00e1n apoyando en la realizaci\u00f3n de un programa de cirug\u00edas gratuitas a personas con diagn\u00f3stico de estrabismo (Ambliop\u00eda y ojo flojo) y que tienen discapacidad visual grado 1. Con esta cirug\u00eda se mejora la apariencia de las personas en la est\u00e9tica, adem\u00e1s fortalece su autoestima.<\/p>\n\n\n\n<p>El Sistema DIF Sinaloa te invita a vivir la experiencia y apoyo para la causa, para mayor informaci\u00f3n de boletos, comunicarse al tel\u00e9fono 667 688 5971 o al celular 667 102 9168 con M\u00e9lida Escoboza.<\/p>\n\n\n\n<figure class=\"wp-block-image size-large\"><img decoding=\"async\" width=\"1024\" height=\"1024\" src=\"https:\/\/fuentesfidedignas.com.mx\/wp-content\/uploads\/2024\/02\/WhatsApp-Image-2024-02-15-at-5.04.54-PM-1024x1024.jpeg\" alt=\"\" class=\"wp-image-74063\" srcset=\"https:\/\/fuentesfidedignas.com.mx\/wp-content\/uploads\/2024\/02\/WhatsApp-Image-2024-02-15-at-5.04.54-PM-1024x1024.jpeg 1024w, https:\/\/fuentesfidedignas.com.mx\/wp-content\/uploads\/2024\/02\/WhatsApp-Image-2024-02-15-at-5.04.54-PM-300x300.jpeg 300w, https:\/\/fuentesfidedignas.com.mx\/wp-content\/uploads\/2024\/02\/WhatsApp-Image-2024-02-15-at-5.04.54-PM-150x150.jpeg 150w, https:\/\/fuentesfidedignas.com.mx\/wp-content\/uploads\/2024\/02\/WhatsApp-Image-2024-02-15-at-5.04.54-PM-768x768.jpeg 768w, https:\/\/fuentesfidedignas.com.mx\/wp-content\/uploads\/2024\/02\/WhatsApp-Image-2024-02-15-at-5.04.54-PM-696x696.jpeg 696w, https:\/\/fuentesfidedignas.com.mx\/wp-content\/uploads\/2024\/02\/WhatsApp-Image-2024-02-15-at-5.04.54-PM-1068x1068.jpeg 1068w, https:\/\/fuentesfidedignas.com.mx\/wp-content\/uploads\/2024\/02\/WhatsApp-Image-2024-02-15-at-5.04.54-PM-420x420.jpeg 420w, https:\/\/fuentesfidedignas.com.mx\/wp-content\/uploads\/2024\/02\/WhatsApp-Image-2024-02-15-at-5.04.54-PM.jpeg 1080w\" sizes=\"(max-width: 1024px) 100vw, 1024px\" \/><\/figure>\n","protected":false},"excerpt":{"rendered":"<p>Lo recaudado ser\u00e1 destinado para realizar cirug\u00edas a personas con diagn\u00f3stico de estrabismo Culiac\u00e1n, Sin.- El Sistema DIF Sinaloa en conjunto con el Centro Integral de Discapacidad Visual (CIDIS) tienen como objetivo trabajar en la inclusi\u00f3n, sensibilizaci\u00f3n y en generar empat\u00eda hacia las personas con discapacidad visual realizando diferentes actividades, una de ellas es \u201cUna [&hellip;]<\/p>\n","protected":false},"author":4,"featured_media":74069,"comment_status":"open","ping_status":"open","sticky":false,"template":"","format":"standard","meta":{"tdm_status":"","tdm_grid_status":"","footnotes":""},"categories":[1],"tags":[],"class_list":{"0":"post-74060","1":"post","2":"type-post","3":"status-publish","4":"format-standard","5":"has-post-thumbnail","7":"category-sin-categoria"},"yoast_head":"<!-- This site is optimized with the Yoast SEO plugin v27.5 - https:\/\/yoast.com\/product\/yoast-seo-wordpress\/ -->\n<title>\u00a1Todos a apoyar! DIF Sinaloa realizar\u00e1 \u201cVelada en la oscuridad con causa&quot; - Fuentes Fidedignas<\/title>\n<meta name=\"robots\" content=\"index, follow, max-snippet:-1, max-image-preview:large, max-video-preview:-1\" \/>\n<link rel=\"canonical\" href=\"https:\/\/fuentesfidedignas.com.mx\/index.php\/2024\/02\/15\/todos-a-apoyar-dif-sinaloa-realizara-velada-en-la-oscuridad-con-causa\/\" \/>\n<meta property=\"og:locale\" content=\"es_MX\" \/>\n<meta property=\"og:type\" content=\"article\" \/>\n<meta property=\"og:title\" content=\"\u00a1Todos a apoyar! DIF Sinaloa realizar\u00e1 \u201cVelada en la oscuridad con causa&quot; - Fuentes Fidedignas\" \/>\n<meta property=\"og:description\" content=\"Lo recaudado ser\u00e1 destinado para realizar cirug\u00edas a personas con diagn\u00f3stico de estrabismo Culiac\u00e1n, Sin.- El Sistema DIF Sinaloa en conjunto con el Centro Integral de Discapacidad Visual (CIDIS) tienen como objetivo trabajar en la inclusi\u00f3n, sensibilizaci\u00f3n y en generar empat\u00eda hacia las personas con discapacidad visual realizando diferentes actividades, una de ellas es \u201cUna [&hellip;]\" \/>\n<meta property=\"og:url\" content=\"https:\/\/fuentesfidedignas.com.mx\/index.php\/2024\/02\/15\/todos-a-apoyar-dif-sinaloa-realizara-velada-en-la-oscuridad-con-causa\/\" \/>\n<meta property=\"og:site_name\" content=\"Fuentes Fidedignas\" \/>\n<meta property=\"article:publisher\" content=\"https:\/\/www.facebook.com\/Fuentes-Fidedignas-368234489921644\" \/>\n<meta property=\"article:published_time\" content=\"2024-02-16T00:34:45+00:00\" \/>\n<meta property=\"og:image\" content=\"https:\/\/fuentesfidedignas.com.mx\/wp-content\/uploads\/2024\/02\/estrabismo-salud-visual.jpg\" \/>\n\t<meta property=\"og:image:width\" content=\"850\" \/>\n\t<meta property=\"og:image:height\" content=\"567\" \/>\n\t<meta property=\"og:image:type\" content=\"image\/jpeg\" \/>\n<meta name=\"author\" content=\"Redacci\u00f3n\" \/>\n<meta name=\"twitter:card\" content=\"summary_large_image\" \/>\n<meta name=\"twitter:creator\" content=\"@fidedignas\" \/>\n<meta name=\"twitter:site\" content=\"@fidedignas\" \/>\n<meta name=\"twitter:label1\" content=\"Escrito por\" \/>\n\t<meta name=\"twitter:data1\" content=\"Redacci\u00f3n\" \/>\n\t<meta name=\"twitter:label2\" content=\"Tiempo de lectura\" \/>\n\t<meta name=\"twitter:data2\" content=\"2 minutos\" \/>\n<script type=\"application\/ld+json\" class=\"yoast-schema-graph\">{\"@context\":\"https:\\\/\\\/schema.org\",\"@graph\":[{\"@type\":\"Article\",\"@id\":\"https:\\\/\\\/fuentesfidedignas.com.mx\\\/index.php\\\/2024\\\/02\\\/15\\\/todos-a-apoyar-dif-sinaloa-realizara-velada-en-la-oscuridad-con-causa\\\/#article\",\"isPartOf\":{\"@id\":\"https:\\\/\\\/fuentesfidedignas.com.mx\\\/index.php\\\/2024\\\/02\\\/15\\\/todos-a-apoyar-dif-sinaloa-realizara-velada-en-la-oscuridad-con-causa\\\/\"},\"author\":{\"name\":\"Redacci\u00f3n\",\"@id\":\"https:\\\/\\\/fuentesfidedignas.com.mx\\\/#\\\/schema\\\/person\\\/331be9283d37198e2acd5750279085b0\"},\"headline\":\"\u00a1Todos a apoyar! DIF Sinaloa realizar\u00e1 \u201cVelada en la oscuridad con causa&#8221;\",\"datePublished\":\"2024-02-16T00:34:45+00:00\",\"mainEntityOfPage\":{\"@id\":\"https:\\\/\\\/fuentesfidedignas.com.mx\\\/index.php\\\/2024\\\/02\\\/15\\\/todos-a-apoyar-dif-sinaloa-realizara-velada-en-la-oscuridad-con-causa\\\/\"},\"wordCount\":285,\"commentCount\":0,\"publisher\":{\"@id\":\"https:\\\/\\\/fuentesfidedignas.com.mx\\\/#organization\"},\"image\":{\"@id\":\"https:\\\/\\\/fuentesfidedignas.com.mx\\\/index.php\\\/2024\\\/02\\\/15\\\/todos-a-apoyar-dif-sinaloa-realizara-velada-en-la-oscuridad-con-causa\\\/#primaryimage\"},\"thumbnailUrl\":\"https:\\\/\\\/fuentesfidedignas.com.mx\\\/wp-content\\\/uploads\\\/2024\\\/02\\\/estrabismo-salud-visual.jpg\",\"inLanguage\":\"es\",\"potentialAction\":[{\"@type\":\"CommentAction\",\"name\":\"Comment\",\"target\":[\"https:\\\/\\\/fuentesfidedignas.com.mx\\\/index.php\\\/2024\\\/02\\\/15\\\/todos-a-apoyar-dif-sinaloa-realizara-velada-en-la-oscuridad-con-causa\\\/#respond\"]}]},{\"@type\":\"WebPage\",\"@id\":\"https:\\\/\\\/fuentesfidedignas.com.mx\\\/index.php\\\/2024\\\/02\\\/15\\\/todos-a-apoyar-dif-sinaloa-realizara-velada-en-la-oscuridad-con-causa\\\/\",\"url\":\"https:\\\/\\\/fuentesfidedignas.com.mx\\\/index.php\\\/2024\\\/02\\\/15\\\/todos-a-apoyar-dif-sinaloa-realizara-velada-en-la-oscuridad-con-causa\\\/\",\"name\":\"\u00a1Todos a apoyar! DIF Sinaloa realizar\u00e1 \u201cVelada en la oscuridad con causa\\\" - Fuentes Fidedignas\",\"isPartOf\":{\"@id\":\"https:\\\/\\\/fuentesfidedignas.com.mx\\\/#website\"},\"primaryImageOfPage\":{\"@id\":\"https:\\\/\\\/fuentesfidedignas.com.mx\\\/index.php\\\/2024\\\/02\\\/15\\\/todos-a-apoyar-dif-sinaloa-realizara-velada-en-la-oscuridad-con-causa\\\/#primaryimage\"},\"image\":{\"@id\":\"https:\\\/\\\/fuentesfidedignas.com.mx\\\/index.php\\\/2024\\\/02\\\/15\\\/todos-a-apoyar-dif-sinaloa-realizara-velada-en-la-oscuridad-con-causa\\\/#primaryimage\"},\"thumbnailUrl\":\"https:\\\/\\\/fuentesfidedignas.com.mx\\\/wp-content\\\/uploads\\\/2024\\\/02\\\/estrabismo-salud-visual.jpg\",\"datePublished\":\"2024-02-16T00:34:45+00:00\",\"breadcrumb\":{\"@id\":\"https:\\\/\\\/fuentesfidedignas.com.mx\\\/index.php\\\/2024\\\/02\\\/15\\\/todos-a-apoyar-dif-sinaloa-realizara-velada-en-la-oscuridad-con-causa\\\/#breadcrumb\"},\"inLanguage\":\"es\",\"potentialAction\":[{\"@type\":\"ReadAction\",\"target\":[\"https:\\\/\\\/fuentesfidedignas.com.mx\\\/index.php\\\/2024\\\/02\\\/15\\\/todos-a-apoyar-dif-sinaloa-realizara-velada-en-la-oscuridad-con-causa\\\/\"]}]},{\"@type\":\"ImageObject\",\"inLanguage\":\"es\",\"@id\":\"https:\\\/\\\/fuentesfidedignas.com.mx\\\/index.php\\\/2024\\\/02\\\/15\\\/todos-a-apoyar-dif-sinaloa-realizara-velada-en-la-oscuridad-con-causa\\\/#primaryimage\",\"url\":\"https:\\\/\\\/fuentesfidedignas.com.mx\\\/wp-content\\\/uploads\\\/2024\\\/02\\\/estrabismo-salud-visual.jpg\",\"contentUrl\":\"https:\\\/\\\/fuentesfidedignas.com.mx\\\/wp-content\\\/uploads\\\/2024\\\/02\\\/estrabismo-salud-visual.jpg\",\"width\":850,\"height\":567},{\"@type\":\"BreadcrumbList\",\"@id\":\"https:\\\/\\\/fuentesfidedignas.com.mx\\\/index.php\\\/2024\\\/02\\\/15\\\/todos-a-apoyar-dif-sinaloa-realizara-velada-en-la-oscuridad-con-causa\\\/#breadcrumb\",\"itemListElement\":[{\"@type\":\"ListItem\",\"position\":1,\"name\":\"Inicio\",\"item\":\"https:\\\/\\\/fuentesfidedignas.com.mx\\\/\"},{\"@type\":\"ListItem\",\"position\":2,\"name\":\"\u00a1Todos a apoyar! DIF Sinaloa realizar\u00e1 \u201cVelada en la oscuridad con causa&#8221;\"}]},{\"@type\":\"WebSite\",\"@id\":\"https:\\\/\\\/fuentesfidedignas.com.mx\\\/#website\",\"url\":\"https:\\\/\\\/fuentesfidedignas.com.mx\\\/\",\"name\":\"Fuentes Fidedignas\",\"description\":\"Otro sitio realizado con WordPress\",\"publisher\":{\"@id\":\"https:\\\/\\\/fuentesfidedignas.com.mx\\\/#organization\"},\"potentialAction\":[{\"@type\":\"SearchAction\",\"target\":{\"@type\":\"EntryPoint\",\"urlTemplate\":\"https:\\\/\\\/fuentesfidedignas.com.mx\\\/?s={search_term_string}\"},\"query-input\":{\"@type\":\"PropertyValueSpecification\",\"valueRequired\":true,\"valueName\":\"search_term_string\"}}],\"inLanguage\":\"es\"},{\"@type\":\"Organization\",\"@id\":\"https:\\\/\\\/fuentesfidedignas.com.mx\\\/#organization\",\"name\":\"Fuentes Fidedignas\",\"url\":\"https:\\\/\\\/fuentesfidedignas.com.mx\\\/\",\"logo\":{\"@type\":\"ImageObject\",\"inLanguage\":\"es\",\"@id\":\"https:\\\/\\\/fuentesfidedignas.com.mx\\\/#\\\/schema\\\/logo\\\/image\\\/\",\"url\":\"https:\\\/\\\/fuentesfidedignas.com.mx\\\/wp-content\\\/uploads\\\/2021\\\/04\\\/logo-retina.png\",\"contentUrl\":\"https:\\\/\\\/fuentesfidedignas.com.mx\\\/wp-content\\\/uploads\\\/2021\\\/04\\\/logo-retina.png\",\"width\":280,\"height\":51,\"caption\":\"Fuentes Fidedignas\"},\"image\":{\"@id\":\"https:\\\/\\\/fuentesfidedignas.com.mx\\\/#\\\/schema\\\/logo\\\/image\\\/\"},\"sameAs\":[\"https:\\\/\\\/www.facebook.com\\\/Fuentes-Fidedignas-368234489921644\",\"https:\\\/\\\/x.com\\\/fidedignas\"]},{\"@type\":\"Person\",\"@id\":\"https:\\\/\\\/fuentesfidedignas.com.mx\\\/#\\\/schema\\\/person\\\/331be9283d37198e2acd5750279085b0\",\"name\":\"Redacci\u00f3n\",\"image\":{\"@type\":\"ImageObject\",\"inLanguage\":\"es\",\"@id\":\"https:\\\/\\\/secure.gravatar.com\\\/avatar\\\/f6d8782c11d12b2d4ad3fbb6931aeab5309937a4d6cd2fc9cfaa28a6396a5aec?s=96&d=mm&r=g\",\"url\":\"https:\\\/\\\/secure.gravatar.com\\\/avatar\\\/f6d8782c11d12b2d4ad3fbb6931aeab5309937a4d6cd2fc9cfaa28a6396a5aec?s=96&d=mm&r=g\",\"contentUrl\":\"https:\\\/\\\/secure.gravatar.com\\\/avatar\\\/f6d8782c11d12b2d4ad3fbb6931aeab5309937a4d6cd2fc9cfaa28a6396a5aec?s=96&d=mm&r=g\",\"caption\":\"Redacci\u00f3n\"},\"url\":\"https:\\\/\\\/fuentesfidedignas.com.mx\\\/index.php\\\/author\\\/redaccion\\\/\"}]}<\/script>\n<!-- \/ Yoast SEO plugin. -->","yoast_head_json":{"title":"\u00a1Todos a apoyar! DIF Sinaloa realizar\u00e1 \u201cVelada en la oscuridad con causa\" - Fuentes Fidedignas","robots":{"index":"index","follow":"follow","max-snippet":"max-snippet:-1","max-image-preview":"max-image-preview:large","max-video-preview":"max-video-preview:-1"},"canonical":"https:\/\/fuentesfidedignas.com.mx\/index.php\/2024\/02\/15\/todos-a-apoyar-dif-sinaloa-realizara-velada-en-la-oscuridad-con-causa\/","og_locale":"es_MX","og_type":"article","og_title":"\u00a1Todos a apoyar! DIF Sinaloa realizar\u00e1 \u201cVelada en la oscuridad con causa\" - Fuentes Fidedignas","og_description":"Lo recaudado ser\u00e1 destinado para realizar cirug\u00edas a personas con diagn\u00f3stico de estrabismo Culiac\u00e1n, Sin.- El Sistema DIF Sinaloa en conjunto con el Centro Integral de Discapacidad Visual (CIDIS) tienen como objetivo trabajar en la inclusi\u00f3n, sensibilizaci\u00f3n y en generar empat\u00eda hacia las personas con discapacidad visual realizando diferentes actividades, una de ellas es \u201cUna [&hellip;]","og_url":"https:\/\/fuentesfidedignas.com.mx\/index.php\/2024\/02\/15\/todos-a-apoyar-dif-sinaloa-realizara-velada-en-la-oscuridad-con-causa\/","og_site_name":"Fuentes Fidedignas","article_publisher":"https:\/\/www.facebook.com\/Fuentes-Fidedignas-368234489921644","article_published_time":"2024-02-16T00:34:45+00:00","og_image":[{"width":850,"height":567,"url":"https:\/\/fuentesfidedignas.com.mx\/wp-content\/uploads\/2024\/02\/estrabismo-salud-visual.jpg","type":"image\/jpeg"}],"author":"Redacci\u00f3n","twitter_card":"summary_large_image","twitter_creator":"@fidedignas","twitter_site":"@fidedignas","twitter_misc":{"Escrito por":"Redacci\u00f3n","Tiempo de lectura":"2 minutos"},"schema":{"@context":"https:\/\/schema.org","@graph":[{"@type":"Article","@id":"https:\/\/fuentesfidedignas.com.mx\/index.php\/2024\/02\/15\/todos-a-apoyar-dif-sinaloa-realizara-velada-en-la-oscuridad-con-causa\/#article","isPartOf":{"@id":"https:\/\/fuentesfidedignas.com.mx\/index.php\/2024\/02\/15\/todos-a-apoyar-dif-sinaloa-realizara-velada-en-la-oscuridad-con-causa\/"},"author":{"name":"Redacci\u00f3n","@id":"https:\/\/fuentesfidedignas.com.mx\/#\/schema\/person\/331be9283d37198e2acd5750279085b0"},"headline":"\u00a1Todos a apoyar! DIF Sinaloa realizar\u00e1 \u201cVelada en la oscuridad con causa&#8221;","datePublished":"2024-02-16T00:34:45+00:00","mainEntityOfPage":{"@id":"https:\/\/fuentesfidedignas.com.mx\/index.php\/2024\/02\/15\/todos-a-apoyar-dif-sinaloa-realizara-velada-en-la-oscuridad-con-causa\/"},"wordCount":285,"commentCount":0,"publisher":{"@id":"https:\/\/fuentesfidedignas.com.mx\/#organization"},"image":{"@id":"https:\/\/fuentesfidedignas.com.mx\/index.php\/2024\/02\/15\/todos-a-apoyar-dif-sinaloa-realizara-velada-en-la-oscuridad-con-causa\/#primaryimage"},"thumbnailUrl":"https:\/\/fuentesfidedignas.com.mx\/wp-content\/uploads\/2024\/02\/estrabismo-salud-visual.jpg","inLanguage":"es","potentialAction":[{"@type":"CommentAction","name":"Comment","target":["https:\/\/fuentesfidedignas.com.mx\/index.php\/2024\/02\/15\/todos-a-apoyar-dif-sinaloa-realizara-velada-en-la-oscuridad-con-causa\/#respond"]}]},{"@type":"WebPage","@id":"https:\/\/fuentesfidedignas.com.mx\/index.php\/2024\/02\/15\/todos-a-apoyar-dif-sinaloa-realizara-velada-en-la-oscuridad-con-causa\/","url":"https:\/\/fuentesfidedignas.com.mx\/index.php\/2024\/02\/15\/todos-a-apoyar-dif-sinaloa-realizara-velada-en-la-oscuridad-con-causa\/","name":"\u00a1Todos a apoyar! DIF Sinaloa realizar\u00e1 \u201cVelada en la oscuridad con causa\" - Fuentes Fidedignas","isPartOf":{"@id":"https:\/\/fuentesfidedignas.com.mx\/#website"},"primaryImageOfPage":{"@id":"https:\/\/fuentesfidedignas.com.mx\/index.php\/2024\/02\/15\/todos-a-apoyar-dif-sinaloa-realizara-velada-en-la-oscuridad-con-causa\/#primaryimage"},"image":{"@id":"https:\/\/fuentesfidedignas.com.mx\/index.php\/2024\/02\/15\/todos-a-apoyar-dif-sinaloa-realizara-velada-en-la-oscuridad-con-causa\/#primaryimage"},"thumbnailUrl":"https:\/\/fuentesfidedignas.com.mx\/wp-content\/uploads\/2024\/02\/estrabismo-salud-visual.jpg","datePublished":"2024-02-16T00:34:45+00:00","breadcrumb":{"@id":"https:\/\/fuentesfidedignas.com.mx\/index.php\/2024\/02\/15\/todos-a-apoyar-dif-sinaloa-realizara-velada-en-la-oscuridad-con-causa\/#breadcrumb"},"inLanguage":"es","potentialAction":[{"@type":"ReadAction","target":["https:\/\/fuentesfidedignas.com.mx\/index.php\/2024\/02\/15\/todos-a-apoyar-dif-sinaloa-realizara-velada-en-la-oscuridad-con-causa\/"]}]},{"@type":"ImageObject","inLanguage":"es","@id":"https:\/\/fuentesfidedignas.com.mx\/index.php\/2024\/02\/15\/todos-a-apoyar-dif-sinaloa-realizara-velada-en-la-oscuridad-con-causa\/#primaryimage","url":"https:\/\/fuentesfidedignas.com.mx\/wp-content\/uploads\/2024\/02\/estrabismo-salud-visual.jpg","contentUrl":"https:\/\/fuentesfidedignas.com.mx\/wp-content\/uploads\/2024\/02\/estrabismo-salud-visual.jpg","width":850,"height":567},{"@type":"BreadcrumbList","@id":"https:\/\/fuentesfidedignas.com.mx\/index.php\/2024\/02\/15\/todos-a-apoyar-dif-sinaloa-realizara-velada-en-la-oscuridad-con-causa\/#breadcrumb","itemListElement":[{"@type":"ListItem","position":1,"name":"Inicio","item":"https:\/\/fuentesfidedignas.com.mx\/"},{"@type":"ListItem","position":2,"name":"\u00a1Todos a apoyar! DIF Sinaloa realizar\u00e1 \u201cVelada en la oscuridad con causa&#8221;"}]},{"@type":"WebSite","@id":"https:\/\/fuentesfidedignas.com.mx\/#website","url":"https:\/\/fuentesfidedignas.com.mx\/","name":"Fuentes Fidedignas","description":"Otro sitio realizado con WordPress","publisher":{"@id":"https:\/\/fuentesfidedignas.com.mx\/#organization"},"potentialAction":[{"@type":"SearchAction","target":{"@type":"EntryPoint","urlTemplate":"https:\/\/fuentesfidedignas.com.mx\/?s={search_term_string}"},"query-input":{"@type":"PropertyValueSpecification","valueRequired":true,"valueName":"search_term_string"}}],"inLanguage":"es"},{"@type":"Organization","@id":"https:\/\/fuentesfidedignas.com.mx\/#organization","name":"Fuentes Fidedignas","url":"https:\/\/fuentesfidedignas.com.mx\/","logo":{"@type":"ImageObject","inLanguage":"es","@id":"https:\/\/fuentesfidedignas.com.mx\/#\/schema\/logo\/image\/","url":"https:\/\/fuentesfidedignas.com.mx\/wp-content\/uploads\/2021\/04\/logo-retina.png","contentUrl":"https:\/\/fuentesfidedignas.com.mx\/wp-content\/uploads\/2021\/04\/logo-retina.png","width":280,"height":51,"caption":"Fuentes Fidedignas"},"image":{"@id":"https:\/\/fuentesfidedignas.com.mx\/#\/schema\/logo\/image\/"},"sameAs":["https:\/\/www.facebook.com\/Fuentes-Fidedignas-368234489921644","https:\/\/x.com\/fidedignas"]},{"@type":"Person","@id":"https:\/\/fuentesfidedignas.com.mx\/#\/schema\/person\/331be9283d37198e2acd5750279085b0","name":"Redacci\u00f3n","image":{"@type":"ImageObject","inLanguage":"es","@id":"https:\/\/secure.gravatar.com\/avatar\/f6d8782c11d12b2d4ad3fbb6931aeab5309937a4d6cd2fc9cfaa28a6396a5aec?s=96&d=mm&r=g","url":"https:\/\/secure.gravatar.com\/avatar\/f6d8782c11d12b2d4ad3fbb6931aeab5309937a4d6cd2fc9cfaa28a6396a5aec?s=96&d=mm&r=g","contentUrl":"https:\/\/secure.gravatar.com\/avatar\/f6d8782c11d12b2d4ad3fbb6931aeab5309937a4d6cd2fc9cfaa28a6396a5aec?s=96&d=mm&r=g","caption":"Redacci\u00f3n"},"url":"https:\/\/fuentesfidedignas.com.mx\/index.php\/author\/redaccion\/"}]}},"_links":{"self":[{"href":"https:\/\/fuentesfidedignas.com.mx\/index.php\/wp-json\/wp\/v2\/posts\/74060","targetHints":{"allow":["GET"]}}],"collection":[{"href":"https:\/\/fuentesfidedignas.com.mx\/index.php\/wp-json\/wp\/v2\/posts"}],"about":[{"href":"https:\/\/fuentesfidedignas.com.mx\/index.php\/wp-json\/wp\/v2\/types\/post"}],"author":[{"embeddable":true,"href":"https:\/\/fuentesfidedignas.com.mx\/index.php\/wp-json\/wp\/v2\/users\/4"}],"replies":[{"embeddable":true,"href":"https:\/\/fuentesfidedignas.com.mx\/index.php\/wp-json\/wp\/v2\/comments?post=74060"}],"version-history":[{"count":1,"href":"https:\/\/fuentesfidedignas.com.mx\/index.php\/wp-json\/wp\/v2\/posts\/74060\/revisions"}],"predecessor-version":[{"id":74070,"href":"https:\/\/fuentesfidedignas.com.mx\/index.php\/wp-json\/wp\/v2\/posts\/74060\/revisions\/74070"}],"wp:featuredmedia":[{"embeddable":true,"href":"https:\/\/fuentesfidedignas.com.mx\/index.php\/wp-json\/wp\/v2\/media\/74069"}],"wp:attachment":[{"href":"https:\/\/fuentesfidedignas.com.mx\/index.php\/wp-json\/wp\/v2\/media?parent=74060"}],"wp:term":[{"taxonomy":"category","embeddable":true,"href":"https:\/\/fuentesfidedignas.com.mx\/index.php\/wp-json\/wp\/v2\/categories?post=74060"},{"taxonomy":"post_tag","embeddable":true,"href":"https:\/\/fuentesfidedignas.com.mx\/index.php\/wp-json\/wp\/v2\/tags?post=74060"}],"curies":[{"name":"wp","href":"https:\/\/api.w.org\/{rel}","templated":true}]}}