{"id":73967,"date":"2024-02-15T07:02:50","date_gmt":"2024-02-15T14:02:50","guid":{"rendered":"https:\/\/fuentesfidedignas.com.mx\/?p=73967"},"modified":"2024-02-15T07:02:50","modified_gmt":"2024-02-15T14:02:50","slug":"ante-ola-de-violencia-obispos-de-guerrero-intentaron-pactar-una-tregua-con-grupos-criminales","status":"publish","type":"post","link":"https:\/\/fuentesfidedignas.com.mx\/index.php\/2024\/02\/15\/ante-ola-de-violencia-obispos-de-guerrero-intentaron-pactar-una-tregua-con-grupos-criminales\/","title":{"rendered":"Ante ola de violencia, obispos de Guerrero intentaron pactar una tregua con grupos criminales"},"content":{"rendered":"\n<p><strong><em>Jos\u00e9 de Jes\u00fas Gonz\u00e1lez, obispo de la Di\u00f3cesis Chilpancingo-Chilapa, dijo que no hubo acuerdos con criminales en Guerrero<\/em><\/strong><\/p>\n\n\n\n<p>GUERRERO.- Jos\u00e9 de Jes\u00fas Gonz\u00e1lez, obispo de la Di\u00f3cesis Chilpancingo-Chilapa, revel\u00f3 que junto a los otros tres obispos de Guerrero sostuvieron reuniones con jefes del crimen organizado para buscar una tregua en la entidad, tras la ola de violencia registrada en las \u00faltimas semanas en varias zonas.<\/p>\n\n\n\n<p>Luego de presidir la misa del Mi\u00e9rcoles de Ceniza, Gonz\u00e1lez Hern\u00e1ndez explic\u00f3 que a finales del a\u00f1o pasado, la Iglesia en Guerrero intent\u00f3 mediar en con los grupos criminales, pero no hubo acuerdos porque ninguno de ellos estuvo dispuesto a ceder sus territorios.<\/p>\n\n\n\n<p>&#8220;No lo sueltan, les ha costado vidas, les ha costado trabajo, les ha costado gan\u00e1rselos y no lo sueltan\u201d, argument\u00f3 a periodistas.<\/p>\n\n\n\n<p>\u201cEntonces aqu\u00ed s\u00ed tenemos que buscar otras maneras de ofrecer esta mediaci\u00f3n (\u2026) Ambicionan los cobros (de extorsiones), ambicionan, un af\u00e1n de dinero, un af\u00e1n de poder y con esto no pudimos\u201d, se\u00f1al\u00f3.<\/p>\n\n\n\n<p>Explic\u00f3 que cada uno de los obispos trat\u00f3 de convencer a los grupos delictivos que operan en sus di\u00f3cesis: en Acapulco lo hizo el arzobispo Leopoldo Gonz\u00e1lez Gonz\u00e1lez, en la regi\u00f3n Tierra Caliente el obispo Joel Ocampo Gorostieta; en Tlapa, el obispo Dagoberto Sosa; y en la regi\u00f3n Centro, el propio Jos\u00e9 de Jes\u00fas Gonz\u00e1lez, quien apunt\u00f3 que continuar\u00e1n dialogando con los l\u00edderes criminales.<\/p>\n\n\n\n<p>\u201cNosotros creemos que el Gobierno tiene la soluci\u00f3n, ellos tienen tambi\u00e9n el poder, ellos tienen los recursos, tienen los medios, pero parece que nos han dejado\u201d, extern\u00f3.<\/p>\n\n\n\n<p>Frente a las pr\u00f3ximas elecciones, el obispo Gonz\u00e1lez Hern\u00e1ndez alert\u00f3 que la violencia se puede recrudecer durante esta etapa previa a las definiciones de candidaturas.<\/p>\n\n\n\n<p>Pidi\u00f3 a las autoridades que no se corrompan y que ellos mismos se involucren y participen en estos di\u00e1logos con el narco, para poder concretar acuerdos y recuperar la paz.<\/p>\n","protected":false},"excerpt":{"rendered":"<p>Jos\u00e9 de Jes\u00fas Gonz\u00e1lez, obispo de la Di\u00f3cesis Chilpancingo-Chilapa, dijo que no hubo acuerdos con criminales en Guerrero GUERRERO.- Jos\u00e9 de Jes\u00fas Gonz\u00e1lez, obispo de la Di\u00f3cesis Chilpancingo-Chilapa, revel\u00f3 que junto a los otros tres obispos de Guerrero sostuvieron reuniones con jefes del crimen organizado para buscar una tregua en la entidad, tras la ola [&hellip;]<\/p>\n","protected":false},"author":47,"featured_media":73968,"comment_status":"open","ping_status":"open","sticky":false,"template":"","format":"standard","meta":{"tdm_status":"","tdm_grid_status":"","footnotes":""},"categories":[39],"tags":[],"class_list":{"0":"post-73967","1":"post","2":"type-post","3":"status-publish","4":"format-standard","5":"has-post-thumbnail","7":"category-noticias-nacionales"},"yoast_head":"<!-- This site is optimized with the Yoast SEO plugin v27.5 - https:\/\/yoast.com\/product\/yoast-seo-wordpress\/ -->\n<title>Ante ola de violencia, obispos de Guerrero intentaron pactar una tregua con grupos criminales - Fuentes Fidedignas<\/title>\n<meta name=\"robots\" content=\"index, follow, max-snippet:-1, max-image-preview:large, max-video-preview:-1\" \/>\n<link rel=\"canonical\" href=\"https:\/\/fuentesfidedignas.com.mx\/index.php\/2024\/02\/15\/ante-ola-de-violencia-obispos-de-guerrero-intentaron-pactar-una-tregua-con-grupos-criminales\/\" \/>\n<meta property=\"og:locale\" content=\"es_MX\" \/>\n<meta property=\"og:type\" content=\"article\" \/>\n<meta property=\"og:title\" content=\"Ante ola de violencia, obispos de Guerrero intentaron pactar una tregua con grupos criminales - Fuentes Fidedignas\" \/>\n<meta property=\"og:description\" content=\"Jos\u00e9 de Jes\u00fas Gonz\u00e1lez, obispo de la Di\u00f3cesis Chilpancingo-Chilapa, dijo que no hubo acuerdos con criminales en Guerrero GUERRERO.- Jos\u00e9 de Jes\u00fas Gonz\u00e1lez, obispo de la Di\u00f3cesis Chilpancingo-Chilapa, revel\u00f3 que junto a los otros tres obispos de Guerrero sostuvieron reuniones con jefes del crimen organizado para buscar una tregua en la entidad, tras la ola [&hellip;]\" \/>\n<meta property=\"og:url\" content=\"https:\/\/fuentesfidedignas.com.mx\/index.php\/2024\/02\/15\/ante-ola-de-violencia-obispos-de-guerrero-intentaron-pactar-una-tregua-con-grupos-criminales\/\" \/>\n<meta property=\"og:site_name\" content=\"Fuentes Fidedignas\" \/>\n<meta property=\"article:publisher\" content=\"https:\/\/www.facebook.com\/Fuentes-Fidedignas-368234489921644\" \/>\n<meta property=\"article:published_time\" content=\"2024-02-15T14:02:50+00:00\" \/>\n<meta property=\"og:image\" content=\"https:\/\/fuentesfidedignas.com.mx\/wp-content\/uploads\/2024\/02\/OBISPO_GUERRERO.jpg\" \/>\n\t<meta property=\"og:image:width\" content=\"937\" \/>\n\t<meta property=\"og:image:height\" content=\"528\" \/>\n\t<meta property=\"og:image:type\" content=\"image\/jpeg\" \/>\n<meta name=\"author\" content=\"L\u00f3pez D\u00f3riga\" \/>\n<meta name=\"twitter:card\" content=\"summary_large_image\" \/>\n<meta name=\"twitter:creator\" content=\"@fidedignas\" \/>\n<meta name=\"twitter:site\" content=\"@fidedignas\" \/>\n<meta name=\"twitter:label1\" content=\"Escrito por\" \/>\n\t<meta name=\"twitter:data1\" content=\"L\u00f3pez D\u00f3riga\" \/>\n\t<meta name=\"twitter:label2\" content=\"Tiempo de lectura\" \/>\n\t<meta name=\"twitter:data2\" content=\"2 minutos\" \/>\n<script type=\"application\/ld+json\" class=\"yoast-schema-graph\">{\"@context\":\"https:\\\/\\\/schema.org\",\"@graph\":[{\"@type\":\"Article\",\"@id\":\"https:\\\/\\\/fuentesfidedignas.com.mx\\\/index.php\\\/2024\\\/02\\\/15\\\/ante-ola-de-violencia-obispos-de-guerrero-intentaron-pactar-una-tregua-con-grupos-criminales\\\/#article\",\"isPartOf\":{\"@id\":\"https:\\\/\\\/fuentesfidedignas.com.mx\\\/index.php\\\/2024\\\/02\\\/15\\\/ante-ola-de-violencia-obispos-de-guerrero-intentaron-pactar-una-tregua-con-grupos-criminales\\\/\"},\"author\":{\"name\":\"L\u00f3pez D\u00f3riga\",\"@id\":\"https:\\\/\\\/fuentesfidedignas.com.mx\\\/#\\\/schema\\\/person\\\/67d852f0557c8509146a4b9ddebd543a\"},\"headline\":\"Ante ola de violencia, obispos de Guerrero intentaron pactar una tregua con grupos criminales\",\"datePublished\":\"2024-02-15T14:02:50+00:00\",\"mainEntityOfPage\":{\"@id\":\"https:\\\/\\\/fuentesfidedignas.com.mx\\\/index.php\\\/2024\\\/02\\\/15\\\/ante-ola-de-violencia-obispos-de-guerrero-intentaron-pactar-una-tregua-con-grupos-criminales\\\/\"},\"wordCount\":353,\"commentCount\":0,\"publisher\":{\"@id\":\"https:\\\/\\\/fuentesfidedignas.com.mx\\\/#organization\"},\"image\":{\"@id\":\"https:\\\/\\\/fuentesfidedignas.com.mx\\\/index.php\\\/2024\\\/02\\\/15\\\/ante-ola-de-violencia-obispos-de-guerrero-intentaron-pactar-una-tregua-con-grupos-criminales\\\/#primaryimage\"},\"thumbnailUrl\":\"https:\\\/\\\/fuentesfidedignas.com.mx\\\/wp-content\\\/uploads\\\/2024\\\/02\\\/OBISPO_GUERRERO.jpg\",\"articleSection\":[\"NOTICIAS NACIONALES\"],\"inLanguage\":\"es\",\"potentialAction\":[{\"@type\":\"CommentAction\",\"name\":\"Comment\",\"target\":[\"https:\\\/\\\/fuentesfidedignas.com.mx\\\/index.php\\\/2024\\\/02\\\/15\\\/ante-ola-de-violencia-obispos-de-guerrero-intentaron-pactar-una-tregua-con-grupos-criminales\\\/#respond\"]}]},{\"@type\":\"WebPage\",\"@id\":\"https:\\\/\\\/fuentesfidedignas.com.mx\\\/index.php\\\/2024\\\/02\\\/15\\\/ante-ola-de-violencia-obispos-de-guerrero-intentaron-pactar-una-tregua-con-grupos-criminales\\\/\",\"url\":\"https:\\\/\\\/fuentesfidedignas.com.mx\\\/index.php\\\/2024\\\/02\\\/15\\\/ante-ola-de-violencia-obispos-de-guerrero-intentaron-pactar-una-tregua-con-grupos-criminales\\\/\",\"name\":\"Ante ola de violencia, obispos de Guerrero intentaron pactar una tregua con grupos criminales - Fuentes Fidedignas\",\"isPartOf\":{\"@id\":\"https:\\\/\\\/fuentesfidedignas.com.mx\\\/#website\"},\"primaryImageOfPage\":{\"@id\":\"https:\\\/\\\/fuentesfidedignas.com.mx\\\/index.php\\\/2024\\\/02\\\/15\\\/ante-ola-de-violencia-obispos-de-guerrero-intentaron-pactar-una-tregua-con-grupos-criminales\\\/#primaryimage\"},\"image\":{\"@id\":\"https:\\\/\\\/fuentesfidedignas.com.mx\\\/index.php\\\/2024\\\/02\\\/15\\\/ante-ola-de-violencia-obispos-de-guerrero-intentaron-pactar-una-tregua-con-grupos-criminales\\\/#primaryimage\"},\"thumbnailUrl\":\"https:\\\/\\\/fuentesfidedignas.com.mx\\\/wp-content\\\/uploads\\\/2024\\\/02\\\/OBISPO_GUERRERO.jpg\",\"datePublished\":\"2024-02-15T14:02:50+00:00\",\"breadcrumb\":{\"@id\":\"https:\\\/\\\/fuentesfidedignas.com.mx\\\/index.php\\\/2024\\\/02\\\/15\\\/ante-ola-de-violencia-obispos-de-guerrero-intentaron-pactar-una-tregua-con-grupos-criminales\\\/#breadcrumb\"},\"inLanguage\":\"es\",\"potentialAction\":[{\"@type\":\"ReadAction\",\"target\":[\"https:\\\/\\\/fuentesfidedignas.com.mx\\\/index.php\\\/2024\\\/02\\\/15\\\/ante-ola-de-violencia-obispos-de-guerrero-intentaron-pactar-una-tregua-con-grupos-criminales\\\/\"]}]},{\"@type\":\"ImageObject\",\"inLanguage\":\"es\",\"@id\":\"https:\\\/\\\/fuentesfidedignas.com.mx\\\/index.php\\\/2024\\\/02\\\/15\\\/ante-ola-de-violencia-obispos-de-guerrero-intentaron-pactar-una-tregua-con-grupos-criminales\\\/#primaryimage\",\"url\":\"https:\\\/\\\/fuentesfidedignas.com.mx\\\/wp-content\\\/uploads\\\/2024\\\/02\\\/OBISPO_GUERRERO.jpg\",\"contentUrl\":\"https:\\\/\\\/fuentesfidedignas.com.mx\\\/wp-content\\\/uploads\\\/2024\\\/02\\\/OBISPO_GUERRERO.jpg\",\"width\":937,\"height\":528},{\"@type\":\"BreadcrumbList\",\"@id\":\"https:\\\/\\\/fuentesfidedignas.com.mx\\\/index.php\\\/2024\\\/02\\\/15\\\/ante-ola-de-violencia-obispos-de-guerrero-intentaron-pactar-una-tregua-con-grupos-criminales\\\/#breadcrumb\",\"itemListElement\":[{\"@type\":\"ListItem\",\"position\":1,\"name\":\"Inicio\",\"item\":\"https:\\\/\\\/fuentesfidedignas.com.mx\\\/\"},{\"@type\":\"ListItem\",\"position\":2,\"name\":\"Ante ola de violencia, obispos de Guerrero intentaron pactar una tregua con grupos criminales\"}]},{\"@type\":\"WebSite\",\"@id\":\"https:\\\/\\\/fuentesfidedignas.com.mx\\\/#website\",\"url\":\"https:\\\/\\\/fuentesfidedignas.com.mx\\\/\",\"name\":\"Fuentes Fidedignas\",\"description\":\"Otro sitio realizado con WordPress\",\"publisher\":{\"@id\":\"https:\\\/\\\/fuentesfidedignas.com.mx\\\/#organization\"},\"potentialAction\":[{\"@type\":\"SearchAction\",\"target\":{\"@type\":\"EntryPoint\",\"urlTemplate\":\"https:\\\/\\\/fuentesfidedignas.com.mx\\\/?s={search_term_string}\"},\"query-input\":{\"@type\":\"PropertyValueSpecification\",\"valueRequired\":true,\"valueName\":\"search_term_string\"}}],\"inLanguage\":\"es\"},{\"@type\":\"Organization\",\"@id\":\"https:\\\/\\\/fuentesfidedignas.com.mx\\\/#organization\",\"name\":\"Fuentes Fidedignas\",\"url\":\"https:\\\/\\\/fuentesfidedignas.com.mx\\\/\",\"logo\":{\"@type\":\"ImageObject\",\"inLanguage\":\"es\",\"@id\":\"https:\\\/\\\/fuentesfidedignas.com.mx\\\/#\\\/schema\\\/logo\\\/image\\\/\",\"url\":\"https:\\\/\\\/fuentesfidedignas.com.mx\\\/wp-content\\\/uploads\\\/2021\\\/04\\\/logo-retina.png\",\"contentUrl\":\"https:\\\/\\\/fuentesfidedignas.com.mx\\\/wp-content\\\/uploads\\\/2021\\\/04\\\/logo-retina.png\",\"width\":280,\"height\":51,\"caption\":\"Fuentes Fidedignas\"},\"image\":{\"@id\":\"https:\\\/\\\/fuentesfidedignas.com.mx\\\/#\\\/schema\\\/logo\\\/image\\\/\"},\"sameAs\":[\"https:\\\/\\\/www.facebook.com\\\/Fuentes-Fidedignas-368234489921644\",\"https:\\\/\\\/x.com\\\/fidedignas\"]},{\"@type\":\"Person\",\"@id\":\"https:\\\/\\\/fuentesfidedignas.com.mx\\\/#\\\/schema\\\/person\\\/67d852f0557c8509146a4b9ddebd543a\",\"name\":\"L\u00f3pez D\u00f3riga\",\"image\":{\"@type\":\"ImageObject\",\"inLanguage\":\"es\",\"@id\":\"https:\\\/\\\/secure.gravatar.com\\\/avatar\\\/e525b06574ca18b33cded59dfe5778d6c823b9513154eff47da551b0551bdd1e?s=96&d=mm&r=g\",\"url\":\"https:\\\/\\\/secure.gravatar.com\\\/avatar\\\/e525b06574ca18b33cded59dfe5778d6c823b9513154eff47da551b0551bdd1e?s=96&d=mm&r=g\",\"contentUrl\":\"https:\\\/\\\/secure.gravatar.com\\\/avatar\\\/e525b06574ca18b33cded59dfe5778d6c823b9513154eff47da551b0551bdd1e?s=96&d=mm&r=g\",\"caption\":\"L\u00f3pez D\u00f3riga\"},\"url\":\"https:\\\/\\\/fuentesfidedignas.com.mx\\\/index.php\\\/author\\\/doriga\\\/\"}]}<\/script>\n<!-- \/ Yoast SEO plugin. -->","yoast_head_json":{"title":"Ante ola de violencia, obispos de Guerrero intentaron pactar una tregua con grupos criminales - Fuentes Fidedignas","robots":{"index":"index","follow":"follow","max-snippet":"max-snippet:-1","max-image-preview":"max-image-preview:large","max-video-preview":"max-video-preview:-1"},"canonical":"https:\/\/fuentesfidedignas.com.mx\/index.php\/2024\/02\/15\/ante-ola-de-violencia-obispos-de-guerrero-intentaron-pactar-una-tregua-con-grupos-criminales\/","og_locale":"es_MX","og_type":"article","og_title":"Ante ola de violencia, obispos de Guerrero intentaron pactar una tregua con grupos criminales - Fuentes Fidedignas","og_description":"Jos\u00e9 de Jes\u00fas Gonz\u00e1lez, obispo de la Di\u00f3cesis Chilpancingo-Chilapa, dijo que no hubo acuerdos con criminales en Guerrero GUERRERO.- Jos\u00e9 de Jes\u00fas Gonz\u00e1lez, obispo de la Di\u00f3cesis Chilpancingo-Chilapa, revel\u00f3 que junto a los otros tres obispos de Guerrero sostuvieron reuniones con jefes del crimen organizado para buscar una tregua en la entidad, tras la ola [&hellip;]","og_url":"https:\/\/fuentesfidedignas.com.mx\/index.php\/2024\/02\/15\/ante-ola-de-violencia-obispos-de-guerrero-intentaron-pactar-una-tregua-con-grupos-criminales\/","og_site_name":"Fuentes Fidedignas","article_publisher":"https:\/\/www.facebook.com\/Fuentes-Fidedignas-368234489921644","article_published_time":"2024-02-15T14:02:50+00:00","og_image":[{"width":937,"height":528,"url":"https:\/\/fuentesfidedignas.com.mx\/wp-content\/uploads\/2024\/02\/OBISPO_GUERRERO.jpg","type":"image\/jpeg"}],"author":"L\u00f3pez D\u00f3riga","twitter_card":"summary_large_image","twitter_creator":"@fidedignas","twitter_site":"@fidedignas","twitter_misc":{"Escrito por":"L\u00f3pez D\u00f3riga","Tiempo de lectura":"2 minutos"},"schema":{"@context":"https:\/\/schema.org","@graph":[{"@type":"Article","@id":"https:\/\/fuentesfidedignas.com.mx\/index.php\/2024\/02\/15\/ante-ola-de-violencia-obispos-de-guerrero-intentaron-pactar-una-tregua-con-grupos-criminales\/#article","isPartOf":{"@id":"https:\/\/fuentesfidedignas.com.mx\/index.php\/2024\/02\/15\/ante-ola-de-violencia-obispos-de-guerrero-intentaron-pactar-una-tregua-con-grupos-criminales\/"},"author":{"name":"L\u00f3pez D\u00f3riga","@id":"https:\/\/fuentesfidedignas.com.mx\/#\/schema\/person\/67d852f0557c8509146a4b9ddebd543a"},"headline":"Ante ola de violencia, obispos de Guerrero intentaron pactar una tregua con grupos criminales","datePublished":"2024-02-15T14:02:50+00:00","mainEntityOfPage":{"@id":"https:\/\/fuentesfidedignas.com.mx\/index.php\/2024\/02\/15\/ante-ola-de-violencia-obispos-de-guerrero-intentaron-pactar-una-tregua-con-grupos-criminales\/"},"wordCount":353,"commentCount":0,"publisher":{"@id":"https:\/\/fuentesfidedignas.com.mx\/#organization"},"image":{"@id":"https:\/\/fuentesfidedignas.com.mx\/index.php\/2024\/02\/15\/ante-ola-de-violencia-obispos-de-guerrero-intentaron-pactar-una-tregua-con-grupos-criminales\/#primaryimage"},"thumbnailUrl":"https:\/\/fuentesfidedignas.com.mx\/wp-content\/uploads\/2024\/02\/OBISPO_GUERRERO.jpg","articleSection":["NOTICIAS NACIONALES"],"inLanguage":"es","potentialAction":[{"@type":"CommentAction","name":"Comment","target":["https:\/\/fuentesfidedignas.com.mx\/index.php\/2024\/02\/15\/ante-ola-de-violencia-obispos-de-guerrero-intentaron-pactar-una-tregua-con-grupos-criminales\/#respond"]}]},{"@type":"WebPage","@id":"https:\/\/fuentesfidedignas.com.mx\/index.php\/2024\/02\/15\/ante-ola-de-violencia-obispos-de-guerrero-intentaron-pactar-una-tregua-con-grupos-criminales\/","url":"https:\/\/fuentesfidedignas.com.mx\/index.php\/2024\/02\/15\/ante-ola-de-violencia-obispos-de-guerrero-intentaron-pactar-una-tregua-con-grupos-criminales\/","name":"Ante ola de violencia, obispos de Guerrero intentaron pactar una tregua con grupos criminales - Fuentes Fidedignas","isPartOf":{"@id":"https:\/\/fuentesfidedignas.com.mx\/#website"},"primaryImageOfPage":{"@id":"https:\/\/fuentesfidedignas.com.mx\/index.php\/2024\/02\/15\/ante-ola-de-violencia-obispos-de-guerrero-intentaron-pactar-una-tregua-con-grupos-criminales\/#primaryimage"},"image":{"@id":"https:\/\/fuentesfidedignas.com.mx\/index.php\/2024\/02\/15\/ante-ola-de-violencia-obispos-de-guerrero-intentaron-pactar-una-tregua-con-grupos-criminales\/#primaryimage"},"thumbnailUrl":"https:\/\/fuentesfidedignas.com.mx\/wp-content\/uploads\/2024\/02\/OBISPO_GUERRERO.jpg","datePublished":"2024-02-15T14:02:50+00:00","breadcrumb":{"@id":"https:\/\/fuentesfidedignas.com.mx\/index.php\/2024\/02\/15\/ante-ola-de-violencia-obispos-de-guerrero-intentaron-pactar-una-tregua-con-grupos-criminales\/#breadcrumb"},"inLanguage":"es","potentialAction":[{"@type":"ReadAction","target":["https:\/\/fuentesfidedignas.com.mx\/index.php\/2024\/02\/15\/ante-ola-de-violencia-obispos-de-guerrero-intentaron-pactar-una-tregua-con-grupos-criminales\/"]}]},{"@type":"ImageObject","inLanguage":"es","@id":"https:\/\/fuentesfidedignas.com.mx\/index.php\/2024\/02\/15\/ante-ola-de-violencia-obispos-de-guerrero-intentaron-pactar-una-tregua-con-grupos-criminales\/#primaryimage","url":"https:\/\/fuentesfidedignas.com.mx\/wp-content\/uploads\/2024\/02\/OBISPO_GUERRERO.jpg","contentUrl":"https:\/\/fuentesfidedignas.com.mx\/wp-content\/uploads\/2024\/02\/OBISPO_GUERRERO.jpg","width":937,"height":528},{"@type":"BreadcrumbList","@id":"https:\/\/fuentesfidedignas.com.mx\/index.php\/2024\/02\/15\/ante-ola-de-violencia-obispos-de-guerrero-intentaron-pactar-una-tregua-con-grupos-criminales\/#breadcrumb","itemListElement":[{"@type":"ListItem","position":1,"name":"Inicio","item":"https:\/\/fuentesfidedignas.com.mx\/"},{"@type":"ListItem","position":2,"name":"Ante ola de violencia, obispos de Guerrero intentaron pactar una tregua con grupos criminales"}]},{"@type":"WebSite","@id":"https:\/\/fuentesfidedignas.com.mx\/#website","url":"https:\/\/fuentesfidedignas.com.mx\/","name":"Fuentes Fidedignas","description":"Otro sitio realizado con WordPress","publisher":{"@id":"https:\/\/fuentesfidedignas.com.mx\/#organization"},"potentialAction":[{"@type":"SearchAction","target":{"@type":"EntryPoint","urlTemplate":"https:\/\/fuentesfidedignas.com.mx\/?s={search_term_string}"},"query-input":{"@type":"PropertyValueSpecification","valueRequired":true,"valueName":"search_term_string"}}],"inLanguage":"es"},{"@type":"Organization","@id":"https:\/\/fuentesfidedignas.com.mx\/#organization","name":"Fuentes Fidedignas","url":"https:\/\/fuentesfidedignas.com.mx\/","logo":{"@type":"ImageObject","inLanguage":"es","@id":"https:\/\/fuentesfidedignas.com.mx\/#\/schema\/logo\/image\/","url":"https:\/\/fuentesfidedignas.com.mx\/wp-content\/uploads\/2021\/04\/logo-retina.png","contentUrl":"https:\/\/fuentesfidedignas.com.mx\/wp-content\/uploads\/2021\/04\/logo-retina.png","width":280,"height":51,"caption":"Fuentes Fidedignas"},"image":{"@id":"https:\/\/fuentesfidedignas.com.mx\/#\/schema\/logo\/image\/"},"sameAs":["https:\/\/www.facebook.com\/Fuentes-Fidedignas-368234489921644","https:\/\/x.com\/fidedignas"]},{"@type":"Person","@id":"https:\/\/fuentesfidedignas.com.mx\/#\/schema\/person\/67d852f0557c8509146a4b9ddebd543a","name":"L\u00f3pez D\u00f3riga","image":{"@type":"ImageObject","inLanguage":"es","@id":"https:\/\/secure.gravatar.com\/avatar\/e525b06574ca18b33cded59dfe5778d6c823b9513154eff47da551b0551bdd1e?s=96&d=mm&r=g","url":"https:\/\/secure.gravatar.com\/avatar\/e525b06574ca18b33cded59dfe5778d6c823b9513154eff47da551b0551bdd1e?s=96&d=mm&r=g","contentUrl":"https:\/\/secure.gravatar.com\/avatar\/e525b06574ca18b33cded59dfe5778d6c823b9513154eff47da551b0551bdd1e?s=96&d=mm&r=g","caption":"L\u00f3pez D\u00f3riga"},"url":"https:\/\/fuentesfidedignas.com.mx\/index.php\/author\/doriga\/"}]}},"_links":{"self":[{"href":"https:\/\/fuentesfidedignas.com.mx\/index.php\/wp-json\/wp\/v2\/posts\/73967","targetHints":{"allow":["GET"]}}],"collection":[{"href":"https:\/\/fuentesfidedignas.com.mx\/index.php\/wp-json\/wp\/v2\/posts"}],"about":[{"href":"https:\/\/fuentesfidedignas.com.mx\/index.php\/wp-json\/wp\/v2\/types\/post"}],"author":[{"embeddable":true,"href":"https:\/\/fuentesfidedignas.com.mx\/index.php\/wp-json\/wp\/v2\/users\/47"}],"replies":[{"embeddable":true,"href":"https:\/\/fuentesfidedignas.com.mx\/index.php\/wp-json\/wp\/v2\/comments?post=73967"}],"version-history":[{"count":1,"href":"https:\/\/fuentesfidedignas.com.mx\/index.php\/wp-json\/wp\/v2\/posts\/73967\/revisions"}],"predecessor-version":[{"id":73969,"href":"https:\/\/fuentesfidedignas.com.mx\/index.php\/wp-json\/wp\/v2\/posts\/73967\/revisions\/73969"}],"wp:featuredmedia":[{"embeddable":true,"href":"https:\/\/fuentesfidedignas.com.mx\/index.php\/wp-json\/wp\/v2\/media\/73968"}],"wp:attachment":[{"href":"https:\/\/fuentesfidedignas.com.mx\/index.php\/wp-json\/wp\/v2\/media?parent=73967"}],"wp:term":[{"taxonomy":"category","embeddable":true,"href":"https:\/\/fuentesfidedignas.com.mx\/index.php\/wp-json\/wp\/v2\/categories?post=73967"},{"taxonomy":"post_tag","embeddable":true,"href":"https:\/\/fuentesfidedignas.com.mx\/index.php\/wp-json\/wp\/v2\/tags?post=73967"}],"curies":[{"name":"wp","href":"https:\/\/api.w.org\/{rel}","templated":true}]}}