{"id":73870,"date":"2024-02-14T10:47:35","date_gmt":"2024-02-14T17:47:35","guid":{"rendered":"https:\/\/fuentesfidedignas.com.mx\/?p=73870"},"modified":"2024-02-14T10:47:35","modified_gmt":"2024-02-14T17:47:35","slug":"autoridades-conmemoran-el-193-aniversario-luctuoso-de-vicente-guerrero-y-el-145-aniversario-luctuoso-de-agustina-ramirez","status":"publish","type":"post","link":"https:\/\/fuentesfidedignas.com.mx\/index.php\/2024\/02\/14\/autoridades-conmemoran-el-193-aniversario-luctuoso-de-vicente-guerrero-y-el-145-aniversario-luctuoso-de-agustina-ramirez\/","title":{"rendered":"Autoridades conmemoran el 193 aniversario luctuoso de Vicente Guerrero y el 145 aniversario luctuoso de Agustina Ram\u00edrez"},"content":{"rendered":"\n<p>Culiac\u00e1n, Sin.- Con izamiento de bandera a media asta, autoridades civiles y militares conmemoraron el 193 aniversario luctuoso del General Vicente Guerrero y el 145 aniversario luctuoso de Do\u00f1a Agustina Ram\u00edrez, en la plaza c\u00edvica de Palacio de Gobierno.<\/p>\n\n\n\n<p>En representaci\u00f3n del gobernador de Sinaloa, Rub\u00e9n Rocha Moya, la Secretaria de Educaci\u00f3n P\u00fablica y Cultura, Graciela Dom\u00ednguez Nava, presidi\u00f3 este acto conmemorativo acompa\u00f1ada del Presidente de la Mesa Directiva del Congreso del Estado, el diputado Ricardo Madrid P\u00e9rez; el Magistrado Jes\u00fas Iv\u00e1n Ch\u00e1vez Rangel, Presidente del Supremo Tribunal de Justicia; Aline Krystabel Guerra, Secretaria de Bienestar del Ayuntamiento de Culiac\u00e1n; el Mayor de Infanter\u00eda Arnulfo Arroyo, representante de la 9na Zona Militar; el Inspector Hip\u00f3lito Salado, adscrito al Noveno Batall\u00f3n de la Guardia Nacional y el Mayor Alfredo Figueroa Ram\u00edrez, representante de la Base A\u00e9rea Militar N\u00famero 10 en Sinaloa.<\/p>\n\n\n\n<p>Vicente Ram\u00f3n Guerrero Salda\u00f1a, mejor conocido como Vicente Guerrero, fue Presidente de la Rep\u00fablica de 1829 a 1830, s\u00f3lo por ocho meses, el \u00faltimo de los Insurgentes que dobleg\u00f3 a Iturbide para pactar con \u00e9l, el cese a las guerrillas que durante a\u00f1os lider\u00f3 en la zona de Guerrero y sureste mexicano. Muere en Cuil\u00e1pam, Oaxaca, traicionado y fusilado, el 14 de febrero de 1831 por el italiano Francisco Picaluga.<\/p>\n\n\n\n<p>El 14 de febrero de 1879 muere la mocoritense Agustina Ram\u00edrez, a quien se le considera una hero\u00edna mexicana, por entregar a la Patria a 12 de sus 13 hijos para defender a la Rep\u00fablica durante la Intervenci\u00f3n Francesa.<\/p>\n","protected":false},"excerpt":{"rendered":"<p>Culiac\u00e1n, Sin.- Con izamiento de bandera a media asta, autoridades civiles y militares conmemoraron el 193 aniversario luctuoso del General Vicente Guerrero y el 145 aniversario luctuoso de Do\u00f1a Agustina Ram\u00edrez, en la plaza c\u00edvica de Palacio de Gobierno. En representaci\u00f3n del gobernador de Sinaloa, Rub\u00e9n Rocha Moya, la Secretaria de Educaci\u00f3n P\u00fablica y Cultura, [&hellip;]<\/p>\n","protected":false},"author":4,"featured_media":73871,"comment_status":"open","ping_status":"open","sticky":false,"template":"","format":"standard","meta":{"tdm_status":"","tdm_grid_status":"","footnotes":""},"categories":[1],"tags":[],"class_list":{"0":"post-73870","1":"post","2":"type-post","3":"status-publish","4":"format-standard","5":"has-post-thumbnail","7":"category-sin-categoria"},"yoast_head":"<!-- This site is optimized with the Yoast SEO plugin v27.5 - https:\/\/yoast.com\/product\/yoast-seo-wordpress\/ -->\n<title>Autoridades conmemoran el 193 aniversario luctuoso de Vicente Guerrero y el 145 aniversario luctuoso de Agustina Ram\u00edrez - Fuentes Fidedignas<\/title>\n<meta name=\"robots\" content=\"index, follow, max-snippet:-1, max-image-preview:large, max-video-preview:-1\" \/>\n<link rel=\"canonical\" href=\"https:\/\/fuentesfidedignas.com.mx\/index.php\/2024\/02\/14\/autoridades-conmemoran-el-193-aniversario-luctuoso-de-vicente-guerrero-y-el-145-aniversario-luctuoso-de-agustina-ramirez\/\" \/>\n<meta property=\"og:locale\" content=\"es_MX\" \/>\n<meta property=\"og:type\" content=\"article\" \/>\n<meta property=\"og:title\" content=\"Autoridades conmemoran el 193 aniversario luctuoso de Vicente Guerrero y el 145 aniversario luctuoso de Agustina Ram\u00edrez - Fuentes Fidedignas\" \/>\n<meta property=\"og:description\" content=\"Culiac\u00e1n, Sin.- Con izamiento de bandera a media asta, autoridades civiles y militares conmemoraron el 193 aniversario luctuoso del General Vicente Guerrero y el 145 aniversario luctuoso de Do\u00f1a Agustina Ram\u00edrez, en la plaza c\u00edvica de Palacio de Gobierno. En representaci\u00f3n del gobernador de Sinaloa, Rub\u00e9n Rocha Moya, la Secretaria de Educaci\u00f3n P\u00fablica y Cultura, [&hellip;]\" \/>\n<meta property=\"og:url\" content=\"https:\/\/fuentesfidedignas.com.mx\/index.php\/2024\/02\/14\/autoridades-conmemoran-el-193-aniversario-luctuoso-de-vicente-guerrero-y-el-145-aniversario-luctuoso-de-agustina-ramirez\/\" \/>\n<meta property=\"og:site_name\" content=\"Fuentes Fidedignas\" \/>\n<meta property=\"article:publisher\" content=\"https:\/\/www.facebook.com\/Fuentes-Fidedignas-368234489921644\" \/>\n<meta property=\"article:published_time\" content=\"2024-02-14T17:47:35+00:00\" \/>\n<meta property=\"og:image\" content=\"https:\/\/fuentesfidedignas.com.mx\/wp-content\/uploads\/2024\/02\/WhatsApp-Image-2024-02-14-at-10.43.06-AM.jpeg\" \/>\n\t<meta property=\"og:image:width\" content=\"1280\" \/>\n\t<meta property=\"og:image:height\" content=\"853\" \/>\n\t<meta property=\"og:image:type\" content=\"image\/jpeg\" \/>\n<meta name=\"author\" content=\"Redacci\u00f3n\" \/>\n<meta name=\"twitter:card\" content=\"summary_large_image\" \/>\n<meta name=\"twitter:creator\" content=\"@fidedignas\" \/>\n<meta name=\"twitter:site\" content=\"@fidedignas\" \/>\n<meta name=\"twitter:label1\" content=\"Escrito por\" \/>\n\t<meta name=\"twitter:data1\" content=\"Redacci\u00f3n\" \/>\n\t<meta name=\"twitter:label2\" content=\"Tiempo de lectura\" \/>\n\t<meta name=\"twitter:data2\" content=\"2 minutos\" \/>\n<script type=\"application\/ld+json\" class=\"yoast-schema-graph\">{\"@context\":\"https:\\\/\\\/schema.org\",\"@graph\":[{\"@type\":\"Article\",\"@id\":\"https:\\\/\\\/fuentesfidedignas.com.mx\\\/index.php\\\/2024\\\/02\\\/14\\\/autoridades-conmemoran-el-193-aniversario-luctuoso-de-vicente-guerrero-y-el-145-aniversario-luctuoso-de-agustina-ramirez\\\/#article\",\"isPartOf\":{\"@id\":\"https:\\\/\\\/fuentesfidedignas.com.mx\\\/index.php\\\/2024\\\/02\\\/14\\\/autoridades-conmemoran-el-193-aniversario-luctuoso-de-vicente-guerrero-y-el-145-aniversario-luctuoso-de-agustina-ramirez\\\/\"},\"author\":{\"name\":\"Redacci\u00f3n\",\"@id\":\"https:\\\/\\\/fuentesfidedignas.com.mx\\\/#\\\/schema\\\/person\\\/331be9283d37198e2acd5750279085b0\"},\"headline\":\"Autoridades conmemoran el 193 aniversario luctuoso de Vicente Guerrero y el 145 aniversario luctuoso de Agustina Ram\u00edrez\",\"datePublished\":\"2024-02-14T17:47:35+00:00\",\"mainEntityOfPage\":{\"@id\":\"https:\\\/\\\/fuentesfidedignas.com.mx\\\/index.php\\\/2024\\\/02\\\/14\\\/autoridades-conmemoran-el-193-aniversario-luctuoso-de-vicente-guerrero-y-el-145-aniversario-luctuoso-de-agustina-ramirez\\\/\"},\"wordCount\":286,\"commentCount\":0,\"publisher\":{\"@id\":\"https:\\\/\\\/fuentesfidedignas.com.mx\\\/#organization\"},\"image\":{\"@id\":\"https:\\\/\\\/fuentesfidedignas.com.mx\\\/index.php\\\/2024\\\/02\\\/14\\\/autoridades-conmemoran-el-193-aniversario-luctuoso-de-vicente-guerrero-y-el-145-aniversario-luctuoso-de-agustina-ramirez\\\/#primaryimage\"},\"thumbnailUrl\":\"https:\\\/\\\/fuentesfidedignas.com.mx\\\/wp-content\\\/uploads\\\/2024\\\/02\\\/WhatsApp-Image-2024-02-14-at-10.43.06-AM.jpeg\",\"inLanguage\":\"es\",\"potentialAction\":[{\"@type\":\"CommentAction\",\"name\":\"Comment\",\"target\":[\"https:\\\/\\\/fuentesfidedignas.com.mx\\\/index.php\\\/2024\\\/02\\\/14\\\/autoridades-conmemoran-el-193-aniversario-luctuoso-de-vicente-guerrero-y-el-145-aniversario-luctuoso-de-agustina-ramirez\\\/#respond\"]}]},{\"@type\":\"WebPage\",\"@id\":\"https:\\\/\\\/fuentesfidedignas.com.mx\\\/index.php\\\/2024\\\/02\\\/14\\\/autoridades-conmemoran-el-193-aniversario-luctuoso-de-vicente-guerrero-y-el-145-aniversario-luctuoso-de-agustina-ramirez\\\/\",\"url\":\"https:\\\/\\\/fuentesfidedignas.com.mx\\\/index.php\\\/2024\\\/02\\\/14\\\/autoridades-conmemoran-el-193-aniversario-luctuoso-de-vicente-guerrero-y-el-145-aniversario-luctuoso-de-agustina-ramirez\\\/\",\"name\":\"Autoridades conmemoran el 193 aniversario luctuoso de Vicente Guerrero y el 145 aniversario luctuoso de Agustina Ram\u00edrez - Fuentes Fidedignas\",\"isPartOf\":{\"@id\":\"https:\\\/\\\/fuentesfidedignas.com.mx\\\/#website\"},\"primaryImageOfPage\":{\"@id\":\"https:\\\/\\\/fuentesfidedignas.com.mx\\\/index.php\\\/2024\\\/02\\\/14\\\/autoridades-conmemoran-el-193-aniversario-luctuoso-de-vicente-guerrero-y-el-145-aniversario-luctuoso-de-agustina-ramirez\\\/#primaryimage\"},\"image\":{\"@id\":\"https:\\\/\\\/fuentesfidedignas.com.mx\\\/index.php\\\/2024\\\/02\\\/14\\\/autoridades-conmemoran-el-193-aniversario-luctuoso-de-vicente-guerrero-y-el-145-aniversario-luctuoso-de-agustina-ramirez\\\/#primaryimage\"},\"thumbnailUrl\":\"https:\\\/\\\/fuentesfidedignas.com.mx\\\/wp-content\\\/uploads\\\/2024\\\/02\\\/WhatsApp-Image-2024-02-14-at-10.43.06-AM.jpeg\",\"datePublished\":\"2024-02-14T17:47:35+00:00\",\"breadcrumb\":{\"@id\":\"https:\\\/\\\/fuentesfidedignas.com.mx\\\/index.php\\\/2024\\\/02\\\/14\\\/autoridades-conmemoran-el-193-aniversario-luctuoso-de-vicente-guerrero-y-el-145-aniversario-luctuoso-de-agustina-ramirez\\\/#breadcrumb\"},\"inLanguage\":\"es\",\"potentialAction\":[{\"@type\":\"ReadAction\",\"target\":[\"https:\\\/\\\/fuentesfidedignas.com.mx\\\/index.php\\\/2024\\\/02\\\/14\\\/autoridades-conmemoran-el-193-aniversario-luctuoso-de-vicente-guerrero-y-el-145-aniversario-luctuoso-de-agustina-ramirez\\\/\"]}]},{\"@type\":\"ImageObject\",\"inLanguage\":\"es\",\"@id\":\"https:\\\/\\\/fuentesfidedignas.com.mx\\\/index.php\\\/2024\\\/02\\\/14\\\/autoridades-conmemoran-el-193-aniversario-luctuoso-de-vicente-guerrero-y-el-145-aniversario-luctuoso-de-agustina-ramirez\\\/#primaryimage\",\"url\":\"https:\\\/\\\/fuentesfidedignas.com.mx\\\/wp-content\\\/uploads\\\/2024\\\/02\\\/WhatsApp-Image-2024-02-14-at-10.43.06-AM.jpeg\",\"contentUrl\":\"https:\\\/\\\/fuentesfidedignas.com.mx\\\/wp-content\\\/uploads\\\/2024\\\/02\\\/WhatsApp-Image-2024-02-14-at-10.43.06-AM.jpeg\",\"width\":1280,\"height\":853},{\"@type\":\"BreadcrumbList\",\"@id\":\"https:\\\/\\\/fuentesfidedignas.com.mx\\\/index.php\\\/2024\\\/02\\\/14\\\/autoridades-conmemoran-el-193-aniversario-luctuoso-de-vicente-guerrero-y-el-145-aniversario-luctuoso-de-agustina-ramirez\\\/#breadcrumb\",\"itemListElement\":[{\"@type\":\"ListItem\",\"position\":1,\"name\":\"Inicio\",\"item\":\"https:\\\/\\\/fuentesfidedignas.com.mx\\\/\"},{\"@type\":\"ListItem\",\"position\":2,\"name\":\"Autoridades conmemoran el 193 aniversario luctuoso de Vicente Guerrero y el 145 aniversario luctuoso de Agustina Ram\u00edrez\"}]},{\"@type\":\"WebSite\",\"@id\":\"https:\\\/\\\/fuentesfidedignas.com.mx\\\/#website\",\"url\":\"https:\\\/\\\/fuentesfidedignas.com.mx\\\/\",\"name\":\"Fuentes Fidedignas\",\"description\":\"Otro sitio realizado con WordPress\",\"publisher\":{\"@id\":\"https:\\\/\\\/fuentesfidedignas.com.mx\\\/#organization\"},\"potentialAction\":[{\"@type\":\"SearchAction\",\"target\":{\"@type\":\"EntryPoint\",\"urlTemplate\":\"https:\\\/\\\/fuentesfidedignas.com.mx\\\/?s={search_term_string}\"},\"query-input\":{\"@type\":\"PropertyValueSpecification\",\"valueRequired\":true,\"valueName\":\"search_term_string\"}}],\"inLanguage\":\"es\"},{\"@type\":\"Organization\",\"@id\":\"https:\\\/\\\/fuentesfidedignas.com.mx\\\/#organization\",\"name\":\"Fuentes Fidedignas\",\"url\":\"https:\\\/\\\/fuentesfidedignas.com.mx\\\/\",\"logo\":{\"@type\":\"ImageObject\",\"inLanguage\":\"es\",\"@id\":\"https:\\\/\\\/fuentesfidedignas.com.mx\\\/#\\\/schema\\\/logo\\\/image\\\/\",\"url\":\"https:\\\/\\\/fuentesfidedignas.com.mx\\\/wp-content\\\/uploads\\\/2021\\\/04\\\/logo-retina.png\",\"contentUrl\":\"https:\\\/\\\/fuentesfidedignas.com.mx\\\/wp-content\\\/uploads\\\/2021\\\/04\\\/logo-retina.png\",\"width\":280,\"height\":51,\"caption\":\"Fuentes Fidedignas\"},\"image\":{\"@id\":\"https:\\\/\\\/fuentesfidedignas.com.mx\\\/#\\\/schema\\\/logo\\\/image\\\/\"},\"sameAs\":[\"https:\\\/\\\/www.facebook.com\\\/Fuentes-Fidedignas-368234489921644\",\"https:\\\/\\\/x.com\\\/fidedignas\"]},{\"@type\":\"Person\",\"@id\":\"https:\\\/\\\/fuentesfidedignas.com.mx\\\/#\\\/schema\\\/person\\\/331be9283d37198e2acd5750279085b0\",\"name\":\"Redacci\u00f3n\",\"image\":{\"@type\":\"ImageObject\",\"inLanguage\":\"es\",\"@id\":\"https:\\\/\\\/secure.gravatar.com\\\/avatar\\\/f6d8782c11d12b2d4ad3fbb6931aeab5309937a4d6cd2fc9cfaa28a6396a5aec?s=96&d=mm&r=g\",\"url\":\"https:\\\/\\\/secure.gravatar.com\\\/avatar\\\/f6d8782c11d12b2d4ad3fbb6931aeab5309937a4d6cd2fc9cfaa28a6396a5aec?s=96&d=mm&r=g\",\"contentUrl\":\"https:\\\/\\\/secure.gravatar.com\\\/avatar\\\/f6d8782c11d12b2d4ad3fbb6931aeab5309937a4d6cd2fc9cfaa28a6396a5aec?s=96&d=mm&r=g\",\"caption\":\"Redacci\u00f3n\"},\"url\":\"https:\\\/\\\/fuentesfidedignas.com.mx\\\/index.php\\\/author\\\/redaccion\\\/\"}]}<\/script>\n<!-- \/ Yoast SEO plugin. -->","yoast_head_json":{"title":"Autoridades conmemoran el 193 aniversario luctuoso de Vicente Guerrero y el 145 aniversario luctuoso de Agustina Ram\u00edrez - Fuentes Fidedignas","robots":{"index":"index","follow":"follow","max-snippet":"max-snippet:-1","max-image-preview":"max-image-preview:large","max-video-preview":"max-video-preview:-1"},"canonical":"https:\/\/fuentesfidedignas.com.mx\/index.php\/2024\/02\/14\/autoridades-conmemoran-el-193-aniversario-luctuoso-de-vicente-guerrero-y-el-145-aniversario-luctuoso-de-agustina-ramirez\/","og_locale":"es_MX","og_type":"article","og_title":"Autoridades conmemoran el 193 aniversario luctuoso de Vicente Guerrero y el 145 aniversario luctuoso de Agustina Ram\u00edrez - Fuentes Fidedignas","og_description":"Culiac\u00e1n, Sin.- Con izamiento de bandera a media asta, autoridades civiles y militares conmemoraron el 193 aniversario luctuoso del General Vicente Guerrero y el 145 aniversario luctuoso de Do\u00f1a Agustina Ram\u00edrez, en la plaza c\u00edvica de Palacio de Gobierno. En representaci\u00f3n del gobernador de Sinaloa, Rub\u00e9n Rocha Moya, la Secretaria de Educaci\u00f3n P\u00fablica y Cultura, [&hellip;]","og_url":"https:\/\/fuentesfidedignas.com.mx\/index.php\/2024\/02\/14\/autoridades-conmemoran-el-193-aniversario-luctuoso-de-vicente-guerrero-y-el-145-aniversario-luctuoso-de-agustina-ramirez\/","og_site_name":"Fuentes Fidedignas","article_publisher":"https:\/\/www.facebook.com\/Fuentes-Fidedignas-368234489921644","article_published_time":"2024-02-14T17:47:35+00:00","og_image":[{"width":1280,"height":853,"url":"https:\/\/fuentesfidedignas.com.mx\/wp-content\/uploads\/2024\/02\/WhatsApp-Image-2024-02-14-at-10.43.06-AM.jpeg","type":"image\/jpeg"}],"author":"Redacci\u00f3n","twitter_card":"summary_large_image","twitter_creator":"@fidedignas","twitter_site":"@fidedignas","twitter_misc":{"Escrito por":"Redacci\u00f3n","Tiempo de lectura":"2 minutos"},"schema":{"@context":"https:\/\/schema.org","@graph":[{"@type":"Article","@id":"https:\/\/fuentesfidedignas.com.mx\/index.php\/2024\/02\/14\/autoridades-conmemoran-el-193-aniversario-luctuoso-de-vicente-guerrero-y-el-145-aniversario-luctuoso-de-agustina-ramirez\/#article","isPartOf":{"@id":"https:\/\/fuentesfidedignas.com.mx\/index.php\/2024\/02\/14\/autoridades-conmemoran-el-193-aniversario-luctuoso-de-vicente-guerrero-y-el-145-aniversario-luctuoso-de-agustina-ramirez\/"},"author":{"name":"Redacci\u00f3n","@id":"https:\/\/fuentesfidedignas.com.mx\/#\/schema\/person\/331be9283d37198e2acd5750279085b0"},"headline":"Autoridades conmemoran el 193 aniversario luctuoso de Vicente Guerrero y el 145 aniversario luctuoso de Agustina Ram\u00edrez","datePublished":"2024-02-14T17:47:35+00:00","mainEntityOfPage":{"@id":"https:\/\/fuentesfidedignas.com.mx\/index.php\/2024\/02\/14\/autoridades-conmemoran-el-193-aniversario-luctuoso-de-vicente-guerrero-y-el-145-aniversario-luctuoso-de-agustina-ramirez\/"},"wordCount":286,"commentCount":0,"publisher":{"@id":"https:\/\/fuentesfidedignas.com.mx\/#organization"},"image":{"@id":"https:\/\/fuentesfidedignas.com.mx\/index.php\/2024\/02\/14\/autoridades-conmemoran-el-193-aniversario-luctuoso-de-vicente-guerrero-y-el-145-aniversario-luctuoso-de-agustina-ramirez\/#primaryimage"},"thumbnailUrl":"https:\/\/fuentesfidedignas.com.mx\/wp-content\/uploads\/2024\/02\/WhatsApp-Image-2024-02-14-at-10.43.06-AM.jpeg","inLanguage":"es","potentialAction":[{"@type":"CommentAction","name":"Comment","target":["https:\/\/fuentesfidedignas.com.mx\/index.php\/2024\/02\/14\/autoridades-conmemoran-el-193-aniversario-luctuoso-de-vicente-guerrero-y-el-145-aniversario-luctuoso-de-agustina-ramirez\/#respond"]}]},{"@type":"WebPage","@id":"https:\/\/fuentesfidedignas.com.mx\/index.php\/2024\/02\/14\/autoridades-conmemoran-el-193-aniversario-luctuoso-de-vicente-guerrero-y-el-145-aniversario-luctuoso-de-agustina-ramirez\/","url":"https:\/\/fuentesfidedignas.com.mx\/index.php\/2024\/02\/14\/autoridades-conmemoran-el-193-aniversario-luctuoso-de-vicente-guerrero-y-el-145-aniversario-luctuoso-de-agustina-ramirez\/","name":"Autoridades conmemoran el 193 aniversario luctuoso de Vicente Guerrero y el 145 aniversario luctuoso de Agustina Ram\u00edrez - Fuentes Fidedignas","isPartOf":{"@id":"https:\/\/fuentesfidedignas.com.mx\/#website"},"primaryImageOfPage":{"@id":"https:\/\/fuentesfidedignas.com.mx\/index.php\/2024\/02\/14\/autoridades-conmemoran-el-193-aniversario-luctuoso-de-vicente-guerrero-y-el-145-aniversario-luctuoso-de-agustina-ramirez\/#primaryimage"},"image":{"@id":"https:\/\/fuentesfidedignas.com.mx\/index.php\/2024\/02\/14\/autoridades-conmemoran-el-193-aniversario-luctuoso-de-vicente-guerrero-y-el-145-aniversario-luctuoso-de-agustina-ramirez\/#primaryimage"},"thumbnailUrl":"https:\/\/fuentesfidedignas.com.mx\/wp-content\/uploads\/2024\/02\/WhatsApp-Image-2024-02-14-at-10.43.06-AM.jpeg","datePublished":"2024-02-14T17:47:35+00:00","breadcrumb":{"@id":"https:\/\/fuentesfidedignas.com.mx\/index.php\/2024\/02\/14\/autoridades-conmemoran-el-193-aniversario-luctuoso-de-vicente-guerrero-y-el-145-aniversario-luctuoso-de-agustina-ramirez\/#breadcrumb"},"inLanguage":"es","potentialAction":[{"@type":"ReadAction","target":["https:\/\/fuentesfidedignas.com.mx\/index.php\/2024\/02\/14\/autoridades-conmemoran-el-193-aniversario-luctuoso-de-vicente-guerrero-y-el-145-aniversario-luctuoso-de-agustina-ramirez\/"]}]},{"@type":"ImageObject","inLanguage":"es","@id":"https:\/\/fuentesfidedignas.com.mx\/index.php\/2024\/02\/14\/autoridades-conmemoran-el-193-aniversario-luctuoso-de-vicente-guerrero-y-el-145-aniversario-luctuoso-de-agustina-ramirez\/#primaryimage","url":"https:\/\/fuentesfidedignas.com.mx\/wp-content\/uploads\/2024\/02\/WhatsApp-Image-2024-02-14-at-10.43.06-AM.jpeg","contentUrl":"https:\/\/fuentesfidedignas.com.mx\/wp-content\/uploads\/2024\/02\/WhatsApp-Image-2024-02-14-at-10.43.06-AM.jpeg","width":1280,"height":853},{"@type":"BreadcrumbList","@id":"https:\/\/fuentesfidedignas.com.mx\/index.php\/2024\/02\/14\/autoridades-conmemoran-el-193-aniversario-luctuoso-de-vicente-guerrero-y-el-145-aniversario-luctuoso-de-agustina-ramirez\/#breadcrumb","itemListElement":[{"@type":"ListItem","position":1,"name":"Inicio","item":"https:\/\/fuentesfidedignas.com.mx\/"},{"@type":"ListItem","position":2,"name":"Autoridades conmemoran el 193 aniversario luctuoso de Vicente Guerrero y el 145 aniversario luctuoso de Agustina Ram\u00edrez"}]},{"@type":"WebSite","@id":"https:\/\/fuentesfidedignas.com.mx\/#website","url":"https:\/\/fuentesfidedignas.com.mx\/","name":"Fuentes Fidedignas","description":"Otro sitio realizado con WordPress","publisher":{"@id":"https:\/\/fuentesfidedignas.com.mx\/#organization"},"potentialAction":[{"@type":"SearchAction","target":{"@type":"EntryPoint","urlTemplate":"https:\/\/fuentesfidedignas.com.mx\/?s={search_term_string}"},"query-input":{"@type":"PropertyValueSpecification","valueRequired":true,"valueName":"search_term_string"}}],"inLanguage":"es"},{"@type":"Organization","@id":"https:\/\/fuentesfidedignas.com.mx\/#organization","name":"Fuentes Fidedignas","url":"https:\/\/fuentesfidedignas.com.mx\/","logo":{"@type":"ImageObject","inLanguage":"es","@id":"https:\/\/fuentesfidedignas.com.mx\/#\/schema\/logo\/image\/","url":"https:\/\/fuentesfidedignas.com.mx\/wp-content\/uploads\/2021\/04\/logo-retina.png","contentUrl":"https:\/\/fuentesfidedignas.com.mx\/wp-content\/uploads\/2021\/04\/logo-retina.png","width":280,"height":51,"caption":"Fuentes Fidedignas"},"image":{"@id":"https:\/\/fuentesfidedignas.com.mx\/#\/schema\/logo\/image\/"},"sameAs":["https:\/\/www.facebook.com\/Fuentes-Fidedignas-368234489921644","https:\/\/x.com\/fidedignas"]},{"@type":"Person","@id":"https:\/\/fuentesfidedignas.com.mx\/#\/schema\/person\/331be9283d37198e2acd5750279085b0","name":"Redacci\u00f3n","image":{"@type":"ImageObject","inLanguage":"es","@id":"https:\/\/secure.gravatar.com\/avatar\/f6d8782c11d12b2d4ad3fbb6931aeab5309937a4d6cd2fc9cfaa28a6396a5aec?s=96&d=mm&r=g","url":"https:\/\/secure.gravatar.com\/avatar\/f6d8782c11d12b2d4ad3fbb6931aeab5309937a4d6cd2fc9cfaa28a6396a5aec?s=96&d=mm&r=g","contentUrl":"https:\/\/secure.gravatar.com\/avatar\/f6d8782c11d12b2d4ad3fbb6931aeab5309937a4d6cd2fc9cfaa28a6396a5aec?s=96&d=mm&r=g","caption":"Redacci\u00f3n"},"url":"https:\/\/fuentesfidedignas.com.mx\/index.php\/author\/redaccion\/"}]}},"_links":{"self":[{"href":"https:\/\/fuentesfidedignas.com.mx\/index.php\/wp-json\/wp\/v2\/posts\/73870","targetHints":{"allow":["GET"]}}],"collection":[{"href":"https:\/\/fuentesfidedignas.com.mx\/index.php\/wp-json\/wp\/v2\/posts"}],"about":[{"href":"https:\/\/fuentesfidedignas.com.mx\/index.php\/wp-json\/wp\/v2\/types\/post"}],"author":[{"embeddable":true,"href":"https:\/\/fuentesfidedignas.com.mx\/index.php\/wp-json\/wp\/v2\/users\/4"}],"replies":[{"embeddable":true,"href":"https:\/\/fuentesfidedignas.com.mx\/index.php\/wp-json\/wp\/v2\/comments?post=73870"}],"version-history":[{"count":1,"href":"https:\/\/fuentesfidedignas.com.mx\/index.php\/wp-json\/wp\/v2\/posts\/73870\/revisions"}],"predecessor-version":[{"id":73872,"href":"https:\/\/fuentesfidedignas.com.mx\/index.php\/wp-json\/wp\/v2\/posts\/73870\/revisions\/73872"}],"wp:featuredmedia":[{"embeddable":true,"href":"https:\/\/fuentesfidedignas.com.mx\/index.php\/wp-json\/wp\/v2\/media\/73871"}],"wp:attachment":[{"href":"https:\/\/fuentesfidedignas.com.mx\/index.php\/wp-json\/wp\/v2\/media?parent=73870"}],"wp:term":[{"taxonomy":"category","embeddable":true,"href":"https:\/\/fuentesfidedignas.com.mx\/index.php\/wp-json\/wp\/v2\/categories?post=73870"},{"taxonomy":"post_tag","embeddable":true,"href":"https:\/\/fuentesfidedignas.com.mx\/index.php\/wp-json\/wp\/v2\/tags?post=73870"}],"curies":[{"name":"wp","href":"https:\/\/api.w.org\/{rel}","templated":true}]}}