{"id":73794,"date":"2024-02-13T16:36:50","date_gmt":"2024-02-13T23:36:50","guid":{"rendered":"https:\/\/fuentesfidedignas.com.mx\/?p=73794"},"modified":"2024-02-13T16:37:51","modified_gmt":"2024-02-13T23:37:51","slug":"la-reforma-a-la-ley-organica-de-la-uadeo-sera-consensada-y-con-respeto-a-la-autonomia-ambrocio-chavez","status":"publish","type":"post","link":"https:\/\/fuentesfidedignas.com.mx\/index.php\/2024\/02\/13\/la-reforma-a-la-ley-organica-de-la-uadeo-sera-consensada-y-con-respeto-a-la-autonomia-ambrocio-chavez\/","title":{"rendered":"La reforma a la Ley Org\u00e1nica de la UAdeO ser\u00e1 consensada y con respeto a la autonom\u00eda: Ambrocio Ch\u00e1vez"},"content":{"rendered":"\n<p><strong><em>El diputado vocal de la Comisi\u00f3n de Educaci\u00f3n, Ciencia y Tecnolog\u00eda subray\u00f3 que existe un di\u00e1logo constructivo entre el Congreso del Estado y las autoridades de la instituci\u00f3n educativa<\/em><\/strong><\/p>\n\n\n\n<p>Culiac\u00e1n, Sin.- La reforma a la Ley Org\u00e1nica de la Universidad Aut\u00f3noma de Occidente (UAdeO) ser\u00e1 consensada con respeto a la autonom\u00eda y atendiendo la voluntad de la Comunidad Universitaria que demanda una democratizaci\u00f3n interna con perspectiva de g\u00e9nero, se\u00f1al\u00f3 el diputado de Morena Ambrocio Ch\u00e1vez Ch\u00e1vez, presidente de la Comisi\u00f3n de Puntos Constitucionales y Gobernaci\u00f3n.<\/p>\n\n\n\n<p>El diputado vocal de la Comisi\u00f3n de Educaci\u00f3n, Ciencia y Tecnolog\u00eda subray\u00f3 que existe un di\u00e1logo constructivo entre el Congreso del Estado y las autoridades y la Comunidad Universitaria de la UAdeO con el prop\u00f3sito de establecer un proceso que permita dotar a la UAdeO de una legislaci\u00f3n consensada que toque puntos centrales como la democracia en su vida interna, la paridad de g\u00e9nero y la transparencia y la rendici\u00f3n de cuentas.<\/p>\n\n\n\n<p>Sostuvo que la democratizaci\u00f3n interna supone que los universitarios de la UAdeO tienen que definir c\u00f3mo van a elegir a su rector y directivos as\u00ed como la propuesta de paridad entre hombres y mujeres, y la representaci\u00f3n en los \u00f3rganos de Gobierno Universitario de alumnos, maestros y directivos.<\/p>\n\n\n\n<p>Precis\u00f3 que el Congreso de Sinaloa unificar\u00e1 las iniciativas recibidas para integrarlas tomando en cuenta el sentir que exprese la Comunidad Universitaria al ser consultada.<\/p>\n\n\n\n<p>Afirm\u00f3 que despu\u00e9s de la Consulta se obtendr\u00e1 una ley m\u00e1s consensada en donde la vida acad\u00e9mica, la investigaci\u00f3n y la cultura de la UAdeO, salga favorecida. \u201cEl objetivo fundamental de las universidades es mejorar la formaci\u00f3n de las juventudes como profesionistas, as\u00ed como fortalecer la investigaci\u00f3n, la cultura y la vinculaci\u00f3n\u201d, dijo.<\/p>\n\n\n\n<p>Anticip\u00f3 que luego de lograrse una nueva Ley Org\u00e1nica vendr\u00e1 el proceso interno de elaborar normas como el Estatuto, Reglamentos generales, de Servicios Escolares, de titulaci\u00f3n y de la forma en que ser\u00e1n elegidos las y los rectores.<\/p>\n\n\n\n<p>Asegur\u00f3 que no existe intenci\u00f3n de ir por controles pol\u00edticos ni de sorprender con una iniciativa sacada bajo la manga sino que ser\u00e1 un proceso transparente partiendo de un di\u00e1logo constructivo.<\/p>\n\n\n\n<p>Expuso que se est\u00e1 valorando en la Junta de Coordinaci\u00f3n Pol\u00edtica, abrir un Per\u00edodo Extraordinario en febrero con el prop\u00f3sito de desahogar temas importantes de la Agenda Legislativa y tener un avance en la reforma a la Ley Org\u00e1nica de la UAdeO para marzo.<\/p>\n\n\n\n<p>Sobre la controversia por la propuesta de Ad\u00e1n Salazar Gast\u00e9lum para magistrado, de quien se menciona se desempe\u00f1\u00f3 dentro de un organismo religioso, respondi\u00f3 que la libertad religiosa est\u00e1 garantizada en M\u00e9xico y subray\u00f3 que -en su opini\u00f3n- la persona se\u00f1alada no tiene impedimento legal.<\/p>\n\n\n\n<p>Finalmente, aclar\u00f3 que el Pleno no ha determinado este tema. \u201cNo podemos descalificar a alguien por opiniones que pueden ser sesgadas pol\u00edticamente\u201d, concluy\u00f3.<\/p>\n","protected":false},"excerpt":{"rendered":"<p>El diputado vocal de la Comisi\u00f3n de Educaci\u00f3n, Ciencia y Tecnolog\u00eda subray\u00f3 que existe un di\u00e1logo constructivo entre el Congreso del Estado y las autoridades de la instituci\u00f3n educativa Culiac\u00e1n, Sin.- La reforma a la Ley Org\u00e1nica de la Universidad Aut\u00f3noma de Occidente (UAdeO) ser\u00e1 consensada con respeto a la autonom\u00eda y atendiendo la voluntad [&hellip;]<\/p>\n","protected":false},"author":4,"featured_media":73795,"comment_status":"open","ping_status":"open","sticky":false,"template":"","format":"standard","meta":{"tdm_status":"","tdm_grid_status":"","footnotes":""},"categories":[1],"tags":[],"class_list":{"0":"post-73794","1":"post","2":"type-post","3":"status-publish","4":"format-standard","5":"has-post-thumbnail","7":"category-sin-categoria"},"yoast_head":"<!-- This site is optimized with the Yoast SEO plugin v27.5 - https:\/\/yoast.com\/product\/yoast-seo-wordpress\/ -->\n<title>La reforma a la Ley Org\u00e1nica de la UAdeO ser\u00e1 consensada y con respeto a la autonom\u00eda: Ambrocio Ch\u00e1vez - Fuentes Fidedignas<\/title>\n<meta name=\"robots\" content=\"index, follow, max-snippet:-1, max-image-preview:large, max-video-preview:-1\" \/>\n<link rel=\"canonical\" href=\"https:\/\/fuentesfidedignas.com.mx\/index.php\/2024\/02\/13\/la-reforma-a-la-ley-organica-de-la-uadeo-sera-consensada-y-con-respeto-a-la-autonomia-ambrocio-chavez\/\" \/>\n<meta property=\"og:locale\" content=\"es_MX\" \/>\n<meta property=\"og:type\" content=\"article\" \/>\n<meta property=\"og:title\" content=\"La reforma a la Ley Org\u00e1nica de la UAdeO ser\u00e1 consensada y con respeto a la autonom\u00eda: Ambrocio Ch\u00e1vez - Fuentes Fidedignas\" \/>\n<meta property=\"og:description\" content=\"El diputado vocal de la Comisi\u00f3n de Educaci\u00f3n, Ciencia y Tecnolog\u00eda subray\u00f3 que existe un di\u00e1logo constructivo entre el Congreso del Estado y las autoridades de la instituci\u00f3n educativa Culiac\u00e1n, Sin.- La reforma a la Ley Org\u00e1nica de la Universidad Aut\u00f3noma de Occidente (UAdeO) ser\u00e1 consensada con respeto a la autonom\u00eda y atendiendo la voluntad [&hellip;]\" \/>\n<meta property=\"og:url\" content=\"https:\/\/fuentesfidedignas.com.mx\/index.php\/2024\/02\/13\/la-reforma-a-la-ley-organica-de-la-uadeo-sera-consensada-y-con-respeto-a-la-autonomia-ambrocio-chavez\/\" \/>\n<meta property=\"og:site_name\" content=\"Fuentes Fidedignas\" \/>\n<meta property=\"article:publisher\" content=\"https:\/\/www.facebook.com\/Fuentes-Fidedignas-368234489921644\" \/>\n<meta property=\"article:published_time\" content=\"2024-02-13T23:36:50+00:00\" \/>\n<meta property=\"article:modified_time\" content=\"2024-02-13T23:37:51+00:00\" \/>\n<meta property=\"og:image\" content=\"https:\/\/fuentesfidedignas.com.mx\/wp-content\/uploads\/2024\/02\/AMBROCIO_CHAVEZ.jpeg\" \/>\n\t<meta property=\"og:image:width\" content=\"1600\" \/>\n\t<meta property=\"og:image:height\" content=\"1066\" \/>\n\t<meta property=\"og:image:type\" content=\"image\/jpeg\" \/>\n<meta name=\"author\" content=\"Redacci\u00f3n\" \/>\n<meta name=\"twitter:card\" content=\"summary_large_image\" \/>\n<meta name=\"twitter:creator\" content=\"@fidedignas\" \/>\n<meta name=\"twitter:site\" content=\"@fidedignas\" \/>\n<meta name=\"twitter:label1\" content=\"Escrito por\" \/>\n\t<meta name=\"twitter:data1\" content=\"Redacci\u00f3n\" \/>\n\t<meta name=\"twitter:label2\" content=\"Tiempo de lectura\" \/>\n\t<meta name=\"twitter:data2\" content=\"3 minutos\" \/>\n<script type=\"application\/ld+json\" class=\"yoast-schema-graph\">{\"@context\":\"https:\\\/\\\/schema.org\",\"@graph\":[{\"@type\":\"Article\",\"@id\":\"https:\\\/\\\/fuentesfidedignas.com.mx\\\/index.php\\\/2024\\\/02\\\/13\\\/la-reforma-a-la-ley-organica-de-la-uadeo-sera-consensada-y-con-respeto-a-la-autonomia-ambrocio-chavez\\\/#article\",\"isPartOf\":{\"@id\":\"https:\\\/\\\/fuentesfidedignas.com.mx\\\/index.php\\\/2024\\\/02\\\/13\\\/la-reforma-a-la-ley-organica-de-la-uadeo-sera-consensada-y-con-respeto-a-la-autonomia-ambrocio-chavez\\\/\"},\"author\":{\"name\":\"Redacci\u00f3n\",\"@id\":\"https:\\\/\\\/fuentesfidedignas.com.mx\\\/#\\\/schema\\\/person\\\/331be9283d37198e2acd5750279085b0\"},\"headline\":\"La reforma a la Ley Org\u00e1nica de la UAdeO ser\u00e1 consensada y con respeto a la autonom\u00eda: Ambrocio Ch\u00e1vez\",\"datePublished\":\"2024-02-13T23:36:50+00:00\",\"dateModified\":\"2024-02-13T23:37:51+00:00\",\"mainEntityOfPage\":{\"@id\":\"https:\\\/\\\/fuentesfidedignas.com.mx\\\/index.php\\\/2024\\\/02\\\/13\\\/la-reforma-a-la-ley-organica-de-la-uadeo-sera-consensada-y-con-respeto-a-la-autonomia-ambrocio-chavez\\\/\"},\"wordCount\":538,\"commentCount\":0,\"publisher\":{\"@id\":\"https:\\\/\\\/fuentesfidedignas.com.mx\\\/#organization\"},\"image\":{\"@id\":\"https:\\\/\\\/fuentesfidedignas.com.mx\\\/index.php\\\/2024\\\/02\\\/13\\\/la-reforma-a-la-ley-organica-de-la-uadeo-sera-consensada-y-con-respeto-a-la-autonomia-ambrocio-chavez\\\/#primaryimage\"},\"thumbnailUrl\":\"https:\\\/\\\/fuentesfidedignas.com.mx\\\/wp-content\\\/uploads\\\/2024\\\/02\\\/AMBROCIO_CHAVEZ.jpeg\",\"inLanguage\":\"es\",\"potentialAction\":[{\"@type\":\"CommentAction\",\"name\":\"Comment\",\"target\":[\"https:\\\/\\\/fuentesfidedignas.com.mx\\\/index.php\\\/2024\\\/02\\\/13\\\/la-reforma-a-la-ley-organica-de-la-uadeo-sera-consensada-y-con-respeto-a-la-autonomia-ambrocio-chavez\\\/#respond\"]}]},{\"@type\":\"WebPage\",\"@id\":\"https:\\\/\\\/fuentesfidedignas.com.mx\\\/index.php\\\/2024\\\/02\\\/13\\\/la-reforma-a-la-ley-organica-de-la-uadeo-sera-consensada-y-con-respeto-a-la-autonomia-ambrocio-chavez\\\/\",\"url\":\"https:\\\/\\\/fuentesfidedignas.com.mx\\\/index.php\\\/2024\\\/02\\\/13\\\/la-reforma-a-la-ley-organica-de-la-uadeo-sera-consensada-y-con-respeto-a-la-autonomia-ambrocio-chavez\\\/\",\"name\":\"La reforma a la Ley Org\u00e1nica de la UAdeO ser\u00e1 consensada y con respeto a la autonom\u00eda: Ambrocio Ch\u00e1vez - Fuentes Fidedignas\",\"isPartOf\":{\"@id\":\"https:\\\/\\\/fuentesfidedignas.com.mx\\\/#website\"},\"primaryImageOfPage\":{\"@id\":\"https:\\\/\\\/fuentesfidedignas.com.mx\\\/index.php\\\/2024\\\/02\\\/13\\\/la-reforma-a-la-ley-organica-de-la-uadeo-sera-consensada-y-con-respeto-a-la-autonomia-ambrocio-chavez\\\/#primaryimage\"},\"image\":{\"@id\":\"https:\\\/\\\/fuentesfidedignas.com.mx\\\/index.php\\\/2024\\\/02\\\/13\\\/la-reforma-a-la-ley-organica-de-la-uadeo-sera-consensada-y-con-respeto-a-la-autonomia-ambrocio-chavez\\\/#primaryimage\"},\"thumbnailUrl\":\"https:\\\/\\\/fuentesfidedignas.com.mx\\\/wp-content\\\/uploads\\\/2024\\\/02\\\/AMBROCIO_CHAVEZ.jpeg\",\"datePublished\":\"2024-02-13T23:36:50+00:00\",\"dateModified\":\"2024-02-13T23:37:51+00:00\",\"breadcrumb\":{\"@id\":\"https:\\\/\\\/fuentesfidedignas.com.mx\\\/index.php\\\/2024\\\/02\\\/13\\\/la-reforma-a-la-ley-organica-de-la-uadeo-sera-consensada-y-con-respeto-a-la-autonomia-ambrocio-chavez\\\/#breadcrumb\"},\"inLanguage\":\"es\",\"potentialAction\":[{\"@type\":\"ReadAction\",\"target\":[\"https:\\\/\\\/fuentesfidedignas.com.mx\\\/index.php\\\/2024\\\/02\\\/13\\\/la-reforma-a-la-ley-organica-de-la-uadeo-sera-consensada-y-con-respeto-a-la-autonomia-ambrocio-chavez\\\/\"]}]},{\"@type\":\"ImageObject\",\"inLanguage\":\"es\",\"@id\":\"https:\\\/\\\/fuentesfidedignas.com.mx\\\/index.php\\\/2024\\\/02\\\/13\\\/la-reforma-a-la-ley-organica-de-la-uadeo-sera-consensada-y-con-respeto-a-la-autonomia-ambrocio-chavez\\\/#primaryimage\",\"url\":\"https:\\\/\\\/fuentesfidedignas.com.mx\\\/wp-content\\\/uploads\\\/2024\\\/02\\\/AMBROCIO_CHAVEZ.jpeg\",\"contentUrl\":\"https:\\\/\\\/fuentesfidedignas.com.mx\\\/wp-content\\\/uploads\\\/2024\\\/02\\\/AMBROCIO_CHAVEZ.jpeg\",\"width\":1600,\"height\":1066},{\"@type\":\"BreadcrumbList\",\"@id\":\"https:\\\/\\\/fuentesfidedignas.com.mx\\\/index.php\\\/2024\\\/02\\\/13\\\/la-reforma-a-la-ley-organica-de-la-uadeo-sera-consensada-y-con-respeto-a-la-autonomia-ambrocio-chavez\\\/#breadcrumb\",\"itemListElement\":[{\"@type\":\"ListItem\",\"position\":1,\"name\":\"Inicio\",\"item\":\"https:\\\/\\\/fuentesfidedignas.com.mx\\\/\"},{\"@type\":\"ListItem\",\"position\":2,\"name\":\"La reforma a la Ley Org\u00e1nica de la UAdeO ser\u00e1 consensada y con respeto a la autonom\u00eda: Ambrocio Ch\u00e1vez\"}]},{\"@type\":\"WebSite\",\"@id\":\"https:\\\/\\\/fuentesfidedignas.com.mx\\\/#website\",\"url\":\"https:\\\/\\\/fuentesfidedignas.com.mx\\\/\",\"name\":\"Fuentes Fidedignas\",\"description\":\"Otro sitio realizado con WordPress\",\"publisher\":{\"@id\":\"https:\\\/\\\/fuentesfidedignas.com.mx\\\/#organization\"},\"potentialAction\":[{\"@type\":\"SearchAction\",\"target\":{\"@type\":\"EntryPoint\",\"urlTemplate\":\"https:\\\/\\\/fuentesfidedignas.com.mx\\\/?s={search_term_string}\"},\"query-input\":{\"@type\":\"PropertyValueSpecification\",\"valueRequired\":true,\"valueName\":\"search_term_string\"}}],\"inLanguage\":\"es\"},{\"@type\":\"Organization\",\"@id\":\"https:\\\/\\\/fuentesfidedignas.com.mx\\\/#organization\",\"name\":\"Fuentes Fidedignas\",\"url\":\"https:\\\/\\\/fuentesfidedignas.com.mx\\\/\",\"logo\":{\"@type\":\"ImageObject\",\"inLanguage\":\"es\",\"@id\":\"https:\\\/\\\/fuentesfidedignas.com.mx\\\/#\\\/schema\\\/logo\\\/image\\\/\",\"url\":\"https:\\\/\\\/fuentesfidedignas.com.mx\\\/wp-content\\\/uploads\\\/2021\\\/04\\\/logo-retina.png\",\"contentUrl\":\"https:\\\/\\\/fuentesfidedignas.com.mx\\\/wp-content\\\/uploads\\\/2021\\\/04\\\/logo-retina.png\",\"width\":280,\"height\":51,\"caption\":\"Fuentes Fidedignas\"},\"image\":{\"@id\":\"https:\\\/\\\/fuentesfidedignas.com.mx\\\/#\\\/schema\\\/logo\\\/image\\\/\"},\"sameAs\":[\"https:\\\/\\\/www.facebook.com\\\/Fuentes-Fidedignas-368234489921644\",\"https:\\\/\\\/x.com\\\/fidedignas\"]},{\"@type\":\"Person\",\"@id\":\"https:\\\/\\\/fuentesfidedignas.com.mx\\\/#\\\/schema\\\/person\\\/331be9283d37198e2acd5750279085b0\",\"name\":\"Redacci\u00f3n\",\"image\":{\"@type\":\"ImageObject\",\"inLanguage\":\"es\",\"@id\":\"https:\\\/\\\/secure.gravatar.com\\\/avatar\\\/f6d8782c11d12b2d4ad3fbb6931aeab5309937a4d6cd2fc9cfaa28a6396a5aec?s=96&d=mm&r=g\",\"url\":\"https:\\\/\\\/secure.gravatar.com\\\/avatar\\\/f6d8782c11d12b2d4ad3fbb6931aeab5309937a4d6cd2fc9cfaa28a6396a5aec?s=96&d=mm&r=g\",\"contentUrl\":\"https:\\\/\\\/secure.gravatar.com\\\/avatar\\\/f6d8782c11d12b2d4ad3fbb6931aeab5309937a4d6cd2fc9cfaa28a6396a5aec?s=96&d=mm&r=g\",\"caption\":\"Redacci\u00f3n\"},\"url\":\"https:\\\/\\\/fuentesfidedignas.com.mx\\\/index.php\\\/author\\\/redaccion\\\/\"}]}<\/script>\n<!-- \/ Yoast SEO plugin. -->","yoast_head_json":{"title":"La reforma a la Ley Org\u00e1nica de la UAdeO ser\u00e1 consensada y con respeto a la autonom\u00eda: Ambrocio Ch\u00e1vez - Fuentes Fidedignas","robots":{"index":"index","follow":"follow","max-snippet":"max-snippet:-1","max-image-preview":"max-image-preview:large","max-video-preview":"max-video-preview:-1"},"canonical":"https:\/\/fuentesfidedignas.com.mx\/index.php\/2024\/02\/13\/la-reforma-a-la-ley-organica-de-la-uadeo-sera-consensada-y-con-respeto-a-la-autonomia-ambrocio-chavez\/","og_locale":"es_MX","og_type":"article","og_title":"La reforma a la Ley Org\u00e1nica de la UAdeO ser\u00e1 consensada y con respeto a la autonom\u00eda: Ambrocio Ch\u00e1vez - Fuentes Fidedignas","og_description":"El diputado vocal de la Comisi\u00f3n de Educaci\u00f3n, Ciencia y Tecnolog\u00eda subray\u00f3 que existe un di\u00e1logo constructivo entre el Congreso del Estado y las autoridades de la instituci\u00f3n educativa Culiac\u00e1n, Sin.- La reforma a la Ley Org\u00e1nica de la Universidad Aut\u00f3noma de Occidente (UAdeO) ser\u00e1 consensada con respeto a la autonom\u00eda y atendiendo la voluntad [&hellip;]","og_url":"https:\/\/fuentesfidedignas.com.mx\/index.php\/2024\/02\/13\/la-reforma-a-la-ley-organica-de-la-uadeo-sera-consensada-y-con-respeto-a-la-autonomia-ambrocio-chavez\/","og_site_name":"Fuentes Fidedignas","article_publisher":"https:\/\/www.facebook.com\/Fuentes-Fidedignas-368234489921644","article_published_time":"2024-02-13T23:36:50+00:00","article_modified_time":"2024-02-13T23:37:51+00:00","og_image":[{"width":1600,"height":1066,"url":"https:\/\/fuentesfidedignas.com.mx\/wp-content\/uploads\/2024\/02\/AMBROCIO_CHAVEZ.jpeg","type":"image\/jpeg"}],"author":"Redacci\u00f3n","twitter_card":"summary_large_image","twitter_creator":"@fidedignas","twitter_site":"@fidedignas","twitter_misc":{"Escrito por":"Redacci\u00f3n","Tiempo de lectura":"3 minutos"},"schema":{"@context":"https:\/\/schema.org","@graph":[{"@type":"Article","@id":"https:\/\/fuentesfidedignas.com.mx\/index.php\/2024\/02\/13\/la-reforma-a-la-ley-organica-de-la-uadeo-sera-consensada-y-con-respeto-a-la-autonomia-ambrocio-chavez\/#article","isPartOf":{"@id":"https:\/\/fuentesfidedignas.com.mx\/index.php\/2024\/02\/13\/la-reforma-a-la-ley-organica-de-la-uadeo-sera-consensada-y-con-respeto-a-la-autonomia-ambrocio-chavez\/"},"author":{"name":"Redacci\u00f3n","@id":"https:\/\/fuentesfidedignas.com.mx\/#\/schema\/person\/331be9283d37198e2acd5750279085b0"},"headline":"La reforma a la Ley Org\u00e1nica de la UAdeO ser\u00e1 consensada y con respeto a la autonom\u00eda: Ambrocio Ch\u00e1vez","datePublished":"2024-02-13T23:36:50+00:00","dateModified":"2024-02-13T23:37:51+00:00","mainEntityOfPage":{"@id":"https:\/\/fuentesfidedignas.com.mx\/index.php\/2024\/02\/13\/la-reforma-a-la-ley-organica-de-la-uadeo-sera-consensada-y-con-respeto-a-la-autonomia-ambrocio-chavez\/"},"wordCount":538,"commentCount":0,"publisher":{"@id":"https:\/\/fuentesfidedignas.com.mx\/#organization"},"image":{"@id":"https:\/\/fuentesfidedignas.com.mx\/index.php\/2024\/02\/13\/la-reforma-a-la-ley-organica-de-la-uadeo-sera-consensada-y-con-respeto-a-la-autonomia-ambrocio-chavez\/#primaryimage"},"thumbnailUrl":"https:\/\/fuentesfidedignas.com.mx\/wp-content\/uploads\/2024\/02\/AMBROCIO_CHAVEZ.jpeg","inLanguage":"es","potentialAction":[{"@type":"CommentAction","name":"Comment","target":["https:\/\/fuentesfidedignas.com.mx\/index.php\/2024\/02\/13\/la-reforma-a-la-ley-organica-de-la-uadeo-sera-consensada-y-con-respeto-a-la-autonomia-ambrocio-chavez\/#respond"]}]},{"@type":"WebPage","@id":"https:\/\/fuentesfidedignas.com.mx\/index.php\/2024\/02\/13\/la-reforma-a-la-ley-organica-de-la-uadeo-sera-consensada-y-con-respeto-a-la-autonomia-ambrocio-chavez\/","url":"https:\/\/fuentesfidedignas.com.mx\/index.php\/2024\/02\/13\/la-reforma-a-la-ley-organica-de-la-uadeo-sera-consensada-y-con-respeto-a-la-autonomia-ambrocio-chavez\/","name":"La reforma a la Ley Org\u00e1nica de la UAdeO ser\u00e1 consensada y con respeto a la autonom\u00eda: Ambrocio Ch\u00e1vez - Fuentes Fidedignas","isPartOf":{"@id":"https:\/\/fuentesfidedignas.com.mx\/#website"},"primaryImageOfPage":{"@id":"https:\/\/fuentesfidedignas.com.mx\/index.php\/2024\/02\/13\/la-reforma-a-la-ley-organica-de-la-uadeo-sera-consensada-y-con-respeto-a-la-autonomia-ambrocio-chavez\/#primaryimage"},"image":{"@id":"https:\/\/fuentesfidedignas.com.mx\/index.php\/2024\/02\/13\/la-reforma-a-la-ley-organica-de-la-uadeo-sera-consensada-y-con-respeto-a-la-autonomia-ambrocio-chavez\/#primaryimage"},"thumbnailUrl":"https:\/\/fuentesfidedignas.com.mx\/wp-content\/uploads\/2024\/02\/AMBROCIO_CHAVEZ.jpeg","datePublished":"2024-02-13T23:36:50+00:00","dateModified":"2024-02-13T23:37:51+00:00","breadcrumb":{"@id":"https:\/\/fuentesfidedignas.com.mx\/index.php\/2024\/02\/13\/la-reforma-a-la-ley-organica-de-la-uadeo-sera-consensada-y-con-respeto-a-la-autonomia-ambrocio-chavez\/#breadcrumb"},"inLanguage":"es","potentialAction":[{"@type":"ReadAction","target":["https:\/\/fuentesfidedignas.com.mx\/index.php\/2024\/02\/13\/la-reforma-a-la-ley-organica-de-la-uadeo-sera-consensada-y-con-respeto-a-la-autonomia-ambrocio-chavez\/"]}]},{"@type":"ImageObject","inLanguage":"es","@id":"https:\/\/fuentesfidedignas.com.mx\/index.php\/2024\/02\/13\/la-reforma-a-la-ley-organica-de-la-uadeo-sera-consensada-y-con-respeto-a-la-autonomia-ambrocio-chavez\/#primaryimage","url":"https:\/\/fuentesfidedignas.com.mx\/wp-content\/uploads\/2024\/02\/AMBROCIO_CHAVEZ.jpeg","contentUrl":"https:\/\/fuentesfidedignas.com.mx\/wp-content\/uploads\/2024\/02\/AMBROCIO_CHAVEZ.jpeg","width":1600,"height":1066},{"@type":"BreadcrumbList","@id":"https:\/\/fuentesfidedignas.com.mx\/index.php\/2024\/02\/13\/la-reforma-a-la-ley-organica-de-la-uadeo-sera-consensada-y-con-respeto-a-la-autonomia-ambrocio-chavez\/#breadcrumb","itemListElement":[{"@type":"ListItem","position":1,"name":"Inicio","item":"https:\/\/fuentesfidedignas.com.mx\/"},{"@type":"ListItem","position":2,"name":"La reforma a la Ley Org\u00e1nica de la UAdeO ser\u00e1 consensada y con respeto a la autonom\u00eda: Ambrocio Ch\u00e1vez"}]},{"@type":"WebSite","@id":"https:\/\/fuentesfidedignas.com.mx\/#website","url":"https:\/\/fuentesfidedignas.com.mx\/","name":"Fuentes Fidedignas","description":"Otro sitio realizado con WordPress","publisher":{"@id":"https:\/\/fuentesfidedignas.com.mx\/#organization"},"potentialAction":[{"@type":"SearchAction","target":{"@type":"EntryPoint","urlTemplate":"https:\/\/fuentesfidedignas.com.mx\/?s={search_term_string}"},"query-input":{"@type":"PropertyValueSpecification","valueRequired":true,"valueName":"search_term_string"}}],"inLanguage":"es"},{"@type":"Organization","@id":"https:\/\/fuentesfidedignas.com.mx\/#organization","name":"Fuentes Fidedignas","url":"https:\/\/fuentesfidedignas.com.mx\/","logo":{"@type":"ImageObject","inLanguage":"es","@id":"https:\/\/fuentesfidedignas.com.mx\/#\/schema\/logo\/image\/","url":"https:\/\/fuentesfidedignas.com.mx\/wp-content\/uploads\/2021\/04\/logo-retina.png","contentUrl":"https:\/\/fuentesfidedignas.com.mx\/wp-content\/uploads\/2021\/04\/logo-retina.png","width":280,"height":51,"caption":"Fuentes Fidedignas"},"image":{"@id":"https:\/\/fuentesfidedignas.com.mx\/#\/schema\/logo\/image\/"},"sameAs":["https:\/\/www.facebook.com\/Fuentes-Fidedignas-368234489921644","https:\/\/x.com\/fidedignas"]},{"@type":"Person","@id":"https:\/\/fuentesfidedignas.com.mx\/#\/schema\/person\/331be9283d37198e2acd5750279085b0","name":"Redacci\u00f3n","image":{"@type":"ImageObject","inLanguage":"es","@id":"https:\/\/secure.gravatar.com\/avatar\/f6d8782c11d12b2d4ad3fbb6931aeab5309937a4d6cd2fc9cfaa28a6396a5aec?s=96&d=mm&r=g","url":"https:\/\/secure.gravatar.com\/avatar\/f6d8782c11d12b2d4ad3fbb6931aeab5309937a4d6cd2fc9cfaa28a6396a5aec?s=96&d=mm&r=g","contentUrl":"https:\/\/secure.gravatar.com\/avatar\/f6d8782c11d12b2d4ad3fbb6931aeab5309937a4d6cd2fc9cfaa28a6396a5aec?s=96&d=mm&r=g","caption":"Redacci\u00f3n"},"url":"https:\/\/fuentesfidedignas.com.mx\/index.php\/author\/redaccion\/"}]}},"_links":{"self":[{"href":"https:\/\/fuentesfidedignas.com.mx\/index.php\/wp-json\/wp\/v2\/posts\/73794","targetHints":{"allow":["GET"]}}],"collection":[{"href":"https:\/\/fuentesfidedignas.com.mx\/index.php\/wp-json\/wp\/v2\/posts"}],"about":[{"href":"https:\/\/fuentesfidedignas.com.mx\/index.php\/wp-json\/wp\/v2\/types\/post"}],"author":[{"embeddable":true,"href":"https:\/\/fuentesfidedignas.com.mx\/index.php\/wp-json\/wp\/v2\/users\/4"}],"replies":[{"embeddable":true,"href":"https:\/\/fuentesfidedignas.com.mx\/index.php\/wp-json\/wp\/v2\/comments?post=73794"}],"version-history":[{"count":2,"href":"https:\/\/fuentesfidedignas.com.mx\/index.php\/wp-json\/wp\/v2\/posts\/73794\/revisions"}],"predecessor-version":[{"id":73797,"href":"https:\/\/fuentesfidedignas.com.mx\/index.php\/wp-json\/wp\/v2\/posts\/73794\/revisions\/73797"}],"wp:featuredmedia":[{"embeddable":true,"href":"https:\/\/fuentesfidedignas.com.mx\/index.php\/wp-json\/wp\/v2\/media\/73795"}],"wp:attachment":[{"href":"https:\/\/fuentesfidedignas.com.mx\/index.php\/wp-json\/wp\/v2\/media?parent=73794"}],"wp:term":[{"taxonomy":"category","embeddable":true,"href":"https:\/\/fuentesfidedignas.com.mx\/index.php\/wp-json\/wp\/v2\/categories?post=73794"},{"taxonomy":"post_tag","embeddable":true,"href":"https:\/\/fuentesfidedignas.com.mx\/index.php\/wp-json\/wp\/v2\/tags?post=73794"}],"curies":[{"name":"wp","href":"https:\/\/api.w.org\/{rel}","templated":true}]}}