{"id":73777,"date":"2024-02-13T14:25:01","date_gmt":"2024-02-13T21:25:01","guid":{"rendered":"https:\/\/fuentesfidedignas.com.mx\/?p=73777"},"modified":"2024-02-13T14:25:02","modified_gmt":"2024-02-13T21:25:02","slug":"recibe-congreso-informes-de-la-sayf-y-del-oic-del-tribunal-de-justicia-administrativa","status":"publish","type":"post","link":"https:\/\/fuentesfidedignas.com.mx\/index.php\/2024\/02\/13\/recibe-congreso-informes-de-la-sayf-y-del-oic-del-tribunal-de-justicia-administrativa\/","title":{"rendered":"Recibe Congreso informes de la SAyF y del OIC del Tribunal de Justicia Administrativa"},"content":{"rendered":"\n<p><\/p>\n\n\n\n<p>Culiac\u00e1n, Sin.- El Congreso del Estado de Sinaloa recibi\u00f3 informes de la <strong>Secretar\u00eda de Administraci\u00f3n y Finanzas<\/strong>, as\u00ed como del <strong>Tribunal de Justicia Administrativa<\/strong>, relativo al estado de las finanzas y de lo realizado por el \u00d3rgano Interno de Control, respectivamente.<\/p>\n\n\n\n<p>La Diputaci\u00f3n Permanente que preside el diputado Marco Antonio Zazueta Zazueta, en su Sesi\u00f3n de este martes 13 de febrero, dio lectura a oficios enviados por dichos entes.<br>En el que corresponde a la <strong>Secretar\u00eda de Administraci\u00f3n y Finanzas<\/strong>, el informe es enviado por su titular <strong>Enrique Alfonso D\u00edaz Vega<\/strong>.<\/p>\n\n\n\n<p>Precisa que se hace llegar al <strong>Congreso del Estado<\/strong>, para su conocimiento y an\u00e1lisis el avance sobre la situaci\u00f3n econ\u00f3mica, las finanzas y la deuda p\u00fablica del<strong> Gobierno del Estado de Sinaloa<\/strong>, correspondiente al per\u00edodo octubre-diciembre de 2023.<\/p>\n\n\n\n<p>En el caso del <strong>Tribunal de Justicia Administrativa<\/strong>, quien env\u00eda el informe es la titular del \u00d3rgano Interno de Control, Aymee Viridiana Soltero Acosta, quien precisa que presenta ante el Congreso del Estado el informe anual, correspondiente al per\u00edodo del 12 de febrero de 2023 al 11 de febrero del 2024.<\/p>\n","protected":false},"excerpt":{"rendered":"<p>Culiac\u00e1n, Sin.- El Congreso del Estado de Sinaloa recibi\u00f3 informes de la Secretar\u00eda de Administraci\u00f3n y Finanzas, as\u00ed como del Tribunal de Justicia Administrativa, relativo al estado de las finanzas y de lo realizado por el \u00d3rgano Interno de Control, respectivamente. La Diputaci\u00f3n Permanente que preside el diputado Marco Antonio Zazueta Zazueta, en su Sesi\u00f3n [&hellip;]<\/p>\n","protected":false},"author":4,"featured_media":73778,"comment_status":"open","ping_status":"open","sticky":false,"template":"","format":"standard","meta":{"tdm_status":"","tdm_grid_status":"","footnotes":""},"categories":[1],"tags":[],"class_list":{"0":"post-73777","1":"post","2":"type-post","3":"status-publish","4":"format-standard","5":"has-post-thumbnail","7":"category-sin-categoria"},"yoast_head":"<!-- This site is optimized with the Yoast SEO plugin v27.5 - https:\/\/yoast.com\/product\/yoast-seo-wordpress\/ -->\n<title>Recibe Congreso informes de la SAyF y del OIC del Tribunal de Justicia Administrativa - Fuentes Fidedignas<\/title>\n<meta name=\"robots\" content=\"index, follow, max-snippet:-1, max-image-preview:large, max-video-preview:-1\" \/>\n<link rel=\"canonical\" href=\"https:\/\/fuentesfidedignas.com.mx\/index.php\/2024\/02\/13\/recibe-congreso-informes-de-la-sayf-y-del-oic-del-tribunal-de-justicia-administrativa\/\" \/>\n<meta property=\"og:locale\" content=\"es_MX\" \/>\n<meta property=\"og:type\" content=\"article\" \/>\n<meta property=\"og:title\" content=\"Recibe Congreso informes de la SAyF y del OIC del Tribunal de Justicia Administrativa - Fuentes Fidedignas\" \/>\n<meta property=\"og:description\" content=\"Culiac\u00e1n, Sin.- El Congreso del Estado de Sinaloa recibi\u00f3 informes de la Secretar\u00eda de Administraci\u00f3n y Finanzas, as\u00ed como del Tribunal de Justicia Administrativa, relativo al estado de las finanzas y de lo realizado por el \u00d3rgano Interno de Control, respectivamente. La Diputaci\u00f3n Permanente que preside el diputado Marco Antonio Zazueta Zazueta, en su Sesi\u00f3n [&hellip;]\" \/>\n<meta property=\"og:url\" content=\"https:\/\/fuentesfidedignas.com.mx\/index.php\/2024\/02\/13\/recibe-congreso-informes-de-la-sayf-y-del-oic-del-tribunal-de-justicia-administrativa\/\" \/>\n<meta property=\"og:site_name\" content=\"Fuentes Fidedignas\" \/>\n<meta property=\"article:publisher\" content=\"https:\/\/www.facebook.com\/Fuentes-Fidedignas-368234489921644\" \/>\n<meta property=\"article:published_time\" content=\"2024-02-13T21:25:01+00:00\" \/>\n<meta property=\"article:modified_time\" content=\"2024-02-13T21:25:02+00:00\" \/>\n<meta property=\"og:image\" content=\"https:\/\/fuentesfidedignas.com.mx\/wp-content\/uploads\/2024\/02\/WhatsApp-Image-2024-02-13-at-11.49.26-AM.jpeg\" \/>\n\t<meta property=\"og:image:width\" content=\"1280\" \/>\n\t<meta property=\"og:image:height\" content=\"798\" \/>\n\t<meta property=\"og:image:type\" content=\"image\/jpeg\" \/>\n<meta name=\"author\" content=\"Redacci\u00f3n\" \/>\n<meta name=\"twitter:card\" content=\"summary_large_image\" \/>\n<meta name=\"twitter:creator\" content=\"@fidedignas\" \/>\n<meta name=\"twitter:site\" content=\"@fidedignas\" \/>\n<meta name=\"twitter:label1\" content=\"Escrito por\" \/>\n\t<meta name=\"twitter:data1\" content=\"Redacci\u00f3n\" \/>\n\t<meta name=\"twitter:label2\" content=\"Tiempo de lectura\" \/>\n\t<meta name=\"twitter:data2\" content=\"2 minutos\" \/>\n<script type=\"application\/ld+json\" class=\"yoast-schema-graph\">{\"@context\":\"https:\\\/\\\/schema.org\",\"@graph\":[{\"@type\":\"Article\",\"@id\":\"https:\\\/\\\/fuentesfidedignas.com.mx\\\/index.php\\\/2024\\\/02\\\/13\\\/recibe-congreso-informes-de-la-sayf-y-del-oic-del-tribunal-de-justicia-administrativa\\\/#article\",\"isPartOf\":{\"@id\":\"https:\\\/\\\/fuentesfidedignas.com.mx\\\/index.php\\\/2024\\\/02\\\/13\\\/recibe-congreso-informes-de-la-sayf-y-del-oic-del-tribunal-de-justicia-administrativa\\\/\"},\"author\":{\"name\":\"Redacci\u00f3n\",\"@id\":\"https:\\\/\\\/fuentesfidedignas.com.mx\\\/#\\\/schema\\\/person\\\/331be9283d37198e2acd5750279085b0\"},\"headline\":\"Recibe Congreso informes de la SAyF y del OIC del Tribunal de Justicia Administrativa\",\"datePublished\":\"2024-02-13T21:25:01+00:00\",\"dateModified\":\"2024-02-13T21:25:02+00:00\",\"mainEntityOfPage\":{\"@id\":\"https:\\\/\\\/fuentesfidedignas.com.mx\\\/index.php\\\/2024\\\/02\\\/13\\\/recibe-congreso-informes-de-la-sayf-y-del-oic-del-tribunal-de-justicia-administrativa\\\/\"},\"wordCount\":204,\"commentCount\":0,\"publisher\":{\"@id\":\"https:\\\/\\\/fuentesfidedignas.com.mx\\\/#organization\"},\"image\":{\"@id\":\"https:\\\/\\\/fuentesfidedignas.com.mx\\\/index.php\\\/2024\\\/02\\\/13\\\/recibe-congreso-informes-de-la-sayf-y-del-oic-del-tribunal-de-justicia-administrativa\\\/#primaryimage\"},\"thumbnailUrl\":\"https:\\\/\\\/fuentesfidedignas.com.mx\\\/wp-content\\\/uploads\\\/2024\\\/02\\\/WhatsApp-Image-2024-02-13-at-11.49.26-AM.jpeg\",\"inLanguage\":\"es\",\"potentialAction\":[{\"@type\":\"CommentAction\",\"name\":\"Comment\",\"target\":[\"https:\\\/\\\/fuentesfidedignas.com.mx\\\/index.php\\\/2024\\\/02\\\/13\\\/recibe-congreso-informes-de-la-sayf-y-del-oic-del-tribunal-de-justicia-administrativa\\\/#respond\"]}]},{\"@type\":\"WebPage\",\"@id\":\"https:\\\/\\\/fuentesfidedignas.com.mx\\\/index.php\\\/2024\\\/02\\\/13\\\/recibe-congreso-informes-de-la-sayf-y-del-oic-del-tribunal-de-justicia-administrativa\\\/\",\"url\":\"https:\\\/\\\/fuentesfidedignas.com.mx\\\/index.php\\\/2024\\\/02\\\/13\\\/recibe-congreso-informes-de-la-sayf-y-del-oic-del-tribunal-de-justicia-administrativa\\\/\",\"name\":\"Recibe Congreso informes de la SAyF y del OIC del Tribunal de Justicia Administrativa - Fuentes Fidedignas\",\"isPartOf\":{\"@id\":\"https:\\\/\\\/fuentesfidedignas.com.mx\\\/#website\"},\"primaryImageOfPage\":{\"@id\":\"https:\\\/\\\/fuentesfidedignas.com.mx\\\/index.php\\\/2024\\\/02\\\/13\\\/recibe-congreso-informes-de-la-sayf-y-del-oic-del-tribunal-de-justicia-administrativa\\\/#primaryimage\"},\"image\":{\"@id\":\"https:\\\/\\\/fuentesfidedignas.com.mx\\\/index.php\\\/2024\\\/02\\\/13\\\/recibe-congreso-informes-de-la-sayf-y-del-oic-del-tribunal-de-justicia-administrativa\\\/#primaryimage\"},\"thumbnailUrl\":\"https:\\\/\\\/fuentesfidedignas.com.mx\\\/wp-content\\\/uploads\\\/2024\\\/02\\\/WhatsApp-Image-2024-02-13-at-11.49.26-AM.jpeg\",\"datePublished\":\"2024-02-13T21:25:01+00:00\",\"dateModified\":\"2024-02-13T21:25:02+00:00\",\"breadcrumb\":{\"@id\":\"https:\\\/\\\/fuentesfidedignas.com.mx\\\/index.php\\\/2024\\\/02\\\/13\\\/recibe-congreso-informes-de-la-sayf-y-del-oic-del-tribunal-de-justicia-administrativa\\\/#breadcrumb\"},\"inLanguage\":\"es\",\"potentialAction\":[{\"@type\":\"ReadAction\",\"target\":[\"https:\\\/\\\/fuentesfidedignas.com.mx\\\/index.php\\\/2024\\\/02\\\/13\\\/recibe-congreso-informes-de-la-sayf-y-del-oic-del-tribunal-de-justicia-administrativa\\\/\"]}]},{\"@type\":\"ImageObject\",\"inLanguage\":\"es\",\"@id\":\"https:\\\/\\\/fuentesfidedignas.com.mx\\\/index.php\\\/2024\\\/02\\\/13\\\/recibe-congreso-informes-de-la-sayf-y-del-oic-del-tribunal-de-justicia-administrativa\\\/#primaryimage\",\"url\":\"https:\\\/\\\/fuentesfidedignas.com.mx\\\/wp-content\\\/uploads\\\/2024\\\/02\\\/WhatsApp-Image-2024-02-13-at-11.49.26-AM.jpeg\",\"contentUrl\":\"https:\\\/\\\/fuentesfidedignas.com.mx\\\/wp-content\\\/uploads\\\/2024\\\/02\\\/WhatsApp-Image-2024-02-13-at-11.49.26-AM.jpeg\",\"width\":1280,\"height\":798},{\"@type\":\"BreadcrumbList\",\"@id\":\"https:\\\/\\\/fuentesfidedignas.com.mx\\\/index.php\\\/2024\\\/02\\\/13\\\/recibe-congreso-informes-de-la-sayf-y-del-oic-del-tribunal-de-justicia-administrativa\\\/#breadcrumb\",\"itemListElement\":[{\"@type\":\"ListItem\",\"position\":1,\"name\":\"Inicio\",\"item\":\"https:\\\/\\\/fuentesfidedignas.com.mx\\\/\"},{\"@type\":\"ListItem\",\"position\":2,\"name\":\"Recibe Congreso informes de la SAyF y del OIC del Tribunal de Justicia Administrativa\"}]},{\"@type\":\"WebSite\",\"@id\":\"https:\\\/\\\/fuentesfidedignas.com.mx\\\/#website\",\"url\":\"https:\\\/\\\/fuentesfidedignas.com.mx\\\/\",\"name\":\"Fuentes Fidedignas\",\"description\":\"Otro sitio realizado con WordPress\",\"publisher\":{\"@id\":\"https:\\\/\\\/fuentesfidedignas.com.mx\\\/#organization\"},\"potentialAction\":[{\"@type\":\"SearchAction\",\"target\":{\"@type\":\"EntryPoint\",\"urlTemplate\":\"https:\\\/\\\/fuentesfidedignas.com.mx\\\/?s={search_term_string}\"},\"query-input\":{\"@type\":\"PropertyValueSpecification\",\"valueRequired\":true,\"valueName\":\"search_term_string\"}}],\"inLanguage\":\"es\"},{\"@type\":\"Organization\",\"@id\":\"https:\\\/\\\/fuentesfidedignas.com.mx\\\/#organization\",\"name\":\"Fuentes Fidedignas\",\"url\":\"https:\\\/\\\/fuentesfidedignas.com.mx\\\/\",\"logo\":{\"@type\":\"ImageObject\",\"inLanguage\":\"es\",\"@id\":\"https:\\\/\\\/fuentesfidedignas.com.mx\\\/#\\\/schema\\\/logo\\\/image\\\/\",\"url\":\"https:\\\/\\\/fuentesfidedignas.com.mx\\\/wp-content\\\/uploads\\\/2021\\\/04\\\/logo-retina.png\",\"contentUrl\":\"https:\\\/\\\/fuentesfidedignas.com.mx\\\/wp-content\\\/uploads\\\/2021\\\/04\\\/logo-retina.png\",\"width\":280,\"height\":51,\"caption\":\"Fuentes Fidedignas\"},\"image\":{\"@id\":\"https:\\\/\\\/fuentesfidedignas.com.mx\\\/#\\\/schema\\\/logo\\\/image\\\/\"},\"sameAs\":[\"https:\\\/\\\/www.facebook.com\\\/Fuentes-Fidedignas-368234489921644\",\"https:\\\/\\\/x.com\\\/fidedignas\"]},{\"@type\":\"Person\",\"@id\":\"https:\\\/\\\/fuentesfidedignas.com.mx\\\/#\\\/schema\\\/person\\\/331be9283d37198e2acd5750279085b0\",\"name\":\"Redacci\u00f3n\",\"image\":{\"@type\":\"ImageObject\",\"inLanguage\":\"es\",\"@id\":\"https:\\\/\\\/secure.gravatar.com\\\/avatar\\\/f6d8782c11d12b2d4ad3fbb6931aeab5309937a4d6cd2fc9cfaa28a6396a5aec?s=96&d=mm&r=g\",\"url\":\"https:\\\/\\\/secure.gravatar.com\\\/avatar\\\/f6d8782c11d12b2d4ad3fbb6931aeab5309937a4d6cd2fc9cfaa28a6396a5aec?s=96&d=mm&r=g\",\"contentUrl\":\"https:\\\/\\\/secure.gravatar.com\\\/avatar\\\/f6d8782c11d12b2d4ad3fbb6931aeab5309937a4d6cd2fc9cfaa28a6396a5aec?s=96&d=mm&r=g\",\"caption\":\"Redacci\u00f3n\"},\"url\":\"https:\\\/\\\/fuentesfidedignas.com.mx\\\/index.php\\\/author\\\/redaccion\\\/\"}]}<\/script>\n<!-- \/ Yoast SEO plugin. -->","yoast_head_json":{"title":"Recibe Congreso informes de la SAyF y del OIC del Tribunal de Justicia Administrativa - Fuentes Fidedignas","robots":{"index":"index","follow":"follow","max-snippet":"max-snippet:-1","max-image-preview":"max-image-preview:large","max-video-preview":"max-video-preview:-1"},"canonical":"https:\/\/fuentesfidedignas.com.mx\/index.php\/2024\/02\/13\/recibe-congreso-informes-de-la-sayf-y-del-oic-del-tribunal-de-justicia-administrativa\/","og_locale":"es_MX","og_type":"article","og_title":"Recibe Congreso informes de la SAyF y del OIC del Tribunal de Justicia Administrativa - Fuentes Fidedignas","og_description":"Culiac\u00e1n, Sin.- El Congreso del Estado de Sinaloa recibi\u00f3 informes de la Secretar\u00eda de Administraci\u00f3n y Finanzas, as\u00ed como del Tribunal de Justicia Administrativa, relativo al estado de las finanzas y de lo realizado por el \u00d3rgano Interno de Control, respectivamente. La Diputaci\u00f3n Permanente que preside el diputado Marco Antonio Zazueta Zazueta, en su Sesi\u00f3n [&hellip;]","og_url":"https:\/\/fuentesfidedignas.com.mx\/index.php\/2024\/02\/13\/recibe-congreso-informes-de-la-sayf-y-del-oic-del-tribunal-de-justicia-administrativa\/","og_site_name":"Fuentes Fidedignas","article_publisher":"https:\/\/www.facebook.com\/Fuentes-Fidedignas-368234489921644","article_published_time":"2024-02-13T21:25:01+00:00","article_modified_time":"2024-02-13T21:25:02+00:00","og_image":[{"width":1280,"height":798,"url":"https:\/\/fuentesfidedignas.com.mx\/wp-content\/uploads\/2024\/02\/WhatsApp-Image-2024-02-13-at-11.49.26-AM.jpeg","type":"image\/jpeg"}],"author":"Redacci\u00f3n","twitter_card":"summary_large_image","twitter_creator":"@fidedignas","twitter_site":"@fidedignas","twitter_misc":{"Escrito por":"Redacci\u00f3n","Tiempo de lectura":"2 minutos"},"schema":{"@context":"https:\/\/schema.org","@graph":[{"@type":"Article","@id":"https:\/\/fuentesfidedignas.com.mx\/index.php\/2024\/02\/13\/recibe-congreso-informes-de-la-sayf-y-del-oic-del-tribunal-de-justicia-administrativa\/#article","isPartOf":{"@id":"https:\/\/fuentesfidedignas.com.mx\/index.php\/2024\/02\/13\/recibe-congreso-informes-de-la-sayf-y-del-oic-del-tribunal-de-justicia-administrativa\/"},"author":{"name":"Redacci\u00f3n","@id":"https:\/\/fuentesfidedignas.com.mx\/#\/schema\/person\/331be9283d37198e2acd5750279085b0"},"headline":"Recibe Congreso informes de la SAyF y del OIC del Tribunal de Justicia Administrativa","datePublished":"2024-02-13T21:25:01+00:00","dateModified":"2024-02-13T21:25:02+00:00","mainEntityOfPage":{"@id":"https:\/\/fuentesfidedignas.com.mx\/index.php\/2024\/02\/13\/recibe-congreso-informes-de-la-sayf-y-del-oic-del-tribunal-de-justicia-administrativa\/"},"wordCount":204,"commentCount":0,"publisher":{"@id":"https:\/\/fuentesfidedignas.com.mx\/#organization"},"image":{"@id":"https:\/\/fuentesfidedignas.com.mx\/index.php\/2024\/02\/13\/recibe-congreso-informes-de-la-sayf-y-del-oic-del-tribunal-de-justicia-administrativa\/#primaryimage"},"thumbnailUrl":"https:\/\/fuentesfidedignas.com.mx\/wp-content\/uploads\/2024\/02\/WhatsApp-Image-2024-02-13-at-11.49.26-AM.jpeg","inLanguage":"es","potentialAction":[{"@type":"CommentAction","name":"Comment","target":["https:\/\/fuentesfidedignas.com.mx\/index.php\/2024\/02\/13\/recibe-congreso-informes-de-la-sayf-y-del-oic-del-tribunal-de-justicia-administrativa\/#respond"]}]},{"@type":"WebPage","@id":"https:\/\/fuentesfidedignas.com.mx\/index.php\/2024\/02\/13\/recibe-congreso-informes-de-la-sayf-y-del-oic-del-tribunal-de-justicia-administrativa\/","url":"https:\/\/fuentesfidedignas.com.mx\/index.php\/2024\/02\/13\/recibe-congreso-informes-de-la-sayf-y-del-oic-del-tribunal-de-justicia-administrativa\/","name":"Recibe Congreso informes de la SAyF y del OIC del Tribunal de Justicia Administrativa - Fuentes Fidedignas","isPartOf":{"@id":"https:\/\/fuentesfidedignas.com.mx\/#website"},"primaryImageOfPage":{"@id":"https:\/\/fuentesfidedignas.com.mx\/index.php\/2024\/02\/13\/recibe-congreso-informes-de-la-sayf-y-del-oic-del-tribunal-de-justicia-administrativa\/#primaryimage"},"image":{"@id":"https:\/\/fuentesfidedignas.com.mx\/index.php\/2024\/02\/13\/recibe-congreso-informes-de-la-sayf-y-del-oic-del-tribunal-de-justicia-administrativa\/#primaryimage"},"thumbnailUrl":"https:\/\/fuentesfidedignas.com.mx\/wp-content\/uploads\/2024\/02\/WhatsApp-Image-2024-02-13-at-11.49.26-AM.jpeg","datePublished":"2024-02-13T21:25:01+00:00","dateModified":"2024-02-13T21:25:02+00:00","breadcrumb":{"@id":"https:\/\/fuentesfidedignas.com.mx\/index.php\/2024\/02\/13\/recibe-congreso-informes-de-la-sayf-y-del-oic-del-tribunal-de-justicia-administrativa\/#breadcrumb"},"inLanguage":"es","potentialAction":[{"@type":"ReadAction","target":["https:\/\/fuentesfidedignas.com.mx\/index.php\/2024\/02\/13\/recibe-congreso-informes-de-la-sayf-y-del-oic-del-tribunal-de-justicia-administrativa\/"]}]},{"@type":"ImageObject","inLanguage":"es","@id":"https:\/\/fuentesfidedignas.com.mx\/index.php\/2024\/02\/13\/recibe-congreso-informes-de-la-sayf-y-del-oic-del-tribunal-de-justicia-administrativa\/#primaryimage","url":"https:\/\/fuentesfidedignas.com.mx\/wp-content\/uploads\/2024\/02\/WhatsApp-Image-2024-02-13-at-11.49.26-AM.jpeg","contentUrl":"https:\/\/fuentesfidedignas.com.mx\/wp-content\/uploads\/2024\/02\/WhatsApp-Image-2024-02-13-at-11.49.26-AM.jpeg","width":1280,"height":798},{"@type":"BreadcrumbList","@id":"https:\/\/fuentesfidedignas.com.mx\/index.php\/2024\/02\/13\/recibe-congreso-informes-de-la-sayf-y-del-oic-del-tribunal-de-justicia-administrativa\/#breadcrumb","itemListElement":[{"@type":"ListItem","position":1,"name":"Inicio","item":"https:\/\/fuentesfidedignas.com.mx\/"},{"@type":"ListItem","position":2,"name":"Recibe Congreso informes de la SAyF y del OIC del Tribunal de Justicia Administrativa"}]},{"@type":"WebSite","@id":"https:\/\/fuentesfidedignas.com.mx\/#website","url":"https:\/\/fuentesfidedignas.com.mx\/","name":"Fuentes Fidedignas","description":"Otro sitio realizado con WordPress","publisher":{"@id":"https:\/\/fuentesfidedignas.com.mx\/#organization"},"potentialAction":[{"@type":"SearchAction","target":{"@type":"EntryPoint","urlTemplate":"https:\/\/fuentesfidedignas.com.mx\/?s={search_term_string}"},"query-input":{"@type":"PropertyValueSpecification","valueRequired":true,"valueName":"search_term_string"}}],"inLanguage":"es"},{"@type":"Organization","@id":"https:\/\/fuentesfidedignas.com.mx\/#organization","name":"Fuentes Fidedignas","url":"https:\/\/fuentesfidedignas.com.mx\/","logo":{"@type":"ImageObject","inLanguage":"es","@id":"https:\/\/fuentesfidedignas.com.mx\/#\/schema\/logo\/image\/","url":"https:\/\/fuentesfidedignas.com.mx\/wp-content\/uploads\/2021\/04\/logo-retina.png","contentUrl":"https:\/\/fuentesfidedignas.com.mx\/wp-content\/uploads\/2021\/04\/logo-retina.png","width":280,"height":51,"caption":"Fuentes Fidedignas"},"image":{"@id":"https:\/\/fuentesfidedignas.com.mx\/#\/schema\/logo\/image\/"},"sameAs":["https:\/\/www.facebook.com\/Fuentes-Fidedignas-368234489921644","https:\/\/x.com\/fidedignas"]},{"@type":"Person","@id":"https:\/\/fuentesfidedignas.com.mx\/#\/schema\/person\/331be9283d37198e2acd5750279085b0","name":"Redacci\u00f3n","image":{"@type":"ImageObject","inLanguage":"es","@id":"https:\/\/secure.gravatar.com\/avatar\/f6d8782c11d12b2d4ad3fbb6931aeab5309937a4d6cd2fc9cfaa28a6396a5aec?s=96&d=mm&r=g","url":"https:\/\/secure.gravatar.com\/avatar\/f6d8782c11d12b2d4ad3fbb6931aeab5309937a4d6cd2fc9cfaa28a6396a5aec?s=96&d=mm&r=g","contentUrl":"https:\/\/secure.gravatar.com\/avatar\/f6d8782c11d12b2d4ad3fbb6931aeab5309937a4d6cd2fc9cfaa28a6396a5aec?s=96&d=mm&r=g","caption":"Redacci\u00f3n"},"url":"https:\/\/fuentesfidedignas.com.mx\/index.php\/author\/redaccion\/"}]}},"_links":{"self":[{"href":"https:\/\/fuentesfidedignas.com.mx\/index.php\/wp-json\/wp\/v2\/posts\/73777","targetHints":{"allow":["GET"]}}],"collection":[{"href":"https:\/\/fuentesfidedignas.com.mx\/index.php\/wp-json\/wp\/v2\/posts"}],"about":[{"href":"https:\/\/fuentesfidedignas.com.mx\/index.php\/wp-json\/wp\/v2\/types\/post"}],"author":[{"embeddable":true,"href":"https:\/\/fuentesfidedignas.com.mx\/index.php\/wp-json\/wp\/v2\/users\/4"}],"replies":[{"embeddable":true,"href":"https:\/\/fuentesfidedignas.com.mx\/index.php\/wp-json\/wp\/v2\/comments?post=73777"}],"version-history":[{"count":1,"href":"https:\/\/fuentesfidedignas.com.mx\/index.php\/wp-json\/wp\/v2\/posts\/73777\/revisions"}],"predecessor-version":[{"id":73779,"href":"https:\/\/fuentesfidedignas.com.mx\/index.php\/wp-json\/wp\/v2\/posts\/73777\/revisions\/73779"}],"wp:featuredmedia":[{"embeddable":true,"href":"https:\/\/fuentesfidedignas.com.mx\/index.php\/wp-json\/wp\/v2\/media\/73778"}],"wp:attachment":[{"href":"https:\/\/fuentesfidedignas.com.mx\/index.php\/wp-json\/wp\/v2\/media?parent=73777"}],"wp:term":[{"taxonomy":"category","embeddable":true,"href":"https:\/\/fuentesfidedignas.com.mx\/index.php\/wp-json\/wp\/v2\/categories?post=73777"},{"taxonomy":"post_tag","embeddable":true,"href":"https:\/\/fuentesfidedignas.com.mx\/index.php\/wp-json\/wp\/v2\/tags?post=73777"}],"curies":[{"name":"wp","href":"https:\/\/api.w.org\/{rel}","templated":true}]}}