{"id":73532,"date":"2024-02-12T05:42:07","date_gmt":"2024-02-12T12:42:07","guid":{"rendered":"https:\/\/fuentesfidedignas.com.mx\/?p=73532"},"modified":"2024-02-11T10:42:35","modified_gmt":"2024-02-11T17:42:35","slug":"mujer-quema-a-su-bebe-dentro-del-horno-tras-confundirlo-con-una-cuna","status":"publish","type":"post","link":"https:\/\/fuentesfidedignas.com.mx\/index.php\/2024\/02\/12\/mujer-quema-a-su-bebe-dentro-del-horno-tras-confundirlo-con-una-cuna\/","title":{"rendered":"Mujer quema a su beb\u00e9 dentro del horno tras confundirlo con una cuna"},"content":{"rendered":"\n<p><strong><em>Mariah Thomas, de 26 a\u00f1os, madre de Kansas City, fue acusada de hornear hasta matar a su hija reci\u00e9n nacida en un horno, despu\u00e9s de confundirlo con la cuna.<\/em><\/strong><\/p>\n\n\n\n<p>Un escalofriante suceso se registr\u00f3 en un vecindario de Missouri, Estados Unidos luego de que la polic\u00eda fuera alertada de algo extra\u00f1o en una de las casas de la zona y al acudir al lugar se encontraron con una escena dantesca.<\/p>\n\n\n\n<p>Y es que una mujer, identificada como Mariah Thomas, de 26 a\u00f1os, quem\u00f3 hasta morir a su beb\u00e9, una ni\u00f1a de un mes, en un horno y luego afirm\u00f3 ante la polic\u00eda que confundi\u00f3 la cocina con una cuna.<\/p>\n\n\n\n<p>De acuerdo con la polic\u00eda, la escena en la casa de Kansas City era realmente \u201cespantosa\u201d, pues encontraron a la peque\u00f1a gravemente quemado y sin respirar el viernes pasado.<\/p>\n\n\n\n<blockquote class=\"twitter-tweet\"><p lang=\"en\" dir=\"ltr\">Kansas City mom, Mariah Thomas, 26, has been charged with baking her newborn baby daughter to death in an oven, after mistaking the oven for the infant\u2019s crib. Thomas told police she \u201caccidentally placed her in the oven instead of the crib\u201d. <a href=\"https:\/\/t.co\/AhyY4Py454\">pic.twitter.com\/AhyY4Py454<\/a><\/p>&mdash; Mike Sington (@MikeSington) <a href=\"https:\/\/twitter.com\/MikeSington\/status\/1756660899312766989?ref_src=twsrc%5Etfw\">February 11, 2024<\/a><\/blockquote> <script async src=\"https:\/\/platform.twitter.com\/widgets.js\" charset=\"utf-8\"><\/script>\n\n\n\n<p>Las autoridades respondieron a una llamada informando que un ni\u00f1o no respiraba en la residencia de la madre en Kansas City el viernes, justo el d\u00eda despu\u00e9s del cumplea\u00f1os de Thomas.<\/p>\n\n\n\n<p>Cuando llegaron, encontraron a la beb\u00e9 con quemaduras y su ropa derretida en su pa\u00f1al.<\/p>\n\n\n\n<p>La mujer explic\u00f3 a las autoridades que ella \u201cestaba acostando a su hijo para una siesta y accidentalmente lo coloc\u00f3 en el horno en lugar de en la cuna\u201d.<\/p>\n\n\n\n<p>Seg\u00fan los registros judiciales, el abuelo del beb\u00e9 le dijo a la polic\u00eda que recibi\u00f3 una llamada de Thomas alrededor de la 1 pm. Ella supuestamente le dijo que &#8220;algo andaba mal con el beb\u00e9 y que necesitaba regresar a casa inmediatamente&#8221;.<\/p>\n\n\n\n<p>El hombre le dijo a la polic\u00eda que oli\u00f3 humo cuando entr\u00f3 a la casa y encontr\u00f3 que la beb\u00e9 no respiraba dentro de su cuna.<\/p>\n\n\n\n<p>Seg\u00fan la declaraci\u00f3n, el hombre levant\u00f3 al beb\u00e9 y le pregunt\u00f3 qu\u00e9 hab\u00eda pasado, a lo que la madre respondi\u00f3 &#8220;Pens\u00e9 que hab\u00eda puesto en su cuna y accidentalmente la met\u00ed en el horno&#8221;.<\/p>\n\n\n\n<p>La joven madre que a\u00fan viv\u00eda con sus padres fue detenida y supuestamente dio su consentimiento para que los detectives le extrajeran sangre y accedieran a sus datos telef\u00f3nicos.<\/p>\n\n\n\n<p>La polic\u00eda, por su parte lament\u00f3 la tr\u00e1gica y dolorosa muerte de la peque\u00f1a y expres\u00f3 sus condolencias por el lamentable suceso.<\/p>\n\n\n\n<p>\u201cNuestros corazones est\u00e1n abrumados por la p\u00e9rdida de esta preciosa vida. Confiamos en que el sistema de justicia penal responder\u00e1 adecuadamente a estas terribles circunstancias&#8221;, dijeron medios locales.<\/p>\n\n\n\n<p>En tanto, la madre fue acusada de poner en peligro el bienestar de un ni\u00f1o y de matarlo.<\/p>\n","protected":false},"excerpt":{"rendered":"<p>Mariah Thomas, de 26 a\u00f1os, madre de Kansas City, fue acusada de hornear hasta matar a su hija reci\u00e9n nacida en un horno, despu\u00e9s de confundirlo con la cuna. Un escalofriante suceso se registr\u00f3 en un vecindario de Missouri, Estados Unidos luego de que la polic\u00eda fuera alertada de algo extra\u00f1o en una de las [&hellip;]<\/p>\n","protected":false},"author":7,"featured_media":73533,"comment_status":"open","ping_status":"open","sticky":false,"template":"","format":"standard","meta":{"tdm_status":"","tdm_grid_status":"","footnotes":""},"categories":[40],"tags":[],"class_list":{"0":"post-73532","1":"post","2":"type-post","3":"status-publish","4":"format-standard","5":"has-post-thumbnail","7":"category-las-asombrosas"},"yoast_head":"<!-- This site is optimized with the Yoast SEO plugin v27.5 - https:\/\/yoast.com\/product\/yoast-seo-wordpress\/ -->\n<title>Mujer quema a su beb\u00e9 dentro del horno tras confundirlo con una cuna - Fuentes Fidedignas<\/title>\n<meta name=\"robots\" content=\"index, follow, max-snippet:-1, max-image-preview:large, max-video-preview:-1\" \/>\n<link rel=\"canonical\" href=\"https:\/\/fuentesfidedignas.com.mx\/index.php\/2024\/02\/12\/mujer-quema-a-su-bebe-dentro-del-horno-tras-confundirlo-con-una-cuna\/\" \/>\n<meta property=\"og:locale\" content=\"es_MX\" \/>\n<meta property=\"og:type\" content=\"article\" \/>\n<meta property=\"og:title\" content=\"Mujer quema a su beb\u00e9 dentro del horno tras confundirlo con una cuna - Fuentes Fidedignas\" \/>\n<meta property=\"og:description\" content=\"Mariah Thomas, de 26 a\u00f1os, madre de Kansas City, fue acusada de hornear hasta matar a su hija reci\u00e9n nacida en un horno, despu\u00e9s de confundirlo con la cuna. Un escalofriante suceso se registr\u00f3 en un vecindario de Missouri, Estados Unidos luego de que la polic\u00eda fuera alertada de algo extra\u00f1o en una de las [&hellip;]\" \/>\n<meta property=\"og:url\" content=\"https:\/\/fuentesfidedignas.com.mx\/index.php\/2024\/02\/12\/mujer-quema-a-su-bebe-dentro-del-horno-tras-confundirlo-con-una-cuna\/\" \/>\n<meta property=\"og:site_name\" content=\"Fuentes Fidedignas\" \/>\n<meta property=\"article:publisher\" content=\"https:\/\/www.facebook.com\/Fuentes-Fidedignas-368234489921644\" \/>\n<meta property=\"article:published_time\" content=\"2024-02-12T12:42:07+00:00\" \/>\n<meta property=\"og:image\" content=\"https:\/\/fuentesfidedignas.com.mx\/wp-content\/uploads\/2024\/02\/MUJER_BEBE2.jpg\" \/>\n\t<meta property=\"og:image:width\" content=\"830\" \/>\n\t<meta property=\"og:image:height\" content=\"623\" \/>\n\t<meta property=\"og:image:type\" content=\"image\/jpeg\" \/>\n<meta name=\"author\" content=\"Exc\u00e9lsior\" \/>\n<meta name=\"twitter:card\" content=\"summary_large_image\" \/>\n<meta name=\"twitter:creator\" content=\"@fidedignas\" \/>\n<meta name=\"twitter:site\" content=\"@fidedignas\" \/>\n<meta name=\"twitter:label1\" content=\"Escrito por\" \/>\n\t<meta name=\"twitter:data1\" content=\"Exc\u00e9lsior\" \/>\n\t<meta name=\"twitter:label2\" content=\"Tiempo de lectura\" \/>\n\t<meta name=\"twitter:data2\" content=\"3 minutos\" \/>\n<script type=\"application\/ld+json\" class=\"yoast-schema-graph\">{\"@context\":\"https:\\\/\\\/schema.org\",\"@graph\":[{\"@type\":\"Article\",\"@id\":\"https:\\\/\\\/fuentesfidedignas.com.mx\\\/index.php\\\/2024\\\/02\\\/12\\\/mujer-quema-a-su-bebe-dentro-del-horno-tras-confundirlo-con-una-cuna\\\/#article\",\"isPartOf\":{\"@id\":\"https:\\\/\\\/fuentesfidedignas.com.mx\\\/index.php\\\/2024\\\/02\\\/12\\\/mujer-quema-a-su-bebe-dentro-del-horno-tras-confundirlo-con-una-cuna\\\/\"},\"author\":{\"name\":\"Exc\u00e9lsior\",\"@id\":\"https:\\\/\\\/fuentesfidedignas.com.mx\\\/#\\\/schema\\\/person\\\/ec4edd1fbf5efa3e44fce34fe2787780\"},\"headline\":\"Mujer quema a su beb\u00e9 dentro del horno tras confundirlo con una cuna\",\"datePublished\":\"2024-02-12T12:42:07+00:00\",\"mainEntityOfPage\":{\"@id\":\"https:\\\/\\\/fuentesfidedignas.com.mx\\\/index.php\\\/2024\\\/02\\\/12\\\/mujer-quema-a-su-bebe-dentro-del-horno-tras-confundirlo-con-una-cuna\\\/\"},\"wordCount\":505,\"commentCount\":0,\"publisher\":{\"@id\":\"https:\\\/\\\/fuentesfidedignas.com.mx\\\/#organization\"},\"image\":{\"@id\":\"https:\\\/\\\/fuentesfidedignas.com.mx\\\/index.php\\\/2024\\\/02\\\/12\\\/mujer-quema-a-su-bebe-dentro-del-horno-tras-confundirlo-con-una-cuna\\\/#primaryimage\"},\"thumbnailUrl\":\"https:\\\/\\\/fuentesfidedignas.com.mx\\\/wp-content\\\/uploads\\\/2024\\\/02\\\/MUJER_BEBE2.jpg\",\"articleSection\":[\"LAS ASOMBROSAS\"],\"inLanguage\":\"es\",\"potentialAction\":[{\"@type\":\"CommentAction\",\"name\":\"Comment\",\"target\":[\"https:\\\/\\\/fuentesfidedignas.com.mx\\\/index.php\\\/2024\\\/02\\\/12\\\/mujer-quema-a-su-bebe-dentro-del-horno-tras-confundirlo-con-una-cuna\\\/#respond\"]}]},{\"@type\":\"WebPage\",\"@id\":\"https:\\\/\\\/fuentesfidedignas.com.mx\\\/index.php\\\/2024\\\/02\\\/12\\\/mujer-quema-a-su-bebe-dentro-del-horno-tras-confundirlo-con-una-cuna\\\/\",\"url\":\"https:\\\/\\\/fuentesfidedignas.com.mx\\\/index.php\\\/2024\\\/02\\\/12\\\/mujer-quema-a-su-bebe-dentro-del-horno-tras-confundirlo-con-una-cuna\\\/\",\"name\":\"Mujer quema a su beb\u00e9 dentro del horno tras confundirlo con una cuna - Fuentes Fidedignas\",\"isPartOf\":{\"@id\":\"https:\\\/\\\/fuentesfidedignas.com.mx\\\/#website\"},\"primaryImageOfPage\":{\"@id\":\"https:\\\/\\\/fuentesfidedignas.com.mx\\\/index.php\\\/2024\\\/02\\\/12\\\/mujer-quema-a-su-bebe-dentro-del-horno-tras-confundirlo-con-una-cuna\\\/#primaryimage\"},\"image\":{\"@id\":\"https:\\\/\\\/fuentesfidedignas.com.mx\\\/index.php\\\/2024\\\/02\\\/12\\\/mujer-quema-a-su-bebe-dentro-del-horno-tras-confundirlo-con-una-cuna\\\/#primaryimage\"},\"thumbnailUrl\":\"https:\\\/\\\/fuentesfidedignas.com.mx\\\/wp-content\\\/uploads\\\/2024\\\/02\\\/MUJER_BEBE2.jpg\",\"datePublished\":\"2024-02-12T12:42:07+00:00\",\"breadcrumb\":{\"@id\":\"https:\\\/\\\/fuentesfidedignas.com.mx\\\/index.php\\\/2024\\\/02\\\/12\\\/mujer-quema-a-su-bebe-dentro-del-horno-tras-confundirlo-con-una-cuna\\\/#breadcrumb\"},\"inLanguage\":\"es\",\"potentialAction\":[{\"@type\":\"ReadAction\",\"target\":[\"https:\\\/\\\/fuentesfidedignas.com.mx\\\/index.php\\\/2024\\\/02\\\/12\\\/mujer-quema-a-su-bebe-dentro-del-horno-tras-confundirlo-con-una-cuna\\\/\"]}]},{\"@type\":\"ImageObject\",\"inLanguage\":\"es\",\"@id\":\"https:\\\/\\\/fuentesfidedignas.com.mx\\\/index.php\\\/2024\\\/02\\\/12\\\/mujer-quema-a-su-bebe-dentro-del-horno-tras-confundirlo-con-una-cuna\\\/#primaryimage\",\"url\":\"https:\\\/\\\/fuentesfidedignas.com.mx\\\/wp-content\\\/uploads\\\/2024\\\/02\\\/MUJER_BEBE2.jpg\",\"contentUrl\":\"https:\\\/\\\/fuentesfidedignas.com.mx\\\/wp-content\\\/uploads\\\/2024\\\/02\\\/MUJER_BEBE2.jpg\",\"width\":830,\"height\":623},{\"@type\":\"BreadcrumbList\",\"@id\":\"https:\\\/\\\/fuentesfidedignas.com.mx\\\/index.php\\\/2024\\\/02\\\/12\\\/mujer-quema-a-su-bebe-dentro-del-horno-tras-confundirlo-con-una-cuna\\\/#breadcrumb\",\"itemListElement\":[{\"@type\":\"ListItem\",\"position\":1,\"name\":\"Inicio\",\"item\":\"https:\\\/\\\/fuentesfidedignas.com.mx\\\/\"},{\"@type\":\"ListItem\",\"position\":2,\"name\":\"Mujer quema a su beb\u00e9 dentro del horno tras confundirlo con una cuna\"}]},{\"@type\":\"WebSite\",\"@id\":\"https:\\\/\\\/fuentesfidedignas.com.mx\\\/#website\",\"url\":\"https:\\\/\\\/fuentesfidedignas.com.mx\\\/\",\"name\":\"Fuentes Fidedignas\",\"description\":\"Otro sitio realizado con WordPress\",\"publisher\":{\"@id\":\"https:\\\/\\\/fuentesfidedignas.com.mx\\\/#organization\"},\"potentialAction\":[{\"@type\":\"SearchAction\",\"target\":{\"@type\":\"EntryPoint\",\"urlTemplate\":\"https:\\\/\\\/fuentesfidedignas.com.mx\\\/?s={search_term_string}\"},\"query-input\":{\"@type\":\"PropertyValueSpecification\",\"valueRequired\":true,\"valueName\":\"search_term_string\"}}],\"inLanguage\":\"es\"},{\"@type\":\"Organization\",\"@id\":\"https:\\\/\\\/fuentesfidedignas.com.mx\\\/#organization\",\"name\":\"Fuentes Fidedignas\",\"url\":\"https:\\\/\\\/fuentesfidedignas.com.mx\\\/\",\"logo\":{\"@type\":\"ImageObject\",\"inLanguage\":\"es\",\"@id\":\"https:\\\/\\\/fuentesfidedignas.com.mx\\\/#\\\/schema\\\/logo\\\/image\\\/\",\"url\":\"https:\\\/\\\/fuentesfidedignas.com.mx\\\/wp-content\\\/uploads\\\/2021\\\/04\\\/logo-retina.png\",\"contentUrl\":\"https:\\\/\\\/fuentesfidedignas.com.mx\\\/wp-content\\\/uploads\\\/2021\\\/04\\\/logo-retina.png\",\"width\":280,\"height\":51,\"caption\":\"Fuentes Fidedignas\"},\"image\":{\"@id\":\"https:\\\/\\\/fuentesfidedignas.com.mx\\\/#\\\/schema\\\/logo\\\/image\\\/\"},\"sameAs\":[\"https:\\\/\\\/www.facebook.com\\\/Fuentes-Fidedignas-368234489921644\",\"https:\\\/\\\/x.com\\\/fidedignas\"]},{\"@type\":\"Person\",\"@id\":\"https:\\\/\\\/fuentesfidedignas.com.mx\\\/#\\\/schema\\\/person\\\/ec4edd1fbf5efa3e44fce34fe2787780\",\"name\":\"Exc\u00e9lsior\",\"image\":{\"@type\":\"ImageObject\",\"inLanguage\":\"es\",\"@id\":\"https:\\\/\\\/secure.gravatar.com\\\/avatar\\\/4b7ee9206b48be08447852b3f0814dbc7c0f3b51541b164f1464a2725614020b?s=96&d=mm&r=g\",\"url\":\"https:\\\/\\\/secure.gravatar.com\\\/avatar\\\/4b7ee9206b48be08447852b3f0814dbc7c0f3b51541b164f1464a2725614020b?s=96&d=mm&r=g\",\"contentUrl\":\"https:\\\/\\\/secure.gravatar.com\\\/avatar\\\/4b7ee9206b48be08447852b3f0814dbc7c0f3b51541b164f1464a2725614020b?s=96&d=mm&r=g\",\"caption\":\"Exc\u00e9lsior\"},\"url\":\"https:\\\/\\\/fuentesfidedignas.com.mx\\\/index.php\\\/author\\\/excelsior\\\/\"}]}<\/script>\n<!-- \/ Yoast SEO plugin. -->","yoast_head_json":{"title":"Mujer quema a su beb\u00e9 dentro del horno tras confundirlo con una cuna - Fuentes Fidedignas","robots":{"index":"index","follow":"follow","max-snippet":"max-snippet:-1","max-image-preview":"max-image-preview:large","max-video-preview":"max-video-preview:-1"},"canonical":"https:\/\/fuentesfidedignas.com.mx\/index.php\/2024\/02\/12\/mujer-quema-a-su-bebe-dentro-del-horno-tras-confundirlo-con-una-cuna\/","og_locale":"es_MX","og_type":"article","og_title":"Mujer quema a su beb\u00e9 dentro del horno tras confundirlo con una cuna - Fuentes Fidedignas","og_description":"Mariah Thomas, de 26 a\u00f1os, madre de Kansas City, fue acusada de hornear hasta matar a su hija reci\u00e9n nacida en un horno, despu\u00e9s de confundirlo con la cuna. Un escalofriante suceso se registr\u00f3 en un vecindario de Missouri, Estados Unidos luego de que la polic\u00eda fuera alertada de algo extra\u00f1o en una de las [&hellip;]","og_url":"https:\/\/fuentesfidedignas.com.mx\/index.php\/2024\/02\/12\/mujer-quema-a-su-bebe-dentro-del-horno-tras-confundirlo-con-una-cuna\/","og_site_name":"Fuentes Fidedignas","article_publisher":"https:\/\/www.facebook.com\/Fuentes-Fidedignas-368234489921644","article_published_time":"2024-02-12T12:42:07+00:00","og_image":[{"width":830,"height":623,"url":"https:\/\/fuentesfidedignas.com.mx\/wp-content\/uploads\/2024\/02\/MUJER_BEBE2.jpg","type":"image\/jpeg"}],"author":"Exc\u00e9lsior","twitter_card":"summary_large_image","twitter_creator":"@fidedignas","twitter_site":"@fidedignas","twitter_misc":{"Escrito por":"Exc\u00e9lsior","Tiempo de lectura":"3 minutos"},"schema":{"@context":"https:\/\/schema.org","@graph":[{"@type":"Article","@id":"https:\/\/fuentesfidedignas.com.mx\/index.php\/2024\/02\/12\/mujer-quema-a-su-bebe-dentro-del-horno-tras-confundirlo-con-una-cuna\/#article","isPartOf":{"@id":"https:\/\/fuentesfidedignas.com.mx\/index.php\/2024\/02\/12\/mujer-quema-a-su-bebe-dentro-del-horno-tras-confundirlo-con-una-cuna\/"},"author":{"name":"Exc\u00e9lsior","@id":"https:\/\/fuentesfidedignas.com.mx\/#\/schema\/person\/ec4edd1fbf5efa3e44fce34fe2787780"},"headline":"Mujer quema a su beb\u00e9 dentro del horno tras confundirlo con una cuna","datePublished":"2024-02-12T12:42:07+00:00","mainEntityOfPage":{"@id":"https:\/\/fuentesfidedignas.com.mx\/index.php\/2024\/02\/12\/mujer-quema-a-su-bebe-dentro-del-horno-tras-confundirlo-con-una-cuna\/"},"wordCount":505,"commentCount":0,"publisher":{"@id":"https:\/\/fuentesfidedignas.com.mx\/#organization"},"image":{"@id":"https:\/\/fuentesfidedignas.com.mx\/index.php\/2024\/02\/12\/mujer-quema-a-su-bebe-dentro-del-horno-tras-confundirlo-con-una-cuna\/#primaryimage"},"thumbnailUrl":"https:\/\/fuentesfidedignas.com.mx\/wp-content\/uploads\/2024\/02\/MUJER_BEBE2.jpg","articleSection":["LAS ASOMBROSAS"],"inLanguage":"es","potentialAction":[{"@type":"CommentAction","name":"Comment","target":["https:\/\/fuentesfidedignas.com.mx\/index.php\/2024\/02\/12\/mujer-quema-a-su-bebe-dentro-del-horno-tras-confundirlo-con-una-cuna\/#respond"]}]},{"@type":"WebPage","@id":"https:\/\/fuentesfidedignas.com.mx\/index.php\/2024\/02\/12\/mujer-quema-a-su-bebe-dentro-del-horno-tras-confundirlo-con-una-cuna\/","url":"https:\/\/fuentesfidedignas.com.mx\/index.php\/2024\/02\/12\/mujer-quema-a-su-bebe-dentro-del-horno-tras-confundirlo-con-una-cuna\/","name":"Mujer quema a su beb\u00e9 dentro del horno tras confundirlo con una cuna - Fuentes Fidedignas","isPartOf":{"@id":"https:\/\/fuentesfidedignas.com.mx\/#website"},"primaryImageOfPage":{"@id":"https:\/\/fuentesfidedignas.com.mx\/index.php\/2024\/02\/12\/mujer-quema-a-su-bebe-dentro-del-horno-tras-confundirlo-con-una-cuna\/#primaryimage"},"image":{"@id":"https:\/\/fuentesfidedignas.com.mx\/index.php\/2024\/02\/12\/mujer-quema-a-su-bebe-dentro-del-horno-tras-confundirlo-con-una-cuna\/#primaryimage"},"thumbnailUrl":"https:\/\/fuentesfidedignas.com.mx\/wp-content\/uploads\/2024\/02\/MUJER_BEBE2.jpg","datePublished":"2024-02-12T12:42:07+00:00","breadcrumb":{"@id":"https:\/\/fuentesfidedignas.com.mx\/index.php\/2024\/02\/12\/mujer-quema-a-su-bebe-dentro-del-horno-tras-confundirlo-con-una-cuna\/#breadcrumb"},"inLanguage":"es","potentialAction":[{"@type":"ReadAction","target":["https:\/\/fuentesfidedignas.com.mx\/index.php\/2024\/02\/12\/mujer-quema-a-su-bebe-dentro-del-horno-tras-confundirlo-con-una-cuna\/"]}]},{"@type":"ImageObject","inLanguage":"es","@id":"https:\/\/fuentesfidedignas.com.mx\/index.php\/2024\/02\/12\/mujer-quema-a-su-bebe-dentro-del-horno-tras-confundirlo-con-una-cuna\/#primaryimage","url":"https:\/\/fuentesfidedignas.com.mx\/wp-content\/uploads\/2024\/02\/MUJER_BEBE2.jpg","contentUrl":"https:\/\/fuentesfidedignas.com.mx\/wp-content\/uploads\/2024\/02\/MUJER_BEBE2.jpg","width":830,"height":623},{"@type":"BreadcrumbList","@id":"https:\/\/fuentesfidedignas.com.mx\/index.php\/2024\/02\/12\/mujer-quema-a-su-bebe-dentro-del-horno-tras-confundirlo-con-una-cuna\/#breadcrumb","itemListElement":[{"@type":"ListItem","position":1,"name":"Inicio","item":"https:\/\/fuentesfidedignas.com.mx\/"},{"@type":"ListItem","position":2,"name":"Mujer quema a su beb\u00e9 dentro del horno tras confundirlo con una cuna"}]},{"@type":"WebSite","@id":"https:\/\/fuentesfidedignas.com.mx\/#website","url":"https:\/\/fuentesfidedignas.com.mx\/","name":"Fuentes Fidedignas","description":"Otro sitio realizado con WordPress","publisher":{"@id":"https:\/\/fuentesfidedignas.com.mx\/#organization"},"potentialAction":[{"@type":"SearchAction","target":{"@type":"EntryPoint","urlTemplate":"https:\/\/fuentesfidedignas.com.mx\/?s={search_term_string}"},"query-input":{"@type":"PropertyValueSpecification","valueRequired":true,"valueName":"search_term_string"}}],"inLanguage":"es"},{"@type":"Organization","@id":"https:\/\/fuentesfidedignas.com.mx\/#organization","name":"Fuentes Fidedignas","url":"https:\/\/fuentesfidedignas.com.mx\/","logo":{"@type":"ImageObject","inLanguage":"es","@id":"https:\/\/fuentesfidedignas.com.mx\/#\/schema\/logo\/image\/","url":"https:\/\/fuentesfidedignas.com.mx\/wp-content\/uploads\/2021\/04\/logo-retina.png","contentUrl":"https:\/\/fuentesfidedignas.com.mx\/wp-content\/uploads\/2021\/04\/logo-retina.png","width":280,"height":51,"caption":"Fuentes Fidedignas"},"image":{"@id":"https:\/\/fuentesfidedignas.com.mx\/#\/schema\/logo\/image\/"},"sameAs":["https:\/\/www.facebook.com\/Fuentes-Fidedignas-368234489921644","https:\/\/x.com\/fidedignas"]},{"@type":"Person","@id":"https:\/\/fuentesfidedignas.com.mx\/#\/schema\/person\/ec4edd1fbf5efa3e44fce34fe2787780","name":"Exc\u00e9lsior","image":{"@type":"ImageObject","inLanguage":"es","@id":"https:\/\/secure.gravatar.com\/avatar\/4b7ee9206b48be08447852b3f0814dbc7c0f3b51541b164f1464a2725614020b?s=96&d=mm&r=g","url":"https:\/\/secure.gravatar.com\/avatar\/4b7ee9206b48be08447852b3f0814dbc7c0f3b51541b164f1464a2725614020b?s=96&d=mm&r=g","contentUrl":"https:\/\/secure.gravatar.com\/avatar\/4b7ee9206b48be08447852b3f0814dbc7c0f3b51541b164f1464a2725614020b?s=96&d=mm&r=g","caption":"Exc\u00e9lsior"},"url":"https:\/\/fuentesfidedignas.com.mx\/index.php\/author\/excelsior\/"}]}},"_links":{"self":[{"href":"https:\/\/fuentesfidedignas.com.mx\/index.php\/wp-json\/wp\/v2\/posts\/73532","targetHints":{"allow":["GET"]}}],"collection":[{"href":"https:\/\/fuentesfidedignas.com.mx\/index.php\/wp-json\/wp\/v2\/posts"}],"about":[{"href":"https:\/\/fuentesfidedignas.com.mx\/index.php\/wp-json\/wp\/v2\/types\/post"}],"author":[{"embeddable":true,"href":"https:\/\/fuentesfidedignas.com.mx\/index.php\/wp-json\/wp\/v2\/users\/7"}],"replies":[{"embeddable":true,"href":"https:\/\/fuentesfidedignas.com.mx\/index.php\/wp-json\/wp\/v2\/comments?post=73532"}],"version-history":[{"count":1,"href":"https:\/\/fuentesfidedignas.com.mx\/index.php\/wp-json\/wp\/v2\/posts\/73532\/revisions"}],"predecessor-version":[{"id":73534,"href":"https:\/\/fuentesfidedignas.com.mx\/index.php\/wp-json\/wp\/v2\/posts\/73532\/revisions\/73534"}],"wp:featuredmedia":[{"embeddable":true,"href":"https:\/\/fuentesfidedignas.com.mx\/index.php\/wp-json\/wp\/v2\/media\/73533"}],"wp:attachment":[{"href":"https:\/\/fuentesfidedignas.com.mx\/index.php\/wp-json\/wp\/v2\/media?parent=73532"}],"wp:term":[{"taxonomy":"category","embeddable":true,"href":"https:\/\/fuentesfidedignas.com.mx\/index.php\/wp-json\/wp\/v2\/categories?post=73532"},{"taxonomy":"post_tag","embeddable":true,"href":"https:\/\/fuentesfidedignas.com.mx\/index.php\/wp-json\/wp\/v2\/tags?post=73532"}],"curies":[{"name":"wp","href":"https:\/\/api.w.org\/{rel}","templated":true}]}}