{"id":73396,"date":"2024-02-09T10:41:35","date_gmt":"2024-02-09T17:41:35","guid":{"rendered":"https:\/\/fuentesfidedignas.com.mx\/?p=73396"},"modified":"2024-02-09T13:17:52","modified_gmt":"2024-02-09T20:17:52","slug":"sentencian-a-antonio-c-por-feminicidio-y-homicidio-cometidos-en-costa-rica","status":"publish","type":"post","link":"https:\/\/fuentesfidedignas.com.mx\/index.php\/2024\/02\/09\/sentencian-a-antonio-c-por-feminicidio-y-homicidio-cometidos-en-costa-rica\/","title":{"rendered":"Sentencian a Antonio por matar a su comadre y ahijados en Costa Rica"},"content":{"rendered":"\n<p><strong><em>El sujeto priv\u00f3 de la vida a quien era su comadre y a los dos hijos de esta, luego de una pelea dom\u00e9stica<\/em><\/strong><\/p>\n\n\n\n<p>Culiac\u00e1n, Sin.- A trav\u00e9s del sistema de justicia tradicional se dict\u00f3 sentencia condenatoria, de 35 a\u00f1os, 6 meses de prisi\u00f3n, a Antonio \u201cC\u201d por el feminicidio de Guillermina Domitila \u201cI\u201d y de la hija e hijo de esta, ambos menores de edad, con resguardo de identidad, en este \u00faltimo por homicidio calificado con premeditaci\u00f3n y ventaja.<\/p>\n\n\n\n<p>El sujeto tambi\u00e9n fue condenado al pago de reparaci\u00f3n del da\u00f1o material por el orden de los 310 mil 582 pesos por conceptos de reparaci\u00f3n del da\u00f1o y da\u00f1o moral por cada uno de los occisos; es decir, Antonio deber\u00e1 cubrir la cantidad de 931 mil 748 pesos, la cual de nueva cuenta fue notificada y apelada en el mismo acto.<\/p>\n\n\n\n<p>Y es que, esta es la cuarta ocasi\u00f3n en que se le dicta sentencia, ya que el acusado ha interpuesto recursos que le permitieron reponer procedimiento e incluso obtuvo un amparo del Tribunal Colegiado de Circuito al alegar tortura.<\/p>\n\n\n\n<p>Sin embargo, en los dos primeros recursos se ratific\u00f3 la primera sentencia de 35 a\u00f1os, 7 meses y 15 d\u00edas; en la tercera apelaci\u00f3n se elev\u00f3 la pena hasta 41 a\u00f1os 4 meses y 24 d\u00edas, misma que tambi\u00e9n fue recurrida por el condenado y esta ultima la penalidad qued\u00f3 casi igual a la primera de 35 a\u00f1os, pero con 6 meses de c\u00e1rcel.<\/p>\n\n\n\n<p>Antonio \u201cC\u201d es responsable de privar de la vida a Guillermina Domitila \u201cI\u201d, y a sus dos hijos menores de edad -una mujer y un hombre- el 23 de junio de 2013 en una parcela cercana a la sindicatura de Costa Rica.<\/p>\n\n\n\n<p>Y es que el hombre se molest\u00f3 con quien era su comadre ya que esta llev\u00f3 a la expareja al lugar donde Antonio se encontraba viviendo con su actual concubina con quien se suscit\u00f3 un pleito f\u00edsico y verbal; esta situaci\u00f3n llev\u00f3 que, Antonio amenazara a su comadre con hacerle da\u00f1o a ella y a sus hijos, de quienes es padrino.<\/p>\n\n\n\n<p>Fue ese mismo d\u00eda 23 de junio, en horas de la noche, cuando el hoy sentenciado le marc\u00f3 por tel\u00e9fono a Guillermina, dici\u00e9ndole que todo era un juego y que no le har\u00eda nada, que solamente quer\u00eda hablar con su exmujer, quien era amiga de la v\u00edctima, pero antes quer\u00eda platicar con ella, por lo que quedaron de verse en el puente de Costa Rica por el lado de Pueblo Nuevo.<\/p>\n\n\n\n<p>Guillermina acept\u00f3 y fue a bordo de una camioneta Jeep Cherokee acompa\u00f1ada de su hija a la cita, y al llegar, este le pidi\u00f3 lo llevara a recoger su veh\u00edculo el cual se encontraba cerca de un invernadero a lo que la mujer accedi\u00f3; fue al llegar al lugar entre las parcelas cuando Antonio baj\u00f3 de la unidad y, con pistola en mano de inmediato dispar\u00f3 contra la mujer y su hija.<\/p>\n\n\n\n<p>No conforme con haber privado de la vida a ambas mujeres, llam\u00f3 al otro hijo de su comadre, un adolescente con quien ten\u00edan relaci\u00f3n de confianza al ser su padrino, quien al recibir la llamada accedi\u00f3 a ir al lugar donde se encontraba, pero al llegar y bajarse de la unidad, recibi\u00f3 tambi\u00e9n un disparo de parte de Antonio.<\/p>\n\n\n\n<p>Una vez cometido el delito, el sentenciado, con la ayuda de otros sujetos subieron al menor a la camioneta Jeep en el maletero, a Guillermina la cambiaron al asiento de atr\u00e1s y a la ni\u00f1a la dejaron en el asiento del copiloto; posteriormente el sentenciado condujo la unidad a un predio enmontado, donde se encontraba una represa hecha de piedra, lugar en el que depositaron los tres cuerpos de las v\u00edctimas, d\u00e1ndose ellos a la fuga.<\/p>\n","protected":false},"excerpt":{"rendered":"<p>El sujeto priv\u00f3 de la vida a quien era su comadre y a los dos hijos de esta, luego de una pelea dom\u00e9stica Culiac\u00e1n, Sin.- A trav\u00e9s del sistema de justicia tradicional se dict\u00f3 sentencia condenatoria, de 35 a\u00f1os, 6 meses de prisi\u00f3n, a Antonio \u201cC\u201d por el feminicidio de Guillermina Domitila \u201cI\u201d y de [&hellip;]<\/p>\n","protected":false},"author":4,"featured_media":52164,"comment_status":"open","ping_status":"open","sticky":false,"template":"","format":"standard","meta":{"tdm_status":"","tdm_grid_status":"","footnotes":""},"categories":[37],"tags":[],"class_list":{"0":"post-73396","1":"post","2":"type-post","3":"status-publish","4":"format-standard","5":"has-post-thumbnail","7":"category-nota-principal"},"yoast_head":"<!-- This site is optimized with the Yoast SEO plugin v27.4 - https:\/\/yoast.com\/product\/yoast-seo-wordpress\/ -->\n<title>Sentencian a Antonio por matar a su comadre y ahijados en Costa Rica - Fuentes Fidedignas<\/title>\n<meta name=\"robots\" content=\"index, follow, max-snippet:-1, max-image-preview:large, max-video-preview:-1\" \/>\n<link rel=\"canonical\" href=\"https:\/\/fuentesfidedignas.com.mx\/index.php\/2024\/02\/09\/sentencian-a-antonio-c-por-feminicidio-y-homicidio-cometidos-en-costa-rica\/\" \/>\n<meta property=\"og:locale\" content=\"es_MX\" \/>\n<meta property=\"og:type\" content=\"article\" \/>\n<meta property=\"og:title\" content=\"Sentencian a Antonio por matar a su comadre y ahijados en Costa Rica - Fuentes Fidedignas\" \/>\n<meta property=\"og:description\" content=\"El sujeto priv\u00f3 de la vida a quien era su comadre y a los dos hijos de esta, luego de una pelea dom\u00e9stica Culiac\u00e1n, Sin.- A trav\u00e9s del sistema de justicia tradicional se dict\u00f3 sentencia condenatoria, de 35 a\u00f1os, 6 meses de prisi\u00f3n, a Antonio \u201cC\u201d por el feminicidio de Guillermina Domitila \u201cI\u201d y de [&hellip;]\" \/>\n<meta property=\"og:url\" content=\"https:\/\/fuentesfidedignas.com.mx\/index.php\/2024\/02\/09\/sentencian-a-antonio-c-por-feminicidio-y-homicidio-cometidos-en-costa-rica\/\" \/>\n<meta property=\"og:site_name\" content=\"Fuentes Fidedignas\" \/>\n<meta property=\"article:publisher\" content=\"https:\/\/www.facebook.com\/Fuentes-Fidedignas-368234489921644\" \/>\n<meta property=\"article:published_time\" content=\"2024-02-09T17:41:35+00:00\" \/>\n<meta property=\"article:modified_time\" content=\"2024-02-09T20:17:52+00:00\" \/>\n<meta property=\"og:image\" content=\"https:\/\/fuentesfidedignas.com.mx\/wp-content\/uploads\/2023\/07\/preventiva.jpg\" \/>\n\t<meta property=\"og:image:width\" content=\"768\" \/>\n\t<meta property=\"og:image:height\" content=\"479\" \/>\n\t<meta property=\"og:image:type\" content=\"image\/jpeg\" \/>\n<meta name=\"author\" content=\"Redacci\u00f3n\" \/>\n<meta name=\"twitter:card\" content=\"summary_large_image\" \/>\n<meta name=\"twitter:creator\" content=\"@fidedignas\" \/>\n<meta name=\"twitter:site\" content=\"@fidedignas\" \/>\n<meta name=\"twitter:label1\" content=\"Escrito por\" \/>\n\t<meta name=\"twitter:data1\" content=\"Redacci\u00f3n\" \/>\n\t<meta name=\"twitter:label2\" content=\"Tiempo de lectura\" \/>\n\t<meta name=\"twitter:data2\" content=\"4 minutos\" \/>\n<script type=\"application\/ld+json\" class=\"yoast-schema-graph\">{\"@context\":\"https:\\\/\\\/schema.org\",\"@graph\":[{\"@type\":\"Article\",\"@id\":\"https:\\\/\\\/fuentesfidedignas.com.mx\\\/index.php\\\/2024\\\/02\\\/09\\\/sentencian-a-antonio-c-por-feminicidio-y-homicidio-cometidos-en-costa-rica\\\/#article\",\"isPartOf\":{\"@id\":\"https:\\\/\\\/fuentesfidedignas.com.mx\\\/index.php\\\/2024\\\/02\\\/09\\\/sentencian-a-antonio-c-por-feminicidio-y-homicidio-cometidos-en-costa-rica\\\/\"},\"author\":{\"name\":\"Redacci\u00f3n\",\"@id\":\"https:\\\/\\\/fuentesfidedignas.com.mx\\\/#\\\/schema\\\/person\\\/331be9283d37198e2acd5750279085b0\"},\"headline\":\"Sentencian a Antonio por matar a su comadre y ahijados en Costa Rica\",\"datePublished\":\"2024-02-09T17:41:35+00:00\",\"dateModified\":\"2024-02-09T20:17:52+00:00\",\"mainEntityOfPage\":{\"@id\":\"https:\\\/\\\/fuentesfidedignas.com.mx\\\/index.php\\\/2024\\\/02\\\/09\\\/sentencian-a-antonio-c-por-feminicidio-y-homicidio-cometidos-en-costa-rica\\\/\"},\"wordCount\":661,\"commentCount\":0,\"publisher\":{\"@id\":\"https:\\\/\\\/fuentesfidedignas.com.mx\\\/#organization\"},\"image\":{\"@id\":\"https:\\\/\\\/fuentesfidedignas.com.mx\\\/index.php\\\/2024\\\/02\\\/09\\\/sentencian-a-antonio-c-por-feminicidio-y-homicidio-cometidos-en-costa-rica\\\/#primaryimage\"},\"thumbnailUrl\":\"https:\\\/\\\/fuentesfidedignas.com.mx\\\/wp-content\\\/uploads\\\/2023\\\/07\\\/preventiva.jpg\",\"articleSection\":[\"NOTA PRINCIPAL\"],\"inLanguage\":\"es\",\"potentialAction\":[{\"@type\":\"CommentAction\",\"name\":\"Comment\",\"target\":[\"https:\\\/\\\/fuentesfidedignas.com.mx\\\/index.php\\\/2024\\\/02\\\/09\\\/sentencian-a-antonio-c-por-feminicidio-y-homicidio-cometidos-en-costa-rica\\\/#respond\"]}]},{\"@type\":\"WebPage\",\"@id\":\"https:\\\/\\\/fuentesfidedignas.com.mx\\\/index.php\\\/2024\\\/02\\\/09\\\/sentencian-a-antonio-c-por-feminicidio-y-homicidio-cometidos-en-costa-rica\\\/\",\"url\":\"https:\\\/\\\/fuentesfidedignas.com.mx\\\/index.php\\\/2024\\\/02\\\/09\\\/sentencian-a-antonio-c-por-feminicidio-y-homicidio-cometidos-en-costa-rica\\\/\",\"name\":\"Sentencian a Antonio por matar a su comadre y ahijados en Costa Rica - Fuentes Fidedignas\",\"isPartOf\":{\"@id\":\"https:\\\/\\\/fuentesfidedignas.com.mx\\\/#website\"},\"primaryImageOfPage\":{\"@id\":\"https:\\\/\\\/fuentesfidedignas.com.mx\\\/index.php\\\/2024\\\/02\\\/09\\\/sentencian-a-antonio-c-por-feminicidio-y-homicidio-cometidos-en-costa-rica\\\/#primaryimage\"},\"image\":{\"@id\":\"https:\\\/\\\/fuentesfidedignas.com.mx\\\/index.php\\\/2024\\\/02\\\/09\\\/sentencian-a-antonio-c-por-feminicidio-y-homicidio-cometidos-en-costa-rica\\\/#primaryimage\"},\"thumbnailUrl\":\"https:\\\/\\\/fuentesfidedignas.com.mx\\\/wp-content\\\/uploads\\\/2023\\\/07\\\/preventiva.jpg\",\"datePublished\":\"2024-02-09T17:41:35+00:00\",\"dateModified\":\"2024-02-09T20:17:52+00:00\",\"breadcrumb\":{\"@id\":\"https:\\\/\\\/fuentesfidedignas.com.mx\\\/index.php\\\/2024\\\/02\\\/09\\\/sentencian-a-antonio-c-por-feminicidio-y-homicidio-cometidos-en-costa-rica\\\/#breadcrumb\"},\"inLanguage\":\"es\",\"potentialAction\":[{\"@type\":\"ReadAction\",\"target\":[\"https:\\\/\\\/fuentesfidedignas.com.mx\\\/index.php\\\/2024\\\/02\\\/09\\\/sentencian-a-antonio-c-por-feminicidio-y-homicidio-cometidos-en-costa-rica\\\/\"]}]},{\"@type\":\"ImageObject\",\"inLanguage\":\"es\",\"@id\":\"https:\\\/\\\/fuentesfidedignas.com.mx\\\/index.php\\\/2024\\\/02\\\/09\\\/sentencian-a-antonio-c-por-feminicidio-y-homicidio-cometidos-en-costa-rica\\\/#primaryimage\",\"url\":\"https:\\\/\\\/fuentesfidedignas.com.mx\\\/wp-content\\\/uploads\\\/2023\\\/07\\\/preventiva.jpg\",\"contentUrl\":\"https:\\\/\\\/fuentesfidedignas.com.mx\\\/wp-content\\\/uploads\\\/2023\\\/07\\\/preventiva.jpg\",\"width\":768,\"height\":479},{\"@type\":\"BreadcrumbList\",\"@id\":\"https:\\\/\\\/fuentesfidedignas.com.mx\\\/index.php\\\/2024\\\/02\\\/09\\\/sentencian-a-antonio-c-por-feminicidio-y-homicidio-cometidos-en-costa-rica\\\/#breadcrumb\",\"itemListElement\":[{\"@type\":\"ListItem\",\"position\":1,\"name\":\"Inicio\",\"item\":\"https:\\\/\\\/fuentesfidedignas.com.mx\\\/\"},{\"@type\":\"ListItem\",\"position\":2,\"name\":\"Sentencian a Antonio por matar a su comadre y ahijados en Costa Rica\"}]},{\"@type\":\"WebSite\",\"@id\":\"https:\\\/\\\/fuentesfidedignas.com.mx\\\/#website\",\"url\":\"https:\\\/\\\/fuentesfidedignas.com.mx\\\/\",\"name\":\"Fuentes Fidedignas\",\"description\":\"Otro sitio realizado con WordPress\",\"publisher\":{\"@id\":\"https:\\\/\\\/fuentesfidedignas.com.mx\\\/#organization\"},\"potentialAction\":[{\"@type\":\"SearchAction\",\"target\":{\"@type\":\"EntryPoint\",\"urlTemplate\":\"https:\\\/\\\/fuentesfidedignas.com.mx\\\/?s={search_term_string}\"},\"query-input\":{\"@type\":\"PropertyValueSpecification\",\"valueRequired\":true,\"valueName\":\"search_term_string\"}}],\"inLanguage\":\"es\"},{\"@type\":\"Organization\",\"@id\":\"https:\\\/\\\/fuentesfidedignas.com.mx\\\/#organization\",\"name\":\"Fuentes Fidedignas\",\"url\":\"https:\\\/\\\/fuentesfidedignas.com.mx\\\/\",\"logo\":{\"@type\":\"ImageObject\",\"inLanguage\":\"es\",\"@id\":\"https:\\\/\\\/fuentesfidedignas.com.mx\\\/#\\\/schema\\\/logo\\\/image\\\/\",\"url\":\"https:\\\/\\\/fuentesfidedignas.com.mx\\\/wp-content\\\/uploads\\\/2021\\\/04\\\/logo-retina.png\",\"contentUrl\":\"https:\\\/\\\/fuentesfidedignas.com.mx\\\/wp-content\\\/uploads\\\/2021\\\/04\\\/logo-retina.png\",\"width\":280,\"height\":51,\"caption\":\"Fuentes Fidedignas\"},\"image\":{\"@id\":\"https:\\\/\\\/fuentesfidedignas.com.mx\\\/#\\\/schema\\\/logo\\\/image\\\/\"},\"sameAs\":[\"https:\\\/\\\/www.facebook.com\\\/Fuentes-Fidedignas-368234489921644\",\"https:\\\/\\\/x.com\\\/fidedignas\"]},{\"@type\":\"Person\",\"@id\":\"https:\\\/\\\/fuentesfidedignas.com.mx\\\/#\\\/schema\\\/person\\\/331be9283d37198e2acd5750279085b0\",\"name\":\"Redacci\u00f3n\",\"image\":{\"@type\":\"ImageObject\",\"inLanguage\":\"es\",\"@id\":\"https:\\\/\\\/secure.gravatar.com\\\/avatar\\\/f6d8782c11d12b2d4ad3fbb6931aeab5309937a4d6cd2fc9cfaa28a6396a5aec?s=96&d=mm&r=g\",\"url\":\"https:\\\/\\\/secure.gravatar.com\\\/avatar\\\/f6d8782c11d12b2d4ad3fbb6931aeab5309937a4d6cd2fc9cfaa28a6396a5aec?s=96&d=mm&r=g\",\"contentUrl\":\"https:\\\/\\\/secure.gravatar.com\\\/avatar\\\/f6d8782c11d12b2d4ad3fbb6931aeab5309937a4d6cd2fc9cfaa28a6396a5aec?s=96&d=mm&r=g\",\"caption\":\"Redacci\u00f3n\"},\"url\":\"https:\\\/\\\/fuentesfidedignas.com.mx\\\/index.php\\\/author\\\/redaccion\\\/\"}]}<\/script>\n<!-- \/ Yoast SEO plugin. -->","yoast_head_json":{"title":"Sentencian a Antonio por matar a su comadre y ahijados en Costa Rica - Fuentes Fidedignas","robots":{"index":"index","follow":"follow","max-snippet":"max-snippet:-1","max-image-preview":"max-image-preview:large","max-video-preview":"max-video-preview:-1"},"canonical":"https:\/\/fuentesfidedignas.com.mx\/index.php\/2024\/02\/09\/sentencian-a-antonio-c-por-feminicidio-y-homicidio-cometidos-en-costa-rica\/","og_locale":"es_MX","og_type":"article","og_title":"Sentencian a Antonio por matar a su comadre y ahijados en Costa Rica - Fuentes Fidedignas","og_description":"El sujeto priv\u00f3 de la vida a quien era su comadre y a los dos hijos de esta, luego de una pelea dom\u00e9stica Culiac\u00e1n, Sin.- A trav\u00e9s del sistema de justicia tradicional se dict\u00f3 sentencia condenatoria, de 35 a\u00f1os, 6 meses de prisi\u00f3n, a Antonio \u201cC\u201d por el feminicidio de Guillermina Domitila \u201cI\u201d y de [&hellip;]","og_url":"https:\/\/fuentesfidedignas.com.mx\/index.php\/2024\/02\/09\/sentencian-a-antonio-c-por-feminicidio-y-homicidio-cometidos-en-costa-rica\/","og_site_name":"Fuentes Fidedignas","article_publisher":"https:\/\/www.facebook.com\/Fuentes-Fidedignas-368234489921644","article_published_time":"2024-02-09T17:41:35+00:00","article_modified_time":"2024-02-09T20:17:52+00:00","og_image":[{"width":768,"height":479,"url":"https:\/\/fuentesfidedignas.com.mx\/wp-content\/uploads\/2023\/07\/preventiva.jpg","type":"image\/jpeg"}],"author":"Redacci\u00f3n","twitter_card":"summary_large_image","twitter_creator":"@fidedignas","twitter_site":"@fidedignas","twitter_misc":{"Escrito por":"Redacci\u00f3n","Tiempo de lectura":"4 minutos"},"schema":{"@context":"https:\/\/schema.org","@graph":[{"@type":"Article","@id":"https:\/\/fuentesfidedignas.com.mx\/index.php\/2024\/02\/09\/sentencian-a-antonio-c-por-feminicidio-y-homicidio-cometidos-en-costa-rica\/#article","isPartOf":{"@id":"https:\/\/fuentesfidedignas.com.mx\/index.php\/2024\/02\/09\/sentencian-a-antonio-c-por-feminicidio-y-homicidio-cometidos-en-costa-rica\/"},"author":{"name":"Redacci\u00f3n","@id":"https:\/\/fuentesfidedignas.com.mx\/#\/schema\/person\/331be9283d37198e2acd5750279085b0"},"headline":"Sentencian a Antonio por matar a su comadre y ahijados en Costa Rica","datePublished":"2024-02-09T17:41:35+00:00","dateModified":"2024-02-09T20:17:52+00:00","mainEntityOfPage":{"@id":"https:\/\/fuentesfidedignas.com.mx\/index.php\/2024\/02\/09\/sentencian-a-antonio-c-por-feminicidio-y-homicidio-cometidos-en-costa-rica\/"},"wordCount":661,"commentCount":0,"publisher":{"@id":"https:\/\/fuentesfidedignas.com.mx\/#organization"},"image":{"@id":"https:\/\/fuentesfidedignas.com.mx\/index.php\/2024\/02\/09\/sentencian-a-antonio-c-por-feminicidio-y-homicidio-cometidos-en-costa-rica\/#primaryimage"},"thumbnailUrl":"https:\/\/fuentesfidedignas.com.mx\/wp-content\/uploads\/2023\/07\/preventiva.jpg","articleSection":["NOTA PRINCIPAL"],"inLanguage":"es","potentialAction":[{"@type":"CommentAction","name":"Comment","target":["https:\/\/fuentesfidedignas.com.mx\/index.php\/2024\/02\/09\/sentencian-a-antonio-c-por-feminicidio-y-homicidio-cometidos-en-costa-rica\/#respond"]}]},{"@type":"WebPage","@id":"https:\/\/fuentesfidedignas.com.mx\/index.php\/2024\/02\/09\/sentencian-a-antonio-c-por-feminicidio-y-homicidio-cometidos-en-costa-rica\/","url":"https:\/\/fuentesfidedignas.com.mx\/index.php\/2024\/02\/09\/sentencian-a-antonio-c-por-feminicidio-y-homicidio-cometidos-en-costa-rica\/","name":"Sentencian a Antonio por matar a su comadre y ahijados en Costa Rica - Fuentes Fidedignas","isPartOf":{"@id":"https:\/\/fuentesfidedignas.com.mx\/#website"},"primaryImageOfPage":{"@id":"https:\/\/fuentesfidedignas.com.mx\/index.php\/2024\/02\/09\/sentencian-a-antonio-c-por-feminicidio-y-homicidio-cometidos-en-costa-rica\/#primaryimage"},"image":{"@id":"https:\/\/fuentesfidedignas.com.mx\/index.php\/2024\/02\/09\/sentencian-a-antonio-c-por-feminicidio-y-homicidio-cometidos-en-costa-rica\/#primaryimage"},"thumbnailUrl":"https:\/\/fuentesfidedignas.com.mx\/wp-content\/uploads\/2023\/07\/preventiva.jpg","datePublished":"2024-02-09T17:41:35+00:00","dateModified":"2024-02-09T20:17:52+00:00","breadcrumb":{"@id":"https:\/\/fuentesfidedignas.com.mx\/index.php\/2024\/02\/09\/sentencian-a-antonio-c-por-feminicidio-y-homicidio-cometidos-en-costa-rica\/#breadcrumb"},"inLanguage":"es","potentialAction":[{"@type":"ReadAction","target":["https:\/\/fuentesfidedignas.com.mx\/index.php\/2024\/02\/09\/sentencian-a-antonio-c-por-feminicidio-y-homicidio-cometidos-en-costa-rica\/"]}]},{"@type":"ImageObject","inLanguage":"es","@id":"https:\/\/fuentesfidedignas.com.mx\/index.php\/2024\/02\/09\/sentencian-a-antonio-c-por-feminicidio-y-homicidio-cometidos-en-costa-rica\/#primaryimage","url":"https:\/\/fuentesfidedignas.com.mx\/wp-content\/uploads\/2023\/07\/preventiva.jpg","contentUrl":"https:\/\/fuentesfidedignas.com.mx\/wp-content\/uploads\/2023\/07\/preventiva.jpg","width":768,"height":479},{"@type":"BreadcrumbList","@id":"https:\/\/fuentesfidedignas.com.mx\/index.php\/2024\/02\/09\/sentencian-a-antonio-c-por-feminicidio-y-homicidio-cometidos-en-costa-rica\/#breadcrumb","itemListElement":[{"@type":"ListItem","position":1,"name":"Inicio","item":"https:\/\/fuentesfidedignas.com.mx\/"},{"@type":"ListItem","position":2,"name":"Sentencian a Antonio por matar a su comadre y ahijados en Costa Rica"}]},{"@type":"WebSite","@id":"https:\/\/fuentesfidedignas.com.mx\/#website","url":"https:\/\/fuentesfidedignas.com.mx\/","name":"Fuentes Fidedignas","description":"Otro sitio realizado con WordPress","publisher":{"@id":"https:\/\/fuentesfidedignas.com.mx\/#organization"},"potentialAction":[{"@type":"SearchAction","target":{"@type":"EntryPoint","urlTemplate":"https:\/\/fuentesfidedignas.com.mx\/?s={search_term_string}"},"query-input":{"@type":"PropertyValueSpecification","valueRequired":true,"valueName":"search_term_string"}}],"inLanguage":"es"},{"@type":"Organization","@id":"https:\/\/fuentesfidedignas.com.mx\/#organization","name":"Fuentes Fidedignas","url":"https:\/\/fuentesfidedignas.com.mx\/","logo":{"@type":"ImageObject","inLanguage":"es","@id":"https:\/\/fuentesfidedignas.com.mx\/#\/schema\/logo\/image\/","url":"https:\/\/fuentesfidedignas.com.mx\/wp-content\/uploads\/2021\/04\/logo-retina.png","contentUrl":"https:\/\/fuentesfidedignas.com.mx\/wp-content\/uploads\/2021\/04\/logo-retina.png","width":280,"height":51,"caption":"Fuentes Fidedignas"},"image":{"@id":"https:\/\/fuentesfidedignas.com.mx\/#\/schema\/logo\/image\/"},"sameAs":["https:\/\/www.facebook.com\/Fuentes-Fidedignas-368234489921644","https:\/\/x.com\/fidedignas"]},{"@type":"Person","@id":"https:\/\/fuentesfidedignas.com.mx\/#\/schema\/person\/331be9283d37198e2acd5750279085b0","name":"Redacci\u00f3n","image":{"@type":"ImageObject","inLanguage":"es","@id":"https:\/\/secure.gravatar.com\/avatar\/f6d8782c11d12b2d4ad3fbb6931aeab5309937a4d6cd2fc9cfaa28a6396a5aec?s=96&d=mm&r=g","url":"https:\/\/secure.gravatar.com\/avatar\/f6d8782c11d12b2d4ad3fbb6931aeab5309937a4d6cd2fc9cfaa28a6396a5aec?s=96&d=mm&r=g","contentUrl":"https:\/\/secure.gravatar.com\/avatar\/f6d8782c11d12b2d4ad3fbb6931aeab5309937a4d6cd2fc9cfaa28a6396a5aec?s=96&d=mm&r=g","caption":"Redacci\u00f3n"},"url":"https:\/\/fuentesfidedignas.com.mx\/index.php\/author\/redaccion\/"}]}},"_links":{"self":[{"href":"https:\/\/fuentesfidedignas.com.mx\/index.php\/wp-json\/wp\/v2\/posts\/73396","targetHints":{"allow":["GET"]}}],"collection":[{"href":"https:\/\/fuentesfidedignas.com.mx\/index.php\/wp-json\/wp\/v2\/posts"}],"about":[{"href":"https:\/\/fuentesfidedignas.com.mx\/index.php\/wp-json\/wp\/v2\/types\/post"}],"author":[{"embeddable":true,"href":"https:\/\/fuentesfidedignas.com.mx\/index.php\/wp-json\/wp\/v2\/users\/4"}],"replies":[{"embeddable":true,"href":"https:\/\/fuentesfidedignas.com.mx\/index.php\/wp-json\/wp\/v2\/comments?post=73396"}],"version-history":[{"count":2,"href":"https:\/\/fuentesfidedignas.com.mx\/index.php\/wp-json\/wp\/v2\/posts\/73396\/revisions"}],"predecessor-version":[{"id":73413,"href":"https:\/\/fuentesfidedignas.com.mx\/index.php\/wp-json\/wp\/v2\/posts\/73396\/revisions\/73413"}],"wp:featuredmedia":[{"embeddable":true,"href":"https:\/\/fuentesfidedignas.com.mx\/index.php\/wp-json\/wp\/v2\/media\/52164"}],"wp:attachment":[{"href":"https:\/\/fuentesfidedignas.com.mx\/index.php\/wp-json\/wp\/v2\/media?parent=73396"}],"wp:term":[{"taxonomy":"category","embeddable":true,"href":"https:\/\/fuentesfidedignas.com.mx\/index.php\/wp-json\/wp\/v2\/categories?post=73396"},{"taxonomy":"post_tag","embeddable":true,"href":"https:\/\/fuentesfidedignas.com.mx\/index.php\/wp-json\/wp\/v2\/tags?post=73396"}],"curies":[{"name":"wp","href":"https:\/\/api.w.org\/{rel}","templated":true}]}}