{"id":73342,"date":"2024-02-09T05:35:36","date_gmt":"2024-02-09T12:35:36","guid":{"rendered":"https:\/\/fuentesfidedignas.com.mx\/?p=73342"},"modified":"2024-02-08T17:36:22","modified_gmt":"2024-02-09T00:36:22","slug":"joven-recupera-su-moto-robada-en-edomex-se-hizo-pasar-por-comprador-de-facebook","status":"publish","type":"post","link":"https:\/\/fuentesfidedignas.com.mx\/index.php\/2024\/02\/09\/joven-recupera-su-moto-robada-en-edomex-se-hizo-pasar-por-comprador-de-facebook\/","title":{"rendered":"Joven recupera su moto robada en Edomex; se hizo pasar por comprador de Facebook"},"content":{"rendered":"\n<p><strong><em>Dos supuestos vendedores citaron al joven en las inmediaciones de la estaci\u00f3n Indios Verdes del Cableb\u00fas para entregarle la motocicleta, la cual reconoci\u00f3 como suya.<\/em><\/strong><\/p>\n\n\n\n<p>Un joven de 25 a\u00f1os fue despojado de su motocicleta en el municipio de Tlalnepantla, en el Estado de M\u00e9xico, y despu\u00e9s dos hombres&nbsp;intentaron vend\u00e9rsela&nbsp;por Facebook&nbsp;cit\u00e1ndolo en calles de la&nbsp;alcald\u00eda Gustavo A. Madero.<\/p>\n\n\n\n<p>Luego del robo, la v\u00edctima se percat\u00f3 que su motocicleta hab\u00eda sido puesta en venta a trav\u00e9s de dicha red social, por lo que contact\u00f3 a\u00a0los supuestos vendedores, quienes lo citaron en las inmediaciones de la estaci\u00f3n Indios Verdes del Cableb\u00fas.\u00a0<\/p>\n\n\n\n<p>Ah\u00ed, el joven revis\u00f3 la unidad y se percat\u00f3 que era la misma motocicleta que le hab\u00edan robado, por lo que solicit\u00f3 el apoyo de polic\u00edas de la Secretar\u00eda de Seguridad Ciudadana (SSC) de la Ciudad de M\u00e9xico.<\/p>\n\n\n\n<p>Operadores del Centro de Comando y Control (C2) Norte notificaron a los oficiales de la denuncia ciudadana y estos acudieron a la calzada Ticom\u00e1n y su esquina con la calle Pernambuco, en la colonia San Pedro Zacatenco, donde estaba el joven.<\/p>\n\n\n\n<p>El denunciante refiri\u00f3 que le robaron su motocicleta negra con azul en el municipio de Tlalnepantla y posteriormente la vio anunciada para su venta a trav\u00e9s de Facebook.<\/p>\n\n\n\n<p>Los dos supuestos vendedores identificados como&nbsp;Brandon &#8220;N&#8221;, de 19 a\u00f1os y&nbsp;Geovany &#8220;N&#8221;, de 18 a\u00f1os, quienes&nbsp;no acreditaron la legal propiedad de la motocicleta.<\/p>\n\n\n\n<p>Ante ello fueron detenidos y presentados junto con la motocicleta ante el agente del Ministerio P\u00fablico correspondiente, quien determinar\u00e1 su situaci\u00f3n jur\u00eddica.<\/p>\n\n\n\n<p><\/p>\n","protected":false},"excerpt":{"rendered":"<p>Dos supuestos vendedores citaron al joven en las inmediaciones de la estaci\u00f3n Indios Verdes del Cableb\u00fas para entregarle la motocicleta, la cual reconoci\u00f3 como suya. Un joven de 25 a\u00f1os fue despojado de su motocicleta en el municipio de Tlalnepantla, en el Estado de M\u00e9xico, y despu\u00e9s dos hombres&nbsp;intentaron vend\u00e9rsela&nbsp;por Facebook&nbsp;cit\u00e1ndolo en calles de la&nbsp;alcald\u00eda [&hellip;]<\/p>\n","protected":false},"author":9,"featured_media":73343,"comment_status":"open","ping_status":"open","sticky":false,"template":"","format":"standard","meta":{"tdm_status":"","tdm_grid_status":"","footnotes":""},"categories":[40],"tags":[],"class_list":{"0":"post-73342","1":"post","2":"type-post","3":"status-publish","4":"format-standard","5":"has-post-thumbnail","7":"category-las-asombrosas"},"yoast_head":"<!-- This site is optimized with the Yoast SEO plugin v27.5 - https:\/\/yoast.com\/product\/yoast-seo-wordpress\/ -->\n<title>Joven recupera su moto robada en Edomex; se hizo pasar por comprador de Facebook - Fuentes Fidedignas<\/title>\n<meta name=\"robots\" content=\"index, follow, max-snippet:-1, max-image-preview:large, max-video-preview:-1\" \/>\n<link rel=\"canonical\" href=\"https:\/\/fuentesfidedignas.com.mx\/index.php\/2024\/02\/09\/joven-recupera-su-moto-robada-en-edomex-se-hizo-pasar-por-comprador-de-facebook\/\" \/>\n<meta property=\"og:locale\" content=\"es_MX\" \/>\n<meta property=\"og:type\" content=\"article\" \/>\n<meta property=\"og:title\" content=\"Joven recupera su moto robada en Edomex; se hizo pasar por comprador de Facebook - Fuentes Fidedignas\" \/>\n<meta property=\"og:description\" content=\"Dos supuestos vendedores citaron al joven en las inmediaciones de la estaci\u00f3n Indios Verdes del Cableb\u00fas para entregarle la motocicleta, la cual reconoci\u00f3 como suya. Un joven de 25 a\u00f1os fue despojado de su motocicleta en el municipio de Tlalnepantla, en el Estado de M\u00e9xico, y despu\u00e9s dos hombres&nbsp;intentaron vend\u00e9rsela&nbsp;por Facebook&nbsp;cit\u00e1ndolo en calles de la&nbsp;alcald\u00eda [&hellip;]\" \/>\n<meta property=\"og:url\" content=\"https:\/\/fuentesfidedignas.com.mx\/index.php\/2024\/02\/09\/joven-recupera-su-moto-robada-en-edomex-se-hizo-pasar-por-comprador-de-facebook\/\" \/>\n<meta property=\"og:site_name\" content=\"Fuentes Fidedignas\" \/>\n<meta property=\"article:publisher\" content=\"https:\/\/www.facebook.com\/Fuentes-Fidedignas-368234489921644\" \/>\n<meta property=\"article:published_time\" content=\"2024-02-09T12:35:36+00:00\" \/>\n<meta property=\"og:image\" content=\"https:\/\/fuentesfidedignas.com.mx\/wp-content\/uploads\/2024\/02\/ROBA_MOTAS.jpg\" \/>\n\t<meta property=\"og:image:width\" content=\"929\" \/>\n\t<meta property=\"og:image:height\" content=\"519\" \/>\n\t<meta property=\"og:image:type\" content=\"image\/jpeg\" \/>\n<meta name=\"author\" content=\"Milenio\" \/>\n<meta name=\"twitter:card\" content=\"summary_large_image\" \/>\n<meta name=\"twitter:creator\" content=\"@fidedignas\" \/>\n<meta name=\"twitter:site\" content=\"@fidedignas\" \/>\n<meta name=\"twitter:label1\" content=\"Escrito por\" \/>\n\t<meta name=\"twitter:data1\" content=\"Milenio\" \/>\n\t<meta name=\"twitter:label2\" content=\"Tiempo de lectura\" \/>\n\t<meta name=\"twitter:data2\" content=\"2 minutos\" \/>\n<script type=\"application\/ld+json\" class=\"yoast-schema-graph\">{\"@context\":\"https:\\\/\\\/schema.org\",\"@graph\":[{\"@type\":\"Article\",\"@id\":\"https:\\\/\\\/fuentesfidedignas.com.mx\\\/index.php\\\/2024\\\/02\\\/09\\\/joven-recupera-su-moto-robada-en-edomex-se-hizo-pasar-por-comprador-de-facebook\\\/#article\",\"isPartOf\":{\"@id\":\"https:\\\/\\\/fuentesfidedignas.com.mx\\\/index.php\\\/2024\\\/02\\\/09\\\/joven-recupera-su-moto-robada-en-edomex-se-hizo-pasar-por-comprador-de-facebook\\\/\"},\"author\":{\"name\":\"Milenio\",\"@id\":\"https:\\\/\\\/fuentesfidedignas.com.mx\\\/#\\\/schema\\\/person\\\/47ec0135738f4b0c7495f06a77a2c976\"},\"headline\":\"Joven recupera su moto robada en Edomex; se hizo pasar por comprador de Facebook\",\"datePublished\":\"2024-02-09T12:35:36+00:00\",\"mainEntityOfPage\":{\"@id\":\"https:\\\/\\\/fuentesfidedignas.com.mx\\\/index.php\\\/2024\\\/02\\\/09\\\/joven-recupera-su-moto-robada-en-edomex-se-hizo-pasar-por-comprador-de-facebook\\\/\"},\"wordCount\":301,\"commentCount\":0,\"publisher\":{\"@id\":\"https:\\\/\\\/fuentesfidedignas.com.mx\\\/#organization\"},\"image\":{\"@id\":\"https:\\\/\\\/fuentesfidedignas.com.mx\\\/index.php\\\/2024\\\/02\\\/09\\\/joven-recupera-su-moto-robada-en-edomex-se-hizo-pasar-por-comprador-de-facebook\\\/#primaryimage\"},\"thumbnailUrl\":\"https:\\\/\\\/fuentesfidedignas.com.mx\\\/wp-content\\\/uploads\\\/2024\\\/02\\\/ROBA_MOTAS.jpg\",\"articleSection\":[\"LAS ASOMBROSAS\"],\"inLanguage\":\"es\",\"potentialAction\":[{\"@type\":\"CommentAction\",\"name\":\"Comment\",\"target\":[\"https:\\\/\\\/fuentesfidedignas.com.mx\\\/index.php\\\/2024\\\/02\\\/09\\\/joven-recupera-su-moto-robada-en-edomex-se-hizo-pasar-por-comprador-de-facebook\\\/#respond\"]}]},{\"@type\":\"WebPage\",\"@id\":\"https:\\\/\\\/fuentesfidedignas.com.mx\\\/index.php\\\/2024\\\/02\\\/09\\\/joven-recupera-su-moto-robada-en-edomex-se-hizo-pasar-por-comprador-de-facebook\\\/\",\"url\":\"https:\\\/\\\/fuentesfidedignas.com.mx\\\/index.php\\\/2024\\\/02\\\/09\\\/joven-recupera-su-moto-robada-en-edomex-se-hizo-pasar-por-comprador-de-facebook\\\/\",\"name\":\"Joven recupera su moto robada en Edomex; se hizo pasar por comprador de Facebook - Fuentes Fidedignas\",\"isPartOf\":{\"@id\":\"https:\\\/\\\/fuentesfidedignas.com.mx\\\/#website\"},\"primaryImageOfPage\":{\"@id\":\"https:\\\/\\\/fuentesfidedignas.com.mx\\\/index.php\\\/2024\\\/02\\\/09\\\/joven-recupera-su-moto-robada-en-edomex-se-hizo-pasar-por-comprador-de-facebook\\\/#primaryimage\"},\"image\":{\"@id\":\"https:\\\/\\\/fuentesfidedignas.com.mx\\\/index.php\\\/2024\\\/02\\\/09\\\/joven-recupera-su-moto-robada-en-edomex-se-hizo-pasar-por-comprador-de-facebook\\\/#primaryimage\"},\"thumbnailUrl\":\"https:\\\/\\\/fuentesfidedignas.com.mx\\\/wp-content\\\/uploads\\\/2024\\\/02\\\/ROBA_MOTAS.jpg\",\"datePublished\":\"2024-02-09T12:35:36+00:00\",\"breadcrumb\":{\"@id\":\"https:\\\/\\\/fuentesfidedignas.com.mx\\\/index.php\\\/2024\\\/02\\\/09\\\/joven-recupera-su-moto-robada-en-edomex-se-hizo-pasar-por-comprador-de-facebook\\\/#breadcrumb\"},\"inLanguage\":\"es\",\"potentialAction\":[{\"@type\":\"ReadAction\",\"target\":[\"https:\\\/\\\/fuentesfidedignas.com.mx\\\/index.php\\\/2024\\\/02\\\/09\\\/joven-recupera-su-moto-robada-en-edomex-se-hizo-pasar-por-comprador-de-facebook\\\/\"]}]},{\"@type\":\"ImageObject\",\"inLanguage\":\"es\",\"@id\":\"https:\\\/\\\/fuentesfidedignas.com.mx\\\/index.php\\\/2024\\\/02\\\/09\\\/joven-recupera-su-moto-robada-en-edomex-se-hizo-pasar-por-comprador-de-facebook\\\/#primaryimage\",\"url\":\"https:\\\/\\\/fuentesfidedignas.com.mx\\\/wp-content\\\/uploads\\\/2024\\\/02\\\/ROBA_MOTAS.jpg\",\"contentUrl\":\"https:\\\/\\\/fuentesfidedignas.com.mx\\\/wp-content\\\/uploads\\\/2024\\\/02\\\/ROBA_MOTAS.jpg\",\"width\":929,\"height\":519},{\"@type\":\"BreadcrumbList\",\"@id\":\"https:\\\/\\\/fuentesfidedignas.com.mx\\\/index.php\\\/2024\\\/02\\\/09\\\/joven-recupera-su-moto-robada-en-edomex-se-hizo-pasar-por-comprador-de-facebook\\\/#breadcrumb\",\"itemListElement\":[{\"@type\":\"ListItem\",\"position\":1,\"name\":\"Inicio\",\"item\":\"https:\\\/\\\/fuentesfidedignas.com.mx\\\/\"},{\"@type\":\"ListItem\",\"position\":2,\"name\":\"Joven recupera su moto robada en Edomex; se hizo pasar por comprador de Facebook\"}]},{\"@type\":\"WebSite\",\"@id\":\"https:\\\/\\\/fuentesfidedignas.com.mx\\\/#website\",\"url\":\"https:\\\/\\\/fuentesfidedignas.com.mx\\\/\",\"name\":\"Fuentes Fidedignas\",\"description\":\"Otro sitio realizado con WordPress\",\"publisher\":{\"@id\":\"https:\\\/\\\/fuentesfidedignas.com.mx\\\/#organization\"},\"potentialAction\":[{\"@type\":\"SearchAction\",\"target\":{\"@type\":\"EntryPoint\",\"urlTemplate\":\"https:\\\/\\\/fuentesfidedignas.com.mx\\\/?s={search_term_string}\"},\"query-input\":{\"@type\":\"PropertyValueSpecification\",\"valueRequired\":true,\"valueName\":\"search_term_string\"}}],\"inLanguage\":\"es\"},{\"@type\":\"Organization\",\"@id\":\"https:\\\/\\\/fuentesfidedignas.com.mx\\\/#organization\",\"name\":\"Fuentes Fidedignas\",\"url\":\"https:\\\/\\\/fuentesfidedignas.com.mx\\\/\",\"logo\":{\"@type\":\"ImageObject\",\"inLanguage\":\"es\",\"@id\":\"https:\\\/\\\/fuentesfidedignas.com.mx\\\/#\\\/schema\\\/logo\\\/image\\\/\",\"url\":\"https:\\\/\\\/fuentesfidedignas.com.mx\\\/wp-content\\\/uploads\\\/2021\\\/04\\\/logo-retina.png\",\"contentUrl\":\"https:\\\/\\\/fuentesfidedignas.com.mx\\\/wp-content\\\/uploads\\\/2021\\\/04\\\/logo-retina.png\",\"width\":280,\"height\":51,\"caption\":\"Fuentes Fidedignas\"},\"image\":{\"@id\":\"https:\\\/\\\/fuentesfidedignas.com.mx\\\/#\\\/schema\\\/logo\\\/image\\\/\"},\"sameAs\":[\"https:\\\/\\\/www.facebook.com\\\/Fuentes-Fidedignas-368234489921644\",\"https:\\\/\\\/x.com\\\/fidedignas\"]},{\"@type\":\"Person\",\"@id\":\"https:\\\/\\\/fuentesfidedignas.com.mx\\\/#\\\/schema\\\/person\\\/47ec0135738f4b0c7495f06a77a2c976\",\"name\":\"Milenio\",\"image\":{\"@type\":\"ImageObject\",\"inLanguage\":\"es\",\"@id\":\"https:\\\/\\\/secure.gravatar.com\\\/avatar\\\/acabf7b54753e51c2c76457954577c236b3b764789b19879565769739d1e4a75?s=96&d=mm&r=g\",\"url\":\"https:\\\/\\\/secure.gravatar.com\\\/avatar\\\/acabf7b54753e51c2c76457954577c236b3b764789b19879565769739d1e4a75?s=96&d=mm&r=g\",\"contentUrl\":\"https:\\\/\\\/secure.gravatar.com\\\/avatar\\\/acabf7b54753e51c2c76457954577c236b3b764789b19879565769739d1e4a75?s=96&d=mm&r=g\",\"caption\":\"Milenio\"},\"url\":\"https:\\\/\\\/fuentesfidedignas.com.mx\\\/index.php\\\/author\\\/milenio\\\/\"}]}<\/script>\n<!-- \/ Yoast SEO plugin. -->","yoast_head_json":{"title":"Joven recupera su moto robada en Edomex; se hizo pasar por comprador de Facebook - Fuentes Fidedignas","robots":{"index":"index","follow":"follow","max-snippet":"max-snippet:-1","max-image-preview":"max-image-preview:large","max-video-preview":"max-video-preview:-1"},"canonical":"https:\/\/fuentesfidedignas.com.mx\/index.php\/2024\/02\/09\/joven-recupera-su-moto-robada-en-edomex-se-hizo-pasar-por-comprador-de-facebook\/","og_locale":"es_MX","og_type":"article","og_title":"Joven recupera su moto robada en Edomex; se hizo pasar por comprador de Facebook - Fuentes Fidedignas","og_description":"Dos supuestos vendedores citaron al joven en las inmediaciones de la estaci\u00f3n Indios Verdes del Cableb\u00fas para entregarle la motocicleta, la cual reconoci\u00f3 como suya. Un joven de 25 a\u00f1os fue despojado de su motocicleta en el municipio de Tlalnepantla, en el Estado de M\u00e9xico, y despu\u00e9s dos hombres&nbsp;intentaron vend\u00e9rsela&nbsp;por Facebook&nbsp;cit\u00e1ndolo en calles de la&nbsp;alcald\u00eda [&hellip;]","og_url":"https:\/\/fuentesfidedignas.com.mx\/index.php\/2024\/02\/09\/joven-recupera-su-moto-robada-en-edomex-se-hizo-pasar-por-comprador-de-facebook\/","og_site_name":"Fuentes Fidedignas","article_publisher":"https:\/\/www.facebook.com\/Fuentes-Fidedignas-368234489921644","article_published_time":"2024-02-09T12:35:36+00:00","og_image":[{"width":929,"height":519,"url":"https:\/\/fuentesfidedignas.com.mx\/wp-content\/uploads\/2024\/02\/ROBA_MOTAS.jpg","type":"image\/jpeg"}],"author":"Milenio","twitter_card":"summary_large_image","twitter_creator":"@fidedignas","twitter_site":"@fidedignas","twitter_misc":{"Escrito por":"Milenio","Tiempo de lectura":"2 minutos"},"schema":{"@context":"https:\/\/schema.org","@graph":[{"@type":"Article","@id":"https:\/\/fuentesfidedignas.com.mx\/index.php\/2024\/02\/09\/joven-recupera-su-moto-robada-en-edomex-se-hizo-pasar-por-comprador-de-facebook\/#article","isPartOf":{"@id":"https:\/\/fuentesfidedignas.com.mx\/index.php\/2024\/02\/09\/joven-recupera-su-moto-robada-en-edomex-se-hizo-pasar-por-comprador-de-facebook\/"},"author":{"name":"Milenio","@id":"https:\/\/fuentesfidedignas.com.mx\/#\/schema\/person\/47ec0135738f4b0c7495f06a77a2c976"},"headline":"Joven recupera su moto robada en Edomex; se hizo pasar por comprador de Facebook","datePublished":"2024-02-09T12:35:36+00:00","mainEntityOfPage":{"@id":"https:\/\/fuentesfidedignas.com.mx\/index.php\/2024\/02\/09\/joven-recupera-su-moto-robada-en-edomex-se-hizo-pasar-por-comprador-de-facebook\/"},"wordCount":301,"commentCount":0,"publisher":{"@id":"https:\/\/fuentesfidedignas.com.mx\/#organization"},"image":{"@id":"https:\/\/fuentesfidedignas.com.mx\/index.php\/2024\/02\/09\/joven-recupera-su-moto-robada-en-edomex-se-hizo-pasar-por-comprador-de-facebook\/#primaryimage"},"thumbnailUrl":"https:\/\/fuentesfidedignas.com.mx\/wp-content\/uploads\/2024\/02\/ROBA_MOTAS.jpg","articleSection":["LAS ASOMBROSAS"],"inLanguage":"es","potentialAction":[{"@type":"CommentAction","name":"Comment","target":["https:\/\/fuentesfidedignas.com.mx\/index.php\/2024\/02\/09\/joven-recupera-su-moto-robada-en-edomex-se-hizo-pasar-por-comprador-de-facebook\/#respond"]}]},{"@type":"WebPage","@id":"https:\/\/fuentesfidedignas.com.mx\/index.php\/2024\/02\/09\/joven-recupera-su-moto-robada-en-edomex-se-hizo-pasar-por-comprador-de-facebook\/","url":"https:\/\/fuentesfidedignas.com.mx\/index.php\/2024\/02\/09\/joven-recupera-su-moto-robada-en-edomex-se-hizo-pasar-por-comprador-de-facebook\/","name":"Joven recupera su moto robada en Edomex; se hizo pasar por comprador de Facebook - Fuentes Fidedignas","isPartOf":{"@id":"https:\/\/fuentesfidedignas.com.mx\/#website"},"primaryImageOfPage":{"@id":"https:\/\/fuentesfidedignas.com.mx\/index.php\/2024\/02\/09\/joven-recupera-su-moto-robada-en-edomex-se-hizo-pasar-por-comprador-de-facebook\/#primaryimage"},"image":{"@id":"https:\/\/fuentesfidedignas.com.mx\/index.php\/2024\/02\/09\/joven-recupera-su-moto-robada-en-edomex-se-hizo-pasar-por-comprador-de-facebook\/#primaryimage"},"thumbnailUrl":"https:\/\/fuentesfidedignas.com.mx\/wp-content\/uploads\/2024\/02\/ROBA_MOTAS.jpg","datePublished":"2024-02-09T12:35:36+00:00","breadcrumb":{"@id":"https:\/\/fuentesfidedignas.com.mx\/index.php\/2024\/02\/09\/joven-recupera-su-moto-robada-en-edomex-se-hizo-pasar-por-comprador-de-facebook\/#breadcrumb"},"inLanguage":"es","potentialAction":[{"@type":"ReadAction","target":["https:\/\/fuentesfidedignas.com.mx\/index.php\/2024\/02\/09\/joven-recupera-su-moto-robada-en-edomex-se-hizo-pasar-por-comprador-de-facebook\/"]}]},{"@type":"ImageObject","inLanguage":"es","@id":"https:\/\/fuentesfidedignas.com.mx\/index.php\/2024\/02\/09\/joven-recupera-su-moto-robada-en-edomex-se-hizo-pasar-por-comprador-de-facebook\/#primaryimage","url":"https:\/\/fuentesfidedignas.com.mx\/wp-content\/uploads\/2024\/02\/ROBA_MOTAS.jpg","contentUrl":"https:\/\/fuentesfidedignas.com.mx\/wp-content\/uploads\/2024\/02\/ROBA_MOTAS.jpg","width":929,"height":519},{"@type":"BreadcrumbList","@id":"https:\/\/fuentesfidedignas.com.mx\/index.php\/2024\/02\/09\/joven-recupera-su-moto-robada-en-edomex-se-hizo-pasar-por-comprador-de-facebook\/#breadcrumb","itemListElement":[{"@type":"ListItem","position":1,"name":"Inicio","item":"https:\/\/fuentesfidedignas.com.mx\/"},{"@type":"ListItem","position":2,"name":"Joven recupera su moto robada en Edomex; se hizo pasar por comprador de Facebook"}]},{"@type":"WebSite","@id":"https:\/\/fuentesfidedignas.com.mx\/#website","url":"https:\/\/fuentesfidedignas.com.mx\/","name":"Fuentes Fidedignas","description":"Otro sitio realizado con WordPress","publisher":{"@id":"https:\/\/fuentesfidedignas.com.mx\/#organization"},"potentialAction":[{"@type":"SearchAction","target":{"@type":"EntryPoint","urlTemplate":"https:\/\/fuentesfidedignas.com.mx\/?s={search_term_string}"},"query-input":{"@type":"PropertyValueSpecification","valueRequired":true,"valueName":"search_term_string"}}],"inLanguage":"es"},{"@type":"Organization","@id":"https:\/\/fuentesfidedignas.com.mx\/#organization","name":"Fuentes Fidedignas","url":"https:\/\/fuentesfidedignas.com.mx\/","logo":{"@type":"ImageObject","inLanguage":"es","@id":"https:\/\/fuentesfidedignas.com.mx\/#\/schema\/logo\/image\/","url":"https:\/\/fuentesfidedignas.com.mx\/wp-content\/uploads\/2021\/04\/logo-retina.png","contentUrl":"https:\/\/fuentesfidedignas.com.mx\/wp-content\/uploads\/2021\/04\/logo-retina.png","width":280,"height":51,"caption":"Fuentes Fidedignas"},"image":{"@id":"https:\/\/fuentesfidedignas.com.mx\/#\/schema\/logo\/image\/"},"sameAs":["https:\/\/www.facebook.com\/Fuentes-Fidedignas-368234489921644","https:\/\/x.com\/fidedignas"]},{"@type":"Person","@id":"https:\/\/fuentesfidedignas.com.mx\/#\/schema\/person\/47ec0135738f4b0c7495f06a77a2c976","name":"Milenio","image":{"@type":"ImageObject","inLanguage":"es","@id":"https:\/\/secure.gravatar.com\/avatar\/acabf7b54753e51c2c76457954577c236b3b764789b19879565769739d1e4a75?s=96&d=mm&r=g","url":"https:\/\/secure.gravatar.com\/avatar\/acabf7b54753e51c2c76457954577c236b3b764789b19879565769739d1e4a75?s=96&d=mm&r=g","contentUrl":"https:\/\/secure.gravatar.com\/avatar\/acabf7b54753e51c2c76457954577c236b3b764789b19879565769739d1e4a75?s=96&d=mm&r=g","caption":"Milenio"},"url":"https:\/\/fuentesfidedignas.com.mx\/index.php\/author\/milenio\/"}]}},"_links":{"self":[{"href":"https:\/\/fuentesfidedignas.com.mx\/index.php\/wp-json\/wp\/v2\/posts\/73342","targetHints":{"allow":["GET"]}}],"collection":[{"href":"https:\/\/fuentesfidedignas.com.mx\/index.php\/wp-json\/wp\/v2\/posts"}],"about":[{"href":"https:\/\/fuentesfidedignas.com.mx\/index.php\/wp-json\/wp\/v2\/types\/post"}],"author":[{"embeddable":true,"href":"https:\/\/fuentesfidedignas.com.mx\/index.php\/wp-json\/wp\/v2\/users\/9"}],"replies":[{"embeddable":true,"href":"https:\/\/fuentesfidedignas.com.mx\/index.php\/wp-json\/wp\/v2\/comments?post=73342"}],"version-history":[{"count":1,"href":"https:\/\/fuentesfidedignas.com.mx\/index.php\/wp-json\/wp\/v2\/posts\/73342\/revisions"}],"predecessor-version":[{"id":73344,"href":"https:\/\/fuentesfidedignas.com.mx\/index.php\/wp-json\/wp\/v2\/posts\/73342\/revisions\/73344"}],"wp:featuredmedia":[{"embeddable":true,"href":"https:\/\/fuentesfidedignas.com.mx\/index.php\/wp-json\/wp\/v2\/media\/73343"}],"wp:attachment":[{"href":"https:\/\/fuentesfidedignas.com.mx\/index.php\/wp-json\/wp\/v2\/media?parent=73342"}],"wp:term":[{"taxonomy":"category","embeddable":true,"href":"https:\/\/fuentesfidedignas.com.mx\/index.php\/wp-json\/wp\/v2\/categories?post=73342"},{"taxonomy":"post_tag","embeddable":true,"href":"https:\/\/fuentesfidedignas.com.mx\/index.php\/wp-json\/wp\/v2\/tags?post=73342"}],"curies":[{"name":"wp","href":"https:\/\/api.w.org\/{rel}","templated":true}]}}