{"id":73339,"date":"2024-02-09T05:25:20","date_gmt":"2024-02-09T12:25:20","guid":{"rendered":"https:\/\/fuentesfidedignas.com.mx\/?p=73339"},"modified":"2024-02-08T17:26:33","modified_gmt":"2024-02-09T00:26:33","slug":"son-emblematicas-medallas-olimpicas-tendran-un-pedazo-de-la-torre-eiffel","status":"publish","type":"post","link":"https:\/\/fuentesfidedignas.com.mx\/index.php\/2024\/02\/09\/son-emblematicas-medallas-olimpicas-tendran-un-pedazo-de-la-torre-eiffel\/","title":{"rendered":"\u00a1Son emblem\u00e1ticas! Medallas ol\u00edmpicas tendr\u00e1n un pedazo de la torre Eiffel"},"content":{"rendered":"\n<p><strong><em>Las medallas de los Juegos Ol\u00edmpicos y Paral\u00edmpicos de Par\u00eds 2024 contendr\u00e1n un fragmento de la torre Eiffel<\/em><\/strong><\/p>\n\n\n\n<p>De oro, de plata, bronce, las medallas de los Juegos Ol\u00edmpicos y Paral\u00edmpicos de Par\u00eds presentadas el jueves, ser\u00e1n tambi\u00e9n &#8220;de torre Eiffel&#8221;, con un pedazo hexagonal de la &#8216;Dama de Hierro&#8217; engastado en cada una de las 5 mil 84 condecoraciones.<\/p>\n\n\n\n<p>La cara de las medallas est\u00e1 decorada con un hex\u00e1gono de hierro procedente de la torre Eiffel y con el logo de Par\u00eds 2024, del que emanan rayos grabados en el metal de la medalla.<\/p>\n\n\n\n<p>En el reverso, el Comit\u00e9 Ol\u00edmpico Internacional (COI) impone la representaci\u00f3n de la diosa griega de la victoria Nik\u00e9, del Estadio Panathinaik\u00f3 y del Acr\u00f3polis, pero Par\u00eds 2024 ha obtenido la autorizaci\u00f3n excepcional para a\u00f1adir el dibujo de la torre Eiffel.<\/p>\n\n\n\n<p>La disciplina por la que se entrega la medalla aparece inscrita en el canto de la medalla.<\/p>\n\n\n\n<p>Para las medallas paral\u00edmpicas no se imponen las figuras en el env\u00e9s de la medalla, por lo que el dibujo ser\u00e1 una vista inferior de la torre Eiffel, con la inscripci\u00f3n Par\u00eds 2024 en braile universal.<\/p>\n\n\n\n<p>El presidente del Comit\u00e9 de Organizaci\u00f3n de los Juegos Ol\u00edmpicos (COJO), Tony Estanguet, explic\u00f3 al desvelar las medallas que la idea de la torre Eiffel &#8220;fue recibida con consenso y nos gust\u00f3&#8221;. Tambi\u00e9n agradeci\u00f3 a la alcaldesa de Par\u00eds y a la sociedad de la torre Eiffel por haber informado al COJO que &#8220;quedaban partes inutilizadas de la torre Eiffel&#8221;.<\/p>\n\n\n\n<p>&#8220;Llevarse una medalla es llevarse un pedazo de historia, pero ahora llevarse esta medalla ol\u00edmpica es tambi\u00e9n llevarse un pedazo de Francia, un fragmento de nuestro patrimonio&#8221;, declar\u00f3 entusiasmado ante la prensa Martin Fourcade, presidente de la comisi\u00f3n de atletas del COJO y campe\u00f3n ol\u00edmpico.<\/p>\n\n\n\n<p>Los 18 gramos de torre Eiffel engastados en cada medalla han sido extra\u00eddos de las piezas de la &#8216;Dama de Hierro&#8217; procedentes de las renovaciones del monumento y que han sido guardadas bajo alto secreto en hangares de las afueras parisinas.<\/p>\n\n\n\n<p>&#8220;Es un d\u00eda hist\u00f3rico, un proyecto \u00fanico y la representaci\u00f3n perfecta de la ambici\u00f3n que hemos puesto a este patrocinio&#8221;, declar\u00f3 Antoine Arnault, vicepresidente del consejo de administraci\u00f3n del holding Christian Dior SE, que controla LVMH.<\/p>\n\n\n\n<p>Ese grupo de lujo anunci\u00f3 su patrocinio a los Juegos Ol\u00edmpicos el pasado verano boreal. La joyer\u00eda Chaumet, propiedad de LVMH, fue la encargada de dise\u00f1ar estas medallas, que ser\u00e1n fabricadas por la instituci\u00f3n monetaria nacional Monnaie de Par\u00eds.<\/p>\n\n\n\n<p>Cada una tendr\u00e1 85 mm de di\u00e1metro, 9.2 mm de espesor y pesos diferentes: 529 gramos para la medalla de oro, 525 gramos para la de plata y 455 gramos para la de bronce.<\/p>\n\n\n\n<p>El peso, tama\u00f1o, forma, las representaciones en el rev\u00e9s de las medallas o la prohibici\u00f3n de perforar el objeto son condiciones impuestas por el COI.<\/p>\n\n\n\n<p>&#8220;Eso nos limita en el proceso creativo, pero es lo que lo hace divertido&#8221;, explica Beno\u00eet Verhulle, jefe del taller. La creaci\u00f3n fue realizada en el m\u00e1s alto secreto, pues solo cinco personas estaban al corriente de este &#8220;pedido muy especial&#8221; en Chaumet, destaca Cl\u00e9mentine Massonnat, encargada de la creaci\u00f3n.<\/p>\n\n\n\n<p>Hizo falta sumergirse en los archivos de esta joyer\u00eda presente desde hace 250 a\u00f1os en la parisina plaza Vend\u00f4me, y que cont\u00f3 entre sus clientes al propio Gustave Eiffel. Los creadores se han inspirado en las medallas de bodas o conmemorativas creadas a principios del siglo XX, en el aspecto radiante de las diademas, especialidad de la casa, o en las esmeraldas hexagonales de los a\u00f1os 1950 y 1960.<\/p>\n\n\n\n<p>Se decidi\u00f3 colocar el pedazo de la torre Eiffel &#8220;en el centro de la medalla, darle una forma hexagonal que recuerde a Francia y ponerla como centro que irradia rayos facetados en oro, que recuerden al brillo de Francia&#8221;, explica Cl\u00e9mentine Massonnat.<\/p>\n","protected":false},"excerpt":{"rendered":"<p>Las medallas de los Juegos Ol\u00edmpicos y Paral\u00edmpicos de Par\u00eds 2024 contendr\u00e1n un fragmento de la torre Eiffel De oro, de plata, bronce, las medallas de los Juegos Ol\u00edmpicos y Paral\u00edmpicos de Par\u00eds presentadas el jueves, ser\u00e1n tambi\u00e9n &#8220;de torre Eiffel&#8221;, con un pedazo hexagonal de la &#8216;Dama de Hierro&#8217; engastado en cada una de [&hellip;]<\/p>\n","protected":false},"author":7,"featured_media":73340,"comment_status":"open","ping_status":"open","sticky":false,"template":"","format":"standard","meta":{"tdm_status":"","tdm_grid_status":"","footnotes":""},"categories":[40],"tags":[],"class_list":{"0":"post-73339","1":"post","2":"type-post","3":"status-publish","4":"format-standard","5":"has-post-thumbnail","7":"category-las-asombrosas"},"yoast_head":"<!-- This site is optimized with the Yoast SEO plugin v27.5 - https:\/\/yoast.com\/product\/yoast-seo-wordpress\/ -->\n<title>\u00a1Son emblem\u00e1ticas! Medallas ol\u00edmpicas tendr\u00e1n un pedazo de la torre Eiffel - Fuentes Fidedignas<\/title>\n<meta name=\"robots\" content=\"index, follow, max-snippet:-1, max-image-preview:large, max-video-preview:-1\" \/>\n<link rel=\"canonical\" href=\"https:\/\/fuentesfidedignas.com.mx\/index.php\/2024\/02\/09\/son-emblematicas-medallas-olimpicas-tendran-un-pedazo-de-la-torre-eiffel\/\" \/>\n<meta property=\"og:locale\" content=\"es_MX\" \/>\n<meta property=\"og:type\" content=\"article\" \/>\n<meta property=\"og:title\" content=\"\u00a1Son emblem\u00e1ticas! Medallas ol\u00edmpicas tendr\u00e1n un pedazo de la torre Eiffel - Fuentes Fidedignas\" \/>\n<meta property=\"og:description\" content=\"Las medallas de los Juegos Ol\u00edmpicos y Paral\u00edmpicos de Par\u00eds 2024 contendr\u00e1n un fragmento de la torre Eiffel De oro, de plata, bronce, las medallas de los Juegos Ol\u00edmpicos y Paral\u00edmpicos de Par\u00eds presentadas el jueves, ser\u00e1n tambi\u00e9n &#8220;de torre Eiffel&#8221;, con un pedazo hexagonal de la &#8216;Dama de Hierro&#8217; engastado en cada una de [&hellip;]\" \/>\n<meta property=\"og:url\" content=\"https:\/\/fuentesfidedignas.com.mx\/index.php\/2024\/02\/09\/son-emblematicas-medallas-olimpicas-tendran-un-pedazo-de-la-torre-eiffel\/\" \/>\n<meta property=\"og:site_name\" content=\"Fuentes Fidedignas\" \/>\n<meta property=\"article:publisher\" content=\"https:\/\/www.facebook.com\/Fuentes-Fidedignas-368234489921644\" \/>\n<meta property=\"article:published_time\" content=\"2024-02-09T12:25:20+00:00\" \/>\n<meta property=\"og:image\" content=\"https:\/\/fuentesfidedignas.com.mx\/wp-content\/uploads\/2024\/02\/MEDALLAS_FRANCIA.jpg\" \/>\n\t<meta property=\"og:image:width\" content=\"804\" \/>\n\t<meta property=\"og:image:height\" content=\"591\" \/>\n\t<meta property=\"og:image:type\" content=\"image\/jpeg\" \/>\n<meta name=\"author\" content=\"Exc\u00e9lsior\" \/>\n<meta name=\"twitter:card\" content=\"summary_large_image\" \/>\n<meta name=\"twitter:creator\" content=\"@fidedignas\" \/>\n<meta name=\"twitter:site\" content=\"@fidedignas\" \/>\n<meta name=\"twitter:label1\" content=\"Escrito por\" \/>\n\t<meta name=\"twitter:data1\" content=\"Exc\u00e9lsior\" \/>\n\t<meta name=\"twitter:label2\" content=\"Tiempo de lectura\" \/>\n\t<meta name=\"twitter:data2\" content=\"4 minutos\" \/>\n<script type=\"application\/ld+json\" class=\"yoast-schema-graph\">{\"@context\":\"https:\\\/\\\/schema.org\",\"@graph\":[{\"@type\":\"Article\",\"@id\":\"https:\\\/\\\/fuentesfidedignas.com.mx\\\/index.php\\\/2024\\\/02\\\/09\\\/son-emblematicas-medallas-olimpicas-tendran-un-pedazo-de-la-torre-eiffel\\\/#article\",\"isPartOf\":{\"@id\":\"https:\\\/\\\/fuentesfidedignas.com.mx\\\/index.php\\\/2024\\\/02\\\/09\\\/son-emblematicas-medallas-olimpicas-tendran-un-pedazo-de-la-torre-eiffel\\\/\"},\"author\":{\"name\":\"Exc\u00e9lsior\",\"@id\":\"https:\\\/\\\/fuentesfidedignas.com.mx\\\/#\\\/schema\\\/person\\\/ec4edd1fbf5efa3e44fce34fe2787780\"},\"headline\":\"\u00a1Son emblem\u00e1ticas! Medallas ol\u00edmpicas tendr\u00e1n un pedazo de la torre Eiffel\",\"datePublished\":\"2024-02-09T12:25:20+00:00\",\"mainEntityOfPage\":{\"@id\":\"https:\\\/\\\/fuentesfidedignas.com.mx\\\/index.php\\\/2024\\\/02\\\/09\\\/son-emblematicas-medallas-olimpicas-tendran-un-pedazo-de-la-torre-eiffel\\\/\"},\"wordCount\":685,\"commentCount\":0,\"publisher\":{\"@id\":\"https:\\\/\\\/fuentesfidedignas.com.mx\\\/#organization\"},\"image\":{\"@id\":\"https:\\\/\\\/fuentesfidedignas.com.mx\\\/index.php\\\/2024\\\/02\\\/09\\\/son-emblematicas-medallas-olimpicas-tendran-un-pedazo-de-la-torre-eiffel\\\/#primaryimage\"},\"thumbnailUrl\":\"https:\\\/\\\/fuentesfidedignas.com.mx\\\/wp-content\\\/uploads\\\/2024\\\/02\\\/MEDALLAS_FRANCIA.jpg\",\"articleSection\":[\"LAS ASOMBROSAS\"],\"inLanguage\":\"es\",\"potentialAction\":[{\"@type\":\"CommentAction\",\"name\":\"Comment\",\"target\":[\"https:\\\/\\\/fuentesfidedignas.com.mx\\\/index.php\\\/2024\\\/02\\\/09\\\/son-emblematicas-medallas-olimpicas-tendran-un-pedazo-de-la-torre-eiffel\\\/#respond\"]}]},{\"@type\":\"WebPage\",\"@id\":\"https:\\\/\\\/fuentesfidedignas.com.mx\\\/index.php\\\/2024\\\/02\\\/09\\\/son-emblematicas-medallas-olimpicas-tendran-un-pedazo-de-la-torre-eiffel\\\/\",\"url\":\"https:\\\/\\\/fuentesfidedignas.com.mx\\\/index.php\\\/2024\\\/02\\\/09\\\/son-emblematicas-medallas-olimpicas-tendran-un-pedazo-de-la-torre-eiffel\\\/\",\"name\":\"\u00a1Son emblem\u00e1ticas! Medallas ol\u00edmpicas tendr\u00e1n un pedazo de la torre Eiffel - Fuentes Fidedignas\",\"isPartOf\":{\"@id\":\"https:\\\/\\\/fuentesfidedignas.com.mx\\\/#website\"},\"primaryImageOfPage\":{\"@id\":\"https:\\\/\\\/fuentesfidedignas.com.mx\\\/index.php\\\/2024\\\/02\\\/09\\\/son-emblematicas-medallas-olimpicas-tendran-un-pedazo-de-la-torre-eiffel\\\/#primaryimage\"},\"image\":{\"@id\":\"https:\\\/\\\/fuentesfidedignas.com.mx\\\/index.php\\\/2024\\\/02\\\/09\\\/son-emblematicas-medallas-olimpicas-tendran-un-pedazo-de-la-torre-eiffel\\\/#primaryimage\"},\"thumbnailUrl\":\"https:\\\/\\\/fuentesfidedignas.com.mx\\\/wp-content\\\/uploads\\\/2024\\\/02\\\/MEDALLAS_FRANCIA.jpg\",\"datePublished\":\"2024-02-09T12:25:20+00:00\",\"breadcrumb\":{\"@id\":\"https:\\\/\\\/fuentesfidedignas.com.mx\\\/index.php\\\/2024\\\/02\\\/09\\\/son-emblematicas-medallas-olimpicas-tendran-un-pedazo-de-la-torre-eiffel\\\/#breadcrumb\"},\"inLanguage\":\"es\",\"potentialAction\":[{\"@type\":\"ReadAction\",\"target\":[\"https:\\\/\\\/fuentesfidedignas.com.mx\\\/index.php\\\/2024\\\/02\\\/09\\\/son-emblematicas-medallas-olimpicas-tendran-un-pedazo-de-la-torre-eiffel\\\/\"]}]},{\"@type\":\"ImageObject\",\"inLanguage\":\"es\",\"@id\":\"https:\\\/\\\/fuentesfidedignas.com.mx\\\/index.php\\\/2024\\\/02\\\/09\\\/son-emblematicas-medallas-olimpicas-tendran-un-pedazo-de-la-torre-eiffel\\\/#primaryimage\",\"url\":\"https:\\\/\\\/fuentesfidedignas.com.mx\\\/wp-content\\\/uploads\\\/2024\\\/02\\\/MEDALLAS_FRANCIA.jpg\",\"contentUrl\":\"https:\\\/\\\/fuentesfidedignas.com.mx\\\/wp-content\\\/uploads\\\/2024\\\/02\\\/MEDALLAS_FRANCIA.jpg\",\"width\":804,\"height\":591},{\"@type\":\"BreadcrumbList\",\"@id\":\"https:\\\/\\\/fuentesfidedignas.com.mx\\\/index.php\\\/2024\\\/02\\\/09\\\/son-emblematicas-medallas-olimpicas-tendran-un-pedazo-de-la-torre-eiffel\\\/#breadcrumb\",\"itemListElement\":[{\"@type\":\"ListItem\",\"position\":1,\"name\":\"Inicio\",\"item\":\"https:\\\/\\\/fuentesfidedignas.com.mx\\\/\"},{\"@type\":\"ListItem\",\"position\":2,\"name\":\"\u00a1Son emblem\u00e1ticas! Medallas ol\u00edmpicas tendr\u00e1n un pedazo de la torre Eiffel\"}]},{\"@type\":\"WebSite\",\"@id\":\"https:\\\/\\\/fuentesfidedignas.com.mx\\\/#website\",\"url\":\"https:\\\/\\\/fuentesfidedignas.com.mx\\\/\",\"name\":\"Fuentes Fidedignas\",\"description\":\"Otro sitio realizado con WordPress\",\"publisher\":{\"@id\":\"https:\\\/\\\/fuentesfidedignas.com.mx\\\/#organization\"},\"potentialAction\":[{\"@type\":\"SearchAction\",\"target\":{\"@type\":\"EntryPoint\",\"urlTemplate\":\"https:\\\/\\\/fuentesfidedignas.com.mx\\\/?s={search_term_string}\"},\"query-input\":{\"@type\":\"PropertyValueSpecification\",\"valueRequired\":true,\"valueName\":\"search_term_string\"}}],\"inLanguage\":\"es\"},{\"@type\":\"Organization\",\"@id\":\"https:\\\/\\\/fuentesfidedignas.com.mx\\\/#organization\",\"name\":\"Fuentes Fidedignas\",\"url\":\"https:\\\/\\\/fuentesfidedignas.com.mx\\\/\",\"logo\":{\"@type\":\"ImageObject\",\"inLanguage\":\"es\",\"@id\":\"https:\\\/\\\/fuentesfidedignas.com.mx\\\/#\\\/schema\\\/logo\\\/image\\\/\",\"url\":\"https:\\\/\\\/fuentesfidedignas.com.mx\\\/wp-content\\\/uploads\\\/2021\\\/04\\\/logo-retina.png\",\"contentUrl\":\"https:\\\/\\\/fuentesfidedignas.com.mx\\\/wp-content\\\/uploads\\\/2021\\\/04\\\/logo-retina.png\",\"width\":280,\"height\":51,\"caption\":\"Fuentes Fidedignas\"},\"image\":{\"@id\":\"https:\\\/\\\/fuentesfidedignas.com.mx\\\/#\\\/schema\\\/logo\\\/image\\\/\"},\"sameAs\":[\"https:\\\/\\\/www.facebook.com\\\/Fuentes-Fidedignas-368234489921644\",\"https:\\\/\\\/x.com\\\/fidedignas\"]},{\"@type\":\"Person\",\"@id\":\"https:\\\/\\\/fuentesfidedignas.com.mx\\\/#\\\/schema\\\/person\\\/ec4edd1fbf5efa3e44fce34fe2787780\",\"name\":\"Exc\u00e9lsior\",\"image\":{\"@type\":\"ImageObject\",\"inLanguage\":\"es\",\"@id\":\"https:\\\/\\\/secure.gravatar.com\\\/avatar\\\/4b7ee9206b48be08447852b3f0814dbc7c0f3b51541b164f1464a2725614020b?s=96&d=mm&r=g\",\"url\":\"https:\\\/\\\/secure.gravatar.com\\\/avatar\\\/4b7ee9206b48be08447852b3f0814dbc7c0f3b51541b164f1464a2725614020b?s=96&d=mm&r=g\",\"contentUrl\":\"https:\\\/\\\/secure.gravatar.com\\\/avatar\\\/4b7ee9206b48be08447852b3f0814dbc7c0f3b51541b164f1464a2725614020b?s=96&d=mm&r=g\",\"caption\":\"Exc\u00e9lsior\"},\"url\":\"https:\\\/\\\/fuentesfidedignas.com.mx\\\/index.php\\\/author\\\/excelsior\\\/\"}]}<\/script>\n<!-- \/ Yoast SEO plugin. -->","yoast_head_json":{"title":"\u00a1Son emblem\u00e1ticas! Medallas ol\u00edmpicas tendr\u00e1n un pedazo de la torre Eiffel - Fuentes Fidedignas","robots":{"index":"index","follow":"follow","max-snippet":"max-snippet:-1","max-image-preview":"max-image-preview:large","max-video-preview":"max-video-preview:-1"},"canonical":"https:\/\/fuentesfidedignas.com.mx\/index.php\/2024\/02\/09\/son-emblematicas-medallas-olimpicas-tendran-un-pedazo-de-la-torre-eiffel\/","og_locale":"es_MX","og_type":"article","og_title":"\u00a1Son emblem\u00e1ticas! Medallas ol\u00edmpicas tendr\u00e1n un pedazo de la torre Eiffel - Fuentes Fidedignas","og_description":"Las medallas de los Juegos Ol\u00edmpicos y Paral\u00edmpicos de Par\u00eds 2024 contendr\u00e1n un fragmento de la torre Eiffel De oro, de plata, bronce, las medallas de los Juegos Ol\u00edmpicos y Paral\u00edmpicos de Par\u00eds presentadas el jueves, ser\u00e1n tambi\u00e9n &#8220;de torre Eiffel&#8221;, con un pedazo hexagonal de la &#8216;Dama de Hierro&#8217; engastado en cada una de [&hellip;]","og_url":"https:\/\/fuentesfidedignas.com.mx\/index.php\/2024\/02\/09\/son-emblematicas-medallas-olimpicas-tendran-un-pedazo-de-la-torre-eiffel\/","og_site_name":"Fuentes Fidedignas","article_publisher":"https:\/\/www.facebook.com\/Fuentes-Fidedignas-368234489921644","article_published_time":"2024-02-09T12:25:20+00:00","og_image":[{"width":804,"height":591,"url":"https:\/\/fuentesfidedignas.com.mx\/wp-content\/uploads\/2024\/02\/MEDALLAS_FRANCIA.jpg","type":"image\/jpeg"}],"author":"Exc\u00e9lsior","twitter_card":"summary_large_image","twitter_creator":"@fidedignas","twitter_site":"@fidedignas","twitter_misc":{"Escrito por":"Exc\u00e9lsior","Tiempo de lectura":"4 minutos"},"schema":{"@context":"https:\/\/schema.org","@graph":[{"@type":"Article","@id":"https:\/\/fuentesfidedignas.com.mx\/index.php\/2024\/02\/09\/son-emblematicas-medallas-olimpicas-tendran-un-pedazo-de-la-torre-eiffel\/#article","isPartOf":{"@id":"https:\/\/fuentesfidedignas.com.mx\/index.php\/2024\/02\/09\/son-emblematicas-medallas-olimpicas-tendran-un-pedazo-de-la-torre-eiffel\/"},"author":{"name":"Exc\u00e9lsior","@id":"https:\/\/fuentesfidedignas.com.mx\/#\/schema\/person\/ec4edd1fbf5efa3e44fce34fe2787780"},"headline":"\u00a1Son emblem\u00e1ticas! Medallas ol\u00edmpicas tendr\u00e1n un pedazo de la torre Eiffel","datePublished":"2024-02-09T12:25:20+00:00","mainEntityOfPage":{"@id":"https:\/\/fuentesfidedignas.com.mx\/index.php\/2024\/02\/09\/son-emblematicas-medallas-olimpicas-tendran-un-pedazo-de-la-torre-eiffel\/"},"wordCount":685,"commentCount":0,"publisher":{"@id":"https:\/\/fuentesfidedignas.com.mx\/#organization"},"image":{"@id":"https:\/\/fuentesfidedignas.com.mx\/index.php\/2024\/02\/09\/son-emblematicas-medallas-olimpicas-tendran-un-pedazo-de-la-torre-eiffel\/#primaryimage"},"thumbnailUrl":"https:\/\/fuentesfidedignas.com.mx\/wp-content\/uploads\/2024\/02\/MEDALLAS_FRANCIA.jpg","articleSection":["LAS ASOMBROSAS"],"inLanguage":"es","potentialAction":[{"@type":"CommentAction","name":"Comment","target":["https:\/\/fuentesfidedignas.com.mx\/index.php\/2024\/02\/09\/son-emblematicas-medallas-olimpicas-tendran-un-pedazo-de-la-torre-eiffel\/#respond"]}]},{"@type":"WebPage","@id":"https:\/\/fuentesfidedignas.com.mx\/index.php\/2024\/02\/09\/son-emblematicas-medallas-olimpicas-tendran-un-pedazo-de-la-torre-eiffel\/","url":"https:\/\/fuentesfidedignas.com.mx\/index.php\/2024\/02\/09\/son-emblematicas-medallas-olimpicas-tendran-un-pedazo-de-la-torre-eiffel\/","name":"\u00a1Son emblem\u00e1ticas! Medallas ol\u00edmpicas tendr\u00e1n un pedazo de la torre Eiffel - Fuentes Fidedignas","isPartOf":{"@id":"https:\/\/fuentesfidedignas.com.mx\/#website"},"primaryImageOfPage":{"@id":"https:\/\/fuentesfidedignas.com.mx\/index.php\/2024\/02\/09\/son-emblematicas-medallas-olimpicas-tendran-un-pedazo-de-la-torre-eiffel\/#primaryimage"},"image":{"@id":"https:\/\/fuentesfidedignas.com.mx\/index.php\/2024\/02\/09\/son-emblematicas-medallas-olimpicas-tendran-un-pedazo-de-la-torre-eiffel\/#primaryimage"},"thumbnailUrl":"https:\/\/fuentesfidedignas.com.mx\/wp-content\/uploads\/2024\/02\/MEDALLAS_FRANCIA.jpg","datePublished":"2024-02-09T12:25:20+00:00","breadcrumb":{"@id":"https:\/\/fuentesfidedignas.com.mx\/index.php\/2024\/02\/09\/son-emblematicas-medallas-olimpicas-tendran-un-pedazo-de-la-torre-eiffel\/#breadcrumb"},"inLanguage":"es","potentialAction":[{"@type":"ReadAction","target":["https:\/\/fuentesfidedignas.com.mx\/index.php\/2024\/02\/09\/son-emblematicas-medallas-olimpicas-tendran-un-pedazo-de-la-torre-eiffel\/"]}]},{"@type":"ImageObject","inLanguage":"es","@id":"https:\/\/fuentesfidedignas.com.mx\/index.php\/2024\/02\/09\/son-emblematicas-medallas-olimpicas-tendran-un-pedazo-de-la-torre-eiffel\/#primaryimage","url":"https:\/\/fuentesfidedignas.com.mx\/wp-content\/uploads\/2024\/02\/MEDALLAS_FRANCIA.jpg","contentUrl":"https:\/\/fuentesfidedignas.com.mx\/wp-content\/uploads\/2024\/02\/MEDALLAS_FRANCIA.jpg","width":804,"height":591},{"@type":"BreadcrumbList","@id":"https:\/\/fuentesfidedignas.com.mx\/index.php\/2024\/02\/09\/son-emblematicas-medallas-olimpicas-tendran-un-pedazo-de-la-torre-eiffel\/#breadcrumb","itemListElement":[{"@type":"ListItem","position":1,"name":"Inicio","item":"https:\/\/fuentesfidedignas.com.mx\/"},{"@type":"ListItem","position":2,"name":"\u00a1Son emblem\u00e1ticas! Medallas ol\u00edmpicas tendr\u00e1n un pedazo de la torre Eiffel"}]},{"@type":"WebSite","@id":"https:\/\/fuentesfidedignas.com.mx\/#website","url":"https:\/\/fuentesfidedignas.com.mx\/","name":"Fuentes Fidedignas","description":"Otro sitio realizado con WordPress","publisher":{"@id":"https:\/\/fuentesfidedignas.com.mx\/#organization"},"potentialAction":[{"@type":"SearchAction","target":{"@type":"EntryPoint","urlTemplate":"https:\/\/fuentesfidedignas.com.mx\/?s={search_term_string}"},"query-input":{"@type":"PropertyValueSpecification","valueRequired":true,"valueName":"search_term_string"}}],"inLanguage":"es"},{"@type":"Organization","@id":"https:\/\/fuentesfidedignas.com.mx\/#organization","name":"Fuentes Fidedignas","url":"https:\/\/fuentesfidedignas.com.mx\/","logo":{"@type":"ImageObject","inLanguage":"es","@id":"https:\/\/fuentesfidedignas.com.mx\/#\/schema\/logo\/image\/","url":"https:\/\/fuentesfidedignas.com.mx\/wp-content\/uploads\/2021\/04\/logo-retina.png","contentUrl":"https:\/\/fuentesfidedignas.com.mx\/wp-content\/uploads\/2021\/04\/logo-retina.png","width":280,"height":51,"caption":"Fuentes Fidedignas"},"image":{"@id":"https:\/\/fuentesfidedignas.com.mx\/#\/schema\/logo\/image\/"},"sameAs":["https:\/\/www.facebook.com\/Fuentes-Fidedignas-368234489921644","https:\/\/x.com\/fidedignas"]},{"@type":"Person","@id":"https:\/\/fuentesfidedignas.com.mx\/#\/schema\/person\/ec4edd1fbf5efa3e44fce34fe2787780","name":"Exc\u00e9lsior","image":{"@type":"ImageObject","inLanguage":"es","@id":"https:\/\/secure.gravatar.com\/avatar\/4b7ee9206b48be08447852b3f0814dbc7c0f3b51541b164f1464a2725614020b?s=96&d=mm&r=g","url":"https:\/\/secure.gravatar.com\/avatar\/4b7ee9206b48be08447852b3f0814dbc7c0f3b51541b164f1464a2725614020b?s=96&d=mm&r=g","contentUrl":"https:\/\/secure.gravatar.com\/avatar\/4b7ee9206b48be08447852b3f0814dbc7c0f3b51541b164f1464a2725614020b?s=96&d=mm&r=g","caption":"Exc\u00e9lsior"},"url":"https:\/\/fuentesfidedignas.com.mx\/index.php\/author\/excelsior\/"}]}},"_links":{"self":[{"href":"https:\/\/fuentesfidedignas.com.mx\/index.php\/wp-json\/wp\/v2\/posts\/73339","targetHints":{"allow":["GET"]}}],"collection":[{"href":"https:\/\/fuentesfidedignas.com.mx\/index.php\/wp-json\/wp\/v2\/posts"}],"about":[{"href":"https:\/\/fuentesfidedignas.com.mx\/index.php\/wp-json\/wp\/v2\/types\/post"}],"author":[{"embeddable":true,"href":"https:\/\/fuentesfidedignas.com.mx\/index.php\/wp-json\/wp\/v2\/users\/7"}],"replies":[{"embeddable":true,"href":"https:\/\/fuentesfidedignas.com.mx\/index.php\/wp-json\/wp\/v2\/comments?post=73339"}],"version-history":[{"count":1,"href":"https:\/\/fuentesfidedignas.com.mx\/index.php\/wp-json\/wp\/v2\/posts\/73339\/revisions"}],"predecessor-version":[{"id":73341,"href":"https:\/\/fuentesfidedignas.com.mx\/index.php\/wp-json\/wp\/v2\/posts\/73339\/revisions\/73341"}],"wp:featuredmedia":[{"embeddable":true,"href":"https:\/\/fuentesfidedignas.com.mx\/index.php\/wp-json\/wp\/v2\/media\/73340"}],"wp:attachment":[{"href":"https:\/\/fuentesfidedignas.com.mx\/index.php\/wp-json\/wp\/v2\/media?parent=73339"}],"wp:term":[{"taxonomy":"category","embeddable":true,"href":"https:\/\/fuentesfidedignas.com.mx\/index.php\/wp-json\/wp\/v2\/categories?post=73339"},{"taxonomy":"post_tag","embeddable":true,"href":"https:\/\/fuentesfidedignas.com.mx\/index.php\/wp-json\/wp\/v2\/tags?post=73339"}],"curies":[{"name":"wp","href":"https:\/\/api.w.org\/{rel}","templated":true}]}}