{"id":73192,"date":"2024-02-07T13:32:18","date_gmt":"2024-02-07T20:32:18","guid":{"rendered":"https:\/\/fuentesfidedignas.com.mx\/?p=73192"},"modified":"2024-02-07T13:32:20","modified_gmt":"2024-02-07T20:32:20","slug":"asesinan-a-juan-perez-guardado-cunado-de-ricardo-monreal-y-funcionario-de-fresnillo","status":"publish","type":"post","link":"https:\/\/fuentesfidedignas.com.mx\/index.php\/2024\/02\/07\/asesinan-a-juan-perez-guardado-cunado-de-ricardo-monreal-y-funcionario-de-fresnillo\/","title":{"rendered":"Asesinan a Juan P\u00e9rez Guardado, cu\u00f1ado de Ricardo Monreal y funcionario de Fresnillo"},"content":{"rendered":"\n<p><strong><em>P\u00e9rez Guardado era director de Desarrollo Social del municipio desde 2021<\/em><\/strong><\/p>\n\n\n\n<p>Zacatecas.- Por la ma\u00f1ana del 7 de febrero, el secretario general de Gobierno de Zacatecas, Rodrigo Reyes, confirm\u00f3 que un funcionario del municipio de\u00a0<strong>Fresnillo<\/strong>\u00a0fue v\u00edctima de un ataque armado que lo priv\u00f3 de la vida. Seg\u00fan los primeros reportes, se tratar\u00eda de\u00a0<strong>Juan P\u00e9rez Guardado<\/strong>, cu\u00f1ado del senador<strong>\u00a0Ricardo Monreal \u00c1vila<\/strong>.<\/p>\n\n\n\n<p>\u201cLas fuerzas del orden han reforzado los operativos en el \u00e1rea con el objetivo de brindar seguridad e intensificar la\u00a0<strong>b\u00fasqueda de las personas responsables<\/strong>. Desde el Gobierno del Estado, seguiremos haciendo lo necesario para continuar con el proceso de pacificaci\u00f3n en este municipio y en todo el estado\u201d, escribi\u00f3 Reyes Mug\u00fcerza en su cuenta de X.<\/p>\n\n\n\n<p>P\u00e9rez Guardado, quien se desempe\u00f1aba como director de Desarrollo Social del Ayuntamiento de Fresnillo, fue acribillado en plena v\u00eda p\u00fablica mientras supervisaba labores cerca del<strong>&nbsp;Hospital Real de Minas<\/strong>&nbsp;en la colonia Tecnol\u00f3gica, acorde con los informes preliminares.<\/p>\n\n\n\n<p>Al sitio del homicidio se trasladaron elementos de la&nbsp;<strong>Polic\u00eda Municipal<\/strong>&nbsp;y la&nbsp;<strong>Guardia Nacional&nbsp;<\/strong>para interrumpir la circulaci\u00f3n, resguardar el \u00e1rea y levantar los primeros indicios.<\/p>\n\n\n\n<p><img decoding=\"async\" height=\"1080\" width=\"1920\" srcset=\"https:\/\/www.infobae.com\/new-resizer\/5lOAKRQua_BlLo5IAohVsZDBA3s=\/80x45\/filters:format(webp):quality(85)\/cloudfront-us-east-1.images.arcpublishing.com\/infobae\/UP7NSLZOQ5HMFNKDHLWJ5SSMZQ.jpg 80w,https:\/\/www.infobae.com\/new-resizer\/S5Q3xpUZOmTuJaOUrDEMadJ2MYA=\/265x149\/filters:format(webp):quality(85)\/cloudfront-us-east-1.images.arcpublishing.com\/infobae\/UP7NSLZOQ5HMFNKDHLWJ5SSMZQ.jpg 265w,https:\/\/www.infobae.com\/new-resizer\/qef0Fq7UxaeOkO3EpLiXChXXheU=\/350x197\/filters:format(webp):quality(85)\/cloudfront-us-east-1.images.arcpublishing.com\/infobae\/UP7NSLZOQ5HMFNKDHLWJ5SSMZQ.jpg 350w,https:\/\/www.infobae.com\/new-resizer\/XghqcHAyCmRqZI2eibuRw1cf2O8=\/420x236\/filters:format(webp):quality(85)\/cloudfront-us-east-1.images.arcpublishing.com\/infobae\/UP7NSLZOQ5HMFNKDHLWJ5SSMZQ.jpg 420w,https:\/\/www.infobae.com\/new-resizer\/XLqJJjJPGImyjbmFd5Mju5PABSg=\/577x325\/filters:format(webp):quality(85)\/cloudfront-us-east-1.images.arcpublishing.com\/infobae\/UP7NSLZOQ5HMFNKDHLWJ5SSMZQ.jpg 577w,https:\/\/www.infobae.com\/new-resizer\/izmwU_s1r2EmATtc8GTRmxBMwaE=\/768x432\/filters:format(webp):quality(85)\/cloudfront-us-east-1.images.arcpublishing.com\/infobae\/UP7NSLZOQ5HMFNKDHLWJ5SSMZQ.jpg 768w,https:\/\/www.infobae.com\/new-resizer\/dejWaz4JHog5GnBHvC7x4HiUgj4=\/992x558\/filters:format(webp):quality(85)\/cloudfront-us-east-1.images.arcpublishing.com\/infobae\/UP7NSLZOQ5HMFNKDHLWJ5SSMZQ.jpg 992w,https:\/\/www.infobae.com\/new-resizer\/ejk9nhmo6T3wdYZJHEkInZRSOhM=\/1200x675\/filters:format(webp):quality(85)\/cloudfront-us-east-1.images.arcpublishing.com\/infobae\/UP7NSLZOQ5HMFNKDHLWJ5SSMZQ.jpg 1200w,https:\/\/www.infobae.com\/new-resizer\/l32Lm-vgTCTGGDw1zrUr-Qm7QS0=\/1440x810\/filters:format(webp):quality(85)\/cloudfront-us-east-1.images.arcpublishing.com\/infobae\/UP7NSLZOQ5HMFNKDHLWJ5SSMZQ.jpg 1440w\" src=\"https:\/\/www.infobae.com\/new-resizer\/5lOAKRQua_BlLo5IAohVsZDBA3s=\/80x45\/filters:format(webp):quality(85)\/cloudfront-us-east-1.images.arcpublishing.com\/infobae\/UP7NSLZOQ5HMFNKDHLWJ5SSMZQ.jpg%2080w\" alt=\"P\u00e9rez Guardado era director de Desarrollo Social desde septiembre de 2021. (X\/@azucenau)\">P\u00e9rez Guardado era director de Desarrollo Social desde septiembre de 2021. (X\/@azucenau)<\/p>\n\n\n\n<p>P\u00e9rez Guardado tom\u00f3 posesi\u00f3n de su cargo en septiembre de 2021, luego de que el entonces alcalde\u00a0<strong>Sa\u00fal Monreal\u00a0<\/strong>propuso su perfil y los regidores lo eligieran de forma un\u00e1nime.<\/p>\n\n\n\n<p>La informaci\u00f3n disponible refiere que Juan era hermano de<strong>&nbsp;Mar\u00eda de Jes\u00fas P\u00e9rez Guardado<\/strong>, esposa de Ricardo Monreal. Hasta la presente publicaci\u00f3n, se desconoce si alguna de las personas que lo acompa\u00f1aban habr\u00eda resultado afectada por este atentado.<\/p>\n\n\n\n<h2 class=\"wp-block-heading\">\u00bfQui\u00e9n era Juan P\u00e9rez Guardado?<\/h2>\n\n\n\n<p>Seg\u00fan un documento alojado en los servidores del Ayuntamiento de Fresnillo, P\u00e9rez Guardado desempe\u00f1aba \u201cactividades empresariales\u201d desde el a\u00f1o 2001, \u00e9poca en la que se convirti\u00f3 en<strong>&nbsp;supervisor de las tiendas ISSSTEZAC<\/strong>, puesto desde el cual coordinaba los recursos materiales y humanos de cada sucursal.<\/p>\n\n\n\n<p>En 2007 trabaj\u00f3 como asesor del entonces alcalde de Fresnillo y hoy gobernador estatal,&nbsp;<strong>David Monreal \u00c1vila<\/strong>. Entre 2015 y 2021 fungi\u00f3 como operador pol\u00edtico y electoral de la familia Monreal en distintos comicios a nivel local y estatal.<\/p>\n\n\n\n<p>El anterior ataque que presuntos criminales hab\u00edan perpetrado contra la familia Monreal ocurri\u00f3 en mayo de 2023, cuando&nbsp;<strong>Pedro \u00c1vila Rodr\u00edguez<\/strong>&nbsp;\u2014primo de Ricardo, David y Sa\u00fal\u2014 fue<a rel=\"noreferrer noopener\" href=\"https:\/\/www.infobae.com\/mexico\/2023\/06\/01\/liberan-a-primo-de-los-monreal-avila-secuestrado-en-zacatecas\/\" target=\"_blank\">&nbsp;privado de su libertad<\/a>&nbsp;junto con dos personas m\u00e1s en Fresnillo. Despu\u00e9s de 11 d\u00edas, las v\u00edctimas fueron liberadas en una carretera.<\/p>\n","protected":false},"excerpt":{"rendered":"<p>P\u00e9rez Guardado era director de Desarrollo Social del municipio desde 2021 Zacatecas.- Por la ma\u00f1ana del 7 de febrero, el secretario general de Gobierno de Zacatecas, Rodrigo Reyes, confirm\u00f3 que un funcionario del municipio de\u00a0Fresnillo\u00a0fue v\u00edctima de un ataque armado que lo priv\u00f3 de la vida. Seg\u00fan los primeros reportes, se tratar\u00eda de\u00a0Juan P\u00e9rez Guardado, [&hellip;]<\/p>\n","protected":false},"author":41,"featured_media":73203,"comment_status":"open","ping_status":"open","sticky":false,"template":"","format":"standard","meta":{"tdm_status":"","tdm_grid_status":"","footnotes":""},"categories":[39],"tags":[],"class_list":{"0":"post-73192","1":"post","2":"type-post","3":"status-publish","4":"format-standard","5":"has-post-thumbnail","7":"category-noticias-nacionales"},"yoast_head":"<!-- This site is optimized with the Yoast SEO plugin v27.4 - https:\/\/yoast.com\/product\/yoast-seo-wordpress\/ -->\n<title>Asesinan a Juan P\u00e9rez Guardado, cu\u00f1ado de Ricardo Monreal y funcionario de Fresnillo - Fuentes Fidedignas<\/title>\n<meta name=\"robots\" content=\"index, follow, max-snippet:-1, max-image-preview:large, max-video-preview:-1\" \/>\n<link rel=\"canonical\" href=\"https:\/\/fuentesfidedignas.com.mx\/index.php\/2024\/02\/07\/asesinan-a-juan-perez-guardado-cunado-de-ricardo-monreal-y-funcionario-de-fresnillo\/\" \/>\n<meta property=\"og:locale\" content=\"es_MX\" \/>\n<meta property=\"og:type\" content=\"article\" \/>\n<meta property=\"og:title\" content=\"Asesinan a Juan P\u00e9rez Guardado, cu\u00f1ado de Ricardo Monreal y funcionario de Fresnillo - Fuentes Fidedignas\" \/>\n<meta property=\"og:description\" content=\"P\u00e9rez Guardado era director de Desarrollo Social del municipio desde 2021 Zacatecas.- Por la ma\u00f1ana del 7 de febrero, el secretario general de Gobierno de Zacatecas, Rodrigo Reyes, confirm\u00f3 que un funcionario del municipio de\u00a0Fresnillo\u00a0fue v\u00edctima de un ataque armado que lo priv\u00f3 de la vida. Seg\u00fan los primeros reportes, se tratar\u00eda de\u00a0Juan P\u00e9rez Guardado, [&hellip;]\" \/>\n<meta property=\"og:url\" content=\"https:\/\/fuentesfidedignas.com.mx\/index.php\/2024\/02\/07\/asesinan-a-juan-perez-guardado-cunado-de-ricardo-monreal-y-funcionario-de-fresnillo\/\" \/>\n<meta property=\"og:site_name\" content=\"Fuentes Fidedignas\" \/>\n<meta property=\"article:publisher\" content=\"https:\/\/www.facebook.com\/Fuentes-Fidedignas-368234489921644\" \/>\n<meta property=\"article:published_time\" content=\"2024-02-07T20:32:18+00:00\" \/>\n<meta property=\"article:modified_time\" content=\"2024-02-07T20:32:20+00:00\" \/>\n<meta property=\"og:image\" content=\"https:\/\/fuentesfidedignas.com.mx\/wp-content\/uploads\/2024\/02\/juanpa-e1707325229773-1024x611-1-e1707337934466.jpeg\" \/>\n\t<meta property=\"og:image:width\" content=\"624\" \/>\n\t<meta property=\"og:image:height\" content=\"372\" \/>\n\t<meta property=\"og:image:type\" content=\"image\/jpeg\" \/>\n<meta name=\"author\" content=\"Infobae\" \/>\n<meta name=\"twitter:card\" content=\"summary_large_image\" \/>\n<meta name=\"twitter:creator\" content=\"@fidedignas\" \/>\n<meta name=\"twitter:site\" content=\"@fidedignas\" \/>\n<meta name=\"twitter:label1\" content=\"Escrito por\" \/>\n\t<meta name=\"twitter:data1\" content=\"Infobae\" \/>\n\t<meta name=\"twitter:label2\" content=\"Tiempo de lectura\" \/>\n\t<meta name=\"twitter:data2\" content=\"3 minutos\" \/>\n<script type=\"application\/ld+json\" class=\"yoast-schema-graph\">{\"@context\":\"https:\\\/\\\/schema.org\",\"@graph\":[{\"@type\":\"Article\",\"@id\":\"https:\\\/\\\/fuentesfidedignas.com.mx\\\/index.php\\\/2024\\\/02\\\/07\\\/asesinan-a-juan-perez-guardado-cunado-de-ricardo-monreal-y-funcionario-de-fresnillo\\\/#article\",\"isPartOf\":{\"@id\":\"https:\\\/\\\/fuentesfidedignas.com.mx\\\/index.php\\\/2024\\\/02\\\/07\\\/asesinan-a-juan-perez-guardado-cunado-de-ricardo-monreal-y-funcionario-de-fresnillo\\\/\"},\"author\":{\"name\":\"Infobae\",\"@id\":\"https:\\\/\\\/fuentesfidedignas.com.mx\\\/#\\\/schema\\\/person\\\/8575896a7c1067d352f6c1cd6582c389\"},\"headline\":\"Asesinan a Juan P\u00e9rez Guardado, cu\u00f1ado de Ricardo Monreal y funcionario de Fresnillo\",\"datePublished\":\"2024-02-07T20:32:18+00:00\",\"dateModified\":\"2024-02-07T20:32:20+00:00\",\"mainEntityOfPage\":{\"@id\":\"https:\\\/\\\/fuentesfidedignas.com.mx\\\/index.php\\\/2024\\\/02\\\/07\\\/asesinan-a-juan-perez-guardado-cunado-de-ricardo-monreal-y-funcionario-de-fresnillo\\\/\"},\"wordCount\":468,\"commentCount\":0,\"publisher\":{\"@id\":\"https:\\\/\\\/fuentesfidedignas.com.mx\\\/#organization\"},\"image\":{\"@id\":\"https:\\\/\\\/fuentesfidedignas.com.mx\\\/index.php\\\/2024\\\/02\\\/07\\\/asesinan-a-juan-perez-guardado-cunado-de-ricardo-monreal-y-funcionario-de-fresnillo\\\/#primaryimage\"},\"thumbnailUrl\":\"https:\\\/\\\/fuentesfidedignas.com.mx\\\/wp-content\\\/uploads\\\/2024\\\/02\\\/juanpa-e1707325229773-1024x611-1-e1707337934466.jpeg\",\"articleSection\":[\"NOTICIAS NACIONALES\"],\"inLanguage\":\"es\",\"potentialAction\":[{\"@type\":\"CommentAction\",\"name\":\"Comment\",\"target\":[\"https:\\\/\\\/fuentesfidedignas.com.mx\\\/index.php\\\/2024\\\/02\\\/07\\\/asesinan-a-juan-perez-guardado-cunado-de-ricardo-monreal-y-funcionario-de-fresnillo\\\/#respond\"]}]},{\"@type\":\"WebPage\",\"@id\":\"https:\\\/\\\/fuentesfidedignas.com.mx\\\/index.php\\\/2024\\\/02\\\/07\\\/asesinan-a-juan-perez-guardado-cunado-de-ricardo-monreal-y-funcionario-de-fresnillo\\\/\",\"url\":\"https:\\\/\\\/fuentesfidedignas.com.mx\\\/index.php\\\/2024\\\/02\\\/07\\\/asesinan-a-juan-perez-guardado-cunado-de-ricardo-monreal-y-funcionario-de-fresnillo\\\/\",\"name\":\"Asesinan a Juan P\u00e9rez Guardado, cu\u00f1ado de Ricardo Monreal y funcionario de Fresnillo - Fuentes Fidedignas\",\"isPartOf\":{\"@id\":\"https:\\\/\\\/fuentesfidedignas.com.mx\\\/#website\"},\"primaryImageOfPage\":{\"@id\":\"https:\\\/\\\/fuentesfidedignas.com.mx\\\/index.php\\\/2024\\\/02\\\/07\\\/asesinan-a-juan-perez-guardado-cunado-de-ricardo-monreal-y-funcionario-de-fresnillo\\\/#primaryimage\"},\"image\":{\"@id\":\"https:\\\/\\\/fuentesfidedignas.com.mx\\\/index.php\\\/2024\\\/02\\\/07\\\/asesinan-a-juan-perez-guardado-cunado-de-ricardo-monreal-y-funcionario-de-fresnillo\\\/#primaryimage\"},\"thumbnailUrl\":\"https:\\\/\\\/fuentesfidedignas.com.mx\\\/wp-content\\\/uploads\\\/2024\\\/02\\\/juanpa-e1707325229773-1024x611-1-e1707337934466.jpeg\",\"datePublished\":\"2024-02-07T20:32:18+00:00\",\"dateModified\":\"2024-02-07T20:32:20+00:00\",\"breadcrumb\":{\"@id\":\"https:\\\/\\\/fuentesfidedignas.com.mx\\\/index.php\\\/2024\\\/02\\\/07\\\/asesinan-a-juan-perez-guardado-cunado-de-ricardo-monreal-y-funcionario-de-fresnillo\\\/#breadcrumb\"},\"inLanguage\":\"es\",\"potentialAction\":[{\"@type\":\"ReadAction\",\"target\":[\"https:\\\/\\\/fuentesfidedignas.com.mx\\\/index.php\\\/2024\\\/02\\\/07\\\/asesinan-a-juan-perez-guardado-cunado-de-ricardo-monreal-y-funcionario-de-fresnillo\\\/\"]}]},{\"@type\":\"ImageObject\",\"inLanguage\":\"es\",\"@id\":\"https:\\\/\\\/fuentesfidedignas.com.mx\\\/index.php\\\/2024\\\/02\\\/07\\\/asesinan-a-juan-perez-guardado-cunado-de-ricardo-monreal-y-funcionario-de-fresnillo\\\/#primaryimage\",\"url\":\"https:\\\/\\\/fuentesfidedignas.com.mx\\\/wp-content\\\/uploads\\\/2024\\\/02\\\/juanpa-e1707325229773-1024x611-1-e1707337934466.jpeg\",\"contentUrl\":\"https:\\\/\\\/fuentesfidedignas.com.mx\\\/wp-content\\\/uploads\\\/2024\\\/02\\\/juanpa-e1707325229773-1024x611-1-e1707337934466.jpeg\",\"width\":624,\"height\":372},{\"@type\":\"BreadcrumbList\",\"@id\":\"https:\\\/\\\/fuentesfidedignas.com.mx\\\/index.php\\\/2024\\\/02\\\/07\\\/asesinan-a-juan-perez-guardado-cunado-de-ricardo-monreal-y-funcionario-de-fresnillo\\\/#breadcrumb\",\"itemListElement\":[{\"@type\":\"ListItem\",\"position\":1,\"name\":\"Inicio\",\"item\":\"https:\\\/\\\/fuentesfidedignas.com.mx\\\/\"},{\"@type\":\"ListItem\",\"position\":2,\"name\":\"Asesinan a Juan P\u00e9rez Guardado, cu\u00f1ado de Ricardo Monreal y funcionario de Fresnillo\"}]},{\"@type\":\"WebSite\",\"@id\":\"https:\\\/\\\/fuentesfidedignas.com.mx\\\/#website\",\"url\":\"https:\\\/\\\/fuentesfidedignas.com.mx\\\/\",\"name\":\"Fuentes Fidedignas\",\"description\":\"Otro sitio realizado con WordPress\",\"publisher\":{\"@id\":\"https:\\\/\\\/fuentesfidedignas.com.mx\\\/#organization\"},\"potentialAction\":[{\"@type\":\"SearchAction\",\"target\":{\"@type\":\"EntryPoint\",\"urlTemplate\":\"https:\\\/\\\/fuentesfidedignas.com.mx\\\/?s={search_term_string}\"},\"query-input\":{\"@type\":\"PropertyValueSpecification\",\"valueRequired\":true,\"valueName\":\"search_term_string\"}}],\"inLanguage\":\"es\"},{\"@type\":\"Organization\",\"@id\":\"https:\\\/\\\/fuentesfidedignas.com.mx\\\/#organization\",\"name\":\"Fuentes Fidedignas\",\"url\":\"https:\\\/\\\/fuentesfidedignas.com.mx\\\/\",\"logo\":{\"@type\":\"ImageObject\",\"inLanguage\":\"es\",\"@id\":\"https:\\\/\\\/fuentesfidedignas.com.mx\\\/#\\\/schema\\\/logo\\\/image\\\/\",\"url\":\"https:\\\/\\\/fuentesfidedignas.com.mx\\\/wp-content\\\/uploads\\\/2021\\\/04\\\/logo-retina.png\",\"contentUrl\":\"https:\\\/\\\/fuentesfidedignas.com.mx\\\/wp-content\\\/uploads\\\/2021\\\/04\\\/logo-retina.png\",\"width\":280,\"height\":51,\"caption\":\"Fuentes Fidedignas\"},\"image\":{\"@id\":\"https:\\\/\\\/fuentesfidedignas.com.mx\\\/#\\\/schema\\\/logo\\\/image\\\/\"},\"sameAs\":[\"https:\\\/\\\/www.facebook.com\\\/Fuentes-Fidedignas-368234489921644\",\"https:\\\/\\\/x.com\\\/fidedignas\"]},{\"@type\":\"Person\",\"@id\":\"https:\\\/\\\/fuentesfidedignas.com.mx\\\/#\\\/schema\\\/person\\\/8575896a7c1067d352f6c1cd6582c389\",\"name\":\"Infobae\",\"image\":{\"@type\":\"ImageObject\",\"inLanguage\":\"es\",\"@id\":\"https:\\\/\\\/secure.gravatar.com\\\/avatar\\\/e4ec95706f8d1670343f6526fdcec45474bab17475a851434a64ca12b5acba1c?s=96&d=mm&r=g\",\"url\":\"https:\\\/\\\/secure.gravatar.com\\\/avatar\\\/e4ec95706f8d1670343f6526fdcec45474bab17475a851434a64ca12b5acba1c?s=96&d=mm&r=g\",\"contentUrl\":\"https:\\\/\\\/secure.gravatar.com\\\/avatar\\\/e4ec95706f8d1670343f6526fdcec45474bab17475a851434a64ca12b5acba1c?s=96&d=mm&r=g\",\"caption\":\"Infobae\"},\"url\":\"https:\\\/\\\/fuentesfidedignas.com.mx\\\/index.php\\\/author\\\/infobae\\\/\"}]}<\/script>\n<!-- \/ Yoast SEO plugin. -->","yoast_head_json":{"title":"Asesinan a Juan P\u00e9rez Guardado, cu\u00f1ado de Ricardo Monreal y funcionario de Fresnillo - Fuentes Fidedignas","robots":{"index":"index","follow":"follow","max-snippet":"max-snippet:-1","max-image-preview":"max-image-preview:large","max-video-preview":"max-video-preview:-1"},"canonical":"https:\/\/fuentesfidedignas.com.mx\/index.php\/2024\/02\/07\/asesinan-a-juan-perez-guardado-cunado-de-ricardo-monreal-y-funcionario-de-fresnillo\/","og_locale":"es_MX","og_type":"article","og_title":"Asesinan a Juan P\u00e9rez Guardado, cu\u00f1ado de Ricardo Monreal y funcionario de Fresnillo - Fuentes Fidedignas","og_description":"P\u00e9rez Guardado era director de Desarrollo Social del municipio desde 2021 Zacatecas.- Por la ma\u00f1ana del 7 de febrero, el secretario general de Gobierno de Zacatecas, Rodrigo Reyes, confirm\u00f3 que un funcionario del municipio de\u00a0Fresnillo\u00a0fue v\u00edctima de un ataque armado que lo priv\u00f3 de la vida. Seg\u00fan los primeros reportes, se tratar\u00eda de\u00a0Juan P\u00e9rez Guardado, [&hellip;]","og_url":"https:\/\/fuentesfidedignas.com.mx\/index.php\/2024\/02\/07\/asesinan-a-juan-perez-guardado-cunado-de-ricardo-monreal-y-funcionario-de-fresnillo\/","og_site_name":"Fuentes Fidedignas","article_publisher":"https:\/\/www.facebook.com\/Fuentes-Fidedignas-368234489921644","article_published_time":"2024-02-07T20:32:18+00:00","article_modified_time":"2024-02-07T20:32:20+00:00","og_image":[{"width":624,"height":372,"url":"https:\/\/fuentesfidedignas.com.mx\/wp-content\/uploads\/2024\/02\/juanpa-e1707325229773-1024x611-1-e1707337934466.jpeg","type":"image\/jpeg"}],"author":"Infobae","twitter_card":"summary_large_image","twitter_creator":"@fidedignas","twitter_site":"@fidedignas","twitter_misc":{"Escrito por":"Infobae","Tiempo de lectura":"3 minutos"},"schema":{"@context":"https:\/\/schema.org","@graph":[{"@type":"Article","@id":"https:\/\/fuentesfidedignas.com.mx\/index.php\/2024\/02\/07\/asesinan-a-juan-perez-guardado-cunado-de-ricardo-monreal-y-funcionario-de-fresnillo\/#article","isPartOf":{"@id":"https:\/\/fuentesfidedignas.com.mx\/index.php\/2024\/02\/07\/asesinan-a-juan-perez-guardado-cunado-de-ricardo-monreal-y-funcionario-de-fresnillo\/"},"author":{"name":"Infobae","@id":"https:\/\/fuentesfidedignas.com.mx\/#\/schema\/person\/8575896a7c1067d352f6c1cd6582c389"},"headline":"Asesinan a Juan P\u00e9rez Guardado, cu\u00f1ado de Ricardo Monreal y funcionario de Fresnillo","datePublished":"2024-02-07T20:32:18+00:00","dateModified":"2024-02-07T20:32:20+00:00","mainEntityOfPage":{"@id":"https:\/\/fuentesfidedignas.com.mx\/index.php\/2024\/02\/07\/asesinan-a-juan-perez-guardado-cunado-de-ricardo-monreal-y-funcionario-de-fresnillo\/"},"wordCount":468,"commentCount":0,"publisher":{"@id":"https:\/\/fuentesfidedignas.com.mx\/#organization"},"image":{"@id":"https:\/\/fuentesfidedignas.com.mx\/index.php\/2024\/02\/07\/asesinan-a-juan-perez-guardado-cunado-de-ricardo-monreal-y-funcionario-de-fresnillo\/#primaryimage"},"thumbnailUrl":"https:\/\/fuentesfidedignas.com.mx\/wp-content\/uploads\/2024\/02\/juanpa-e1707325229773-1024x611-1-e1707337934466.jpeg","articleSection":["NOTICIAS NACIONALES"],"inLanguage":"es","potentialAction":[{"@type":"CommentAction","name":"Comment","target":["https:\/\/fuentesfidedignas.com.mx\/index.php\/2024\/02\/07\/asesinan-a-juan-perez-guardado-cunado-de-ricardo-monreal-y-funcionario-de-fresnillo\/#respond"]}]},{"@type":"WebPage","@id":"https:\/\/fuentesfidedignas.com.mx\/index.php\/2024\/02\/07\/asesinan-a-juan-perez-guardado-cunado-de-ricardo-monreal-y-funcionario-de-fresnillo\/","url":"https:\/\/fuentesfidedignas.com.mx\/index.php\/2024\/02\/07\/asesinan-a-juan-perez-guardado-cunado-de-ricardo-monreal-y-funcionario-de-fresnillo\/","name":"Asesinan a Juan P\u00e9rez Guardado, cu\u00f1ado de Ricardo Monreal y funcionario de Fresnillo - Fuentes Fidedignas","isPartOf":{"@id":"https:\/\/fuentesfidedignas.com.mx\/#website"},"primaryImageOfPage":{"@id":"https:\/\/fuentesfidedignas.com.mx\/index.php\/2024\/02\/07\/asesinan-a-juan-perez-guardado-cunado-de-ricardo-monreal-y-funcionario-de-fresnillo\/#primaryimage"},"image":{"@id":"https:\/\/fuentesfidedignas.com.mx\/index.php\/2024\/02\/07\/asesinan-a-juan-perez-guardado-cunado-de-ricardo-monreal-y-funcionario-de-fresnillo\/#primaryimage"},"thumbnailUrl":"https:\/\/fuentesfidedignas.com.mx\/wp-content\/uploads\/2024\/02\/juanpa-e1707325229773-1024x611-1-e1707337934466.jpeg","datePublished":"2024-02-07T20:32:18+00:00","dateModified":"2024-02-07T20:32:20+00:00","breadcrumb":{"@id":"https:\/\/fuentesfidedignas.com.mx\/index.php\/2024\/02\/07\/asesinan-a-juan-perez-guardado-cunado-de-ricardo-monreal-y-funcionario-de-fresnillo\/#breadcrumb"},"inLanguage":"es","potentialAction":[{"@type":"ReadAction","target":["https:\/\/fuentesfidedignas.com.mx\/index.php\/2024\/02\/07\/asesinan-a-juan-perez-guardado-cunado-de-ricardo-monreal-y-funcionario-de-fresnillo\/"]}]},{"@type":"ImageObject","inLanguage":"es","@id":"https:\/\/fuentesfidedignas.com.mx\/index.php\/2024\/02\/07\/asesinan-a-juan-perez-guardado-cunado-de-ricardo-monreal-y-funcionario-de-fresnillo\/#primaryimage","url":"https:\/\/fuentesfidedignas.com.mx\/wp-content\/uploads\/2024\/02\/juanpa-e1707325229773-1024x611-1-e1707337934466.jpeg","contentUrl":"https:\/\/fuentesfidedignas.com.mx\/wp-content\/uploads\/2024\/02\/juanpa-e1707325229773-1024x611-1-e1707337934466.jpeg","width":624,"height":372},{"@type":"BreadcrumbList","@id":"https:\/\/fuentesfidedignas.com.mx\/index.php\/2024\/02\/07\/asesinan-a-juan-perez-guardado-cunado-de-ricardo-monreal-y-funcionario-de-fresnillo\/#breadcrumb","itemListElement":[{"@type":"ListItem","position":1,"name":"Inicio","item":"https:\/\/fuentesfidedignas.com.mx\/"},{"@type":"ListItem","position":2,"name":"Asesinan a Juan P\u00e9rez Guardado, cu\u00f1ado de Ricardo Monreal y funcionario de Fresnillo"}]},{"@type":"WebSite","@id":"https:\/\/fuentesfidedignas.com.mx\/#website","url":"https:\/\/fuentesfidedignas.com.mx\/","name":"Fuentes Fidedignas","description":"Otro sitio realizado con WordPress","publisher":{"@id":"https:\/\/fuentesfidedignas.com.mx\/#organization"},"potentialAction":[{"@type":"SearchAction","target":{"@type":"EntryPoint","urlTemplate":"https:\/\/fuentesfidedignas.com.mx\/?s={search_term_string}"},"query-input":{"@type":"PropertyValueSpecification","valueRequired":true,"valueName":"search_term_string"}}],"inLanguage":"es"},{"@type":"Organization","@id":"https:\/\/fuentesfidedignas.com.mx\/#organization","name":"Fuentes Fidedignas","url":"https:\/\/fuentesfidedignas.com.mx\/","logo":{"@type":"ImageObject","inLanguage":"es","@id":"https:\/\/fuentesfidedignas.com.mx\/#\/schema\/logo\/image\/","url":"https:\/\/fuentesfidedignas.com.mx\/wp-content\/uploads\/2021\/04\/logo-retina.png","contentUrl":"https:\/\/fuentesfidedignas.com.mx\/wp-content\/uploads\/2021\/04\/logo-retina.png","width":280,"height":51,"caption":"Fuentes Fidedignas"},"image":{"@id":"https:\/\/fuentesfidedignas.com.mx\/#\/schema\/logo\/image\/"},"sameAs":["https:\/\/www.facebook.com\/Fuentes-Fidedignas-368234489921644","https:\/\/x.com\/fidedignas"]},{"@type":"Person","@id":"https:\/\/fuentesfidedignas.com.mx\/#\/schema\/person\/8575896a7c1067d352f6c1cd6582c389","name":"Infobae","image":{"@type":"ImageObject","inLanguage":"es","@id":"https:\/\/secure.gravatar.com\/avatar\/e4ec95706f8d1670343f6526fdcec45474bab17475a851434a64ca12b5acba1c?s=96&d=mm&r=g","url":"https:\/\/secure.gravatar.com\/avatar\/e4ec95706f8d1670343f6526fdcec45474bab17475a851434a64ca12b5acba1c?s=96&d=mm&r=g","contentUrl":"https:\/\/secure.gravatar.com\/avatar\/e4ec95706f8d1670343f6526fdcec45474bab17475a851434a64ca12b5acba1c?s=96&d=mm&r=g","caption":"Infobae"},"url":"https:\/\/fuentesfidedignas.com.mx\/index.php\/author\/infobae\/"}]}},"_links":{"self":[{"href":"https:\/\/fuentesfidedignas.com.mx\/index.php\/wp-json\/wp\/v2\/posts\/73192","targetHints":{"allow":["GET"]}}],"collection":[{"href":"https:\/\/fuentesfidedignas.com.mx\/index.php\/wp-json\/wp\/v2\/posts"}],"about":[{"href":"https:\/\/fuentesfidedignas.com.mx\/index.php\/wp-json\/wp\/v2\/types\/post"}],"author":[{"embeddable":true,"href":"https:\/\/fuentesfidedignas.com.mx\/index.php\/wp-json\/wp\/v2\/users\/41"}],"replies":[{"embeddable":true,"href":"https:\/\/fuentesfidedignas.com.mx\/index.php\/wp-json\/wp\/v2\/comments?post=73192"}],"version-history":[{"count":1,"href":"https:\/\/fuentesfidedignas.com.mx\/index.php\/wp-json\/wp\/v2\/posts\/73192\/revisions"}],"predecessor-version":[{"id":73204,"href":"https:\/\/fuentesfidedignas.com.mx\/index.php\/wp-json\/wp\/v2\/posts\/73192\/revisions\/73204"}],"wp:featuredmedia":[{"embeddable":true,"href":"https:\/\/fuentesfidedignas.com.mx\/index.php\/wp-json\/wp\/v2\/media\/73203"}],"wp:attachment":[{"href":"https:\/\/fuentesfidedignas.com.mx\/index.php\/wp-json\/wp\/v2\/media?parent=73192"}],"wp:term":[{"taxonomy":"category","embeddable":true,"href":"https:\/\/fuentesfidedignas.com.mx\/index.php\/wp-json\/wp\/v2\/categories?post=73192"},{"taxonomy":"post_tag","embeddable":true,"href":"https:\/\/fuentesfidedignas.com.mx\/index.php\/wp-json\/wp\/v2\/tags?post=73192"}],"curies":[{"name":"wp","href":"https:\/\/api.w.org\/{rel}","templated":true}]}}