{"id":73143,"date":"2024-02-07T06:49:33","date_gmt":"2024-02-07T13:49:33","guid":{"rendered":"https:\/\/fuentesfidedignas.com.mx\/?p=73143"},"modified":"2024-02-07T06:49:54","modified_gmt":"2024-02-07T13:49:54","slug":"potencializa-la-uas-la-generacion-de-conocimientos-y-la-competencia-global-a-traves-del-programa-de-movilidad-estudiantil","status":"publish","type":"post","link":"https:\/\/fuentesfidedignas.com.mx\/index.php\/2024\/02\/07\/potencializa-la-uas-la-generacion-de-conocimientos-y-la-competencia-global-a-traves-del-programa-de-movilidad-estudiantil\/","title":{"rendered":"Potencializa la UAS la generaci\u00f3n de conocimientos y la competencia global a trav\u00e9s del programa de Movilidad Estudiantil"},"content":{"rendered":"\n<p><strong><em>La m\u00e1xima Casa de Estudios en el estado ha asumido el desaf\u00edo de mantener este importante programa que por casi dos d\u00e9cadas ha permitido que miles de estudiantes vivan la experiencia de intercambio<\/em><\/strong><\/p>\n\n\n\n<p>Culiac\u00e1n, Sin.- A pesar de los embates de Gobierno en contra de la Universidad Aut\u00f3noma de Sinaloa (UAS) y de los recortes presupuestales, la Nueva Universidad contin\u00faa avanzando en la mejora de la calidad acad\u00e9mica y la formaci\u00f3n de excelencia de sus estudiantes, asumiendo su compromiso por seguir fomentando programas como el de Movilidad Estudiantil que brinda a los j\u00f3venes del nivel superior la posibilidad de fortalecer sus conocimientos y ampliar el panorama sobre su futuro profesional.<\/p>\n\n\n\n<p>El encargado del Despacho de la Rector\u00eda, el doctor Robespierre Liz\u00e1rraga Otero comunic\u00f3 que la m\u00e1xima casa de estudios, a pesar de ser una universidad p\u00fablica ha asumido el desaf\u00edo de mantener este importante programa que por casi dos d\u00e9cadas ha permitido que miles de estudiantes vivan la experiencia de intercambio y vinculaci\u00f3n acad\u00e9mica potencializando su formaci\u00f3n global.<\/p>\n\n\n\n<p>\u201cEn este reto y desaf\u00edo por defender nuestra autonom\u00eda, el hecho de que este programa se est\u00e9 desarrollando sea una realidad que ustedes est\u00e9n viajando, que ustedes est\u00e9n estudiando en otros estados, en otros pa\u00edses, en otras latitudes y que, nosotros estemos recibiendo a otros j\u00f3venes valiosos, habla de que la universidad est\u00e1 haciendo lo correcto\u201d, se\u00f1al\u00f3.<\/p>\n\n\n\n<p>Al reunirse con alumnos que regresan a la Casa Rosalina, luego de haber cursado un semestre en instituciones educativas del pa\u00eds y del extranjero, Liz\u00e1rraga Otero les comparti\u00f3 su experiencia al participar en su etapa como estudiante en dicho programa y les expres\u00f3 que, aunque existen becas con organizaciones estrat\u00e9gicas aliadas tambi\u00e9n la Universidad hace ese esfuerzo para que un mayor n\u00famero de j\u00f3venes realicen este tipo de estancias acad\u00e9micas que son altamente formativas.<\/p>\n\n\n\n<p>\u201cCon el Plan de Visi\u00f3n 2025 que el Rector titular, el doctor Jes\u00fas Madue\u00f1a Molina ha desarrollado y con base al nuevo modelo acad\u00e9mico 2022 que tambi\u00e9n se ha delineado en la instituci\u00f3n permite que esto sea una realidad al alcance de m\u00e1s j\u00f3venes (\u2026) puedo afirmar que vale la pena lo que ustedes emprendieron como proyecto personal y su formaci\u00f3n y vale la pena y la universidad lo sabe, por eso los apoya y crea este tipo de programas, por eso es muy valioso que ustedes cuenten su experiencia para que m\u00e1s j\u00f3venes se animen\u201d, dijo.<\/p>\n\n\n\n<p>A su vez, estudiantes que participaron en el programa de Movilidad Estudiantil como lo es Mario Rodr\u00edguez de la Facultad de Psicolog\u00eda, quien estuvo de intercambio en la Universidad de M\u00e1laga en Espa\u00f1a; as\u00ed como Iliana Beltr\u00e1n de la Facultad de Contadur\u00eda y Administraci\u00f3n, quien se moviliz\u00f3 a Corea del Sur y Diana Avalos de Estudios internacionales que hizo estancia en la Universidad de Fraser Valley, en Canad\u00e1, agradecieron a la instituci\u00f3n promover este tipo de programas que coadyuva al crecimiento personal y acad\u00e9mico potencializando sus conocimientos para ser competitivos en el \u00e1rea global.<\/p>\n\n\n\n<p>\u201cUna experiencia inolvidable que en lo personal me ha marcado de por vida\u201d, expres\u00f3 el primero.<\/p>\n\n\n\n<p>\u201cFue una experiencia inolvidable porque era un destino que yo siempre hab\u00eda querido visitar, entonces fue posible gracias a la UAS\u201d, se\u00f1al\u00f3 la segunda.<\/p>\n\n\n\n<p>\u201cEn la UAS he sentido que mi desarrollo como estudiante ha sido m\u00e1s completo por c\u00f3mo los maestros se dirigen a los alumnos, c\u00f3mo se enfocan en ello, es algo que me hizo valorar la universidad de la cual soy perteneciente y tambi\u00e9n los estudiantes internacionales como venimos de diferentes culturas como nos relacionamos, como hablamos\u201d, extern\u00f3 la alumna de la FEIyPP.<\/p>\n\n\n\n<p>De la misma forma, Cristina S\u00e1nchez, estudiante de Nutrici\u00f3n en la UAS, comparti\u00f3 su experiencia al realizar movilidad en la Universidad An\u00e1huac campus Quer\u00e9taro y enfatiz\u00f3 que en todo momento la instituci\u00f3n Rosalina estuvo apoy\u00e1ndola en el proceso.<\/p>\n\n\n\n<p>\u201cCon las bases que llevo de aqu\u00ed siento que no me falt\u00f3 absolutamente nada, con mis compa\u00f1eros del mismo semestre iba a la par e incluso en otros temas sab\u00eda m\u00e1s y llegando me di cuenta con mis compa\u00f1eros como comparar de qu\u00e9 vieron ellos y lo que vi yo, para comparar y ver qu\u00e9 les puedo retroalimentar\u201d, expres\u00f3.<\/p>\n","protected":false},"excerpt":{"rendered":"<p>La m\u00e1xima Casa de Estudios en el estado ha asumido el desaf\u00edo de mantener este importante programa que por casi dos d\u00e9cadas ha permitido que miles de estudiantes vivan la experiencia de intercambio Culiac\u00e1n, Sin.- A pesar de los embates de Gobierno en contra de la Universidad Aut\u00f3noma de Sinaloa (UAS) y de los recortes [&hellip;]<\/p>\n","protected":false},"author":4,"featured_media":73144,"comment_status":"open","ping_status":"open","sticky":false,"template":"","format":"standard","meta":{"tdm_status":"","tdm_grid_status":"","footnotes":""},"categories":[1],"tags":[],"class_list":{"0":"post-73143","1":"post","2":"type-post","3":"status-publish","4":"format-standard","5":"has-post-thumbnail","7":"category-sin-categoria"},"yoast_head":"<!-- This site is optimized with the Yoast SEO plugin v27.5 - https:\/\/yoast.com\/product\/yoast-seo-wordpress\/ -->\n<title>Potencializa la UAS la generaci\u00f3n de conocimientos y la competencia global a trav\u00e9s del programa de Movilidad Estudiantil - Fuentes Fidedignas<\/title>\n<meta name=\"robots\" content=\"index, follow, max-snippet:-1, max-image-preview:large, max-video-preview:-1\" \/>\n<link rel=\"canonical\" href=\"https:\/\/fuentesfidedignas.com.mx\/index.php\/2024\/02\/07\/potencializa-la-uas-la-generacion-de-conocimientos-y-la-competencia-global-a-traves-del-programa-de-movilidad-estudiantil\/\" \/>\n<meta property=\"og:locale\" content=\"es_MX\" \/>\n<meta property=\"og:type\" content=\"article\" \/>\n<meta property=\"og:title\" content=\"Potencializa la UAS la generaci\u00f3n de conocimientos y la competencia global a trav\u00e9s del programa de Movilidad Estudiantil - Fuentes Fidedignas\" \/>\n<meta property=\"og:description\" content=\"La m\u00e1xima Casa de Estudios en el estado ha asumido el desaf\u00edo de mantener este importante programa que por casi dos d\u00e9cadas ha permitido que miles de estudiantes vivan la experiencia de intercambio Culiac\u00e1n, Sin.- A pesar de los embates de Gobierno en contra de la Universidad Aut\u00f3noma de Sinaloa (UAS) y de los recortes [&hellip;]\" \/>\n<meta property=\"og:url\" content=\"https:\/\/fuentesfidedignas.com.mx\/index.php\/2024\/02\/07\/potencializa-la-uas-la-generacion-de-conocimientos-y-la-competencia-global-a-traves-del-programa-de-movilidad-estudiantil\/\" \/>\n<meta property=\"og:site_name\" content=\"Fuentes Fidedignas\" \/>\n<meta property=\"article:publisher\" content=\"https:\/\/www.facebook.com\/Fuentes-Fidedignas-368234489921644\" \/>\n<meta property=\"article:published_time\" content=\"2024-02-07T13:49:33+00:00\" \/>\n<meta property=\"article:modified_time\" content=\"2024-02-07T13:49:54+00:00\" \/>\n<meta property=\"og:image\" content=\"https:\/\/fuentesfidedignas.com.mx\/wp-content\/uploads\/2024\/02\/MOVILIDAD-ESTUDIANTIL-1-min-scaled.jpg\" \/>\n\t<meta property=\"og:image:width\" content=\"2560\" \/>\n\t<meta property=\"og:image:height\" content=\"1707\" \/>\n\t<meta property=\"og:image:type\" content=\"image\/jpeg\" \/>\n<meta name=\"author\" content=\"Redacci\u00f3n\" \/>\n<meta name=\"twitter:card\" content=\"summary_large_image\" \/>\n<meta name=\"twitter:creator\" content=\"@fidedignas\" \/>\n<meta name=\"twitter:site\" content=\"@fidedignas\" \/>\n<meta name=\"twitter:label1\" content=\"Escrito por\" \/>\n\t<meta name=\"twitter:data1\" content=\"Redacci\u00f3n\" \/>\n\t<meta name=\"twitter:label2\" content=\"Tiempo de lectura\" \/>\n\t<meta name=\"twitter:data2\" content=\"4 minutos\" \/>\n<script type=\"application\/ld+json\" class=\"yoast-schema-graph\">{\"@context\":\"https:\\\/\\\/schema.org\",\"@graph\":[{\"@type\":\"Article\",\"@id\":\"https:\\\/\\\/fuentesfidedignas.com.mx\\\/index.php\\\/2024\\\/02\\\/07\\\/potencializa-la-uas-la-generacion-de-conocimientos-y-la-competencia-global-a-traves-del-programa-de-movilidad-estudiantil\\\/#article\",\"isPartOf\":{\"@id\":\"https:\\\/\\\/fuentesfidedignas.com.mx\\\/index.php\\\/2024\\\/02\\\/07\\\/potencializa-la-uas-la-generacion-de-conocimientos-y-la-competencia-global-a-traves-del-programa-de-movilidad-estudiantil\\\/\"},\"author\":{\"name\":\"Redacci\u00f3n\",\"@id\":\"https:\\\/\\\/fuentesfidedignas.com.mx\\\/#\\\/schema\\\/person\\\/331be9283d37198e2acd5750279085b0\"},\"headline\":\"Potencializa la UAS la generaci\u00f3n de conocimientos y la competencia global a trav\u00e9s del programa de Movilidad Estudiantil\",\"datePublished\":\"2024-02-07T13:49:33+00:00\",\"dateModified\":\"2024-02-07T13:49:54+00:00\",\"mainEntityOfPage\":{\"@id\":\"https:\\\/\\\/fuentesfidedignas.com.mx\\\/index.php\\\/2024\\\/02\\\/07\\\/potencializa-la-uas-la-generacion-de-conocimientos-y-la-competencia-global-a-traves-del-programa-de-movilidad-estudiantil\\\/\"},\"wordCount\":775,\"commentCount\":0,\"publisher\":{\"@id\":\"https:\\\/\\\/fuentesfidedignas.com.mx\\\/#organization\"},\"image\":{\"@id\":\"https:\\\/\\\/fuentesfidedignas.com.mx\\\/index.php\\\/2024\\\/02\\\/07\\\/potencializa-la-uas-la-generacion-de-conocimientos-y-la-competencia-global-a-traves-del-programa-de-movilidad-estudiantil\\\/#primaryimage\"},\"thumbnailUrl\":\"https:\\\/\\\/fuentesfidedignas.com.mx\\\/wp-content\\\/uploads\\\/2024\\\/02\\\/MOVILIDAD-ESTUDIANTIL-1-min-scaled.jpg\",\"inLanguage\":\"es\",\"potentialAction\":[{\"@type\":\"CommentAction\",\"name\":\"Comment\",\"target\":[\"https:\\\/\\\/fuentesfidedignas.com.mx\\\/index.php\\\/2024\\\/02\\\/07\\\/potencializa-la-uas-la-generacion-de-conocimientos-y-la-competencia-global-a-traves-del-programa-de-movilidad-estudiantil\\\/#respond\"]}]},{\"@type\":\"WebPage\",\"@id\":\"https:\\\/\\\/fuentesfidedignas.com.mx\\\/index.php\\\/2024\\\/02\\\/07\\\/potencializa-la-uas-la-generacion-de-conocimientos-y-la-competencia-global-a-traves-del-programa-de-movilidad-estudiantil\\\/\",\"url\":\"https:\\\/\\\/fuentesfidedignas.com.mx\\\/index.php\\\/2024\\\/02\\\/07\\\/potencializa-la-uas-la-generacion-de-conocimientos-y-la-competencia-global-a-traves-del-programa-de-movilidad-estudiantil\\\/\",\"name\":\"Potencializa la UAS la generaci\u00f3n de conocimientos y la competencia global a trav\u00e9s del programa de Movilidad Estudiantil - Fuentes Fidedignas\",\"isPartOf\":{\"@id\":\"https:\\\/\\\/fuentesfidedignas.com.mx\\\/#website\"},\"primaryImageOfPage\":{\"@id\":\"https:\\\/\\\/fuentesfidedignas.com.mx\\\/index.php\\\/2024\\\/02\\\/07\\\/potencializa-la-uas-la-generacion-de-conocimientos-y-la-competencia-global-a-traves-del-programa-de-movilidad-estudiantil\\\/#primaryimage\"},\"image\":{\"@id\":\"https:\\\/\\\/fuentesfidedignas.com.mx\\\/index.php\\\/2024\\\/02\\\/07\\\/potencializa-la-uas-la-generacion-de-conocimientos-y-la-competencia-global-a-traves-del-programa-de-movilidad-estudiantil\\\/#primaryimage\"},\"thumbnailUrl\":\"https:\\\/\\\/fuentesfidedignas.com.mx\\\/wp-content\\\/uploads\\\/2024\\\/02\\\/MOVILIDAD-ESTUDIANTIL-1-min-scaled.jpg\",\"datePublished\":\"2024-02-07T13:49:33+00:00\",\"dateModified\":\"2024-02-07T13:49:54+00:00\",\"breadcrumb\":{\"@id\":\"https:\\\/\\\/fuentesfidedignas.com.mx\\\/index.php\\\/2024\\\/02\\\/07\\\/potencializa-la-uas-la-generacion-de-conocimientos-y-la-competencia-global-a-traves-del-programa-de-movilidad-estudiantil\\\/#breadcrumb\"},\"inLanguage\":\"es\",\"potentialAction\":[{\"@type\":\"ReadAction\",\"target\":[\"https:\\\/\\\/fuentesfidedignas.com.mx\\\/index.php\\\/2024\\\/02\\\/07\\\/potencializa-la-uas-la-generacion-de-conocimientos-y-la-competencia-global-a-traves-del-programa-de-movilidad-estudiantil\\\/\"]}]},{\"@type\":\"ImageObject\",\"inLanguage\":\"es\",\"@id\":\"https:\\\/\\\/fuentesfidedignas.com.mx\\\/index.php\\\/2024\\\/02\\\/07\\\/potencializa-la-uas-la-generacion-de-conocimientos-y-la-competencia-global-a-traves-del-programa-de-movilidad-estudiantil\\\/#primaryimage\",\"url\":\"https:\\\/\\\/fuentesfidedignas.com.mx\\\/wp-content\\\/uploads\\\/2024\\\/02\\\/MOVILIDAD-ESTUDIANTIL-1-min-scaled.jpg\",\"contentUrl\":\"https:\\\/\\\/fuentesfidedignas.com.mx\\\/wp-content\\\/uploads\\\/2024\\\/02\\\/MOVILIDAD-ESTUDIANTIL-1-min-scaled.jpg\",\"width\":2560,\"height\":1707},{\"@type\":\"BreadcrumbList\",\"@id\":\"https:\\\/\\\/fuentesfidedignas.com.mx\\\/index.php\\\/2024\\\/02\\\/07\\\/potencializa-la-uas-la-generacion-de-conocimientos-y-la-competencia-global-a-traves-del-programa-de-movilidad-estudiantil\\\/#breadcrumb\",\"itemListElement\":[{\"@type\":\"ListItem\",\"position\":1,\"name\":\"Inicio\",\"item\":\"https:\\\/\\\/fuentesfidedignas.com.mx\\\/\"},{\"@type\":\"ListItem\",\"position\":2,\"name\":\"Potencializa la UAS la generaci\u00f3n de conocimientos y la competencia global a trav\u00e9s del programa de Movilidad Estudiantil\"}]},{\"@type\":\"WebSite\",\"@id\":\"https:\\\/\\\/fuentesfidedignas.com.mx\\\/#website\",\"url\":\"https:\\\/\\\/fuentesfidedignas.com.mx\\\/\",\"name\":\"Fuentes Fidedignas\",\"description\":\"Otro sitio realizado con WordPress\",\"publisher\":{\"@id\":\"https:\\\/\\\/fuentesfidedignas.com.mx\\\/#organization\"},\"potentialAction\":[{\"@type\":\"SearchAction\",\"target\":{\"@type\":\"EntryPoint\",\"urlTemplate\":\"https:\\\/\\\/fuentesfidedignas.com.mx\\\/?s={search_term_string}\"},\"query-input\":{\"@type\":\"PropertyValueSpecification\",\"valueRequired\":true,\"valueName\":\"search_term_string\"}}],\"inLanguage\":\"es\"},{\"@type\":\"Organization\",\"@id\":\"https:\\\/\\\/fuentesfidedignas.com.mx\\\/#organization\",\"name\":\"Fuentes Fidedignas\",\"url\":\"https:\\\/\\\/fuentesfidedignas.com.mx\\\/\",\"logo\":{\"@type\":\"ImageObject\",\"inLanguage\":\"es\",\"@id\":\"https:\\\/\\\/fuentesfidedignas.com.mx\\\/#\\\/schema\\\/logo\\\/image\\\/\",\"url\":\"https:\\\/\\\/fuentesfidedignas.com.mx\\\/wp-content\\\/uploads\\\/2021\\\/04\\\/logo-retina.png\",\"contentUrl\":\"https:\\\/\\\/fuentesfidedignas.com.mx\\\/wp-content\\\/uploads\\\/2021\\\/04\\\/logo-retina.png\",\"width\":280,\"height\":51,\"caption\":\"Fuentes Fidedignas\"},\"image\":{\"@id\":\"https:\\\/\\\/fuentesfidedignas.com.mx\\\/#\\\/schema\\\/logo\\\/image\\\/\"},\"sameAs\":[\"https:\\\/\\\/www.facebook.com\\\/Fuentes-Fidedignas-368234489921644\",\"https:\\\/\\\/x.com\\\/fidedignas\"]},{\"@type\":\"Person\",\"@id\":\"https:\\\/\\\/fuentesfidedignas.com.mx\\\/#\\\/schema\\\/person\\\/331be9283d37198e2acd5750279085b0\",\"name\":\"Redacci\u00f3n\",\"image\":{\"@type\":\"ImageObject\",\"inLanguage\":\"es\",\"@id\":\"https:\\\/\\\/secure.gravatar.com\\\/avatar\\\/f6d8782c11d12b2d4ad3fbb6931aeab5309937a4d6cd2fc9cfaa28a6396a5aec?s=96&d=mm&r=g\",\"url\":\"https:\\\/\\\/secure.gravatar.com\\\/avatar\\\/f6d8782c11d12b2d4ad3fbb6931aeab5309937a4d6cd2fc9cfaa28a6396a5aec?s=96&d=mm&r=g\",\"contentUrl\":\"https:\\\/\\\/secure.gravatar.com\\\/avatar\\\/f6d8782c11d12b2d4ad3fbb6931aeab5309937a4d6cd2fc9cfaa28a6396a5aec?s=96&d=mm&r=g\",\"caption\":\"Redacci\u00f3n\"},\"url\":\"https:\\\/\\\/fuentesfidedignas.com.mx\\\/index.php\\\/author\\\/redaccion\\\/\"}]}<\/script>\n<!-- \/ Yoast SEO plugin. -->","yoast_head_json":{"title":"Potencializa la UAS la generaci\u00f3n de conocimientos y la competencia global a trav\u00e9s del programa de Movilidad Estudiantil - Fuentes Fidedignas","robots":{"index":"index","follow":"follow","max-snippet":"max-snippet:-1","max-image-preview":"max-image-preview:large","max-video-preview":"max-video-preview:-1"},"canonical":"https:\/\/fuentesfidedignas.com.mx\/index.php\/2024\/02\/07\/potencializa-la-uas-la-generacion-de-conocimientos-y-la-competencia-global-a-traves-del-programa-de-movilidad-estudiantil\/","og_locale":"es_MX","og_type":"article","og_title":"Potencializa la UAS la generaci\u00f3n de conocimientos y la competencia global a trav\u00e9s del programa de Movilidad Estudiantil - Fuentes Fidedignas","og_description":"La m\u00e1xima Casa de Estudios en el estado ha asumido el desaf\u00edo de mantener este importante programa que por casi dos d\u00e9cadas ha permitido que miles de estudiantes vivan la experiencia de intercambio Culiac\u00e1n, Sin.- A pesar de los embates de Gobierno en contra de la Universidad Aut\u00f3noma de Sinaloa (UAS) y de los recortes [&hellip;]","og_url":"https:\/\/fuentesfidedignas.com.mx\/index.php\/2024\/02\/07\/potencializa-la-uas-la-generacion-de-conocimientos-y-la-competencia-global-a-traves-del-programa-de-movilidad-estudiantil\/","og_site_name":"Fuentes Fidedignas","article_publisher":"https:\/\/www.facebook.com\/Fuentes-Fidedignas-368234489921644","article_published_time":"2024-02-07T13:49:33+00:00","article_modified_time":"2024-02-07T13:49:54+00:00","og_image":[{"width":2560,"height":1707,"url":"https:\/\/fuentesfidedignas.com.mx\/wp-content\/uploads\/2024\/02\/MOVILIDAD-ESTUDIANTIL-1-min-scaled.jpg","type":"image\/jpeg"}],"author":"Redacci\u00f3n","twitter_card":"summary_large_image","twitter_creator":"@fidedignas","twitter_site":"@fidedignas","twitter_misc":{"Escrito por":"Redacci\u00f3n","Tiempo de lectura":"4 minutos"},"schema":{"@context":"https:\/\/schema.org","@graph":[{"@type":"Article","@id":"https:\/\/fuentesfidedignas.com.mx\/index.php\/2024\/02\/07\/potencializa-la-uas-la-generacion-de-conocimientos-y-la-competencia-global-a-traves-del-programa-de-movilidad-estudiantil\/#article","isPartOf":{"@id":"https:\/\/fuentesfidedignas.com.mx\/index.php\/2024\/02\/07\/potencializa-la-uas-la-generacion-de-conocimientos-y-la-competencia-global-a-traves-del-programa-de-movilidad-estudiantil\/"},"author":{"name":"Redacci\u00f3n","@id":"https:\/\/fuentesfidedignas.com.mx\/#\/schema\/person\/331be9283d37198e2acd5750279085b0"},"headline":"Potencializa la UAS la generaci\u00f3n de conocimientos y la competencia global a trav\u00e9s del programa de Movilidad Estudiantil","datePublished":"2024-02-07T13:49:33+00:00","dateModified":"2024-02-07T13:49:54+00:00","mainEntityOfPage":{"@id":"https:\/\/fuentesfidedignas.com.mx\/index.php\/2024\/02\/07\/potencializa-la-uas-la-generacion-de-conocimientos-y-la-competencia-global-a-traves-del-programa-de-movilidad-estudiantil\/"},"wordCount":775,"commentCount":0,"publisher":{"@id":"https:\/\/fuentesfidedignas.com.mx\/#organization"},"image":{"@id":"https:\/\/fuentesfidedignas.com.mx\/index.php\/2024\/02\/07\/potencializa-la-uas-la-generacion-de-conocimientos-y-la-competencia-global-a-traves-del-programa-de-movilidad-estudiantil\/#primaryimage"},"thumbnailUrl":"https:\/\/fuentesfidedignas.com.mx\/wp-content\/uploads\/2024\/02\/MOVILIDAD-ESTUDIANTIL-1-min-scaled.jpg","inLanguage":"es","potentialAction":[{"@type":"CommentAction","name":"Comment","target":["https:\/\/fuentesfidedignas.com.mx\/index.php\/2024\/02\/07\/potencializa-la-uas-la-generacion-de-conocimientos-y-la-competencia-global-a-traves-del-programa-de-movilidad-estudiantil\/#respond"]}]},{"@type":"WebPage","@id":"https:\/\/fuentesfidedignas.com.mx\/index.php\/2024\/02\/07\/potencializa-la-uas-la-generacion-de-conocimientos-y-la-competencia-global-a-traves-del-programa-de-movilidad-estudiantil\/","url":"https:\/\/fuentesfidedignas.com.mx\/index.php\/2024\/02\/07\/potencializa-la-uas-la-generacion-de-conocimientos-y-la-competencia-global-a-traves-del-programa-de-movilidad-estudiantil\/","name":"Potencializa la UAS la generaci\u00f3n de conocimientos y la competencia global a trav\u00e9s del programa de Movilidad Estudiantil - Fuentes Fidedignas","isPartOf":{"@id":"https:\/\/fuentesfidedignas.com.mx\/#website"},"primaryImageOfPage":{"@id":"https:\/\/fuentesfidedignas.com.mx\/index.php\/2024\/02\/07\/potencializa-la-uas-la-generacion-de-conocimientos-y-la-competencia-global-a-traves-del-programa-de-movilidad-estudiantil\/#primaryimage"},"image":{"@id":"https:\/\/fuentesfidedignas.com.mx\/index.php\/2024\/02\/07\/potencializa-la-uas-la-generacion-de-conocimientos-y-la-competencia-global-a-traves-del-programa-de-movilidad-estudiantil\/#primaryimage"},"thumbnailUrl":"https:\/\/fuentesfidedignas.com.mx\/wp-content\/uploads\/2024\/02\/MOVILIDAD-ESTUDIANTIL-1-min-scaled.jpg","datePublished":"2024-02-07T13:49:33+00:00","dateModified":"2024-02-07T13:49:54+00:00","breadcrumb":{"@id":"https:\/\/fuentesfidedignas.com.mx\/index.php\/2024\/02\/07\/potencializa-la-uas-la-generacion-de-conocimientos-y-la-competencia-global-a-traves-del-programa-de-movilidad-estudiantil\/#breadcrumb"},"inLanguage":"es","potentialAction":[{"@type":"ReadAction","target":["https:\/\/fuentesfidedignas.com.mx\/index.php\/2024\/02\/07\/potencializa-la-uas-la-generacion-de-conocimientos-y-la-competencia-global-a-traves-del-programa-de-movilidad-estudiantil\/"]}]},{"@type":"ImageObject","inLanguage":"es","@id":"https:\/\/fuentesfidedignas.com.mx\/index.php\/2024\/02\/07\/potencializa-la-uas-la-generacion-de-conocimientos-y-la-competencia-global-a-traves-del-programa-de-movilidad-estudiantil\/#primaryimage","url":"https:\/\/fuentesfidedignas.com.mx\/wp-content\/uploads\/2024\/02\/MOVILIDAD-ESTUDIANTIL-1-min-scaled.jpg","contentUrl":"https:\/\/fuentesfidedignas.com.mx\/wp-content\/uploads\/2024\/02\/MOVILIDAD-ESTUDIANTIL-1-min-scaled.jpg","width":2560,"height":1707},{"@type":"BreadcrumbList","@id":"https:\/\/fuentesfidedignas.com.mx\/index.php\/2024\/02\/07\/potencializa-la-uas-la-generacion-de-conocimientos-y-la-competencia-global-a-traves-del-programa-de-movilidad-estudiantil\/#breadcrumb","itemListElement":[{"@type":"ListItem","position":1,"name":"Inicio","item":"https:\/\/fuentesfidedignas.com.mx\/"},{"@type":"ListItem","position":2,"name":"Potencializa la UAS la generaci\u00f3n de conocimientos y la competencia global a trav\u00e9s del programa de Movilidad Estudiantil"}]},{"@type":"WebSite","@id":"https:\/\/fuentesfidedignas.com.mx\/#website","url":"https:\/\/fuentesfidedignas.com.mx\/","name":"Fuentes Fidedignas","description":"Otro sitio realizado con WordPress","publisher":{"@id":"https:\/\/fuentesfidedignas.com.mx\/#organization"},"potentialAction":[{"@type":"SearchAction","target":{"@type":"EntryPoint","urlTemplate":"https:\/\/fuentesfidedignas.com.mx\/?s={search_term_string}"},"query-input":{"@type":"PropertyValueSpecification","valueRequired":true,"valueName":"search_term_string"}}],"inLanguage":"es"},{"@type":"Organization","@id":"https:\/\/fuentesfidedignas.com.mx\/#organization","name":"Fuentes Fidedignas","url":"https:\/\/fuentesfidedignas.com.mx\/","logo":{"@type":"ImageObject","inLanguage":"es","@id":"https:\/\/fuentesfidedignas.com.mx\/#\/schema\/logo\/image\/","url":"https:\/\/fuentesfidedignas.com.mx\/wp-content\/uploads\/2021\/04\/logo-retina.png","contentUrl":"https:\/\/fuentesfidedignas.com.mx\/wp-content\/uploads\/2021\/04\/logo-retina.png","width":280,"height":51,"caption":"Fuentes Fidedignas"},"image":{"@id":"https:\/\/fuentesfidedignas.com.mx\/#\/schema\/logo\/image\/"},"sameAs":["https:\/\/www.facebook.com\/Fuentes-Fidedignas-368234489921644","https:\/\/x.com\/fidedignas"]},{"@type":"Person","@id":"https:\/\/fuentesfidedignas.com.mx\/#\/schema\/person\/331be9283d37198e2acd5750279085b0","name":"Redacci\u00f3n","image":{"@type":"ImageObject","inLanguage":"es","@id":"https:\/\/secure.gravatar.com\/avatar\/f6d8782c11d12b2d4ad3fbb6931aeab5309937a4d6cd2fc9cfaa28a6396a5aec?s=96&d=mm&r=g","url":"https:\/\/secure.gravatar.com\/avatar\/f6d8782c11d12b2d4ad3fbb6931aeab5309937a4d6cd2fc9cfaa28a6396a5aec?s=96&d=mm&r=g","contentUrl":"https:\/\/secure.gravatar.com\/avatar\/f6d8782c11d12b2d4ad3fbb6931aeab5309937a4d6cd2fc9cfaa28a6396a5aec?s=96&d=mm&r=g","caption":"Redacci\u00f3n"},"url":"https:\/\/fuentesfidedignas.com.mx\/index.php\/author\/redaccion\/"}]}},"_links":{"self":[{"href":"https:\/\/fuentesfidedignas.com.mx\/index.php\/wp-json\/wp\/v2\/posts\/73143","targetHints":{"allow":["GET"]}}],"collection":[{"href":"https:\/\/fuentesfidedignas.com.mx\/index.php\/wp-json\/wp\/v2\/posts"}],"about":[{"href":"https:\/\/fuentesfidedignas.com.mx\/index.php\/wp-json\/wp\/v2\/types\/post"}],"author":[{"embeddable":true,"href":"https:\/\/fuentesfidedignas.com.mx\/index.php\/wp-json\/wp\/v2\/users\/4"}],"replies":[{"embeddable":true,"href":"https:\/\/fuentesfidedignas.com.mx\/index.php\/wp-json\/wp\/v2\/comments?post=73143"}],"version-history":[{"count":1,"href":"https:\/\/fuentesfidedignas.com.mx\/index.php\/wp-json\/wp\/v2\/posts\/73143\/revisions"}],"predecessor-version":[{"id":73145,"href":"https:\/\/fuentesfidedignas.com.mx\/index.php\/wp-json\/wp\/v2\/posts\/73143\/revisions\/73145"}],"wp:featuredmedia":[{"embeddable":true,"href":"https:\/\/fuentesfidedignas.com.mx\/index.php\/wp-json\/wp\/v2\/media\/73144"}],"wp:attachment":[{"href":"https:\/\/fuentesfidedignas.com.mx\/index.php\/wp-json\/wp\/v2\/media?parent=73143"}],"wp:term":[{"taxonomy":"category","embeddable":true,"href":"https:\/\/fuentesfidedignas.com.mx\/index.php\/wp-json\/wp\/v2\/categories?post=73143"},{"taxonomy":"post_tag","embeddable":true,"href":"https:\/\/fuentesfidedignas.com.mx\/index.php\/wp-json\/wp\/v2\/tags?post=73143"}],"curies":[{"name":"wp","href":"https:\/\/api.w.org\/{rel}","templated":true}]}}