{"id":72983,"date":"2024-02-06T05:25:01","date_gmt":"2024-02-06T12:25:01","guid":{"rendered":"https:\/\/fuentesfidedignas.com.mx\/?p=72983"},"modified":"2024-02-05T17:26:44","modified_gmt":"2024-02-06T00:26:44","slug":"perrita-es-robaday-presunto-responsa-ble-la-vendio-por-droga-ella-aun-no-aparece-video","status":"publish","type":"post","link":"https:\/\/fuentesfidedignas.com.mx\/index.php\/2024\/02\/06\/perrita-es-robaday-presunto-responsa-ble-la-vendio-por-droga-ella-aun-no-aparece-video\/","title":{"rendered":"Perrita es robada y presunto responsa ble la vendi\u00f3 por droga; ella a\u00fan no aparece | VIDEO"},"content":{"rendered":"\n<p><strong><em>Una mujer denunci\u00f3 que su perrita llamada Dina fue robada por un hombre en la calle Hojalater\u00eda el 30 de enero pasado, pero pese a haberlo ubicado, \u00e9l fue puesto en libertad.<\/em><\/strong><\/p>\n\n\n\n<p>Los robos en la Ciudad de M\u00e9xico no s\u00f3lo son contra personas en la calle, en el transporte p\u00fablico o en negocios, sino que ahora los delincuentes han agregado a su cat\u00e1logo el robar perros, ya sea para revenderlos, entrenarlos para pelearlos&nbsp;o por droga.<\/p>\n\n\n\n<p>Una mujer llamada Dominga denunci\u00f3 que su mascota Dina, una perrita\u00a0de raza pomerania de cinco a\u00f1os,\u00a0fue robada en la colonia Morelos, alcald\u00eda Venustiano Carranza, muy cerca del local donde trabaja su esposo.\u00a0<\/p>\n\n\n\n<p>Una c\u00e1mara de seguridad capt\u00f3 el momento en que un hombre estaba sentado sobre la banqueta y junto a \u00e9l se encontraba Dina,&nbsp;a quien bast\u00f3 acariciar y tomarla f\u00e1cilmente para llev\u00e1rsela cargando.<\/p>\n\n\n\n<p>Los hechos ocurrieron el pasado 30 de enero cerca de las 11:45 horas en la calle Hojalater\u00eda, donde tras ganarse la confianza y atenci\u00f3n de la mascota, se la llev\u00f3.<\/p>\n\n\n\n<p>Los due\u00f1os solicitaron los videos de las c\u00e1maras de vigilancia para encontrar al responsable, quien fue localizado en un parque cercano de donde se la llev\u00f3.<\/p>\n\n\n\n<figure class=\"wp-block-image size-full\"><img decoding=\"async\" width=\"618\" height=\"638\" src=\"https:\/\/fuentesfidedignas.com.mx\/wp-content\/uploads\/2024\/02\/image-3.png\" alt=\"\" class=\"wp-image-72985\" srcset=\"https:\/\/fuentesfidedignas.com.mx\/wp-content\/uploads\/2024\/02\/image-3.png 618w, https:\/\/fuentesfidedignas.com.mx\/wp-content\/uploads\/2024\/02\/image-3-291x300.png 291w, https:\/\/fuentesfidedignas.com.mx\/wp-content\/uploads\/2024\/02\/image-3-407x420.png 407w\" sizes=\"(max-width: 618px) 100vw, 618px\" \/><\/figure>\n\n\n\n<p><strong>Presunto responsable qued\u00f3 en libertad<\/strong><br>Seg\u00fan el presunto responsable, otra persona le pidi\u00f3 ir por la perrita y llev\u00e1rsela. Polic\u00edas de la Secretar\u00eda de Seguridad Ciudadana (SSC) de la Ciudad de M\u00e9xico lo detuvieron y fue presentado ante la agencia del Ministerio P\u00fablico correspondiente.\u00a0<\/p>\n\n\n\n<p>&#8220;La vendi\u00f3, le dieron dos piedras y 50 pesos&#8221;, asegur\u00f3 a MILENIO la se\u00f1ora Dominga, quien coment\u00f3 que una mujer\u2014a quien ubican y que vende chacharas por la colonia\u2014fue quien presuntamente se la compr\u00f3 a \u00e9l.<br>No obstante, pese que los due\u00f1os de la perrita lo denunciaron, el hombre qued\u00f3 en libertad,&nbsp;porque el agente del Ministerio P\u00fablico indic\u00f3 que no proced\u00eda la denuncia porque no fue detenido en flagrancia rob\u00e1ndosela.&nbsp;<\/p>\n\n\n\n<p>&#8220;Dicen en el MP que lo deben agarrar infraganti y a \u00e9l ya no no agarramos infraganti, \u00e9l ya no ten\u00eda al animal, ya lo hab\u00eda vendido&#8221;.\u00a0\u00a0<\/p>\n\n\n\n<p>Dominga manifest\u00f3 que el hombre\u2014quien refiri\u00f3 vender droga en las calles\u00a0Alfarer\u00eda y Jarcier\u00eda\u2014habl\u00f3 con la mujer a la que le dio a Dina, pero &#8220;o no se acuerda o estaba muy drogada&#8221; y no sabe d\u00f3nde la vendi\u00f3 o &#8220;no quiere decir&#8221;.\u00a0<\/p>\n\n\n\n<p>&#8220;Lo dejaron libre, en su mochila, portaba una pipa para droga, portaba dos cuchillos y muchas cositas. \u00c9l refiere que tira basura y que se encuentra ah\u00ed trabajando&#8221;.<\/p>\n\n\n\n<figure class=\"wp-block-image size-large\"><img decoding=\"async\" width=\"608\" height=\"1024\" src=\"https:\/\/fuentesfidedignas.com.mx\/wp-content\/uploads\/2024\/02\/image-2-608x1024.png\" alt=\"\" class=\"wp-image-72984\" srcset=\"https:\/\/fuentesfidedignas.com.mx\/wp-content\/uploads\/2024\/02\/image-2-608x1024.png 608w, https:\/\/fuentesfidedignas.com.mx\/wp-content\/uploads\/2024\/02\/image-2-178x300.png 178w, https:\/\/fuentesfidedignas.com.mx\/wp-content\/uploads\/2024\/02\/image-2-250x420.png 250w, https:\/\/fuentesfidedignas.com.mx\/wp-content\/uploads\/2024\/02\/image-2.png 618w\" sizes=\"(max-width: 608px) 100vw, 608px\" \/><\/figure>\n\n\n\n<p>Adem\u00e1s, seg\u00fan les cont\u00f3 el detenido, \u00e9l andaba vendiendo unos pantalones y como no se los compraron, &#8220;necesitaba la droga&#8221;, por eso rob\u00f3 a la perrita y se la vendi\u00f3.&nbsp;<\/p>\n\n\n\n<p>&#8220;En donde la vendieron es un punto de droga que todos los d\u00edas se est\u00e1n drogando. La que lo compr\u00f3 vende chacharas y droga, entonces se estaba ella moneando. (El hombre que fue detenido)&nbsp;se lo dijo en su cara cuando la vio; &#8216;t\u00fa me la compraste, me diste dos piedras y 50 pesos, ya regr\u00e9sala, \u00bfd\u00f3nde la vendiste?, yo te la di a ti'&#8221;, cont\u00f3 la due\u00f1a.&nbsp;<br>Incluso pese a exponerle ante las autoridades de la agencia del Ministerio P\u00fablico en la alcald\u00eda Venustiano Carranza que hay un video donde se observa c\u00f3mo es vendida Dina, tanto el hombre como la mujer que supuestamente la compr\u00f3, no est\u00e1n detenidos.&nbsp;<\/p>\n\n\n\n<p>Hombre finge tener a Dina y extorsiona a due\u00f1a<\/p>\n\n\n\n<p>Dina no ha aparecido y su due\u00f1a coment\u00f3 que est\u00e1 dispuestos a dar una recompensa por la perrita, pues ya no le interesa saber si la robaron por droga, s\u00f3lo que se la devuelvan e incluso no proceder\u00e1 legalmente contra quien la tenga.&nbsp;&#8220;Quien me la d\u00e9, yo le doy una recompensa, sin averiguaci\u00f3n sin nada&#8221;, dijo.&nbsp;<\/p>\n\n\n\n<p>Su due\u00f1a comenta que Dina, la cual se la regalaron de dos meses, es una perrita que ya no puede tener cachorros y espera que la o las personas que la tengan le est\u00e9n el cuidado adecuado.<\/p>\n\n\n\n<p>Al darse a conocer que la familia buscaba a la perrita, algunas personas han abusado de la situaci\u00f3n e incluso un hombre quien le dijo que la ten\u00eda contact\u00f3 a Dominga y le&nbsp; dijo que se la llevar\u00eda, pero a cambio deb\u00eda depositarle dinero para la gasolina.<\/p>\n\n\n\n<p>Dominga crey\u00f3 en la palabra de dicho hombre y le deposit\u00f3 500 pesos a una cuenta bancaria de una mujer, pero despu\u00e9s de ello ya no le contestaron y perdieron contacto con \u00e9l.<\/p>\n\n\n\n<p>&#8220;Me extorsionaron el primer d\u00eda, que ya la ten\u00edan y que necesitaban para la gasolina. Les deposit\u00e9 y ya no contestaron. Al segundo d\u00eda me lo quisieron hacer y ya no ca\u00ed&#8221;<\/p>\n\n\n\n<figure class=\"wp-block-embed is-type-rich is-provider-twitter wp-block-embed-twitter\"><div class=\"wp-block-embed__wrapper\">\n<blockquote class=\"twitter-tweet\" data-width=\"550\" data-dnt=\"true\"><p lang=\"es\" dir=\"ltr\">\u25b6\ufe0f La se\u00f1ora Dominga solicita el apoyo para recuperar a su perrita &#39;Dina&#39; que fue robada; as\u00ed ocurri\u00f3 el hecho. <br><br> \ud83d\udcfa <a href=\"https:\/\/twitter.com\/hashtag\/TelediarioMatutino?src=hash&amp;ref_src=twsrc%5Etfw\">#TelediarioMatutino<\/a> con <a href=\"https:\/\/twitter.com\/anyalanis14?ref_src=twsrc%5Etfw\">@anyalanis14<\/a>  <a href=\"https:\/\/twitter.com\/liliana_sosa?ref_src=twsrc%5Etfw\">@liliana_sosa<\/a> y <a href=\"https:\/\/twitter.com\/deividmedrano?ref_src=twsrc%5Etfw\">@deividmedrano<\/a>  \u2b50\ufe0f <a href=\"https:\/\/t.co\/mwuilmhgqv\">pic.twitter.com\/mwuilmhgqv<\/a><\/p>&mdash; @telediario (@telediario) <a href=\"https:\/\/twitter.com\/telediario\/status\/1754511815982084376?ref_src=twsrc%5Etfw\">February 5, 2024<\/a><\/blockquote><script async src=\"https:\/\/platform.twitter.com\/widgets.js\" charset=\"utf-8\"><\/script>\n<\/div><\/figure>\n","protected":false},"excerpt":{"rendered":"<p>Una mujer denunci\u00f3 que su perrita llamada Dina fue robada por un hombre en la calle Hojalater\u00eda el 30 de enero pasado, pero pese a haberlo ubicado, \u00e9l fue puesto en libertad. Los robos en la Ciudad de M\u00e9xico no s\u00f3lo son contra personas en la calle, en el transporte p\u00fablico o en negocios, sino [&hellip;]<\/p>\n","protected":false},"author":9,"featured_media":72986,"comment_status":"open","ping_status":"open","sticky":false,"template":"","format":"standard","meta":{"tdm_status":"","tdm_grid_status":"","footnotes":""},"categories":[40],"tags":[],"class_list":{"0":"post-72983","1":"post","2":"type-post","3":"status-publish","4":"format-standard","5":"has-post-thumbnail","7":"category-las-asombrosas"},"yoast_head":"<!-- This site is optimized with the Yoast SEO plugin v27.5 - https:\/\/yoast.com\/product\/yoast-seo-wordpress\/ -->\n<title>Perrita es robada y presunto responsa ble la vendi\u00f3 por droga; ella a\u00fan no aparece | VIDEO - Fuentes Fidedignas<\/title>\n<meta name=\"robots\" content=\"index, follow, max-snippet:-1, max-image-preview:large, max-video-preview:-1\" \/>\n<link rel=\"canonical\" href=\"https:\/\/fuentesfidedignas.com.mx\/index.php\/2024\/02\/06\/perrita-es-robaday-presunto-responsa-ble-la-vendio-por-droga-ella-aun-no-aparece-video\/\" \/>\n<meta property=\"og:locale\" content=\"es_MX\" \/>\n<meta property=\"og:type\" content=\"article\" \/>\n<meta property=\"og:title\" content=\"Perrita es robada y presunto responsa ble la vendi\u00f3 por droga; ella a\u00fan no aparece | VIDEO - Fuentes Fidedignas\" \/>\n<meta property=\"og:description\" content=\"Una mujer denunci\u00f3 que su perrita llamada Dina fue robada por un hombre en la calle Hojalater\u00eda el 30 de enero pasado, pero pese a haberlo ubicado, \u00e9l fue puesto en libertad. Los robos en la Ciudad de M\u00e9xico no s\u00f3lo son contra personas en la calle, en el transporte p\u00fablico o en negocios, sino [&hellip;]\" \/>\n<meta property=\"og:url\" content=\"https:\/\/fuentesfidedignas.com.mx\/index.php\/2024\/02\/06\/perrita-es-robaday-presunto-responsa-ble-la-vendio-por-droga-ella-aun-no-aparece-video\/\" \/>\n<meta property=\"og:site_name\" content=\"Fuentes Fidedignas\" \/>\n<meta property=\"article:publisher\" content=\"https:\/\/www.facebook.com\/Fuentes-Fidedignas-368234489921644\" \/>\n<meta property=\"article:published_time\" content=\"2024-02-06T12:25:01+00:00\" \/>\n<meta property=\"og:image\" content=\"https:\/\/fuentesfidedignas.com.mx\/wp-content\/uploads\/2024\/02\/PERRA_LADRON.jpg\" \/>\n\t<meta property=\"og:image:width\" content=\"874\" \/>\n\t<meta property=\"og:image:height\" content=\"528\" \/>\n\t<meta property=\"og:image:type\" content=\"image\/jpeg\" \/>\n<meta name=\"author\" content=\"Milenio\" \/>\n<meta name=\"twitter:card\" content=\"summary_large_image\" \/>\n<meta name=\"twitter:creator\" content=\"@fidedignas\" \/>\n<meta name=\"twitter:site\" content=\"@fidedignas\" \/>\n<meta name=\"twitter:label1\" content=\"Escrito por\" \/>\n\t<meta name=\"twitter:data1\" content=\"Milenio\" \/>\n\t<meta name=\"twitter:label2\" content=\"Tiempo de lectura\" \/>\n\t<meta name=\"twitter:data2\" content=\"5 minutos\" \/>\n<script type=\"application\/ld+json\" class=\"yoast-schema-graph\">{\"@context\":\"https:\\\/\\\/schema.org\",\"@graph\":[{\"@type\":\"Article\",\"@id\":\"https:\\\/\\\/fuentesfidedignas.com.mx\\\/index.php\\\/2024\\\/02\\\/06\\\/perrita-es-robaday-presunto-responsa-ble-la-vendio-por-droga-ella-aun-no-aparece-video\\\/#article\",\"isPartOf\":{\"@id\":\"https:\\\/\\\/fuentesfidedignas.com.mx\\\/index.php\\\/2024\\\/02\\\/06\\\/perrita-es-robaday-presunto-responsa-ble-la-vendio-por-droga-ella-aun-no-aparece-video\\\/\"},\"author\":{\"name\":\"Milenio\",\"@id\":\"https:\\\/\\\/fuentesfidedignas.com.mx\\\/#\\\/schema\\\/person\\\/47ec0135738f4b0c7495f06a77a2c976\"},\"headline\":\"Perrita es robada y presunto responsa ble la vendi\u00f3 por droga; ella a\u00fan no aparece | VIDEO\",\"datePublished\":\"2024-02-06T12:25:01+00:00\",\"mainEntityOfPage\":{\"@id\":\"https:\\\/\\\/fuentesfidedignas.com.mx\\\/index.php\\\/2024\\\/02\\\/06\\\/perrita-es-robaday-presunto-responsa-ble-la-vendio-por-droga-ella-aun-no-aparece-video\\\/\"},\"wordCount\":854,\"commentCount\":0,\"publisher\":{\"@id\":\"https:\\\/\\\/fuentesfidedignas.com.mx\\\/#organization\"},\"image\":{\"@id\":\"https:\\\/\\\/fuentesfidedignas.com.mx\\\/index.php\\\/2024\\\/02\\\/06\\\/perrita-es-robaday-presunto-responsa-ble-la-vendio-por-droga-ella-aun-no-aparece-video\\\/#primaryimage\"},\"thumbnailUrl\":\"https:\\\/\\\/fuentesfidedignas.com.mx\\\/wp-content\\\/uploads\\\/2024\\\/02\\\/PERRA_LADRON.jpg\",\"articleSection\":[\"LAS ASOMBROSAS\"],\"inLanguage\":\"es\",\"potentialAction\":[{\"@type\":\"CommentAction\",\"name\":\"Comment\",\"target\":[\"https:\\\/\\\/fuentesfidedignas.com.mx\\\/index.php\\\/2024\\\/02\\\/06\\\/perrita-es-robaday-presunto-responsa-ble-la-vendio-por-droga-ella-aun-no-aparece-video\\\/#respond\"]}]},{\"@type\":\"WebPage\",\"@id\":\"https:\\\/\\\/fuentesfidedignas.com.mx\\\/index.php\\\/2024\\\/02\\\/06\\\/perrita-es-robaday-presunto-responsa-ble-la-vendio-por-droga-ella-aun-no-aparece-video\\\/\",\"url\":\"https:\\\/\\\/fuentesfidedignas.com.mx\\\/index.php\\\/2024\\\/02\\\/06\\\/perrita-es-robaday-presunto-responsa-ble-la-vendio-por-droga-ella-aun-no-aparece-video\\\/\",\"name\":\"Perrita es robada y presunto responsa ble la vendi\u00f3 por droga; ella a\u00fan no aparece | VIDEO - Fuentes Fidedignas\",\"isPartOf\":{\"@id\":\"https:\\\/\\\/fuentesfidedignas.com.mx\\\/#website\"},\"primaryImageOfPage\":{\"@id\":\"https:\\\/\\\/fuentesfidedignas.com.mx\\\/index.php\\\/2024\\\/02\\\/06\\\/perrita-es-robaday-presunto-responsa-ble-la-vendio-por-droga-ella-aun-no-aparece-video\\\/#primaryimage\"},\"image\":{\"@id\":\"https:\\\/\\\/fuentesfidedignas.com.mx\\\/index.php\\\/2024\\\/02\\\/06\\\/perrita-es-robaday-presunto-responsa-ble-la-vendio-por-droga-ella-aun-no-aparece-video\\\/#primaryimage\"},\"thumbnailUrl\":\"https:\\\/\\\/fuentesfidedignas.com.mx\\\/wp-content\\\/uploads\\\/2024\\\/02\\\/PERRA_LADRON.jpg\",\"datePublished\":\"2024-02-06T12:25:01+00:00\",\"breadcrumb\":{\"@id\":\"https:\\\/\\\/fuentesfidedignas.com.mx\\\/index.php\\\/2024\\\/02\\\/06\\\/perrita-es-robaday-presunto-responsa-ble-la-vendio-por-droga-ella-aun-no-aparece-video\\\/#breadcrumb\"},\"inLanguage\":\"es\",\"potentialAction\":[{\"@type\":\"ReadAction\",\"target\":[\"https:\\\/\\\/fuentesfidedignas.com.mx\\\/index.php\\\/2024\\\/02\\\/06\\\/perrita-es-robaday-presunto-responsa-ble-la-vendio-por-droga-ella-aun-no-aparece-video\\\/\"]}]},{\"@type\":\"ImageObject\",\"inLanguage\":\"es\",\"@id\":\"https:\\\/\\\/fuentesfidedignas.com.mx\\\/index.php\\\/2024\\\/02\\\/06\\\/perrita-es-robaday-presunto-responsa-ble-la-vendio-por-droga-ella-aun-no-aparece-video\\\/#primaryimage\",\"url\":\"https:\\\/\\\/fuentesfidedignas.com.mx\\\/wp-content\\\/uploads\\\/2024\\\/02\\\/PERRA_LADRON.jpg\",\"contentUrl\":\"https:\\\/\\\/fuentesfidedignas.com.mx\\\/wp-content\\\/uploads\\\/2024\\\/02\\\/PERRA_LADRON.jpg\",\"width\":874,\"height\":528},{\"@type\":\"BreadcrumbList\",\"@id\":\"https:\\\/\\\/fuentesfidedignas.com.mx\\\/index.php\\\/2024\\\/02\\\/06\\\/perrita-es-robaday-presunto-responsa-ble-la-vendio-por-droga-ella-aun-no-aparece-video\\\/#breadcrumb\",\"itemListElement\":[{\"@type\":\"ListItem\",\"position\":1,\"name\":\"Inicio\",\"item\":\"https:\\\/\\\/fuentesfidedignas.com.mx\\\/\"},{\"@type\":\"ListItem\",\"position\":2,\"name\":\"Perrita es robada y presunto responsa ble la vendi\u00f3 por droga; ella a\u00fan no aparece | VIDEO\"}]},{\"@type\":\"WebSite\",\"@id\":\"https:\\\/\\\/fuentesfidedignas.com.mx\\\/#website\",\"url\":\"https:\\\/\\\/fuentesfidedignas.com.mx\\\/\",\"name\":\"Fuentes Fidedignas\",\"description\":\"Otro sitio realizado con WordPress\",\"publisher\":{\"@id\":\"https:\\\/\\\/fuentesfidedignas.com.mx\\\/#organization\"},\"potentialAction\":[{\"@type\":\"SearchAction\",\"target\":{\"@type\":\"EntryPoint\",\"urlTemplate\":\"https:\\\/\\\/fuentesfidedignas.com.mx\\\/?s={search_term_string}\"},\"query-input\":{\"@type\":\"PropertyValueSpecification\",\"valueRequired\":true,\"valueName\":\"search_term_string\"}}],\"inLanguage\":\"es\"},{\"@type\":\"Organization\",\"@id\":\"https:\\\/\\\/fuentesfidedignas.com.mx\\\/#organization\",\"name\":\"Fuentes Fidedignas\",\"url\":\"https:\\\/\\\/fuentesfidedignas.com.mx\\\/\",\"logo\":{\"@type\":\"ImageObject\",\"inLanguage\":\"es\",\"@id\":\"https:\\\/\\\/fuentesfidedignas.com.mx\\\/#\\\/schema\\\/logo\\\/image\\\/\",\"url\":\"https:\\\/\\\/fuentesfidedignas.com.mx\\\/wp-content\\\/uploads\\\/2021\\\/04\\\/logo-retina.png\",\"contentUrl\":\"https:\\\/\\\/fuentesfidedignas.com.mx\\\/wp-content\\\/uploads\\\/2021\\\/04\\\/logo-retina.png\",\"width\":280,\"height\":51,\"caption\":\"Fuentes Fidedignas\"},\"image\":{\"@id\":\"https:\\\/\\\/fuentesfidedignas.com.mx\\\/#\\\/schema\\\/logo\\\/image\\\/\"},\"sameAs\":[\"https:\\\/\\\/www.facebook.com\\\/Fuentes-Fidedignas-368234489921644\",\"https:\\\/\\\/x.com\\\/fidedignas\"]},{\"@type\":\"Person\",\"@id\":\"https:\\\/\\\/fuentesfidedignas.com.mx\\\/#\\\/schema\\\/person\\\/47ec0135738f4b0c7495f06a77a2c976\",\"name\":\"Milenio\",\"image\":{\"@type\":\"ImageObject\",\"inLanguage\":\"es\",\"@id\":\"https:\\\/\\\/secure.gravatar.com\\\/avatar\\\/acabf7b54753e51c2c76457954577c236b3b764789b19879565769739d1e4a75?s=96&d=mm&r=g\",\"url\":\"https:\\\/\\\/secure.gravatar.com\\\/avatar\\\/acabf7b54753e51c2c76457954577c236b3b764789b19879565769739d1e4a75?s=96&d=mm&r=g\",\"contentUrl\":\"https:\\\/\\\/secure.gravatar.com\\\/avatar\\\/acabf7b54753e51c2c76457954577c236b3b764789b19879565769739d1e4a75?s=96&d=mm&r=g\",\"caption\":\"Milenio\"},\"url\":\"https:\\\/\\\/fuentesfidedignas.com.mx\\\/index.php\\\/author\\\/milenio\\\/\"}]}<\/script>\n<!-- \/ Yoast SEO plugin. -->","yoast_head_json":{"title":"Perrita es robada y presunto responsa ble la vendi\u00f3 por droga; ella a\u00fan no aparece | VIDEO - Fuentes Fidedignas","robots":{"index":"index","follow":"follow","max-snippet":"max-snippet:-1","max-image-preview":"max-image-preview:large","max-video-preview":"max-video-preview:-1"},"canonical":"https:\/\/fuentesfidedignas.com.mx\/index.php\/2024\/02\/06\/perrita-es-robaday-presunto-responsa-ble-la-vendio-por-droga-ella-aun-no-aparece-video\/","og_locale":"es_MX","og_type":"article","og_title":"Perrita es robada y presunto responsa ble la vendi\u00f3 por droga; ella a\u00fan no aparece | VIDEO - Fuentes Fidedignas","og_description":"Una mujer denunci\u00f3 que su perrita llamada Dina fue robada por un hombre en la calle Hojalater\u00eda el 30 de enero pasado, pero pese a haberlo ubicado, \u00e9l fue puesto en libertad. Los robos en la Ciudad de M\u00e9xico no s\u00f3lo son contra personas en la calle, en el transporte p\u00fablico o en negocios, sino [&hellip;]","og_url":"https:\/\/fuentesfidedignas.com.mx\/index.php\/2024\/02\/06\/perrita-es-robaday-presunto-responsa-ble-la-vendio-por-droga-ella-aun-no-aparece-video\/","og_site_name":"Fuentes Fidedignas","article_publisher":"https:\/\/www.facebook.com\/Fuentes-Fidedignas-368234489921644","article_published_time":"2024-02-06T12:25:01+00:00","og_image":[{"width":874,"height":528,"url":"https:\/\/fuentesfidedignas.com.mx\/wp-content\/uploads\/2024\/02\/PERRA_LADRON.jpg","type":"image\/jpeg"}],"author":"Milenio","twitter_card":"summary_large_image","twitter_creator":"@fidedignas","twitter_site":"@fidedignas","twitter_misc":{"Escrito por":"Milenio","Tiempo de lectura":"5 minutos"},"schema":{"@context":"https:\/\/schema.org","@graph":[{"@type":"Article","@id":"https:\/\/fuentesfidedignas.com.mx\/index.php\/2024\/02\/06\/perrita-es-robaday-presunto-responsa-ble-la-vendio-por-droga-ella-aun-no-aparece-video\/#article","isPartOf":{"@id":"https:\/\/fuentesfidedignas.com.mx\/index.php\/2024\/02\/06\/perrita-es-robaday-presunto-responsa-ble-la-vendio-por-droga-ella-aun-no-aparece-video\/"},"author":{"name":"Milenio","@id":"https:\/\/fuentesfidedignas.com.mx\/#\/schema\/person\/47ec0135738f4b0c7495f06a77a2c976"},"headline":"Perrita es robada y presunto responsa ble la vendi\u00f3 por droga; ella a\u00fan no aparece | VIDEO","datePublished":"2024-02-06T12:25:01+00:00","mainEntityOfPage":{"@id":"https:\/\/fuentesfidedignas.com.mx\/index.php\/2024\/02\/06\/perrita-es-robaday-presunto-responsa-ble-la-vendio-por-droga-ella-aun-no-aparece-video\/"},"wordCount":854,"commentCount":0,"publisher":{"@id":"https:\/\/fuentesfidedignas.com.mx\/#organization"},"image":{"@id":"https:\/\/fuentesfidedignas.com.mx\/index.php\/2024\/02\/06\/perrita-es-robaday-presunto-responsa-ble-la-vendio-por-droga-ella-aun-no-aparece-video\/#primaryimage"},"thumbnailUrl":"https:\/\/fuentesfidedignas.com.mx\/wp-content\/uploads\/2024\/02\/PERRA_LADRON.jpg","articleSection":["LAS ASOMBROSAS"],"inLanguage":"es","potentialAction":[{"@type":"CommentAction","name":"Comment","target":["https:\/\/fuentesfidedignas.com.mx\/index.php\/2024\/02\/06\/perrita-es-robaday-presunto-responsa-ble-la-vendio-por-droga-ella-aun-no-aparece-video\/#respond"]}]},{"@type":"WebPage","@id":"https:\/\/fuentesfidedignas.com.mx\/index.php\/2024\/02\/06\/perrita-es-robaday-presunto-responsa-ble-la-vendio-por-droga-ella-aun-no-aparece-video\/","url":"https:\/\/fuentesfidedignas.com.mx\/index.php\/2024\/02\/06\/perrita-es-robaday-presunto-responsa-ble-la-vendio-por-droga-ella-aun-no-aparece-video\/","name":"Perrita es robada y presunto responsa ble la vendi\u00f3 por droga; ella a\u00fan no aparece | VIDEO - Fuentes Fidedignas","isPartOf":{"@id":"https:\/\/fuentesfidedignas.com.mx\/#website"},"primaryImageOfPage":{"@id":"https:\/\/fuentesfidedignas.com.mx\/index.php\/2024\/02\/06\/perrita-es-robaday-presunto-responsa-ble-la-vendio-por-droga-ella-aun-no-aparece-video\/#primaryimage"},"image":{"@id":"https:\/\/fuentesfidedignas.com.mx\/index.php\/2024\/02\/06\/perrita-es-robaday-presunto-responsa-ble-la-vendio-por-droga-ella-aun-no-aparece-video\/#primaryimage"},"thumbnailUrl":"https:\/\/fuentesfidedignas.com.mx\/wp-content\/uploads\/2024\/02\/PERRA_LADRON.jpg","datePublished":"2024-02-06T12:25:01+00:00","breadcrumb":{"@id":"https:\/\/fuentesfidedignas.com.mx\/index.php\/2024\/02\/06\/perrita-es-robaday-presunto-responsa-ble-la-vendio-por-droga-ella-aun-no-aparece-video\/#breadcrumb"},"inLanguage":"es","potentialAction":[{"@type":"ReadAction","target":["https:\/\/fuentesfidedignas.com.mx\/index.php\/2024\/02\/06\/perrita-es-robaday-presunto-responsa-ble-la-vendio-por-droga-ella-aun-no-aparece-video\/"]}]},{"@type":"ImageObject","inLanguage":"es","@id":"https:\/\/fuentesfidedignas.com.mx\/index.php\/2024\/02\/06\/perrita-es-robaday-presunto-responsa-ble-la-vendio-por-droga-ella-aun-no-aparece-video\/#primaryimage","url":"https:\/\/fuentesfidedignas.com.mx\/wp-content\/uploads\/2024\/02\/PERRA_LADRON.jpg","contentUrl":"https:\/\/fuentesfidedignas.com.mx\/wp-content\/uploads\/2024\/02\/PERRA_LADRON.jpg","width":874,"height":528},{"@type":"BreadcrumbList","@id":"https:\/\/fuentesfidedignas.com.mx\/index.php\/2024\/02\/06\/perrita-es-robaday-presunto-responsa-ble-la-vendio-por-droga-ella-aun-no-aparece-video\/#breadcrumb","itemListElement":[{"@type":"ListItem","position":1,"name":"Inicio","item":"https:\/\/fuentesfidedignas.com.mx\/"},{"@type":"ListItem","position":2,"name":"Perrita es robada y presunto responsa ble la vendi\u00f3 por droga; ella a\u00fan no aparece | VIDEO"}]},{"@type":"WebSite","@id":"https:\/\/fuentesfidedignas.com.mx\/#website","url":"https:\/\/fuentesfidedignas.com.mx\/","name":"Fuentes Fidedignas","description":"Otro sitio realizado con WordPress","publisher":{"@id":"https:\/\/fuentesfidedignas.com.mx\/#organization"},"potentialAction":[{"@type":"SearchAction","target":{"@type":"EntryPoint","urlTemplate":"https:\/\/fuentesfidedignas.com.mx\/?s={search_term_string}"},"query-input":{"@type":"PropertyValueSpecification","valueRequired":true,"valueName":"search_term_string"}}],"inLanguage":"es"},{"@type":"Organization","@id":"https:\/\/fuentesfidedignas.com.mx\/#organization","name":"Fuentes Fidedignas","url":"https:\/\/fuentesfidedignas.com.mx\/","logo":{"@type":"ImageObject","inLanguage":"es","@id":"https:\/\/fuentesfidedignas.com.mx\/#\/schema\/logo\/image\/","url":"https:\/\/fuentesfidedignas.com.mx\/wp-content\/uploads\/2021\/04\/logo-retina.png","contentUrl":"https:\/\/fuentesfidedignas.com.mx\/wp-content\/uploads\/2021\/04\/logo-retina.png","width":280,"height":51,"caption":"Fuentes Fidedignas"},"image":{"@id":"https:\/\/fuentesfidedignas.com.mx\/#\/schema\/logo\/image\/"},"sameAs":["https:\/\/www.facebook.com\/Fuentes-Fidedignas-368234489921644","https:\/\/x.com\/fidedignas"]},{"@type":"Person","@id":"https:\/\/fuentesfidedignas.com.mx\/#\/schema\/person\/47ec0135738f4b0c7495f06a77a2c976","name":"Milenio","image":{"@type":"ImageObject","inLanguage":"es","@id":"https:\/\/secure.gravatar.com\/avatar\/acabf7b54753e51c2c76457954577c236b3b764789b19879565769739d1e4a75?s=96&d=mm&r=g","url":"https:\/\/secure.gravatar.com\/avatar\/acabf7b54753e51c2c76457954577c236b3b764789b19879565769739d1e4a75?s=96&d=mm&r=g","contentUrl":"https:\/\/secure.gravatar.com\/avatar\/acabf7b54753e51c2c76457954577c236b3b764789b19879565769739d1e4a75?s=96&d=mm&r=g","caption":"Milenio"},"url":"https:\/\/fuentesfidedignas.com.mx\/index.php\/author\/milenio\/"}]}},"_links":{"self":[{"href":"https:\/\/fuentesfidedignas.com.mx\/index.php\/wp-json\/wp\/v2\/posts\/72983","targetHints":{"allow":["GET"]}}],"collection":[{"href":"https:\/\/fuentesfidedignas.com.mx\/index.php\/wp-json\/wp\/v2\/posts"}],"about":[{"href":"https:\/\/fuentesfidedignas.com.mx\/index.php\/wp-json\/wp\/v2\/types\/post"}],"author":[{"embeddable":true,"href":"https:\/\/fuentesfidedignas.com.mx\/index.php\/wp-json\/wp\/v2\/users\/9"}],"replies":[{"embeddable":true,"href":"https:\/\/fuentesfidedignas.com.mx\/index.php\/wp-json\/wp\/v2\/comments?post=72983"}],"version-history":[{"count":3,"href":"https:\/\/fuentesfidedignas.com.mx\/index.php\/wp-json\/wp\/v2\/posts\/72983\/revisions"}],"predecessor-version":[{"id":73010,"href":"https:\/\/fuentesfidedignas.com.mx\/index.php\/wp-json\/wp\/v2\/posts\/72983\/revisions\/73010"}],"wp:featuredmedia":[{"embeddable":true,"href":"https:\/\/fuentesfidedignas.com.mx\/index.php\/wp-json\/wp\/v2\/media\/72986"}],"wp:attachment":[{"href":"https:\/\/fuentesfidedignas.com.mx\/index.php\/wp-json\/wp\/v2\/media?parent=72983"}],"wp:term":[{"taxonomy":"category","embeddable":true,"href":"https:\/\/fuentesfidedignas.com.mx\/index.php\/wp-json\/wp\/v2\/categories?post=72983"},{"taxonomy":"post_tag","embeddable":true,"href":"https:\/\/fuentesfidedignas.com.mx\/index.php\/wp-json\/wp\/v2\/tags?post=72983"}],"curies":[{"name":"wp","href":"https:\/\/api.w.org\/{rel}","templated":true}]}}