{"id":72954,"date":"2024-02-05T10:04:03","date_gmt":"2024-02-05T17:04:03","guid":{"rendered":"https:\/\/fuentesfidedignas.com.mx\/?p=72954"},"modified":"2024-02-05T10:04:03","modified_gmt":"2024-02-05T17:04:03","slug":"transportistas-niegan-acuerdo-con-gobierno-y-senalan-que-paro-nacional-sigue-en-pie","status":"publish","type":"post","link":"https:\/\/fuentesfidedignas.com.mx\/index.php\/2024\/02\/05\/transportistas-niegan-acuerdo-con-gobierno-y-senalan-que-paro-nacional-sigue-en-pie\/","title":{"rendered":"Transportistas niegan acuerdo con Gobierno y se\u00f1alan que paro nacional sigue en pie"},"content":{"rendered":"\n<p><strong><em>Transportistas de la Indeco dejaron en claro que no pactaron con el Gobierno y que el paro nacional de este lunes sigue su curso<\/em><\/strong><\/p>\n\n\n\n<p>Ciudad de M\u00e9xico.- Transportistas que integran la Organizaci\u00f3n Integradora de Derechos Convencionales, A.C. (Indeco) dejaron en claro que no pactaron con el Gobierno y que realizar\u00e1n el paro nacional que tienen contemplado para este lunes 5 de febrero, en protesta por los asaltos y violencia en carreteras del pa\u00eds.<\/p>\n\n\n\n<p>En entrevista con Radio F\u00f3rmula, el presidente de la Indeco, Ignacio Granados, desminti\u00f3 el comunicado del Gobierno mexicano en el sentido de que no se realizar\u00eda el paro nacional.<\/p>\n\n\n\n<p>&#8220;Seguimos en el paro, no entendemos cu\u00e1l fue la intenci\u00f3n de la Segob con el comunicado; tenemos convocados en todo el pa\u00eds a 150 mil transportistas, a las 08:00 h\u201d, apunt\u00f3 en entrevista para Azucena Uresti.<\/p>\n\n\n\n<p>\u201cTenemos gente en el Arco Norte, en Monterrey, Chiapas, Jalisco (\u2026) La reuni\u00f3n fue el s\u00e1bado con Segob, pero nunca se acord\u00f3 que no habr\u00eda paro\u201d, puntualiz\u00f3 el dirigente de transportistas.<\/p>\n\n\n\n<p>El Gobierno de M\u00e9xico inform\u00f3 en la previa del acuerdo alcanzado con la Federaci\u00f3n Mexicoamericana de Transportistas (Fematrac) para evitar un paro de labores este lunes y dise\u00f1ar acciones que atiendan la inseguridad en las carreteras.<\/p>\n\n\n\n<blockquote class=\"twitter-tweet\"><p lang=\"es\" dir=\"ltr\">\u2b55<a href=\"https:\/\/twitter.com\/hashtag\/Gobernaci%C3%B3nInforma?src=hash&amp;ref_src=twsrc%5Etfw\">#Gobernaci\u00f3nInforma<\/a> | <a href=\"https:\/\/twitter.com\/GobiernoMX?ref_src=twsrc%5Etfw\">@GobiernoMX<\/a> y autotransportistas acuerdan continuar mesas de trabajo y evitar paro nacional.<br><br>\u2022 Entre los temas a tratar destacan seguridad en carreteras, que estar\u00e1 a cargo de <a href=\"https:\/\/twitter.com\/SSPCMexico?ref_src=twsrc%5Etfw\">@SSPCMexico<\/a> y <a href=\"https:\/\/twitter.com\/GN_MEXICO_?ref_src=twsrc%5Etfw\">@GN_MEXICO_<\/a>, as\u00ed como atenci\u00f3n administrativa, que corresponder\u00e1\u2026 <a href=\"https:\/\/t.co\/WBaUpA7yUb\">pic.twitter.com\/WBaUpA7yUb<\/a><\/p>&mdash; Gobernaci\u00f3n (@SEGOB_mx) <a href=\"https:\/\/twitter.com\/SEGOB_mx\/status\/1754196474336854143?ref_src=twsrc%5Etfw\">February 4, 2024<\/a><\/blockquote> <script async src=\"https:\/\/platform.twitter.com\/widgets.js\" charset=\"utf-8\"><\/script>\n\n\n\n<p>La Secretar\u00eda de Infraestructura, Comunicaciones y Transporte (SICT) detall\u00f3 en un comunicado que, entre los acuerdos, destac\u00f3 la creaci\u00f3n de tres mesas de trabajo en materia de seguridad, administrativa y de coordinaci\u00f3n.<\/p>\n\n\n\n<p>En espec\u00edfico, se acord\u00f3 la coordinaci\u00f3n de seguridad en carreteras por parte de la Secretar\u00eda de Seguridad y Protecci\u00f3n Civil (SSPC) y la Guardia Nacional; atenci\u00f3n administrativa por parte de la Secretar\u00eda de Gobernaci\u00f3n (Segob) y SICT; as\u00ed como enlace con las autoridades estatales y municipales y de la Segob.<\/p>\n\n\n\n<p>\u201cDerivado de la mesa de di\u00e1logo en la Secretar\u00eda de Gobernaci\u00f3n, las organizaciones informaron que no realizar\u00e1n ning\u00fan paro nacional ni bloqueo de v\u00edas federales en las manifestaciones que realicen con sus agremiados\u201d, apunt\u00f3.<\/p>\n\n\n\n<p>La reuni\u00f3n se dio entre autoridades del Gobierno mexicano y representantes gremiales de la Fematrac, que integra tambi\u00e9n la Organizaci\u00f3n Integradora de Derechos Convencionales, Alianza Mexicana de Transportistas y Uni\u00f3n de Transportistas de Carga.<\/p>\n\n\n\n<p>El paro de los transportadores est\u00e1 programado a las 08:00 h de este lunes 5 de febrero, D\u00eda de la Constituci\u00f3n, siendo la inseguridad en las carreteras el principal motivador para exigir a las autoridades una soluci\u00f3n.<\/p>\n","protected":false},"excerpt":{"rendered":"<p>Transportistas de la Indeco dejaron en claro que no pactaron con el Gobierno y que el paro nacional de este lunes sigue su curso Ciudad de M\u00e9xico.- Transportistas que integran la Organizaci\u00f3n Integradora de Derechos Convencionales, A.C. (Indeco) dejaron en claro que no pactaron con el Gobierno y que realizar\u00e1n el paro nacional que tienen [&hellip;]<\/p>\n","protected":false},"author":47,"featured_media":56390,"comment_status":"open","ping_status":"open","sticky":false,"template":"","format":"standard","meta":{"tdm_status":"","tdm_grid_status":"","footnotes":""},"categories":[39],"tags":[],"class_list":{"0":"post-72954","1":"post","2":"type-post","3":"status-publish","4":"format-standard","5":"has-post-thumbnail","7":"category-noticias-nacionales"},"yoast_head":"<!-- This site is optimized with the Yoast SEO plugin v27.5 - https:\/\/yoast.com\/product\/yoast-seo-wordpress\/ -->\n<title>Transportistas niegan acuerdo con Gobierno y se\u00f1alan que paro nacional sigue en pie - Fuentes Fidedignas<\/title>\n<meta name=\"robots\" content=\"index, follow, max-snippet:-1, max-image-preview:large, max-video-preview:-1\" \/>\n<link rel=\"canonical\" href=\"https:\/\/fuentesfidedignas.com.mx\/index.php\/2024\/02\/05\/transportistas-niegan-acuerdo-con-gobierno-y-senalan-que-paro-nacional-sigue-en-pie\/\" \/>\n<meta property=\"og:locale\" content=\"es_MX\" \/>\n<meta property=\"og:type\" content=\"article\" \/>\n<meta property=\"og:title\" content=\"Transportistas niegan acuerdo con Gobierno y se\u00f1alan que paro nacional sigue en pie - Fuentes Fidedignas\" \/>\n<meta property=\"og:description\" content=\"Transportistas de la Indeco dejaron en claro que no pactaron con el Gobierno y que el paro nacional de este lunes sigue su curso Ciudad de M\u00e9xico.- Transportistas que integran la Organizaci\u00f3n Integradora de Derechos Convencionales, A.C. (Indeco) dejaron en claro que no pactaron con el Gobierno y que realizar\u00e1n el paro nacional que tienen [&hellip;]\" \/>\n<meta property=\"og:url\" content=\"https:\/\/fuentesfidedignas.com.mx\/index.php\/2024\/02\/05\/transportistas-niegan-acuerdo-con-gobierno-y-senalan-que-paro-nacional-sigue-en-pie\/\" \/>\n<meta property=\"og:site_name\" content=\"Fuentes Fidedignas\" \/>\n<meta property=\"article:publisher\" content=\"https:\/\/www.facebook.com\/Fuentes-Fidedignas-368234489921644\" \/>\n<meta property=\"article:published_time\" content=\"2024-02-05T17:04:03+00:00\" \/>\n<meta property=\"og:image\" content=\"https:\/\/fuentesfidedignas.com.mx\/wp-content\/uploads\/2023\/08\/bloqueo-de-transportistas-en-la-autopista-mexico-pachuca.jpg\" \/>\n\t<meta property=\"og:image:width\" content=\"1600\" \/>\n\t<meta property=\"og:image:height\" content=\"1201\" \/>\n\t<meta property=\"og:image:type\" content=\"image\/jpeg\" \/>\n<meta name=\"author\" content=\"L\u00f3pez D\u00f3riga\" \/>\n<meta name=\"twitter:card\" content=\"summary_large_image\" \/>\n<meta name=\"twitter:creator\" content=\"@fidedignas\" \/>\n<meta name=\"twitter:site\" content=\"@fidedignas\" \/>\n<meta name=\"twitter:label1\" content=\"Escrito por\" \/>\n\t<meta name=\"twitter:data1\" content=\"L\u00f3pez D\u00f3riga\" \/>\n\t<meta name=\"twitter:label2\" content=\"Tiempo de lectura\" \/>\n\t<meta name=\"twitter:data2\" content=\"2 minutos\" \/>\n<script type=\"application\/ld+json\" class=\"yoast-schema-graph\">{\"@context\":\"https:\\\/\\\/schema.org\",\"@graph\":[{\"@type\":\"Article\",\"@id\":\"https:\\\/\\\/fuentesfidedignas.com.mx\\\/index.php\\\/2024\\\/02\\\/05\\\/transportistas-niegan-acuerdo-con-gobierno-y-senalan-que-paro-nacional-sigue-en-pie\\\/#article\",\"isPartOf\":{\"@id\":\"https:\\\/\\\/fuentesfidedignas.com.mx\\\/index.php\\\/2024\\\/02\\\/05\\\/transportistas-niegan-acuerdo-con-gobierno-y-senalan-que-paro-nacional-sigue-en-pie\\\/\"},\"author\":{\"name\":\"L\u00f3pez D\u00f3riga\",\"@id\":\"https:\\\/\\\/fuentesfidedignas.com.mx\\\/#\\\/schema\\\/person\\\/67d852f0557c8509146a4b9ddebd543a\"},\"headline\":\"Transportistas niegan acuerdo con Gobierno y se\u00f1alan que paro nacional sigue en pie\",\"datePublished\":\"2024-02-05T17:04:03+00:00\",\"mainEntityOfPage\":{\"@id\":\"https:\\\/\\\/fuentesfidedignas.com.mx\\\/index.php\\\/2024\\\/02\\\/05\\\/transportistas-niegan-acuerdo-con-gobierno-y-senalan-que-paro-nacional-sigue-en-pie\\\/\"},\"wordCount\":490,\"commentCount\":0,\"publisher\":{\"@id\":\"https:\\\/\\\/fuentesfidedignas.com.mx\\\/#organization\"},\"image\":{\"@id\":\"https:\\\/\\\/fuentesfidedignas.com.mx\\\/index.php\\\/2024\\\/02\\\/05\\\/transportistas-niegan-acuerdo-con-gobierno-y-senalan-que-paro-nacional-sigue-en-pie\\\/#primaryimage\"},\"thumbnailUrl\":\"https:\\\/\\\/fuentesfidedignas.com.mx\\\/wp-content\\\/uploads\\\/2023\\\/08\\\/bloqueo-de-transportistas-en-la-autopista-mexico-pachuca.jpg\",\"articleSection\":[\"NOTICIAS NACIONALES\"],\"inLanguage\":\"es\",\"potentialAction\":[{\"@type\":\"CommentAction\",\"name\":\"Comment\",\"target\":[\"https:\\\/\\\/fuentesfidedignas.com.mx\\\/index.php\\\/2024\\\/02\\\/05\\\/transportistas-niegan-acuerdo-con-gobierno-y-senalan-que-paro-nacional-sigue-en-pie\\\/#respond\"]}]},{\"@type\":\"WebPage\",\"@id\":\"https:\\\/\\\/fuentesfidedignas.com.mx\\\/index.php\\\/2024\\\/02\\\/05\\\/transportistas-niegan-acuerdo-con-gobierno-y-senalan-que-paro-nacional-sigue-en-pie\\\/\",\"url\":\"https:\\\/\\\/fuentesfidedignas.com.mx\\\/index.php\\\/2024\\\/02\\\/05\\\/transportistas-niegan-acuerdo-con-gobierno-y-senalan-que-paro-nacional-sigue-en-pie\\\/\",\"name\":\"Transportistas niegan acuerdo con Gobierno y se\u00f1alan que paro nacional sigue en pie - Fuentes Fidedignas\",\"isPartOf\":{\"@id\":\"https:\\\/\\\/fuentesfidedignas.com.mx\\\/#website\"},\"primaryImageOfPage\":{\"@id\":\"https:\\\/\\\/fuentesfidedignas.com.mx\\\/index.php\\\/2024\\\/02\\\/05\\\/transportistas-niegan-acuerdo-con-gobierno-y-senalan-que-paro-nacional-sigue-en-pie\\\/#primaryimage\"},\"image\":{\"@id\":\"https:\\\/\\\/fuentesfidedignas.com.mx\\\/index.php\\\/2024\\\/02\\\/05\\\/transportistas-niegan-acuerdo-con-gobierno-y-senalan-que-paro-nacional-sigue-en-pie\\\/#primaryimage\"},\"thumbnailUrl\":\"https:\\\/\\\/fuentesfidedignas.com.mx\\\/wp-content\\\/uploads\\\/2023\\\/08\\\/bloqueo-de-transportistas-en-la-autopista-mexico-pachuca.jpg\",\"datePublished\":\"2024-02-05T17:04:03+00:00\",\"breadcrumb\":{\"@id\":\"https:\\\/\\\/fuentesfidedignas.com.mx\\\/index.php\\\/2024\\\/02\\\/05\\\/transportistas-niegan-acuerdo-con-gobierno-y-senalan-que-paro-nacional-sigue-en-pie\\\/#breadcrumb\"},\"inLanguage\":\"es\",\"potentialAction\":[{\"@type\":\"ReadAction\",\"target\":[\"https:\\\/\\\/fuentesfidedignas.com.mx\\\/index.php\\\/2024\\\/02\\\/05\\\/transportistas-niegan-acuerdo-con-gobierno-y-senalan-que-paro-nacional-sigue-en-pie\\\/\"]}]},{\"@type\":\"ImageObject\",\"inLanguage\":\"es\",\"@id\":\"https:\\\/\\\/fuentesfidedignas.com.mx\\\/index.php\\\/2024\\\/02\\\/05\\\/transportistas-niegan-acuerdo-con-gobierno-y-senalan-que-paro-nacional-sigue-en-pie\\\/#primaryimage\",\"url\":\"https:\\\/\\\/fuentesfidedignas.com.mx\\\/wp-content\\\/uploads\\\/2023\\\/08\\\/bloqueo-de-transportistas-en-la-autopista-mexico-pachuca.jpg\",\"contentUrl\":\"https:\\\/\\\/fuentesfidedignas.com.mx\\\/wp-content\\\/uploads\\\/2023\\\/08\\\/bloqueo-de-transportistas-en-la-autopista-mexico-pachuca.jpg\",\"width\":1600,\"height\":1201},{\"@type\":\"BreadcrumbList\",\"@id\":\"https:\\\/\\\/fuentesfidedignas.com.mx\\\/index.php\\\/2024\\\/02\\\/05\\\/transportistas-niegan-acuerdo-con-gobierno-y-senalan-que-paro-nacional-sigue-en-pie\\\/#breadcrumb\",\"itemListElement\":[{\"@type\":\"ListItem\",\"position\":1,\"name\":\"Inicio\",\"item\":\"https:\\\/\\\/fuentesfidedignas.com.mx\\\/\"},{\"@type\":\"ListItem\",\"position\":2,\"name\":\"Transportistas niegan acuerdo con Gobierno y se\u00f1alan que paro nacional sigue en pie\"}]},{\"@type\":\"WebSite\",\"@id\":\"https:\\\/\\\/fuentesfidedignas.com.mx\\\/#website\",\"url\":\"https:\\\/\\\/fuentesfidedignas.com.mx\\\/\",\"name\":\"Fuentes Fidedignas\",\"description\":\"Otro sitio realizado con WordPress\",\"publisher\":{\"@id\":\"https:\\\/\\\/fuentesfidedignas.com.mx\\\/#organization\"},\"potentialAction\":[{\"@type\":\"SearchAction\",\"target\":{\"@type\":\"EntryPoint\",\"urlTemplate\":\"https:\\\/\\\/fuentesfidedignas.com.mx\\\/?s={search_term_string}\"},\"query-input\":{\"@type\":\"PropertyValueSpecification\",\"valueRequired\":true,\"valueName\":\"search_term_string\"}}],\"inLanguage\":\"es\"},{\"@type\":\"Organization\",\"@id\":\"https:\\\/\\\/fuentesfidedignas.com.mx\\\/#organization\",\"name\":\"Fuentes Fidedignas\",\"url\":\"https:\\\/\\\/fuentesfidedignas.com.mx\\\/\",\"logo\":{\"@type\":\"ImageObject\",\"inLanguage\":\"es\",\"@id\":\"https:\\\/\\\/fuentesfidedignas.com.mx\\\/#\\\/schema\\\/logo\\\/image\\\/\",\"url\":\"https:\\\/\\\/fuentesfidedignas.com.mx\\\/wp-content\\\/uploads\\\/2021\\\/04\\\/logo-retina.png\",\"contentUrl\":\"https:\\\/\\\/fuentesfidedignas.com.mx\\\/wp-content\\\/uploads\\\/2021\\\/04\\\/logo-retina.png\",\"width\":280,\"height\":51,\"caption\":\"Fuentes Fidedignas\"},\"image\":{\"@id\":\"https:\\\/\\\/fuentesfidedignas.com.mx\\\/#\\\/schema\\\/logo\\\/image\\\/\"},\"sameAs\":[\"https:\\\/\\\/www.facebook.com\\\/Fuentes-Fidedignas-368234489921644\",\"https:\\\/\\\/x.com\\\/fidedignas\"]},{\"@type\":\"Person\",\"@id\":\"https:\\\/\\\/fuentesfidedignas.com.mx\\\/#\\\/schema\\\/person\\\/67d852f0557c8509146a4b9ddebd543a\",\"name\":\"L\u00f3pez D\u00f3riga\",\"image\":{\"@type\":\"ImageObject\",\"inLanguage\":\"es\",\"@id\":\"https:\\\/\\\/secure.gravatar.com\\\/avatar\\\/e525b06574ca18b33cded59dfe5778d6c823b9513154eff47da551b0551bdd1e?s=96&d=mm&r=g\",\"url\":\"https:\\\/\\\/secure.gravatar.com\\\/avatar\\\/e525b06574ca18b33cded59dfe5778d6c823b9513154eff47da551b0551bdd1e?s=96&d=mm&r=g\",\"contentUrl\":\"https:\\\/\\\/secure.gravatar.com\\\/avatar\\\/e525b06574ca18b33cded59dfe5778d6c823b9513154eff47da551b0551bdd1e?s=96&d=mm&r=g\",\"caption\":\"L\u00f3pez D\u00f3riga\"},\"url\":\"https:\\\/\\\/fuentesfidedignas.com.mx\\\/index.php\\\/author\\\/doriga\\\/\"}]}<\/script>\n<!-- \/ Yoast SEO plugin. -->","yoast_head_json":{"title":"Transportistas niegan acuerdo con Gobierno y se\u00f1alan que paro nacional sigue en pie - Fuentes Fidedignas","robots":{"index":"index","follow":"follow","max-snippet":"max-snippet:-1","max-image-preview":"max-image-preview:large","max-video-preview":"max-video-preview:-1"},"canonical":"https:\/\/fuentesfidedignas.com.mx\/index.php\/2024\/02\/05\/transportistas-niegan-acuerdo-con-gobierno-y-senalan-que-paro-nacional-sigue-en-pie\/","og_locale":"es_MX","og_type":"article","og_title":"Transportistas niegan acuerdo con Gobierno y se\u00f1alan que paro nacional sigue en pie - Fuentes Fidedignas","og_description":"Transportistas de la Indeco dejaron en claro que no pactaron con el Gobierno y que el paro nacional de este lunes sigue su curso Ciudad de M\u00e9xico.- Transportistas que integran la Organizaci\u00f3n Integradora de Derechos Convencionales, A.C. (Indeco) dejaron en claro que no pactaron con el Gobierno y que realizar\u00e1n el paro nacional que tienen [&hellip;]","og_url":"https:\/\/fuentesfidedignas.com.mx\/index.php\/2024\/02\/05\/transportistas-niegan-acuerdo-con-gobierno-y-senalan-que-paro-nacional-sigue-en-pie\/","og_site_name":"Fuentes Fidedignas","article_publisher":"https:\/\/www.facebook.com\/Fuentes-Fidedignas-368234489921644","article_published_time":"2024-02-05T17:04:03+00:00","og_image":[{"width":1600,"height":1201,"url":"https:\/\/fuentesfidedignas.com.mx\/wp-content\/uploads\/2023\/08\/bloqueo-de-transportistas-en-la-autopista-mexico-pachuca.jpg","type":"image\/jpeg"}],"author":"L\u00f3pez D\u00f3riga","twitter_card":"summary_large_image","twitter_creator":"@fidedignas","twitter_site":"@fidedignas","twitter_misc":{"Escrito por":"L\u00f3pez D\u00f3riga","Tiempo de lectura":"2 minutos"},"schema":{"@context":"https:\/\/schema.org","@graph":[{"@type":"Article","@id":"https:\/\/fuentesfidedignas.com.mx\/index.php\/2024\/02\/05\/transportistas-niegan-acuerdo-con-gobierno-y-senalan-que-paro-nacional-sigue-en-pie\/#article","isPartOf":{"@id":"https:\/\/fuentesfidedignas.com.mx\/index.php\/2024\/02\/05\/transportistas-niegan-acuerdo-con-gobierno-y-senalan-que-paro-nacional-sigue-en-pie\/"},"author":{"name":"L\u00f3pez D\u00f3riga","@id":"https:\/\/fuentesfidedignas.com.mx\/#\/schema\/person\/67d852f0557c8509146a4b9ddebd543a"},"headline":"Transportistas niegan acuerdo con Gobierno y se\u00f1alan que paro nacional sigue en pie","datePublished":"2024-02-05T17:04:03+00:00","mainEntityOfPage":{"@id":"https:\/\/fuentesfidedignas.com.mx\/index.php\/2024\/02\/05\/transportistas-niegan-acuerdo-con-gobierno-y-senalan-que-paro-nacional-sigue-en-pie\/"},"wordCount":490,"commentCount":0,"publisher":{"@id":"https:\/\/fuentesfidedignas.com.mx\/#organization"},"image":{"@id":"https:\/\/fuentesfidedignas.com.mx\/index.php\/2024\/02\/05\/transportistas-niegan-acuerdo-con-gobierno-y-senalan-que-paro-nacional-sigue-en-pie\/#primaryimage"},"thumbnailUrl":"https:\/\/fuentesfidedignas.com.mx\/wp-content\/uploads\/2023\/08\/bloqueo-de-transportistas-en-la-autopista-mexico-pachuca.jpg","articleSection":["NOTICIAS NACIONALES"],"inLanguage":"es","potentialAction":[{"@type":"CommentAction","name":"Comment","target":["https:\/\/fuentesfidedignas.com.mx\/index.php\/2024\/02\/05\/transportistas-niegan-acuerdo-con-gobierno-y-senalan-que-paro-nacional-sigue-en-pie\/#respond"]}]},{"@type":"WebPage","@id":"https:\/\/fuentesfidedignas.com.mx\/index.php\/2024\/02\/05\/transportistas-niegan-acuerdo-con-gobierno-y-senalan-que-paro-nacional-sigue-en-pie\/","url":"https:\/\/fuentesfidedignas.com.mx\/index.php\/2024\/02\/05\/transportistas-niegan-acuerdo-con-gobierno-y-senalan-que-paro-nacional-sigue-en-pie\/","name":"Transportistas niegan acuerdo con Gobierno y se\u00f1alan que paro nacional sigue en pie - Fuentes Fidedignas","isPartOf":{"@id":"https:\/\/fuentesfidedignas.com.mx\/#website"},"primaryImageOfPage":{"@id":"https:\/\/fuentesfidedignas.com.mx\/index.php\/2024\/02\/05\/transportistas-niegan-acuerdo-con-gobierno-y-senalan-que-paro-nacional-sigue-en-pie\/#primaryimage"},"image":{"@id":"https:\/\/fuentesfidedignas.com.mx\/index.php\/2024\/02\/05\/transportistas-niegan-acuerdo-con-gobierno-y-senalan-que-paro-nacional-sigue-en-pie\/#primaryimage"},"thumbnailUrl":"https:\/\/fuentesfidedignas.com.mx\/wp-content\/uploads\/2023\/08\/bloqueo-de-transportistas-en-la-autopista-mexico-pachuca.jpg","datePublished":"2024-02-05T17:04:03+00:00","breadcrumb":{"@id":"https:\/\/fuentesfidedignas.com.mx\/index.php\/2024\/02\/05\/transportistas-niegan-acuerdo-con-gobierno-y-senalan-que-paro-nacional-sigue-en-pie\/#breadcrumb"},"inLanguage":"es","potentialAction":[{"@type":"ReadAction","target":["https:\/\/fuentesfidedignas.com.mx\/index.php\/2024\/02\/05\/transportistas-niegan-acuerdo-con-gobierno-y-senalan-que-paro-nacional-sigue-en-pie\/"]}]},{"@type":"ImageObject","inLanguage":"es","@id":"https:\/\/fuentesfidedignas.com.mx\/index.php\/2024\/02\/05\/transportistas-niegan-acuerdo-con-gobierno-y-senalan-que-paro-nacional-sigue-en-pie\/#primaryimage","url":"https:\/\/fuentesfidedignas.com.mx\/wp-content\/uploads\/2023\/08\/bloqueo-de-transportistas-en-la-autopista-mexico-pachuca.jpg","contentUrl":"https:\/\/fuentesfidedignas.com.mx\/wp-content\/uploads\/2023\/08\/bloqueo-de-transportistas-en-la-autopista-mexico-pachuca.jpg","width":1600,"height":1201},{"@type":"BreadcrumbList","@id":"https:\/\/fuentesfidedignas.com.mx\/index.php\/2024\/02\/05\/transportistas-niegan-acuerdo-con-gobierno-y-senalan-que-paro-nacional-sigue-en-pie\/#breadcrumb","itemListElement":[{"@type":"ListItem","position":1,"name":"Inicio","item":"https:\/\/fuentesfidedignas.com.mx\/"},{"@type":"ListItem","position":2,"name":"Transportistas niegan acuerdo con Gobierno y se\u00f1alan que paro nacional sigue en pie"}]},{"@type":"WebSite","@id":"https:\/\/fuentesfidedignas.com.mx\/#website","url":"https:\/\/fuentesfidedignas.com.mx\/","name":"Fuentes Fidedignas","description":"Otro sitio realizado con WordPress","publisher":{"@id":"https:\/\/fuentesfidedignas.com.mx\/#organization"},"potentialAction":[{"@type":"SearchAction","target":{"@type":"EntryPoint","urlTemplate":"https:\/\/fuentesfidedignas.com.mx\/?s={search_term_string}"},"query-input":{"@type":"PropertyValueSpecification","valueRequired":true,"valueName":"search_term_string"}}],"inLanguage":"es"},{"@type":"Organization","@id":"https:\/\/fuentesfidedignas.com.mx\/#organization","name":"Fuentes Fidedignas","url":"https:\/\/fuentesfidedignas.com.mx\/","logo":{"@type":"ImageObject","inLanguage":"es","@id":"https:\/\/fuentesfidedignas.com.mx\/#\/schema\/logo\/image\/","url":"https:\/\/fuentesfidedignas.com.mx\/wp-content\/uploads\/2021\/04\/logo-retina.png","contentUrl":"https:\/\/fuentesfidedignas.com.mx\/wp-content\/uploads\/2021\/04\/logo-retina.png","width":280,"height":51,"caption":"Fuentes Fidedignas"},"image":{"@id":"https:\/\/fuentesfidedignas.com.mx\/#\/schema\/logo\/image\/"},"sameAs":["https:\/\/www.facebook.com\/Fuentes-Fidedignas-368234489921644","https:\/\/x.com\/fidedignas"]},{"@type":"Person","@id":"https:\/\/fuentesfidedignas.com.mx\/#\/schema\/person\/67d852f0557c8509146a4b9ddebd543a","name":"L\u00f3pez D\u00f3riga","image":{"@type":"ImageObject","inLanguage":"es","@id":"https:\/\/secure.gravatar.com\/avatar\/e525b06574ca18b33cded59dfe5778d6c823b9513154eff47da551b0551bdd1e?s=96&d=mm&r=g","url":"https:\/\/secure.gravatar.com\/avatar\/e525b06574ca18b33cded59dfe5778d6c823b9513154eff47da551b0551bdd1e?s=96&d=mm&r=g","contentUrl":"https:\/\/secure.gravatar.com\/avatar\/e525b06574ca18b33cded59dfe5778d6c823b9513154eff47da551b0551bdd1e?s=96&d=mm&r=g","caption":"L\u00f3pez D\u00f3riga"},"url":"https:\/\/fuentesfidedignas.com.mx\/index.php\/author\/doriga\/"}]}},"_links":{"self":[{"href":"https:\/\/fuentesfidedignas.com.mx\/index.php\/wp-json\/wp\/v2\/posts\/72954","targetHints":{"allow":["GET"]}}],"collection":[{"href":"https:\/\/fuentesfidedignas.com.mx\/index.php\/wp-json\/wp\/v2\/posts"}],"about":[{"href":"https:\/\/fuentesfidedignas.com.mx\/index.php\/wp-json\/wp\/v2\/types\/post"}],"author":[{"embeddable":true,"href":"https:\/\/fuentesfidedignas.com.mx\/index.php\/wp-json\/wp\/v2\/users\/47"}],"replies":[{"embeddable":true,"href":"https:\/\/fuentesfidedignas.com.mx\/index.php\/wp-json\/wp\/v2\/comments?post=72954"}],"version-history":[{"count":1,"href":"https:\/\/fuentesfidedignas.com.mx\/index.php\/wp-json\/wp\/v2\/posts\/72954\/revisions"}],"predecessor-version":[{"id":72955,"href":"https:\/\/fuentesfidedignas.com.mx\/index.php\/wp-json\/wp\/v2\/posts\/72954\/revisions\/72955"}],"wp:featuredmedia":[{"embeddable":true,"href":"https:\/\/fuentesfidedignas.com.mx\/index.php\/wp-json\/wp\/v2\/media\/56390"}],"wp:attachment":[{"href":"https:\/\/fuentesfidedignas.com.mx\/index.php\/wp-json\/wp\/v2\/media?parent=72954"}],"wp:term":[{"taxonomy":"category","embeddable":true,"href":"https:\/\/fuentesfidedignas.com.mx\/index.php\/wp-json\/wp\/v2\/categories?post=72954"},{"taxonomy":"post_tag","embeddable":true,"href":"https:\/\/fuentesfidedignas.com.mx\/index.php\/wp-json\/wp\/v2\/tags?post=72954"}],"curies":[{"name":"wp","href":"https:\/\/api.w.org\/{rel}","templated":true}]}}