{"id":72902,"date":"2024-02-05T05:05:10","date_gmt":"2024-02-05T12:05:10","guid":{"rendered":"https:\/\/fuentesfidedignas.com.mx\/?p=72902"},"modified":"2024-02-04T14:05:28","modified_gmt":"2024-02-04T21:05:28","slug":"nino-se-viraliza-cantando-asi-no-te-amara-jamas-de-amanda-miguel-mientras-hace-la-tarea-video","status":"publish","type":"post","link":"https:\/\/fuentesfidedignas.com.mx\/index.php\/2024\/02\/05\/nino-se-viraliza-cantando-asi-no-te-amara-jamas-de-amanda-miguel-mientras-hace-la-tarea-video\/","title":{"rendered":"Ni\u00f1o se viraliza cantando &#8220;As\u00ed no te amar\u00e1 jam\u00e1s&#8221; de Amanda Miguel mientras hace la tarea (video)"},"content":{"rendered":"\n<p><strong><em>El menor de edad fue captado y subido a TikTok por su peculiar forma de entonar la canci\u00f3n.<\/em><\/strong><\/p>\n\n\n\n<p>En las horas recientes se viraliz\u00f3 un video de un ni\u00f1o que canta una canci\u00f3n de Amanda Miguel a todo pulm\u00f3n mientras hace la tarea, lo cual, record\u00f3 la ocasi\u00f3n en que otro ni\u00f1o tambi\u00e9n cant\u00f3 una canci\u00f3n de la ic\u00f3nica cantante.<\/p>\n\n\n\n<p>Fue la usuaria Mariana BG quien grab\u00f3 a su hermano cantando la canci\u00f3n de Amanda Miguel, Castillos y en una espectacular interpretaci\u00f3n conmovi\u00f3 a sus seguidores.<\/p>\n\n\n\n<blockquote class=\"tiktok-embed\" cite=\"https:\/\/www.tiktok.com\/@_bgmarian\/video\/7317068941195529478\" data-video-id=\"7317068941195529478\" style=\"max-width: 605px;min-width: 325px;\" > <section> <a target=\"_blank\" title=\"@_bgmarian\" href=\"https:\/\/www.tiktok.com\/@_bgmarian?refer=embed\" rel=\"noopener\">@_bgmarian<\/a> Hace un a\u00f1o exactamente que mi vida cambi\u00f3 por este video, gracias a todos los que han formado parte de todo esto \u2764\ufe0f <a title=\"chucho\" target=\"_blank\" href=\"https:\/\/www.tiktok.com\/tag\/chucho?refer=embed\" rel=\"noopener\">#chucho<\/a> <a title=\"viral\" target=\"_blank\" href=\"https:\/\/www.tiktok.com\/tag\/viral?refer=embed\" rel=\"noopener\">#viral<\/a> <a title=\"fyp\" target=\"_blank\" href=\"https:\/\/www.tiktok.com\/tag\/fyp?refer=embed\" rel=\"noopener\">#fyp<\/a> <a title=\"feliz\" target=\"_blank\" href=\"https:\/\/www.tiktok.com\/tag\/feliz?refer=embed\" rel=\"noopener\">#feliz<\/a> <a title=\"tiktok\" target=\"_blank\" href=\"https:\/\/www.tiktok.com\/tag\/tiktok?refer=embed\" rel=\"noopener\">#tiktok<\/a> <a title=\"cari\u00f1o\" target=\"_blank\" href=\"https:\/\/www.tiktok.com\/tag\/cari%C3%B1o?refer=embed\" rel=\"noopener\">#cari\u00f1o<\/a> <a title=\"ni\u00f1o\" target=\"_blank\" href=\"https:\/\/www.tiktok.com\/tag\/ni%C3%B1o?refer=embed\" rel=\"noopener\">#ni\u00f1o<\/a> <a title=\"risa\" target=\"_blank\" href=\"https:\/\/www.tiktok.com\/tag\/risa?refer=embed\" rel=\"noopener\">#risa<\/a> <a title=\"marian\" target=\"_blank\" href=\"https:\/\/www.tiktok.com\/tag\/marian?refer=embed\" rel=\"noopener\">#marian<\/a> <a title=\"videos\" target=\"_blank\" href=\"https:\/\/www.tiktok.com\/tag\/videos?refer=embed\" rel=\"noopener\">#videos<\/a> <a title=\"depiedra\" target=\"_blank\" href=\"https:\/\/www.tiktok.com\/tag\/depiedra?refer=embed\" rel=\"noopener\">#depiedra<\/a> <a target=\"_blank\" title=\"\u266c sonido original - Chucho y Mari\u00e1n \ud83c\udf6d\" href=\"https:\/\/www.tiktok.com\/music\/sonido-original-7317069005541755654?refer=embed\" rel=\"noopener\">\u266c sonido original &#8211; Chucho y Mari\u00e1n \ud83c\udf6d<\/a> <\/section> <\/blockquote> <script async src=\"https:\/\/www.tiktok.com\/embed.js\"><\/script>\n\n\n\n<p><strong>VIDEO: As\u00ed interpret\u00f3 el ni\u00f1o &#8220;As\u00ed no te amar\u00e1 jam\u00e1s&#8221; de Amanda Miguel<\/strong><\/p>\n\n\n\n<p>Mientras hacia su tarea, el ni\u00f1o cant\u00f3 &#8220;As\u00ed no te amar\u00e1 jam\u00e1s&#8221; de Amanda Miguel a todo pulm\u00f3n mientras hacia la tarea, pero lo que se gan\u00f3 el coraz\u00f3n de los internautas fue sin duda sus expresiones mientras lo hac\u00eda, como si de verdad sintiera el dolor.<\/p>\n\n\n\n<blockquote class=\"tiktok-embed\" cite=\"https:\/\/www.tiktok.com\/@danbtzg\/video\/7328104774803524869\" data-video-id=\"7328104774803524869\" style=\"max-width: 605px;min-width: 325px;\" > <section> <a target=\"_blank\" title=\"@danbtzg\" href=\"https:\/\/www.tiktok.com\/@danbtzg?refer=embed\" rel=\"noopener\">@danbtzg<\/a> <a title=\"amandamiguel\" target=\"_blank\" href=\"https:\/\/www.tiktok.com\/tag\/amandamiguel?refer=embed\" rel=\"noopener\">#amandamiguel<\/a> <a title=\"adoloridosdelcorazon\" target=\"_blank\" href=\"https:\/\/www.tiktok.com\/tag\/adoloridosdelcorazon?refer=embed\" rel=\"noopener\">#adoloridosdelcorazon<\/a> <a title=\"cortavenas\ud83c\udfb6\ud83c\udf7b\ud83d\udc94\ud83d\ude0e\" target=\"_blank\" href=\"https:\/\/www.tiktok.com\/tag\/cortavenas%F0%9F%8E%B6%F0%9F%8D%BB%F0%9F%92%94%F0%9F%98%8E?refer=embed\" rel=\"noopener\">#cortavenas\ud83c\udfb6\ud83c\udf7b\ud83d\udc94\ud83d\ude0e<\/a> @YoAmandaMiguel <a title=\"parati\" target=\"_blank\" href=\"https:\/\/www.tiktok.com\/tag\/parati?refer=embed\" rel=\"noopener\">#parati<\/a> <a title=\"viral\" target=\"_blank\" href=\"https:\/\/www.tiktok.com\/tag\/viral?refer=embed\" rel=\"noopener\">#viral<\/a> <a target=\"_blank\" title=\"\u266c sonido original - Daniel Ben\u00edtez\" href=\"https:\/\/www.tiktok.com\/music\/sonido-original-7328104786931518214?refer=embed\" rel=\"noopener\">\u266c sonido original &#8211; Daniel Ben\u00edtez<\/a> <\/section> <\/blockquote> <script async src=\"https:\/\/www.tiktok.com\/embed.js\"><\/script>\n\n\n\n<p>El video suma ya<strong>&nbsp;1.1 millones de reproducciones<\/strong>&nbsp;y&nbsp;m\u00e1s de 182 mil &#8220;likes&#8221; por su gran actuaci\u00f3n a su corta edad, por lo que la publicaci\u00f3n se llen\u00f3 de comentarios como:<\/p>\n\n\n\n<ul class=\"wp-block-list\">\n<li>&#8220;El temach estar\u00eda muy decepcionado de ti jajaja amooo el sentimiento! As\u00ed se cantan las de Amanda Miguel!!!!&#8221;<\/li>\n\n\n\n<li>&#8220;Dolida pero cumplida con la tarea&#8221;<\/li>\n\n\n\n<li>&#8220;te entiendo ni\u00f1o tambi\u00e9n vivo 8 divorcios imaginarios&#8221;<\/li>\n\n\n\n<li>&#8220;Ni yo con tantos enga\u00f1os hab\u00eda cantado con ese sentimiento&#8221;<\/li>\n\n\n\n<li>&#8220;no hay nadie que se resista a cantar esa canci\u00f3n, es un himno, es cultura jajaja&#8221;<\/li>\n<\/ul>\n","protected":false},"excerpt":{"rendered":"<p>El menor de edad fue captado y subido a TikTok por su peculiar forma de entonar la canci\u00f3n. En las horas recientes se viraliz\u00f3 un video de un ni\u00f1o que canta una canci\u00f3n de Amanda Miguel a todo pulm\u00f3n mientras hace la tarea, lo cual, record\u00f3 la ocasi\u00f3n en que otro ni\u00f1o tambi\u00e9n cant\u00f3 una [&hellip;]<\/p>\n","protected":false},"author":7,"featured_media":72903,"comment_status":"open","ping_status":"open","sticky":false,"template":"","format":"standard","meta":{"tdm_status":"","tdm_grid_status":"","footnotes":""},"categories":[40],"tags":[],"class_list":{"0":"post-72902","1":"post","2":"type-post","3":"status-publish","4":"format-standard","5":"has-post-thumbnail","7":"category-las-asombrosas"},"yoast_head":"<!-- This site is optimized with the Yoast SEO plugin v27.5 - https:\/\/yoast.com\/product\/yoast-seo-wordpress\/ -->\n<title>Ni\u00f1o se viraliza cantando &quot;As\u00ed no te amar\u00e1 jam\u00e1s&quot; de Amanda Miguel mientras hace la tarea (video) - Fuentes Fidedignas<\/title>\n<meta name=\"robots\" content=\"index, follow, max-snippet:-1, max-image-preview:large, max-video-preview:-1\" \/>\n<link rel=\"canonical\" href=\"https:\/\/fuentesfidedignas.com.mx\/index.php\/2024\/02\/05\/nino-se-viraliza-cantando-asi-no-te-amara-jamas-de-amanda-miguel-mientras-hace-la-tarea-video\/\" \/>\n<meta property=\"og:locale\" content=\"es_MX\" \/>\n<meta property=\"og:type\" content=\"article\" \/>\n<meta property=\"og:title\" content=\"Ni\u00f1o se viraliza cantando &quot;As\u00ed no te amar\u00e1 jam\u00e1s&quot; de Amanda Miguel mientras hace la tarea (video) - Fuentes Fidedignas\" \/>\n<meta property=\"og:description\" content=\"El menor de edad fue captado y subido a TikTok por su peculiar forma de entonar la canci\u00f3n. En las horas recientes se viraliz\u00f3 un video de un ni\u00f1o que canta una canci\u00f3n de Amanda Miguel a todo pulm\u00f3n mientras hace la tarea, lo cual, record\u00f3 la ocasi\u00f3n en que otro ni\u00f1o tambi\u00e9n cant\u00f3 una [&hellip;]\" \/>\n<meta property=\"og:url\" content=\"https:\/\/fuentesfidedignas.com.mx\/index.php\/2024\/02\/05\/nino-se-viraliza-cantando-asi-no-te-amara-jamas-de-amanda-miguel-mientras-hace-la-tarea-video\/\" \/>\n<meta property=\"og:site_name\" content=\"Fuentes Fidedignas\" \/>\n<meta property=\"article:publisher\" content=\"https:\/\/www.facebook.com\/Fuentes-Fidedignas-368234489921644\" \/>\n<meta property=\"article:published_time\" content=\"2024-02-05T12:05:10+00:00\" \/>\n<meta property=\"og:image\" content=\"https:\/\/fuentesfidedignas.com.mx\/wp-content\/uploads\/2024\/02\/NINO_TAREA.jpg\" \/>\n\t<meta property=\"og:image:width\" content=\"830\" \/>\n\t<meta property=\"og:image:height\" content=\"623\" \/>\n\t<meta property=\"og:image:type\" content=\"image\/jpeg\" \/>\n<meta name=\"author\" content=\"Exc\u00e9lsior\" \/>\n<meta name=\"twitter:card\" content=\"summary_large_image\" \/>\n<meta name=\"twitter:creator\" content=\"@fidedignas\" \/>\n<meta name=\"twitter:site\" content=\"@fidedignas\" \/>\n<meta name=\"twitter:label1\" content=\"Escrito por\" \/>\n\t<meta name=\"twitter:data1\" content=\"Exc\u00e9lsior\" \/>\n\t<meta name=\"twitter:label2\" content=\"Tiempo de lectura\" \/>\n\t<meta name=\"twitter:data2\" content=\"2 minutos\" \/>\n<script type=\"application\/ld+json\" class=\"yoast-schema-graph\">{\"@context\":\"https:\\\/\\\/schema.org\",\"@graph\":[{\"@type\":\"Article\",\"@id\":\"https:\\\/\\\/fuentesfidedignas.com.mx\\\/index.php\\\/2024\\\/02\\\/05\\\/nino-se-viraliza-cantando-asi-no-te-amara-jamas-de-amanda-miguel-mientras-hace-la-tarea-video\\\/#article\",\"isPartOf\":{\"@id\":\"https:\\\/\\\/fuentesfidedignas.com.mx\\\/index.php\\\/2024\\\/02\\\/05\\\/nino-se-viraliza-cantando-asi-no-te-amara-jamas-de-amanda-miguel-mientras-hace-la-tarea-video\\\/\"},\"author\":{\"name\":\"Exc\u00e9lsior\",\"@id\":\"https:\\\/\\\/fuentesfidedignas.com.mx\\\/#\\\/schema\\\/person\\\/ec4edd1fbf5efa3e44fce34fe2787780\"},\"headline\":\"Ni\u00f1o se viraliza cantando &#8220;As\u00ed no te amar\u00e1 jam\u00e1s&#8221; de Amanda Miguel mientras hace la tarea (video)\",\"datePublished\":\"2024-02-05T12:05:10+00:00\",\"mainEntityOfPage\":{\"@id\":\"https:\\\/\\\/fuentesfidedignas.com.mx\\\/index.php\\\/2024\\\/02\\\/05\\\/nino-se-viraliza-cantando-asi-no-te-amara-jamas-de-amanda-miguel-mientras-hace-la-tarea-video\\\/\"},\"wordCount\":339,\"commentCount\":0,\"publisher\":{\"@id\":\"https:\\\/\\\/fuentesfidedignas.com.mx\\\/#organization\"},\"image\":{\"@id\":\"https:\\\/\\\/fuentesfidedignas.com.mx\\\/index.php\\\/2024\\\/02\\\/05\\\/nino-se-viraliza-cantando-asi-no-te-amara-jamas-de-amanda-miguel-mientras-hace-la-tarea-video\\\/#primaryimage\"},\"thumbnailUrl\":\"https:\\\/\\\/fuentesfidedignas.com.mx\\\/wp-content\\\/uploads\\\/2024\\\/02\\\/NINO_TAREA.jpg\",\"articleSection\":[\"LAS ASOMBROSAS\"],\"inLanguage\":\"es\",\"potentialAction\":[{\"@type\":\"CommentAction\",\"name\":\"Comment\",\"target\":[\"https:\\\/\\\/fuentesfidedignas.com.mx\\\/index.php\\\/2024\\\/02\\\/05\\\/nino-se-viraliza-cantando-asi-no-te-amara-jamas-de-amanda-miguel-mientras-hace-la-tarea-video\\\/#respond\"]}]},{\"@type\":\"WebPage\",\"@id\":\"https:\\\/\\\/fuentesfidedignas.com.mx\\\/index.php\\\/2024\\\/02\\\/05\\\/nino-se-viraliza-cantando-asi-no-te-amara-jamas-de-amanda-miguel-mientras-hace-la-tarea-video\\\/\",\"url\":\"https:\\\/\\\/fuentesfidedignas.com.mx\\\/index.php\\\/2024\\\/02\\\/05\\\/nino-se-viraliza-cantando-asi-no-te-amara-jamas-de-amanda-miguel-mientras-hace-la-tarea-video\\\/\",\"name\":\"Ni\u00f1o se viraliza cantando \\\"As\u00ed no te amar\u00e1 jam\u00e1s\\\" de Amanda Miguel mientras hace la tarea (video) - Fuentes Fidedignas\",\"isPartOf\":{\"@id\":\"https:\\\/\\\/fuentesfidedignas.com.mx\\\/#website\"},\"primaryImageOfPage\":{\"@id\":\"https:\\\/\\\/fuentesfidedignas.com.mx\\\/index.php\\\/2024\\\/02\\\/05\\\/nino-se-viraliza-cantando-asi-no-te-amara-jamas-de-amanda-miguel-mientras-hace-la-tarea-video\\\/#primaryimage\"},\"image\":{\"@id\":\"https:\\\/\\\/fuentesfidedignas.com.mx\\\/index.php\\\/2024\\\/02\\\/05\\\/nino-se-viraliza-cantando-asi-no-te-amara-jamas-de-amanda-miguel-mientras-hace-la-tarea-video\\\/#primaryimage\"},\"thumbnailUrl\":\"https:\\\/\\\/fuentesfidedignas.com.mx\\\/wp-content\\\/uploads\\\/2024\\\/02\\\/NINO_TAREA.jpg\",\"datePublished\":\"2024-02-05T12:05:10+00:00\",\"breadcrumb\":{\"@id\":\"https:\\\/\\\/fuentesfidedignas.com.mx\\\/index.php\\\/2024\\\/02\\\/05\\\/nino-se-viraliza-cantando-asi-no-te-amara-jamas-de-amanda-miguel-mientras-hace-la-tarea-video\\\/#breadcrumb\"},\"inLanguage\":\"es\",\"potentialAction\":[{\"@type\":\"ReadAction\",\"target\":[\"https:\\\/\\\/fuentesfidedignas.com.mx\\\/index.php\\\/2024\\\/02\\\/05\\\/nino-se-viraliza-cantando-asi-no-te-amara-jamas-de-amanda-miguel-mientras-hace-la-tarea-video\\\/\"]}]},{\"@type\":\"ImageObject\",\"inLanguage\":\"es\",\"@id\":\"https:\\\/\\\/fuentesfidedignas.com.mx\\\/index.php\\\/2024\\\/02\\\/05\\\/nino-se-viraliza-cantando-asi-no-te-amara-jamas-de-amanda-miguel-mientras-hace-la-tarea-video\\\/#primaryimage\",\"url\":\"https:\\\/\\\/fuentesfidedignas.com.mx\\\/wp-content\\\/uploads\\\/2024\\\/02\\\/NINO_TAREA.jpg\",\"contentUrl\":\"https:\\\/\\\/fuentesfidedignas.com.mx\\\/wp-content\\\/uploads\\\/2024\\\/02\\\/NINO_TAREA.jpg\",\"width\":830,\"height\":623},{\"@type\":\"BreadcrumbList\",\"@id\":\"https:\\\/\\\/fuentesfidedignas.com.mx\\\/index.php\\\/2024\\\/02\\\/05\\\/nino-se-viraliza-cantando-asi-no-te-amara-jamas-de-amanda-miguel-mientras-hace-la-tarea-video\\\/#breadcrumb\",\"itemListElement\":[{\"@type\":\"ListItem\",\"position\":1,\"name\":\"Inicio\",\"item\":\"https:\\\/\\\/fuentesfidedignas.com.mx\\\/\"},{\"@type\":\"ListItem\",\"position\":2,\"name\":\"Ni\u00f1o se viraliza cantando &#8220;As\u00ed no te amar\u00e1 jam\u00e1s&#8221; de Amanda Miguel mientras hace la tarea (video)\"}]},{\"@type\":\"WebSite\",\"@id\":\"https:\\\/\\\/fuentesfidedignas.com.mx\\\/#website\",\"url\":\"https:\\\/\\\/fuentesfidedignas.com.mx\\\/\",\"name\":\"Fuentes Fidedignas\",\"description\":\"Otro sitio realizado con WordPress\",\"publisher\":{\"@id\":\"https:\\\/\\\/fuentesfidedignas.com.mx\\\/#organization\"},\"potentialAction\":[{\"@type\":\"SearchAction\",\"target\":{\"@type\":\"EntryPoint\",\"urlTemplate\":\"https:\\\/\\\/fuentesfidedignas.com.mx\\\/?s={search_term_string}\"},\"query-input\":{\"@type\":\"PropertyValueSpecification\",\"valueRequired\":true,\"valueName\":\"search_term_string\"}}],\"inLanguage\":\"es\"},{\"@type\":\"Organization\",\"@id\":\"https:\\\/\\\/fuentesfidedignas.com.mx\\\/#organization\",\"name\":\"Fuentes Fidedignas\",\"url\":\"https:\\\/\\\/fuentesfidedignas.com.mx\\\/\",\"logo\":{\"@type\":\"ImageObject\",\"inLanguage\":\"es\",\"@id\":\"https:\\\/\\\/fuentesfidedignas.com.mx\\\/#\\\/schema\\\/logo\\\/image\\\/\",\"url\":\"https:\\\/\\\/fuentesfidedignas.com.mx\\\/wp-content\\\/uploads\\\/2021\\\/04\\\/logo-retina.png\",\"contentUrl\":\"https:\\\/\\\/fuentesfidedignas.com.mx\\\/wp-content\\\/uploads\\\/2021\\\/04\\\/logo-retina.png\",\"width\":280,\"height\":51,\"caption\":\"Fuentes Fidedignas\"},\"image\":{\"@id\":\"https:\\\/\\\/fuentesfidedignas.com.mx\\\/#\\\/schema\\\/logo\\\/image\\\/\"},\"sameAs\":[\"https:\\\/\\\/www.facebook.com\\\/Fuentes-Fidedignas-368234489921644\",\"https:\\\/\\\/x.com\\\/fidedignas\"]},{\"@type\":\"Person\",\"@id\":\"https:\\\/\\\/fuentesfidedignas.com.mx\\\/#\\\/schema\\\/person\\\/ec4edd1fbf5efa3e44fce34fe2787780\",\"name\":\"Exc\u00e9lsior\",\"image\":{\"@type\":\"ImageObject\",\"inLanguage\":\"es\",\"@id\":\"https:\\\/\\\/secure.gravatar.com\\\/avatar\\\/4b7ee9206b48be08447852b3f0814dbc7c0f3b51541b164f1464a2725614020b?s=96&d=mm&r=g\",\"url\":\"https:\\\/\\\/secure.gravatar.com\\\/avatar\\\/4b7ee9206b48be08447852b3f0814dbc7c0f3b51541b164f1464a2725614020b?s=96&d=mm&r=g\",\"contentUrl\":\"https:\\\/\\\/secure.gravatar.com\\\/avatar\\\/4b7ee9206b48be08447852b3f0814dbc7c0f3b51541b164f1464a2725614020b?s=96&d=mm&r=g\",\"caption\":\"Exc\u00e9lsior\"},\"url\":\"https:\\\/\\\/fuentesfidedignas.com.mx\\\/index.php\\\/author\\\/excelsior\\\/\"}]}<\/script>\n<!-- \/ Yoast SEO plugin. -->","yoast_head_json":{"title":"Ni\u00f1o se viraliza cantando \"As\u00ed no te amar\u00e1 jam\u00e1s\" de Amanda Miguel mientras hace la tarea (video) - Fuentes Fidedignas","robots":{"index":"index","follow":"follow","max-snippet":"max-snippet:-1","max-image-preview":"max-image-preview:large","max-video-preview":"max-video-preview:-1"},"canonical":"https:\/\/fuentesfidedignas.com.mx\/index.php\/2024\/02\/05\/nino-se-viraliza-cantando-asi-no-te-amara-jamas-de-amanda-miguel-mientras-hace-la-tarea-video\/","og_locale":"es_MX","og_type":"article","og_title":"Ni\u00f1o se viraliza cantando \"As\u00ed no te amar\u00e1 jam\u00e1s\" de Amanda Miguel mientras hace la tarea (video) - Fuentes Fidedignas","og_description":"El menor de edad fue captado y subido a TikTok por su peculiar forma de entonar la canci\u00f3n. En las horas recientes se viraliz\u00f3 un video de un ni\u00f1o que canta una canci\u00f3n de Amanda Miguel a todo pulm\u00f3n mientras hace la tarea, lo cual, record\u00f3 la ocasi\u00f3n en que otro ni\u00f1o tambi\u00e9n cant\u00f3 una [&hellip;]","og_url":"https:\/\/fuentesfidedignas.com.mx\/index.php\/2024\/02\/05\/nino-se-viraliza-cantando-asi-no-te-amara-jamas-de-amanda-miguel-mientras-hace-la-tarea-video\/","og_site_name":"Fuentes Fidedignas","article_publisher":"https:\/\/www.facebook.com\/Fuentes-Fidedignas-368234489921644","article_published_time":"2024-02-05T12:05:10+00:00","og_image":[{"width":830,"height":623,"url":"https:\/\/fuentesfidedignas.com.mx\/wp-content\/uploads\/2024\/02\/NINO_TAREA.jpg","type":"image\/jpeg"}],"author":"Exc\u00e9lsior","twitter_card":"summary_large_image","twitter_creator":"@fidedignas","twitter_site":"@fidedignas","twitter_misc":{"Escrito por":"Exc\u00e9lsior","Tiempo de lectura":"2 minutos"},"schema":{"@context":"https:\/\/schema.org","@graph":[{"@type":"Article","@id":"https:\/\/fuentesfidedignas.com.mx\/index.php\/2024\/02\/05\/nino-se-viraliza-cantando-asi-no-te-amara-jamas-de-amanda-miguel-mientras-hace-la-tarea-video\/#article","isPartOf":{"@id":"https:\/\/fuentesfidedignas.com.mx\/index.php\/2024\/02\/05\/nino-se-viraliza-cantando-asi-no-te-amara-jamas-de-amanda-miguel-mientras-hace-la-tarea-video\/"},"author":{"name":"Exc\u00e9lsior","@id":"https:\/\/fuentesfidedignas.com.mx\/#\/schema\/person\/ec4edd1fbf5efa3e44fce34fe2787780"},"headline":"Ni\u00f1o se viraliza cantando &#8220;As\u00ed no te amar\u00e1 jam\u00e1s&#8221; de Amanda Miguel mientras hace la tarea (video)","datePublished":"2024-02-05T12:05:10+00:00","mainEntityOfPage":{"@id":"https:\/\/fuentesfidedignas.com.mx\/index.php\/2024\/02\/05\/nino-se-viraliza-cantando-asi-no-te-amara-jamas-de-amanda-miguel-mientras-hace-la-tarea-video\/"},"wordCount":339,"commentCount":0,"publisher":{"@id":"https:\/\/fuentesfidedignas.com.mx\/#organization"},"image":{"@id":"https:\/\/fuentesfidedignas.com.mx\/index.php\/2024\/02\/05\/nino-se-viraliza-cantando-asi-no-te-amara-jamas-de-amanda-miguel-mientras-hace-la-tarea-video\/#primaryimage"},"thumbnailUrl":"https:\/\/fuentesfidedignas.com.mx\/wp-content\/uploads\/2024\/02\/NINO_TAREA.jpg","articleSection":["LAS ASOMBROSAS"],"inLanguage":"es","potentialAction":[{"@type":"CommentAction","name":"Comment","target":["https:\/\/fuentesfidedignas.com.mx\/index.php\/2024\/02\/05\/nino-se-viraliza-cantando-asi-no-te-amara-jamas-de-amanda-miguel-mientras-hace-la-tarea-video\/#respond"]}]},{"@type":"WebPage","@id":"https:\/\/fuentesfidedignas.com.mx\/index.php\/2024\/02\/05\/nino-se-viraliza-cantando-asi-no-te-amara-jamas-de-amanda-miguel-mientras-hace-la-tarea-video\/","url":"https:\/\/fuentesfidedignas.com.mx\/index.php\/2024\/02\/05\/nino-se-viraliza-cantando-asi-no-te-amara-jamas-de-amanda-miguel-mientras-hace-la-tarea-video\/","name":"Ni\u00f1o se viraliza cantando \"As\u00ed no te amar\u00e1 jam\u00e1s\" de Amanda Miguel mientras hace la tarea (video) - Fuentes Fidedignas","isPartOf":{"@id":"https:\/\/fuentesfidedignas.com.mx\/#website"},"primaryImageOfPage":{"@id":"https:\/\/fuentesfidedignas.com.mx\/index.php\/2024\/02\/05\/nino-se-viraliza-cantando-asi-no-te-amara-jamas-de-amanda-miguel-mientras-hace-la-tarea-video\/#primaryimage"},"image":{"@id":"https:\/\/fuentesfidedignas.com.mx\/index.php\/2024\/02\/05\/nino-se-viraliza-cantando-asi-no-te-amara-jamas-de-amanda-miguel-mientras-hace-la-tarea-video\/#primaryimage"},"thumbnailUrl":"https:\/\/fuentesfidedignas.com.mx\/wp-content\/uploads\/2024\/02\/NINO_TAREA.jpg","datePublished":"2024-02-05T12:05:10+00:00","breadcrumb":{"@id":"https:\/\/fuentesfidedignas.com.mx\/index.php\/2024\/02\/05\/nino-se-viraliza-cantando-asi-no-te-amara-jamas-de-amanda-miguel-mientras-hace-la-tarea-video\/#breadcrumb"},"inLanguage":"es","potentialAction":[{"@type":"ReadAction","target":["https:\/\/fuentesfidedignas.com.mx\/index.php\/2024\/02\/05\/nino-se-viraliza-cantando-asi-no-te-amara-jamas-de-amanda-miguel-mientras-hace-la-tarea-video\/"]}]},{"@type":"ImageObject","inLanguage":"es","@id":"https:\/\/fuentesfidedignas.com.mx\/index.php\/2024\/02\/05\/nino-se-viraliza-cantando-asi-no-te-amara-jamas-de-amanda-miguel-mientras-hace-la-tarea-video\/#primaryimage","url":"https:\/\/fuentesfidedignas.com.mx\/wp-content\/uploads\/2024\/02\/NINO_TAREA.jpg","contentUrl":"https:\/\/fuentesfidedignas.com.mx\/wp-content\/uploads\/2024\/02\/NINO_TAREA.jpg","width":830,"height":623},{"@type":"BreadcrumbList","@id":"https:\/\/fuentesfidedignas.com.mx\/index.php\/2024\/02\/05\/nino-se-viraliza-cantando-asi-no-te-amara-jamas-de-amanda-miguel-mientras-hace-la-tarea-video\/#breadcrumb","itemListElement":[{"@type":"ListItem","position":1,"name":"Inicio","item":"https:\/\/fuentesfidedignas.com.mx\/"},{"@type":"ListItem","position":2,"name":"Ni\u00f1o se viraliza cantando &#8220;As\u00ed no te amar\u00e1 jam\u00e1s&#8221; de Amanda Miguel mientras hace la tarea (video)"}]},{"@type":"WebSite","@id":"https:\/\/fuentesfidedignas.com.mx\/#website","url":"https:\/\/fuentesfidedignas.com.mx\/","name":"Fuentes Fidedignas","description":"Otro sitio realizado con WordPress","publisher":{"@id":"https:\/\/fuentesfidedignas.com.mx\/#organization"},"potentialAction":[{"@type":"SearchAction","target":{"@type":"EntryPoint","urlTemplate":"https:\/\/fuentesfidedignas.com.mx\/?s={search_term_string}"},"query-input":{"@type":"PropertyValueSpecification","valueRequired":true,"valueName":"search_term_string"}}],"inLanguage":"es"},{"@type":"Organization","@id":"https:\/\/fuentesfidedignas.com.mx\/#organization","name":"Fuentes Fidedignas","url":"https:\/\/fuentesfidedignas.com.mx\/","logo":{"@type":"ImageObject","inLanguage":"es","@id":"https:\/\/fuentesfidedignas.com.mx\/#\/schema\/logo\/image\/","url":"https:\/\/fuentesfidedignas.com.mx\/wp-content\/uploads\/2021\/04\/logo-retina.png","contentUrl":"https:\/\/fuentesfidedignas.com.mx\/wp-content\/uploads\/2021\/04\/logo-retina.png","width":280,"height":51,"caption":"Fuentes Fidedignas"},"image":{"@id":"https:\/\/fuentesfidedignas.com.mx\/#\/schema\/logo\/image\/"},"sameAs":["https:\/\/www.facebook.com\/Fuentes-Fidedignas-368234489921644","https:\/\/x.com\/fidedignas"]},{"@type":"Person","@id":"https:\/\/fuentesfidedignas.com.mx\/#\/schema\/person\/ec4edd1fbf5efa3e44fce34fe2787780","name":"Exc\u00e9lsior","image":{"@type":"ImageObject","inLanguage":"es","@id":"https:\/\/secure.gravatar.com\/avatar\/4b7ee9206b48be08447852b3f0814dbc7c0f3b51541b164f1464a2725614020b?s=96&d=mm&r=g","url":"https:\/\/secure.gravatar.com\/avatar\/4b7ee9206b48be08447852b3f0814dbc7c0f3b51541b164f1464a2725614020b?s=96&d=mm&r=g","contentUrl":"https:\/\/secure.gravatar.com\/avatar\/4b7ee9206b48be08447852b3f0814dbc7c0f3b51541b164f1464a2725614020b?s=96&d=mm&r=g","caption":"Exc\u00e9lsior"},"url":"https:\/\/fuentesfidedignas.com.mx\/index.php\/author\/excelsior\/"}]}},"_links":{"self":[{"href":"https:\/\/fuentesfidedignas.com.mx\/index.php\/wp-json\/wp\/v2\/posts\/72902","targetHints":{"allow":["GET"]}}],"collection":[{"href":"https:\/\/fuentesfidedignas.com.mx\/index.php\/wp-json\/wp\/v2\/posts"}],"about":[{"href":"https:\/\/fuentesfidedignas.com.mx\/index.php\/wp-json\/wp\/v2\/types\/post"}],"author":[{"embeddable":true,"href":"https:\/\/fuentesfidedignas.com.mx\/index.php\/wp-json\/wp\/v2\/users\/7"}],"replies":[{"embeddable":true,"href":"https:\/\/fuentesfidedignas.com.mx\/index.php\/wp-json\/wp\/v2\/comments?post=72902"}],"version-history":[{"count":1,"href":"https:\/\/fuentesfidedignas.com.mx\/index.php\/wp-json\/wp\/v2\/posts\/72902\/revisions"}],"predecessor-version":[{"id":72904,"href":"https:\/\/fuentesfidedignas.com.mx\/index.php\/wp-json\/wp\/v2\/posts\/72902\/revisions\/72904"}],"wp:featuredmedia":[{"embeddable":true,"href":"https:\/\/fuentesfidedignas.com.mx\/index.php\/wp-json\/wp\/v2\/media\/72903"}],"wp:attachment":[{"href":"https:\/\/fuentesfidedignas.com.mx\/index.php\/wp-json\/wp\/v2\/media?parent=72902"}],"wp:term":[{"taxonomy":"category","embeddable":true,"href":"https:\/\/fuentesfidedignas.com.mx\/index.php\/wp-json\/wp\/v2\/categories?post=72902"},{"taxonomy":"post_tag","embeddable":true,"href":"https:\/\/fuentesfidedignas.com.mx\/index.php\/wp-json\/wp\/v2\/tags?post=72902"}],"curies":[{"name":"wp","href":"https:\/\/api.w.org\/{rel}","templated":true}]}}