{"id":72782,"date":"2024-02-04T01:31:00","date_gmt":"2024-02-04T08:31:00","guid":{"rendered":"https:\/\/fuentesfidedignas.com.mx\/?p=72782"},"modified":"2024-02-02T13:35:52","modified_gmt":"2024-02-02T20:35:52","slug":"video-a-sus-26-anos-asegura-que-sigue-siendo-adolescente-y-explica-por-que-aun-no-es-adulta","status":"publish","type":"post","link":"https:\/\/fuentesfidedignas.com.mx\/index.php\/2024\/02\/04\/video-a-sus-26-anos-asegura-que-sigue-siendo-adolescente-y-explica-por-que-aun-no-es-adulta\/","title":{"rendered":"VIDEO: A sus 26 a\u00f1os asegura que sigue siendo adolescente y explica por qu\u00e9 a\u00fan no es adulta"},"content":{"rendered":"\n<p><br><em><strong>La misma chica triling\u00fce que a\u00fan no encuentra trabajo teniendo dos carreras, se sorprendi\u00f3 de que sus seguidores le dijeron que no es una adolescente<\/strong><\/em><\/p>\n\n\n\n<p>Un video en&nbsp;<a href=\"https:\/\/www.excelsior.com.mx\/trending\/video-joven-trilingue-2-carreras-llora-no-encuentra-trabajo\/1633031\" target=\"_blank\" rel=\"noreferrer noopener\"><strong>TikTok&nbsp;<\/strong>dividi\u00f3 opiniones<\/a>&nbsp;debido a las extra\u00f1as&nbsp;<strong>declaraciones&nbsp;<\/strong>de una joven de<strong>&nbsp;26 a\u00f1os<\/strong>, quien asegur\u00f3 que a\u00fan sigue siendo una&nbsp;<strong>adolescente<\/strong>, pues no se considera&nbsp;<strong>adulta<\/strong>.<\/p>\n\n\n\n<p>La usuaria\u00a0@lohannysant quien emiti\u00f3 esta opini\u00f3n, es la misma que hace unos d\u00edas\u00a0<strong>gener\u00f3 controversia<\/strong>\u00a0por un clip que public\u00f3 en el que\u00a0<strong>rompe en llanto<\/strong>\u00a0al revelar que n<strong>adie la quiere contratar\u00a0<\/strong>a pesar de ser\u00a0<strong>triling\u00fce\u00a0<\/strong>y haber estudiado<strong>\u00a0dos carreras<\/strong>.<\/p>\n\n\n\n<figure class=\"wp-block-embed is-type-video is-provider-tiktok wp-block-embed-tiktok\"><div class=\"wp-block-embed__wrapper\">\n<blockquote class=\"tiktok-embed\" cite=\"https:\/\/www.tiktok.com\/@lohannysant\/video\/7325512692595281194\" data-video-id=\"7325512692595281194\" data-embed-from=\"oembed\" style=\"max-width: 605px;min-width: 325px;\" > <section> <a target=\"_blank\" title=\"@lohannysant\" href=\"https:\/\/www.tiktok.com\/@lohannysant?refer=embed\">@lohannysant<\/a> <p>Replying to @alexbuckley00 Im just a baby <a title=\"nyc\" target=\"_blank\" href=\"https:\/\/www.tiktok.com\/tag\/nyc?refer=embed\">#nyc<\/a> <a title=\"imjustagirl\" target=\"_blank\" href=\"https:\/\/www.tiktok.com\/tag\/imjustagirl?refer=embed\">#imjustagirl<\/a> <\/p> <a target=\"_blank\" title=\"\u266c original sound - Lohanny\" href=\"https:\/\/www.tiktok.com\/music\/original-sound-7325512878386137899?refer=embed\">\u266c original sound &#8211; Lohanny<\/a> <\/section> <\/blockquote> <script async src=\"https:\/\/www.tiktok.com\/embed.js\"><\/script>\n<\/div><\/figure>\n\n\n\n<p>D\u00edas antes de que publicara el&nbsp;<strong>video&nbsp;<\/strong>en el que se muestra&nbsp;<strong>desesperada&nbsp;<\/strong>por no poder encontrar trabajo, la<strong>&nbsp;usuaria de TikTok<\/strong>&nbsp;respondi\u00f3 con un clip a un&nbsp;<strong>comentario&nbsp;<\/strong>en el que alguien le escribi\u00f3: &#8220;<strong>No eres una adolescente, tienes 26<\/strong>&#8220;.<\/p>\n\n\n\n<p>Bastante&nbsp;<strong>desconcertada<\/strong>, la joven le dedic\u00f3 unos segundos a su respuesta, pues ella se mostr\u00f3 bastante segura de sus argumentos para decir que no es una &#8220;adulta real&#8221;, a\u00fan.<\/p>\n\n\n\n<p>Posteriormente, enfatiz\u00f3 que&nbsp;<strong>no deber\u00eda de tener responsabilidades de adulto<\/strong>&nbsp;porque es una reci\u00e9n nacida ni\u00f1a adolescente y con una sonrisa concluy\u00f3 el video.<\/p>\n\n\n\n<p>Este clip surge luego de que ella misma publicara un\u00a0<strong>video llorando<\/strong>\u00a0porque a\u00fan no ha podido encontrar trabajo y se ha visto obligada a ir a los lugares con\u00a0<strong>copias de su curriculum vitae<\/strong>\u00a0para que alguien la contrate, lo cual describi\u00f3 como &#8220;<strong>vergonzoso<\/strong>&#8220;.<\/p>\n\n\n\n<p>Entre los&nbsp;<strong>comentarios<\/strong>, se pueden leer los siguientes:<\/p>\n\n\n\n<ul class=\"wp-block-list\">\n<li>&#8220;No&nbsp;s\u00e9, pero mi profesor de neurociencias dec\u00eda que se era adolescente hasta los 28 y despu\u00e9s de los 28 empezabas a ser adulto&#8221;<\/li>\n\n\n\n<li>&#8220;No los de 30 tampoco somos adultos, pregunta a los de 40&#8221;<\/li>\n\n\n\n<li>&#8220;Yo intentando convencer al se\u00f1or del trampol\u00edn que todav\u00eda soy un ni\u00f1o:&#8221;<\/li>\n\n\n\n<li>&#8220;Las de 30 sabemos que los verdaderos adultos arrancan a los 45+&#8221;<\/li>\n<\/ul>\n","protected":false},"excerpt":{"rendered":"<p>La misma chica triling\u00fce que a\u00fan no encuentra trabajo teniendo dos carreras, se sorprendi\u00f3 de que sus seguidores le dijeron que no es una adolescente Un video en&nbsp;TikTok&nbsp;dividi\u00f3 opiniones&nbsp;debido a las extra\u00f1as&nbsp;declaraciones&nbsp;de una joven de&nbsp;26 a\u00f1os, quien asegur\u00f3 que a\u00fan sigue siendo una&nbsp;adolescente, pues no se considera&nbsp;adulta. La usuaria\u00a0@lohannysant quien emiti\u00f3 esta opini\u00f3n, es la [&hellip;]<\/p>\n","protected":false},"author":7,"featured_media":72783,"comment_status":"open","ping_status":"open","sticky":false,"template":"","format":"standard","meta":{"tdm_status":"","tdm_grid_status":"","footnotes":""},"categories":[40],"tags":[],"class_list":{"0":"post-72782","1":"post","2":"type-post","3":"status-publish","4":"format-standard","5":"has-post-thumbnail","7":"category-las-asombrosas"},"yoast_head":"<!-- This site is optimized with the Yoast SEO plugin v27.5 - https:\/\/yoast.com\/product\/yoast-seo-wordpress\/ -->\n<title>VIDEO: A sus 26 a\u00f1os asegura que sigue siendo adolescente y explica por qu\u00e9 a\u00fan no es adulta - Fuentes Fidedignas<\/title>\n<meta name=\"robots\" content=\"index, follow, max-snippet:-1, max-image-preview:large, max-video-preview:-1\" \/>\n<link rel=\"canonical\" href=\"https:\/\/fuentesfidedignas.com.mx\/index.php\/2024\/02\/04\/video-a-sus-26-anos-asegura-que-sigue-siendo-adolescente-y-explica-por-que-aun-no-es-adulta\/\" \/>\n<meta property=\"og:locale\" content=\"es_MX\" \/>\n<meta property=\"og:type\" content=\"article\" \/>\n<meta property=\"og:title\" content=\"VIDEO: A sus 26 a\u00f1os asegura que sigue siendo adolescente y explica por qu\u00e9 a\u00fan no es adulta - Fuentes Fidedignas\" \/>\n<meta property=\"og:description\" content=\"La misma chica triling\u00fce que a\u00fan no encuentra trabajo teniendo dos carreras, se sorprendi\u00f3 de que sus seguidores le dijeron que no es una adolescente Un video en&nbsp;TikTok&nbsp;dividi\u00f3 opiniones&nbsp;debido a las extra\u00f1as&nbsp;declaraciones&nbsp;de una joven de&nbsp;26 a\u00f1os, quien asegur\u00f3 que a\u00fan sigue siendo una&nbsp;adolescente, pues no se considera&nbsp;adulta. La usuaria\u00a0@lohannysant quien emiti\u00f3 esta opini\u00f3n, es la [&hellip;]\" \/>\n<meta property=\"og:url\" content=\"https:\/\/fuentesfidedignas.com.mx\/index.php\/2024\/02\/04\/video-a-sus-26-anos-asegura-que-sigue-siendo-adolescente-y-explica-por-que-aun-no-es-adulta\/\" \/>\n<meta property=\"og:site_name\" content=\"Fuentes Fidedignas\" \/>\n<meta property=\"article:publisher\" content=\"https:\/\/www.facebook.com\/Fuentes-Fidedignas-368234489921644\" \/>\n<meta property=\"article:published_time\" content=\"2024-02-04T08:31:00+00:00\" \/>\n<meta property=\"og:image\" content=\"https:\/\/fuentesfidedignas.com.mx\/wp-content\/uploads\/2024\/02\/capture-20240202-133238.png\" \/>\n\t<meta property=\"og:image:width\" content=\"687\" \/>\n\t<meta property=\"og:image:height\" content=\"432\" \/>\n\t<meta property=\"og:image:type\" content=\"image\/png\" \/>\n<meta name=\"author\" content=\"Exc\u00e9lsior\" \/>\n<meta name=\"twitter:card\" content=\"summary_large_image\" \/>\n<meta name=\"twitter:creator\" content=\"@fidedignas\" \/>\n<meta name=\"twitter:site\" content=\"@fidedignas\" \/>\n<meta name=\"twitter:label1\" content=\"Escrito por\" \/>\n\t<meta name=\"twitter:data1\" content=\"Exc\u00e9lsior\" \/>\n\t<meta name=\"twitter:label2\" content=\"Tiempo de lectura\" \/>\n\t<meta name=\"twitter:data2\" content=\"2 minutos\" \/>\n<script type=\"application\/ld+json\" class=\"yoast-schema-graph\">{\"@context\":\"https:\\\/\\\/schema.org\",\"@graph\":[{\"@type\":\"Article\",\"@id\":\"https:\\\/\\\/fuentesfidedignas.com.mx\\\/index.php\\\/2024\\\/02\\\/04\\\/video-a-sus-26-anos-asegura-que-sigue-siendo-adolescente-y-explica-por-que-aun-no-es-adulta\\\/#article\",\"isPartOf\":{\"@id\":\"https:\\\/\\\/fuentesfidedignas.com.mx\\\/index.php\\\/2024\\\/02\\\/04\\\/video-a-sus-26-anos-asegura-que-sigue-siendo-adolescente-y-explica-por-que-aun-no-es-adulta\\\/\"},\"author\":{\"name\":\"Exc\u00e9lsior\",\"@id\":\"https:\\\/\\\/fuentesfidedignas.com.mx\\\/#\\\/schema\\\/person\\\/ec4edd1fbf5efa3e44fce34fe2787780\"},\"headline\":\"VIDEO: A sus 26 a\u00f1os asegura que sigue siendo adolescente y explica por qu\u00e9 a\u00fan no es adulta\",\"datePublished\":\"2024-02-04T08:31:00+00:00\",\"mainEntityOfPage\":{\"@id\":\"https:\\\/\\\/fuentesfidedignas.com.mx\\\/index.php\\\/2024\\\/02\\\/04\\\/video-a-sus-26-anos-asegura-que-sigue-siendo-adolescente-y-explica-por-que-aun-no-es-adulta\\\/\"},\"wordCount\":393,\"commentCount\":0,\"publisher\":{\"@id\":\"https:\\\/\\\/fuentesfidedignas.com.mx\\\/#organization\"},\"image\":{\"@id\":\"https:\\\/\\\/fuentesfidedignas.com.mx\\\/index.php\\\/2024\\\/02\\\/04\\\/video-a-sus-26-anos-asegura-que-sigue-siendo-adolescente-y-explica-por-que-aun-no-es-adulta\\\/#primaryimage\"},\"thumbnailUrl\":\"https:\\\/\\\/fuentesfidedignas.com.mx\\\/wp-content\\\/uploads\\\/2024\\\/02\\\/capture-20240202-133238.png\",\"articleSection\":[\"LAS ASOMBROSAS\"],\"inLanguage\":\"es\",\"potentialAction\":[{\"@type\":\"CommentAction\",\"name\":\"Comment\",\"target\":[\"https:\\\/\\\/fuentesfidedignas.com.mx\\\/index.php\\\/2024\\\/02\\\/04\\\/video-a-sus-26-anos-asegura-que-sigue-siendo-adolescente-y-explica-por-que-aun-no-es-adulta\\\/#respond\"]}]},{\"@type\":\"WebPage\",\"@id\":\"https:\\\/\\\/fuentesfidedignas.com.mx\\\/index.php\\\/2024\\\/02\\\/04\\\/video-a-sus-26-anos-asegura-que-sigue-siendo-adolescente-y-explica-por-que-aun-no-es-adulta\\\/\",\"url\":\"https:\\\/\\\/fuentesfidedignas.com.mx\\\/index.php\\\/2024\\\/02\\\/04\\\/video-a-sus-26-anos-asegura-que-sigue-siendo-adolescente-y-explica-por-que-aun-no-es-adulta\\\/\",\"name\":\"VIDEO: A sus 26 a\u00f1os asegura que sigue siendo adolescente y explica por qu\u00e9 a\u00fan no es adulta - Fuentes Fidedignas\",\"isPartOf\":{\"@id\":\"https:\\\/\\\/fuentesfidedignas.com.mx\\\/#website\"},\"primaryImageOfPage\":{\"@id\":\"https:\\\/\\\/fuentesfidedignas.com.mx\\\/index.php\\\/2024\\\/02\\\/04\\\/video-a-sus-26-anos-asegura-que-sigue-siendo-adolescente-y-explica-por-que-aun-no-es-adulta\\\/#primaryimage\"},\"image\":{\"@id\":\"https:\\\/\\\/fuentesfidedignas.com.mx\\\/index.php\\\/2024\\\/02\\\/04\\\/video-a-sus-26-anos-asegura-que-sigue-siendo-adolescente-y-explica-por-que-aun-no-es-adulta\\\/#primaryimage\"},\"thumbnailUrl\":\"https:\\\/\\\/fuentesfidedignas.com.mx\\\/wp-content\\\/uploads\\\/2024\\\/02\\\/capture-20240202-133238.png\",\"datePublished\":\"2024-02-04T08:31:00+00:00\",\"breadcrumb\":{\"@id\":\"https:\\\/\\\/fuentesfidedignas.com.mx\\\/index.php\\\/2024\\\/02\\\/04\\\/video-a-sus-26-anos-asegura-que-sigue-siendo-adolescente-y-explica-por-que-aun-no-es-adulta\\\/#breadcrumb\"},\"inLanguage\":\"es\",\"potentialAction\":[{\"@type\":\"ReadAction\",\"target\":[\"https:\\\/\\\/fuentesfidedignas.com.mx\\\/index.php\\\/2024\\\/02\\\/04\\\/video-a-sus-26-anos-asegura-que-sigue-siendo-adolescente-y-explica-por-que-aun-no-es-adulta\\\/\"]}]},{\"@type\":\"ImageObject\",\"inLanguage\":\"es\",\"@id\":\"https:\\\/\\\/fuentesfidedignas.com.mx\\\/index.php\\\/2024\\\/02\\\/04\\\/video-a-sus-26-anos-asegura-que-sigue-siendo-adolescente-y-explica-por-que-aun-no-es-adulta\\\/#primaryimage\",\"url\":\"https:\\\/\\\/fuentesfidedignas.com.mx\\\/wp-content\\\/uploads\\\/2024\\\/02\\\/capture-20240202-133238.png\",\"contentUrl\":\"https:\\\/\\\/fuentesfidedignas.com.mx\\\/wp-content\\\/uploads\\\/2024\\\/02\\\/capture-20240202-133238.png\",\"width\":687,\"height\":432},{\"@type\":\"BreadcrumbList\",\"@id\":\"https:\\\/\\\/fuentesfidedignas.com.mx\\\/index.php\\\/2024\\\/02\\\/04\\\/video-a-sus-26-anos-asegura-que-sigue-siendo-adolescente-y-explica-por-que-aun-no-es-adulta\\\/#breadcrumb\",\"itemListElement\":[{\"@type\":\"ListItem\",\"position\":1,\"name\":\"Inicio\",\"item\":\"https:\\\/\\\/fuentesfidedignas.com.mx\\\/\"},{\"@type\":\"ListItem\",\"position\":2,\"name\":\"VIDEO: A sus 26 a\u00f1os asegura que sigue siendo adolescente y explica por qu\u00e9 a\u00fan no es adulta\"}]},{\"@type\":\"WebSite\",\"@id\":\"https:\\\/\\\/fuentesfidedignas.com.mx\\\/#website\",\"url\":\"https:\\\/\\\/fuentesfidedignas.com.mx\\\/\",\"name\":\"Fuentes Fidedignas\",\"description\":\"Otro sitio realizado con WordPress\",\"publisher\":{\"@id\":\"https:\\\/\\\/fuentesfidedignas.com.mx\\\/#organization\"},\"potentialAction\":[{\"@type\":\"SearchAction\",\"target\":{\"@type\":\"EntryPoint\",\"urlTemplate\":\"https:\\\/\\\/fuentesfidedignas.com.mx\\\/?s={search_term_string}\"},\"query-input\":{\"@type\":\"PropertyValueSpecification\",\"valueRequired\":true,\"valueName\":\"search_term_string\"}}],\"inLanguage\":\"es\"},{\"@type\":\"Organization\",\"@id\":\"https:\\\/\\\/fuentesfidedignas.com.mx\\\/#organization\",\"name\":\"Fuentes Fidedignas\",\"url\":\"https:\\\/\\\/fuentesfidedignas.com.mx\\\/\",\"logo\":{\"@type\":\"ImageObject\",\"inLanguage\":\"es\",\"@id\":\"https:\\\/\\\/fuentesfidedignas.com.mx\\\/#\\\/schema\\\/logo\\\/image\\\/\",\"url\":\"https:\\\/\\\/fuentesfidedignas.com.mx\\\/wp-content\\\/uploads\\\/2021\\\/04\\\/logo-retina.png\",\"contentUrl\":\"https:\\\/\\\/fuentesfidedignas.com.mx\\\/wp-content\\\/uploads\\\/2021\\\/04\\\/logo-retina.png\",\"width\":280,\"height\":51,\"caption\":\"Fuentes Fidedignas\"},\"image\":{\"@id\":\"https:\\\/\\\/fuentesfidedignas.com.mx\\\/#\\\/schema\\\/logo\\\/image\\\/\"},\"sameAs\":[\"https:\\\/\\\/www.facebook.com\\\/Fuentes-Fidedignas-368234489921644\",\"https:\\\/\\\/x.com\\\/fidedignas\"]},{\"@type\":\"Person\",\"@id\":\"https:\\\/\\\/fuentesfidedignas.com.mx\\\/#\\\/schema\\\/person\\\/ec4edd1fbf5efa3e44fce34fe2787780\",\"name\":\"Exc\u00e9lsior\",\"image\":{\"@type\":\"ImageObject\",\"inLanguage\":\"es\",\"@id\":\"https:\\\/\\\/secure.gravatar.com\\\/avatar\\\/4b7ee9206b48be08447852b3f0814dbc7c0f3b51541b164f1464a2725614020b?s=96&d=mm&r=g\",\"url\":\"https:\\\/\\\/secure.gravatar.com\\\/avatar\\\/4b7ee9206b48be08447852b3f0814dbc7c0f3b51541b164f1464a2725614020b?s=96&d=mm&r=g\",\"contentUrl\":\"https:\\\/\\\/secure.gravatar.com\\\/avatar\\\/4b7ee9206b48be08447852b3f0814dbc7c0f3b51541b164f1464a2725614020b?s=96&d=mm&r=g\",\"caption\":\"Exc\u00e9lsior\"},\"url\":\"https:\\\/\\\/fuentesfidedignas.com.mx\\\/index.php\\\/author\\\/excelsior\\\/\"}]}<\/script>\n<!-- \/ Yoast SEO plugin. -->","yoast_head_json":{"title":"VIDEO: A sus 26 a\u00f1os asegura que sigue siendo adolescente y explica por qu\u00e9 a\u00fan no es adulta - Fuentes Fidedignas","robots":{"index":"index","follow":"follow","max-snippet":"max-snippet:-1","max-image-preview":"max-image-preview:large","max-video-preview":"max-video-preview:-1"},"canonical":"https:\/\/fuentesfidedignas.com.mx\/index.php\/2024\/02\/04\/video-a-sus-26-anos-asegura-que-sigue-siendo-adolescente-y-explica-por-que-aun-no-es-adulta\/","og_locale":"es_MX","og_type":"article","og_title":"VIDEO: A sus 26 a\u00f1os asegura que sigue siendo adolescente y explica por qu\u00e9 a\u00fan no es adulta - Fuentes Fidedignas","og_description":"La misma chica triling\u00fce que a\u00fan no encuentra trabajo teniendo dos carreras, se sorprendi\u00f3 de que sus seguidores le dijeron que no es una adolescente Un video en&nbsp;TikTok&nbsp;dividi\u00f3 opiniones&nbsp;debido a las extra\u00f1as&nbsp;declaraciones&nbsp;de una joven de&nbsp;26 a\u00f1os, quien asegur\u00f3 que a\u00fan sigue siendo una&nbsp;adolescente, pues no se considera&nbsp;adulta. La usuaria\u00a0@lohannysant quien emiti\u00f3 esta opini\u00f3n, es la [&hellip;]","og_url":"https:\/\/fuentesfidedignas.com.mx\/index.php\/2024\/02\/04\/video-a-sus-26-anos-asegura-que-sigue-siendo-adolescente-y-explica-por-que-aun-no-es-adulta\/","og_site_name":"Fuentes Fidedignas","article_publisher":"https:\/\/www.facebook.com\/Fuentes-Fidedignas-368234489921644","article_published_time":"2024-02-04T08:31:00+00:00","og_image":[{"width":687,"height":432,"url":"https:\/\/fuentesfidedignas.com.mx\/wp-content\/uploads\/2024\/02\/capture-20240202-133238.png","type":"image\/png"}],"author":"Exc\u00e9lsior","twitter_card":"summary_large_image","twitter_creator":"@fidedignas","twitter_site":"@fidedignas","twitter_misc":{"Escrito por":"Exc\u00e9lsior","Tiempo de lectura":"2 minutos"},"schema":{"@context":"https:\/\/schema.org","@graph":[{"@type":"Article","@id":"https:\/\/fuentesfidedignas.com.mx\/index.php\/2024\/02\/04\/video-a-sus-26-anos-asegura-que-sigue-siendo-adolescente-y-explica-por-que-aun-no-es-adulta\/#article","isPartOf":{"@id":"https:\/\/fuentesfidedignas.com.mx\/index.php\/2024\/02\/04\/video-a-sus-26-anos-asegura-que-sigue-siendo-adolescente-y-explica-por-que-aun-no-es-adulta\/"},"author":{"name":"Exc\u00e9lsior","@id":"https:\/\/fuentesfidedignas.com.mx\/#\/schema\/person\/ec4edd1fbf5efa3e44fce34fe2787780"},"headline":"VIDEO: A sus 26 a\u00f1os asegura que sigue siendo adolescente y explica por qu\u00e9 a\u00fan no es adulta","datePublished":"2024-02-04T08:31:00+00:00","mainEntityOfPage":{"@id":"https:\/\/fuentesfidedignas.com.mx\/index.php\/2024\/02\/04\/video-a-sus-26-anos-asegura-que-sigue-siendo-adolescente-y-explica-por-que-aun-no-es-adulta\/"},"wordCount":393,"commentCount":0,"publisher":{"@id":"https:\/\/fuentesfidedignas.com.mx\/#organization"},"image":{"@id":"https:\/\/fuentesfidedignas.com.mx\/index.php\/2024\/02\/04\/video-a-sus-26-anos-asegura-que-sigue-siendo-adolescente-y-explica-por-que-aun-no-es-adulta\/#primaryimage"},"thumbnailUrl":"https:\/\/fuentesfidedignas.com.mx\/wp-content\/uploads\/2024\/02\/capture-20240202-133238.png","articleSection":["LAS ASOMBROSAS"],"inLanguage":"es","potentialAction":[{"@type":"CommentAction","name":"Comment","target":["https:\/\/fuentesfidedignas.com.mx\/index.php\/2024\/02\/04\/video-a-sus-26-anos-asegura-que-sigue-siendo-adolescente-y-explica-por-que-aun-no-es-adulta\/#respond"]}]},{"@type":"WebPage","@id":"https:\/\/fuentesfidedignas.com.mx\/index.php\/2024\/02\/04\/video-a-sus-26-anos-asegura-que-sigue-siendo-adolescente-y-explica-por-que-aun-no-es-adulta\/","url":"https:\/\/fuentesfidedignas.com.mx\/index.php\/2024\/02\/04\/video-a-sus-26-anos-asegura-que-sigue-siendo-adolescente-y-explica-por-que-aun-no-es-adulta\/","name":"VIDEO: A sus 26 a\u00f1os asegura que sigue siendo adolescente y explica por qu\u00e9 a\u00fan no es adulta - Fuentes Fidedignas","isPartOf":{"@id":"https:\/\/fuentesfidedignas.com.mx\/#website"},"primaryImageOfPage":{"@id":"https:\/\/fuentesfidedignas.com.mx\/index.php\/2024\/02\/04\/video-a-sus-26-anos-asegura-que-sigue-siendo-adolescente-y-explica-por-que-aun-no-es-adulta\/#primaryimage"},"image":{"@id":"https:\/\/fuentesfidedignas.com.mx\/index.php\/2024\/02\/04\/video-a-sus-26-anos-asegura-que-sigue-siendo-adolescente-y-explica-por-que-aun-no-es-adulta\/#primaryimage"},"thumbnailUrl":"https:\/\/fuentesfidedignas.com.mx\/wp-content\/uploads\/2024\/02\/capture-20240202-133238.png","datePublished":"2024-02-04T08:31:00+00:00","breadcrumb":{"@id":"https:\/\/fuentesfidedignas.com.mx\/index.php\/2024\/02\/04\/video-a-sus-26-anos-asegura-que-sigue-siendo-adolescente-y-explica-por-que-aun-no-es-adulta\/#breadcrumb"},"inLanguage":"es","potentialAction":[{"@type":"ReadAction","target":["https:\/\/fuentesfidedignas.com.mx\/index.php\/2024\/02\/04\/video-a-sus-26-anos-asegura-que-sigue-siendo-adolescente-y-explica-por-que-aun-no-es-adulta\/"]}]},{"@type":"ImageObject","inLanguage":"es","@id":"https:\/\/fuentesfidedignas.com.mx\/index.php\/2024\/02\/04\/video-a-sus-26-anos-asegura-que-sigue-siendo-adolescente-y-explica-por-que-aun-no-es-adulta\/#primaryimage","url":"https:\/\/fuentesfidedignas.com.mx\/wp-content\/uploads\/2024\/02\/capture-20240202-133238.png","contentUrl":"https:\/\/fuentesfidedignas.com.mx\/wp-content\/uploads\/2024\/02\/capture-20240202-133238.png","width":687,"height":432},{"@type":"BreadcrumbList","@id":"https:\/\/fuentesfidedignas.com.mx\/index.php\/2024\/02\/04\/video-a-sus-26-anos-asegura-que-sigue-siendo-adolescente-y-explica-por-que-aun-no-es-adulta\/#breadcrumb","itemListElement":[{"@type":"ListItem","position":1,"name":"Inicio","item":"https:\/\/fuentesfidedignas.com.mx\/"},{"@type":"ListItem","position":2,"name":"VIDEO: A sus 26 a\u00f1os asegura que sigue siendo adolescente y explica por qu\u00e9 a\u00fan no es adulta"}]},{"@type":"WebSite","@id":"https:\/\/fuentesfidedignas.com.mx\/#website","url":"https:\/\/fuentesfidedignas.com.mx\/","name":"Fuentes Fidedignas","description":"Otro sitio realizado con WordPress","publisher":{"@id":"https:\/\/fuentesfidedignas.com.mx\/#organization"},"potentialAction":[{"@type":"SearchAction","target":{"@type":"EntryPoint","urlTemplate":"https:\/\/fuentesfidedignas.com.mx\/?s={search_term_string}"},"query-input":{"@type":"PropertyValueSpecification","valueRequired":true,"valueName":"search_term_string"}}],"inLanguage":"es"},{"@type":"Organization","@id":"https:\/\/fuentesfidedignas.com.mx\/#organization","name":"Fuentes Fidedignas","url":"https:\/\/fuentesfidedignas.com.mx\/","logo":{"@type":"ImageObject","inLanguage":"es","@id":"https:\/\/fuentesfidedignas.com.mx\/#\/schema\/logo\/image\/","url":"https:\/\/fuentesfidedignas.com.mx\/wp-content\/uploads\/2021\/04\/logo-retina.png","contentUrl":"https:\/\/fuentesfidedignas.com.mx\/wp-content\/uploads\/2021\/04\/logo-retina.png","width":280,"height":51,"caption":"Fuentes Fidedignas"},"image":{"@id":"https:\/\/fuentesfidedignas.com.mx\/#\/schema\/logo\/image\/"},"sameAs":["https:\/\/www.facebook.com\/Fuentes-Fidedignas-368234489921644","https:\/\/x.com\/fidedignas"]},{"@type":"Person","@id":"https:\/\/fuentesfidedignas.com.mx\/#\/schema\/person\/ec4edd1fbf5efa3e44fce34fe2787780","name":"Exc\u00e9lsior","image":{"@type":"ImageObject","inLanguage":"es","@id":"https:\/\/secure.gravatar.com\/avatar\/4b7ee9206b48be08447852b3f0814dbc7c0f3b51541b164f1464a2725614020b?s=96&d=mm&r=g","url":"https:\/\/secure.gravatar.com\/avatar\/4b7ee9206b48be08447852b3f0814dbc7c0f3b51541b164f1464a2725614020b?s=96&d=mm&r=g","contentUrl":"https:\/\/secure.gravatar.com\/avatar\/4b7ee9206b48be08447852b3f0814dbc7c0f3b51541b164f1464a2725614020b?s=96&d=mm&r=g","caption":"Exc\u00e9lsior"},"url":"https:\/\/fuentesfidedignas.com.mx\/index.php\/author\/excelsior\/"}]}},"_links":{"self":[{"href":"https:\/\/fuentesfidedignas.com.mx\/index.php\/wp-json\/wp\/v2\/posts\/72782","targetHints":{"allow":["GET"]}}],"collection":[{"href":"https:\/\/fuentesfidedignas.com.mx\/index.php\/wp-json\/wp\/v2\/posts"}],"about":[{"href":"https:\/\/fuentesfidedignas.com.mx\/index.php\/wp-json\/wp\/v2\/types\/post"}],"author":[{"embeddable":true,"href":"https:\/\/fuentesfidedignas.com.mx\/index.php\/wp-json\/wp\/v2\/users\/7"}],"replies":[{"embeddable":true,"href":"https:\/\/fuentesfidedignas.com.mx\/index.php\/wp-json\/wp\/v2\/comments?post=72782"}],"version-history":[{"count":1,"href":"https:\/\/fuentesfidedignas.com.mx\/index.php\/wp-json\/wp\/v2\/posts\/72782\/revisions"}],"predecessor-version":[{"id":72784,"href":"https:\/\/fuentesfidedignas.com.mx\/index.php\/wp-json\/wp\/v2\/posts\/72782\/revisions\/72784"}],"wp:featuredmedia":[{"embeddable":true,"href":"https:\/\/fuentesfidedignas.com.mx\/index.php\/wp-json\/wp\/v2\/media\/72783"}],"wp:attachment":[{"href":"https:\/\/fuentesfidedignas.com.mx\/index.php\/wp-json\/wp\/v2\/media?parent=72782"}],"wp:term":[{"taxonomy":"category","embeddable":true,"href":"https:\/\/fuentesfidedignas.com.mx\/index.php\/wp-json\/wp\/v2\/categories?post=72782"},{"taxonomy":"post_tag","embeddable":true,"href":"https:\/\/fuentesfidedignas.com.mx\/index.php\/wp-json\/wp\/v2\/tags?post=72782"}],"curies":[{"name":"wp","href":"https:\/\/api.w.org\/{rel}","templated":true}]}}