{"id":72624,"date":"2024-02-01T14:13:55","date_gmt":"2024-02-01T21:13:55","guid":{"rendered":"https:\/\/fuentesfidedignas.com.mx\/?p=72624"},"modified":"2024-02-01T14:13:56","modified_gmt":"2024-02-01T21:13:56","slug":"arranca-la-serie-del-caribe-este-es-el-calendario-y-roster-de-mexico","status":"publish","type":"post","link":"https:\/\/fuentesfidedignas.com.mx\/index.php\/2024\/02\/01\/arranca-la-serie-del-caribe-este-es-el-calendario-y-roster-de-mexico\/","title":{"rendered":"Arranca la Serie del Caribe: Este es el calendario y roster de M\u00e9xico"},"content":{"rendered":"\n<p><strong><em>Hace 10 a\u00f1os que la novena mexicana no se consagra campeona en esta competencia<\/em><\/strong><\/p>\n\n\n\n<p>Miami.- Este jueves arranc\u00f3 la Serie del Caribe 2024, la cual se disputa en Miami. Tras el reciente campeonato de Naranjeros en la Liga Mexicana del Pac\u00edfico, los de Hermosillo representar\u00e1n a M\u00e9xico en esta competici\u00f3n.<\/p>\n\n\n\n<p>M\u00e9xico ya cuenta con calendario de partidos listo. Los Naranjeros se enfrentar\u00e1n a las novenas de: Curazao, Puerto Rico, Panam\u00e1, Rep\u00fablica Dominicana, Venezuela y Nicaragua.<\/p>\n\n\n\n<figure class=\"wp-block-image size-full\"><img decoding=\"async\" width=\"850\" height=\"671\" src=\"https:\/\/fuentesfidedignas.com.mx\/wp-content\/uploads\/2024\/02\/image.png\" alt=\"\" class=\"wp-image-72625\" srcset=\"https:\/\/fuentesfidedignas.com.mx\/wp-content\/uploads\/2024\/02\/image.png 850w, https:\/\/fuentesfidedignas.com.mx\/wp-content\/uploads\/2024\/02\/image-300x237.png 300w, https:\/\/fuentesfidedignas.com.mx\/wp-content\/uploads\/2024\/02\/image-768x606.png 768w, https:\/\/fuentesfidedignas.com.mx\/wp-content\/uploads\/2024\/02\/image-696x549.png 696w, https:\/\/fuentesfidedignas.com.mx\/wp-content\/uploads\/2024\/02\/image-532x420.png 532w\" sizes=\"(max-width: 850px) 100vw, 850px\" \/><\/figure>\n\n\n\n<p>Los campeones de la Liga del Pac\u00edfico buscar\u00e1n dar fin a una larga sequ\u00eda de este t\u00edtulo para M\u00e9xico, ya que la novena mexicana no ha salido campeona desde hace 10 a\u00f1os, donde precisamente, el equipo representante fueron los Naranjeros.<\/p>\n\n\n\n<h2 class=\"wp-block-heading\">Calendario para M\u00e9xico en la Serie del Caribe 2024&nbsp;<\/h2>\n\n\n\n<ul class=\"wp-block-list\">\n<li>M\u00e9xico vs Curazao, jueves 1 de febrero<\/li>\n\n\n\n<li>M\u00e9xico vs Puerto Rico, viernes 2 de febrero&nbsp;<\/li>\n\n\n\n<li>M\u00e9xico vs Panam\u00e1, s\u00e1bado 3 de febrero&nbsp;<\/li>\n\n\n\n<li>M\u00e9xico vs Rep\u00fablica Dominicana, domingo 4 de febrero&nbsp;<\/li>\n\n\n\n<li>M\u00e9xico vs Venezuela, lunes 5 de febrero&nbsp;<\/li>\n\n\n\n<li>M\u00e9xico vs Nicaragua, martes 6 de febrero<\/li>\n<\/ul>\n\n\n\n<h2 class=\"wp-block-heading\">Roster oficial de la Selecci\u00f3n Mexicana de B\u00e9isbol&nbsp;<\/h2>\n\n\n\n<p>Cabe se\u00f1alar que est\u00e1 conformado por 15 lanzadores, 4 outfielders, 7 infielders y 2 catchers<\/p>\n\n\n\n<figure class=\"wp-block-image size-full\"><img decoding=\"async\" width=\"850\" height=\"814\" src=\"https:\/\/fuentesfidedignas.com.mx\/wp-content\/uploads\/2024\/02\/image-1.png\" alt=\"\" class=\"wp-image-72626\" srcset=\"https:\/\/fuentesfidedignas.com.mx\/wp-content\/uploads\/2024\/02\/image-1.png 850w, https:\/\/fuentesfidedignas.com.mx\/wp-content\/uploads\/2024\/02\/image-1-300x287.png 300w, https:\/\/fuentesfidedignas.com.mx\/wp-content\/uploads\/2024\/02\/image-1-768x735.png 768w, https:\/\/fuentesfidedignas.com.mx\/wp-content\/uploads\/2024\/02\/image-1-696x667.png 696w, https:\/\/fuentesfidedignas.com.mx\/wp-content\/uploads\/2024\/02\/image-1-439x420.png 439w\" sizes=\"(max-width: 850px) 100vw, 850px\" \/><\/figure>\n\n\n\n<p>Odrisamer Despaigne y Juan Carlos Gamboa de Yaquis de Obreg\u00f3n, Jeff Kinley de Algodoneros de Guasave, Manny Barreda y Alexis Wilson de Tomateros de Culiac\u00e1n, Zach Matson de Mayos de Navojoa, Jake S\u00e1nchez de \u00c1guilas de Mexicali, Elkin Alcal\u00e1, Randy Romero y Ramiro Pe\u00f1a de subcampeones Venados de Mazatl\u00e1n, Juan G\u00e1mez de Ca\u00f1eros de Mochis, Juli\u00e1n Ornelas de Charros de Jalisco y Bobby Bradley, as\u00ed como Roberto Valenzuela de Sultanes de Monterrey.<\/p>\n","protected":false},"excerpt":{"rendered":"<p>Hace 10 a\u00f1os que la novena mexicana no se consagra campeona en esta competencia Miami.- Este jueves arranc\u00f3 la Serie del Caribe 2024, la cual se disputa en Miami. Tras el reciente campeonato de Naranjeros en la Liga Mexicana del Pac\u00edfico, los de Hermosillo representar\u00e1n a M\u00e9xico en esta competici\u00f3n. M\u00e9xico ya cuenta con calendario [&hellip;]<\/p>\n","protected":false},"author":150,"featured_media":72627,"comment_status":"open","ping_status":"open","sticky":false,"template":"","format":"standard","meta":{"tdm_status":"","tdm_grid_status":"","footnotes":""},"categories":[39],"tags":[],"class_list":{"0":"post-72624","1":"post","2":"type-post","3":"status-publish","4":"format-standard","5":"has-post-thumbnail","7":"category-noticias-nacionales"},"yoast_head":"<!-- This site is optimized with the Yoast SEO plugin v27.4 - https:\/\/yoast.com\/product\/yoast-seo-wordpress\/ -->\n<title>Arranca la Serie del Caribe: Este es el calendario y roster de M\u00e9xico - Fuentes Fidedignas<\/title>\n<meta name=\"robots\" content=\"index, follow, max-snippet:-1, max-image-preview:large, max-video-preview:-1\" \/>\n<link rel=\"canonical\" href=\"https:\/\/fuentesfidedignas.com.mx\/index.php\/2024\/02\/01\/arranca-la-serie-del-caribe-este-es-el-calendario-y-roster-de-mexico\/\" \/>\n<meta property=\"og:locale\" content=\"es_MX\" \/>\n<meta property=\"og:type\" content=\"article\" \/>\n<meta property=\"og:title\" content=\"Arranca la Serie del Caribe: Este es el calendario y roster de M\u00e9xico - Fuentes Fidedignas\" \/>\n<meta property=\"og:description\" content=\"Hace 10 a\u00f1os que la novena mexicana no se consagra campeona en esta competencia Miami.- Este jueves arranc\u00f3 la Serie del Caribe 2024, la cual se disputa en Miami. Tras el reciente campeonato de Naranjeros en la Liga Mexicana del Pac\u00edfico, los de Hermosillo representar\u00e1n a M\u00e9xico en esta competici\u00f3n. M\u00e9xico ya cuenta con calendario [&hellip;]\" \/>\n<meta property=\"og:url\" content=\"https:\/\/fuentesfidedignas.com.mx\/index.php\/2024\/02\/01\/arranca-la-serie-del-caribe-este-es-el-calendario-y-roster-de-mexico\/\" \/>\n<meta property=\"og:site_name\" content=\"Fuentes Fidedignas\" \/>\n<meta property=\"article:publisher\" content=\"https:\/\/www.facebook.com\/Fuentes-Fidedignas-368234489921644\" \/>\n<meta property=\"article:published_time\" content=\"2024-02-01T21:13:55+00:00\" \/>\n<meta property=\"article:modified_time\" content=\"2024-02-01T21:13:56+00:00\" \/>\n<meta property=\"og:image\" content=\"https:\/\/fuentesfidedignas.com.mx\/wp-content\/uploads\/2024\/02\/lrsud0fvgkajqdc8bdrr-e1706822031952.jpeg\" \/>\n\t<meta property=\"og:image:width\" content=\"600\" \/>\n\t<meta property=\"og:image:height\" content=\"338\" \/>\n\t<meta property=\"og:image:type\" content=\"image\/jpeg\" \/>\n<meta name=\"author\" content=\"R\u00e9cord\" \/>\n<meta name=\"twitter:card\" content=\"summary_large_image\" \/>\n<meta name=\"twitter:creator\" content=\"@fidedignas\" \/>\n<meta name=\"twitter:site\" content=\"@fidedignas\" \/>\n<meta name=\"twitter:label1\" content=\"Escrito por\" \/>\n\t<meta name=\"twitter:data1\" content=\"R\u00e9cord\" \/>\n\t<meta name=\"twitter:label2\" content=\"Tiempo de lectura\" \/>\n\t<meta name=\"twitter:data2\" content=\"2 minutos\" \/>\n<script type=\"application\/ld+json\" class=\"yoast-schema-graph\">{\"@context\":\"https:\\\/\\\/schema.org\",\"@graph\":[{\"@type\":\"Article\",\"@id\":\"https:\\\/\\\/fuentesfidedignas.com.mx\\\/index.php\\\/2024\\\/02\\\/01\\\/arranca-la-serie-del-caribe-este-es-el-calendario-y-roster-de-mexico\\\/#article\",\"isPartOf\":{\"@id\":\"https:\\\/\\\/fuentesfidedignas.com.mx\\\/index.php\\\/2024\\\/02\\\/01\\\/arranca-la-serie-del-caribe-este-es-el-calendario-y-roster-de-mexico\\\/\"},\"author\":{\"name\":\"R\u00e9cord\",\"@id\":\"https:\\\/\\\/fuentesfidedignas.com.mx\\\/#\\\/schema\\\/person\\\/39b91b7742a24e842156ffcfe0db5e08\"},\"headline\":\"Arranca la Serie del Caribe: Este es el calendario y roster de M\u00e9xico\",\"datePublished\":\"2024-02-01T21:13:55+00:00\",\"dateModified\":\"2024-02-01T21:13:56+00:00\",\"mainEntityOfPage\":{\"@id\":\"https:\\\/\\\/fuentesfidedignas.com.mx\\\/index.php\\\/2024\\\/02\\\/01\\\/arranca-la-serie-del-caribe-este-es-el-calendario-y-roster-de-mexico\\\/\"},\"wordCount\":304,\"commentCount\":0,\"publisher\":{\"@id\":\"https:\\\/\\\/fuentesfidedignas.com.mx\\\/#organization\"},\"image\":{\"@id\":\"https:\\\/\\\/fuentesfidedignas.com.mx\\\/index.php\\\/2024\\\/02\\\/01\\\/arranca-la-serie-del-caribe-este-es-el-calendario-y-roster-de-mexico\\\/#primaryimage\"},\"thumbnailUrl\":\"https:\\\/\\\/fuentesfidedignas.com.mx\\\/wp-content\\\/uploads\\\/2024\\\/02\\\/lrsud0fvgkajqdc8bdrr-e1706822031952.jpeg\",\"articleSection\":[\"NOTICIAS NACIONALES\"],\"inLanguage\":\"es\",\"potentialAction\":[{\"@type\":\"CommentAction\",\"name\":\"Comment\",\"target\":[\"https:\\\/\\\/fuentesfidedignas.com.mx\\\/index.php\\\/2024\\\/02\\\/01\\\/arranca-la-serie-del-caribe-este-es-el-calendario-y-roster-de-mexico\\\/#respond\"]}]},{\"@type\":\"WebPage\",\"@id\":\"https:\\\/\\\/fuentesfidedignas.com.mx\\\/index.php\\\/2024\\\/02\\\/01\\\/arranca-la-serie-del-caribe-este-es-el-calendario-y-roster-de-mexico\\\/\",\"url\":\"https:\\\/\\\/fuentesfidedignas.com.mx\\\/index.php\\\/2024\\\/02\\\/01\\\/arranca-la-serie-del-caribe-este-es-el-calendario-y-roster-de-mexico\\\/\",\"name\":\"Arranca la Serie del Caribe: Este es el calendario y roster de M\u00e9xico - Fuentes Fidedignas\",\"isPartOf\":{\"@id\":\"https:\\\/\\\/fuentesfidedignas.com.mx\\\/#website\"},\"primaryImageOfPage\":{\"@id\":\"https:\\\/\\\/fuentesfidedignas.com.mx\\\/index.php\\\/2024\\\/02\\\/01\\\/arranca-la-serie-del-caribe-este-es-el-calendario-y-roster-de-mexico\\\/#primaryimage\"},\"image\":{\"@id\":\"https:\\\/\\\/fuentesfidedignas.com.mx\\\/index.php\\\/2024\\\/02\\\/01\\\/arranca-la-serie-del-caribe-este-es-el-calendario-y-roster-de-mexico\\\/#primaryimage\"},\"thumbnailUrl\":\"https:\\\/\\\/fuentesfidedignas.com.mx\\\/wp-content\\\/uploads\\\/2024\\\/02\\\/lrsud0fvgkajqdc8bdrr-e1706822031952.jpeg\",\"datePublished\":\"2024-02-01T21:13:55+00:00\",\"dateModified\":\"2024-02-01T21:13:56+00:00\",\"breadcrumb\":{\"@id\":\"https:\\\/\\\/fuentesfidedignas.com.mx\\\/index.php\\\/2024\\\/02\\\/01\\\/arranca-la-serie-del-caribe-este-es-el-calendario-y-roster-de-mexico\\\/#breadcrumb\"},\"inLanguage\":\"es\",\"potentialAction\":[{\"@type\":\"ReadAction\",\"target\":[\"https:\\\/\\\/fuentesfidedignas.com.mx\\\/index.php\\\/2024\\\/02\\\/01\\\/arranca-la-serie-del-caribe-este-es-el-calendario-y-roster-de-mexico\\\/\"]}]},{\"@type\":\"ImageObject\",\"inLanguage\":\"es\",\"@id\":\"https:\\\/\\\/fuentesfidedignas.com.mx\\\/index.php\\\/2024\\\/02\\\/01\\\/arranca-la-serie-del-caribe-este-es-el-calendario-y-roster-de-mexico\\\/#primaryimage\",\"url\":\"https:\\\/\\\/fuentesfidedignas.com.mx\\\/wp-content\\\/uploads\\\/2024\\\/02\\\/lrsud0fvgkajqdc8bdrr-e1706822031952.jpeg\",\"contentUrl\":\"https:\\\/\\\/fuentesfidedignas.com.mx\\\/wp-content\\\/uploads\\\/2024\\\/02\\\/lrsud0fvgkajqdc8bdrr-e1706822031952.jpeg\",\"width\":600,\"height\":338},{\"@type\":\"BreadcrumbList\",\"@id\":\"https:\\\/\\\/fuentesfidedignas.com.mx\\\/index.php\\\/2024\\\/02\\\/01\\\/arranca-la-serie-del-caribe-este-es-el-calendario-y-roster-de-mexico\\\/#breadcrumb\",\"itemListElement\":[{\"@type\":\"ListItem\",\"position\":1,\"name\":\"Inicio\",\"item\":\"https:\\\/\\\/fuentesfidedignas.com.mx\\\/\"},{\"@type\":\"ListItem\",\"position\":2,\"name\":\"Arranca la Serie del Caribe: Este es el calendario y roster de M\u00e9xico\"}]},{\"@type\":\"WebSite\",\"@id\":\"https:\\\/\\\/fuentesfidedignas.com.mx\\\/#website\",\"url\":\"https:\\\/\\\/fuentesfidedignas.com.mx\\\/\",\"name\":\"Fuentes Fidedignas\",\"description\":\"Otro sitio realizado con WordPress\",\"publisher\":{\"@id\":\"https:\\\/\\\/fuentesfidedignas.com.mx\\\/#organization\"},\"potentialAction\":[{\"@type\":\"SearchAction\",\"target\":{\"@type\":\"EntryPoint\",\"urlTemplate\":\"https:\\\/\\\/fuentesfidedignas.com.mx\\\/?s={search_term_string}\"},\"query-input\":{\"@type\":\"PropertyValueSpecification\",\"valueRequired\":true,\"valueName\":\"search_term_string\"}}],\"inLanguage\":\"es\"},{\"@type\":\"Organization\",\"@id\":\"https:\\\/\\\/fuentesfidedignas.com.mx\\\/#organization\",\"name\":\"Fuentes Fidedignas\",\"url\":\"https:\\\/\\\/fuentesfidedignas.com.mx\\\/\",\"logo\":{\"@type\":\"ImageObject\",\"inLanguage\":\"es\",\"@id\":\"https:\\\/\\\/fuentesfidedignas.com.mx\\\/#\\\/schema\\\/logo\\\/image\\\/\",\"url\":\"https:\\\/\\\/fuentesfidedignas.com.mx\\\/wp-content\\\/uploads\\\/2021\\\/04\\\/logo-retina.png\",\"contentUrl\":\"https:\\\/\\\/fuentesfidedignas.com.mx\\\/wp-content\\\/uploads\\\/2021\\\/04\\\/logo-retina.png\",\"width\":280,\"height\":51,\"caption\":\"Fuentes Fidedignas\"},\"image\":{\"@id\":\"https:\\\/\\\/fuentesfidedignas.com.mx\\\/#\\\/schema\\\/logo\\\/image\\\/\"},\"sameAs\":[\"https:\\\/\\\/www.facebook.com\\\/Fuentes-Fidedignas-368234489921644\",\"https:\\\/\\\/x.com\\\/fidedignas\"]},{\"@type\":\"Person\",\"@id\":\"https:\\\/\\\/fuentesfidedignas.com.mx\\\/#\\\/schema\\\/person\\\/39b91b7742a24e842156ffcfe0db5e08\",\"name\":\"R\u00e9cord\",\"image\":{\"@type\":\"ImageObject\",\"inLanguage\":\"es\",\"@id\":\"https:\\\/\\\/secure.gravatar.com\\\/avatar\\\/cad55ab2ec2e0bbf0574d37345ae3b4418ebda31f830f0e27608291299b95841?s=96&d=mm&r=g\",\"url\":\"https:\\\/\\\/secure.gravatar.com\\\/avatar\\\/cad55ab2ec2e0bbf0574d37345ae3b4418ebda31f830f0e27608291299b95841?s=96&d=mm&r=g\",\"contentUrl\":\"https:\\\/\\\/secure.gravatar.com\\\/avatar\\\/cad55ab2ec2e0bbf0574d37345ae3b4418ebda31f830f0e27608291299b95841?s=96&d=mm&r=g\",\"caption\":\"R\u00e9cord\"},\"url\":\"https:\\\/\\\/fuentesfidedignas.com.mx\\\/index.php\\\/author\\\/record\\\/\"}]}<\/script>\n<!-- \/ Yoast SEO plugin. -->","yoast_head_json":{"title":"Arranca la Serie del Caribe: Este es el calendario y roster de M\u00e9xico - Fuentes Fidedignas","robots":{"index":"index","follow":"follow","max-snippet":"max-snippet:-1","max-image-preview":"max-image-preview:large","max-video-preview":"max-video-preview:-1"},"canonical":"https:\/\/fuentesfidedignas.com.mx\/index.php\/2024\/02\/01\/arranca-la-serie-del-caribe-este-es-el-calendario-y-roster-de-mexico\/","og_locale":"es_MX","og_type":"article","og_title":"Arranca la Serie del Caribe: Este es el calendario y roster de M\u00e9xico - Fuentes Fidedignas","og_description":"Hace 10 a\u00f1os que la novena mexicana no se consagra campeona en esta competencia Miami.- Este jueves arranc\u00f3 la Serie del Caribe 2024, la cual se disputa en Miami. Tras el reciente campeonato de Naranjeros en la Liga Mexicana del Pac\u00edfico, los de Hermosillo representar\u00e1n a M\u00e9xico en esta competici\u00f3n. M\u00e9xico ya cuenta con calendario [&hellip;]","og_url":"https:\/\/fuentesfidedignas.com.mx\/index.php\/2024\/02\/01\/arranca-la-serie-del-caribe-este-es-el-calendario-y-roster-de-mexico\/","og_site_name":"Fuentes Fidedignas","article_publisher":"https:\/\/www.facebook.com\/Fuentes-Fidedignas-368234489921644","article_published_time":"2024-02-01T21:13:55+00:00","article_modified_time":"2024-02-01T21:13:56+00:00","og_image":[{"width":600,"height":338,"url":"https:\/\/fuentesfidedignas.com.mx\/wp-content\/uploads\/2024\/02\/lrsud0fvgkajqdc8bdrr-e1706822031952.jpeg","type":"image\/jpeg"}],"author":"R\u00e9cord","twitter_card":"summary_large_image","twitter_creator":"@fidedignas","twitter_site":"@fidedignas","twitter_misc":{"Escrito por":"R\u00e9cord","Tiempo de lectura":"2 minutos"},"schema":{"@context":"https:\/\/schema.org","@graph":[{"@type":"Article","@id":"https:\/\/fuentesfidedignas.com.mx\/index.php\/2024\/02\/01\/arranca-la-serie-del-caribe-este-es-el-calendario-y-roster-de-mexico\/#article","isPartOf":{"@id":"https:\/\/fuentesfidedignas.com.mx\/index.php\/2024\/02\/01\/arranca-la-serie-del-caribe-este-es-el-calendario-y-roster-de-mexico\/"},"author":{"name":"R\u00e9cord","@id":"https:\/\/fuentesfidedignas.com.mx\/#\/schema\/person\/39b91b7742a24e842156ffcfe0db5e08"},"headline":"Arranca la Serie del Caribe: Este es el calendario y roster de M\u00e9xico","datePublished":"2024-02-01T21:13:55+00:00","dateModified":"2024-02-01T21:13:56+00:00","mainEntityOfPage":{"@id":"https:\/\/fuentesfidedignas.com.mx\/index.php\/2024\/02\/01\/arranca-la-serie-del-caribe-este-es-el-calendario-y-roster-de-mexico\/"},"wordCount":304,"commentCount":0,"publisher":{"@id":"https:\/\/fuentesfidedignas.com.mx\/#organization"},"image":{"@id":"https:\/\/fuentesfidedignas.com.mx\/index.php\/2024\/02\/01\/arranca-la-serie-del-caribe-este-es-el-calendario-y-roster-de-mexico\/#primaryimage"},"thumbnailUrl":"https:\/\/fuentesfidedignas.com.mx\/wp-content\/uploads\/2024\/02\/lrsud0fvgkajqdc8bdrr-e1706822031952.jpeg","articleSection":["NOTICIAS NACIONALES"],"inLanguage":"es","potentialAction":[{"@type":"CommentAction","name":"Comment","target":["https:\/\/fuentesfidedignas.com.mx\/index.php\/2024\/02\/01\/arranca-la-serie-del-caribe-este-es-el-calendario-y-roster-de-mexico\/#respond"]}]},{"@type":"WebPage","@id":"https:\/\/fuentesfidedignas.com.mx\/index.php\/2024\/02\/01\/arranca-la-serie-del-caribe-este-es-el-calendario-y-roster-de-mexico\/","url":"https:\/\/fuentesfidedignas.com.mx\/index.php\/2024\/02\/01\/arranca-la-serie-del-caribe-este-es-el-calendario-y-roster-de-mexico\/","name":"Arranca la Serie del Caribe: Este es el calendario y roster de M\u00e9xico - Fuentes Fidedignas","isPartOf":{"@id":"https:\/\/fuentesfidedignas.com.mx\/#website"},"primaryImageOfPage":{"@id":"https:\/\/fuentesfidedignas.com.mx\/index.php\/2024\/02\/01\/arranca-la-serie-del-caribe-este-es-el-calendario-y-roster-de-mexico\/#primaryimage"},"image":{"@id":"https:\/\/fuentesfidedignas.com.mx\/index.php\/2024\/02\/01\/arranca-la-serie-del-caribe-este-es-el-calendario-y-roster-de-mexico\/#primaryimage"},"thumbnailUrl":"https:\/\/fuentesfidedignas.com.mx\/wp-content\/uploads\/2024\/02\/lrsud0fvgkajqdc8bdrr-e1706822031952.jpeg","datePublished":"2024-02-01T21:13:55+00:00","dateModified":"2024-02-01T21:13:56+00:00","breadcrumb":{"@id":"https:\/\/fuentesfidedignas.com.mx\/index.php\/2024\/02\/01\/arranca-la-serie-del-caribe-este-es-el-calendario-y-roster-de-mexico\/#breadcrumb"},"inLanguage":"es","potentialAction":[{"@type":"ReadAction","target":["https:\/\/fuentesfidedignas.com.mx\/index.php\/2024\/02\/01\/arranca-la-serie-del-caribe-este-es-el-calendario-y-roster-de-mexico\/"]}]},{"@type":"ImageObject","inLanguage":"es","@id":"https:\/\/fuentesfidedignas.com.mx\/index.php\/2024\/02\/01\/arranca-la-serie-del-caribe-este-es-el-calendario-y-roster-de-mexico\/#primaryimage","url":"https:\/\/fuentesfidedignas.com.mx\/wp-content\/uploads\/2024\/02\/lrsud0fvgkajqdc8bdrr-e1706822031952.jpeg","contentUrl":"https:\/\/fuentesfidedignas.com.mx\/wp-content\/uploads\/2024\/02\/lrsud0fvgkajqdc8bdrr-e1706822031952.jpeg","width":600,"height":338},{"@type":"BreadcrumbList","@id":"https:\/\/fuentesfidedignas.com.mx\/index.php\/2024\/02\/01\/arranca-la-serie-del-caribe-este-es-el-calendario-y-roster-de-mexico\/#breadcrumb","itemListElement":[{"@type":"ListItem","position":1,"name":"Inicio","item":"https:\/\/fuentesfidedignas.com.mx\/"},{"@type":"ListItem","position":2,"name":"Arranca la Serie del Caribe: Este es el calendario y roster de M\u00e9xico"}]},{"@type":"WebSite","@id":"https:\/\/fuentesfidedignas.com.mx\/#website","url":"https:\/\/fuentesfidedignas.com.mx\/","name":"Fuentes Fidedignas","description":"Otro sitio realizado con WordPress","publisher":{"@id":"https:\/\/fuentesfidedignas.com.mx\/#organization"},"potentialAction":[{"@type":"SearchAction","target":{"@type":"EntryPoint","urlTemplate":"https:\/\/fuentesfidedignas.com.mx\/?s={search_term_string}"},"query-input":{"@type":"PropertyValueSpecification","valueRequired":true,"valueName":"search_term_string"}}],"inLanguage":"es"},{"@type":"Organization","@id":"https:\/\/fuentesfidedignas.com.mx\/#organization","name":"Fuentes Fidedignas","url":"https:\/\/fuentesfidedignas.com.mx\/","logo":{"@type":"ImageObject","inLanguage":"es","@id":"https:\/\/fuentesfidedignas.com.mx\/#\/schema\/logo\/image\/","url":"https:\/\/fuentesfidedignas.com.mx\/wp-content\/uploads\/2021\/04\/logo-retina.png","contentUrl":"https:\/\/fuentesfidedignas.com.mx\/wp-content\/uploads\/2021\/04\/logo-retina.png","width":280,"height":51,"caption":"Fuentes Fidedignas"},"image":{"@id":"https:\/\/fuentesfidedignas.com.mx\/#\/schema\/logo\/image\/"},"sameAs":["https:\/\/www.facebook.com\/Fuentes-Fidedignas-368234489921644","https:\/\/x.com\/fidedignas"]},{"@type":"Person","@id":"https:\/\/fuentesfidedignas.com.mx\/#\/schema\/person\/39b91b7742a24e842156ffcfe0db5e08","name":"R\u00e9cord","image":{"@type":"ImageObject","inLanguage":"es","@id":"https:\/\/secure.gravatar.com\/avatar\/cad55ab2ec2e0bbf0574d37345ae3b4418ebda31f830f0e27608291299b95841?s=96&d=mm&r=g","url":"https:\/\/secure.gravatar.com\/avatar\/cad55ab2ec2e0bbf0574d37345ae3b4418ebda31f830f0e27608291299b95841?s=96&d=mm&r=g","contentUrl":"https:\/\/secure.gravatar.com\/avatar\/cad55ab2ec2e0bbf0574d37345ae3b4418ebda31f830f0e27608291299b95841?s=96&d=mm&r=g","caption":"R\u00e9cord"},"url":"https:\/\/fuentesfidedignas.com.mx\/index.php\/author\/record\/"}]}},"_links":{"self":[{"href":"https:\/\/fuentesfidedignas.com.mx\/index.php\/wp-json\/wp\/v2\/posts\/72624","targetHints":{"allow":["GET"]}}],"collection":[{"href":"https:\/\/fuentesfidedignas.com.mx\/index.php\/wp-json\/wp\/v2\/posts"}],"about":[{"href":"https:\/\/fuentesfidedignas.com.mx\/index.php\/wp-json\/wp\/v2\/types\/post"}],"author":[{"embeddable":true,"href":"https:\/\/fuentesfidedignas.com.mx\/index.php\/wp-json\/wp\/v2\/users\/150"}],"replies":[{"embeddable":true,"href":"https:\/\/fuentesfidedignas.com.mx\/index.php\/wp-json\/wp\/v2\/comments?post=72624"}],"version-history":[{"count":1,"href":"https:\/\/fuentesfidedignas.com.mx\/index.php\/wp-json\/wp\/v2\/posts\/72624\/revisions"}],"predecessor-version":[{"id":72628,"href":"https:\/\/fuentesfidedignas.com.mx\/index.php\/wp-json\/wp\/v2\/posts\/72624\/revisions\/72628"}],"wp:featuredmedia":[{"embeddable":true,"href":"https:\/\/fuentesfidedignas.com.mx\/index.php\/wp-json\/wp\/v2\/media\/72627"}],"wp:attachment":[{"href":"https:\/\/fuentesfidedignas.com.mx\/index.php\/wp-json\/wp\/v2\/media?parent=72624"}],"wp:term":[{"taxonomy":"category","embeddable":true,"href":"https:\/\/fuentesfidedignas.com.mx\/index.php\/wp-json\/wp\/v2\/categories?post=72624"},{"taxonomy":"post_tag","embeddable":true,"href":"https:\/\/fuentesfidedignas.com.mx\/index.php\/wp-json\/wp\/v2\/tags?post=72624"}],"curies":[{"name":"wp","href":"https:\/\/api.w.org\/{rel}","templated":true}]}}