{"id":72524,"date":"2024-02-01T06:40:49","date_gmt":"2024-02-01T13:40:49","guid":{"rendered":"https:\/\/fuentesfidedignas.com.mx\/?p=72524"},"modified":"2024-02-01T06:40:49","modified_gmt":"2024-02-01T13:40:49","slug":"en-el-marco-del-150-aniversario-de-la-facultad-de-ciencias-quimico-biologicas-de-uas-se-graduan-435-jovenes-de-la-generacion-2019-2024","status":"publish","type":"post","link":"https:\/\/fuentesfidedignas.com.mx\/index.php\/2024\/02\/01\/en-el-marco-del-150-aniversario-de-la-facultad-de-ciencias-quimico-biologicas-de-uas-se-graduan-435-jovenes-de-la-generacion-2019-2024\/","title":{"rendered":"En el marco del 150 aniversario de la Facultad de Ciencias Qu\u00edmico Biol\u00f3gicas de UAS, se grad\u00faan 435 j\u00f3venes de la Generaci\u00f3n 2019-2024"},"content":{"rendered":"\n<p><strong><em>En el acto se cont\u00f3 con la presencia de familiares y amigos de los hoy egresados, as\u00ed como de docentes y distintas autoridades universitarias<\/em><\/strong><\/p>\n\n\n\n<p>Culiac\u00e1n, Sin.- Satisfactoriamente la Facultad de Ciencias Qu\u00edmico Biol\u00f3gicas de la Universidad Aut\u00f3noma de Sinaloa (UAS), en el marco del 150 aniversario de la Unidad Acad\u00e9mica, efectu\u00f3 la ceremonia de graduaci\u00f3n de m\u00e1s de 435 j\u00f3venes de la Generaci\u00f3n 2019-2024, la cual llev\u00f3 el nombre del doctor Cuauht\u00e9moc Reyes Moreno, en homenaje a su ardua y destacada trayectoria por m\u00e1s de cinco d\u00e9cadas como docente e investigador, contribuyendo al desarrollo cient\u00edfico y educativo de la M\u00e1xima Casa de Estudios Sinaloense.<\/p>\n\n\n\n<p>En el acto se cont\u00f3 con la presencia de familiares y amigos de los hoy egresados, as\u00ed como de docentes y distintas autoridades universitarias, quienes celebraron y reconocieron el \u00edmpetu y dedicaci\u00f3n del t\u00e9rmino de una de las etapas m\u00e1s importantes profesionalmente de cada uno de los graduados; por su parte el Doctor Eusiel Rubio Castro, Director de dicha Facultad, brind\u00f3 un afectuoso mensaje de bienvenida y felicitaci\u00f3n a los presentes.<\/p>\n\n\n\n<p>\u201cA todos y cada uno de ellos los invito y los aconsejo a que hagan una reflexi\u00f3n de lo que ha ocurrido en su vida, en su trayecto para que el d\u00eda de hoy est\u00e9n en este momento, y en esa reflexi\u00f3n deseo que la conclusi\u00f3n sea que los lleve a definir de manera propia la concepci\u00f3n del \u00e9xito\u201d, declar\u00f3.<\/p>\n\n\n\n<p>Posteriormente se dio lectura de la semblanza del Doctor Cuauht\u00e9moc Reyes Moreno, nombre de la generaci\u00f3n 2019-2024, en donde destacaron su s\u00f3lida preparaci\u00f3n acad\u00e9mica, en la cual pone en manifiesto su vocaci\u00f3n por trasladar el conocimiento b\u00e1sico a la pr\u00e1ctica en favor de la sociedad; con ello dieron paso a la entrega de reconocimiento consider\u00e1ndolo ejemplo digno para los egresados, a lo cual Reyes Moreno dedic\u00f3 un mensaje.<\/p>\n\n\n\n<p>\u201cQuiero agradecer a los profesores y alumnos de la Facultad por haberme propuesto como nombre de generaci\u00f3n, porque ahora puedo decir que mi quinto orgullo es ese, ser el nombre de generaci\u00f3n 2019-2024, a los j\u00f3venes graduados muchas felicidades que los d\u00edas por venir sean de fiesta que est\u00e9n repletos de amor y solidaridad por parte de sus seres queridos que su paso por la universidad sea un s\u00f3lido soporte para su ejercicio profesional\u201d, expres\u00f3.<\/p>\n\n\n\n<p>Con orgullo se realiz\u00f3 el pase de lista de los egresados de cada uno de los programas educativos de las licenciaturas en Ingenier\u00eda Bioqu\u00edmica, Qu\u00edmico Farmac\u00e9utico Bi\u00f3logo, Ingenier\u00eda Qu\u00edmica y Biotecnolog\u00eda Gen\u00f3mica, quienes recibieron su carta de pasante y constancia de generaci\u00f3n, al igual que reconocieron al primer lugar de aprovechamiento de cada carrera.<\/p>\n\n\n\n<p>Para culminar con el evento, el Secretario Acad\u00e9mico Universitario, doctor Jorge Mil\u00e1n Carrillo, en representaci\u00f3n del Rector Titular, doctor Jes\u00fas Madue\u00f1a Molina, puntualiz\u00f3 un emotivo mensaje de clausura en donde felicit\u00f3 a los graduados pero tambi\u00e9n dedic\u00f3 un c\u00e1lido aplauso y reconocimiento a los familiares de cada uno de ellos, indicando que fueron pilar fundamental para as\u00ed lograr finalizar con \u00e9xito.<\/p>\n\n\n","protected":false},"excerpt":{"rendered":"<p>En el acto se cont\u00f3 con la presencia de familiares y amigos de los hoy egresados, as\u00ed como de docentes y distintas autoridades universitarias Culiac\u00e1n, Sin.- Satisfactoriamente la Facultad de Ciencias Qu\u00edmico Biol\u00f3gicas de la Universidad Aut\u00f3noma de Sinaloa (UAS), en el marco del 150 aniversario de la Unidad Acad\u00e9mica, efectu\u00f3 la ceremonia de graduaci\u00f3n [&hellip;]<\/p>\n","protected":false},"author":4,"featured_media":72525,"comment_status":"open","ping_status":"open","sticky":false,"template":"","format":"standard","meta":{"tdm_status":"","tdm_grid_status":"","footnotes":""},"categories":[1],"tags":[],"class_list":{"0":"post-72524","1":"post","2":"type-post","3":"status-publish","4":"format-standard","5":"has-post-thumbnail","7":"category-sin-categoria"},"yoast_head":"<!-- This site is optimized with the Yoast SEO plugin v27.5 - https:\/\/yoast.com\/product\/yoast-seo-wordpress\/ -->\n<title>En el marco del 150 aniversario de la Facultad de Ciencias Qu\u00edmico Biol\u00f3gicas de UAS, se grad\u00faan 435 j\u00f3venes de la Generaci\u00f3n 2019-2024 - Fuentes Fidedignas<\/title>\n<meta name=\"robots\" content=\"index, follow, max-snippet:-1, max-image-preview:large, max-video-preview:-1\" \/>\n<link rel=\"canonical\" href=\"https:\/\/fuentesfidedignas.com.mx\/index.php\/2024\/02\/01\/en-el-marco-del-150-aniversario-de-la-facultad-de-ciencias-quimico-biologicas-de-uas-se-graduan-435-jovenes-de-la-generacion-2019-2024\/\" \/>\n<meta property=\"og:locale\" content=\"es_MX\" \/>\n<meta property=\"og:type\" content=\"article\" \/>\n<meta property=\"og:title\" content=\"En el marco del 150 aniversario de la Facultad de Ciencias Qu\u00edmico Biol\u00f3gicas de UAS, se grad\u00faan 435 j\u00f3venes de la Generaci\u00f3n 2019-2024 - Fuentes Fidedignas\" \/>\n<meta property=\"og:description\" content=\"En el acto se cont\u00f3 con la presencia de familiares y amigos de los hoy egresados, as\u00ed como de docentes y distintas autoridades universitarias Culiac\u00e1n, Sin.- Satisfactoriamente la Facultad de Ciencias Qu\u00edmico Biol\u00f3gicas de la Universidad Aut\u00f3noma de Sinaloa (UAS), en el marco del 150 aniversario de la Unidad Acad\u00e9mica, efectu\u00f3 la ceremonia de graduaci\u00f3n [&hellip;]\" \/>\n<meta property=\"og:url\" content=\"https:\/\/fuentesfidedignas.com.mx\/index.php\/2024\/02\/01\/en-el-marco-del-150-aniversario-de-la-facultad-de-ciencias-quimico-biologicas-de-uas-se-graduan-435-jovenes-de-la-generacion-2019-2024\/\" \/>\n<meta property=\"og:site_name\" content=\"Fuentes Fidedignas\" \/>\n<meta property=\"article:publisher\" content=\"https:\/\/www.facebook.com\/Fuentes-Fidedignas-368234489921644\" \/>\n<meta property=\"article:published_time\" content=\"2024-02-01T13:40:49+00:00\" \/>\n<meta property=\"og:image\" content=\"https:\/\/fuentesfidedignas.com.mx\/wp-content\/uploads\/2024\/02\/GRADUACION-FCQB-23-scaled.jpg\" \/>\n\t<meta property=\"og:image:width\" content=\"2560\" \/>\n\t<meta property=\"og:image:height\" content=\"1705\" \/>\n\t<meta property=\"og:image:type\" content=\"image\/jpeg\" \/>\n<meta name=\"author\" content=\"Redacci\u00f3n\" \/>\n<meta name=\"twitter:card\" content=\"summary_large_image\" \/>\n<meta name=\"twitter:creator\" content=\"@fidedignas\" \/>\n<meta name=\"twitter:site\" content=\"@fidedignas\" \/>\n<meta name=\"twitter:label1\" content=\"Escrito por\" \/>\n\t<meta name=\"twitter:data1\" content=\"Redacci\u00f3n\" \/>\n\t<meta name=\"twitter:label2\" content=\"Tiempo de lectura\" \/>\n\t<meta name=\"twitter:data2\" content=\"3 minutos\" \/>\n<script type=\"application\/ld+json\" class=\"yoast-schema-graph\">{\"@context\":\"https:\\\/\\\/schema.org\",\"@graph\":[{\"@type\":\"Article\",\"@id\":\"https:\\\/\\\/fuentesfidedignas.com.mx\\\/index.php\\\/2024\\\/02\\\/01\\\/en-el-marco-del-150-aniversario-de-la-facultad-de-ciencias-quimico-biologicas-de-uas-se-graduan-435-jovenes-de-la-generacion-2019-2024\\\/#article\",\"isPartOf\":{\"@id\":\"https:\\\/\\\/fuentesfidedignas.com.mx\\\/index.php\\\/2024\\\/02\\\/01\\\/en-el-marco-del-150-aniversario-de-la-facultad-de-ciencias-quimico-biologicas-de-uas-se-graduan-435-jovenes-de-la-generacion-2019-2024\\\/\"},\"author\":{\"name\":\"Redacci\u00f3n\",\"@id\":\"https:\\\/\\\/fuentesfidedignas.com.mx\\\/#\\\/schema\\\/person\\\/331be9283d37198e2acd5750279085b0\"},\"headline\":\"En el marco del 150 aniversario de la Facultad de Ciencias Qu\u00edmico Biol\u00f3gicas de UAS, se grad\u00faan 435 j\u00f3venes de la Generaci\u00f3n 2019-2024\",\"datePublished\":\"2024-02-01T13:40:49+00:00\",\"mainEntityOfPage\":{\"@id\":\"https:\\\/\\\/fuentesfidedignas.com.mx\\\/index.php\\\/2024\\\/02\\\/01\\\/en-el-marco-del-150-aniversario-de-la-facultad-de-ciencias-quimico-biologicas-de-uas-se-graduan-435-jovenes-de-la-generacion-2019-2024\\\/\"},\"wordCount\":574,\"commentCount\":0,\"publisher\":{\"@id\":\"https:\\\/\\\/fuentesfidedignas.com.mx\\\/#organization\"},\"image\":{\"@id\":\"https:\\\/\\\/fuentesfidedignas.com.mx\\\/index.php\\\/2024\\\/02\\\/01\\\/en-el-marco-del-150-aniversario-de-la-facultad-de-ciencias-quimico-biologicas-de-uas-se-graduan-435-jovenes-de-la-generacion-2019-2024\\\/#primaryimage\"},\"thumbnailUrl\":\"https:\\\/\\\/fuentesfidedignas.com.mx\\\/wp-content\\\/uploads\\\/2024\\\/02\\\/GRADUACION-FCQB-23-scaled.jpg\",\"inLanguage\":\"es\",\"potentialAction\":[{\"@type\":\"CommentAction\",\"name\":\"Comment\",\"target\":[\"https:\\\/\\\/fuentesfidedignas.com.mx\\\/index.php\\\/2024\\\/02\\\/01\\\/en-el-marco-del-150-aniversario-de-la-facultad-de-ciencias-quimico-biologicas-de-uas-se-graduan-435-jovenes-de-la-generacion-2019-2024\\\/#respond\"]}]},{\"@type\":\"WebPage\",\"@id\":\"https:\\\/\\\/fuentesfidedignas.com.mx\\\/index.php\\\/2024\\\/02\\\/01\\\/en-el-marco-del-150-aniversario-de-la-facultad-de-ciencias-quimico-biologicas-de-uas-se-graduan-435-jovenes-de-la-generacion-2019-2024\\\/\",\"url\":\"https:\\\/\\\/fuentesfidedignas.com.mx\\\/index.php\\\/2024\\\/02\\\/01\\\/en-el-marco-del-150-aniversario-de-la-facultad-de-ciencias-quimico-biologicas-de-uas-se-graduan-435-jovenes-de-la-generacion-2019-2024\\\/\",\"name\":\"En el marco del 150 aniversario de la Facultad de Ciencias Qu\u00edmico Biol\u00f3gicas de UAS, se grad\u00faan 435 j\u00f3venes de la Generaci\u00f3n 2019-2024 - Fuentes Fidedignas\",\"isPartOf\":{\"@id\":\"https:\\\/\\\/fuentesfidedignas.com.mx\\\/#website\"},\"primaryImageOfPage\":{\"@id\":\"https:\\\/\\\/fuentesfidedignas.com.mx\\\/index.php\\\/2024\\\/02\\\/01\\\/en-el-marco-del-150-aniversario-de-la-facultad-de-ciencias-quimico-biologicas-de-uas-se-graduan-435-jovenes-de-la-generacion-2019-2024\\\/#primaryimage\"},\"image\":{\"@id\":\"https:\\\/\\\/fuentesfidedignas.com.mx\\\/index.php\\\/2024\\\/02\\\/01\\\/en-el-marco-del-150-aniversario-de-la-facultad-de-ciencias-quimico-biologicas-de-uas-se-graduan-435-jovenes-de-la-generacion-2019-2024\\\/#primaryimage\"},\"thumbnailUrl\":\"https:\\\/\\\/fuentesfidedignas.com.mx\\\/wp-content\\\/uploads\\\/2024\\\/02\\\/GRADUACION-FCQB-23-scaled.jpg\",\"datePublished\":\"2024-02-01T13:40:49+00:00\",\"breadcrumb\":{\"@id\":\"https:\\\/\\\/fuentesfidedignas.com.mx\\\/index.php\\\/2024\\\/02\\\/01\\\/en-el-marco-del-150-aniversario-de-la-facultad-de-ciencias-quimico-biologicas-de-uas-se-graduan-435-jovenes-de-la-generacion-2019-2024\\\/#breadcrumb\"},\"inLanguage\":\"es\",\"potentialAction\":[{\"@type\":\"ReadAction\",\"target\":[\"https:\\\/\\\/fuentesfidedignas.com.mx\\\/index.php\\\/2024\\\/02\\\/01\\\/en-el-marco-del-150-aniversario-de-la-facultad-de-ciencias-quimico-biologicas-de-uas-se-graduan-435-jovenes-de-la-generacion-2019-2024\\\/\"]}]},{\"@type\":\"ImageObject\",\"inLanguage\":\"es\",\"@id\":\"https:\\\/\\\/fuentesfidedignas.com.mx\\\/index.php\\\/2024\\\/02\\\/01\\\/en-el-marco-del-150-aniversario-de-la-facultad-de-ciencias-quimico-biologicas-de-uas-se-graduan-435-jovenes-de-la-generacion-2019-2024\\\/#primaryimage\",\"url\":\"https:\\\/\\\/fuentesfidedignas.com.mx\\\/wp-content\\\/uploads\\\/2024\\\/02\\\/GRADUACION-FCQB-23-scaled.jpg\",\"contentUrl\":\"https:\\\/\\\/fuentesfidedignas.com.mx\\\/wp-content\\\/uploads\\\/2024\\\/02\\\/GRADUACION-FCQB-23-scaled.jpg\",\"width\":2560,\"height\":1705},{\"@type\":\"BreadcrumbList\",\"@id\":\"https:\\\/\\\/fuentesfidedignas.com.mx\\\/index.php\\\/2024\\\/02\\\/01\\\/en-el-marco-del-150-aniversario-de-la-facultad-de-ciencias-quimico-biologicas-de-uas-se-graduan-435-jovenes-de-la-generacion-2019-2024\\\/#breadcrumb\",\"itemListElement\":[{\"@type\":\"ListItem\",\"position\":1,\"name\":\"Inicio\",\"item\":\"https:\\\/\\\/fuentesfidedignas.com.mx\\\/\"},{\"@type\":\"ListItem\",\"position\":2,\"name\":\"En el marco del 150 aniversario de la Facultad de Ciencias Qu\u00edmico Biol\u00f3gicas de UAS, se grad\u00faan 435 j\u00f3venes de la Generaci\u00f3n 2019-2024\"}]},{\"@type\":\"WebSite\",\"@id\":\"https:\\\/\\\/fuentesfidedignas.com.mx\\\/#website\",\"url\":\"https:\\\/\\\/fuentesfidedignas.com.mx\\\/\",\"name\":\"Fuentes Fidedignas\",\"description\":\"Otro sitio realizado con WordPress\",\"publisher\":{\"@id\":\"https:\\\/\\\/fuentesfidedignas.com.mx\\\/#organization\"},\"potentialAction\":[{\"@type\":\"SearchAction\",\"target\":{\"@type\":\"EntryPoint\",\"urlTemplate\":\"https:\\\/\\\/fuentesfidedignas.com.mx\\\/?s={search_term_string}\"},\"query-input\":{\"@type\":\"PropertyValueSpecification\",\"valueRequired\":true,\"valueName\":\"search_term_string\"}}],\"inLanguage\":\"es\"},{\"@type\":\"Organization\",\"@id\":\"https:\\\/\\\/fuentesfidedignas.com.mx\\\/#organization\",\"name\":\"Fuentes Fidedignas\",\"url\":\"https:\\\/\\\/fuentesfidedignas.com.mx\\\/\",\"logo\":{\"@type\":\"ImageObject\",\"inLanguage\":\"es\",\"@id\":\"https:\\\/\\\/fuentesfidedignas.com.mx\\\/#\\\/schema\\\/logo\\\/image\\\/\",\"url\":\"https:\\\/\\\/fuentesfidedignas.com.mx\\\/wp-content\\\/uploads\\\/2021\\\/04\\\/logo-retina.png\",\"contentUrl\":\"https:\\\/\\\/fuentesfidedignas.com.mx\\\/wp-content\\\/uploads\\\/2021\\\/04\\\/logo-retina.png\",\"width\":280,\"height\":51,\"caption\":\"Fuentes Fidedignas\"},\"image\":{\"@id\":\"https:\\\/\\\/fuentesfidedignas.com.mx\\\/#\\\/schema\\\/logo\\\/image\\\/\"},\"sameAs\":[\"https:\\\/\\\/www.facebook.com\\\/Fuentes-Fidedignas-368234489921644\",\"https:\\\/\\\/x.com\\\/fidedignas\"]},{\"@type\":\"Person\",\"@id\":\"https:\\\/\\\/fuentesfidedignas.com.mx\\\/#\\\/schema\\\/person\\\/331be9283d37198e2acd5750279085b0\",\"name\":\"Redacci\u00f3n\",\"image\":{\"@type\":\"ImageObject\",\"inLanguage\":\"es\",\"@id\":\"https:\\\/\\\/secure.gravatar.com\\\/avatar\\\/f6d8782c11d12b2d4ad3fbb6931aeab5309937a4d6cd2fc9cfaa28a6396a5aec?s=96&d=mm&r=g\",\"url\":\"https:\\\/\\\/secure.gravatar.com\\\/avatar\\\/f6d8782c11d12b2d4ad3fbb6931aeab5309937a4d6cd2fc9cfaa28a6396a5aec?s=96&d=mm&r=g\",\"contentUrl\":\"https:\\\/\\\/secure.gravatar.com\\\/avatar\\\/f6d8782c11d12b2d4ad3fbb6931aeab5309937a4d6cd2fc9cfaa28a6396a5aec?s=96&d=mm&r=g\",\"caption\":\"Redacci\u00f3n\"},\"url\":\"https:\\\/\\\/fuentesfidedignas.com.mx\\\/index.php\\\/author\\\/redaccion\\\/\"}]}<\/script>\n<!-- \/ Yoast SEO plugin. -->","yoast_head_json":{"title":"En el marco del 150 aniversario de la Facultad de Ciencias Qu\u00edmico Biol\u00f3gicas de UAS, se grad\u00faan 435 j\u00f3venes de la Generaci\u00f3n 2019-2024 - Fuentes Fidedignas","robots":{"index":"index","follow":"follow","max-snippet":"max-snippet:-1","max-image-preview":"max-image-preview:large","max-video-preview":"max-video-preview:-1"},"canonical":"https:\/\/fuentesfidedignas.com.mx\/index.php\/2024\/02\/01\/en-el-marco-del-150-aniversario-de-la-facultad-de-ciencias-quimico-biologicas-de-uas-se-graduan-435-jovenes-de-la-generacion-2019-2024\/","og_locale":"es_MX","og_type":"article","og_title":"En el marco del 150 aniversario de la Facultad de Ciencias Qu\u00edmico Biol\u00f3gicas de UAS, se grad\u00faan 435 j\u00f3venes de la Generaci\u00f3n 2019-2024 - Fuentes Fidedignas","og_description":"En el acto se cont\u00f3 con la presencia de familiares y amigos de los hoy egresados, as\u00ed como de docentes y distintas autoridades universitarias Culiac\u00e1n, Sin.- Satisfactoriamente la Facultad de Ciencias Qu\u00edmico Biol\u00f3gicas de la Universidad Aut\u00f3noma de Sinaloa (UAS), en el marco del 150 aniversario de la Unidad Acad\u00e9mica, efectu\u00f3 la ceremonia de graduaci\u00f3n [&hellip;]","og_url":"https:\/\/fuentesfidedignas.com.mx\/index.php\/2024\/02\/01\/en-el-marco-del-150-aniversario-de-la-facultad-de-ciencias-quimico-biologicas-de-uas-se-graduan-435-jovenes-de-la-generacion-2019-2024\/","og_site_name":"Fuentes Fidedignas","article_publisher":"https:\/\/www.facebook.com\/Fuentes-Fidedignas-368234489921644","article_published_time":"2024-02-01T13:40:49+00:00","og_image":[{"width":2560,"height":1705,"url":"https:\/\/fuentesfidedignas.com.mx\/wp-content\/uploads\/2024\/02\/GRADUACION-FCQB-23-scaled.jpg","type":"image\/jpeg"}],"author":"Redacci\u00f3n","twitter_card":"summary_large_image","twitter_creator":"@fidedignas","twitter_site":"@fidedignas","twitter_misc":{"Escrito por":"Redacci\u00f3n","Tiempo de lectura":"3 minutos"},"schema":{"@context":"https:\/\/schema.org","@graph":[{"@type":"Article","@id":"https:\/\/fuentesfidedignas.com.mx\/index.php\/2024\/02\/01\/en-el-marco-del-150-aniversario-de-la-facultad-de-ciencias-quimico-biologicas-de-uas-se-graduan-435-jovenes-de-la-generacion-2019-2024\/#article","isPartOf":{"@id":"https:\/\/fuentesfidedignas.com.mx\/index.php\/2024\/02\/01\/en-el-marco-del-150-aniversario-de-la-facultad-de-ciencias-quimico-biologicas-de-uas-se-graduan-435-jovenes-de-la-generacion-2019-2024\/"},"author":{"name":"Redacci\u00f3n","@id":"https:\/\/fuentesfidedignas.com.mx\/#\/schema\/person\/331be9283d37198e2acd5750279085b0"},"headline":"En el marco del 150 aniversario de la Facultad de Ciencias Qu\u00edmico Biol\u00f3gicas de UAS, se grad\u00faan 435 j\u00f3venes de la Generaci\u00f3n 2019-2024","datePublished":"2024-02-01T13:40:49+00:00","mainEntityOfPage":{"@id":"https:\/\/fuentesfidedignas.com.mx\/index.php\/2024\/02\/01\/en-el-marco-del-150-aniversario-de-la-facultad-de-ciencias-quimico-biologicas-de-uas-se-graduan-435-jovenes-de-la-generacion-2019-2024\/"},"wordCount":574,"commentCount":0,"publisher":{"@id":"https:\/\/fuentesfidedignas.com.mx\/#organization"},"image":{"@id":"https:\/\/fuentesfidedignas.com.mx\/index.php\/2024\/02\/01\/en-el-marco-del-150-aniversario-de-la-facultad-de-ciencias-quimico-biologicas-de-uas-se-graduan-435-jovenes-de-la-generacion-2019-2024\/#primaryimage"},"thumbnailUrl":"https:\/\/fuentesfidedignas.com.mx\/wp-content\/uploads\/2024\/02\/GRADUACION-FCQB-23-scaled.jpg","inLanguage":"es","potentialAction":[{"@type":"CommentAction","name":"Comment","target":["https:\/\/fuentesfidedignas.com.mx\/index.php\/2024\/02\/01\/en-el-marco-del-150-aniversario-de-la-facultad-de-ciencias-quimico-biologicas-de-uas-se-graduan-435-jovenes-de-la-generacion-2019-2024\/#respond"]}]},{"@type":"WebPage","@id":"https:\/\/fuentesfidedignas.com.mx\/index.php\/2024\/02\/01\/en-el-marco-del-150-aniversario-de-la-facultad-de-ciencias-quimico-biologicas-de-uas-se-graduan-435-jovenes-de-la-generacion-2019-2024\/","url":"https:\/\/fuentesfidedignas.com.mx\/index.php\/2024\/02\/01\/en-el-marco-del-150-aniversario-de-la-facultad-de-ciencias-quimico-biologicas-de-uas-se-graduan-435-jovenes-de-la-generacion-2019-2024\/","name":"En el marco del 150 aniversario de la Facultad de Ciencias Qu\u00edmico Biol\u00f3gicas de UAS, se grad\u00faan 435 j\u00f3venes de la Generaci\u00f3n 2019-2024 - Fuentes Fidedignas","isPartOf":{"@id":"https:\/\/fuentesfidedignas.com.mx\/#website"},"primaryImageOfPage":{"@id":"https:\/\/fuentesfidedignas.com.mx\/index.php\/2024\/02\/01\/en-el-marco-del-150-aniversario-de-la-facultad-de-ciencias-quimico-biologicas-de-uas-se-graduan-435-jovenes-de-la-generacion-2019-2024\/#primaryimage"},"image":{"@id":"https:\/\/fuentesfidedignas.com.mx\/index.php\/2024\/02\/01\/en-el-marco-del-150-aniversario-de-la-facultad-de-ciencias-quimico-biologicas-de-uas-se-graduan-435-jovenes-de-la-generacion-2019-2024\/#primaryimage"},"thumbnailUrl":"https:\/\/fuentesfidedignas.com.mx\/wp-content\/uploads\/2024\/02\/GRADUACION-FCQB-23-scaled.jpg","datePublished":"2024-02-01T13:40:49+00:00","breadcrumb":{"@id":"https:\/\/fuentesfidedignas.com.mx\/index.php\/2024\/02\/01\/en-el-marco-del-150-aniversario-de-la-facultad-de-ciencias-quimico-biologicas-de-uas-se-graduan-435-jovenes-de-la-generacion-2019-2024\/#breadcrumb"},"inLanguage":"es","potentialAction":[{"@type":"ReadAction","target":["https:\/\/fuentesfidedignas.com.mx\/index.php\/2024\/02\/01\/en-el-marco-del-150-aniversario-de-la-facultad-de-ciencias-quimico-biologicas-de-uas-se-graduan-435-jovenes-de-la-generacion-2019-2024\/"]}]},{"@type":"ImageObject","inLanguage":"es","@id":"https:\/\/fuentesfidedignas.com.mx\/index.php\/2024\/02\/01\/en-el-marco-del-150-aniversario-de-la-facultad-de-ciencias-quimico-biologicas-de-uas-se-graduan-435-jovenes-de-la-generacion-2019-2024\/#primaryimage","url":"https:\/\/fuentesfidedignas.com.mx\/wp-content\/uploads\/2024\/02\/GRADUACION-FCQB-23-scaled.jpg","contentUrl":"https:\/\/fuentesfidedignas.com.mx\/wp-content\/uploads\/2024\/02\/GRADUACION-FCQB-23-scaled.jpg","width":2560,"height":1705},{"@type":"BreadcrumbList","@id":"https:\/\/fuentesfidedignas.com.mx\/index.php\/2024\/02\/01\/en-el-marco-del-150-aniversario-de-la-facultad-de-ciencias-quimico-biologicas-de-uas-se-graduan-435-jovenes-de-la-generacion-2019-2024\/#breadcrumb","itemListElement":[{"@type":"ListItem","position":1,"name":"Inicio","item":"https:\/\/fuentesfidedignas.com.mx\/"},{"@type":"ListItem","position":2,"name":"En el marco del 150 aniversario de la Facultad de Ciencias Qu\u00edmico Biol\u00f3gicas de UAS, se grad\u00faan 435 j\u00f3venes de la Generaci\u00f3n 2019-2024"}]},{"@type":"WebSite","@id":"https:\/\/fuentesfidedignas.com.mx\/#website","url":"https:\/\/fuentesfidedignas.com.mx\/","name":"Fuentes Fidedignas","description":"Otro sitio realizado con WordPress","publisher":{"@id":"https:\/\/fuentesfidedignas.com.mx\/#organization"},"potentialAction":[{"@type":"SearchAction","target":{"@type":"EntryPoint","urlTemplate":"https:\/\/fuentesfidedignas.com.mx\/?s={search_term_string}"},"query-input":{"@type":"PropertyValueSpecification","valueRequired":true,"valueName":"search_term_string"}}],"inLanguage":"es"},{"@type":"Organization","@id":"https:\/\/fuentesfidedignas.com.mx\/#organization","name":"Fuentes Fidedignas","url":"https:\/\/fuentesfidedignas.com.mx\/","logo":{"@type":"ImageObject","inLanguage":"es","@id":"https:\/\/fuentesfidedignas.com.mx\/#\/schema\/logo\/image\/","url":"https:\/\/fuentesfidedignas.com.mx\/wp-content\/uploads\/2021\/04\/logo-retina.png","contentUrl":"https:\/\/fuentesfidedignas.com.mx\/wp-content\/uploads\/2021\/04\/logo-retina.png","width":280,"height":51,"caption":"Fuentes Fidedignas"},"image":{"@id":"https:\/\/fuentesfidedignas.com.mx\/#\/schema\/logo\/image\/"},"sameAs":["https:\/\/www.facebook.com\/Fuentes-Fidedignas-368234489921644","https:\/\/x.com\/fidedignas"]},{"@type":"Person","@id":"https:\/\/fuentesfidedignas.com.mx\/#\/schema\/person\/331be9283d37198e2acd5750279085b0","name":"Redacci\u00f3n","image":{"@type":"ImageObject","inLanguage":"es","@id":"https:\/\/secure.gravatar.com\/avatar\/f6d8782c11d12b2d4ad3fbb6931aeab5309937a4d6cd2fc9cfaa28a6396a5aec?s=96&d=mm&r=g","url":"https:\/\/secure.gravatar.com\/avatar\/f6d8782c11d12b2d4ad3fbb6931aeab5309937a4d6cd2fc9cfaa28a6396a5aec?s=96&d=mm&r=g","contentUrl":"https:\/\/secure.gravatar.com\/avatar\/f6d8782c11d12b2d4ad3fbb6931aeab5309937a4d6cd2fc9cfaa28a6396a5aec?s=96&d=mm&r=g","caption":"Redacci\u00f3n"},"url":"https:\/\/fuentesfidedignas.com.mx\/index.php\/author\/redaccion\/"}]}},"_links":{"self":[{"href":"https:\/\/fuentesfidedignas.com.mx\/index.php\/wp-json\/wp\/v2\/posts\/72524","targetHints":{"allow":["GET"]}}],"collection":[{"href":"https:\/\/fuentesfidedignas.com.mx\/index.php\/wp-json\/wp\/v2\/posts"}],"about":[{"href":"https:\/\/fuentesfidedignas.com.mx\/index.php\/wp-json\/wp\/v2\/types\/post"}],"author":[{"embeddable":true,"href":"https:\/\/fuentesfidedignas.com.mx\/index.php\/wp-json\/wp\/v2\/users\/4"}],"replies":[{"embeddable":true,"href":"https:\/\/fuentesfidedignas.com.mx\/index.php\/wp-json\/wp\/v2\/comments?post=72524"}],"version-history":[{"count":1,"href":"https:\/\/fuentesfidedignas.com.mx\/index.php\/wp-json\/wp\/v2\/posts\/72524\/revisions"}],"predecessor-version":[{"id":72527,"href":"https:\/\/fuentesfidedignas.com.mx\/index.php\/wp-json\/wp\/v2\/posts\/72524\/revisions\/72527"}],"wp:featuredmedia":[{"embeddable":true,"href":"https:\/\/fuentesfidedignas.com.mx\/index.php\/wp-json\/wp\/v2\/media\/72525"}],"wp:attachment":[{"href":"https:\/\/fuentesfidedignas.com.mx\/index.php\/wp-json\/wp\/v2\/media?parent=72524"}],"wp:term":[{"taxonomy":"category","embeddable":true,"href":"https:\/\/fuentesfidedignas.com.mx\/index.php\/wp-json\/wp\/v2\/categories?post=72524"},{"taxonomy":"post_tag","embeddable":true,"href":"https:\/\/fuentesfidedignas.com.mx\/index.php\/wp-json\/wp\/v2\/tags?post=72524"}],"curies":[{"name":"wp","href":"https:\/\/api.w.org\/{rel}","templated":true}]}}