{"id":72514,"date":"2024-02-01T05:56:24","date_gmt":"2024-02-01T12:56:24","guid":{"rendered":"https:\/\/fuentesfidedignas.com.mx\/?p=72514"},"modified":"2024-01-31T19:56:44","modified_gmt":"2024-02-01T02:56:44","slug":"hombre-es-detenido-por-decapitar-a-su-padre-y-subir-su-cabeza-en-un-video-de-youtube","status":"publish","type":"post","link":"https:\/\/fuentesfidedignas.com.mx\/index.php\/2024\/02\/01\/hombre-es-detenido-por-decapitar-a-su-padre-y-subir-su-cabeza-en-un-video-de-youtube\/","title":{"rendered":"Hombre es detenido por decapitar a su padre y subir su cabeza en un video de YouTube"},"content":{"rendered":"\n<p><strong><em>Justin Mohn dijo su padre era un empleado federal y se refiere a \u00e9l como un traidor, mientras expresa teor\u00edas de conspiraci\u00f3n de ultraderecha.<\/em><\/strong><\/p>\n\n\n\n<p>Justin Mohn, de 32 a\u00f1os, fue detenido bajo sospecha de asesinato en primer grado despu\u00e9s de supuestamente matar a su padre, Michael Mohn, y mostrar su cabeza decapitada en un perturbador video de YouTube cargado de teor\u00edas de conspiraci\u00f3n de derecha.<\/p>\n\n\n\n<p>La tragedia comenz\u00f3 cuando la polic\u00eda del municipio de Middletown respondi\u00f3 a un llamado sobre un hombre fallecido en Upper Orchard Drive. La v\u00edctima fue encontrada en el ba\u00f1o de su residencia. La esposa del fallecido fue quien realiz\u00f3 la llamada a los servicios de emergencia. Justin fue detenido como persona de inter\u00e9s y posteriormente arrestado a 160 kil\u00f3metros de distancia, cerca de Harrisburg, Pensilvania.<\/p>\n\n\n\n<p>El capit\u00e1n Pete Feeney del Departamento de Polic\u00eda de Middletown Township, en el estado de Pensilvania, inform\u00f3 que Mohn enfrenta cargos adicionales de abuso de un cad\u00e1ver y posesi\u00f3n intencional de un instrumento delictivo. El arresto se llev\u00f3 a cabo tras la publicaci\u00f3n del video, en el cual Mohn sostiene la cabeza de su padre y comparte sus teor\u00edas extremas.<\/p>\n\n\n\n<p>En el video de m\u00e1s de 14 minutos, Mohn, con guantes, exhibe la cabeza decapitada en una bolsa de pl\u00e1stico y, posteriormente, en una olla. Durante el perturbador metraje, Mohn describe a su padre, un empleado federal durante 20 a\u00f1os, como un traidor, abogando por la muerte de funcionarios federales y atacando a varias comunidades, incluyendo la administraci\u00f3n del presidente Joe Biden, el movimiento Black Lives Matter, la comunidad LGBT+ y los activistas anarquistas de Antifa.<\/p>\n\n\n\n<p>YouTube actu\u00f3 r\u00e1pidamente para eliminar el video, citando violaciones a sus pol\u00edticas de violencia gr\u00e1fica y extremismo violento. Un portavoz de YouTube emiti\u00f3 un comunicado explicando que el canal de Justin Mohn tambi\u00e9n fue cancelado de acuerdo con sus pol\u00edticas sobre extremismo violento.<\/p>\n\n\n\n<p>No est\u00e1 claro por qu\u00e9 Justin Mohn estaba en esa \u00e1rea en el momento del arresto. Sin embargo, se revel\u00f3 que el detenido hab\u00eda presentado al menos tres demandas contra agencias federales, incluido el gobierno de Estados Unidos, alegando negligencia que lo oblig\u00f3 a solicitar pr\u00e9stamos estudiantiles entre 2010 y su graduaci\u00f3n en 2014. Las demandas fueron desestimadas, y las acusaciones fueron calificadas como &#8220;totalmente especulativas y sin base f\u00e1ctica&#8221; por un juez.<\/p>\n","protected":false},"excerpt":{"rendered":"<p>Justin Mohn dijo su padre era un empleado federal y se refiere a \u00e9l como un traidor, mientras expresa teor\u00edas de conspiraci\u00f3n de ultraderecha. Justin Mohn, de 32 a\u00f1os, fue detenido bajo sospecha de asesinato en primer grado despu\u00e9s de supuestamente matar a su padre, Michael Mohn, y mostrar su cabeza decapitada en un perturbador [&hellip;]<\/p>\n","protected":false},"author":7,"featured_media":72515,"comment_status":"open","ping_status":"open","sticky":false,"template":"","format":"standard","meta":{"tdm_status":"","tdm_grid_status":"","footnotes":""},"categories":[40],"tags":[],"class_list":{"0":"post-72514","1":"post","2":"type-post","3":"status-publish","4":"format-standard","5":"has-post-thumbnail","7":"category-las-asombrosas"},"yoast_head":"<!-- This site is optimized with the Yoast SEO plugin v27.5 - https:\/\/yoast.com\/product\/yoast-seo-wordpress\/ -->\n<title>Hombre es detenido por decapitar a su padre y subir su cabeza en un video de YouTube - Fuentes Fidedignas<\/title>\n<meta name=\"robots\" content=\"index, follow, max-snippet:-1, max-image-preview:large, max-video-preview:-1\" \/>\n<link rel=\"canonical\" href=\"https:\/\/fuentesfidedignas.com.mx\/index.php\/2024\/02\/01\/hombre-es-detenido-por-decapitar-a-su-padre-y-subir-su-cabeza-en-un-video-de-youtube\/\" \/>\n<meta property=\"og:locale\" content=\"es_MX\" \/>\n<meta property=\"og:type\" content=\"article\" \/>\n<meta property=\"og:title\" content=\"Hombre es detenido por decapitar a su padre y subir su cabeza en un video de YouTube - Fuentes Fidedignas\" \/>\n<meta property=\"og:description\" content=\"Justin Mohn dijo su padre era un empleado federal y se refiere a \u00e9l como un traidor, mientras expresa teor\u00edas de conspiraci\u00f3n de ultraderecha. Justin Mohn, de 32 a\u00f1os, fue detenido bajo sospecha de asesinato en primer grado despu\u00e9s de supuestamente matar a su padre, Michael Mohn, y mostrar su cabeza decapitada en un perturbador [&hellip;]\" \/>\n<meta property=\"og:url\" content=\"https:\/\/fuentesfidedignas.com.mx\/index.php\/2024\/02\/01\/hombre-es-detenido-por-decapitar-a-su-padre-y-subir-su-cabeza-en-un-video-de-youtube\/\" \/>\n<meta property=\"og:site_name\" content=\"Fuentes Fidedignas\" \/>\n<meta property=\"article:publisher\" content=\"https:\/\/www.facebook.com\/Fuentes-Fidedignas-368234489921644\" \/>\n<meta property=\"article:published_time\" content=\"2024-02-01T12:56:24+00:00\" \/>\n<meta property=\"og:image\" content=\"https:\/\/fuentesfidedignas.com.mx\/wp-content\/uploads\/2024\/01\/JOVEN_CABEZA.jpg\" \/>\n\t<meta property=\"og:image:width\" content=\"864\" \/>\n\t<meta property=\"og:image:height\" content=\"643\" \/>\n\t<meta property=\"og:image:type\" content=\"image\/jpeg\" \/>\n<meta name=\"author\" content=\"Exc\u00e9lsior\" \/>\n<meta name=\"twitter:card\" content=\"summary_large_image\" \/>\n<meta name=\"twitter:creator\" content=\"@fidedignas\" \/>\n<meta name=\"twitter:site\" content=\"@fidedignas\" \/>\n<meta name=\"twitter:label1\" content=\"Escrito por\" \/>\n\t<meta name=\"twitter:data1\" content=\"Exc\u00e9lsior\" \/>\n\t<meta name=\"twitter:label2\" content=\"Tiempo de lectura\" \/>\n\t<meta name=\"twitter:data2\" content=\"2 minutos\" \/>\n<script type=\"application\/ld+json\" class=\"yoast-schema-graph\">{\"@context\":\"https:\\\/\\\/schema.org\",\"@graph\":[{\"@type\":\"Article\",\"@id\":\"https:\\\/\\\/fuentesfidedignas.com.mx\\\/index.php\\\/2024\\\/02\\\/01\\\/hombre-es-detenido-por-decapitar-a-su-padre-y-subir-su-cabeza-en-un-video-de-youtube\\\/#article\",\"isPartOf\":{\"@id\":\"https:\\\/\\\/fuentesfidedignas.com.mx\\\/index.php\\\/2024\\\/02\\\/01\\\/hombre-es-detenido-por-decapitar-a-su-padre-y-subir-su-cabeza-en-un-video-de-youtube\\\/\"},\"author\":{\"name\":\"Exc\u00e9lsior\",\"@id\":\"https:\\\/\\\/fuentesfidedignas.com.mx\\\/#\\\/schema\\\/person\\\/ec4edd1fbf5efa3e44fce34fe2787780\"},\"headline\":\"Hombre es detenido por decapitar a su padre y subir su cabeza en un video de YouTube\",\"datePublished\":\"2024-02-01T12:56:24+00:00\",\"mainEntityOfPage\":{\"@id\":\"https:\\\/\\\/fuentesfidedignas.com.mx\\\/index.php\\\/2024\\\/02\\\/01\\\/hombre-es-detenido-por-decapitar-a-su-padre-y-subir-su-cabeza-en-un-video-de-youtube\\\/\"},\"wordCount\":423,\"commentCount\":0,\"publisher\":{\"@id\":\"https:\\\/\\\/fuentesfidedignas.com.mx\\\/#organization\"},\"image\":{\"@id\":\"https:\\\/\\\/fuentesfidedignas.com.mx\\\/index.php\\\/2024\\\/02\\\/01\\\/hombre-es-detenido-por-decapitar-a-su-padre-y-subir-su-cabeza-en-un-video-de-youtube\\\/#primaryimage\"},\"thumbnailUrl\":\"https:\\\/\\\/fuentesfidedignas.com.mx\\\/wp-content\\\/uploads\\\/2024\\\/01\\\/JOVEN_CABEZA.jpg\",\"articleSection\":[\"LAS ASOMBROSAS\"],\"inLanguage\":\"es\",\"potentialAction\":[{\"@type\":\"CommentAction\",\"name\":\"Comment\",\"target\":[\"https:\\\/\\\/fuentesfidedignas.com.mx\\\/index.php\\\/2024\\\/02\\\/01\\\/hombre-es-detenido-por-decapitar-a-su-padre-y-subir-su-cabeza-en-un-video-de-youtube\\\/#respond\"]}]},{\"@type\":\"WebPage\",\"@id\":\"https:\\\/\\\/fuentesfidedignas.com.mx\\\/index.php\\\/2024\\\/02\\\/01\\\/hombre-es-detenido-por-decapitar-a-su-padre-y-subir-su-cabeza-en-un-video-de-youtube\\\/\",\"url\":\"https:\\\/\\\/fuentesfidedignas.com.mx\\\/index.php\\\/2024\\\/02\\\/01\\\/hombre-es-detenido-por-decapitar-a-su-padre-y-subir-su-cabeza-en-un-video-de-youtube\\\/\",\"name\":\"Hombre es detenido por decapitar a su padre y subir su cabeza en un video de YouTube - Fuentes Fidedignas\",\"isPartOf\":{\"@id\":\"https:\\\/\\\/fuentesfidedignas.com.mx\\\/#website\"},\"primaryImageOfPage\":{\"@id\":\"https:\\\/\\\/fuentesfidedignas.com.mx\\\/index.php\\\/2024\\\/02\\\/01\\\/hombre-es-detenido-por-decapitar-a-su-padre-y-subir-su-cabeza-en-un-video-de-youtube\\\/#primaryimage\"},\"image\":{\"@id\":\"https:\\\/\\\/fuentesfidedignas.com.mx\\\/index.php\\\/2024\\\/02\\\/01\\\/hombre-es-detenido-por-decapitar-a-su-padre-y-subir-su-cabeza-en-un-video-de-youtube\\\/#primaryimage\"},\"thumbnailUrl\":\"https:\\\/\\\/fuentesfidedignas.com.mx\\\/wp-content\\\/uploads\\\/2024\\\/01\\\/JOVEN_CABEZA.jpg\",\"datePublished\":\"2024-02-01T12:56:24+00:00\",\"breadcrumb\":{\"@id\":\"https:\\\/\\\/fuentesfidedignas.com.mx\\\/index.php\\\/2024\\\/02\\\/01\\\/hombre-es-detenido-por-decapitar-a-su-padre-y-subir-su-cabeza-en-un-video-de-youtube\\\/#breadcrumb\"},\"inLanguage\":\"es\",\"potentialAction\":[{\"@type\":\"ReadAction\",\"target\":[\"https:\\\/\\\/fuentesfidedignas.com.mx\\\/index.php\\\/2024\\\/02\\\/01\\\/hombre-es-detenido-por-decapitar-a-su-padre-y-subir-su-cabeza-en-un-video-de-youtube\\\/\"]}]},{\"@type\":\"ImageObject\",\"inLanguage\":\"es\",\"@id\":\"https:\\\/\\\/fuentesfidedignas.com.mx\\\/index.php\\\/2024\\\/02\\\/01\\\/hombre-es-detenido-por-decapitar-a-su-padre-y-subir-su-cabeza-en-un-video-de-youtube\\\/#primaryimage\",\"url\":\"https:\\\/\\\/fuentesfidedignas.com.mx\\\/wp-content\\\/uploads\\\/2024\\\/01\\\/JOVEN_CABEZA.jpg\",\"contentUrl\":\"https:\\\/\\\/fuentesfidedignas.com.mx\\\/wp-content\\\/uploads\\\/2024\\\/01\\\/JOVEN_CABEZA.jpg\",\"width\":864,\"height\":643},{\"@type\":\"BreadcrumbList\",\"@id\":\"https:\\\/\\\/fuentesfidedignas.com.mx\\\/index.php\\\/2024\\\/02\\\/01\\\/hombre-es-detenido-por-decapitar-a-su-padre-y-subir-su-cabeza-en-un-video-de-youtube\\\/#breadcrumb\",\"itemListElement\":[{\"@type\":\"ListItem\",\"position\":1,\"name\":\"Inicio\",\"item\":\"https:\\\/\\\/fuentesfidedignas.com.mx\\\/\"},{\"@type\":\"ListItem\",\"position\":2,\"name\":\"Hombre es detenido por decapitar a su padre y subir su cabeza en un video de YouTube\"}]},{\"@type\":\"WebSite\",\"@id\":\"https:\\\/\\\/fuentesfidedignas.com.mx\\\/#website\",\"url\":\"https:\\\/\\\/fuentesfidedignas.com.mx\\\/\",\"name\":\"Fuentes Fidedignas\",\"description\":\"Otro sitio realizado con WordPress\",\"publisher\":{\"@id\":\"https:\\\/\\\/fuentesfidedignas.com.mx\\\/#organization\"},\"potentialAction\":[{\"@type\":\"SearchAction\",\"target\":{\"@type\":\"EntryPoint\",\"urlTemplate\":\"https:\\\/\\\/fuentesfidedignas.com.mx\\\/?s={search_term_string}\"},\"query-input\":{\"@type\":\"PropertyValueSpecification\",\"valueRequired\":true,\"valueName\":\"search_term_string\"}}],\"inLanguage\":\"es\"},{\"@type\":\"Organization\",\"@id\":\"https:\\\/\\\/fuentesfidedignas.com.mx\\\/#organization\",\"name\":\"Fuentes Fidedignas\",\"url\":\"https:\\\/\\\/fuentesfidedignas.com.mx\\\/\",\"logo\":{\"@type\":\"ImageObject\",\"inLanguage\":\"es\",\"@id\":\"https:\\\/\\\/fuentesfidedignas.com.mx\\\/#\\\/schema\\\/logo\\\/image\\\/\",\"url\":\"https:\\\/\\\/fuentesfidedignas.com.mx\\\/wp-content\\\/uploads\\\/2021\\\/04\\\/logo-retina.png\",\"contentUrl\":\"https:\\\/\\\/fuentesfidedignas.com.mx\\\/wp-content\\\/uploads\\\/2021\\\/04\\\/logo-retina.png\",\"width\":280,\"height\":51,\"caption\":\"Fuentes Fidedignas\"},\"image\":{\"@id\":\"https:\\\/\\\/fuentesfidedignas.com.mx\\\/#\\\/schema\\\/logo\\\/image\\\/\"},\"sameAs\":[\"https:\\\/\\\/www.facebook.com\\\/Fuentes-Fidedignas-368234489921644\",\"https:\\\/\\\/x.com\\\/fidedignas\"]},{\"@type\":\"Person\",\"@id\":\"https:\\\/\\\/fuentesfidedignas.com.mx\\\/#\\\/schema\\\/person\\\/ec4edd1fbf5efa3e44fce34fe2787780\",\"name\":\"Exc\u00e9lsior\",\"image\":{\"@type\":\"ImageObject\",\"inLanguage\":\"es\",\"@id\":\"https:\\\/\\\/secure.gravatar.com\\\/avatar\\\/4b7ee9206b48be08447852b3f0814dbc7c0f3b51541b164f1464a2725614020b?s=96&d=mm&r=g\",\"url\":\"https:\\\/\\\/secure.gravatar.com\\\/avatar\\\/4b7ee9206b48be08447852b3f0814dbc7c0f3b51541b164f1464a2725614020b?s=96&d=mm&r=g\",\"contentUrl\":\"https:\\\/\\\/secure.gravatar.com\\\/avatar\\\/4b7ee9206b48be08447852b3f0814dbc7c0f3b51541b164f1464a2725614020b?s=96&d=mm&r=g\",\"caption\":\"Exc\u00e9lsior\"},\"url\":\"https:\\\/\\\/fuentesfidedignas.com.mx\\\/index.php\\\/author\\\/excelsior\\\/\"}]}<\/script>\n<!-- \/ Yoast SEO plugin. -->","yoast_head_json":{"title":"Hombre es detenido por decapitar a su padre y subir su cabeza en un video de YouTube - Fuentes Fidedignas","robots":{"index":"index","follow":"follow","max-snippet":"max-snippet:-1","max-image-preview":"max-image-preview:large","max-video-preview":"max-video-preview:-1"},"canonical":"https:\/\/fuentesfidedignas.com.mx\/index.php\/2024\/02\/01\/hombre-es-detenido-por-decapitar-a-su-padre-y-subir-su-cabeza-en-un-video-de-youtube\/","og_locale":"es_MX","og_type":"article","og_title":"Hombre es detenido por decapitar a su padre y subir su cabeza en un video de YouTube - Fuentes Fidedignas","og_description":"Justin Mohn dijo su padre era un empleado federal y se refiere a \u00e9l como un traidor, mientras expresa teor\u00edas de conspiraci\u00f3n de ultraderecha. Justin Mohn, de 32 a\u00f1os, fue detenido bajo sospecha de asesinato en primer grado despu\u00e9s de supuestamente matar a su padre, Michael Mohn, y mostrar su cabeza decapitada en un perturbador [&hellip;]","og_url":"https:\/\/fuentesfidedignas.com.mx\/index.php\/2024\/02\/01\/hombre-es-detenido-por-decapitar-a-su-padre-y-subir-su-cabeza-en-un-video-de-youtube\/","og_site_name":"Fuentes Fidedignas","article_publisher":"https:\/\/www.facebook.com\/Fuentes-Fidedignas-368234489921644","article_published_time":"2024-02-01T12:56:24+00:00","og_image":[{"width":864,"height":643,"url":"https:\/\/fuentesfidedignas.com.mx\/wp-content\/uploads\/2024\/01\/JOVEN_CABEZA.jpg","type":"image\/jpeg"}],"author":"Exc\u00e9lsior","twitter_card":"summary_large_image","twitter_creator":"@fidedignas","twitter_site":"@fidedignas","twitter_misc":{"Escrito por":"Exc\u00e9lsior","Tiempo de lectura":"2 minutos"},"schema":{"@context":"https:\/\/schema.org","@graph":[{"@type":"Article","@id":"https:\/\/fuentesfidedignas.com.mx\/index.php\/2024\/02\/01\/hombre-es-detenido-por-decapitar-a-su-padre-y-subir-su-cabeza-en-un-video-de-youtube\/#article","isPartOf":{"@id":"https:\/\/fuentesfidedignas.com.mx\/index.php\/2024\/02\/01\/hombre-es-detenido-por-decapitar-a-su-padre-y-subir-su-cabeza-en-un-video-de-youtube\/"},"author":{"name":"Exc\u00e9lsior","@id":"https:\/\/fuentesfidedignas.com.mx\/#\/schema\/person\/ec4edd1fbf5efa3e44fce34fe2787780"},"headline":"Hombre es detenido por decapitar a su padre y subir su cabeza en un video de YouTube","datePublished":"2024-02-01T12:56:24+00:00","mainEntityOfPage":{"@id":"https:\/\/fuentesfidedignas.com.mx\/index.php\/2024\/02\/01\/hombre-es-detenido-por-decapitar-a-su-padre-y-subir-su-cabeza-en-un-video-de-youtube\/"},"wordCount":423,"commentCount":0,"publisher":{"@id":"https:\/\/fuentesfidedignas.com.mx\/#organization"},"image":{"@id":"https:\/\/fuentesfidedignas.com.mx\/index.php\/2024\/02\/01\/hombre-es-detenido-por-decapitar-a-su-padre-y-subir-su-cabeza-en-un-video-de-youtube\/#primaryimage"},"thumbnailUrl":"https:\/\/fuentesfidedignas.com.mx\/wp-content\/uploads\/2024\/01\/JOVEN_CABEZA.jpg","articleSection":["LAS ASOMBROSAS"],"inLanguage":"es","potentialAction":[{"@type":"CommentAction","name":"Comment","target":["https:\/\/fuentesfidedignas.com.mx\/index.php\/2024\/02\/01\/hombre-es-detenido-por-decapitar-a-su-padre-y-subir-su-cabeza-en-un-video-de-youtube\/#respond"]}]},{"@type":"WebPage","@id":"https:\/\/fuentesfidedignas.com.mx\/index.php\/2024\/02\/01\/hombre-es-detenido-por-decapitar-a-su-padre-y-subir-su-cabeza-en-un-video-de-youtube\/","url":"https:\/\/fuentesfidedignas.com.mx\/index.php\/2024\/02\/01\/hombre-es-detenido-por-decapitar-a-su-padre-y-subir-su-cabeza-en-un-video-de-youtube\/","name":"Hombre es detenido por decapitar a su padre y subir su cabeza en un video de YouTube - Fuentes Fidedignas","isPartOf":{"@id":"https:\/\/fuentesfidedignas.com.mx\/#website"},"primaryImageOfPage":{"@id":"https:\/\/fuentesfidedignas.com.mx\/index.php\/2024\/02\/01\/hombre-es-detenido-por-decapitar-a-su-padre-y-subir-su-cabeza-en-un-video-de-youtube\/#primaryimage"},"image":{"@id":"https:\/\/fuentesfidedignas.com.mx\/index.php\/2024\/02\/01\/hombre-es-detenido-por-decapitar-a-su-padre-y-subir-su-cabeza-en-un-video-de-youtube\/#primaryimage"},"thumbnailUrl":"https:\/\/fuentesfidedignas.com.mx\/wp-content\/uploads\/2024\/01\/JOVEN_CABEZA.jpg","datePublished":"2024-02-01T12:56:24+00:00","breadcrumb":{"@id":"https:\/\/fuentesfidedignas.com.mx\/index.php\/2024\/02\/01\/hombre-es-detenido-por-decapitar-a-su-padre-y-subir-su-cabeza-en-un-video-de-youtube\/#breadcrumb"},"inLanguage":"es","potentialAction":[{"@type":"ReadAction","target":["https:\/\/fuentesfidedignas.com.mx\/index.php\/2024\/02\/01\/hombre-es-detenido-por-decapitar-a-su-padre-y-subir-su-cabeza-en-un-video-de-youtube\/"]}]},{"@type":"ImageObject","inLanguage":"es","@id":"https:\/\/fuentesfidedignas.com.mx\/index.php\/2024\/02\/01\/hombre-es-detenido-por-decapitar-a-su-padre-y-subir-su-cabeza-en-un-video-de-youtube\/#primaryimage","url":"https:\/\/fuentesfidedignas.com.mx\/wp-content\/uploads\/2024\/01\/JOVEN_CABEZA.jpg","contentUrl":"https:\/\/fuentesfidedignas.com.mx\/wp-content\/uploads\/2024\/01\/JOVEN_CABEZA.jpg","width":864,"height":643},{"@type":"BreadcrumbList","@id":"https:\/\/fuentesfidedignas.com.mx\/index.php\/2024\/02\/01\/hombre-es-detenido-por-decapitar-a-su-padre-y-subir-su-cabeza-en-un-video-de-youtube\/#breadcrumb","itemListElement":[{"@type":"ListItem","position":1,"name":"Inicio","item":"https:\/\/fuentesfidedignas.com.mx\/"},{"@type":"ListItem","position":2,"name":"Hombre es detenido por decapitar a su padre y subir su cabeza en un video de YouTube"}]},{"@type":"WebSite","@id":"https:\/\/fuentesfidedignas.com.mx\/#website","url":"https:\/\/fuentesfidedignas.com.mx\/","name":"Fuentes Fidedignas","description":"Otro sitio realizado con WordPress","publisher":{"@id":"https:\/\/fuentesfidedignas.com.mx\/#organization"},"potentialAction":[{"@type":"SearchAction","target":{"@type":"EntryPoint","urlTemplate":"https:\/\/fuentesfidedignas.com.mx\/?s={search_term_string}"},"query-input":{"@type":"PropertyValueSpecification","valueRequired":true,"valueName":"search_term_string"}}],"inLanguage":"es"},{"@type":"Organization","@id":"https:\/\/fuentesfidedignas.com.mx\/#organization","name":"Fuentes Fidedignas","url":"https:\/\/fuentesfidedignas.com.mx\/","logo":{"@type":"ImageObject","inLanguage":"es","@id":"https:\/\/fuentesfidedignas.com.mx\/#\/schema\/logo\/image\/","url":"https:\/\/fuentesfidedignas.com.mx\/wp-content\/uploads\/2021\/04\/logo-retina.png","contentUrl":"https:\/\/fuentesfidedignas.com.mx\/wp-content\/uploads\/2021\/04\/logo-retina.png","width":280,"height":51,"caption":"Fuentes Fidedignas"},"image":{"@id":"https:\/\/fuentesfidedignas.com.mx\/#\/schema\/logo\/image\/"},"sameAs":["https:\/\/www.facebook.com\/Fuentes-Fidedignas-368234489921644","https:\/\/x.com\/fidedignas"]},{"@type":"Person","@id":"https:\/\/fuentesfidedignas.com.mx\/#\/schema\/person\/ec4edd1fbf5efa3e44fce34fe2787780","name":"Exc\u00e9lsior","image":{"@type":"ImageObject","inLanguage":"es","@id":"https:\/\/secure.gravatar.com\/avatar\/4b7ee9206b48be08447852b3f0814dbc7c0f3b51541b164f1464a2725614020b?s=96&d=mm&r=g","url":"https:\/\/secure.gravatar.com\/avatar\/4b7ee9206b48be08447852b3f0814dbc7c0f3b51541b164f1464a2725614020b?s=96&d=mm&r=g","contentUrl":"https:\/\/secure.gravatar.com\/avatar\/4b7ee9206b48be08447852b3f0814dbc7c0f3b51541b164f1464a2725614020b?s=96&d=mm&r=g","caption":"Exc\u00e9lsior"},"url":"https:\/\/fuentesfidedignas.com.mx\/index.php\/author\/excelsior\/"}]}},"_links":{"self":[{"href":"https:\/\/fuentesfidedignas.com.mx\/index.php\/wp-json\/wp\/v2\/posts\/72514","targetHints":{"allow":["GET"]}}],"collection":[{"href":"https:\/\/fuentesfidedignas.com.mx\/index.php\/wp-json\/wp\/v2\/posts"}],"about":[{"href":"https:\/\/fuentesfidedignas.com.mx\/index.php\/wp-json\/wp\/v2\/types\/post"}],"author":[{"embeddable":true,"href":"https:\/\/fuentesfidedignas.com.mx\/index.php\/wp-json\/wp\/v2\/users\/7"}],"replies":[{"embeddable":true,"href":"https:\/\/fuentesfidedignas.com.mx\/index.php\/wp-json\/wp\/v2\/comments?post=72514"}],"version-history":[{"count":1,"href":"https:\/\/fuentesfidedignas.com.mx\/index.php\/wp-json\/wp\/v2\/posts\/72514\/revisions"}],"predecessor-version":[{"id":72516,"href":"https:\/\/fuentesfidedignas.com.mx\/index.php\/wp-json\/wp\/v2\/posts\/72514\/revisions\/72516"}],"wp:featuredmedia":[{"embeddable":true,"href":"https:\/\/fuentesfidedignas.com.mx\/index.php\/wp-json\/wp\/v2\/media\/72515"}],"wp:attachment":[{"href":"https:\/\/fuentesfidedignas.com.mx\/index.php\/wp-json\/wp\/v2\/media?parent=72514"}],"wp:term":[{"taxonomy":"category","embeddable":true,"href":"https:\/\/fuentesfidedignas.com.mx\/index.php\/wp-json\/wp\/v2\/categories?post=72514"},{"taxonomy":"post_tag","embeddable":true,"href":"https:\/\/fuentesfidedignas.com.mx\/index.php\/wp-json\/wp\/v2\/tags?post=72514"}],"curies":[{"name":"wp","href":"https:\/\/api.w.org\/{rel}","templated":true}]}}